{"id":10535,"date":"2019-02-20T19:05:35","date_gmt":"2019-02-20T18:05:35","guid":{"rendered":"https:\/\/offenbacher-friedensinitiative.de\/?p=10535"},"modified":"2019-03-11T17:29:45","modified_gmt":"2019-03-11T16:29:45","slug":"70-jahre-grundgesetz","status":"publish","type":"post","link":"https:\/\/offenbacher-friedensinitiative.de\/?p=10535","title":{"rendered":"70 Jahre Grundgesetz"},"content":{"rendered":"<div id=\"pl-10535\"  class=\"panel-layout\" ><div id=\"pg-10535-0\"  class=\"panel-grid panel-no-style\" ><div id=\"pgc-10535-0-0\"  class=\"panel-grid-cell\" ><div id=\"panel-10535-0-0-0\" class=\"so-panel widget widget_sow-editor panel-first-child panel-last-child\" data-index=\"0\" ><div\n\t\t\t\n\t\t\tclass=\"so-widget-sow-editor so-widget-sow-editor-base\"\n\t\t\t\n\t\t>\n<div class=\"siteorigin-widget-tinymce textwidget\">\n\t<h2>70 Jahre Grundgesetz<\/h2>\n<h1 class=\"western\"><strong><span style=\"font-family: ITC Avant Garde Pro Md, sans-serif; font-size: 24pt;\">Krieg von deutschem Boden?<\/span><\/strong><\/h1>\n<h2 class=\"western\"><strong><span style=\"font-family: ITC Avant Garde Pro Md, sans-serif; font-size: 18pt;\">Stopp Air Base Ramstein!<\/span><\/strong><\/h2>\n<p class=\"western\"><strong><span style=\"font-family: ITC Avant Garde Pro Md, sans-serif; font-size: 14pt;\">Donnerstag 04.04.2019 19.00 Uhr, <\/span><\/strong><span style=\"font-size: 14pt;\"><strong><span style=\"font-family: ITC Avant Garde Pro Md, sans-serif;\">Stadtb\u00fccherei Offenbach, <\/span><span style=\"font-family: ITC Avant Garde Pro Md, sans-serif;\">Herrnstr. 84<\/span><\/strong><\/span><\/p>\n<p style=\"text-align: left;\" align=\"center\"><span style=\"font-family: ITC Avant Garde Pro Md, sans-serif; font-size: 14pt;\">Vortag und Diskussion <\/span><span style=\"font-family: ITC Avant Garde Pro Md, sans-serif; font-size: 14pt;\">mit <\/span><span style=\"font-family: ITC Avant Garde Pro Md, sans-serif; font-size: 14pt;\"><b>Karl-Heinz Peil, <\/b><\/span><span style=\"font-family: ITC Avant Garde Pro Md, sans-serif; font-size: 14pt;\">Mitglied des Koordinierungskreises der Kampagne <\/span><span style=\"font-family: ITC Avant Garde Pro Md, sans-serif; font-size: 14pt;\">Stopp Air Base Ramstein<\/span><\/p>\n<p style=\"text-align: left;\" align=\"justify\"><span style=\"font-family: ITC Avant Garde Pro Md, sans-serif; font-size: 14pt;\">Der 70ste Geburtstag des Grundgesetzes ist ein Grund zum Feiern. F\u00fcr uns ist es auch Grund, einen kritischen Blick auf die bundesdeutsche Realit\u00e4t zu werfen. Wir als <b>Offenbacher Friedensinitiative<\/b> stellen das Gebot in den Fokus, dass von deutschem Boden kein Angriffskrieg ausgehen soll, \u00a726 GG. Leider gibt es viele Anl\u00e4sse hier n\u00e4her hinzuschauen. Wir haben uns die Airbase Ramstein ausgew\u00e4hlt, auch und gerade weil sie nicht im Fokus der Diskussionen in der letzten Zeit stand.<\/span><\/p>\n<p style=\"text-align: left;\" align=\"justify\"><span style=\"font-family: ITC Avant Garde Pro Md, sans-serif; font-size: 14pt;\">In diesem Jahr finden bereits zum f\u00fcnften Mal in Folge Aktionstage in Ramstein und Kaiserslautern statt. Die Kampagne hat damit mittlerweile einen hohen Stellenwert f\u00fcr die deutsche Friedensbewegung, auch durch die damit verbundene internationale Vernetzung im Kampf gegen US-Milit\u00e4rbasen weltweit. In der Pr\u00e4sentation werden Urspr\u00fcnge, aktuelle Themen und geplante Aktivit\u00e4ten zur Diskussion gestellt. <\/span><\/p>\n<p style=\"text-align: left;\"><span style=\"font-family: ITC Avant Garde Pro Md, sans-serif; font-size: 14pt;\">Zur Diskussion stehen anschlie\u00dfend auch aktuelle Fragen <\/span><\/p>\n<ul style=\"text-align: left;\">\n<li><span style=\"font-family: ITC Avant Garde Pro Md, sans-serif; font-size: 14pt;\">nach der Aufk\u00fcndigung des INF-Vertrages<\/span><\/li>\n<li><span style=\"font-family: ITC Avant Garde Pro Md, sans-serif; font-size: 14pt;\">welche Rolle Ramstein dabei spielt <\/span><\/li>\n<li><span style=\"font-family: ITC Avant Garde Pro Md, sans-serif; font-size: 14pt;\">warum der US-Truppenstationierungsvertrag gek\u00fcndigt werden m\u00fcsste. <\/span><\/li>\n<\/ul>\n<\/div>\n<\/div><\/div><\/div><\/div><\/div>","protected":false},"excerpt":{"rendered":"<p>70 Jahre Grundgesetz Krieg von deutschem Boden? Stopp Air Base Ramstein! Donnerstag 04.04.2019 19.00 Uhr, Stadtb\u00fccherei Offenbach, Herrnstr. 84 Vortag und Diskussion mit Karl-Heinz Peil,<span class=\"more-link\"><a href=\"https:\/\/offenbacher-friedensinitiative.de\/?p=10535\">Weiterlesen &#8230;<\/a><\/span><\/p>\n","protected":false},"author":1,"featured_media":10536,"comment_status":"closed","ping_status":"closed","sticky":false,"template":"","format":"standard","meta":{"footnotes":""},"categories":[5],"tags":[],"class_list":["entry","author-ofi_wp","post-10535","post","type-post","status-publish","format-standard","has-post-thumbnail","category-aktionen"],"yoast_head":"<!-- This site is optimized with the Yoast SEO plugin v27.5 - https:\/\/yoast.com\/product\/yoast-seo-wordpress\/ -->\n<title>70 Jahre Grundgesetz - Offenbacher FriedensInitiative - OFI<\/title>\n<meta name=\"description\" content=\"Der 70ste Geburtstag des Grundgesetzes ist ein Grund zum Feiern. F\u00fcr uns ist es auch Grund, einen kritischen Blick auf die Realit\u00e4t zu werfen.\" \/>\n<meta name=\"robots\" content=\"index, follow, max-snippet:-1, max-image-preview:large, max-video-preview:-1\" \/>\n<link rel=\"canonical\" href=\"https:\/\/offenbacher-friedensinitiative.de\/?p=10535\" \/>\n<meta property=\"og:locale\" content=\"de_DE\" \/>\n<meta property=\"og:type\" content=\"article\" \/>\n<meta property=\"og:title\" content=\"70 Jahre Grundgesetz - Offenbacher FriedensInitiative - OFI\" \/>\n<meta property=\"og:description\" content=\"Der 70ste Geburtstag des Grundgesetzes ist ein Grund zum Feiern. F\u00fcr uns ist es auch Grund, einen kritischen Blick auf die Realit\u00e4t zu werfen.\" \/>\n<meta property=\"og:url\" content=\"https:\/\/offenbacher-friedensinitiative.de\/?p=10535\" \/>\n<meta property=\"og:site_name\" content=\"Offenbacher FriedensInitiative - OFI\" \/>\n<meta property=\"article:published_time\" content=\"2019-02-20T18:05:35+00:00\" \/>\n<meta property=\"article:modified_time\" content=\"2019-03-11T16:29:45+00:00\" \/>\n<meta property=\"og:image\" content=\"https:\/\/offenbacher-friedensinitiative.de\/wp-content\/uploads\/2019\/02\/stopp-ramstein-26-09-2015-dokume-950x400.jpg\" \/>\n\t<meta property=\"og:image:width\" content=\"950\" \/>\n\t<meta property=\"og:image:height\" content=\"400\" \/>\n\t<meta property=\"og:image:type\" content=\"image\/jpeg\" \/>\n<meta name=\"author\" content=\"OFI_WP\" \/>\n<meta name=\"twitter:card\" content=\"summary_large_image\" \/>\n<meta name=\"twitter:label1\" content=\"Verfasst von\" \/>\n\t<meta name=\"twitter:data1\" content=\"OFI_WP\" \/>\n\t<meta name=\"twitter:label2\" content=\"Gesch\u00e4tzte Lesezeit\" \/>\n\t<meta name=\"twitter:data2\" content=\"1\u00a0Minute\" \/>\n<script type=\"application\/ld+json\" class=\"yoast-schema-graph\">{\"@context\":\"https:\\\/\\\/schema.org\",\"@graph\":[{\"@type\":\"Article\",\"@id\":\"https:\\\/\\\/offenbacher-friedensinitiative.de\\\/?p=10535#article\",\"isPartOf\":{\"@id\":\"https:\\\/\\\/offenbacher-friedensinitiative.de\\\/?p=10535\"},\"author\":{\"name\":\"OFI_WP\",\"@id\":\"https:\\\/\\\/offenbacher-friedensinitiative.de\\\/#\\\/schema\\\/person\\\/5ec566fcb70420f878023349a111f19f\"},\"headline\":\"70 Jahre Grundgesetz\",\"datePublished\":\"2019-02-20T18:05:35+00:00\",\"dateModified\":\"2019-03-11T16:29:45+00:00\",\"mainEntityOfPage\":{\"@id\":\"https:\\\/\\\/offenbacher-friedensinitiative.de\\\/?p=10535\"},\"wordCount\":198,\"publisher\":{\"@id\":\"https:\\\/\\\/offenbacher-friedensinitiative.de\\\/#organization\"},\"image\":{\"@id\":\"https:\\\/\\\/offenbacher-friedensinitiative.de\\\/?p=10535#primaryimage\"},\"thumbnailUrl\":\"https:\\\/\\\/offenbacher-friedensinitiative.de\\\/wp-content\\\/uploads\\\/2019\\\/02\\\/stopp-ramstein-26-09-2015-dokume-950x400.jpg\",\"articleSection\":[\"Aktionen\"],\"inLanguage\":\"de\"},{\"@type\":\"WebPage\",\"@id\":\"https:\\\/\\\/offenbacher-friedensinitiative.de\\\/?p=10535\",\"url\":\"https:\\\/\\\/offenbacher-friedensinitiative.de\\\/?p=10535\",\"name\":\"70 Jahre Grundgesetz - Offenbacher FriedensInitiative - OFI\",\"isPartOf\":{\"@id\":\"https:\\\/\\\/offenbacher-friedensinitiative.de\\\/#website\"},\"primaryImageOfPage\":{\"@id\":\"https:\\\/\\\/offenbacher-friedensinitiative.de\\\/?p=10535#primaryimage\"},\"image\":{\"@id\":\"https:\\\/\\\/offenbacher-friedensinitiative.de\\\/?p=10535#primaryimage\"},\"thumbnailUrl\":\"https:\\\/\\\/offenbacher-friedensinitiative.de\\\/wp-content\\\/uploads\\\/2019\\\/02\\\/stopp-ramstein-26-09-2015-dokume-950x400.jpg\",\"datePublished\":\"2019-02-20T18:05:35+00:00\",\"dateModified\":\"2019-03-11T16:29:45+00:00\",\"description\":\"Der 70ste Geburtstag des Grundgesetzes ist ein Grund zum Feiern. F\u00fcr uns ist es auch Grund, einen kritischen Blick auf die Realit\u00e4t zu werfen.\",\"breadcrumb\":{\"@id\":\"https:\\\/\\\/offenbacher-friedensinitiative.de\\\/?p=10535#breadcrumb\"},\"inLanguage\":\"de\",\"potentialAction\":[{\"@type\":\"ReadAction\",\"target\":[\"https:\\\/\\\/offenbacher-friedensinitiative.de\\\/?p=10535\"]}]},{\"@type\":\"ImageObject\",\"inLanguage\":\"de\",\"@id\":\"https:\\\/\\\/offenbacher-friedensinitiative.de\\\/?p=10535#primaryimage\",\"url\":\"https:\\\/\\\/offenbacher-friedensinitiative.de\\\/wp-content\\\/uploads\\\/2019\\\/02\\\/stopp-ramstein-26-09-2015-dokume-950x400.jpg\",\"contentUrl\":\"https:\\\/\\\/offenbacher-friedensinitiative.de\\\/wp-content\\\/uploads\\\/2019\\\/02\\\/stopp-ramstein-26-09-2015-dokume-950x400.jpg\",\"width\":950,\"height\":400},{\"@type\":\"BreadcrumbList\",\"@id\":\"https:\\\/\\\/offenbacher-friedensinitiative.de\\\/?p=10535#breadcrumb\",\"itemListElement\":[{\"@type\":\"ListItem\",\"position\":1,\"name\":\"Startseite\",\"item\":\"https:\\\/\\\/offenbacher-friedensinitiative.de\\\/\"},{\"@type\":\"ListItem\",\"position\":2,\"name\":\"70 Jahre Grundgesetz\"}]},{\"@type\":\"WebSite\",\"@id\":\"https:\\\/\\\/offenbacher-friedensinitiative.de\\\/#website\",\"url\":\"https:\\\/\\\/offenbacher-friedensinitiative.de\\\/\",\"name\":\"Offenbacher FriedensInitiative\",\"description\":\"Abr\u00fcsten statt Aufr\u00fcsten |- Kriege beenden | R\u00fcstungsexporte stoppen\",\"publisher\":{\"@id\":\"https:\\\/\\\/offenbacher-friedensinitiative.de\\\/#organization\"},\"potentialAction\":[{\"@type\":\"SearchAction\",\"target\":{\"@type\":\"EntryPoint\",\"urlTemplate\":\"https:\\\/\\\/offenbacher-friedensinitiative.de\\\/?s={search_term_string}\"},\"query-input\":{\"@type\":\"PropertyValueSpecification\",\"valueRequired\":true,\"valueName\":\"search_term_string\"}}],\"inLanguage\":\"de\"},{\"@type\":\"Organization\",\"@id\":\"https:\\\/\\\/offenbacher-friedensinitiative.de\\\/#organization\",\"name\":\"Offenbacher Friedensinitiative\",\"url\":\"https:\\\/\\\/offenbacher-friedensinitiative.de\\\/\",\"logo\":{\"@type\":\"ImageObject\",\"inLanguage\":\"de\",\"@id\":\"https:\\\/\\\/offenbacher-friedensinitiative.de\\\/#\\\/schema\\\/logo\\\/image\\\/\",\"url\":\"https:\\\/\\\/offenbacher-friedensinitiative.de\\\/wp-content\\\/uploads\\\/2019\\\/03\\\/cropped-Transparen-logo.jpg\",\"contentUrl\":\"https:\\\/\\\/offenbacher-friedensinitiative.de\\\/wp-content\\\/uploads\\\/2019\\\/03\\\/cropped-Transparen-logo.jpg\",\"width\":1036,\"height\":227,\"caption\":\"Offenbacher Friedensinitiative\"},\"image\":{\"@id\":\"https:\\\/\\\/offenbacher-friedensinitiative.de\\\/#\\\/schema\\\/logo\\\/image\\\/\"}},{\"@type\":\"Person\",\"@id\":\"https:\\\/\\\/offenbacher-friedensinitiative.de\\\/#\\\/schema\\\/person\\\/5ec566fcb70420f878023349a111f19f\",\"name\":\"OFI_WP\"}]}<\/script>\n<!-- \/ Yoast SEO plugin. -->","yoast_head_json":{"title":"70 Jahre Grundgesetz - Offenbacher FriedensInitiative - OFI","description":"Der 70ste Geburtstag des Grundgesetzes ist ein Grund zum Feiern. F\u00fcr uns ist es auch Grund, einen kritischen Blick auf die Realit\u00e4t zu werfen.","robots":{"index":"index","follow":"follow","max-snippet":"max-snippet:-1","max-image-preview":"max-image-preview:large","max-video-preview":"max-video-preview:-1"},"canonical":"https:\/\/offenbacher-friedensinitiative.de\/?p=10535","og_locale":"de_DE","og_type":"article","og_title":"70 Jahre Grundgesetz - Offenbacher FriedensInitiative - OFI","og_description":"Der 70ste Geburtstag des Grundgesetzes ist ein Grund zum Feiern. F\u00fcr uns ist es auch Grund, einen kritischen Blick auf die Realit\u00e4t zu werfen.","og_url":"https:\/\/offenbacher-friedensinitiative.de\/?p=10535","og_site_name":"Offenbacher FriedensInitiative - OFI","article_published_time":"2019-02-20T18:05:35+00:00","article_modified_time":"2019-03-11T16:29:45+00:00","og_image":[{"width":950,"height":400,"url":"https:\/\/offenbacher-friedensinitiative.de\/wp-content\/uploads\/2019\/02\/stopp-ramstein-26-09-2015-dokume-950x400.jpg","type":"image\/jpeg"}],"author":"OFI_WP","twitter_card":"summary_large_image","twitter_misc":{"Verfasst von":"OFI_WP","Gesch\u00e4tzte Lesezeit":"1\u00a0Minute"},"schema":{"@context":"https:\/\/schema.org","@graph":[{"@type":"Article","@id":"https:\/\/offenbacher-friedensinitiative.de\/?p=10535#article","isPartOf":{"@id":"https:\/\/offenbacher-friedensinitiative.de\/?p=10535"},"author":{"name":"OFI_WP","@id":"https:\/\/offenbacher-friedensinitiative.de\/#\/schema\/person\/5ec566fcb70420f878023349a111f19f"},"headline":"70 Jahre Grundgesetz","datePublished":"2019-02-20T18:05:35+00:00","dateModified":"2019-03-11T16:29:45+00:00","mainEntityOfPage":{"@id":"https:\/\/offenbacher-friedensinitiative.de\/?p=10535"},"wordCount":198,"publisher":{"@id":"https:\/\/offenbacher-friedensinitiative.de\/#organization"},"image":{"@id":"https:\/\/offenbacher-friedensinitiative.de\/?p=10535#primaryimage"},"thumbnailUrl":"https:\/\/offenbacher-friedensinitiative.de\/wp-content\/uploads\/2019\/02\/stopp-ramstein-26-09-2015-dokume-950x400.jpg","articleSection":["Aktionen"],"inLanguage":"de"},{"@type":"WebPage","@id":"https:\/\/offenbacher-friedensinitiative.de\/?p=10535","url":"https:\/\/offenbacher-friedensinitiative.de\/?p=10535","name":"70 Jahre Grundgesetz - Offenbacher FriedensInitiative - OFI","isPartOf":{"@id":"https:\/\/offenbacher-friedensinitiative.de\/#website"},"primaryImageOfPage":{"@id":"https:\/\/offenbacher-friedensinitiative.de\/?p=10535#primaryimage"},"image":{"@id":"https:\/\/offenbacher-friedensinitiative.de\/?p=10535#primaryimage"},"thumbnailUrl":"https:\/\/offenbacher-friedensinitiative.de\/wp-content\/uploads\/2019\/02\/stopp-ramstein-26-09-2015-dokume-950x400.jpg","datePublished":"2019-02-20T18:05:35+00:00","dateModified":"2019-03-11T16:29:45+00:00","description":"Der 70ste Geburtstag des Grundgesetzes ist ein Grund zum Feiern. F\u00fcr uns ist es auch Grund, einen kritischen Blick auf die Realit\u00e4t zu werfen.","breadcrumb":{"@id":"https:\/\/offenbacher-friedensinitiative.de\/?p=10535#breadcrumb"},"inLanguage":"de","potentialAction":[{"@type":"ReadAction","target":["https:\/\/offenbacher-friedensinitiative.de\/?p=10535"]}]},{"@type":"ImageObject","inLanguage":"de","@id":"https:\/\/offenbacher-friedensinitiative.de\/?p=10535#primaryimage","url":"https:\/\/offenbacher-friedensinitiative.de\/wp-content\/uploads\/2019\/02\/stopp-ramstein-26-09-2015-dokume-950x400.jpg","contentUrl":"https:\/\/offenbacher-friedensinitiative.de\/wp-content\/uploads\/2019\/02\/stopp-ramstein-26-09-2015-dokume-950x400.jpg","width":950,"height":400},{"@type":"BreadcrumbList","@id":"https:\/\/offenbacher-friedensinitiative.de\/?p=10535#breadcrumb","itemListElement":[{"@type":"ListItem","position":1,"name":"Startseite","item":"https:\/\/offenbacher-friedensinitiative.de\/"},{"@type":"ListItem","position":2,"name":"70 Jahre Grundgesetz"}]},{"@type":"WebSite","@id":"https:\/\/offenbacher-friedensinitiative.de\/#website","url":"https:\/\/offenbacher-friedensinitiative.de\/","name":"Offenbacher FriedensInitiative","description":"Abr\u00fcsten statt Aufr\u00fcsten |- Kriege beenden | R\u00fcstungsexporte stoppen","publisher":{"@id":"https:\/\/offenbacher-friedensinitiative.de\/#organization"},"potentialAction":[{"@type":"SearchAction","target":{"@type":"EntryPoint","urlTemplate":"https:\/\/offenbacher-friedensinitiative.de\/?s={search_term_string}"},"query-input":{"@type":"PropertyValueSpecification","valueRequired":true,"valueName":"search_term_string"}}],"inLanguage":"de"},{"@type":"Organization","@id":"https:\/\/offenbacher-friedensinitiative.de\/#organization","name":"Offenbacher Friedensinitiative","url":"https:\/\/offenbacher-friedensinitiative.de\/","logo":{"@type":"ImageObject","inLanguage":"de","@id":"https:\/\/offenbacher-friedensinitiative.de\/#\/schema\/logo\/image\/","url":"https:\/\/offenbacher-friedensinitiative.de\/wp-content\/uploads\/2019\/03\/cropped-Transparen-logo.jpg","contentUrl":"https:\/\/offenbacher-friedensinitiative.de\/wp-content\/uploads\/2019\/03\/cropped-Transparen-logo.jpg","width":1036,"height":227,"caption":"Offenbacher Friedensinitiative"},"image":{"@id":"https:\/\/offenbacher-friedensinitiative.de\/#\/schema\/logo\/image\/"}},{"@type":"Person","@id":"https:\/\/offenbacher-friedensinitiative.de\/#\/schema\/person\/5ec566fcb70420f878023349a111f19f","name":"OFI_WP"}]}},"_links":{"self":[{"href":"https:\/\/offenbacher-friedensinitiative.de\/index.php?rest_route=\/wp\/v2\/posts\/10535","targetHints":{"allow":["GET"]}}],"collection":[{"href":"https:\/\/offenbacher-friedensinitiative.de\/index.php?rest_route=\/wp\/v2\/posts"}],"about":[{"href":"https:\/\/offenbacher-friedensinitiative.de\/index.php?rest_route=\/wp\/v2\/types\/post"}],"author":[{"embeddable":true,"href":"https:\/\/offenbacher-friedensinitiative.de\/index.php?rest_route=\/wp\/v2\/users\/1"}],"replies":[{"embeddable":true,"href":"https:\/\/offenbacher-friedensinitiative.de\/index.php?rest_route=%2Fwp%2Fv2%2Fcomments&post=10535"}],"version-history":[{"count":10,"href":"https:\/\/offenbacher-friedensinitiative.de\/index.php?rest_route=\/wp\/v2\/posts\/10535\/revisions"}],"predecessor-version":[{"id":10558,"href":"https:\/\/offenbacher-friedensinitiative.de\/index.php?rest_route=\/wp\/v2\/posts\/10535\/revisions\/10558"}],"wp:featuredmedia":[{"embeddable":true,"href":"https:\/\/offenbacher-friedensinitiative.de\/index.php?rest_route=\/wp\/v2\/media\/10536"}],"wp:attachment":[{"href":"https:\/\/offenbacher-friedensinitiative.de\/index.php?rest_route=%2Fwp%2Fv2%2Fmedia&parent=10535"}],"wp:term":[{"taxonomy":"category","embeddable":true,"href":"https:\/\/offenbacher-friedensinitiative.de\/index.php?rest_route=%2Fwp%2Fv2%2Fcategories&post=10535"},{"taxonomy":"post_tag","embeddable":true,"href":"https:\/\/offenbacher-friedensinitiative.de\/index.php?rest_route=%2Fwp%2Fv2%2Ftags&post=10535"}],"curies":[{"name":"wp","href":"https:\/\/api.w.org\/{rel}","templated":true}]}}