{"id":10623,"date":"2020-04-30T09:08:20","date_gmt":"2020-04-30T07:08:20","guid":{"rendered":"https:\/\/offenbacher-friedensinitiative.de\/?p=10623"},"modified":"2020-04-30T11:48:35","modified_gmt":"2020-04-30T09:48:35","slug":"aufruf-zum-1-mai-2020-in-offenbach","status":"publish","type":"post","link":"https:\/\/offenbacher-friedensinitiative.de\/?p=10623","title":{"rendered":"Aufruf zum 1. Mai 2020 in Offenbach"},"content":{"rendered":"<div id=\"pl-10623\"  class=\"panel-layout\" ><div id=\"pg-10623-0\"  class=\"panel-grid panel-no-style\" ><div id=\"pgc-10623-0-0\"  class=\"panel-grid-cell\" ><div id=\"panel-10623-0-0-0\" class=\"so-panel widget widget_sow-editor panel-first-child panel-last-child\" data-index=\"0\" ><div\n\t\t\t\n\t\t\tclass=\"so-widget-sow-editor so-widget-sow-editor-base\"\n\t\t\t\n\t\t>\n<div class=\"siteorigin-widget-tinymce textwidget\">\n\t<p><span style=\"font-size: 14pt;\">Wir werden eine (genehmigte) Demonstration und Kundgebung am 1. Mai in Offenbach haben. Wir treffen uns um 11.00 Uhr\u00a0 am Gewerkschaftshaus Berlinerstr. 220-222 und werden zum Rathaus Eingang Berliner Stra\u00dfe ziehen. Dort soll eine Kundgebung sein.<\/span><\/p>\n<p><span style=\"font-size: 14pt;\">Die H\u00f6chstzahl von 50 sollte uns nicht schrecken.<b> <\/b>Wir m\u00fcssen eine bestimmte Aufstellung einhalten wegen Corona.<\/span><\/p>\n<p><span style=\"font-size: 14pt;\">Emanuel Schaaf vom Gesundheitskomitee Dreieich hat angemeldet und das auch so durchbekommen.<\/span><\/p>\n<p><span style=\"font-size: 14pt;\">Der Aufruf wird getragen vom Gesundheitskomitee Dreieich, Michael K\u00f6ditz von der GEW Offenbach, Christa F\u00fchrer-R\u00f6\u00dfmann (Offenbacher Friedensinitiative) und weiteren Gewerkschaftsmitgliedern. Der Aufruf kann <a href=\"https:\/\/offenbacher-friedensinitiative.de\/wp-content\/uploads\/wppa-source\/album-15\/Aufruf-1.-Mai-2020-Offenbach.pdf\" target=\"_blank\" rel=\"noopener\">hier<\/a> heruntergeladen werden.<\/span><\/p>\n<\/div>\n<\/div><\/div><\/div><\/div><\/div>","protected":false},"excerpt":{"rendered":"<p>Wir werden eine (genehmigte) Demonstration und Kundgebung am 1. Mai in Offenbach haben. Wir treffen uns um 11.00 Uhr\u00a0 am Gewerkschaftshaus Berlinerstr. 220-222 und werden<span class=\"more-link\"><a href=\"https:\/\/offenbacher-friedensinitiative.de\/?p=10623\">Weiterlesen &#8230;<\/a><\/span><\/p>\n","protected":false},"author":1,"featured_media":0,"comment_status":"closed","ping_status":"closed","sticky":false,"template":"","format":"standard","meta":{"footnotes":""},"categories":[5],"tags":[],"class_list":["entry","author-ofi_wp","post-10623","post","type-post","status-publish","format-standard","category-aktionen"],"yoast_head":"<!-- This site is optimized with the Yoast SEO plugin v27.5 - https:\/\/yoast.com\/product\/yoast-seo-wordpress\/ -->\n<title>Aufruf zum 1. Mai 2020 in Offenbach - Offenbacher FriedensInitiative - OFI<\/title>\n<meta name=\"description\" content=\"Aufruf zum Ostermarsch 2019, Nein zum Krieg \u2013 abr\u00fcsten statt aufr\u00fcsten, Offenbach: 10.30 Uhr Auftaktveranstaltung Stadthof (Rathaus)\" \/>\n<meta name=\"robots\" content=\"index, follow, max-snippet:-1, max-image-preview:large, max-video-preview:-1\" \/>\n<link rel=\"canonical\" href=\"https:\/\/offenbacher-friedensinitiative.de\/?p=10623\" \/>\n<meta property=\"og:locale\" content=\"de_DE\" \/>\n<meta property=\"og:type\" content=\"article\" \/>\n<meta property=\"og:title\" content=\"Aufruf zum 1. Mai 2020 in Offenbach - Offenbacher FriedensInitiative - OFI\" \/>\n<meta property=\"og:description\" content=\"Aufruf zum Ostermarsch 2019, Nein zum Krieg \u2013 abr\u00fcsten statt aufr\u00fcsten, Offenbach: 10.30 Uhr Auftaktveranstaltung Stadthof (Rathaus)\" \/>\n<meta property=\"og:url\" content=\"https:\/\/offenbacher-friedensinitiative.de\/?p=10623\" \/>\n<meta property=\"og:site_name\" content=\"Offenbacher FriedensInitiative - OFI\" \/>\n<meta property=\"article:published_time\" content=\"2020-04-30T07:08:20+00:00\" \/>\n<meta property=\"article:modified_time\" content=\"2020-04-30T09:48:35+00:00\" \/>\n<meta name=\"author\" content=\"OFI_WP\" \/>\n<meta name=\"twitter:card\" content=\"summary_large_image\" \/>\n<meta name=\"twitter:label1\" content=\"Verfasst von\" \/>\n\t<meta name=\"twitter:data1\" content=\"OFI_WP\" \/>\n<script type=\"application\/ld+json\" class=\"yoast-schema-graph\">{\"@context\":\"https:\\\/\\\/schema.org\",\"@graph\":[{\"@type\":\"Article\",\"@id\":\"https:\\\/\\\/offenbacher-friedensinitiative.de\\\/?p=10623#article\",\"isPartOf\":{\"@id\":\"https:\\\/\\\/offenbacher-friedensinitiative.de\\\/?p=10623\"},\"author\":{\"name\":\"OFI_WP\",\"@id\":\"https:\\\/\\\/offenbacher-friedensinitiative.de\\\/#\\\/schema\\\/person\\\/5ec566fcb70420f878023349a111f19f\"},\"headline\":\"Aufruf zum 1. Mai 2020 in Offenbach\",\"datePublished\":\"2020-04-30T07:08:20+00:00\",\"dateModified\":\"2020-04-30T09:48:35+00:00\",\"mainEntityOfPage\":{\"@id\":\"https:\\\/\\\/offenbacher-friedensinitiative.de\\\/?p=10623\"},\"wordCount\":98,\"publisher\":{\"@id\":\"https:\\\/\\\/offenbacher-friedensinitiative.de\\\/#organization\"},\"articleSection\":[\"Aktionen\"],\"inLanguage\":\"de\"},{\"@type\":\"WebPage\",\"@id\":\"https:\\\/\\\/offenbacher-friedensinitiative.de\\\/?p=10623\",\"url\":\"https:\\\/\\\/offenbacher-friedensinitiative.de\\\/?p=10623\",\"name\":\"Aufruf zum 1. Mai 2020 in Offenbach - Offenbacher FriedensInitiative - OFI\",\"isPartOf\":{\"@id\":\"https:\\\/\\\/offenbacher-friedensinitiative.de\\\/#website\"},\"datePublished\":\"2020-04-30T07:08:20+00:00\",\"dateModified\":\"2020-04-30T09:48:35+00:00\",\"description\":\"Aufruf zum Ostermarsch 2019, Nein zum Krieg \u2013 abr\u00fcsten statt aufr\u00fcsten, Offenbach: 10.30 Uhr Auftaktveranstaltung Stadthof (Rathaus)\",\"breadcrumb\":{\"@id\":\"https:\\\/\\\/offenbacher-friedensinitiative.de\\\/?p=10623#breadcrumb\"},\"inLanguage\":\"de\",\"potentialAction\":[{\"@type\":\"ReadAction\",\"target\":[\"https:\\\/\\\/offenbacher-friedensinitiative.de\\\/?p=10623\"]}]},{\"@type\":\"BreadcrumbList\",\"@id\":\"https:\\\/\\\/offenbacher-friedensinitiative.de\\\/?p=10623#breadcrumb\",\"itemListElement\":[{\"@type\":\"ListItem\",\"position\":1,\"name\":\"Startseite\",\"item\":\"https:\\\/\\\/offenbacher-friedensinitiative.de\\\/\"},{\"@type\":\"ListItem\",\"position\":2,\"name\":\"Aufruf zum 1. Mai 2020 in Offenbach\"}]},{\"@type\":\"WebSite\",\"@id\":\"https:\\\/\\\/offenbacher-friedensinitiative.de\\\/#website\",\"url\":\"https:\\\/\\\/offenbacher-friedensinitiative.de\\\/\",\"name\":\"Offenbacher FriedensInitiative\",\"description\":\"Abr\u00fcsten statt Aufr\u00fcsten |- Kriege beenden | R\u00fcstungsexporte stoppen\",\"publisher\":{\"@id\":\"https:\\\/\\\/offenbacher-friedensinitiative.de\\\/#organization\"},\"potentialAction\":[{\"@type\":\"SearchAction\",\"target\":{\"@type\":\"EntryPoint\",\"urlTemplate\":\"https:\\\/\\\/offenbacher-friedensinitiative.de\\\/?s={search_term_string}\"},\"query-input\":{\"@type\":\"PropertyValueSpecification\",\"valueRequired\":true,\"valueName\":\"search_term_string\"}}],\"inLanguage\":\"de\"},{\"@type\":\"Organization\",\"@id\":\"https:\\\/\\\/offenbacher-friedensinitiative.de\\\/#organization\",\"name\":\"Offenbacher Friedensinitiative\",\"url\":\"https:\\\/\\\/offenbacher-friedensinitiative.de\\\/\",\"logo\":{\"@type\":\"ImageObject\",\"inLanguage\":\"de\",\"@id\":\"https:\\\/\\\/offenbacher-friedensinitiative.de\\\/#\\\/schema\\\/logo\\\/image\\\/\",\"url\":\"https:\\\/\\\/offenbacher-friedensinitiative.de\\\/wp-content\\\/uploads\\\/2019\\\/03\\\/cropped-Transparen-logo.jpg\",\"contentUrl\":\"https:\\\/\\\/offenbacher-friedensinitiative.de\\\/wp-content\\\/uploads\\\/2019\\\/03\\\/cropped-Transparen-logo.jpg\",\"width\":1036,\"height\":227,\"caption\":\"Offenbacher Friedensinitiative\"},\"image\":{\"@id\":\"https:\\\/\\\/offenbacher-friedensinitiative.de\\\/#\\\/schema\\\/logo\\\/image\\\/\"}},{\"@type\":\"Person\",\"@id\":\"https:\\\/\\\/offenbacher-friedensinitiative.de\\\/#\\\/schema\\\/person\\\/5ec566fcb70420f878023349a111f19f\",\"name\":\"OFI_WP\"}]}<\/script>\n<!-- \/ Yoast SEO plugin. -->","yoast_head_json":{"title":"Aufruf zum 1. Mai 2020 in Offenbach - Offenbacher FriedensInitiative - OFI","description":"Aufruf zum Ostermarsch 2019, Nein zum Krieg \u2013 abr\u00fcsten statt aufr\u00fcsten, Offenbach: 10.30 Uhr Auftaktveranstaltung Stadthof (Rathaus)","robots":{"index":"index","follow":"follow","max-snippet":"max-snippet:-1","max-image-preview":"max-image-preview:large","max-video-preview":"max-video-preview:-1"},"canonical":"https:\/\/offenbacher-friedensinitiative.de\/?p=10623","og_locale":"de_DE","og_type":"article","og_title":"Aufruf zum 1. Mai 2020 in Offenbach - Offenbacher FriedensInitiative - OFI","og_description":"Aufruf zum Ostermarsch 2019, Nein zum Krieg \u2013 abr\u00fcsten statt aufr\u00fcsten, Offenbach: 10.30 Uhr Auftaktveranstaltung Stadthof (Rathaus)","og_url":"https:\/\/offenbacher-friedensinitiative.de\/?p=10623","og_site_name":"Offenbacher FriedensInitiative - OFI","article_published_time":"2020-04-30T07:08:20+00:00","article_modified_time":"2020-04-30T09:48:35+00:00","author":"OFI_WP","twitter_card":"summary_large_image","twitter_misc":{"Verfasst von":"OFI_WP"},"schema":{"@context":"https:\/\/schema.org","@graph":[{"@type":"Article","@id":"https:\/\/offenbacher-friedensinitiative.de\/?p=10623#article","isPartOf":{"@id":"https:\/\/offenbacher-friedensinitiative.de\/?p=10623"},"author":{"name":"OFI_WP","@id":"https:\/\/offenbacher-friedensinitiative.de\/#\/schema\/person\/5ec566fcb70420f878023349a111f19f"},"headline":"Aufruf zum 1. Mai 2020 in Offenbach","datePublished":"2020-04-30T07:08:20+00:00","dateModified":"2020-04-30T09:48:35+00:00","mainEntityOfPage":{"@id":"https:\/\/offenbacher-friedensinitiative.de\/?p=10623"},"wordCount":98,"publisher":{"@id":"https:\/\/offenbacher-friedensinitiative.de\/#organization"},"articleSection":["Aktionen"],"inLanguage":"de"},{"@type":"WebPage","@id":"https:\/\/offenbacher-friedensinitiative.de\/?p=10623","url":"https:\/\/offenbacher-friedensinitiative.de\/?p=10623","name":"Aufruf zum 1. Mai 2020 in Offenbach - Offenbacher FriedensInitiative - OFI","isPartOf":{"@id":"https:\/\/offenbacher-friedensinitiative.de\/#website"},"datePublished":"2020-04-30T07:08:20+00:00","dateModified":"2020-04-30T09:48:35+00:00","description":"Aufruf zum Ostermarsch 2019, Nein zum Krieg \u2013 abr\u00fcsten statt aufr\u00fcsten, Offenbach: 10.30 Uhr Auftaktveranstaltung Stadthof (Rathaus)","breadcrumb":{"@id":"https:\/\/offenbacher-friedensinitiative.de\/?p=10623#breadcrumb"},"inLanguage":"de","potentialAction":[{"@type":"ReadAction","target":["https:\/\/offenbacher-friedensinitiative.de\/?p=10623"]}]},{"@type":"BreadcrumbList","@id":"https:\/\/offenbacher-friedensinitiative.de\/?p=10623#breadcrumb","itemListElement":[{"@type":"ListItem","position":1,"name":"Startseite","item":"https:\/\/offenbacher-friedensinitiative.de\/"},{"@type":"ListItem","position":2,"name":"Aufruf zum 1. Mai 2020 in Offenbach"}]},{"@type":"WebSite","@id":"https:\/\/offenbacher-friedensinitiative.de\/#website","url":"https:\/\/offenbacher-friedensinitiative.de\/","name":"Offenbacher FriedensInitiative","description":"Abr\u00fcsten statt Aufr\u00fcsten |- Kriege beenden | R\u00fcstungsexporte stoppen","publisher":{"@id":"https:\/\/offenbacher-friedensinitiative.de\/#organization"},"potentialAction":[{"@type":"SearchAction","target":{"@type":"EntryPoint","urlTemplate":"https:\/\/offenbacher-friedensinitiative.de\/?s={search_term_string}"},"query-input":{"@type":"PropertyValueSpecification","valueRequired":true,"valueName":"search_term_string"}}],"inLanguage":"de"},{"@type":"Organization","@id":"https:\/\/offenbacher-friedensinitiative.de\/#organization","name":"Offenbacher Friedensinitiative","url":"https:\/\/offenbacher-friedensinitiative.de\/","logo":{"@type":"ImageObject","inLanguage":"de","@id":"https:\/\/offenbacher-friedensinitiative.de\/#\/schema\/logo\/image\/","url":"https:\/\/offenbacher-friedensinitiative.de\/wp-content\/uploads\/2019\/03\/cropped-Transparen-logo.jpg","contentUrl":"https:\/\/offenbacher-friedensinitiative.de\/wp-content\/uploads\/2019\/03\/cropped-Transparen-logo.jpg","width":1036,"height":227,"caption":"Offenbacher Friedensinitiative"},"image":{"@id":"https:\/\/offenbacher-friedensinitiative.de\/#\/schema\/logo\/image\/"}},{"@type":"Person","@id":"https:\/\/offenbacher-friedensinitiative.de\/#\/schema\/person\/5ec566fcb70420f878023349a111f19f","name":"OFI_WP"}]}},"_links":{"self":[{"href":"https:\/\/offenbacher-friedensinitiative.de\/index.php?rest_route=\/wp\/v2\/posts\/10623","targetHints":{"allow":["GET"]}}],"collection":[{"href":"https:\/\/offenbacher-friedensinitiative.de\/index.php?rest_route=\/wp\/v2\/posts"}],"about":[{"href":"https:\/\/offenbacher-friedensinitiative.de\/index.php?rest_route=\/wp\/v2\/types\/post"}],"author":[{"embeddable":true,"href":"https:\/\/offenbacher-friedensinitiative.de\/index.php?rest_route=\/wp\/v2\/users\/1"}],"replies":[{"embeddable":true,"href":"https:\/\/offenbacher-friedensinitiative.de\/index.php?rest_route=%2Fwp%2Fv2%2Fcomments&post=10623"}],"version-history":[{"count":6,"href":"https:\/\/offenbacher-friedensinitiative.de\/index.php?rest_route=\/wp\/v2\/posts\/10623\/revisions"}],"predecessor-version":[{"id":11088,"href":"https:\/\/offenbacher-friedensinitiative.de\/index.php?rest_route=\/wp\/v2\/posts\/10623\/revisions\/11088"}],"wp:attachment":[{"href":"https:\/\/offenbacher-friedensinitiative.de\/index.php?rest_route=%2Fwp%2Fv2%2Fmedia&parent=10623"}],"wp:term":[{"taxonomy":"category","embeddable":true,"href":"https:\/\/offenbacher-friedensinitiative.de\/index.php?rest_route=%2Fwp%2Fv2%2Fcategories&post=10623"},{"taxonomy":"post_tag","embeddable":true,"href":"https:\/\/offenbacher-friedensinitiative.de\/index.php?rest_route=%2Fwp%2Fv2%2Ftags&post=10623"}],"curies":[{"name":"wp","href":"https:\/\/api.w.org\/{rel}","templated":true}]}}