{"id":10636,"date":"2019-04-10T08:04:40","date_gmt":"2019-04-10T06:04:40","guid":{"rendered":"https:\/\/offenbacher-friedensinitiative.de\/?p=10636"},"modified":"2019-04-10T08:07:54","modified_gmt":"2019-04-10T06:07:54","slug":"das-grundgesetz-und-die-air-base-ramstein","status":"publish","type":"post","link":"https:\/\/offenbacher-friedensinitiative.de\/?p=10636","title":{"rendered":"Das Grundgesetz und die Air Base Ramstein"},"content":{"rendered":"<div id=\"pl-10636\"  class=\"panel-layout\" ><div id=\"pg-10636-0\"  class=\"panel-grid panel-no-style\" ><div id=\"pgc-10636-0-0\"  class=\"panel-grid-cell\" ><div id=\"panel-10636-0-0-0\" class=\"so-panel widget widget_sow-editor panel-first-child\" data-index=\"0\" ><div\n\t\t\t\n\t\t\tclass=\"so-widget-sow-editor so-widget-sow-editor-base\"\n\t\t\t\n\t\t>\n<div class=\"siteorigin-widget-tinymce textwidget\">\n\t<h1>Das Grundgesetz und die Air Base Ramstein<\/h1>\n<h2>Bericht von der Veranstaltung am 4.4.2019<\/h2>\n<p><span style=\"font-size: 14pt;\">Zu Beginn gab es Musik. Ein eigens zu dieser Veranstaltung gebildetes Ensemble interpretierte das <strong>Verfassungslied<\/strong>. Es befasst sich mit der Frage, was aus den Grunds\u00e4tzen der Verfassung, zum Beispiel auch dem <strong>Verbot eines Angriffskrieges<\/strong>, geworden ist. Gisela Teichmann, die den Abend moderierte, las dazu \u00a7 26 (1) vor:\u201cHandlungen, die geeignet sind und in der Absicht vorgenommen werden, das friedliche Zusammenleben der V\u00f6lker zu st\u00f6ren, insbesondere die F\u00fchrung eines Angriffskrieges, sind verfassungswidrig. Sie sind unter Strafe zu stellen.\u201c Das gab Beifall. Hier h\u00e4tte man einige Beispiele diskutieren k\u00f6nnen, im Zentrum des Abends sollte aber die <strong>Air Base Ramstein<\/strong> stehen.<\/span><\/p>\n<p><span style=\"font-size: 14pt;\"><strong>Karl-Heinz Peil<\/strong> vom <strong>Koordinierungskreis Stopp Air Base Ramstein<\/strong> brachte dazu viele interessante Informationen. <\/span><span style=\"font-size: 14pt;\">Hier seien jetzt nur zwei Fakten ausgef\u00fchrt, auf die sich auch Zuschauerfragen bezogen:<\/span><\/p>\n<ul>\n<li><span style=\"font-size: 14pt;\">Ist die Air Base Ramstein von Bedeutung f\u00fcr die Drohnenmorde der USA? Antwort: Ja, technisch ist die Air Base derzeit unverzichtbar. Umgekehrt hei\u00dft das: jeder Drohnenmord der USA wird erst durch die Air Base erm\u00f6glicht<\/span><\/li>\n<li><span style=\"font-size: 14pt;\">Wem geh\u00f6rt der Grund und Boden der Air Base? Antwort: Er geh\u00f6rt zum Territorium der BRD und ist nur an die USA verpachtet. Der zugeh\u00f6rige Truppenstationierungsvertrag k\u00f6nnte gek\u00fcndigt werden, dann m\u00fcsst die USA innerhalb von 2 Jahren abgezogen sein. Das ist auch eine vorrangige Forderung der Bewegung Stopp Air Base Ramstein.<\/span><br \/>\n<span style=\"font-size: 14pt;\">Salopp hat Karl-Heinz Peil formuliert, es handele sich bei dem Truppenstationierungsvertrag um eine Art Mietvertrag, der ja auch gek\u00fcndigt werden kann. Dazu eine Stimme aus dem Publikum: \u201c...wegen Eigenbedarf\u201c.<\/span><\/li>\n<\/ul>\n<p><span style=\"font-size: 14pt;\">Der Abend ging zu Ende mit Hinweisen auf Aktionsm\u00f6glichkeiten: Beim nahen <a href=\"https:\/\/offenbacher-friedensinitiative.de\/aufruf-zum-ostermarsch-2019\/\" target=\"_blank\" rel=\"noopener\"><strong>Ostermarsch<\/strong> <\/a>ist eine der Forderungen \u201egegen die deutsche Beihilfe zu den Drohnenmorden der USA \u00fcber die Air Base Ramstein\u201c. Im Juni wird es auch wieder Protestaktionen in Kaiserslautern und <a href=\"https:\/\/www.ramstein-kampagne.eu\/stopp-air-base-ramstein-2019\/\" target=\"_blank\" rel=\"noopener\">Ramstein<\/a> geben. Zur Demo am 29. Juni f\u00e4hrt ein Bus aus Frankfurt. N\u00e4here Informationen dazu folgen sp\u00e4ter.<\/span><\/p>\n<\/div>\n<\/div><\/div><div id=\"panel-10636-0-0-1\" class=\"so-panel widget widget_sow-editor panel-last-child\" data-index=\"1\" ><div\n\t\t\t\n\t\t\tclass=\"so-widget-sow-editor so-widget-sow-editor-base\"\n\t\t\t\n\t\t>\n<div class=\"siteorigin-widget-tinymce textwidget\">\n\t<p><img loading=\"lazy\" decoding=\"async\" class=\"size-full wp-image-10637 aligncenter\" src=\"https:\/\/offenbacher-friedensinitiative.de\/wp-content\/uploads\/2019\/04\/05.3718.jpg\" alt=\"Air Base\" width=\"800\" height=\"534\" srcset=\"https:\/\/offenbacher-friedensinitiative.de\/wp-content\/uploads\/2019\/04\/05.3718.jpg 1000w, https:\/\/offenbacher-friedensinitiative.de\/wp-content\/uploads\/2019\/04\/05.3718-150x100.jpg 150w, https:\/\/offenbacher-friedensinitiative.de\/wp-content\/uploads\/2019\/04\/05.3718-300x200.jpg 300w, https:\/\/offenbacher-friedensinitiative.de\/wp-content\/uploads\/2019\/04\/05.3718-768x512.jpg 768w, https:\/\/offenbacher-friedensinitiative.de\/wp-content\/uploads\/2019\/04\/05.3718-600x400.jpg 600w, https:\/\/offenbacher-friedensinitiative.de\/wp-content\/uploads\/2019\/04\/05.3718-460x307.jpg 460w, https:\/\/offenbacher-friedensinitiative.de\/wp-content\/uploads\/2019\/04\/05.3718-465x310.jpg 465w, https:\/\/offenbacher-friedensinitiative.de\/wp-content\/uploads\/2019\/04\/05.3718-690x460.jpg 690w, https:\/\/offenbacher-friedensinitiative.de\/wp-content\/uploads\/2019\/04\/05.3718-695x464.jpg 695w, https:\/\/offenbacher-friedensinitiative.de\/wp-content\/uploads\/2019\/04\/05.3718-637x425.jpg 637w, https:\/\/offenbacher-friedensinitiative.de\/wp-content\/uploads\/2019\/04\/05.3718-272x182.jpg 272w\" sizes=\"auto, (max-width: 800px) 100vw, 800px\" \/><\/p>\n<\/div>\n<\/div><\/div><\/div><\/div><\/div>","protected":false},"excerpt":{"rendered":"<p>Das Grundgesetz und die Air Base Ramstein Bericht von der Veranstaltung am 4.4.2019 Zu Beginn gab es Musik. Ein eigens zu dieser Veranstaltung gebildetes Ensemble<span class=\"more-link\"><a href=\"https:\/\/offenbacher-friedensinitiative.de\/?p=10636\">Weiterlesen &#8230;<\/a><\/span><\/p>\n","protected":false},"author":1,"featured_media":10638,"comment_status":"closed","ping_status":"closed","sticky":false,"template":"","format":"standard","meta":{"footnotes":""},"categories":[56,62],"tags":[],"class_list":["entry","author-ofi_wp","post-10636","post","type-post","status-publish","format-standard","has-post-thumbnail","category-offenbach","category-veranstaltung"],"yoast_head":"<!-- This site is optimized with the Yoast SEO plugin v27.4 - https:\/\/yoast.com\/product\/yoast-seo-wordpress\/ -->\n<title>Das Grundgesetz und die Air Base Ramstein - Offenbacher FriedensInitiative - OFI<\/title>\n<meta name=\"description\" content=\"Ein Ensemble interpretierte das Verfassungslied. Es befasst sich mit der Frage, was aus den Grunds\u00e4tzen der Verfassung geworden ist.\" \/>\n<meta name=\"robots\" content=\"index, follow, max-snippet:-1, max-image-preview:large, max-video-preview:-1\" \/>\n<link rel=\"canonical\" href=\"https:\/\/offenbacher-friedensinitiative.de\/?p=10636\" \/>\n<meta property=\"og:locale\" content=\"de_DE\" \/>\n<meta property=\"og:type\" content=\"article\" \/>\n<meta property=\"og:title\" content=\"Das Grundgesetz und die Air Base Ramstein - Offenbacher FriedensInitiative - OFI\" \/>\n<meta property=\"og:description\" content=\"Ein Ensemble interpretierte das Verfassungslied. Es befasst sich mit der Frage, was aus den Grunds\u00e4tzen der Verfassung geworden ist.\" \/>\n<meta property=\"og:url\" content=\"https:\/\/offenbacher-friedensinitiative.de\/?p=10636\" \/>\n<meta property=\"og:site_name\" content=\"Offenbacher FriedensInitiative - OFI\" \/>\n<meta property=\"article:published_time\" content=\"2019-04-10T06:04:40+00:00\" \/>\n<meta property=\"article:modified_time\" content=\"2019-04-10T06:07:54+00:00\" \/>\n<meta property=\"og:image\" content=\"https:\/\/offenbacher-friedensinitiative.de\/wp-content\/uploads\/2019\/04\/05.3706.jpg\" \/>\n\t<meta property=\"og:image:width\" content=\"1000\" \/>\n\t<meta property=\"og:image:height\" content=\"500\" \/>\n\t<meta property=\"og:image:type\" content=\"image\/jpeg\" \/>\n<meta name=\"author\" content=\"OFI_WP\" \/>\n<meta name=\"twitter:card\" content=\"summary_large_image\" \/>\n<meta name=\"twitter:label1\" content=\"Verfasst von\" \/>\n\t<meta name=\"twitter:data1\" content=\"OFI_WP\" \/>\n\t<meta name=\"twitter:label2\" content=\"Gesch\u00e4tzte Lesezeit\" \/>\n\t<meta name=\"twitter:data2\" content=\"2\u00a0Minuten\" \/>\n<script type=\"application\/ld+json\" class=\"yoast-schema-graph\">{\"@context\":\"https:\\\/\\\/schema.org\",\"@graph\":[{\"@type\":\"Article\",\"@id\":\"https:\\\/\\\/offenbacher-friedensinitiative.de\\\/?p=10636#article\",\"isPartOf\":{\"@id\":\"https:\\\/\\\/offenbacher-friedensinitiative.de\\\/?p=10636\"},\"author\":{\"name\":\"OFI_WP\",\"@id\":\"https:\\\/\\\/offenbacher-friedensinitiative.de\\\/#\\\/schema\\\/person\\\/5ec566fcb70420f878023349a111f19f\"},\"headline\":\"Das Grundgesetz und die Air Base Ramstein\",\"datePublished\":\"2019-04-10T06:04:40+00:00\",\"dateModified\":\"2019-04-10T06:07:54+00:00\",\"mainEntityOfPage\":{\"@id\":\"https:\\\/\\\/offenbacher-friedensinitiative.de\\\/?p=10636\"},\"wordCount\":332,\"publisher\":{\"@id\":\"https:\\\/\\\/offenbacher-friedensinitiative.de\\\/#organization\"},\"image\":{\"@id\":\"https:\\\/\\\/offenbacher-friedensinitiative.de\\\/?p=10636#primaryimage\"},\"thumbnailUrl\":\"https:\\\/\\\/offenbacher-friedensinitiative.de\\\/wp-content\\\/uploads\\\/2019\\\/04\\\/05.3706.jpg\",\"articleSection\":[\"Offenbach\",\"Veranstaltung\"],\"inLanguage\":\"de\"},{\"@type\":\"WebPage\",\"@id\":\"https:\\\/\\\/offenbacher-friedensinitiative.de\\\/?p=10636\",\"url\":\"https:\\\/\\\/offenbacher-friedensinitiative.de\\\/?p=10636\",\"name\":\"Das Grundgesetz und die Air Base Ramstein - Offenbacher FriedensInitiative - OFI\",\"isPartOf\":{\"@id\":\"https:\\\/\\\/offenbacher-friedensinitiative.de\\\/#website\"},\"primaryImageOfPage\":{\"@id\":\"https:\\\/\\\/offenbacher-friedensinitiative.de\\\/?p=10636#primaryimage\"},\"image\":{\"@id\":\"https:\\\/\\\/offenbacher-friedensinitiative.de\\\/?p=10636#primaryimage\"},\"thumbnailUrl\":\"https:\\\/\\\/offenbacher-friedensinitiative.de\\\/wp-content\\\/uploads\\\/2019\\\/04\\\/05.3706.jpg\",\"datePublished\":\"2019-04-10T06:04:40+00:00\",\"dateModified\":\"2019-04-10T06:07:54+00:00\",\"description\":\"Ein Ensemble interpretierte das Verfassungslied. Es befasst sich mit der Frage, was aus den Grunds\u00e4tzen der Verfassung geworden ist.\",\"breadcrumb\":{\"@id\":\"https:\\\/\\\/offenbacher-friedensinitiative.de\\\/?p=10636#breadcrumb\"},\"inLanguage\":\"de\",\"potentialAction\":[{\"@type\":\"ReadAction\",\"target\":[\"https:\\\/\\\/offenbacher-friedensinitiative.de\\\/?p=10636\"]}]},{\"@type\":\"ImageObject\",\"inLanguage\":\"de\",\"@id\":\"https:\\\/\\\/offenbacher-friedensinitiative.de\\\/?p=10636#primaryimage\",\"url\":\"https:\\\/\\\/offenbacher-friedensinitiative.de\\\/wp-content\\\/uploads\\\/2019\\\/04\\\/05.3706.jpg\",\"contentUrl\":\"https:\\\/\\\/offenbacher-friedensinitiative.de\\\/wp-content\\\/uploads\\\/2019\\\/04\\\/05.3706.jpg\",\"width\":1000,\"height\":500,\"caption\":\"Air Base\"},{\"@type\":\"BreadcrumbList\",\"@id\":\"https:\\\/\\\/offenbacher-friedensinitiative.de\\\/?p=10636#breadcrumb\",\"itemListElement\":[{\"@type\":\"ListItem\",\"position\":1,\"name\":\"Startseite\",\"item\":\"https:\\\/\\\/offenbacher-friedensinitiative.de\\\/\"},{\"@type\":\"ListItem\",\"position\":2,\"name\":\"Das Grundgesetz und die Air Base Ramstein\"}]},{\"@type\":\"WebSite\",\"@id\":\"https:\\\/\\\/offenbacher-friedensinitiative.de\\\/#website\",\"url\":\"https:\\\/\\\/offenbacher-friedensinitiative.de\\\/\",\"name\":\"Offenbacher FriedensInitiative\",\"description\":\"Abr\u00fcsten statt Aufr\u00fcsten |- Kriege beenden | R\u00fcstungsexporte stoppen\",\"publisher\":{\"@id\":\"https:\\\/\\\/offenbacher-friedensinitiative.de\\\/#organization\"},\"potentialAction\":[{\"@type\":\"SearchAction\",\"target\":{\"@type\":\"EntryPoint\",\"urlTemplate\":\"https:\\\/\\\/offenbacher-friedensinitiative.de\\\/?s={search_term_string}\"},\"query-input\":{\"@type\":\"PropertyValueSpecification\",\"valueRequired\":true,\"valueName\":\"search_term_string\"}}],\"inLanguage\":\"de\"},{\"@type\":\"Organization\",\"@id\":\"https:\\\/\\\/offenbacher-friedensinitiative.de\\\/#organization\",\"name\":\"Offenbacher Friedensinitiative\",\"url\":\"https:\\\/\\\/offenbacher-friedensinitiative.de\\\/\",\"logo\":{\"@type\":\"ImageObject\",\"inLanguage\":\"de\",\"@id\":\"https:\\\/\\\/offenbacher-friedensinitiative.de\\\/#\\\/schema\\\/logo\\\/image\\\/\",\"url\":\"https:\\\/\\\/offenbacher-friedensinitiative.de\\\/wp-content\\\/uploads\\\/2019\\\/03\\\/cropped-Transparen-logo.jpg\",\"contentUrl\":\"https:\\\/\\\/offenbacher-friedensinitiative.de\\\/wp-content\\\/uploads\\\/2019\\\/03\\\/cropped-Transparen-logo.jpg\",\"width\":1036,\"height\":227,\"caption\":\"Offenbacher Friedensinitiative\"},\"image\":{\"@id\":\"https:\\\/\\\/offenbacher-friedensinitiative.de\\\/#\\\/schema\\\/logo\\\/image\\\/\"}},{\"@type\":\"Person\",\"@id\":\"https:\\\/\\\/offenbacher-friedensinitiative.de\\\/#\\\/schema\\\/person\\\/5ec566fcb70420f878023349a111f19f\",\"name\":\"OFI_WP\"}]}<\/script>\n<!-- \/ Yoast SEO plugin. -->","yoast_head_json":{"title":"Das Grundgesetz und die Air Base Ramstein - Offenbacher FriedensInitiative - OFI","description":"Ein Ensemble interpretierte das Verfassungslied. Es befasst sich mit der Frage, was aus den Grunds\u00e4tzen der Verfassung geworden ist.","robots":{"index":"index","follow":"follow","max-snippet":"max-snippet:-1","max-image-preview":"max-image-preview:large","max-video-preview":"max-video-preview:-1"},"canonical":"https:\/\/offenbacher-friedensinitiative.de\/?p=10636","og_locale":"de_DE","og_type":"article","og_title":"Das Grundgesetz und die Air Base Ramstein - Offenbacher FriedensInitiative - OFI","og_description":"Ein Ensemble interpretierte das Verfassungslied. Es befasst sich mit der Frage, was aus den Grunds\u00e4tzen der Verfassung geworden ist.","og_url":"https:\/\/offenbacher-friedensinitiative.de\/?p=10636","og_site_name":"Offenbacher FriedensInitiative - OFI","article_published_time":"2019-04-10T06:04:40+00:00","article_modified_time":"2019-04-10T06:07:54+00:00","og_image":[{"width":1000,"height":500,"url":"https:\/\/offenbacher-friedensinitiative.de\/wp-content\/uploads\/2019\/04\/05.3706.jpg","type":"image\/jpeg"}],"author":"OFI_WP","twitter_card":"summary_large_image","twitter_misc":{"Verfasst von":"OFI_WP","Gesch\u00e4tzte Lesezeit":"2\u00a0Minuten"},"schema":{"@context":"https:\/\/schema.org","@graph":[{"@type":"Article","@id":"https:\/\/offenbacher-friedensinitiative.de\/?p=10636#article","isPartOf":{"@id":"https:\/\/offenbacher-friedensinitiative.de\/?p=10636"},"author":{"name":"OFI_WP","@id":"https:\/\/offenbacher-friedensinitiative.de\/#\/schema\/person\/5ec566fcb70420f878023349a111f19f"},"headline":"Das Grundgesetz und die Air Base Ramstein","datePublished":"2019-04-10T06:04:40+00:00","dateModified":"2019-04-10T06:07:54+00:00","mainEntityOfPage":{"@id":"https:\/\/offenbacher-friedensinitiative.de\/?p=10636"},"wordCount":332,"publisher":{"@id":"https:\/\/offenbacher-friedensinitiative.de\/#organization"},"image":{"@id":"https:\/\/offenbacher-friedensinitiative.de\/?p=10636#primaryimage"},"thumbnailUrl":"https:\/\/offenbacher-friedensinitiative.de\/wp-content\/uploads\/2019\/04\/05.3706.jpg","articleSection":["Offenbach","Veranstaltung"],"inLanguage":"de"},{"@type":"WebPage","@id":"https:\/\/offenbacher-friedensinitiative.de\/?p=10636","url":"https:\/\/offenbacher-friedensinitiative.de\/?p=10636","name":"Das Grundgesetz und die Air Base Ramstein - Offenbacher FriedensInitiative - OFI","isPartOf":{"@id":"https:\/\/offenbacher-friedensinitiative.de\/#website"},"primaryImageOfPage":{"@id":"https:\/\/offenbacher-friedensinitiative.de\/?p=10636#primaryimage"},"image":{"@id":"https:\/\/offenbacher-friedensinitiative.de\/?p=10636#primaryimage"},"thumbnailUrl":"https:\/\/offenbacher-friedensinitiative.de\/wp-content\/uploads\/2019\/04\/05.3706.jpg","datePublished":"2019-04-10T06:04:40+00:00","dateModified":"2019-04-10T06:07:54+00:00","description":"Ein Ensemble interpretierte das Verfassungslied. Es befasst sich mit der Frage, was aus den Grunds\u00e4tzen der Verfassung geworden ist.","breadcrumb":{"@id":"https:\/\/offenbacher-friedensinitiative.de\/?p=10636#breadcrumb"},"inLanguage":"de","potentialAction":[{"@type":"ReadAction","target":["https:\/\/offenbacher-friedensinitiative.de\/?p=10636"]}]},{"@type":"ImageObject","inLanguage":"de","@id":"https:\/\/offenbacher-friedensinitiative.de\/?p=10636#primaryimage","url":"https:\/\/offenbacher-friedensinitiative.de\/wp-content\/uploads\/2019\/04\/05.3706.jpg","contentUrl":"https:\/\/offenbacher-friedensinitiative.de\/wp-content\/uploads\/2019\/04\/05.3706.jpg","width":1000,"height":500,"caption":"Air Base"},{"@type":"BreadcrumbList","@id":"https:\/\/offenbacher-friedensinitiative.de\/?p=10636#breadcrumb","itemListElement":[{"@type":"ListItem","position":1,"name":"Startseite","item":"https:\/\/offenbacher-friedensinitiative.de\/"},{"@type":"ListItem","position":2,"name":"Das Grundgesetz und die Air Base Ramstein"}]},{"@type":"WebSite","@id":"https:\/\/offenbacher-friedensinitiative.de\/#website","url":"https:\/\/offenbacher-friedensinitiative.de\/","name":"Offenbacher FriedensInitiative","description":"Abr\u00fcsten statt Aufr\u00fcsten |- Kriege beenden | R\u00fcstungsexporte stoppen","publisher":{"@id":"https:\/\/offenbacher-friedensinitiative.de\/#organization"},"potentialAction":[{"@type":"SearchAction","target":{"@type":"EntryPoint","urlTemplate":"https:\/\/offenbacher-friedensinitiative.de\/?s={search_term_string}"},"query-input":{"@type":"PropertyValueSpecification","valueRequired":true,"valueName":"search_term_string"}}],"inLanguage":"de"},{"@type":"Organization","@id":"https:\/\/offenbacher-friedensinitiative.de\/#organization","name":"Offenbacher Friedensinitiative","url":"https:\/\/offenbacher-friedensinitiative.de\/","logo":{"@type":"ImageObject","inLanguage":"de","@id":"https:\/\/offenbacher-friedensinitiative.de\/#\/schema\/logo\/image\/","url":"https:\/\/offenbacher-friedensinitiative.de\/wp-content\/uploads\/2019\/03\/cropped-Transparen-logo.jpg","contentUrl":"https:\/\/offenbacher-friedensinitiative.de\/wp-content\/uploads\/2019\/03\/cropped-Transparen-logo.jpg","width":1036,"height":227,"caption":"Offenbacher Friedensinitiative"},"image":{"@id":"https:\/\/offenbacher-friedensinitiative.de\/#\/schema\/logo\/image\/"}},{"@type":"Person","@id":"https:\/\/offenbacher-friedensinitiative.de\/#\/schema\/person\/5ec566fcb70420f878023349a111f19f","name":"OFI_WP"}]}},"_links":{"self":[{"href":"https:\/\/offenbacher-friedensinitiative.de\/index.php?rest_route=\/wp\/v2\/posts\/10636","targetHints":{"allow":["GET"]}}],"collection":[{"href":"https:\/\/offenbacher-friedensinitiative.de\/index.php?rest_route=\/wp\/v2\/posts"}],"about":[{"href":"https:\/\/offenbacher-friedensinitiative.de\/index.php?rest_route=\/wp\/v2\/types\/post"}],"author":[{"embeddable":true,"href":"https:\/\/offenbacher-friedensinitiative.de\/index.php?rest_route=\/wp\/v2\/users\/1"}],"replies":[{"embeddable":true,"href":"https:\/\/offenbacher-friedensinitiative.de\/index.php?rest_route=%2Fwp%2Fv2%2Fcomments&post=10636"}],"version-history":[{"count":3,"href":"https:\/\/offenbacher-friedensinitiative.de\/index.php?rest_route=\/wp\/v2\/posts\/10636\/revisions"}],"predecessor-version":[{"id":10641,"href":"https:\/\/offenbacher-friedensinitiative.de\/index.php?rest_route=\/wp\/v2\/posts\/10636\/revisions\/10641"}],"wp:featuredmedia":[{"embeddable":true,"href":"https:\/\/offenbacher-friedensinitiative.de\/index.php?rest_route=\/wp\/v2\/media\/10638"}],"wp:attachment":[{"href":"https:\/\/offenbacher-friedensinitiative.de\/index.php?rest_route=%2Fwp%2Fv2%2Fmedia&parent=10636"}],"wp:term":[{"taxonomy":"category","embeddable":true,"href":"https:\/\/offenbacher-friedensinitiative.de\/index.php?rest_route=%2Fwp%2Fv2%2Fcategories&post=10636"},{"taxonomy":"post_tag","embeddable":true,"href":"https:\/\/offenbacher-friedensinitiative.de\/index.php?rest_route=%2Fwp%2Fv2%2Ftags&post=10636"}],"curies":[{"name":"wp","href":"https:\/\/api.w.org\/{rel}","templated":true}]}}