{"id":10718,"date":"2019-08-28T15:46:50","date_gmt":"2019-08-28T13:46:50","guid":{"rendered":"https:\/\/offenbacher-friedensinitiative.de\/?p=10718"},"modified":"2019-10-30T08:39:03","modified_gmt":"2019-10-30T07:39:03","slug":"peace","status":"publish","type":"post","link":"https:\/\/offenbacher-friedensinitiative.de\/?p=10718","title":{"rendered":"PEACE!"},"content":{"rendered":"<div id=\"pl-10718\"  class=\"panel-layout\" ><div id=\"pg-10718-0\"  class=\"panel-grid panel-no-style\" ><div id=\"pgc-10718-0-0\"  class=\"panel-grid-cell\" ><div id=\"panel-10718-0-0-0\" class=\"so-panel widget widget_sow-editor panel-first-child\" data-index=\"0\" ><div\n\t\t\t\n\t\t\tclass=\"so-widget-sow-editor so-widget-sow-editor-base\"\n\t\t\t\n\t\t>\n<div class=\"siteorigin-widget-tinymce textwidget\">\n\t<h1 align=\"justify\"><strong><span style=\"font-size: 24pt;\">PEACE!<\/span><\/strong><\/h1>\n<h1 class=\"western\" align=\"justify\"><span style=\"font-size: 24pt;\"><b>Mixed Show f\u00fcr Abr\u00fcstung und Zukunft<\/b><\/span><\/h1>\n<p><strong><span style=\"font-size: 14pt;\">Dienstag, 29. Oktober 2019 um 19:30 Uhr im Hafen 2<\/span><\/strong><span style=\"font-size: 14pt;\"> - <\/span><span style=\"font-size: 14pt;\"><span class=\"LrzXr\">Nordring 129, 63067 Offenbach am Main - Eintritt: 9 \u20ac ; Erm\u00e4\u00dfigt 5 \u20ac (Spenden sind willkommen).<\/span><\/span><\/p>\n<p class=\"western\" align=\"justify\"><span style=\"font-size: 14pt;\">Schon zu Zeiten von Woodstock war man \u00fcberzeugt: F\u00fcr den Frieden braucht es den richtigen Spirit. F\u00fcr den Frieden braucht es Kultur. <\/span><\/p>\n<p class=\"western\" align=\"justify\"><span style=\"font-size: 14pt;\">Klar: Wildgewordene Gro\u00dfm\u00e4chte, Aufr\u00fcstung, Waffenexporte, ein brennender Regenwald und der Klima-Kollaps lassen sich nicht mit ein paar Liedern und Gedichten aufhalten \u2013 aber wenn man schon einen fantastischen Abend voll Slam Poetry, voll Singer-Songwriter-Kunst, voll einzigartiger Momente erlebt, dann kann es ja auch f\u00fcr eine gute Sache sein.<\/span><\/p>\n<p class=\"western\" align=\"justify\"><span style=\"font-size: 14pt;\">Und am Ende, wenn ihr vor lauter artistischer Niceness nicht mehr wisst wohin mit eurer Euphorie, dann merkt ihr: <\/span><span style=\"font-size: large;\">Wenn es f\u00fcr uns weitergehen soll wie an diesem Abend, dann braucht es den Frieden und die Zukunft. Das Konzept geht auf.<\/span><\/p>\n<p class=\"western\" align=\"justify\"><span style=\"font-size: 14pt;\">Die <strong>Offenbacher Friedensinitiative<\/strong> hat sich f\u00fcr diesen Abend mit dem Offenbacher <strong>Poetry Slammer Samuel Kramer<\/strong> zusammengetan, der neben seinem Kollegen <strong>Finn Holitzka<\/strong> (zusammen moderieren die beiden auch die erfolgreiche Show \u201eKassiber in Leuchtschrift\u201c) weitere Slammer*innen, Musiker*innen und die eine oder andere \u00dcberraschung eingeladen hat.<\/span><\/p>\n<p align=\"justify\"><span style=\"font-size: 14pt;\"><a href=\"https:\/\/heinrich-heine-club.de\/site\/veranstaltungen\/tickets\/2019-karten-reservieren\/5-2019\/57-29-10-2019-peace.html#course_appform\" target=\"_blank\" rel=\"noopener\">Vorbestellung<\/a> von Eintrittskarten beim Heinrich-Heine-Club!<\/span><\/p>\n<p align=\"justify\"><strong>Mit Unterst\u00fctzung<\/strong>: <a href=\"https:\/\/heinrich-heine-club.de\/site\/\" target=\"_blank\" rel=\"noopener\">Heinrich-Heine-Club Offenbach<\/a>, NaturFreunde Offenbach, GEW Offenbach, DGB Region S\u00fcdosthessen, IG Metall Offenbach und Stadtsch\u00fclerrat Offenbach.<\/p>\n<\/div>\n<\/div><\/div><div id=\"panel-10718-0-0-1\" class=\"so-panel widget widget_sow-editor\" data-index=\"1\" ><div\n\t\t\t\n\t\t\tclass=\"so-widget-sow-editor so-widget-sow-editor-base\"\n\t\t\t\n\t\t>\n<div class=\"siteorigin-widget-tinymce textwidget\">\n\t<p><img loading=\"lazy\" decoding=\"async\" class=\"alignnone size-full wp-image-10727\" src=\"https:\/\/offenbacher-friedensinitiative.de\/wp-content\/uploads\/2019\/08\/SDG4529-Vers.-3.jpg\" alt=\"\" width=\"3088\" height=\"1544\" srcset=\"https:\/\/offenbacher-friedensinitiative.de\/wp-content\/uploads\/2019\/08\/SDG4529-Vers.-3.jpg 3088w, https:\/\/offenbacher-friedensinitiative.de\/wp-content\/uploads\/2019\/08\/SDG4529-Vers.-3-150x75.jpg 150w, https:\/\/offenbacher-friedensinitiative.de\/wp-content\/uploads\/2019\/08\/SDG4529-Vers.-3-300x150.jpg 300w, https:\/\/offenbacher-friedensinitiative.de\/wp-content\/uploads\/2019\/08\/SDG4529-Vers.-3-768x384.jpg 768w, https:\/\/offenbacher-friedensinitiative.de\/wp-content\/uploads\/2019\/08\/SDG4529-Vers.-3-1024x512.jpg 1024w, https:\/\/offenbacher-friedensinitiative.de\/wp-content\/uploads\/2019\/08\/SDG4529-Vers.-3-460x230.jpg 460w, https:\/\/offenbacher-friedensinitiative.de\/wp-content\/uploads\/2019\/08\/SDG4529-Vers.-3-465x233.jpg 465w, https:\/\/offenbacher-friedensinitiative.de\/wp-content\/uploads\/2019\/08\/SDG4529-Vers.-3-690x345.jpg 690w, https:\/\/offenbacher-friedensinitiative.de\/wp-content\/uploads\/2019\/08\/SDG4529-Vers.-3-695x348.jpg 695w, https:\/\/offenbacher-friedensinitiative.de\/wp-content\/uploads\/2019\/08\/SDG4529-Vers.-3-850x425.jpg 850w\" sizes=\"auto, (max-width: 3088px) 100vw, 3088px\" \/><\/p>\n<p><strong>Slammer Samuel Kramer<\/strong> und <strong>Finn Holitzka - <\/strong>Foto: Sascha Klacke<\/p>\n<\/div>\n<\/div><\/div><div id=\"panel-10718-0-0-2\" class=\"so-panel widget widget_sow-editor panel-last-child\" data-index=\"2\" ><div\n\t\t\t\n\t\t\tclass=\"so-widget-sow-editor so-widget-sow-editor-base\"\n\t\t\t\n\t\t><h3 class=\"widget-title\">Download<\/h3>\n<div class=\"siteorigin-widget-tinymce textwidget\">\n\t<p style=\"text-align: center;\"><strong><span style=\"font-size: 14pt;\">Klick auf's Bild l\u00e4dt die PDF-Datei zum Verschicken per E-Mail<\/span><\/strong><\/p>\n<p><a href=\"https:\/\/offenbacher-friedensinitiative.de\/wp-content\/uploads\/2019\/08\/Peace.pdf\" target=\"_blank\" rel=\"noopener\"><img loading=\"lazy\" decoding=\"async\" class=\"size-full wp-image-10785 aligncenter\" src=\"https:\/\/offenbacher-friedensinitiative.de\/wp-content\/uploads\/2019\/08\/Peace.jpg\" alt=\"\" width=\"800\" height=\"1128\" srcset=\"https:\/\/offenbacher-friedensinitiative.de\/wp-content\/uploads\/2019\/08\/Peace.jpg 1252w, https:\/\/offenbacher-friedensinitiative.de\/wp-content\/uploads\/2019\/08\/Peace-106x150.jpg 106w, https:\/\/offenbacher-friedensinitiative.de\/wp-content\/uploads\/2019\/08\/Peace-213x300.jpg 213w, https:\/\/offenbacher-friedensinitiative.de\/wp-content\/uploads\/2019\/08\/Peace-768x1083.jpg 768w, https:\/\/offenbacher-friedensinitiative.de\/wp-content\/uploads\/2019\/08\/Peace-726x1024.jpg 726w, https:\/\/offenbacher-friedensinitiative.de\/wp-content\/uploads\/2019\/08\/Peace-227x320.jpg 227w, https:\/\/offenbacher-friedensinitiative.de\/wp-content\/uploads\/2019\/08\/Peace-425x600.jpg 425w, https:\/\/offenbacher-friedensinitiative.de\/wp-content\/uploads\/2019\/08\/Peace-354x500.jpg 354w, https:\/\/offenbacher-friedensinitiative.de\/wp-content\/uploads\/2019\/08\/Peace-301x425.jpg 301w\" sizes=\"auto, (max-width: 800px) 100vw, 800px\" \/><\/a><\/p>\n<p>&nbsp;<\/p>\n<\/div>\n<\/div><\/div><\/div><\/div><\/div>","protected":false},"excerpt":{"rendered":"<p>PEACE! Mixed Show f\u00fcr Abr\u00fcstung und Zukunft Dienstag, 29. Oktober 2019 um 19:30 Uhr im Hafen 2 &#8211; Nordring 129, 63067 Offenbach am Main &#8211;<span class=\"more-link\"><a href=\"https:\/\/offenbacher-friedensinitiative.de\/?p=10718\">Weiterlesen &#8230;<\/a><\/span><\/p>\n","protected":false},"author":1,"featured_media":10719,"comment_status":"closed","ping_status":"closed","sticky":false,"template":"","format":"standard","meta":{"footnotes":""},"categories":[56,62],"tags":[],"class_list":["entry","author-ofi_wp","post-10718","post","type-post","status-publish","format-standard","has-post-thumbnail","category-offenbach","category-veranstaltung"],"yoast_head":"<!-- This site is optimized with the Yoast SEO plugin v27.5 - https:\/\/yoast.com\/product\/yoast-seo-wordpress\/ -->\n<title>PEACE! - Offenbacher FriedensInitiative - OFI<\/title>\n<meta name=\"description\" content=\"PEACE! Schon zu Zeiten von Woodstock war man \u00fcberzeugt: F\u00fcr den Frieden braucht es den richtigen Spirit. F\u00fcr den Frieden braucht es Kultur.\" \/>\n<meta name=\"robots\" content=\"index, follow, max-snippet:-1, max-image-preview:large, max-video-preview:-1\" \/>\n<link rel=\"canonical\" href=\"https:\/\/offenbacher-friedensinitiative.de\/?p=10718\" \/>\n<meta property=\"og:locale\" content=\"de_DE\" \/>\n<meta property=\"og:type\" content=\"article\" \/>\n<meta property=\"og:title\" content=\"PEACE! - Offenbacher FriedensInitiative - OFI\" \/>\n<meta property=\"og:description\" content=\"PEACE! Schon zu Zeiten von Woodstock war man \u00fcberzeugt: F\u00fcr den Frieden braucht es den richtigen Spirit. F\u00fcr den Frieden braucht es Kultur.\" \/>\n<meta property=\"og:url\" content=\"https:\/\/offenbacher-friedensinitiative.de\/?p=10718\" \/>\n<meta property=\"og:site_name\" content=\"Offenbacher FriedensInitiative - OFI\" \/>\n<meta property=\"article:published_time\" content=\"2019-08-28T13:46:50+00:00\" \/>\n<meta property=\"article:modified_time\" content=\"2019-10-30T07:39:03+00:00\" \/>\n<meta property=\"og:image\" content=\"https:\/\/offenbacher-friedensinitiative.de\/wp-content\/uploads\/2019\/08\/Hamburg-Lautsprecher-c-heike-k\u00f6lzer-3-vers.2.jpg\" \/>\n\t<meta property=\"og:image:width\" content=\"760\" \/>\n\t<meta property=\"og:image:height\" content=\"380\" \/>\n\t<meta property=\"og:image:type\" content=\"image\/jpeg\" \/>\n<meta name=\"author\" content=\"OFI_WP\" \/>\n<meta name=\"twitter:card\" content=\"summary_large_image\" \/>\n<meta name=\"twitter:label1\" content=\"Verfasst von\" \/>\n\t<meta name=\"twitter:data1\" content=\"OFI_WP\" \/>\n\t<meta name=\"twitter:label2\" content=\"Gesch\u00e4tzte Lesezeit\" \/>\n\t<meta name=\"twitter:data2\" content=\"1\u00a0Minute\" \/>\n<script type=\"application\/ld+json\" class=\"yoast-schema-graph\">{\"@context\":\"https:\\\/\\\/schema.org\",\"@graph\":[{\"@type\":\"Article\",\"@id\":\"https:\\\/\\\/offenbacher-friedensinitiative.de\\\/?p=10718#article\",\"isPartOf\":{\"@id\":\"https:\\\/\\\/offenbacher-friedensinitiative.de\\\/?p=10718\"},\"author\":{\"name\":\"OFI_WP\",\"@id\":\"https:\\\/\\\/offenbacher-friedensinitiative.de\\\/#\\\/schema\\\/person\\\/5ec566fcb70420f878023349a111f19f\"},\"headline\":\"PEACE!\",\"datePublished\":\"2019-08-28T13:46:50+00:00\",\"dateModified\":\"2019-10-30T07:39:03+00:00\",\"mainEntityOfPage\":{\"@id\":\"https:\\\/\\\/offenbacher-friedensinitiative.de\\\/?p=10718\"},\"wordCount\":241,\"publisher\":{\"@id\":\"https:\\\/\\\/offenbacher-friedensinitiative.de\\\/#organization\"},\"image\":{\"@id\":\"https:\\\/\\\/offenbacher-friedensinitiative.de\\\/?p=10718#primaryimage\"},\"thumbnailUrl\":\"https:\\\/\\\/offenbacher-friedensinitiative.de\\\/wp-content\\\/uploads\\\/2019\\\/08\\\/Hamburg-Lautsprecher-c-heike-k\u00f6lzer-3-vers.2.jpg\",\"articleSection\":[\"Offenbach\",\"Veranstaltung\"],\"inLanguage\":\"de\"},{\"@type\":\"WebPage\",\"@id\":\"https:\\\/\\\/offenbacher-friedensinitiative.de\\\/?p=10718\",\"url\":\"https:\\\/\\\/offenbacher-friedensinitiative.de\\\/?p=10718\",\"name\":\"PEACE! - Offenbacher FriedensInitiative - OFI\",\"isPartOf\":{\"@id\":\"https:\\\/\\\/offenbacher-friedensinitiative.de\\\/#website\"},\"primaryImageOfPage\":{\"@id\":\"https:\\\/\\\/offenbacher-friedensinitiative.de\\\/?p=10718#primaryimage\"},\"image\":{\"@id\":\"https:\\\/\\\/offenbacher-friedensinitiative.de\\\/?p=10718#primaryimage\"},\"thumbnailUrl\":\"https:\\\/\\\/offenbacher-friedensinitiative.de\\\/wp-content\\\/uploads\\\/2019\\\/08\\\/Hamburg-Lautsprecher-c-heike-k\u00f6lzer-3-vers.2.jpg\",\"datePublished\":\"2019-08-28T13:46:50+00:00\",\"dateModified\":\"2019-10-30T07:39:03+00:00\",\"description\":\"PEACE! Schon zu Zeiten von Woodstock war man \u00fcberzeugt: F\u00fcr den Frieden braucht es den richtigen Spirit. F\u00fcr den Frieden braucht es Kultur.\",\"breadcrumb\":{\"@id\":\"https:\\\/\\\/offenbacher-friedensinitiative.de\\\/?p=10718#breadcrumb\"},\"inLanguage\":\"de\",\"potentialAction\":[{\"@type\":\"ReadAction\",\"target\":[\"https:\\\/\\\/offenbacher-friedensinitiative.de\\\/?p=10718\"]}]},{\"@type\":\"ImageObject\",\"inLanguage\":\"de\",\"@id\":\"https:\\\/\\\/offenbacher-friedensinitiative.de\\\/?p=10718#primaryimage\",\"url\":\"https:\\\/\\\/offenbacher-friedensinitiative.de\\\/wp-content\\\/uploads\\\/2019\\\/08\\\/Hamburg-Lautsprecher-c-heike-k\u00f6lzer-3-vers.2.jpg\",\"contentUrl\":\"https:\\\/\\\/offenbacher-friedensinitiative.de\\\/wp-content\\\/uploads\\\/2019\\\/08\\\/Hamburg-Lautsprecher-c-heike-k\u00f6lzer-3-vers.2.jpg\",\"width\":760,\"height\":380,\"caption\":\"PEACE!\"},{\"@type\":\"BreadcrumbList\",\"@id\":\"https:\\\/\\\/offenbacher-friedensinitiative.de\\\/?p=10718#breadcrumb\",\"itemListElement\":[{\"@type\":\"ListItem\",\"position\":1,\"name\":\"Startseite\",\"item\":\"https:\\\/\\\/offenbacher-friedensinitiative.de\\\/\"},{\"@type\":\"ListItem\",\"position\":2,\"name\":\"PEACE!\"}]},{\"@type\":\"WebSite\",\"@id\":\"https:\\\/\\\/offenbacher-friedensinitiative.de\\\/#website\",\"url\":\"https:\\\/\\\/offenbacher-friedensinitiative.de\\\/\",\"name\":\"Offenbacher FriedensInitiative\",\"description\":\"Abr\u00fcsten statt Aufr\u00fcsten |- Kriege beenden | R\u00fcstungsexporte stoppen\",\"publisher\":{\"@id\":\"https:\\\/\\\/offenbacher-friedensinitiative.de\\\/#organization\"},\"potentialAction\":[{\"@type\":\"SearchAction\",\"target\":{\"@type\":\"EntryPoint\",\"urlTemplate\":\"https:\\\/\\\/offenbacher-friedensinitiative.de\\\/?s={search_term_string}\"},\"query-input\":{\"@type\":\"PropertyValueSpecification\",\"valueRequired\":true,\"valueName\":\"search_term_string\"}}],\"inLanguage\":\"de\"},{\"@type\":\"Organization\",\"@id\":\"https:\\\/\\\/offenbacher-friedensinitiative.de\\\/#organization\",\"name\":\"Offenbacher Friedensinitiative\",\"url\":\"https:\\\/\\\/offenbacher-friedensinitiative.de\\\/\",\"logo\":{\"@type\":\"ImageObject\",\"inLanguage\":\"de\",\"@id\":\"https:\\\/\\\/offenbacher-friedensinitiative.de\\\/#\\\/schema\\\/logo\\\/image\\\/\",\"url\":\"https:\\\/\\\/offenbacher-friedensinitiative.de\\\/wp-content\\\/uploads\\\/2019\\\/03\\\/cropped-Transparen-logo.jpg\",\"contentUrl\":\"https:\\\/\\\/offenbacher-friedensinitiative.de\\\/wp-content\\\/uploads\\\/2019\\\/03\\\/cropped-Transparen-logo.jpg\",\"width\":1036,\"height\":227,\"caption\":\"Offenbacher Friedensinitiative\"},\"image\":{\"@id\":\"https:\\\/\\\/offenbacher-friedensinitiative.de\\\/#\\\/schema\\\/logo\\\/image\\\/\"}},{\"@type\":\"Person\",\"@id\":\"https:\\\/\\\/offenbacher-friedensinitiative.de\\\/#\\\/schema\\\/person\\\/5ec566fcb70420f878023349a111f19f\",\"name\":\"OFI_WP\"}]}<\/script>\n<!-- \/ Yoast SEO plugin. -->","yoast_head_json":{"title":"PEACE! - Offenbacher FriedensInitiative - OFI","description":"PEACE! Schon zu Zeiten von Woodstock war man \u00fcberzeugt: F\u00fcr den Frieden braucht es den richtigen Spirit. F\u00fcr den Frieden braucht es Kultur.","robots":{"index":"index","follow":"follow","max-snippet":"max-snippet:-1","max-image-preview":"max-image-preview:large","max-video-preview":"max-video-preview:-1"},"canonical":"https:\/\/offenbacher-friedensinitiative.de\/?p=10718","og_locale":"de_DE","og_type":"article","og_title":"PEACE! - Offenbacher FriedensInitiative - OFI","og_description":"PEACE! Schon zu Zeiten von Woodstock war man \u00fcberzeugt: F\u00fcr den Frieden braucht es den richtigen Spirit. F\u00fcr den Frieden braucht es Kultur.","og_url":"https:\/\/offenbacher-friedensinitiative.de\/?p=10718","og_site_name":"Offenbacher FriedensInitiative - OFI","article_published_time":"2019-08-28T13:46:50+00:00","article_modified_time":"2019-10-30T07:39:03+00:00","og_image":[{"width":760,"height":380,"url":"https:\/\/offenbacher-friedensinitiative.de\/wp-content\/uploads\/2019\/08\/Hamburg-Lautsprecher-c-heike-k\u00f6lzer-3-vers.2.jpg","type":"image\/jpeg"}],"author":"OFI_WP","twitter_card":"summary_large_image","twitter_misc":{"Verfasst von":"OFI_WP","Gesch\u00e4tzte Lesezeit":"1\u00a0Minute"},"schema":{"@context":"https:\/\/schema.org","@graph":[{"@type":"Article","@id":"https:\/\/offenbacher-friedensinitiative.de\/?p=10718#article","isPartOf":{"@id":"https:\/\/offenbacher-friedensinitiative.de\/?p=10718"},"author":{"name":"OFI_WP","@id":"https:\/\/offenbacher-friedensinitiative.de\/#\/schema\/person\/5ec566fcb70420f878023349a111f19f"},"headline":"PEACE!","datePublished":"2019-08-28T13:46:50+00:00","dateModified":"2019-10-30T07:39:03+00:00","mainEntityOfPage":{"@id":"https:\/\/offenbacher-friedensinitiative.de\/?p=10718"},"wordCount":241,"publisher":{"@id":"https:\/\/offenbacher-friedensinitiative.de\/#organization"},"image":{"@id":"https:\/\/offenbacher-friedensinitiative.de\/?p=10718#primaryimage"},"thumbnailUrl":"https:\/\/offenbacher-friedensinitiative.de\/wp-content\/uploads\/2019\/08\/Hamburg-Lautsprecher-c-heike-k\u00f6lzer-3-vers.2.jpg","articleSection":["Offenbach","Veranstaltung"],"inLanguage":"de"},{"@type":"WebPage","@id":"https:\/\/offenbacher-friedensinitiative.de\/?p=10718","url":"https:\/\/offenbacher-friedensinitiative.de\/?p=10718","name":"PEACE! - Offenbacher FriedensInitiative - OFI","isPartOf":{"@id":"https:\/\/offenbacher-friedensinitiative.de\/#website"},"primaryImageOfPage":{"@id":"https:\/\/offenbacher-friedensinitiative.de\/?p=10718#primaryimage"},"image":{"@id":"https:\/\/offenbacher-friedensinitiative.de\/?p=10718#primaryimage"},"thumbnailUrl":"https:\/\/offenbacher-friedensinitiative.de\/wp-content\/uploads\/2019\/08\/Hamburg-Lautsprecher-c-heike-k\u00f6lzer-3-vers.2.jpg","datePublished":"2019-08-28T13:46:50+00:00","dateModified":"2019-10-30T07:39:03+00:00","description":"PEACE! Schon zu Zeiten von Woodstock war man \u00fcberzeugt: F\u00fcr den Frieden braucht es den richtigen Spirit. F\u00fcr den Frieden braucht es Kultur.","breadcrumb":{"@id":"https:\/\/offenbacher-friedensinitiative.de\/?p=10718#breadcrumb"},"inLanguage":"de","potentialAction":[{"@type":"ReadAction","target":["https:\/\/offenbacher-friedensinitiative.de\/?p=10718"]}]},{"@type":"ImageObject","inLanguage":"de","@id":"https:\/\/offenbacher-friedensinitiative.de\/?p=10718#primaryimage","url":"https:\/\/offenbacher-friedensinitiative.de\/wp-content\/uploads\/2019\/08\/Hamburg-Lautsprecher-c-heike-k\u00f6lzer-3-vers.2.jpg","contentUrl":"https:\/\/offenbacher-friedensinitiative.de\/wp-content\/uploads\/2019\/08\/Hamburg-Lautsprecher-c-heike-k\u00f6lzer-3-vers.2.jpg","width":760,"height":380,"caption":"PEACE!"},{"@type":"BreadcrumbList","@id":"https:\/\/offenbacher-friedensinitiative.de\/?p=10718#breadcrumb","itemListElement":[{"@type":"ListItem","position":1,"name":"Startseite","item":"https:\/\/offenbacher-friedensinitiative.de\/"},{"@type":"ListItem","position":2,"name":"PEACE!"}]},{"@type":"WebSite","@id":"https:\/\/offenbacher-friedensinitiative.de\/#website","url":"https:\/\/offenbacher-friedensinitiative.de\/","name":"Offenbacher FriedensInitiative","description":"Abr\u00fcsten statt Aufr\u00fcsten |- Kriege beenden | R\u00fcstungsexporte stoppen","publisher":{"@id":"https:\/\/offenbacher-friedensinitiative.de\/#organization"},"potentialAction":[{"@type":"SearchAction","target":{"@type":"EntryPoint","urlTemplate":"https:\/\/offenbacher-friedensinitiative.de\/?s={search_term_string}"},"query-input":{"@type":"PropertyValueSpecification","valueRequired":true,"valueName":"search_term_string"}}],"inLanguage":"de"},{"@type":"Organization","@id":"https:\/\/offenbacher-friedensinitiative.de\/#organization","name":"Offenbacher Friedensinitiative","url":"https:\/\/offenbacher-friedensinitiative.de\/","logo":{"@type":"ImageObject","inLanguage":"de","@id":"https:\/\/offenbacher-friedensinitiative.de\/#\/schema\/logo\/image\/","url":"https:\/\/offenbacher-friedensinitiative.de\/wp-content\/uploads\/2019\/03\/cropped-Transparen-logo.jpg","contentUrl":"https:\/\/offenbacher-friedensinitiative.de\/wp-content\/uploads\/2019\/03\/cropped-Transparen-logo.jpg","width":1036,"height":227,"caption":"Offenbacher Friedensinitiative"},"image":{"@id":"https:\/\/offenbacher-friedensinitiative.de\/#\/schema\/logo\/image\/"}},{"@type":"Person","@id":"https:\/\/offenbacher-friedensinitiative.de\/#\/schema\/person\/5ec566fcb70420f878023349a111f19f","name":"OFI_WP"}]}},"_links":{"self":[{"href":"https:\/\/offenbacher-friedensinitiative.de\/index.php?rest_route=\/wp\/v2\/posts\/10718","targetHints":{"allow":["GET"]}}],"collection":[{"href":"https:\/\/offenbacher-friedensinitiative.de\/index.php?rest_route=\/wp\/v2\/posts"}],"about":[{"href":"https:\/\/offenbacher-friedensinitiative.de\/index.php?rest_route=\/wp\/v2\/types\/post"}],"author":[{"embeddable":true,"href":"https:\/\/offenbacher-friedensinitiative.de\/index.php?rest_route=\/wp\/v2\/users\/1"}],"replies":[{"embeddable":true,"href":"https:\/\/offenbacher-friedensinitiative.de\/index.php?rest_route=%2Fwp%2Fv2%2Fcomments&post=10718"}],"version-history":[{"count":10,"href":"https:\/\/offenbacher-friedensinitiative.de\/index.php?rest_route=\/wp\/v2\/posts\/10718\/revisions"}],"predecessor-version":[{"id":10788,"href":"https:\/\/offenbacher-friedensinitiative.de\/index.php?rest_route=\/wp\/v2\/posts\/10718\/revisions\/10788"}],"wp:featuredmedia":[{"embeddable":true,"href":"https:\/\/offenbacher-friedensinitiative.de\/index.php?rest_route=\/wp\/v2\/media\/10719"}],"wp:attachment":[{"href":"https:\/\/offenbacher-friedensinitiative.de\/index.php?rest_route=%2Fwp%2Fv2%2Fmedia&parent=10718"}],"wp:term":[{"taxonomy":"category","embeddable":true,"href":"https:\/\/offenbacher-friedensinitiative.de\/index.php?rest_route=%2Fwp%2Fv2%2Fcategories&post=10718"},{"taxonomy":"post_tag","embeddable":true,"href":"https:\/\/offenbacher-friedensinitiative.de\/index.php?rest_route=%2Fwp%2Fv2%2Ftags&post=10718"}],"curies":[{"name":"wp","href":"https:\/\/api.w.org\/{rel}","templated":true}]}}