{"id":10736,"date":"2019-09-11T09:34:10","date_gmt":"2019-09-11T07:34:10","guid":{"rendered":"https:\/\/offenbacher-friedensinitiative.de\/?p=10736"},"modified":"2020-02-24T15:23:14","modified_gmt":"2020-02-24T14:23:14","slug":"schluss-mit-der-kriegsverherrlichung","status":"publish","type":"post","link":"https:\/\/offenbacher-friedensinitiative.de\/?p=10736","title":{"rendered":"Schluss mit der Kriegsverherrlichung!"},"content":{"rendered":"<div id=\"pl-10736\"  class=\"panel-layout\" ><div id=\"pg-10736-0\"  class=\"panel-grid panel-no-style\" ><div id=\"pgc-10736-0-0\"  class=\"panel-grid-cell\" ><div id=\"panel-10736-0-0-0\" class=\"so-panel widget widget_sow-editor panel-first-child panel-last-child\" data-index=\"0\" ><div\n\t\t\t\n\t\t\tclass=\"so-widget-sow-editor so-widget-sow-editor-base\"\n\t\t\t\n\t\t>\n<div class=\"siteorigin-widget-tinymce textwidget\">\n\t<h1>Schluss mit der Kriegsverrherrlichung!<\/h1>\n<p><span style=\"font-size: 14pt;\">Bei der Kundgebung am 31 Aug. 2019 wurde gefordert, dass der kriegsverrherrlichenden Aussage des Denkmals ein Korrektiv entgegengestellt werden muss. Veranstalter waren die VVN BdA, die Naturfreunde und die Offenbacher Friedensinitiative. W\u00e4hrend der Kundgebung wurde das Gefallenendenkmal schon aufs Sch\u00f6nste umgewidnet. Leider konnte die Dekoration mit Fahnen nicht erhalten bleiben, aber auf unseren Bildern bekommt man eine Ahnung, wie eine Korrektur der hirnverbrannten Inschriften zu bewerkstelligen ist.<\/span><\/p>\n<p style=\"text-align: center;\">Klick auf Foto f\u00fchrt zum Album mit weiteren Fotos auf <a href=\"https:\/\/www.manfredroessmann.de\" target=\"_blank\" rel=\"noopener\">externer Seite<\/a>.<\/p>\n<p style=\"text-align: center;\"><strong><span style=\"font-size: 12pt;\">copyright Fotos: <\/span><a href=\"https:\/\/www.roessmann.name\/\" target=\"_blank\" rel=\"noopener\"><span style=\"font-size: 12pt;\">Manfred R\u00f6\u00dfmann<\/span><\/a><\/strong><\/p>\n<p style=\"text-align: center;\"><a href=\"https:\/\/www.roessmann.name\/fotoalben-1255\/wppaspec\/oc1\/cv0\/ab4v1znv4oG8S1\" target=\"_blank\" rel=\"noopener\">\r\n\t\t\t\t<div\r\n\t\t\t\t\tid=\"wppa-container-wrapper-1\"\r\n\t\t\t\t\tclass=\"aligncenter wppa-container-wrapper \"\r\n\t\t\t\t\tstyle=\"width:350px;display:block;margin-left:auto;margin-right:auto;padding:0;position:relative;\"\r\n\t\t\t\t\t>\r\n\t\t<div\r\n\t\t\tid=\"wppa-container-1\"\r\n\t\t\tstyle=\"width:100%;\"\r\n\t\t\tclass=\"wppa-container aligncenter wp-caption\"\r\n\t\t\t><div style=\"font-size:0;line-height:0\"><img decoding=\"async\" id=\"ph-25-1\" title=\"Vor der Kundgebung\" style=\"width:100%;margin:0;padding:0;border:none;\" src=\"https:\/\/offenbacher-friedensinitiative.de\/wp-content\/uploads\/wppa\/thumbs\/25.jpg?ver=16\" alt=\"Vor der Kundgebung\" class=\"size-medium wppa-sphoto\"><\/div><div class=\"wp-caption-text\"><\/div><svg id=\"wppa-ajax-spin-1\" class=\"wppa-ajax-spin uil-default\" width=\"120px\" height=\"120px\" viewBox=\"0 0 135 135\" preserveAspectRatio=\"xMidYMid\" stroke=\"\" style=\"\n\t\t\t\twidth:120px;\n\t\t\t\theight:120px;\n\t\t\t\tposition:fixed;\n\t\t\t\ttop:50%;\n\t\t\t\tmargin-top:-60px;\n\t\t\t\tleft:50%;\n\t\t\t\tmargin-left:-60px;\n\t\t\t\topacity:1;\n\t\t\t\tdisplay:none;\n\t\t\t\tfill:#666666;\n\t\t\t\tbackground-color:transparent;\n\t\t\t\tborder-radius:24px;\"><path d=\"M67.447 58c5.523 0 10-4.477 10-10s-4.477-10-10-10-10 4.477-10 10 4.477 10 10 10zm9.448 9.447c0 5.523 4.477 10 10 10 5.522 0 10-4.477 10-10s-4.478-10-10-10c-5.523 0-10 4.477-10 10zm-9.448 9.448c-5.523 0-10 4.477-10 10 0 5.522 4.477 10 10 10s10-4.478 10-10c0-5.523-4.477-10-10-10zM58 67.447c0-5.523-4.477-10-10-10s-10 4.477-10 10 4.477 10 10 10 10-4.477 10-10z\">\n\t\t\t\t\t\t<animateTransform\n\t\t\t\t\t\t\tattributeName=\"transform\"\n\t\t\t\t\t\t\ttype=\"rotate\"\n\t\t\t\t\t\t\tfrom=\"0 67 67\"\n\t\t\t\t\t\t\tto=\"-360 67 67\"\n\t\t\t\t\t\t\tdur=\"2.5s\"\n\t\t\t\t\t\t\trepeatCount=\"indefinite\"\/>\n\t\t\t\t\t<\/path>\n\t\t\t\t\t<path d=\"M28.19 40.31c6.627 0 12-5.374 12-12 0-6.628-5.373-12-12-12-6.628 0-12 5.372-12 12 0 6.626 5.372 12 12 12zm30.72-19.825c4.686 4.687 12.284 4.687 16.97 0 4.686-4.686 4.686-12.284 0-16.97-4.686-4.687-12.284-4.687-16.97 0-4.687 4.686-4.687 12.284 0 16.97zm35.74 7.705c0 6.627 5.37 12 12 12 6.626 0 12-5.373 12-12 0-6.628-5.374-12-12-12-6.63 0-12 5.372-12 12zm19.822 30.72c-4.686 4.686-4.686 12.284 0 16.97 4.687 4.686 12.285 4.686 16.97 0 4.687-4.686 4.687-12.284 0-16.97-4.685-4.687-12.283-4.687-16.97 0zm-7.704 35.74c-6.627 0-12 5.37-12 12 0 6.626 5.373 12 12 12s12-5.374 12-12c0-6.63-5.373-12-12-12zm-30.72 19.822c-4.686-4.686-12.284-4.686-16.97 0-4.686 4.687-4.686 12.285 0 16.97 4.686 4.687 12.284 4.687 16.97 0 4.687-4.685 4.687-12.283 0-16.97zm-35.74-7.704c0-6.627-5.372-12-12-12-6.626 0-12 5.373-12 12s5.374 12 12 12c6.628 0 12-5.373 12-12zm-19.823-30.72c4.687-4.686 4.687-12.284 0-16.97-4.686-4.686-12.284-4.686-16.97 0-4.687 4.686-4.687 12.284 0 16.97 4.686 4.687 12.284 4.687 16.97 0z\">\n\t\t\t\t\t\t<animateTransform\n\t\t\t\t\t\t\tattributeName=\"transform\"\n\t\t\t\t\t\t\ttype=\"rotate\"\n\t\t\t\t\t\t\tfrom=\"0 67 67\"\n\t\t\t\t\t\t\tto=\"360 67 67\"\n\t\t\t\t\t\t\tdur=\"8s\"\n\t\t\t\t\t\t\trepeatCount=\"indefinite\"\/>\n\t\t\t\t\t<\/path><\/svg><\/div><\/div>\n<!-- End [photo 25 cache=\"inf\"] \/index.php?rest_route=%2Fwp%2Fv2%2Fposts%2F10736 oc 1 7 queries in 4.0 ms. at 09:58. Max mem:  78.00 Mb. (cached)  --><\/a><\/p>\n<p><a href=\"https:\/\/www.roessmann.name\/fotoalben-1255\/wppaspec\/oc1\/cv0\/ab4v1znv4oG8S1\" target=\"_blank\" rel=\"noopener\">\r\n\t\t\t\t<div\r\n\t\t\t\t\tid=\"wppa-container-wrapper-2\"\r\n\t\t\t\t\tclass=\"aligncenter wppa-container-wrapper \"\r\n\t\t\t\t\tstyle=\"width:350px;display:block;margin-left:auto;margin-right:auto;padding:0;position:relative;\"\r\n\t\t\t\t\t>\r\n\t\t<div\r\n\t\t\tid=\"wppa-container-2\"\r\n\t\t\tstyle=\"width:100%;\"\r\n\t\t\tclass=\"wppa-container aligncenter wp-caption\"\r\n\t\t\t><div style=\"font-size:0;line-height:0\"><img decoding=\"async\" id=\"ph-27-2\" title=\"Ypern warum-\" style=\"width:100%;margin:0;padding:0;border:none;\" src=\"https:\/\/offenbacher-friedensinitiative.de\/wp-content\/uploads\/wppa\/27.jpg?ver=19\" alt=\"Ypern warum-\" class=\"size-medium wppa-sphoto\"><\/div><div class=\"wp-caption-text\"><\/div><svg id=\"wppa-ajax-spin-2\" class=\"wppa-ajax-spin uil-default\" width=\"120px\" height=\"120px\" viewBox=\"0 0 135 135\" preserveAspectRatio=\"xMidYMid\" stroke=\"\" style=\"\n\t\t\t\twidth:120px;\n\t\t\t\theight:120px;\n\t\t\t\tposition:fixed;\n\t\t\t\ttop:50%;\n\t\t\t\tmargin-top:-60px;\n\t\t\t\tleft:50%;\n\t\t\t\tmargin-left:-60px;\n\t\t\t\topacity:1;\n\t\t\t\tdisplay:none;\n\t\t\t\tfill:#666666;\n\t\t\t\tbackground-color:transparent;\n\t\t\t\tborder-radius:24px;\"><path d=\"M67.447 58c5.523 0 10-4.477 10-10s-4.477-10-10-10-10 4.477-10 10 4.477 10 10 10zm9.448 9.447c0 5.523 4.477 10 10 10 5.522 0 10-4.477 10-10s-4.478-10-10-10c-5.523 0-10 4.477-10 10zm-9.448 9.448c-5.523 0-10 4.477-10 10 0 5.522 4.477 10 10 10s10-4.478 10-10c0-5.523-4.477-10-10-10zM58 67.447c0-5.523-4.477-10-10-10s-10 4.477-10 10 4.477 10 10 10 10-4.477 10-10z\">\n\t\t\t\t\t\t<animateTransform\n\t\t\t\t\t\t\tattributeName=\"transform\"\n\t\t\t\t\t\t\ttype=\"rotate\"\n\t\t\t\t\t\t\tfrom=\"0 67 67\"\n\t\t\t\t\t\t\tto=\"-360 67 67\"\n\t\t\t\t\t\t\tdur=\"2.5s\"\n\t\t\t\t\t\t\trepeatCount=\"indefinite\"\/>\n\t\t\t\t\t<\/path>\n\t\t\t\t\t<path d=\"M28.19 40.31c6.627 0 12-5.374 12-12 0-6.628-5.373-12-12-12-6.628 0-12 5.372-12 12 0 6.626 5.372 12 12 12zm30.72-19.825c4.686 4.687 12.284 4.687 16.97 0 4.686-4.686 4.686-12.284 0-16.97-4.686-4.687-12.284-4.687-16.97 0-4.687 4.686-4.687 12.284 0 16.97zm35.74 7.705c0 6.627 5.37 12 12 12 6.626 0 12-5.373 12-12 0-6.628-5.374-12-12-12-6.63 0-12 5.372-12 12zm19.822 30.72c-4.686 4.686-4.686 12.284 0 16.97 4.687 4.686 12.285 4.686 16.97 0 4.687-4.686 4.687-12.284 0-16.97-4.685-4.687-12.283-4.687-16.97 0zm-7.704 35.74c-6.627 0-12 5.37-12 12 0 6.626 5.373 12 12 12s12-5.374 12-12c0-6.63-5.373-12-12-12zm-30.72 19.822c-4.686-4.686-12.284-4.686-16.97 0-4.686 4.687-4.686 12.285 0 16.97 4.686 4.687 12.284 4.687 16.97 0 4.687-4.685 4.687-12.283 0-16.97zm-35.74-7.704c0-6.627-5.372-12-12-12-6.626 0-12 5.373-12 12s5.374 12 12 12c6.628 0 12-5.373 12-12zm-19.823-30.72c4.687-4.686 4.687-12.284 0-16.97-4.686-4.686-12.284-4.686-16.97 0-4.687 4.686-4.687 12.284 0 16.97 4.686 4.687 12.284 4.687 16.97 0z\">\n\t\t\t\t\t\t<animateTransform\n\t\t\t\t\t\t\tattributeName=\"transform\"\n\t\t\t\t\t\t\ttype=\"rotate\"\n\t\t\t\t\t\t\tfrom=\"0 67 67\"\n\t\t\t\t\t\t\tto=\"360 67 67\"\n\t\t\t\t\t\t\tdur=\"8s\"\n\t\t\t\t\t\t\trepeatCount=\"indefinite\"\/>\n\t\t\t\t\t<\/path><\/svg><\/div><\/div>\n<!-- End [photo 27 cache=\"inf\"] \/index.php?rest_route=%2Fwp%2Fv2%2Fposts%2F10736 oc 2 0 queries in 0.7 ms. at 09:58. Max mem:  78.00 Mb. (cached)  --><\/a><\/p>\n<p><a href=\"https:\/\/www.roessmann.name\/fotoalben-1255\/wppaspec\/oc1\/cv0\/ab4v1znv4oG8S1\" target=\"_blank\" rel=\"noopener\">\r\n\t\t\t\t<div\r\n\t\t\t\t\tid=\"wppa-container-wrapper-3\"\r\n\t\t\t\t\tclass=\"aligncenter wppa-container-wrapper \"\r\n\t\t\t\t\tstyle=\"width:350px;display:block;margin-left:auto;margin-right:auto;padding:0;position:relative;\"\r\n\t\t\t\t\t>\r\n\t\t<div\r\n\t\t\tid=\"wppa-container-3\"\r\n\t\t\tstyle=\"width:100%;\"\r\n\t\t\tclass=\"wppa-container aligncenter wp-caption\"\r\n\t\t\t><div style=\"font-size:0;line-height:0\"><img decoding=\"async\" id=\"ph-26-3\" title=\"Wohnen statt Drohnen_\" style=\"width:100%;margin:0;padding:0;border:none;\" src=\"https:\/\/offenbacher-friedensinitiative.de\/wp-content\/uploads\/wppa\/26.jpg?ver=19\" alt=\"Wohnen statt Drohnen_\" class=\"size-medium wppa-sphoto\"><\/div><div class=\"wp-caption-text\"><\/div><svg id=\"wppa-ajax-spin-3\" class=\"wppa-ajax-spin uil-default\" width=\"120px\" height=\"120px\" viewBox=\"0 0 135 135\" preserveAspectRatio=\"xMidYMid\" stroke=\"\" style=\"\n\t\t\t\twidth:120px;\n\t\t\t\theight:120px;\n\t\t\t\tposition:fixed;\n\t\t\t\ttop:50%;\n\t\t\t\tmargin-top:-60px;\n\t\t\t\tleft:50%;\n\t\t\t\tmargin-left:-60px;\n\t\t\t\topacity:1;\n\t\t\t\tdisplay:none;\n\t\t\t\tfill:#666666;\n\t\t\t\tbackground-color:transparent;\n\t\t\t\tborder-radius:24px;\"><path d=\"M67.447 58c5.523 0 10-4.477 10-10s-4.477-10-10-10-10 4.477-10 10 4.477 10 10 10zm9.448 9.447c0 5.523 4.477 10 10 10 5.522 0 10-4.477 10-10s-4.478-10-10-10c-5.523 0-10 4.477-10 10zm-9.448 9.448c-5.523 0-10 4.477-10 10 0 5.522 4.477 10 10 10s10-4.478 10-10c0-5.523-4.477-10-10-10zM58 67.447c0-5.523-4.477-10-10-10s-10 4.477-10 10 4.477 10 10 10 10-4.477 10-10z\">\n\t\t\t\t\t\t<animateTransform\n\t\t\t\t\t\t\tattributeName=\"transform\"\n\t\t\t\t\t\t\ttype=\"rotate\"\n\t\t\t\t\t\t\tfrom=\"0 67 67\"\n\t\t\t\t\t\t\tto=\"-360 67 67\"\n\t\t\t\t\t\t\tdur=\"2.5s\"\n\t\t\t\t\t\t\trepeatCount=\"indefinite\"\/>\n\t\t\t\t\t<\/path>\n\t\t\t\t\t<path d=\"M28.19 40.31c6.627 0 12-5.374 12-12 0-6.628-5.373-12-12-12-6.628 0-12 5.372-12 12 0 6.626 5.372 12 12 12zm30.72-19.825c4.686 4.687 12.284 4.687 16.97 0 4.686-4.686 4.686-12.284 0-16.97-4.686-4.687-12.284-4.687-16.97 0-4.687 4.686-4.687 12.284 0 16.97zm35.74 7.705c0 6.627 5.37 12 12 12 6.626 0 12-5.373 12-12 0-6.628-5.374-12-12-12-6.63 0-12 5.372-12 12zm19.822 30.72c-4.686 4.686-4.686 12.284 0 16.97 4.687 4.686 12.285 4.686 16.97 0 4.687-4.686 4.687-12.284 0-16.97-4.685-4.687-12.283-4.687-16.97 0zm-7.704 35.74c-6.627 0-12 5.37-12 12 0 6.626 5.373 12 12 12s12-5.374 12-12c0-6.63-5.373-12-12-12zm-30.72 19.822c-4.686-4.686-12.284-4.686-16.97 0-4.686 4.687-4.686 12.285 0 16.97 4.686 4.687 12.284 4.687 16.97 0 4.687-4.685 4.687-12.283 0-16.97zm-35.74-7.704c0-6.627-5.372-12-12-12-6.626 0-12 5.373-12 12s5.374 12 12 12c6.628 0 12-5.373 12-12zm-19.823-30.72c4.687-4.686 4.687-12.284 0-16.97-4.686-4.686-12.284-4.686-16.97 0-4.687 4.686-4.687 12.284 0 16.97 4.686 4.687 12.284 4.687 16.97 0z\">\n\t\t\t\t\t\t<animateTransform\n\t\t\t\t\t\t\tattributeName=\"transform\"\n\t\t\t\t\t\t\ttype=\"rotate\"\n\t\t\t\t\t\t\tfrom=\"0 67 67\"\n\t\t\t\t\t\t\tto=\"360 67 67\"\n\t\t\t\t\t\t\tdur=\"8s\"\n\t\t\t\t\t\t\trepeatCount=\"indefinite\"\/>\n\t\t\t\t\t<\/path><\/svg><\/div><\/div>\n<!-- End [photo 26 cache=\"inf\"] \/index.php?rest_route=%2Fwp%2Fv2%2Fposts%2F10736 oc 3 0 queries in 0.2 ms. at 09:58. Max mem:  78.00 Mb. (cached)  --><\/a><\/p>\n<p><span style=\"font-size: 14pt;\">Mit der Kundgebung konnten wir \u00d6ffentlichkeit schaffen f\u00fcr die Forderung nach \u00c4chtung von Kriegen. Einige Redebeitr\u00e4ge werden im Folgenden dokumentiert:<\/span><\/p>\n<p><a href=\"https:\/\/www.roessmann.name\/fotoalben-1255\/wppaspec\/oc1\/cv0\/ab4v1znv4oG8S1\" target=\"_blank\" rel=\"noopener\">\r\n\t\t\t\t<div\r\n\t\t\t\t\tid=\"wppa-container-wrapper-4\"\r\n\t\t\t\t\tclass=\"aligncenter wppa-container-wrapper \"\r\n\t\t\t\t\tstyle=\"width:350px;display:block;margin-left:auto;margin-right:auto;padding:0;position:relative;\"\r\n\t\t\t\t\t>\r\n\t\t<div\r\n\t\t\tid=\"wppa-container-4\"\r\n\t\t\tstyle=\"width:100%;\"\r\n\t\t\tclass=\"wppa-container aligncenter wp-caption\"\r\n\t\t\t><div style=\"font-size:0;line-height:0\"><img decoding=\"async\" id=\"ph-24-4\" title=\"Reiner Diederich Kunstgesellschaft Ffm\" style=\"width:100%;margin:0;padding:0;border:none;\" src=\"https:\/\/offenbacher-friedensinitiative.de\/wp-content\/uploads\/wppa\/thumbs\/24.jpg?ver=16\" alt=\"Reiner Diederich Kunstgesellschaft Ffm\" class=\"size-medium wppa-sphoto\"><\/div><div class=\"wp-caption-text\"><\/div><svg id=\"wppa-ajax-spin-4\" class=\"wppa-ajax-spin uil-default\" width=\"120px\" height=\"120px\" viewBox=\"0 0 135 135\" preserveAspectRatio=\"xMidYMid\" stroke=\"\" style=\"\n\t\t\t\twidth:120px;\n\t\t\t\theight:120px;\n\t\t\t\tposition:fixed;\n\t\t\t\ttop:50%;\n\t\t\t\tmargin-top:-60px;\n\t\t\t\tleft:50%;\n\t\t\t\tmargin-left:-60px;\n\t\t\t\topacity:1;\n\t\t\t\tdisplay:none;\n\t\t\t\tfill:#666666;\n\t\t\t\tbackground-color:transparent;\n\t\t\t\tborder-radius:24px;\"><path d=\"M67.447 58c5.523 0 10-4.477 10-10s-4.477-10-10-10-10 4.477-10 10 4.477 10 10 10zm9.448 9.447c0 5.523 4.477 10 10 10 5.522 0 10-4.477 10-10s-4.478-10-10-10c-5.523 0-10 4.477-10 10zm-9.448 9.448c-5.523 0-10 4.477-10 10 0 5.522 4.477 10 10 10s10-4.478 10-10c0-5.523-4.477-10-10-10zM58 67.447c0-5.523-4.477-10-10-10s-10 4.477-10 10 4.477 10 10 10 10-4.477 10-10z\">\n\t\t\t\t\t\t<animateTransform\n\t\t\t\t\t\t\tattributeName=\"transform\"\n\t\t\t\t\t\t\ttype=\"rotate\"\n\t\t\t\t\t\t\tfrom=\"0 67 67\"\n\t\t\t\t\t\t\tto=\"-360 67 67\"\n\t\t\t\t\t\t\tdur=\"2.5s\"\n\t\t\t\t\t\t\trepeatCount=\"indefinite\"\/>\n\t\t\t\t\t<\/path>\n\t\t\t\t\t<path d=\"M28.19 40.31c6.627 0 12-5.374 12-12 0-6.628-5.373-12-12-12-6.628 0-12 5.372-12 12 0 6.626 5.372 12 12 12zm30.72-19.825c4.686 4.687 12.284 4.687 16.97 0 4.686-4.686 4.686-12.284 0-16.97-4.686-4.687-12.284-4.687-16.97 0-4.687 4.686-4.687 12.284 0 16.97zm35.74 7.705c0 6.627 5.37 12 12 12 6.626 0 12-5.373 12-12 0-6.628-5.374-12-12-12-6.63 0-12 5.372-12 12zm19.822 30.72c-4.686 4.686-4.686 12.284 0 16.97 4.687 4.686 12.285 4.686 16.97 0 4.687-4.686 4.687-12.284 0-16.97-4.685-4.687-12.283-4.687-16.97 0zm-7.704 35.74c-6.627 0-12 5.37-12 12 0 6.626 5.373 12 12 12s12-5.374 12-12c0-6.63-5.373-12-12-12zm-30.72 19.822c-4.686-4.686-12.284-4.686-16.97 0-4.686 4.687-4.686 12.285 0 16.97 4.686 4.687 12.284 4.687 16.97 0 4.687-4.685 4.687-12.283 0-16.97zm-35.74-7.704c0-6.627-5.372-12-12-12-6.626 0-12 5.373-12 12s5.374 12 12 12c6.628 0 12-5.373 12-12zm-19.823-30.72c4.687-4.686 4.687-12.284 0-16.97-4.686-4.686-12.284-4.686-16.97 0-4.687 4.686-4.687 12.284 0 16.97 4.686 4.687 12.284 4.687 16.97 0z\">\n\t\t\t\t\t\t<animateTransform\n\t\t\t\t\t\t\tattributeName=\"transform\"\n\t\t\t\t\t\t\ttype=\"rotate\"\n\t\t\t\t\t\t\tfrom=\"0 67 67\"\n\t\t\t\t\t\t\tto=\"360 67 67\"\n\t\t\t\t\t\t\tdur=\"8s\"\n\t\t\t\t\t\t\trepeatCount=\"indefinite\"\/>\n\t\t\t\t\t<\/path><\/svg><\/div><\/div>\n<!-- End [photo 24 cache=\"inf\"] \/index.php?rest_route=%2Fwp%2Fv2%2Fposts%2F10736 oc 4 0 queries in 0.2 ms. at 09:58. Max mem:  78.00 Mb. (cached)  --><\/a><\/p>\n<p style=\"text-align: center;\">Reiner Diederich - KunstGesellschaft<\/p>\n<p style=\"text-align: center;\"><a href=\"https:\/\/offenbacher-friedensinitiative.de\/wp-content\/uploads\/2019\/09\/Reiner-Diederich.pdf\" target=\"_blank\" rel=\"noopener\"><b>Anmerkungen zur Gestaltung des Kriegerdenkmals in Offenbach<\/b><\/a><\/p>\n<p>&nbsp;<\/p>\n<p><a href=\"https:\/\/www.roessmann.name\/fotoalben-1255\/wppaspec\/oc1\/cv0\/ab4v1znv4oG8S1\" target=\"_blank\" rel=\"noopener\">\r\n\t\t\t\t<div\r\n\t\t\t\t\tid=\"wppa-container-wrapper-5\"\r\n\t\t\t\t\tclass=\"aligncenter wppa-container-wrapper \"\r\n\t\t\t\t\tstyle=\"width:350px;display:block;margin-left:auto;margin-right:auto;padding:0;position:relative;\"\r\n\t\t\t\t\t>\r\n\t\t<div\r\n\t\t\tid=\"wppa-container-5\"\r\n\t\t\tstyle=\"width:100%;\"\r\n\t\t\tclass=\"wppa-container aligncenter wp-caption\"\r\n\t\t\t><div style=\"font-size:0;line-height:0\"><img decoding=\"async\" id=\"ph-22-5\" title=\"Guenther Rohr VVN BdA_\" style=\"width:100%;margin:0;padding:0;border:none;\" src=\"https:\/\/offenbacher-friedensinitiative.de\/wp-content\/uploads\/wppa\/22.jpg?ver=19\" alt=\"Guenther Rohr VVN BdA_\" class=\"size-medium wppa-sphoto\"><\/div><div class=\"wp-caption-text\"><\/div><svg id=\"wppa-ajax-spin-5\" class=\"wppa-ajax-spin uil-default\" width=\"120px\" height=\"120px\" viewBox=\"0 0 135 135\" preserveAspectRatio=\"xMidYMid\" stroke=\"\" style=\"\n\t\t\t\twidth:120px;\n\t\t\t\theight:120px;\n\t\t\t\tposition:fixed;\n\t\t\t\ttop:50%;\n\t\t\t\tmargin-top:-60px;\n\t\t\t\tleft:50%;\n\t\t\t\tmargin-left:-60px;\n\t\t\t\topacity:1;\n\t\t\t\tdisplay:none;\n\t\t\t\tfill:#666666;\n\t\t\t\tbackground-color:transparent;\n\t\t\t\tborder-radius:24px;\"><path d=\"M67.447 58c5.523 0 10-4.477 10-10s-4.477-10-10-10-10 4.477-10 10 4.477 10 10 10zm9.448 9.447c0 5.523 4.477 10 10 10 5.522 0 10-4.477 10-10s-4.478-10-10-10c-5.523 0-10 4.477-10 10zm-9.448 9.448c-5.523 0-10 4.477-10 10 0 5.522 4.477 10 10 10s10-4.478 10-10c0-5.523-4.477-10-10-10zM58 67.447c0-5.523-4.477-10-10-10s-10 4.477-10 10 4.477 10 10 10 10-4.477 10-10z\">\n\t\t\t\t\t\t<animateTransform\n\t\t\t\t\t\t\tattributeName=\"transform\"\n\t\t\t\t\t\t\ttype=\"rotate\"\n\t\t\t\t\t\t\tfrom=\"0 67 67\"\n\t\t\t\t\t\t\tto=\"-360 67 67\"\n\t\t\t\t\t\t\tdur=\"2.5s\"\n\t\t\t\t\t\t\trepeatCount=\"indefinite\"\/>\n\t\t\t\t\t<\/path>\n\t\t\t\t\t<path d=\"M28.19 40.31c6.627 0 12-5.374 12-12 0-6.628-5.373-12-12-12-6.628 0-12 5.372-12 12 0 6.626 5.372 12 12 12zm30.72-19.825c4.686 4.687 12.284 4.687 16.97 0 4.686-4.686 4.686-12.284 0-16.97-4.686-4.687-12.284-4.687-16.97 0-4.687 4.686-4.687 12.284 0 16.97zm35.74 7.705c0 6.627 5.37 12 12 12 6.626 0 12-5.373 12-12 0-6.628-5.374-12-12-12-6.63 0-12 5.372-12 12zm19.822 30.72c-4.686 4.686-4.686 12.284 0 16.97 4.687 4.686 12.285 4.686 16.97 0 4.687-4.686 4.687-12.284 0-16.97-4.685-4.687-12.283-4.687-16.97 0zm-7.704 35.74c-6.627 0-12 5.37-12 12 0 6.626 5.373 12 12 12s12-5.374 12-12c0-6.63-5.373-12-12-12zm-30.72 19.822c-4.686-4.686-12.284-4.686-16.97 0-4.686 4.687-4.686 12.285 0 16.97 4.686 4.687 12.284 4.687 16.97 0 4.687-4.685 4.687-12.283 0-16.97zm-35.74-7.704c0-6.627-5.372-12-12-12-6.626 0-12 5.373-12 12s5.374 12 12 12c6.628 0 12-5.373 12-12zm-19.823-30.72c4.687-4.686 4.687-12.284 0-16.97-4.686-4.686-12.284-4.686-16.97 0-4.687 4.686-4.687 12.284 0 16.97 4.686 4.687 12.284 4.687 16.97 0z\">\n\t\t\t\t\t\t<animateTransform\n\t\t\t\t\t\t\tattributeName=\"transform\"\n\t\t\t\t\t\t\ttype=\"rotate\"\n\t\t\t\t\t\t\tfrom=\"0 67 67\"\n\t\t\t\t\t\t\tto=\"360 67 67\"\n\t\t\t\t\t\t\tdur=\"8s\"\n\t\t\t\t\t\t\trepeatCount=\"indefinite\"\/>\n\t\t\t\t\t<\/path><\/svg><\/div><\/div>\n<!-- End [photo 22 cache=\"inf\"] \/index.php?rest_route=%2Fwp%2Fv2%2Fposts%2F10736 oc 5 0 queries in 0.3 ms. at 09:58. Max mem:  78.00 Mb. (cached)  --><\/a><\/p>\n<p style=\"text-align: center;\">G\u00fcnther Rohr  - VVN BdA<\/p>\n<p style=\"text-align: center;\"><a href=\"https:\/\/offenbacher-friedensinitiative.de\/wp-content\/uploads\/2019\/09\/Guenther-Rohr.pdf\" target=\"_blank\" rel=\"noopener\"><strong>Gegen jegliche Militarisierung<\/strong><\/a><\/p>\n<p>&nbsp;<\/p>\n<p><a href=\"https:\/\/www.roessmann.name\/fotoalben-1255\/wppaspec\/oc1\/cv0\/ab4v1znv4oG8S1\" target=\"_blank\" rel=\"noopener\">\r\n\t\t\t\t<div\r\n\t\t\t\t\tid=\"wppa-container-wrapper-6\"\r\n\t\t\t\t\tclass=\"aligncenter wppa-container-wrapper \"\r\n\t\t\t\t\tstyle=\"width:350px;display:block;margin-left:auto;margin-right:auto;padding:0;position:relative;\"\r\n\t\t\t\t\t>\r\n\t\t<div\r\n\t\t\tid=\"wppa-container-6\"\r\n\t\t\tstyle=\"width:100%;\"\r\n\t\t\tclass=\"wppa-container aligncenter wp-caption\"\r\n\t\t\t><div style=\"font-size:0;line-height:0\"><img decoding=\"async\" id=\"ph-19-6\" title=\"Christa Fuehrer-Roessmannn Offenbacher Friedensinitiative\" style=\"width:100%;margin:0;padding:0;border:none;\" src=\"https:\/\/offenbacher-friedensinitiative.de\/wp-content\/uploads\/wppa\/19.jpg?ver=19\" alt=\"Christa Fuehrer-Roessmannn Offenbacher Friedensinitiative\" class=\"size-medium wppa-sphoto\"><\/div><div class=\"wp-caption-text\"><\/div><svg id=\"wppa-ajax-spin-6\" class=\"wppa-ajax-spin uil-default\" width=\"120px\" height=\"120px\" viewBox=\"0 0 135 135\" preserveAspectRatio=\"xMidYMid\" stroke=\"\" style=\"\n\t\t\t\twidth:120px;\n\t\t\t\theight:120px;\n\t\t\t\tposition:fixed;\n\t\t\t\ttop:50%;\n\t\t\t\tmargin-top:-60px;\n\t\t\t\tleft:50%;\n\t\t\t\tmargin-left:-60px;\n\t\t\t\topacity:1;\n\t\t\t\tdisplay:none;\n\t\t\t\tfill:#666666;\n\t\t\t\tbackground-color:transparent;\n\t\t\t\tborder-radius:24px;\"><path d=\"M67.447 58c5.523 0 10-4.477 10-10s-4.477-10-10-10-10 4.477-10 10 4.477 10 10 10zm9.448 9.447c0 5.523 4.477 10 10 10 5.522 0 10-4.477 10-10s-4.478-10-10-10c-5.523 0-10 4.477-10 10zm-9.448 9.448c-5.523 0-10 4.477-10 10 0 5.522 4.477 10 10 10s10-4.478 10-10c0-5.523-4.477-10-10-10zM58 67.447c0-5.523-4.477-10-10-10s-10 4.477-10 10 4.477 10 10 10 10-4.477 10-10z\">\n\t\t\t\t\t\t<animateTransform\n\t\t\t\t\t\t\tattributeName=\"transform\"\n\t\t\t\t\t\t\ttype=\"rotate\"\n\t\t\t\t\t\t\tfrom=\"0 67 67\"\n\t\t\t\t\t\t\tto=\"-360 67 67\"\n\t\t\t\t\t\t\tdur=\"2.5s\"\n\t\t\t\t\t\t\trepeatCount=\"indefinite\"\/>\n\t\t\t\t\t<\/path>\n\t\t\t\t\t<path d=\"M28.19 40.31c6.627 0 12-5.374 12-12 0-6.628-5.373-12-12-12-6.628 0-12 5.372-12 12 0 6.626 5.372 12 12 12zm30.72-19.825c4.686 4.687 12.284 4.687 16.97 0 4.686-4.686 4.686-12.284 0-16.97-4.686-4.687-12.284-4.687-16.97 0-4.687 4.686-4.687 12.284 0 16.97zm35.74 7.705c0 6.627 5.37 12 12 12 6.626 0 12-5.373 12-12 0-6.628-5.374-12-12-12-6.63 0-12 5.372-12 12zm19.822 30.72c-4.686 4.686-4.686 12.284 0 16.97 4.687 4.686 12.285 4.686 16.97 0 4.687-4.686 4.687-12.284 0-16.97-4.685-4.687-12.283-4.687-16.97 0zm-7.704 35.74c-6.627 0-12 5.37-12 12 0 6.626 5.373 12 12 12s12-5.374 12-12c0-6.63-5.373-12-12-12zm-30.72 19.822c-4.686-4.686-12.284-4.686-16.97 0-4.686 4.687-4.686 12.285 0 16.97 4.686 4.687 12.284 4.687 16.97 0 4.687-4.685 4.687-12.283 0-16.97zm-35.74-7.704c0-6.627-5.372-12-12-12-6.626 0-12 5.373-12 12s5.374 12 12 12c6.628 0 12-5.373 12-12zm-19.823-30.72c4.687-4.686 4.687-12.284 0-16.97-4.686-4.686-12.284-4.686-16.97 0-4.687 4.686-4.687 12.284 0 16.97 4.686 4.687 12.284 4.687 16.97 0z\">\n\t\t\t\t\t\t<animateTransform\n\t\t\t\t\t\t\tattributeName=\"transform\"\n\t\t\t\t\t\t\ttype=\"rotate\"\n\t\t\t\t\t\t\tfrom=\"0 67 67\"\n\t\t\t\t\t\t\tto=\"360 67 67\"\n\t\t\t\t\t\t\tdur=\"8s\"\n\t\t\t\t\t\t\trepeatCount=\"indefinite\"\/>\n\t\t\t\t\t<\/path><\/svg><\/div><\/div>\n<!-- End [photo 19 cache=\"inf\"] \/index.php?rest_route=%2Fwp%2Fv2%2Fposts%2F10736 oc 6 0 queries in 0.2 ms. at 09:58. Max mem:  78.00 Mb. (cached)  --><\/a><\/p>\n<p style=\"text-align: center;\">Christa F\u00fchrer-R\u00f6\u00dfmann - Offenbacher Friedensinitiative<\/p>\n<p style=\"text-align: center;\"><a href=\"https:\/\/offenbacher-friedensinitiative.de\/wp-content\/uploads\/2019\/09\/Rede-Gefallenendenkmal.pdf\" target=\"_blank\" rel=\"noopener\">Redebeitrag<\/a><\/p>\n<p>&nbsp;<\/p>\n<p><a href=\"https:\/\/www.roessmann.name\/fotoalben-1255\/wppaspec\/oc1\/cv0\/ab4v1znv4oG8S1\" target=\"_blank\" rel=\"noopener\">\r\n\t\t\t\t<div\r\n\t\t\t\t\tid=\"wppa-container-wrapper-7\"\r\n\t\t\t\t\tclass=\"aligncenter wppa-container-wrapper \"\r\n\t\t\t\t\tstyle=\"width:350px;display:block;margin-left:auto;margin-right:auto;padding:0;position:relative;\"\r\n\t\t\t\t\t>\r\n\t\t<div\r\n\t\t\tid=\"wppa-container-7\"\r\n\t\t\tstyle=\"width:100%;\"\r\n\t\t\tclass=\"wppa-container aligncenter wp-caption\"\r\n\t\t\t><div style=\"font-size:0;line-height:0\"><img decoding=\"async\" id=\"ph-21-7\" title=\"Guenter Burkart  Naturfreunde\" style=\"width:100%;margin:0;padding:0;border:none;\" src=\"https:\/\/offenbacher-friedensinitiative.de\/wp-content\/uploads\/wppa\/thumbs\/21.jpg?ver=16\" alt=\"Guenter Burkart  Naturfreunde\" class=\"size-medium wppa-sphoto\"><\/div><div class=\"wp-caption-text\"><\/div><svg id=\"wppa-ajax-spin-7\" class=\"wppa-ajax-spin uil-default\" width=\"120px\" height=\"120px\" viewBox=\"0 0 135 135\" preserveAspectRatio=\"xMidYMid\" stroke=\"\" style=\"\n\t\t\t\twidth:120px;\n\t\t\t\theight:120px;\n\t\t\t\tposition:fixed;\n\t\t\t\ttop:50%;\n\t\t\t\tmargin-top:-60px;\n\t\t\t\tleft:50%;\n\t\t\t\tmargin-left:-60px;\n\t\t\t\topacity:1;\n\t\t\t\tdisplay:none;\n\t\t\t\tfill:#666666;\n\t\t\t\tbackground-color:transparent;\n\t\t\t\tborder-radius:24px;\"><path d=\"M67.447 58c5.523 0 10-4.477 10-10s-4.477-10-10-10-10 4.477-10 10 4.477 10 10 10zm9.448 9.447c0 5.523 4.477 10 10 10 5.522 0 10-4.477 10-10s-4.478-10-10-10c-5.523 0-10 4.477-10 10zm-9.448 9.448c-5.523 0-10 4.477-10 10 0 5.522 4.477 10 10 10s10-4.478 10-10c0-5.523-4.477-10-10-10zM58 67.447c0-5.523-4.477-10-10-10s-10 4.477-10 10 4.477 10 10 10 10-4.477 10-10z\">\n\t\t\t\t\t\t<animateTransform\n\t\t\t\t\t\t\tattributeName=\"transform\"\n\t\t\t\t\t\t\ttype=\"rotate\"\n\t\t\t\t\t\t\tfrom=\"0 67 67\"\n\t\t\t\t\t\t\tto=\"-360 67 67\"\n\t\t\t\t\t\t\tdur=\"2.5s\"\n\t\t\t\t\t\t\trepeatCount=\"indefinite\"\/>\n\t\t\t\t\t<\/path>\n\t\t\t\t\t<path d=\"M28.19 40.31c6.627 0 12-5.374 12-12 0-6.628-5.373-12-12-12-6.628 0-12 5.372-12 12 0 6.626 5.372 12 12 12zm30.72-19.825c4.686 4.687 12.284 4.687 16.97 0 4.686-4.686 4.686-12.284 0-16.97-4.686-4.687-12.284-4.687-16.97 0-4.687 4.686-4.687 12.284 0 16.97zm35.74 7.705c0 6.627 5.37 12 12 12 6.626 0 12-5.373 12-12 0-6.628-5.374-12-12-12-6.63 0-12 5.372-12 12zm19.822 30.72c-4.686 4.686-4.686 12.284 0 16.97 4.687 4.686 12.285 4.686 16.97 0 4.687-4.686 4.687-12.284 0-16.97-4.685-4.687-12.283-4.687-16.97 0zm-7.704 35.74c-6.627 0-12 5.37-12 12 0 6.626 5.373 12 12 12s12-5.374 12-12c0-6.63-5.373-12-12-12zm-30.72 19.822c-4.686-4.686-12.284-4.686-16.97 0-4.686 4.687-4.686 12.285 0 16.97 4.686 4.687 12.284 4.687 16.97 0 4.687-4.685 4.687-12.283 0-16.97zm-35.74-7.704c0-6.627-5.372-12-12-12-6.626 0-12 5.373-12 12s5.374 12 12 12c6.628 0 12-5.373 12-12zm-19.823-30.72c4.687-4.686 4.687-12.284 0-16.97-4.686-4.686-12.284-4.686-16.97 0-4.687 4.686-4.687 12.284 0 16.97 4.686 4.687 12.284 4.687 16.97 0z\">\n\t\t\t\t\t\t<animateTransform\n\t\t\t\t\t\t\tattributeName=\"transform\"\n\t\t\t\t\t\t\ttype=\"rotate\"\n\t\t\t\t\t\t\tfrom=\"0 67 67\"\n\t\t\t\t\t\t\tto=\"360 67 67\"\n\t\t\t\t\t\t\tdur=\"8s\"\n\t\t\t\t\t\t\trepeatCount=\"indefinite\"\/>\n\t\t\t\t\t<\/path><\/svg><\/div><\/div>\n<!-- End [photo 21 cache=\"inf\"] \/index.php?rest_route=%2Fwp%2Fv2%2Fposts%2F10736 oc 7 0 queries in 0.2 ms. at 09:58. Max mem:  78.00 Mb. (cached)  --><\/a><\/p>\n<p style=\"text-align: center;\">G\u00fcnther Burkhardt - Naturfreunde Offenbach<\/p>\n<p style=\"text-align: center;\"><a href=\"https:\/\/offenbacher-friedensinitiative.de\/wp-content\/uploads\/2019\/09\/Rede-zum-1.-September-G\u00fcnter-Burkart.pdf\" target=\"_blank\" rel=\"noopener\">Redebeitrag<\/a><\/p>\n<p>&nbsp;<\/p>\n<p><a href=\"https:\/\/www.roessmann.name\/fotoalben-1255\/wppaspec\/oc1\/cv0\/ab4v1znv4oG8S1\" target=\"_blank\" rel=\"noopener\">\r\n\t\t\t\t<div\r\n\t\t\t\t\tid=\"wppa-container-wrapper-8\"\r\n\t\t\t\t\tclass=\"aligncenter wppa-container-wrapper \"\r\n\t\t\t\t\tstyle=\"width:350px;display:block;margin-left:auto;margin-right:auto;padding:0;position:relative;\"\r\n\t\t\t\t\t>\r\n\t\t<div\r\n\t\t\tid=\"wppa-container-8\"\r\n\t\t\tstyle=\"width:100%;\"\r\n\t\t\tclass=\"wppa-container aligncenter wp-caption\"\r\n\t\t\t><div style=\"font-size:0;line-height:0\"><img decoding=\"async\" id=\"ph-23-8\" title=\"Kitas statt Kanonen\" style=\"width:100%;margin:0;padding:0;border:none;\" src=\"https:\/\/offenbacher-friedensinitiative.de\/wp-content\/uploads\/wppa\/thumbs\/23.jpg?ver=16\" alt=\"Kitas statt Kanonen\" class=\"size-medium wppa-sphoto\"><\/div><div class=\"wp-caption-text\"><\/div><svg id=\"wppa-ajax-spin-8\" class=\"wppa-ajax-spin uil-default\" width=\"120px\" height=\"120px\" viewBox=\"0 0 135 135\" preserveAspectRatio=\"xMidYMid\" stroke=\"\" style=\"\n\t\t\t\twidth:120px;\n\t\t\t\theight:120px;\n\t\t\t\tposition:fixed;\n\t\t\t\ttop:50%;\n\t\t\t\tmargin-top:-60px;\n\t\t\t\tleft:50%;\n\t\t\t\tmargin-left:-60px;\n\t\t\t\topacity:1;\n\t\t\t\tdisplay:none;\n\t\t\t\tfill:#666666;\n\t\t\t\tbackground-color:transparent;\n\t\t\t\tborder-radius:24px;\"><path d=\"M67.447 58c5.523 0 10-4.477 10-10s-4.477-10-10-10-10 4.477-10 10 4.477 10 10 10zm9.448 9.447c0 5.523 4.477 10 10 10 5.522 0 10-4.477 10-10s-4.478-10-10-10c-5.523 0-10 4.477-10 10zm-9.448 9.448c-5.523 0-10 4.477-10 10 0 5.522 4.477 10 10 10s10-4.478 10-10c0-5.523-4.477-10-10-10zM58 67.447c0-5.523-4.477-10-10-10s-10 4.477-10 10 4.477 10 10 10 10-4.477 10-10z\">\n\t\t\t\t\t\t<animateTransform\n\t\t\t\t\t\t\tattributeName=\"transform\"\n\t\t\t\t\t\t\ttype=\"rotate\"\n\t\t\t\t\t\t\tfrom=\"0 67 67\"\n\t\t\t\t\t\t\tto=\"-360 67 67\"\n\t\t\t\t\t\t\tdur=\"2.5s\"\n\t\t\t\t\t\t\trepeatCount=\"indefinite\"\/>\n\t\t\t\t\t<\/path>\n\t\t\t\t\t<path d=\"M28.19 40.31c6.627 0 12-5.374 12-12 0-6.628-5.373-12-12-12-6.628 0-12 5.372-12 12 0 6.626 5.372 12 12 12zm30.72-19.825c4.686 4.687 12.284 4.687 16.97 0 4.686-4.686 4.686-12.284 0-16.97-4.686-4.687-12.284-4.687-16.97 0-4.687 4.686-4.687 12.284 0 16.97zm35.74 7.705c0 6.627 5.37 12 12 12 6.626 0 12-5.373 12-12 0-6.628-5.374-12-12-12-6.63 0-12 5.372-12 12zm19.822 30.72c-4.686 4.686-4.686 12.284 0 16.97 4.687 4.686 12.285 4.686 16.97 0 4.687-4.686 4.687-12.284 0-16.97-4.685-4.687-12.283-4.687-16.97 0zm-7.704 35.74c-6.627 0-12 5.37-12 12 0 6.626 5.373 12 12 12s12-5.374 12-12c0-6.63-5.373-12-12-12zm-30.72 19.822c-4.686-4.686-12.284-4.686-16.97 0-4.686 4.687-4.686 12.285 0 16.97 4.686 4.687 12.284 4.687 16.97 0 4.687-4.685 4.687-12.283 0-16.97zm-35.74-7.704c0-6.627-5.372-12-12-12-6.626 0-12 5.373-12 12s5.374 12 12 12c6.628 0 12-5.373 12-12zm-19.823-30.72c4.687-4.686 4.687-12.284 0-16.97-4.686-4.686-12.284-4.686-16.97 0-4.687 4.686-4.687 12.284 0 16.97 4.686 4.687 12.284 4.687 16.97 0z\">\n\t\t\t\t\t\t<animateTransform\n\t\t\t\t\t\t\tattributeName=\"transform\"\n\t\t\t\t\t\t\ttype=\"rotate\"\n\t\t\t\t\t\t\tfrom=\"0 67 67\"\n\t\t\t\t\t\t\tto=\"360 67 67\"\n\t\t\t\t\t\t\tdur=\"8s\"\n\t\t\t\t\t\t\trepeatCount=\"indefinite\"\/>\n\t\t\t\t\t<\/path><\/svg><\/div><\/div>\n<!-- End [photo 23 cache=\"inf\"] \/index.php?rest_route=%2Fwp%2Fv2%2Fposts%2F10736 oc 8 0 queries in 0.2 ms. at 09:58. Max mem:  78.00 Mb. (cached)  --><\/a><\/p>\n<p><a href=\"https:\/\/www.roessmann.name\/fotoalben-1255\/wppaspec\/oc1\/cv0\/ab4v1znv4oG8S1\" target=\"_blank\" rel=\"noopener\">\r\n\t\t\t\t<div\r\n\t\t\t\t\tid=\"wppa-container-wrapper-9\"\r\n\t\t\t\t\tclass=\"aligncenter wppa-container-wrapper \"\r\n\t\t\t\t\tstyle=\"width:350px;display:block;margin-left:auto;margin-right:auto;padding:0;position:relative;\"\r\n\t\t\t\t\t>\r\n\t\t<div\r\n\t\t\tid=\"wppa-container-9\"\r\n\t\t\tstyle=\"width:100%;\"\r\n\t\t\tclass=\"wppa-container aligncenter wp-caption\"\r\n\t\t\t><div style=\"font-size:0;line-height:0\"><img decoding=\"async\" id=\"ph-20-9\" title=\"Ggegen Rechts_\" style=\"width:100%;margin:0;padding:0;border:none;\" src=\"https:\/\/offenbacher-friedensinitiative.de\/wp-content\/uploads\/wppa\/thumbs\/20.jpg?ver=16\" alt=\"Ggegen Rechts_\" class=\"size-medium wppa-sphoto\"><\/div><div class=\"wp-caption-text\"><\/div><svg id=\"wppa-ajax-spin-9\" class=\"wppa-ajax-spin uil-default\" width=\"120px\" height=\"120px\" viewBox=\"0 0 135 135\" preserveAspectRatio=\"xMidYMid\" stroke=\"\" style=\"\n\t\t\t\twidth:120px;\n\t\t\t\theight:120px;\n\t\t\t\tposition:fixed;\n\t\t\t\ttop:50%;\n\t\t\t\tmargin-top:-60px;\n\t\t\t\tleft:50%;\n\t\t\t\tmargin-left:-60px;\n\t\t\t\topacity:1;\n\t\t\t\tdisplay:none;\n\t\t\t\tfill:#666666;\n\t\t\t\tbackground-color:transparent;\n\t\t\t\tborder-radius:24px;\"><path d=\"M67.447 58c5.523 0 10-4.477 10-10s-4.477-10-10-10-10 4.477-10 10 4.477 10 10 10zm9.448 9.447c0 5.523 4.477 10 10 10 5.522 0 10-4.477 10-10s-4.478-10-10-10c-5.523 0-10 4.477-10 10zm-9.448 9.448c-5.523 0-10 4.477-10 10 0 5.522 4.477 10 10 10s10-4.478 10-10c0-5.523-4.477-10-10-10zM58 67.447c0-5.523-4.477-10-10-10s-10 4.477-10 10 4.477 10 10 10 10-4.477 10-10z\">\n\t\t\t\t\t\t<animateTransform\n\t\t\t\t\t\t\tattributeName=\"transform\"\n\t\t\t\t\t\t\ttype=\"rotate\"\n\t\t\t\t\t\t\tfrom=\"0 67 67\"\n\t\t\t\t\t\t\tto=\"-360 67 67\"\n\t\t\t\t\t\t\tdur=\"2.5s\"\n\t\t\t\t\t\t\trepeatCount=\"indefinite\"\/>\n\t\t\t\t\t<\/path>\n\t\t\t\t\t<path d=\"M28.19 40.31c6.627 0 12-5.374 12-12 0-6.628-5.373-12-12-12-6.628 0-12 5.372-12 12 0 6.626 5.372 12 12 12zm30.72-19.825c4.686 4.687 12.284 4.687 16.97 0 4.686-4.686 4.686-12.284 0-16.97-4.686-4.687-12.284-4.687-16.97 0-4.687 4.686-4.687 12.284 0 16.97zm35.74 7.705c0 6.627 5.37 12 12 12 6.626 0 12-5.373 12-12 0-6.628-5.374-12-12-12-6.63 0-12 5.372-12 12zm19.822 30.72c-4.686 4.686-4.686 12.284 0 16.97 4.687 4.686 12.285 4.686 16.97 0 4.687-4.686 4.687-12.284 0-16.97-4.685-4.687-12.283-4.687-16.97 0zm-7.704 35.74c-6.627 0-12 5.37-12 12 0 6.626 5.373 12 12 12s12-5.374 12-12c0-6.63-5.373-12-12-12zm-30.72 19.822c-4.686-4.686-12.284-4.686-16.97 0-4.686 4.687-4.686 12.285 0 16.97 4.686 4.687 12.284 4.687 16.97 0 4.687-4.685 4.687-12.283 0-16.97zm-35.74-7.704c0-6.627-5.372-12-12-12-6.626 0-12 5.373-12 12s5.374 12 12 12c6.628 0 12-5.373 12-12zm-19.823-30.72c4.687-4.686 4.687-12.284 0-16.97-4.686-4.686-12.284-4.686-16.97 0-4.687 4.686-4.687 12.284 0 16.97 4.686 4.687 12.284 4.687 16.97 0z\">\n\t\t\t\t\t\t<animateTransform\n\t\t\t\t\t\t\tattributeName=\"transform\"\n\t\t\t\t\t\t\ttype=\"rotate\"\n\t\t\t\t\t\t\tfrom=\"0 67 67\"\n\t\t\t\t\t\t\tto=\"360 67 67\"\n\t\t\t\t\t\t\tdur=\"8s\"\n\t\t\t\t\t\t\trepeatCount=\"indefinite\"\/>\n\t\t\t\t\t<\/path><\/svg><\/div><\/div>\n<!-- End [photo 20 cache=\"inf\"] \/index.php?rest_route=%2Fwp%2Fv2%2Fposts%2F10736 oc 9 0 queries in 0.3 ms. at 09:58. Max mem:  78.00 Mb. (cached)  --><\/a><\/p>\n<p>&nbsp;<\/p>\n<p><span style=\"font-size: 14pt;\">Der <a href=\"https:\/\/offenbacher-friedensinitiative.de\/wp-content\/uploads\/2019\/09\/Offenbach-Post-03.09.2019_web.pdf\" target=\"_blank\" rel=\"noopener\">OP-Artikel<\/a> (1,2 MB) bringt eine Zusammenfassung, leider fehlt ein Hinweis auf den Beitrag der Offenbacher Friedensinitiative.<br \/>\n<\/span><\/p>\n<p align=\"justify\">\n<\/div>\n<\/div><\/div><\/div><\/div><\/div>","protected":false},"excerpt":{"rendered":"<p>Schluss mit der Kriegsverrherrlichung! Bei der Kundgebung am 31 Aug. 2019 wurde gefordert, dass der kriegsverrherrlichenden Aussage des Denkmals ein Korrektiv entgegengestellt werden muss. Veranstalter<span class=\"more-link\"><a href=\"https:\/\/offenbacher-friedensinitiative.de\/?p=10736\">Weiterlesen &#8230;<\/a><\/span><\/p>\n","protected":false},"author":1,"featured_media":10749,"comment_status":"closed","ping_status":"closed","sticky":false,"template":"","format":"standard","meta":{"footnotes":""},"categories":[5,56],"tags":[],"class_list":["entry","author-ofi_wp","post-10736","post","type-post","status-publish","format-standard","has-post-thumbnail","category-aktionen","category-offenbach"],"yoast_head":"<!-- This site is optimized with the Yoast SEO plugin v27.5 - https:\/\/yoast.com\/product\/yoast-seo-wordpress\/ -->\n<title>Schluss mit der Kriegsverherrlichung! - Offenbacher FriedensInitiative - OFI<\/title>\n<meta name=\"description\" content=\"Bei der Kundgebung am 31 Aug. 2019 wurde gefordert, dass der Kriegsverherrlichung durch das Gefallenendenkmal ein Korrektiv entgegengestellt werden muss\" \/>\n<meta name=\"robots\" content=\"index, follow, max-snippet:-1, max-image-preview:large, max-video-preview:-1\" \/>\n<link rel=\"canonical\" href=\"https:\/\/offenbacher-friedensinitiative.de\/?p=10736\" \/>\n<meta property=\"og:locale\" content=\"de_DE\" \/>\n<meta property=\"og:type\" content=\"article\" \/>\n<meta property=\"og:title\" content=\"Schluss mit der Kriegsverherrlichung! - Offenbacher FriedensInitiative - OFI\" \/>\n<meta property=\"og:description\" content=\"Bei der Kundgebung am 31 Aug. 2019 wurde gefordert, dass der Kriegsverherrlichung durch das Gefallenendenkmal ein Korrektiv entgegengestellt werden muss\" \/>\n<meta property=\"og:url\" content=\"https:\/\/offenbacher-friedensinitiative.de\/?p=10736\" \/>\n<meta property=\"og:site_name\" content=\"Offenbacher FriedensInitiative - OFI\" \/>\n<meta property=\"article:published_time\" content=\"2019-09-11T07:34:10+00:00\" \/>\n<meta property=\"article:modified_time\" content=\"2020-02-24T14:23:14+00:00\" \/>\n<meta property=\"og:image\" content=\"https:\/\/offenbacher-friedensinitiative.de\/wp-content\/uploads\/2019\/09\/1106-2.jpg\" \/>\n\t<meta property=\"og:image:width\" content=\"1000\" \/>\n\t<meta property=\"og:image:height\" content=\"500\" \/>\n\t<meta property=\"og:image:type\" content=\"image\/jpeg\" \/>\n<meta name=\"author\" content=\"OFI_WP\" \/>\n<meta name=\"twitter:card\" content=\"summary_large_image\" \/>\n<meta name=\"twitter:label1\" content=\"Verfasst von\" \/>\n\t<meta name=\"twitter:data1\" content=\"OFI_WP\" \/>\n\t<meta name=\"twitter:label2\" content=\"Gesch\u00e4tzte Lesezeit\" \/>\n\t<meta name=\"twitter:data2\" content=\"1\u00a0Minute\" \/>\n<script type=\"application\/ld+json\" class=\"yoast-schema-graph\">{\"@context\":\"https:\\\/\\\/schema.org\",\"@graph\":[{\"@type\":\"Article\",\"@id\":\"https:\\\/\\\/offenbacher-friedensinitiative.de\\\/?p=10736#article\",\"isPartOf\":{\"@id\":\"https:\\\/\\\/offenbacher-friedensinitiative.de\\\/?p=10736\"},\"author\":{\"name\":\"OFI_WP\",\"@id\":\"https:\\\/\\\/offenbacher-friedensinitiative.de\\\/#\\\/schema\\\/person\\\/5ec566fcb70420f878023349a111f19f\"},\"headline\":\"Schluss mit der Kriegsverherrlichung!\",\"datePublished\":\"2019-09-11T07:34:10+00:00\",\"dateModified\":\"2020-02-24T14:23:14+00:00\",\"mainEntityOfPage\":{\"@id\":\"https:\\\/\\\/offenbacher-friedensinitiative.de\\\/?p=10736\"},\"wordCount\":198,\"publisher\":{\"@id\":\"https:\\\/\\\/offenbacher-friedensinitiative.de\\\/#organization\"},\"image\":{\"@id\":\"https:\\\/\\\/offenbacher-friedensinitiative.de\\\/?p=10736#primaryimage\"},\"thumbnailUrl\":\"https:\\\/\\\/offenbacher-friedensinitiative.de\\\/wp-content\\\/uploads\\\/2019\\\/09\\\/1106-2.jpg\",\"articleSection\":[\"Aktionen\",\"Offenbach\"],\"inLanguage\":\"de\"},{\"@type\":\"WebPage\",\"@id\":\"https:\\\/\\\/offenbacher-friedensinitiative.de\\\/?p=10736\",\"url\":\"https:\\\/\\\/offenbacher-friedensinitiative.de\\\/?p=10736\",\"name\":\"Schluss mit der Kriegsverherrlichung! - Offenbacher FriedensInitiative - OFI\",\"isPartOf\":{\"@id\":\"https:\\\/\\\/offenbacher-friedensinitiative.de\\\/#website\"},\"primaryImageOfPage\":{\"@id\":\"https:\\\/\\\/offenbacher-friedensinitiative.de\\\/?p=10736#primaryimage\"},\"image\":{\"@id\":\"https:\\\/\\\/offenbacher-friedensinitiative.de\\\/?p=10736#primaryimage\"},\"thumbnailUrl\":\"https:\\\/\\\/offenbacher-friedensinitiative.de\\\/wp-content\\\/uploads\\\/2019\\\/09\\\/1106-2.jpg\",\"datePublished\":\"2019-09-11T07:34:10+00:00\",\"dateModified\":\"2020-02-24T14:23:14+00:00\",\"description\":\"Bei der Kundgebung am 31 Aug. 2019 wurde gefordert, dass der Kriegsverherrlichung durch das Gefallenendenkmal ein Korrektiv entgegengestellt werden muss\",\"breadcrumb\":{\"@id\":\"https:\\\/\\\/offenbacher-friedensinitiative.de\\\/?p=10736#breadcrumb\"},\"inLanguage\":\"de\",\"potentialAction\":[{\"@type\":\"ReadAction\",\"target\":[\"https:\\\/\\\/offenbacher-friedensinitiative.de\\\/?p=10736\"]}]},{\"@type\":\"ImageObject\",\"inLanguage\":\"de\",\"@id\":\"https:\\\/\\\/offenbacher-friedensinitiative.de\\\/?p=10736#primaryimage\",\"url\":\"https:\\\/\\\/offenbacher-friedensinitiative.de\\\/wp-content\\\/uploads\\\/2019\\\/09\\\/1106-2.jpg\",\"contentUrl\":\"https:\\\/\\\/offenbacher-friedensinitiative.de\\\/wp-content\\\/uploads\\\/2019\\\/09\\\/1106-2.jpg\",\"width\":1000,\"height\":500},{\"@type\":\"BreadcrumbList\",\"@id\":\"https:\\\/\\\/offenbacher-friedensinitiative.de\\\/?p=10736#breadcrumb\",\"itemListElement\":[{\"@type\":\"ListItem\",\"position\":1,\"name\":\"Startseite\",\"item\":\"https:\\\/\\\/offenbacher-friedensinitiative.de\\\/\"},{\"@type\":\"ListItem\",\"position\":2,\"name\":\"Schluss mit der Kriegsverherrlichung!\"}]},{\"@type\":\"WebSite\",\"@id\":\"https:\\\/\\\/offenbacher-friedensinitiative.de\\\/#website\",\"url\":\"https:\\\/\\\/offenbacher-friedensinitiative.de\\\/\",\"name\":\"Offenbacher FriedensInitiative\",\"description\":\"Abr\u00fcsten statt Aufr\u00fcsten |- Kriege beenden | R\u00fcstungsexporte stoppen\",\"publisher\":{\"@id\":\"https:\\\/\\\/offenbacher-friedensinitiative.de\\\/#organization\"},\"potentialAction\":[{\"@type\":\"SearchAction\",\"target\":{\"@type\":\"EntryPoint\",\"urlTemplate\":\"https:\\\/\\\/offenbacher-friedensinitiative.de\\\/?s={search_term_string}\"},\"query-input\":{\"@type\":\"PropertyValueSpecification\",\"valueRequired\":true,\"valueName\":\"search_term_string\"}}],\"inLanguage\":\"de\"},{\"@type\":\"Organization\",\"@id\":\"https:\\\/\\\/offenbacher-friedensinitiative.de\\\/#organization\",\"name\":\"Offenbacher Friedensinitiative\",\"url\":\"https:\\\/\\\/offenbacher-friedensinitiative.de\\\/\",\"logo\":{\"@type\":\"ImageObject\",\"inLanguage\":\"de\",\"@id\":\"https:\\\/\\\/offenbacher-friedensinitiative.de\\\/#\\\/schema\\\/logo\\\/image\\\/\",\"url\":\"https:\\\/\\\/offenbacher-friedensinitiative.de\\\/wp-content\\\/uploads\\\/2019\\\/03\\\/cropped-Transparen-logo.jpg\",\"contentUrl\":\"https:\\\/\\\/offenbacher-friedensinitiative.de\\\/wp-content\\\/uploads\\\/2019\\\/03\\\/cropped-Transparen-logo.jpg\",\"width\":1036,\"height\":227,\"caption\":\"Offenbacher Friedensinitiative\"},\"image\":{\"@id\":\"https:\\\/\\\/offenbacher-friedensinitiative.de\\\/#\\\/schema\\\/logo\\\/image\\\/\"}},{\"@type\":\"Person\",\"@id\":\"https:\\\/\\\/offenbacher-friedensinitiative.de\\\/#\\\/schema\\\/person\\\/5ec566fcb70420f878023349a111f19f\",\"name\":\"OFI_WP\"}]}<\/script>\n<!-- \/ Yoast SEO plugin. -->","yoast_head_json":{"title":"Schluss mit der Kriegsverherrlichung! - Offenbacher FriedensInitiative - OFI","description":"Bei der Kundgebung am 31 Aug. 2019 wurde gefordert, dass der Kriegsverherrlichung durch das Gefallenendenkmal ein Korrektiv entgegengestellt werden muss","robots":{"index":"index","follow":"follow","max-snippet":"max-snippet:-1","max-image-preview":"max-image-preview:large","max-video-preview":"max-video-preview:-1"},"canonical":"https:\/\/offenbacher-friedensinitiative.de\/?p=10736","og_locale":"de_DE","og_type":"article","og_title":"Schluss mit der Kriegsverherrlichung! - Offenbacher FriedensInitiative - OFI","og_description":"Bei der Kundgebung am 31 Aug. 2019 wurde gefordert, dass der Kriegsverherrlichung durch das Gefallenendenkmal ein Korrektiv entgegengestellt werden muss","og_url":"https:\/\/offenbacher-friedensinitiative.de\/?p=10736","og_site_name":"Offenbacher FriedensInitiative - OFI","article_published_time":"2019-09-11T07:34:10+00:00","article_modified_time":"2020-02-24T14:23:14+00:00","og_image":[{"width":1000,"height":500,"url":"https:\/\/offenbacher-friedensinitiative.de\/wp-content\/uploads\/2019\/09\/1106-2.jpg","type":"image\/jpeg"}],"author":"OFI_WP","twitter_card":"summary_large_image","twitter_misc":{"Verfasst von":"OFI_WP","Gesch\u00e4tzte Lesezeit":"1\u00a0Minute"},"schema":{"@context":"https:\/\/schema.org","@graph":[{"@type":"Article","@id":"https:\/\/offenbacher-friedensinitiative.de\/?p=10736#article","isPartOf":{"@id":"https:\/\/offenbacher-friedensinitiative.de\/?p=10736"},"author":{"name":"OFI_WP","@id":"https:\/\/offenbacher-friedensinitiative.de\/#\/schema\/person\/5ec566fcb70420f878023349a111f19f"},"headline":"Schluss mit der Kriegsverherrlichung!","datePublished":"2019-09-11T07:34:10+00:00","dateModified":"2020-02-24T14:23:14+00:00","mainEntityOfPage":{"@id":"https:\/\/offenbacher-friedensinitiative.de\/?p=10736"},"wordCount":198,"publisher":{"@id":"https:\/\/offenbacher-friedensinitiative.de\/#organization"},"image":{"@id":"https:\/\/offenbacher-friedensinitiative.de\/?p=10736#primaryimage"},"thumbnailUrl":"https:\/\/offenbacher-friedensinitiative.de\/wp-content\/uploads\/2019\/09\/1106-2.jpg","articleSection":["Aktionen","Offenbach"],"inLanguage":"de"},{"@type":"WebPage","@id":"https:\/\/offenbacher-friedensinitiative.de\/?p=10736","url":"https:\/\/offenbacher-friedensinitiative.de\/?p=10736","name":"Schluss mit der Kriegsverherrlichung! - Offenbacher FriedensInitiative - OFI","isPartOf":{"@id":"https:\/\/offenbacher-friedensinitiative.de\/#website"},"primaryImageOfPage":{"@id":"https:\/\/offenbacher-friedensinitiative.de\/?p=10736#primaryimage"},"image":{"@id":"https:\/\/offenbacher-friedensinitiative.de\/?p=10736#primaryimage"},"thumbnailUrl":"https:\/\/offenbacher-friedensinitiative.de\/wp-content\/uploads\/2019\/09\/1106-2.jpg","datePublished":"2019-09-11T07:34:10+00:00","dateModified":"2020-02-24T14:23:14+00:00","description":"Bei der Kundgebung am 31 Aug. 2019 wurde gefordert, dass der Kriegsverherrlichung durch das Gefallenendenkmal ein Korrektiv entgegengestellt werden muss","breadcrumb":{"@id":"https:\/\/offenbacher-friedensinitiative.de\/?p=10736#breadcrumb"},"inLanguage":"de","potentialAction":[{"@type":"ReadAction","target":["https:\/\/offenbacher-friedensinitiative.de\/?p=10736"]}]},{"@type":"ImageObject","inLanguage":"de","@id":"https:\/\/offenbacher-friedensinitiative.de\/?p=10736#primaryimage","url":"https:\/\/offenbacher-friedensinitiative.de\/wp-content\/uploads\/2019\/09\/1106-2.jpg","contentUrl":"https:\/\/offenbacher-friedensinitiative.de\/wp-content\/uploads\/2019\/09\/1106-2.jpg","width":1000,"height":500},{"@type":"BreadcrumbList","@id":"https:\/\/offenbacher-friedensinitiative.de\/?p=10736#breadcrumb","itemListElement":[{"@type":"ListItem","position":1,"name":"Startseite","item":"https:\/\/offenbacher-friedensinitiative.de\/"},{"@type":"ListItem","position":2,"name":"Schluss mit der Kriegsverherrlichung!"}]},{"@type":"WebSite","@id":"https:\/\/offenbacher-friedensinitiative.de\/#website","url":"https:\/\/offenbacher-friedensinitiative.de\/","name":"Offenbacher FriedensInitiative","description":"Abr\u00fcsten statt Aufr\u00fcsten |- Kriege beenden | R\u00fcstungsexporte stoppen","publisher":{"@id":"https:\/\/offenbacher-friedensinitiative.de\/#organization"},"potentialAction":[{"@type":"SearchAction","target":{"@type":"EntryPoint","urlTemplate":"https:\/\/offenbacher-friedensinitiative.de\/?s={search_term_string}"},"query-input":{"@type":"PropertyValueSpecification","valueRequired":true,"valueName":"search_term_string"}}],"inLanguage":"de"},{"@type":"Organization","@id":"https:\/\/offenbacher-friedensinitiative.de\/#organization","name":"Offenbacher Friedensinitiative","url":"https:\/\/offenbacher-friedensinitiative.de\/","logo":{"@type":"ImageObject","inLanguage":"de","@id":"https:\/\/offenbacher-friedensinitiative.de\/#\/schema\/logo\/image\/","url":"https:\/\/offenbacher-friedensinitiative.de\/wp-content\/uploads\/2019\/03\/cropped-Transparen-logo.jpg","contentUrl":"https:\/\/offenbacher-friedensinitiative.de\/wp-content\/uploads\/2019\/03\/cropped-Transparen-logo.jpg","width":1036,"height":227,"caption":"Offenbacher Friedensinitiative"},"image":{"@id":"https:\/\/offenbacher-friedensinitiative.de\/#\/schema\/logo\/image\/"}},{"@type":"Person","@id":"https:\/\/offenbacher-friedensinitiative.de\/#\/schema\/person\/5ec566fcb70420f878023349a111f19f","name":"OFI_WP"}]}},"_links":{"self":[{"href":"https:\/\/offenbacher-friedensinitiative.de\/index.php?rest_route=\/wp\/v2\/posts\/10736","targetHints":{"allow":["GET"]}}],"collection":[{"href":"https:\/\/offenbacher-friedensinitiative.de\/index.php?rest_route=\/wp\/v2\/posts"}],"about":[{"href":"https:\/\/offenbacher-friedensinitiative.de\/index.php?rest_route=\/wp\/v2\/types\/post"}],"author":[{"embeddable":true,"href":"https:\/\/offenbacher-friedensinitiative.de\/index.php?rest_route=\/wp\/v2\/users\/1"}],"replies":[{"embeddable":true,"href":"https:\/\/offenbacher-friedensinitiative.de\/index.php?rest_route=%2Fwp%2Fv2%2Fcomments&post=10736"}],"version-history":[{"count":10,"href":"https:\/\/offenbacher-friedensinitiative.de\/index.php?rest_route=\/wp\/v2\/posts\/10736\/revisions"}],"predecessor-version":[{"id":10963,"href":"https:\/\/offenbacher-friedensinitiative.de\/index.php?rest_route=\/wp\/v2\/posts\/10736\/revisions\/10963"}],"wp:featuredmedia":[{"embeddable":true,"href":"https:\/\/offenbacher-friedensinitiative.de\/index.php?rest_route=\/wp\/v2\/media\/10749"}],"wp:attachment":[{"href":"https:\/\/offenbacher-friedensinitiative.de\/index.php?rest_route=%2Fwp%2Fv2%2Fmedia&parent=10736"}],"wp:term":[{"taxonomy":"category","embeddable":true,"href":"https:\/\/offenbacher-friedensinitiative.de\/index.php?rest_route=%2Fwp%2Fv2%2Fcategories&post=10736"},{"taxonomy":"post_tag","embeddable":true,"href":"https:\/\/offenbacher-friedensinitiative.de\/index.php?rest_route=%2Fwp%2Fv2%2Ftags&post=10736"}],"curies":[{"name":"wp","href":"https:\/\/api.w.org\/{rel}","templated":true}]}}