{"id":10774,"date":"2019-09-24T18:14:56","date_gmt":"2019-09-24T16:14:56","guid":{"rendered":"https:\/\/offenbacher-friedensinitiative.de\/?p=10774"},"modified":"2019-09-24T18:14:56","modified_gmt":"2019-09-24T16:14:56","slug":"antikriegstag-2019-mit-matin-baraki","status":"publish","type":"post","link":"https:\/\/offenbacher-friedensinitiative.de\/?p=10774","title":{"rendered":"Antikriegstag 2019 mit Matin Baraki"},"content":{"rendered":"<div id=\"pl-10774\"  class=\"panel-layout\" ><div id=\"pg-10774-0\"  class=\"panel-grid panel-no-style\" ><div id=\"pgc-10774-0-0\"  class=\"panel-grid-cell\" ><div id=\"panel-10774-0-0-0\" class=\"so-panel widget widget_sow-editor panel-first-child\" data-index=\"0\" ><div\n\t\t\t\n\t\t\tclass=\"so-widget-sow-editor so-widget-sow-editor-base\"\n\t\t\t\n\t\t>\n<div class=\"siteorigin-widget-tinymce textwidget\">\n\t<h1><span style=\"font-size: large;\"><b>Ein Bericht von der OFI-Veranstaltung zum Antikriegstag 2019 mit Matin Baraki zum Thema:<\/b><\/span><\/h1>\n<h2>\u201e<span style=\"font-size: large;\"><b>Iran in Kriegsgefahr?\u201c<\/b><\/span><\/h2>\n<p><span style=\"font-size: 14pt;\">\u201eDu l\u00e4cheltest\u201c! Mit der Rezitation dieses hoffnungsvollen Gedichtes des iranischen Lyrikers Hamid Mossadegh er\u00f6ffneten Renate Fresow und Mashid unsere Veranstaltung.<\/span><\/p>\n<p><span style=\"font-size: 14pt;\">Auch der Autor Matin Baraki, Mitglied des Zentrums f\u00fcr Konfliktforschung der Universit\u00e4t Marburg, begann seinen Vortrag mit der Rezitation eines Gedichtes des persischen Lyrikers Hafis aus dem 14. Jahrhundert. Er unterstrich damit die lange Tradition der persischen Entwicklung als Kulturstaat, der eines der ersten Gro\u00dfreiche in der Antike war und sich auf ein literarisches Erbe berufen kann. M.B. ging bei seinem Streifzug durch die persische Geschichte auf verschiedene Etappen ein, die den Iran pr\u00e4gten: (Anmerkung: der Landesname Persien wurde erst 1935 offiziell vom damaligen Shah in Iran umgewandelt) Schon 1905 fand in Persien eine Revolution statt, die von der entstandenen Arbeiterbewegung ausging. In der Folge spielte der Iran auch bei den Kontroversen bei der Kommunistischen Internationale eine Rolle. Gravierender war die Entwicklung nach dem 2.Weltkrieg. Seit 1909 f\u00f6rderten die Briten Erd\u00f6l im Iran und waren nicht bereit, das iranische Volk an den Einnahmen partizipieren zu lassen. Dies \u00e4nderte der Wortf\u00fchrer des Widerstands im Parlament, Mohammed Mossadegh. Als Ministerpr\u00e4sident veranlasste er 1951 die Verstaatlichung der Erd\u00f6lindustrie, was die Briten mit Unterst\u00fctzung der USA 1953 dazu bewog, den demokratisch gew\u00e4hlten und im Volk beliebten Politiker zu st\u00fcrzen. Dieses Trauma sitzt laut M.B. tief im iranischen Bewusstsein.<\/span><\/p>\n<p><span style=\"font-size: 14pt;\">Neuer Machthaber wurde Shah Mohammed Reza Pahlevi, der aus dem Iran einen amerikanischen Milit\u00e4rst\u00fctzpunkt an der S\u00fcdgrenze der Sowjetunion machte. Im Gegenzug zu den zugesicherten Erd\u00f6leinnahmen von GB und den USA legten diese den Grundstein f\u00fcr das iranische Atomprogramm. Auch deutsche Firmen (Siemens u.a.) beteiligten sich am Bau des iranischen Atomkraftwerkes. Nach der Revolution 1979 endete die Zusammenarbeit mit den westlichen Unternehmen. Fertiggestellt wurde das AKW am Persischen Golf erst 2010 mit russischer Hilfe.<\/span><\/p>\n<p><span style=\"font-size: 14pt;\">Matin Baraki ging im Folgenden auf die US-Au\u00dfenpolitik der USA seit den 80er Jahren ein: der neue Feind Iran wurde durch einen Stellvertreter-Krieg zwischen dem Iran und Irak geschw\u00e4cht, indem der Irak mit US-Waffen aufger\u00fcstet wurde. Dieser Krieg dauerte 8 Jahre und endete ohne dass einer der Staaten einen Vorteil erzielen konnte. Allerdings wurde der Iran von Bush zur \u201eAchse des B\u00f6sen\u201c gez\u00e4hlt, in die auch der Irak nach dem Attentat 2001 eingereiht wurde. Die Folgen der Destabilisierung der Region im Mittleren Osten sind bekannt. F\u00fcr die USA war damit die Politik des \u201eregime change\u201c eingel\u00e4utet, was im Fall des Iran allerdings nicht funktionierte. Erst unter Obama gelang es 2015, ein Atom-Abkommen zu unterzeichnen (zwischen USA, China, Russland, Gro\u00dfbritannien, Frankreich und Deutschland), das die Boykottma\u00dfnahmen gegen den Iran aufheben sollte. Im Gegenzug verpflichteten sich die Machthaber im Iran, die Atomwaffenproduktion auszuschlie\u00dfen und die Atomkraft lediglich zu friedlichen Zwecken zu nutzen.<\/span><\/p>\n<p><span style=\"font-size: 14pt;\">Mit dem Machtantritt Trumps setzte die neue alte Politik wieder ein, dass der Iran als Gefahr gebrandmarkt wurde und durch einen \u201eregime change\u201c gestoppt werden soll.<\/span><\/p>\n<p><span style=\"font-size: 14pt;\">Auf diesen Vortrag folgte eine lebhafte Diskussion. Es wurde auf die Einsch\u00e4tzung des iranischen Autors Dr. Mohssen Massarrat verwiesen, der explizit die Bedeutung der \u00f6konomischen Relevanz des Mittleren Ostens in den Fokus r\u00fcckte und darauf hinwies, dass letztlich die Kriegsgefahr aufgrund der Abh\u00e4ngigkeit der westlichen Industriel\u00e4nder vom \u00d6l gegeben sei.<\/span><\/p>\n<p><span style=\"font-size: 14pt;\">M.B. f\u00fchrte aus, dass er zwar hinsichtlich der Bedeutung des Erd\u00f6ls mit Massarrat \u00fcbereinstimme. Auch dass die USA darauf abzielen, den Iran zu destabilisieren, sehe er \u00e4hnlich. Allerdings sei den USA klar, dass sie nicht in der Lage seien, die Region zu dominieren. Deshalb <b>werde es Trump nicht zu einem Krieg kommen lassen.<\/b><\/span><\/p>\n<p><span style=\"font-size: 14pt;\">Der Autor wurde nach der <b>Rolle der USA im Kampf gegen die Islamisten, den IS,<\/b> gefragt. Hierzu f\u00fchrte er aus, dass die USA niemals eine in sich konsistente Politik betrieben h\u00e4tten. W\u00e4hrend der Pr\u00e4senz der UdSSR in Afghanistan, wurden afghanische Mudschaheddin und saudische Islamisten finanziert und mit Waffenlieferungen unterst\u00fctzt, bis 2001 klar wurde, dass sich die \u201eVerb\u00fcndeten\u201c gegen die USA wandten. Ebenso begingen die USA massive Fehler im Irak nach dem Sturz Saddam Husseins, denn anstatt die besiegten sunnitischen ehemaligen Anh\u00e4nger Saddam Husseins in den neuen Staat zu integrieren, wurden diese verdr\u00e4ngt, so dass sie sich mit den Islamisten verb\u00fcndeten und erst jetzt den IS aufbauten und pr\u00e4gten. Auch in Syrien betrieben die USA eine ambivalente Politik: einerseits unterst\u00fctzten sie die Kurden (YPG) milit\u00e4risch, andererseits aber auch islamistische Kr\u00e4fte.<\/span><\/p>\n<p><span style=\"font-size: 14pt;\">Gro\u00dfe Kritik wurde dem Autor in der Frage der Beurteilung der iranischen Machthaber entgegen-gebracht. So m\u00fcsse man festhalten, dass die Regierung zutiefst brutal gegen innerstaatliche Kr\u00e4fte vorgehe, Frauen unterdr\u00fccke und demokratische Vertreter*innen misshandele. M.B. r\u00e4umte ein, dass diese Beurteilung zutreffe. Jedoch insistierte er auf seiner Einsch\u00e4tzung, dass sich die Regierung in au\u00dfenpolitischer Hinsicht \u2013 im Gegensatz zu Saudi-Arabien oder den USA \u2013 absolut konsequent und verl\u00e4sslich verhalten habe. Sie habe die 10-j\u00e4hrigen Verhandlungen des Atom-Abkommens durchgehalten, habe den Atom-Vertrag nicht gebrochen. Dagegen seien die USA mit ihrer wechselnden Machtpolitik in Afghanistan, Irak und Syrien komplett gescheitert. Die Verhandlungen mit den Taliban h\u00e4lt M.B. f\u00fcr ein Zeichen der Schw\u00e4che.<\/span><\/p>\n<p><span style=\"font-size: 14pt;\">Zur\u00fcck zur Fragestellung, <b>wie gro\u00df die Gefahr eines Krieges gegen den Iran<\/b> und damit eine Ersch\u00fctterung der ganzen Region sei, verweist der Autor darauf, dass wir immer wieder klarmachen m\u00fcssen, dass gem\u00e4\u00df der UN-Charta nur die UN erm\u00e4chtigt sei, \u00fcber Gewaltma\u00dfnahmen zu befinden (dazu z\u00e4hlen nicht nur milit\u00e4rische Ma\u00dfnahmen, sondern auch \u00f6konomische, diplomatische etc.). Aktionen einer \u201eKoalitionen der Willigen\u201c wie in Syrien oder vorher im Irak widersprechen dem V\u00f6lkerrecht und sind zu verurteilen. Auf diese Friedensfrage seien alle Politiker \u201ezu nageln\u201c.<\/span><\/p>\n<p><span style=\"font-size: 14pt;\">\u201eIran im Visier\u201c, so lauteten die die pers\u00f6nlichen Gedanken von Renate Fresow zu der brisanten aktuellen Situation, die sie in Form eines Gedichtes abschlie\u00dfend vortrug.<\/span><\/p>\n<p><span style=\"font-size: 14pt;\">Eine bereichernde Veranstaltung der OFI, so das einhellige Urteil verschiedener Teilnehmer*innen.<\/span><\/p>\n<\/div>\n<\/div><\/div><div id=\"panel-10774-0-0-1\" class=\"so-panel widget widget_sow-editor\" data-index=\"1\" ><div\n\t\t\t\n\t\t\tclass=\"so-widget-sow-editor so-widget-sow-editor-base\"\n\t\t\t\n\t\t>\n<div class=\"siteorigin-widget-tinymce textwidget\">\n\t<h1>Du l\u00e4cheltest.<\/h1>\n<blockquote>\n<p><em><span style=\"font-size: 14pt;\">Du l\u00e4cheltest mich an,<\/span><\/em><\/p>\n<p><em><span style=\"font-size: 14pt;\">und wusstest nicht,<\/span><\/em><\/p>\n<p><em><span style=\"font-size: 14pt;\">mit welchem Schauder<\/span><\/em><\/p>\n<p><em><span style=\"font-size: 14pt;\">ich den Apfel aus des Nachbars Garten stahl.<\/span><\/em><\/p>\n<p>&nbsp;<\/p>\n<p><em><span style=\"font-size: 14pt;\">Der G\u00e4rtner rannte mir hinterher,<\/span><\/em><\/p>\n<p><em><span style=\"font-size: 14pt;\">sah den Apfel in deiner Hand und<\/span><\/em><\/p>\n<p><em><span style=\"font-size: 14pt;\">schaute mich an mit w\u00fctendem Blick.<\/span><\/em><\/p>\n<p>&nbsp;<\/p>\n<p><em><span style=\"font-size: 14pt;\">Der angebissene Apfel<\/span><\/em><\/p>\n<p><em><span style=\"font-size: 14pt;\">fiel dir aus der Hand<\/span><\/em><\/p>\n<p><em><span style=\"font-size: 14pt;\">auf die Erde.<\/span><\/em><\/p>\n<p>&nbsp;<\/p>\n<p><em><span style=\"font-size: 14pt;\">Du gingst.<\/span><\/em><\/p>\n<p><em><span style=\"font-size: 14pt;\">Du gingst,<\/span><\/em><\/p>\n<p><em><span style=\"font-size: 14pt;\">und immer wieder,<\/span><\/em><\/p>\n<p><em><span style=\"font-size: 14pt;\">all die Jahre,<\/span><\/em><\/p>\n<p><em><span style=\"font-size: 14pt;\">kr\u00e4nkt mich in der Stille<\/span><\/em><\/p>\n<p><em><span style=\"font-size: 14pt;\">das Rascheln deiner Schritte im Laub.<\/span><\/em><\/p>\n<p>&nbsp;<\/p>\n<p><em><span style=\"font-size: 14pt;\">In Gedanken versunken<\/span><\/em><\/p>\n<p><em><span style=\"font-size: 14pt;\">frage ich mich,<\/span><\/em><\/p>\n<p><em><span style=\"font-size: 14pt;\">warum unser kleines Haus<\/span><\/em><\/p>\n<p><em><span style=\"font-size: 14pt;\">keinen Apfel hatte,<\/span><\/em><\/p>\n<p><em><span style=\"font-size: 14pt;\">warum unser kleines Haus<\/span><\/em><\/p>\n<p><em><span style=\"font-size: 14pt;\">keinen Apfel hatte.<\/span><\/em><\/p>\n<\/blockquote>\n<p><strong><span style=\"font-size: 14pt;\">Hamid Mossadegh<\/span><\/strong><\/p>\n<p><span style=\"font-size: 14pt;\">\u00dcbertragung: Mahshid Najafi und Renate Fresow<\/span><\/p>\n<\/div>\n<\/div><\/div><div id=\"panel-10774-0-0-2\" class=\"so-panel widget widget_sow-editor panel-last-child\" data-index=\"2\" ><div\n\t\t\t\n\t\t\tclass=\"so-widget-sow-editor so-widget-sow-editor-base\"\n\t\t\t\n\t\t>\n<div class=\"siteorigin-widget-tinymce textwidget\">\n\t<h1>Iran im Visier 2019<\/h1>\n<blockquote>\n<p><span style=\"font-size: 14pt;\"><em>Zweifelsohne<\/em><\/span><\/p>\n<p><span style=\"font-size: 14pt;\"><em>achtet der Westen die Menschenrechte.<\/em><\/span><\/p>\n<p><span style=\"font-size: 14pt;\"><em>Die Freiheit, unter Br\u00fccken zu leben, und die Gewohnheit,<\/em><\/span><\/p>\n<p><span style=\"font-size: 14pt;\"><em>immer mehr Menschen in \u00fcberf\u00fcllte Gef\u00e4ngnisse zu zwingen,<\/em><\/span><\/p>\n<p><span style=\"font-size: 14pt;\"><em>sind weltweit zu verteidigen.<\/em><\/span><\/p>\n<p>&nbsp;<\/p>\n<p><span style=\"font-size: 14pt;\"><em>Zweifelsohne<\/em><\/span><\/p>\n<p><span style=\"font-size: 14pt;\"><em>sch\u00fctzt der Westen unsere Werteordnung<\/em><\/span><\/p>\n<p><span style=\"font-size: 14pt;\"><em>durch Drohnenangriffe auf Hochzeitsgesellschaften am Hindukusch<\/em><\/span><\/p>\n<p><span style=\"font-size: 14pt;\"><em>und, nicht zu verachten, durch die Entwicklung smarter Atomwaffen.<\/em><\/span><\/p>\n<p><span style=\"font-size: 14pt;\"><em>Staaten auf eigenen Wegen sind weltweit zu bek\u00e4mpfen.<\/em><\/span><\/p>\n<p>&nbsp;<\/p>\n<p><span style=\"font-size: 14pt;\"><em>Zweifelsohne<\/em><\/span><\/p>\n<p><span style=\"font-size: 14pt;\"><em>unterst\u00fctzt der Westen mit Twitter, Geld und Waffen<\/em><\/span><\/p>\n<p><span style=\"font-size: 14pt;\"><em>jedweden K\u00e4mpfer gegen jedweden ungehorsamen Machthaber.<\/em><\/span><\/p>\n<p><span style=\"font-size: 14pt;\"><em>Die Werte der \"Guten\" m\u00fcssen weltweit in die K\u00f6pfe<\/em><\/span><\/p>\n<p><span style=\"font-size: 14pt;\"><em>und die Waffen in die richtigen H\u00e4nde gelangen.<\/em><\/span><\/p>\n<p>&nbsp;<\/p>\n<p><span style=\"font-size: 14pt;\"><em>Schluss mit der Ironie.<\/em><\/span><\/p>\n<p><span style=\"font-size: 14pt;\"><em>Kommen wir zum bitteren Ernst.<\/em><\/span><\/p>\n<p>&nbsp;<\/p>\n<p><span style=\"font-size: 14pt;\"><em>Im Iran herrschen die Mullas mit frauenunterdr\u00fcckender Kopftuchpflicht<\/em><\/span><\/p>\n<p><span style=\"font-size: 14pt;\"><em>und religi\u00f6sen Gesetzen aus dunkler Zeit.<\/em><\/span><\/p>\n<p><span style=\"font-size: 14pt;\"><em>Jedoch,<\/em><\/span><\/p>\n<p><span style=\"font-size: 14pt;\"><em>die Koalition der \"Guten\" verlassend,<\/em><\/span><\/p>\n<p><span style=\"font-size: 14pt;\"><em>nahmen sie damals das \u00d6l in iranische H\u00e4nde<\/em><\/span><\/p>\n<p><span style=\"font-size: 14pt;\"><em>und gehen seither ihren eigenen Weg .<\/em><\/span><\/p>\n<p>&nbsp;<\/p>\n<p><span style=\"font-size: 14pt;\"><em>Wir aber wissen,<\/em><\/span><\/p>\n<p><span style=\"font-size: 14pt;\"><em>Rohstoffe in den H\u00e4nden der V\u00f6lker,<\/em><\/span><\/p>\n<p><span style=\"font-size: 14pt;\"><em>und l\u00e4gen sie im hintersten Winkel dieser Erde,<\/em><\/span><\/p>\n<p><span style=\"font-size: 14pt;\"><em>sind dem Westen ein Gr\u00e4uel.<\/em><\/span><\/p>\n<p>&nbsp;<\/p>\n<p><span style=\"font-size: 14pt;\"><em>Sie m\u00fcssen also verteidigt werden, die V\u00f6lker und ihre Rohstoffe,<\/em><\/span><\/p>\n<p><span style=\"font-size: 14pt;\"><em>gegen die r\u00e4uberischen Begierden der Konzerne!<\/em><\/span><\/p>\n<p><span style=\"font-size: 14pt;\"><em>Verteidigt im Einklang mit dem V\u00f6lkerrecht<\/em><\/span><\/p>\n<p><span style=\"font-size: 14pt;\"><em>auf friedlichem, demokratischen Wege<\/em><\/span><\/p>\n<p><span style=\"font-size: 14pt;\"><em>in solidarischer Weltgemeinschaft<\/em><\/span><\/p>\n<p><span style=\"font-size: 14pt;\"><em>gegen die Auspl\u00fcnderung der Armen,<\/em><\/span><\/p>\n<p><span style=\"font-size: 14pt;\"><em>gegen die todbringenden Sanktionen,<\/em><\/span><\/p>\n<p><span style=\"font-size: 14pt;\"><em>gegen den v\u00f6lkermordenden Krieg!<\/em><\/span><\/p>\n<\/blockquote>\n<p><span style=\"font-size: 14pt;\">Renate Fresow<\/span><\/p>\n<\/div>\n<\/div><\/div><\/div><\/div><\/div>","protected":false},"excerpt":{"rendered":"<p>Ein Bericht von der OFI-Veranstaltung zum Antikriegstag 2019 mit Matin Baraki zum Thema: \u201eIran in Kriegsgefahr?\u201c \u201eDu l\u00e4cheltest\u201c! Mit der Rezitation dieses hoffnungsvollen Gedichtes des<span class=\"more-link\"><a href=\"https:\/\/offenbacher-friedensinitiative.de\/?p=10774\">Weiterlesen &#8230;<\/a><\/span><\/p>\n","protected":false},"author":1,"featured_media":10776,"comment_status":"closed","ping_status":"closed","sticky":false,"template":"","format":"standard","meta":{"footnotes":""},"categories":[5],"tags":[],"class_list":["entry","author-ofi_wp","post-10774","post","type-post","status-publish","format-standard","has-post-thumbnail","category-aktionen"],"yoast_head":"<!-- This site is optimized with the Yoast SEO plugin v27.5 - https:\/\/yoast.com\/product\/yoast-seo-wordpress\/ -->\n<title>Antikriegstag 2019 mit Matin Baraki - Offenbacher FriedensInitiative - OFI<\/title>\n<meta name=\"description\" content=\"Matin Baraki, Mitglied des Zentrums f\u00fcr Konfliktforschung der Universit\u00e4t Marburg, begann mit der Rezitation eines Gedichtes des persischen Lyrikers Hafis.\" \/>\n<meta name=\"robots\" content=\"index, follow, max-snippet:-1, max-image-preview:large, max-video-preview:-1\" \/>\n<link rel=\"canonical\" href=\"https:\/\/offenbacher-friedensinitiative.de\/?p=10774\" \/>\n<meta property=\"og:locale\" content=\"de_DE\" \/>\n<meta property=\"og:type\" content=\"article\" \/>\n<meta property=\"og:title\" content=\"Antikriegstag 2019 mit Matin Baraki - Offenbacher FriedensInitiative - OFI\" \/>\n<meta property=\"og:description\" content=\"Matin Baraki, Mitglied des Zentrums f\u00fcr Konfliktforschung der Universit\u00e4t Marburg, begann mit der Rezitation eines Gedichtes des persischen Lyrikers Hafis.\" \/>\n<meta property=\"og:url\" content=\"https:\/\/offenbacher-friedensinitiative.de\/?p=10774\" \/>\n<meta property=\"og:site_name\" content=\"Offenbacher FriedensInitiative - OFI\" \/>\n<meta property=\"article:published_time\" content=\"2019-09-24T16:14:56+00:00\" \/>\n<meta property=\"og:image\" content=\"https:\/\/offenbacher-friedensinitiative.de\/wp-content\/uploads\/2019\/09\/V__B9BD5.jpg\" \/>\n\t<meta property=\"og:image:width\" content=\"1280\" \/>\n\t<meta property=\"og:image:height\" content=\"720\" \/>\n\t<meta property=\"og:image:type\" content=\"image\/jpeg\" \/>\n<meta name=\"author\" content=\"OFI_WP\" \/>\n<meta name=\"twitter:card\" content=\"summary_large_image\" \/>\n<meta name=\"twitter:label1\" content=\"Verfasst von\" \/>\n\t<meta name=\"twitter:data1\" content=\"OFI_WP\" \/>\n\t<meta name=\"twitter:label2\" content=\"Gesch\u00e4tzte Lesezeit\" \/>\n\t<meta name=\"twitter:data2\" content=\"7\u00a0Minuten\" \/>\n<script type=\"application\/ld+json\" class=\"yoast-schema-graph\">{\"@context\":\"https:\\\/\\\/schema.org\",\"@graph\":[{\"@type\":\"Article\",\"@id\":\"https:\\\/\\\/offenbacher-friedensinitiative.de\\\/?p=10774#article\",\"isPartOf\":{\"@id\":\"https:\\\/\\\/offenbacher-friedensinitiative.de\\\/?p=10774\"},\"author\":{\"name\":\"OFI_WP\",\"@id\":\"https:\\\/\\\/offenbacher-friedensinitiative.de\\\/#\\\/schema\\\/person\\\/5ec566fcb70420f878023349a111f19f\"},\"headline\":\"Antikriegstag 2019 mit Matin Baraki\",\"datePublished\":\"2019-09-24T16:14:56+00:00\",\"mainEntityOfPage\":{\"@id\":\"https:\\\/\\\/offenbacher-friedensinitiative.de\\\/?p=10774\"},\"wordCount\":1341,\"publisher\":{\"@id\":\"https:\\\/\\\/offenbacher-friedensinitiative.de\\\/#organization\"},\"image\":{\"@id\":\"https:\\\/\\\/offenbacher-friedensinitiative.de\\\/?p=10774#primaryimage\"},\"thumbnailUrl\":\"https:\\\/\\\/offenbacher-friedensinitiative.de\\\/wp-content\\\/uploads\\\/2019\\\/09\\\/V__B9BD5.jpg\",\"articleSection\":[\"Aktionen\"],\"inLanguage\":\"de\"},{\"@type\":\"WebPage\",\"@id\":\"https:\\\/\\\/offenbacher-friedensinitiative.de\\\/?p=10774\",\"url\":\"https:\\\/\\\/offenbacher-friedensinitiative.de\\\/?p=10774\",\"name\":\"Antikriegstag 2019 mit Matin Baraki - Offenbacher FriedensInitiative - OFI\",\"isPartOf\":{\"@id\":\"https:\\\/\\\/offenbacher-friedensinitiative.de\\\/#website\"},\"primaryImageOfPage\":{\"@id\":\"https:\\\/\\\/offenbacher-friedensinitiative.de\\\/?p=10774#primaryimage\"},\"image\":{\"@id\":\"https:\\\/\\\/offenbacher-friedensinitiative.de\\\/?p=10774#primaryimage\"},\"thumbnailUrl\":\"https:\\\/\\\/offenbacher-friedensinitiative.de\\\/wp-content\\\/uploads\\\/2019\\\/09\\\/V__B9BD5.jpg\",\"datePublished\":\"2019-09-24T16:14:56+00:00\",\"description\":\"Matin Baraki, Mitglied des Zentrums f\u00fcr Konfliktforschung der Universit\u00e4t Marburg, begann mit der Rezitation eines Gedichtes des persischen Lyrikers Hafis.\",\"breadcrumb\":{\"@id\":\"https:\\\/\\\/offenbacher-friedensinitiative.de\\\/?p=10774#breadcrumb\"},\"inLanguage\":\"de\",\"potentialAction\":[{\"@type\":\"ReadAction\",\"target\":[\"https:\\\/\\\/offenbacher-friedensinitiative.de\\\/?p=10774\"]}]},{\"@type\":\"ImageObject\",\"inLanguage\":\"de\",\"@id\":\"https:\\\/\\\/offenbacher-friedensinitiative.de\\\/?p=10774#primaryimage\",\"url\":\"https:\\\/\\\/offenbacher-friedensinitiative.de\\\/wp-content\\\/uploads\\\/2019\\\/09\\\/V__B9BD5.jpg\",\"contentUrl\":\"https:\\\/\\\/offenbacher-friedensinitiative.de\\\/wp-content\\\/uploads\\\/2019\\\/09\\\/V__B9BD5.jpg\",\"width\":1280,\"height\":720,\"caption\":\"Matin Baraki\"},{\"@type\":\"BreadcrumbList\",\"@id\":\"https:\\\/\\\/offenbacher-friedensinitiative.de\\\/?p=10774#breadcrumb\",\"itemListElement\":[{\"@type\":\"ListItem\",\"position\":1,\"name\":\"Startseite\",\"item\":\"https:\\\/\\\/offenbacher-friedensinitiative.de\\\/\"},{\"@type\":\"ListItem\",\"position\":2,\"name\":\"Antikriegstag 2019 mit Matin Baraki\"}]},{\"@type\":\"WebSite\",\"@id\":\"https:\\\/\\\/offenbacher-friedensinitiative.de\\\/#website\",\"url\":\"https:\\\/\\\/offenbacher-friedensinitiative.de\\\/\",\"name\":\"Offenbacher FriedensInitiative\",\"description\":\"Abr\u00fcsten statt Aufr\u00fcsten |- Kriege beenden | R\u00fcstungsexporte stoppen\",\"publisher\":{\"@id\":\"https:\\\/\\\/offenbacher-friedensinitiative.de\\\/#organization\"},\"potentialAction\":[{\"@type\":\"SearchAction\",\"target\":{\"@type\":\"EntryPoint\",\"urlTemplate\":\"https:\\\/\\\/offenbacher-friedensinitiative.de\\\/?s={search_term_string}\"},\"query-input\":{\"@type\":\"PropertyValueSpecification\",\"valueRequired\":true,\"valueName\":\"search_term_string\"}}],\"inLanguage\":\"de\"},{\"@type\":\"Organization\",\"@id\":\"https:\\\/\\\/offenbacher-friedensinitiative.de\\\/#organization\",\"name\":\"Offenbacher Friedensinitiative\",\"url\":\"https:\\\/\\\/offenbacher-friedensinitiative.de\\\/\",\"logo\":{\"@type\":\"ImageObject\",\"inLanguage\":\"de\",\"@id\":\"https:\\\/\\\/offenbacher-friedensinitiative.de\\\/#\\\/schema\\\/logo\\\/image\\\/\",\"url\":\"https:\\\/\\\/offenbacher-friedensinitiative.de\\\/wp-content\\\/uploads\\\/2019\\\/03\\\/cropped-Transparen-logo.jpg\",\"contentUrl\":\"https:\\\/\\\/offenbacher-friedensinitiative.de\\\/wp-content\\\/uploads\\\/2019\\\/03\\\/cropped-Transparen-logo.jpg\",\"width\":1036,\"height\":227,\"caption\":\"Offenbacher Friedensinitiative\"},\"image\":{\"@id\":\"https:\\\/\\\/offenbacher-friedensinitiative.de\\\/#\\\/schema\\\/logo\\\/image\\\/\"}},{\"@type\":\"Person\",\"@id\":\"https:\\\/\\\/offenbacher-friedensinitiative.de\\\/#\\\/schema\\\/person\\\/5ec566fcb70420f878023349a111f19f\",\"name\":\"OFI_WP\"}]}<\/script>\n<!-- \/ Yoast SEO plugin. -->","yoast_head_json":{"title":"Antikriegstag 2019 mit Matin Baraki - Offenbacher FriedensInitiative - OFI","description":"Matin Baraki, Mitglied des Zentrums f\u00fcr Konfliktforschung der Universit\u00e4t Marburg, begann mit der Rezitation eines Gedichtes des persischen Lyrikers Hafis.","robots":{"index":"index","follow":"follow","max-snippet":"max-snippet:-1","max-image-preview":"max-image-preview:large","max-video-preview":"max-video-preview:-1"},"canonical":"https:\/\/offenbacher-friedensinitiative.de\/?p=10774","og_locale":"de_DE","og_type":"article","og_title":"Antikriegstag 2019 mit Matin Baraki - Offenbacher FriedensInitiative - OFI","og_description":"Matin Baraki, Mitglied des Zentrums f\u00fcr Konfliktforschung der Universit\u00e4t Marburg, begann mit der Rezitation eines Gedichtes des persischen Lyrikers Hafis.","og_url":"https:\/\/offenbacher-friedensinitiative.de\/?p=10774","og_site_name":"Offenbacher FriedensInitiative - OFI","article_published_time":"2019-09-24T16:14:56+00:00","og_image":[{"width":1280,"height":720,"url":"https:\/\/offenbacher-friedensinitiative.de\/wp-content\/uploads\/2019\/09\/V__B9BD5.jpg","type":"image\/jpeg"}],"author":"OFI_WP","twitter_card":"summary_large_image","twitter_misc":{"Verfasst von":"OFI_WP","Gesch\u00e4tzte Lesezeit":"7\u00a0Minuten"},"schema":{"@context":"https:\/\/schema.org","@graph":[{"@type":"Article","@id":"https:\/\/offenbacher-friedensinitiative.de\/?p=10774#article","isPartOf":{"@id":"https:\/\/offenbacher-friedensinitiative.de\/?p=10774"},"author":{"name":"OFI_WP","@id":"https:\/\/offenbacher-friedensinitiative.de\/#\/schema\/person\/5ec566fcb70420f878023349a111f19f"},"headline":"Antikriegstag 2019 mit Matin Baraki","datePublished":"2019-09-24T16:14:56+00:00","mainEntityOfPage":{"@id":"https:\/\/offenbacher-friedensinitiative.de\/?p=10774"},"wordCount":1341,"publisher":{"@id":"https:\/\/offenbacher-friedensinitiative.de\/#organization"},"image":{"@id":"https:\/\/offenbacher-friedensinitiative.de\/?p=10774#primaryimage"},"thumbnailUrl":"https:\/\/offenbacher-friedensinitiative.de\/wp-content\/uploads\/2019\/09\/V__B9BD5.jpg","articleSection":["Aktionen"],"inLanguage":"de"},{"@type":"WebPage","@id":"https:\/\/offenbacher-friedensinitiative.de\/?p=10774","url":"https:\/\/offenbacher-friedensinitiative.de\/?p=10774","name":"Antikriegstag 2019 mit Matin Baraki - Offenbacher FriedensInitiative - OFI","isPartOf":{"@id":"https:\/\/offenbacher-friedensinitiative.de\/#website"},"primaryImageOfPage":{"@id":"https:\/\/offenbacher-friedensinitiative.de\/?p=10774#primaryimage"},"image":{"@id":"https:\/\/offenbacher-friedensinitiative.de\/?p=10774#primaryimage"},"thumbnailUrl":"https:\/\/offenbacher-friedensinitiative.de\/wp-content\/uploads\/2019\/09\/V__B9BD5.jpg","datePublished":"2019-09-24T16:14:56+00:00","description":"Matin Baraki, Mitglied des Zentrums f\u00fcr Konfliktforschung der Universit\u00e4t Marburg, begann mit der Rezitation eines Gedichtes des persischen Lyrikers Hafis.","breadcrumb":{"@id":"https:\/\/offenbacher-friedensinitiative.de\/?p=10774#breadcrumb"},"inLanguage":"de","potentialAction":[{"@type":"ReadAction","target":["https:\/\/offenbacher-friedensinitiative.de\/?p=10774"]}]},{"@type":"ImageObject","inLanguage":"de","@id":"https:\/\/offenbacher-friedensinitiative.de\/?p=10774#primaryimage","url":"https:\/\/offenbacher-friedensinitiative.de\/wp-content\/uploads\/2019\/09\/V__B9BD5.jpg","contentUrl":"https:\/\/offenbacher-friedensinitiative.de\/wp-content\/uploads\/2019\/09\/V__B9BD5.jpg","width":1280,"height":720,"caption":"Matin Baraki"},{"@type":"BreadcrumbList","@id":"https:\/\/offenbacher-friedensinitiative.de\/?p=10774#breadcrumb","itemListElement":[{"@type":"ListItem","position":1,"name":"Startseite","item":"https:\/\/offenbacher-friedensinitiative.de\/"},{"@type":"ListItem","position":2,"name":"Antikriegstag 2019 mit Matin Baraki"}]},{"@type":"WebSite","@id":"https:\/\/offenbacher-friedensinitiative.de\/#website","url":"https:\/\/offenbacher-friedensinitiative.de\/","name":"Offenbacher FriedensInitiative","description":"Abr\u00fcsten statt Aufr\u00fcsten |- Kriege beenden | R\u00fcstungsexporte stoppen","publisher":{"@id":"https:\/\/offenbacher-friedensinitiative.de\/#organization"},"potentialAction":[{"@type":"SearchAction","target":{"@type":"EntryPoint","urlTemplate":"https:\/\/offenbacher-friedensinitiative.de\/?s={search_term_string}"},"query-input":{"@type":"PropertyValueSpecification","valueRequired":true,"valueName":"search_term_string"}}],"inLanguage":"de"},{"@type":"Organization","@id":"https:\/\/offenbacher-friedensinitiative.de\/#organization","name":"Offenbacher Friedensinitiative","url":"https:\/\/offenbacher-friedensinitiative.de\/","logo":{"@type":"ImageObject","inLanguage":"de","@id":"https:\/\/offenbacher-friedensinitiative.de\/#\/schema\/logo\/image\/","url":"https:\/\/offenbacher-friedensinitiative.de\/wp-content\/uploads\/2019\/03\/cropped-Transparen-logo.jpg","contentUrl":"https:\/\/offenbacher-friedensinitiative.de\/wp-content\/uploads\/2019\/03\/cropped-Transparen-logo.jpg","width":1036,"height":227,"caption":"Offenbacher Friedensinitiative"},"image":{"@id":"https:\/\/offenbacher-friedensinitiative.de\/#\/schema\/logo\/image\/"}},{"@type":"Person","@id":"https:\/\/offenbacher-friedensinitiative.de\/#\/schema\/person\/5ec566fcb70420f878023349a111f19f","name":"OFI_WP"}]}},"_links":{"self":[{"href":"https:\/\/offenbacher-friedensinitiative.de\/index.php?rest_route=\/wp\/v2\/posts\/10774","targetHints":{"allow":["GET"]}}],"collection":[{"href":"https:\/\/offenbacher-friedensinitiative.de\/index.php?rest_route=\/wp\/v2\/posts"}],"about":[{"href":"https:\/\/offenbacher-friedensinitiative.de\/index.php?rest_route=\/wp\/v2\/types\/post"}],"author":[{"embeddable":true,"href":"https:\/\/offenbacher-friedensinitiative.de\/index.php?rest_route=\/wp\/v2\/users\/1"}],"replies":[{"embeddable":true,"href":"https:\/\/offenbacher-friedensinitiative.de\/index.php?rest_route=%2Fwp%2Fv2%2Fcomments&post=10774"}],"version-history":[{"count":7,"href":"https:\/\/offenbacher-friedensinitiative.de\/index.php?rest_route=\/wp\/v2\/posts\/10774\/revisions"}],"predecessor-version":[{"id":10782,"href":"https:\/\/offenbacher-friedensinitiative.de\/index.php?rest_route=\/wp\/v2\/posts\/10774\/revisions\/10782"}],"wp:featuredmedia":[{"embeddable":true,"href":"https:\/\/offenbacher-friedensinitiative.de\/index.php?rest_route=\/wp\/v2\/media\/10776"}],"wp:attachment":[{"href":"https:\/\/offenbacher-friedensinitiative.de\/index.php?rest_route=%2Fwp%2Fv2%2Fmedia&parent=10774"}],"wp:term":[{"taxonomy":"category","embeddable":true,"href":"https:\/\/offenbacher-friedensinitiative.de\/index.php?rest_route=%2Fwp%2Fv2%2Fcategories&post=10774"},{"taxonomy":"post_tag","embeddable":true,"href":"https:\/\/offenbacher-friedensinitiative.de\/index.php?rest_route=%2Fwp%2Fv2%2Ftags&post=10774"}],"curies":[{"name":"wp","href":"https:\/\/api.w.org\/{rel}","templated":true}]}}