{"id":10791,"date":"2019-11-02T11:50:06","date_gmt":"2019-11-02T10:50:06","guid":{"rendered":"https:\/\/offenbacher-friedensinitiative.de\/?p=10791"},"modified":"2020-02-24T15:09:47","modified_gmt":"2020-02-24T14:09:47","slug":"peace-im-hafen-2","status":"publish","type":"post","link":"https:\/\/offenbacher-friedensinitiative.de\/?p=10791","title":{"rendered":"PEACE! im Hafen 2"},"content":{"rendered":"<div id=\"pl-10791\"  class=\"panel-layout\" ><div id=\"pg-10791-0\"  class=\"panel-grid panel-no-style\" ><div id=\"pgc-10791-0-0\"  class=\"panel-grid-cell\" ><div id=\"panel-10791-0-0-0\" class=\"so-panel widget widget_sow-editor panel-first-child panel-last-child\" data-index=\"0\" ><div\n\t\t\t\n\t\t\tclass=\"so-widget-sow-editor so-widget-sow-editor-base\"\n\t\t\t\n\t\t>\n<div class=\"siteorigin-widget-tinymce textwidget\">\n\t<p><span style=\"font-size: 14pt;\">Mixed Show f\u00fcr Abr\u00fcstung und Zukunft - eine Veranstaltung der Offenbacher Friedensinitiative am <\/span><span style=\"font-size: 14pt;\">29. Oktober 2019 im Hafen 2 - ein kurzer Bericht:<br \/>\n<\/span><\/p>\n<p><span style=\"font-size: 14pt;\">Frieden ist leider noch lange nicht. Aber ein paar besondere Dinge sind an dem Abend unter dem Motto PEACE! im Hafen 2 passiert. Wir wollten Friedensbewegte und Menschen, die f\u00fcr eine Zukunft ohne Klimakatastrophe eintreten, zusammenbringen. Und das ist gelungen. Auch wenn l\u00e4ngst nicht so viel Menschen kamen, wie wir erhofft hatten, war der Abend sehr lohnend.<\/span><\/p>\n<p><span style=\"font-size: 14pt;\">Viele Aspekte der Frage, warum Klimaschutz, Abr\u00fcstung und Frieden zusammengeh\u00f6ren, wurden deutlich. Die K\u00fcnstler ber\u00fchrten uns, sorgten f\u00fcr nachdenkliche Momente, aber auch f\u00fcr Heiterkeit. Hier sind vor allem Samuel und Finn hervorzuheben, die Leichtigkeit und Spa\u00df mit schwierigen Themen zusammenbringen, ohne dass eins von beiden verliert. Das Lachen hilft vielleicht auch, an all den schlimmen Entwicklungen in der Welt nicht zu verzweifeln.<\/span><\/p>\n<p><span style=\"font-size: 14pt;\">Die Zuschauer und die Akteure auf der B\u00fchne waren zufrieden bis begeistert. Und wie das bei Kulturveranstaltungen so ist, kann man es nicht nacherz\u00e4hlen.<\/span><\/p>\n<\/div>\n<\/div><\/div><\/div><\/div><div id=\"pg-10791-1\"  class=\"panel-grid panel-no-style\" ><div id=\"pgc-10791-1-0\"  class=\"panel-grid-cell panel-grid-cell-empty\" ><\/div><div id=\"pgc-10791-1-1\"  class=\"panel-grid-cell panel-grid-cell-mobile-last\" ><div id=\"panel-10791-1-1-0\" class=\"so-panel widget widget_sow-editor panel-first-child panel-last-child\" data-index=\"1\" ><div class=\"panel-widget-style panel-widget-style-for-10791-1-1-0\" ><div\n\t\t\t\n\t\t\tclass=\"so-widget-sow-editor so-widget-sow-editor-base\"\n\t\t\t\n\t\t>\n<div class=\"siteorigin-widget-tinymce textwidget\">\n\t<h3 style=\"text-align: center;\"><strong>Zu den Vollbildfotos<\/strong><\/h3>\n<p style=\"text-align: center;\">Klick auf Foto f\u00fchrt zum Album mit weiteren Fotos auf <a href=\"https:\/\/www.manfredroessmann.de\" target=\"_blank\" rel=\"noopener\">externer Seite<\/a>.<\/p>\n<p><a href=\"https:\/\/www.roessmann.name\/peace\/\" target=\"_blank\" rel=\"noopener\">\r\n\t\t\t\t<div\r\n\t\t\t\t\tid=\"wppa-container-wrapper-1\"\r\n\t\t\t\t\tclass=\"aligncenter wppa-container-wrapper \"\r\n\t\t\t\t\tstyle=\"width:350px;display:block;margin-left:auto;margin-right:auto;padding:0;position:relative;\"\r\n\t\t\t\t\t>\r\n\t\t<div\r\n\t\t\tid=\"wppa-container-1\"\r\n\t\t\tstyle=\"width:100%;\"\r\n\t\t\tclass=\"wppa-container aligncenter wp-caption\"\r\n\t\t\t><div style=\"font-size:0;line-height:0\"><img loading=\"lazy\" decoding=\"async\" id=\"ph-18-1\" title=\"Session- Sebastian Bender Schlagzeug, Sascha Schirrmacher Klavier und Finn Holitzka Gitarre\" style=\"width:100%;margin:0;height:auto;padding:0;border:none;\" width=\"1000\" height=\"667\" src=\"https:\/\/offenbacher-friedensinitiative.de\/wp-content\/uploads\/wppa\/thumbs\/18.jpg?ver=16\" alt=\"Session- Sebastian Bender Schlagzeug, Sascha Schirrmacher Klavier und Finn Holitzka Gitarre\" class=\"size-medium wppa-sphoto\"><\/div><div class=\"wp-caption-text\"><\/div><svg id=\"wppa-ajax-spin-1\" class=\"wppa-ajax-spin uil-default\" width=\"120px\" height=\"120px\" viewBox=\"0 0 135 135\" preserveAspectRatio=\"xMidYMid\" stroke=\"\" style=\"\n\t\t\t\twidth:120px;\n\t\t\t\theight:120px;\n\t\t\t\tposition:fixed;\n\t\t\t\ttop:50%;\n\t\t\t\tmargin-top:-60px;\n\t\t\t\tleft:50%;\n\t\t\t\tmargin-left:-60px;\n\t\t\t\topacity:1;\n\t\t\t\tdisplay:none;\n\t\t\t\tfill:#666666;\n\t\t\t\tbackground-color:transparent;\n\t\t\t\tborder-radius:24px;\"><path d=\"M67.447 58c5.523 0 10-4.477 10-10s-4.477-10-10-10-10 4.477-10 10 4.477 10 10 10zm9.448 9.447c0 5.523 4.477 10 10 10 5.522 0 10-4.477 10-10s-4.478-10-10-10c-5.523 0-10 4.477-10 10zm-9.448 9.448c-5.523 0-10 4.477-10 10 0 5.522 4.477 10 10 10s10-4.478 10-10c0-5.523-4.477-10-10-10zM58 67.447c0-5.523-4.477-10-10-10s-10 4.477-10 10 4.477 10 10 10 10-4.477 10-10z\">\n\t\t\t\t\t\t<animateTransform\n\t\t\t\t\t\t\tattributeName=\"transform\"\n\t\t\t\t\t\t\ttype=\"rotate\"\n\t\t\t\t\t\t\tfrom=\"0 67 67\"\n\t\t\t\t\t\t\tto=\"-360 67 67\"\n\t\t\t\t\t\t\tdur=\"2.5s\"\n\t\t\t\t\t\t\trepeatCount=\"indefinite\"\/>\n\t\t\t\t\t<\/path>\n\t\t\t\t\t<path d=\"M28.19 40.31c6.627 0 12-5.374 12-12 0-6.628-5.373-12-12-12-6.628 0-12 5.372-12 12 0 6.626 5.372 12 12 12zm30.72-19.825c4.686 4.687 12.284 4.687 16.97 0 4.686-4.686 4.686-12.284 0-16.97-4.686-4.687-12.284-4.687-16.97 0-4.687 4.686-4.687 12.284 0 16.97zm35.74 7.705c0 6.627 5.37 12 12 12 6.626 0 12-5.373 12-12 0-6.628-5.374-12-12-12-6.63 0-12 5.372-12 12zm19.822 30.72c-4.686 4.686-4.686 12.284 0 16.97 4.687 4.686 12.285 4.686 16.97 0 4.687-4.686 4.687-12.284 0-16.97-4.685-4.687-12.283-4.687-16.97 0zm-7.704 35.74c-6.627 0-12 5.37-12 12 0 6.626 5.373 12 12 12s12-5.374 12-12c0-6.63-5.373-12-12-12zm-30.72 19.822c-4.686-4.686-12.284-4.686-16.97 0-4.686 4.687-4.686 12.285 0 16.97 4.686 4.687 12.284 4.687 16.97 0 4.687-4.685 4.687-12.283 0-16.97zm-35.74-7.704c0-6.627-5.372-12-12-12-6.626 0-12 5.373-12 12s5.374 12 12 12c6.628 0 12-5.373 12-12zm-19.823-30.72c4.687-4.686 4.687-12.284 0-16.97-4.686-4.686-12.284-4.686-16.97 0-4.687 4.686-4.687 12.284 0 16.97 4.686 4.687 12.284 4.687 16.97 0z\">\n\t\t\t\t\t\t<animateTransform\n\t\t\t\t\t\t\tattributeName=\"transform\"\n\t\t\t\t\t\t\ttype=\"rotate\"\n\t\t\t\t\t\t\tfrom=\"0 67 67\"\n\t\t\t\t\t\t\tto=\"360 67 67\"\n\t\t\t\t\t\t\tdur=\"8s\"\n\t\t\t\t\t\t\trepeatCount=\"indefinite\"\/>\n\t\t\t\t\t<\/path><\/svg><\/div><\/div>\n<!-- End [photo 18 cache=\"inf\"] \/index.php?rest_route=%2Fwp%2Fv2%2Fposts%2F10791 oc 1 33 queries in 28.9 ms. at 14:32. Max mem: 134.00 Mb. (cached)  --><\/a><\/p>\n<h3 style=\"text-align: center;\"><span style=\"font-size: 14pt;\"><strong><span style=\"font-size: 12pt;\">copyright Fotos: <\/span><a href=\"https:\/\/www.roessmann.name\/\" target=\"_blank\" rel=\"noopener\"><span style=\"font-size: 12pt;\">Manfred R\u00f6\u00dfmann<\/span><\/a><\/strong><\/span><\/h3>\n<\/div>\n<\/div><\/div><\/div><\/div><div id=\"pgc-10791-1-2\"  class=\"panel-grid-cell panel-grid-cell-empty\" ><\/div><\/div><\/div>","protected":false},"excerpt":{"rendered":"<p>Mixed Show f\u00fcr Abr\u00fcstung und Zukunft &#8211; eine Veranstaltung der Offenbacher Friedensinitiative am 29. Oktober 2019 im Hafen 2 &#8211; ein kurzer Bericht: Frieden ist<span class=\"more-link\"><a href=\"https:\/\/offenbacher-friedensinitiative.de\/?p=10791\">Weiterlesen &#8230;<\/a><\/span><\/p>\n","protected":false},"author":1,"featured_media":10799,"comment_status":"closed","ping_status":"closed","sticky":false,"template":"","format":"standard","meta":{"footnotes":""},"categories":[5,56],"tags":[],"class_list":["entry","author-ofi_wp","post-10791","post","type-post","status-publish","format-standard","has-post-thumbnail","category-aktionen","category-offenbach"],"yoast_head":"<!-- This site is optimized with the Yoast SEO plugin v27.5 - https:\/\/yoast.com\/product\/yoast-seo-wordpress\/ -->\n<title>PEACE! im Hafen 2 - Offenbacher FriedensInitiative - OFI<\/title>\n<meta name=\"description\" content=\"PEACE! Wir wollten Friedensbewegte und Menschen, die f\u00fcr eine Zukunft ohne Klimakatastrophe eintreten, zusammenbringen. Und das ist gelungen.\" \/>\n<meta name=\"robots\" content=\"index, follow, max-snippet:-1, max-image-preview:large, max-video-preview:-1\" \/>\n<link rel=\"canonical\" href=\"https:\/\/offenbacher-friedensinitiative.de\/?p=10791\" \/>\n<meta property=\"og:locale\" content=\"de_DE\" \/>\n<meta property=\"og:type\" content=\"article\" \/>\n<meta property=\"og:title\" content=\"PEACE! im Hafen 2 - Offenbacher FriedensInitiative - OFI\" \/>\n<meta property=\"og:description\" content=\"PEACE! Wir wollten Friedensbewegte und Menschen, die f\u00fcr eine Zukunft ohne Klimakatastrophe eintreten, zusammenbringen. Und das ist gelungen.\" \/>\n<meta property=\"og:url\" content=\"https:\/\/offenbacher-friedensinitiative.de\/?p=10791\" \/>\n<meta property=\"og:site_name\" content=\"Offenbacher FriedensInitiative - OFI\" \/>\n<meta property=\"article:published_time\" content=\"2019-11-02T10:50:06+00:00\" \/>\n<meta property=\"article:modified_time\" content=\"2020-02-24T14:09:47+00:00\" \/>\n<meta property=\"og:image\" content=\"https:\/\/offenbacher-friedensinitiative.de\/wp-content\/uploads\/2019\/11\/05.5558.jpg\" \/>\n\t<meta property=\"og:image:width\" content=\"1024\" \/>\n\t<meta property=\"og:image:height\" content=\"512\" \/>\n\t<meta property=\"og:image:type\" content=\"image\/jpeg\" \/>\n<meta name=\"author\" content=\"OFI_WP\" \/>\n<meta name=\"twitter:card\" content=\"summary_large_image\" \/>\n<meta name=\"twitter:label1\" content=\"Verfasst von\" \/>\n\t<meta name=\"twitter:data1\" content=\"OFI_WP\" \/>\n\t<meta name=\"twitter:label2\" content=\"Gesch\u00e4tzte Lesezeit\" \/>\n\t<meta name=\"twitter:data2\" content=\"1\u00a0Minute\" \/>\n<script type=\"application\/ld+json\" class=\"yoast-schema-graph\">{\"@context\":\"https:\\\/\\\/schema.org\",\"@graph\":[{\"@type\":\"Article\",\"@id\":\"https:\\\/\\\/offenbacher-friedensinitiative.de\\\/?p=10791#article\",\"isPartOf\":{\"@id\":\"https:\\\/\\\/offenbacher-friedensinitiative.de\\\/?p=10791\"},\"author\":{\"name\":\"OFI_WP\",\"@id\":\"https:\\\/\\\/offenbacher-friedensinitiative.de\\\/#\\\/schema\\\/person\\\/5ec566fcb70420f878023349a111f19f\"},\"headline\":\"PEACE! im Hafen 2\",\"datePublished\":\"2019-11-02T10:50:06+00:00\",\"dateModified\":\"2020-02-24T14:09:47+00:00\",\"mainEntityOfPage\":{\"@id\":\"https:\\\/\\\/offenbacher-friedensinitiative.de\\\/?p=10791\"},\"wordCount\":201,\"publisher\":{\"@id\":\"https:\\\/\\\/offenbacher-friedensinitiative.de\\\/#organization\"},\"image\":{\"@id\":\"https:\\\/\\\/offenbacher-friedensinitiative.de\\\/?p=10791#primaryimage\"},\"thumbnailUrl\":\"https:\\\/\\\/offenbacher-friedensinitiative.de\\\/wp-content\\\/uploads\\\/2019\\\/11\\\/05.5558.jpg\",\"articleSection\":[\"Aktionen\",\"Offenbach\"],\"inLanguage\":\"de\"},{\"@type\":\"WebPage\",\"@id\":\"https:\\\/\\\/offenbacher-friedensinitiative.de\\\/?p=10791\",\"url\":\"https:\\\/\\\/offenbacher-friedensinitiative.de\\\/?p=10791\",\"name\":\"PEACE! im Hafen 2 - Offenbacher FriedensInitiative - OFI\",\"isPartOf\":{\"@id\":\"https:\\\/\\\/offenbacher-friedensinitiative.de\\\/#website\"},\"primaryImageOfPage\":{\"@id\":\"https:\\\/\\\/offenbacher-friedensinitiative.de\\\/?p=10791#primaryimage\"},\"image\":{\"@id\":\"https:\\\/\\\/offenbacher-friedensinitiative.de\\\/?p=10791#primaryimage\"},\"thumbnailUrl\":\"https:\\\/\\\/offenbacher-friedensinitiative.de\\\/wp-content\\\/uploads\\\/2019\\\/11\\\/05.5558.jpg\",\"datePublished\":\"2019-11-02T10:50:06+00:00\",\"dateModified\":\"2020-02-24T14:09:47+00:00\",\"description\":\"PEACE! Wir wollten Friedensbewegte und Menschen, die f\u00fcr eine Zukunft ohne Klimakatastrophe eintreten, zusammenbringen. Und das ist gelungen.\",\"breadcrumb\":{\"@id\":\"https:\\\/\\\/offenbacher-friedensinitiative.de\\\/?p=10791#breadcrumb\"},\"inLanguage\":\"de\",\"potentialAction\":[{\"@type\":\"ReadAction\",\"target\":[\"https:\\\/\\\/offenbacher-friedensinitiative.de\\\/?p=10791\"]}]},{\"@type\":\"ImageObject\",\"inLanguage\":\"de\",\"@id\":\"https:\\\/\\\/offenbacher-friedensinitiative.de\\\/?p=10791#primaryimage\",\"url\":\"https:\\\/\\\/offenbacher-friedensinitiative.de\\\/wp-content\\\/uploads\\\/2019\\\/11\\\/05.5558.jpg\",\"contentUrl\":\"https:\\\/\\\/offenbacher-friedensinitiative.de\\\/wp-content\\\/uploads\\\/2019\\\/11\\\/05.5558.jpg\",\"width\":1024,\"height\":512,\"caption\":\"PEACE!\"},{\"@type\":\"BreadcrumbList\",\"@id\":\"https:\\\/\\\/offenbacher-friedensinitiative.de\\\/?p=10791#breadcrumb\",\"itemListElement\":[{\"@type\":\"ListItem\",\"position\":1,\"name\":\"Startseite\",\"item\":\"https:\\\/\\\/offenbacher-friedensinitiative.de\\\/\"},{\"@type\":\"ListItem\",\"position\":2,\"name\":\"PEACE! im Hafen 2\"}]},{\"@type\":\"WebSite\",\"@id\":\"https:\\\/\\\/offenbacher-friedensinitiative.de\\\/#website\",\"url\":\"https:\\\/\\\/offenbacher-friedensinitiative.de\\\/\",\"name\":\"Offenbacher FriedensInitiative\",\"description\":\"Abr\u00fcsten statt Aufr\u00fcsten |- Kriege beenden | R\u00fcstungsexporte stoppen\",\"publisher\":{\"@id\":\"https:\\\/\\\/offenbacher-friedensinitiative.de\\\/#organization\"},\"potentialAction\":[{\"@type\":\"SearchAction\",\"target\":{\"@type\":\"EntryPoint\",\"urlTemplate\":\"https:\\\/\\\/offenbacher-friedensinitiative.de\\\/?s={search_term_string}\"},\"query-input\":{\"@type\":\"PropertyValueSpecification\",\"valueRequired\":true,\"valueName\":\"search_term_string\"}}],\"inLanguage\":\"de\"},{\"@type\":\"Organization\",\"@id\":\"https:\\\/\\\/offenbacher-friedensinitiative.de\\\/#organization\",\"name\":\"Offenbacher Friedensinitiative\",\"url\":\"https:\\\/\\\/offenbacher-friedensinitiative.de\\\/\",\"logo\":{\"@type\":\"ImageObject\",\"inLanguage\":\"de\",\"@id\":\"https:\\\/\\\/offenbacher-friedensinitiative.de\\\/#\\\/schema\\\/logo\\\/image\\\/\",\"url\":\"https:\\\/\\\/offenbacher-friedensinitiative.de\\\/wp-content\\\/uploads\\\/2019\\\/03\\\/cropped-Transparen-logo.jpg\",\"contentUrl\":\"https:\\\/\\\/offenbacher-friedensinitiative.de\\\/wp-content\\\/uploads\\\/2019\\\/03\\\/cropped-Transparen-logo.jpg\",\"width\":1036,\"height\":227,\"caption\":\"Offenbacher Friedensinitiative\"},\"image\":{\"@id\":\"https:\\\/\\\/offenbacher-friedensinitiative.de\\\/#\\\/schema\\\/logo\\\/image\\\/\"}},{\"@type\":\"Person\",\"@id\":\"https:\\\/\\\/offenbacher-friedensinitiative.de\\\/#\\\/schema\\\/person\\\/5ec566fcb70420f878023349a111f19f\",\"name\":\"OFI_WP\"}]}<\/script>\n<!-- \/ Yoast SEO plugin. -->","yoast_head_json":{"title":"PEACE! im Hafen 2 - Offenbacher FriedensInitiative - OFI","description":"PEACE! Wir wollten Friedensbewegte und Menschen, die f\u00fcr eine Zukunft ohne Klimakatastrophe eintreten, zusammenbringen. Und das ist gelungen.","robots":{"index":"index","follow":"follow","max-snippet":"max-snippet:-1","max-image-preview":"max-image-preview:large","max-video-preview":"max-video-preview:-1"},"canonical":"https:\/\/offenbacher-friedensinitiative.de\/?p=10791","og_locale":"de_DE","og_type":"article","og_title":"PEACE! im Hafen 2 - Offenbacher FriedensInitiative - OFI","og_description":"PEACE! Wir wollten Friedensbewegte und Menschen, die f\u00fcr eine Zukunft ohne Klimakatastrophe eintreten, zusammenbringen. Und das ist gelungen.","og_url":"https:\/\/offenbacher-friedensinitiative.de\/?p=10791","og_site_name":"Offenbacher FriedensInitiative - OFI","article_published_time":"2019-11-02T10:50:06+00:00","article_modified_time":"2020-02-24T14:09:47+00:00","og_image":[{"width":1024,"height":512,"url":"https:\/\/offenbacher-friedensinitiative.de\/wp-content\/uploads\/2019\/11\/05.5558.jpg","type":"image\/jpeg"}],"author":"OFI_WP","twitter_card":"summary_large_image","twitter_misc":{"Verfasst von":"OFI_WP","Gesch\u00e4tzte Lesezeit":"1\u00a0Minute"},"schema":{"@context":"https:\/\/schema.org","@graph":[{"@type":"Article","@id":"https:\/\/offenbacher-friedensinitiative.de\/?p=10791#article","isPartOf":{"@id":"https:\/\/offenbacher-friedensinitiative.de\/?p=10791"},"author":{"name":"OFI_WP","@id":"https:\/\/offenbacher-friedensinitiative.de\/#\/schema\/person\/5ec566fcb70420f878023349a111f19f"},"headline":"PEACE! im Hafen 2","datePublished":"2019-11-02T10:50:06+00:00","dateModified":"2020-02-24T14:09:47+00:00","mainEntityOfPage":{"@id":"https:\/\/offenbacher-friedensinitiative.de\/?p=10791"},"wordCount":201,"publisher":{"@id":"https:\/\/offenbacher-friedensinitiative.de\/#organization"},"image":{"@id":"https:\/\/offenbacher-friedensinitiative.de\/?p=10791#primaryimage"},"thumbnailUrl":"https:\/\/offenbacher-friedensinitiative.de\/wp-content\/uploads\/2019\/11\/05.5558.jpg","articleSection":["Aktionen","Offenbach"],"inLanguage":"de"},{"@type":"WebPage","@id":"https:\/\/offenbacher-friedensinitiative.de\/?p=10791","url":"https:\/\/offenbacher-friedensinitiative.de\/?p=10791","name":"PEACE! im Hafen 2 - Offenbacher FriedensInitiative - OFI","isPartOf":{"@id":"https:\/\/offenbacher-friedensinitiative.de\/#website"},"primaryImageOfPage":{"@id":"https:\/\/offenbacher-friedensinitiative.de\/?p=10791#primaryimage"},"image":{"@id":"https:\/\/offenbacher-friedensinitiative.de\/?p=10791#primaryimage"},"thumbnailUrl":"https:\/\/offenbacher-friedensinitiative.de\/wp-content\/uploads\/2019\/11\/05.5558.jpg","datePublished":"2019-11-02T10:50:06+00:00","dateModified":"2020-02-24T14:09:47+00:00","description":"PEACE! Wir wollten Friedensbewegte und Menschen, die f\u00fcr eine Zukunft ohne Klimakatastrophe eintreten, zusammenbringen. Und das ist gelungen.","breadcrumb":{"@id":"https:\/\/offenbacher-friedensinitiative.de\/?p=10791#breadcrumb"},"inLanguage":"de","potentialAction":[{"@type":"ReadAction","target":["https:\/\/offenbacher-friedensinitiative.de\/?p=10791"]}]},{"@type":"ImageObject","inLanguage":"de","@id":"https:\/\/offenbacher-friedensinitiative.de\/?p=10791#primaryimage","url":"https:\/\/offenbacher-friedensinitiative.de\/wp-content\/uploads\/2019\/11\/05.5558.jpg","contentUrl":"https:\/\/offenbacher-friedensinitiative.de\/wp-content\/uploads\/2019\/11\/05.5558.jpg","width":1024,"height":512,"caption":"PEACE!"},{"@type":"BreadcrumbList","@id":"https:\/\/offenbacher-friedensinitiative.de\/?p=10791#breadcrumb","itemListElement":[{"@type":"ListItem","position":1,"name":"Startseite","item":"https:\/\/offenbacher-friedensinitiative.de\/"},{"@type":"ListItem","position":2,"name":"PEACE! im Hafen 2"}]},{"@type":"WebSite","@id":"https:\/\/offenbacher-friedensinitiative.de\/#website","url":"https:\/\/offenbacher-friedensinitiative.de\/","name":"Offenbacher FriedensInitiative","description":"Abr\u00fcsten statt Aufr\u00fcsten |- Kriege beenden | R\u00fcstungsexporte stoppen","publisher":{"@id":"https:\/\/offenbacher-friedensinitiative.de\/#organization"},"potentialAction":[{"@type":"SearchAction","target":{"@type":"EntryPoint","urlTemplate":"https:\/\/offenbacher-friedensinitiative.de\/?s={search_term_string}"},"query-input":{"@type":"PropertyValueSpecification","valueRequired":true,"valueName":"search_term_string"}}],"inLanguage":"de"},{"@type":"Organization","@id":"https:\/\/offenbacher-friedensinitiative.de\/#organization","name":"Offenbacher Friedensinitiative","url":"https:\/\/offenbacher-friedensinitiative.de\/","logo":{"@type":"ImageObject","inLanguage":"de","@id":"https:\/\/offenbacher-friedensinitiative.de\/#\/schema\/logo\/image\/","url":"https:\/\/offenbacher-friedensinitiative.de\/wp-content\/uploads\/2019\/03\/cropped-Transparen-logo.jpg","contentUrl":"https:\/\/offenbacher-friedensinitiative.de\/wp-content\/uploads\/2019\/03\/cropped-Transparen-logo.jpg","width":1036,"height":227,"caption":"Offenbacher Friedensinitiative"},"image":{"@id":"https:\/\/offenbacher-friedensinitiative.de\/#\/schema\/logo\/image\/"}},{"@type":"Person","@id":"https:\/\/offenbacher-friedensinitiative.de\/#\/schema\/person\/5ec566fcb70420f878023349a111f19f","name":"OFI_WP"}]}},"_links":{"self":[{"href":"https:\/\/offenbacher-friedensinitiative.de\/index.php?rest_route=\/wp\/v2\/posts\/10791","targetHints":{"allow":["GET"]}}],"collection":[{"href":"https:\/\/offenbacher-friedensinitiative.de\/index.php?rest_route=\/wp\/v2\/posts"}],"about":[{"href":"https:\/\/offenbacher-friedensinitiative.de\/index.php?rest_route=\/wp\/v2\/types\/post"}],"author":[{"embeddable":true,"href":"https:\/\/offenbacher-friedensinitiative.de\/index.php?rest_route=\/wp\/v2\/users\/1"}],"replies":[{"embeddable":true,"href":"https:\/\/offenbacher-friedensinitiative.de\/index.php?rest_route=%2Fwp%2Fv2%2Fcomments&post=10791"}],"version-history":[{"count":8,"href":"https:\/\/offenbacher-friedensinitiative.de\/index.php?rest_route=\/wp\/v2\/posts\/10791\/revisions"}],"predecessor-version":[{"id":10959,"href":"https:\/\/offenbacher-friedensinitiative.de\/index.php?rest_route=\/wp\/v2\/posts\/10791\/revisions\/10959"}],"wp:featuredmedia":[{"embeddable":true,"href":"https:\/\/offenbacher-friedensinitiative.de\/index.php?rest_route=\/wp\/v2\/media\/10799"}],"wp:attachment":[{"href":"https:\/\/offenbacher-friedensinitiative.de\/index.php?rest_route=%2Fwp%2Fv2%2Fmedia&parent=10791"}],"wp:term":[{"taxonomy":"category","embeddable":true,"href":"https:\/\/offenbacher-friedensinitiative.de\/index.php?rest_route=%2Fwp%2Fv2%2Fcategories&post=10791"},{"taxonomy":"post_tag","embeddable":true,"href":"https:\/\/offenbacher-friedensinitiative.de\/index.php?rest_route=%2Fwp%2Fv2%2Ftags&post=10791"}],"curies":[{"name":"wp","href":"https:\/\/api.w.org\/{rel}","templated":true}]}}