{"id":10844,"date":"2020-02-20T13:51:05","date_gmt":"2020-02-20T12:51:05","guid":{"rendered":"https:\/\/offenbacher-friedensinitiative.de\/?p=10844"},"modified":"2020-02-23T16:33:08","modified_gmt":"2020-02-23T15:33:08","slug":"abruestung-schafft-sicherheit","status":"publish","type":"post","link":"https:\/\/offenbacher-friedensinitiative.de\/?p=10844","title":{"rendered":"Abr\u00fcstung schafft Sicherheit"},"content":{"rendered":"<div id=\"pl-10844\"  class=\"panel-layout\" ><div id=\"pg-10844-0\"  class=\"panel-grid panel-no-style\" ><div id=\"pgc-10844-0-0\"  class=\"panel-grid-cell\" ><div id=\"panel-10844-0-0-0\" class=\"so-panel widget widget_sow-editor panel-first-child panel-last-child\" data-index=\"0\" ><div\n\t\t\t\n\t\t\tclass=\"so-widget-sow-editor so-widget-sow-editor-base\"\n\t\t\t\n\t\t>\n<div class=\"siteorigin-widget-tinymce textwidget\">\n\t<p style=\"text-align: center;\"><span style=\"font-size: 10pt;\">Foto: \u00a9 U.S. Department of Defense<\/span><\/p>\n<\/div>\n<\/div><\/div><\/div><\/div><div id=\"pg-10844-1\"  class=\"panel-grid panel-no-style\" ><div id=\"pgc-10844-1-0\"  class=\"panel-grid-cell\" ><div id=\"panel-10844-1-0-0\" class=\"so-panel widget widget_sow-editor panel-first-child\" data-index=\"1\" ><div\n\t\t\t\n\t\t\tclass=\"so-widget-sow-editor so-widget-sow-editor-base\"\n\t\t\t\n\t\t>\n<div class=\"siteorigin-widget-tinymce textwidget\">\n\t<p style=\"text-align: center;\"><span style=\"font-size: 24pt;\"><strong>Abr\u00fcstung schafft Sicherheit<\/strong><\/span><\/p>\n<p align=\"center\"><span style=\"font-size: 14pt;\"><b>Mittwoch 11.3.2020, 17.30 Uhr<\/b><\/span><\/p>\n<p align=\"center\"><span style=\"font-size: 14pt;\"><b>Stadtbibliothek Offenbach, <\/b>Herrnstra\u00dfe 84<\/span><\/p>\n<p><span style=\"font-size: 12pt;\"><b>Abr\u00fcstung<\/b> scheint aus dem Wortschatz unserer Regierung gestrichen. <b>Sicherheit<\/b> wird nur noch im Zusammenhang mit so etwas Wahnwitzigem wie Defender 2020 oder dem angeblich w\u00fcnschenswerten \u201eAtomschirm\u201c von Frankreich oder den USA gebraucht. Die Lehren der Geschichte scheinen 75 Jahre nach Ende des 2. Weltkriegs vergessen.<\/span><\/p>\n<p><span style=\"font-size: 12pt;\">Es werden keine neuen Abr\u00fcstungsvertr\u00e4ge angestrebt. Den INF-Vertrag haben die USA und Russland zum 2. August 2019 gek\u00fcndigt. Und falls sich die Pr\u00e4sidenten Trump und Putin nicht auf eine Verl\u00e4ngerung des New-START-Abkommens einigen, l\u00e4uft das letzte noch g\u00fcltige Abkommen \u00fcber die Reduzierung strategischer Atomraketen in zwei Jahren aus. Was ist passiert, dass die nukleare Abr\u00fcstung vor einem Scherbenhaufen steht? Gibt es Alternativen, und was k\u00f6nnen wir - Friedensbewegte, kritische \u00d6ffentlichkeit, aber auch (deutsche) Politiker*innen - tun? Offenbach ist dem ICAN-St\u00e4dteappell beigetreten. Wie kann es hier weitergehen?<\/span><\/p>\n<p align=\"center\"><span style=\"font-size: 14pt;\"><b>Vortrag und Diskussion<\/b><\/span><\/p>\n<p align=\"center\"><span style=\"font-size: 14pt;\"><b>mit Regina Hagen<\/b><\/span><\/p>\n<p style=\"text-align: center;\"><span style=\"font-size: 12pt;\">Verantwortliche Redakteurin der Quartalszeitschrift <a href=\"http:\/\/wissenschaft-und-frieden.de\/\" target=\"_blank\" rel=\"noopener\">\"Wissenschaft &amp; Frieden\"<\/a> <\/span><br \/>\n<span style=\"font-size: 12pt;\">Sprecherin der Kampagne \"B\u00fcchel ist \u00fcberall! - atomwaffenfrei.jetzt\"; Mitglied im Tr\u00e4gerkreis \"Atomwaffen abschaffen - Bei uns anfangen!\" <\/span><\/p>\n<p style=\"text-align: center;\"><span style=\"font-size: 12pt;\">Kurze Information \u00fcber ICAN (Internationale Kampagne zur Abschaffung von Atomwaffen )<\/span><br \/>\n<span style=\"font-size: 12pt;\">durch die ICAN-Botschafterin <strong>Elisabeth Saar<\/strong><\/span><\/p>\n<h2 align=\"center\">Ban nuclear weapons now!<\/h2>\n<\/div>\n<\/div><\/div><div id=\"panel-10844-1-0-1\" class=\"so-panel widget widget_sow-editor panel-last-child\" data-index=\"2\" ><div\n\t\t\t\n\t\t\tclass=\"so-widget-sow-editor so-widget-sow-editor-base\"\n\t\t\t\n\t\t>\n<div class=\"siteorigin-widget-tinymce textwidget\">\n\t<p><strong>Download:<\/strong><\/p>\n<p><a href=\"https:\/\/offenbacher-friedensinitiative.de\/wp-content\/uploads\/2020\/02\/Abru\u0308stungSicherheit_web.pdf\">Flyer: Abr\u00fcstung schafft Sicherheit <\/a>(1,5 MB)<br \/>\n<a href=\"https:\/\/offenbacher-friedensinitiative.de\/wp-content\/uploads\/2020\/01\/20HibakushaA4_WEB.pdf\" target=\"_blank\" rel=\"noopener\">Flyer Hibakusha Weltweit - Ausstellung<\/a><br \/>\n<a href=\"https:\/\/offenbacher-friedensinitiative.de\/wp-content\/uploads\/2020\/01\/infos-zur-Ausstellung.pdf\" target=\"_blank\" rel=\"noopener\">Infos zur Ausstellung<\/a><\/p>\n<\/div>\n<\/div><\/div><\/div><\/div><\/div>","protected":false},"excerpt":{"rendered":"<p>Foto: \u00a9 U.S. Department of Defense Abr\u00fcstung schafft Sicherheit Mittwoch 11.3.2020, 17.30 Uhr Stadtbibliothek Offenbach, Herrnstra\u00dfe 84 Abr\u00fcstung scheint aus dem Wortschatz unserer Regierung gestrichen.<span class=\"more-link\"><a href=\"https:\/\/offenbacher-friedensinitiative.de\/?p=10844\">Weiterlesen &#8230;<\/a><\/span><\/p>\n","protected":false},"author":1,"featured_media":10846,"comment_status":"closed","ping_status":"closed","sticky":false,"template":"","format":"standard","meta":{"footnotes":""},"categories":[52,56,62],"tags":[],"class_list":["entry","author-ofi_wp","post-10844","post","type-post","status-publish","format-standard","has-post-thumbnail","category-hessen","category-offenbach","category-veranstaltung"],"yoast_head":"<!-- This site is optimized with the Yoast SEO plugin v27.5 - https:\/\/yoast.com\/product\/yoast-seo-wordpress\/ -->\n<title>Abr\u00fcstung schafft Sicherheit - Offenbacher FriedensInitiative - OFI<\/title>\n<meta name=\"description\" content=\"Abr\u00fcstung schafft Sicherheit: Abr\u00fcstung scheint aus dem Wortschatz unserer Regierung gestrichen. Sicherheit wird nur noch im Zusammenhang mit so etwas Wahnwitzigem wie Defender 2020 oder dem angeblich w\u00fcnschenswerten \u201eAtomschirm\u201c von Frankreich oder der USA gebraucht.\" \/>\n<meta name=\"robots\" content=\"index, follow, max-snippet:-1, max-image-preview:large, max-video-preview:-1\" \/>\n<link rel=\"canonical\" href=\"https:\/\/offenbacher-friedensinitiative.de\/?p=10844\" \/>\n<meta property=\"og:locale\" content=\"de_DE\" \/>\n<meta property=\"og:type\" content=\"article\" \/>\n<meta property=\"og:title\" content=\"Abr\u00fcstung schafft Sicherheit - Offenbacher FriedensInitiative - OFI\" \/>\n<meta property=\"og:description\" content=\"Abr\u00fcstung schafft Sicherheit: Abr\u00fcstung scheint aus dem Wortschatz unserer Regierung gestrichen. Sicherheit wird nur noch im Zusammenhang mit so etwas Wahnwitzigem wie Defender 2020 oder dem angeblich w\u00fcnschenswerten \u201eAtomschirm\u201c von Frankreich oder der USA gebraucht.\" \/>\n<meta property=\"og:url\" content=\"https:\/\/offenbacher-friedensinitiative.de\/?p=10844\" \/>\n<meta property=\"og:site_name\" content=\"Offenbacher FriedensInitiative - OFI\" \/>\n<meta property=\"article:published_time\" content=\"2020-02-20T12:51:05+00:00\" \/>\n<meta property=\"article:modified_time\" content=\"2020-02-23T15:33:08+00:00\" \/>\n<meta property=\"og:image\" content=\"https:\/\/offenbacher-friedensinitiative.de\/wp-content\/uploads\/2020\/02\/Operation_Crossroads_Baker_Edit.jpg\" \/>\n\t<meta property=\"og:image:width\" content=\"2000\" \/>\n\t<meta property=\"og:image:height\" content=\"1050\" \/>\n\t<meta property=\"og:image:type\" content=\"image\/jpeg\" \/>\n<meta name=\"author\" content=\"OFI_WP\" \/>\n<meta name=\"twitter:card\" content=\"summary_large_image\" \/>\n<meta name=\"twitter:label1\" content=\"Verfasst von\" \/>\n\t<meta name=\"twitter:data1\" content=\"OFI_WP\" \/>\n\t<meta name=\"twitter:label2\" content=\"Gesch\u00e4tzte Lesezeit\" \/>\n\t<meta name=\"twitter:data2\" content=\"1\u00a0Minute\" \/>\n<script type=\"application\/ld+json\" class=\"yoast-schema-graph\">{\"@context\":\"https:\\\/\\\/schema.org\",\"@graph\":[{\"@type\":\"Article\",\"@id\":\"https:\\\/\\\/offenbacher-friedensinitiative.de\\\/?p=10844#article\",\"isPartOf\":{\"@id\":\"https:\\\/\\\/offenbacher-friedensinitiative.de\\\/?p=10844\"},\"author\":{\"name\":\"OFI_WP\",\"@id\":\"https:\\\/\\\/offenbacher-friedensinitiative.de\\\/#\\\/schema\\\/person\\\/5ec566fcb70420f878023349a111f19f\"},\"headline\":\"Abr\u00fcstung schafft Sicherheit\",\"datePublished\":\"2020-02-20T12:51:05+00:00\",\"dateModified\":\"2020-02-23T15:33:08+00:00\",\"mainEntityOfPage\":{\"@id\":\"https:\\\/\\\/offenbacher-friedensinitiative.de\\\/?p=10844\"},\"wordCount\":226,\"publisher\":{\"@id\":\"https:\\\/\\\/offenbacher-friedensinitiative.de\\\/#organization\"},\"image\":{\"@id\":\"https:\\\/\\\/offenbacher-friedensinitiative.de\\\/?p=10844#primaryimage\"},\"thumbnailUrl\":\"https:\\\/\\\/offenbacher-friedensinitiative.de\\\/wp-content\\\/uploads\\\/2020\\\/02\\\/Operation_Crossroads_Baker_Edit.jpg\",\"articleSection\":[\"Hessen\",\"Offenbach\",\"Veranstaltung\"],\"inLanguage\":\"de\"},{\"@type\":\"WebPage\",\"@id\":\"https:\\\/\\\/offenbacher-friedensinitiative.de\\\/?p=10844\",\"url\":\"https:\\\/\\\/offenbacher-friedensinitiative.de\\\/?p=10844\",\"name\":\"Abr\u00fcstung schafft Sicherheit - Offenbacher FriedensInitiative - OFI\",\"isPartOf\":{\"@id\":\"https:\\\/\\\/offenbacher-friedensinitiative.de\\\/#website\"},\"primaryImageOfPage\":{\"@id\":\"https:\\\/\\\/offenbacher-friedensinitiative.de\\\/?p=10844#primaryimage\"},\"image\":{\"@id\":\"https:\\\/\\\/offenbacher-friedensinitiative.de\\\/?p=10844#primaryimage\"},\"thumbnailUrl\":\"https:\\\/\\\/offenbacher-friedensinitiative.de\\\/wp-content\\\/uploads\\\/2020\\\/02\\\/Operation_Crossroads_Baker_Edit.jpg\",\"datePublished\":\"2020-02-20T12:51:05+00:00\",\"dateModified\":\"2020-02-23T15:33:08+00:00\",\"description\":\"Abr\u00fcstung schafft Sicherheit: Abr\u00fcstung scheint aus dem Wortschatz unserer Regierung gestrichen. Sicherheit wird nur noch im Zusammenhang mit so etwas Wahnwitzigem wie Defender 2020 oder dem angeblich w\u00fcnschenswerten \u201eAtomschirm\u201c von Frankreich oder der USA gebraucht.\",\"breadcrumb\":{\"@id\":\"https:\\\/\\\/offenbacher-friedensinitiative.de\\\/?p=10844#breadcrumb\"},\"inLanguage\":\"de\",\"potentialAction\":[{\"@type\":\"ReadAction\",\"target\":[\"https:\\\/\\\/offenbacher-friedensinitiative.de\\\/?p=10844\"]}]},{\"@type\":\"ImageObject\",\"inLanguage\":\"de\",\"@id\":\"https:\\\/\\\/offenbacher-friedensinitiative.de\\\/?p=10844#primaryimage\",\"url\":\"https:\\\/\\\/offenbacher-friedensinitiative.de\\\/wp-content\\\/uploads\\\/2020\\\/02\\\/Operation_Crossroads_Baker_Edit.jpg\",\"contentUrl\":\"https:\\\/\\\/offenbacher-friedensinitiative.de\\\/wp-content\\\/uploads\\\/2020\\\/02\\\/Operation_Crossroads_Baker_Edit.jpg\",\"width\":2000,\"height\":1050},{\"@type\":\"BreadcrumbList\",\"@id\":\"https:\\\/\\\/offenbacher-friedensinitiative.de\\\/?p=10844#breadcrumb\",\"itemListElement\":[{\"@type\":\"ListItem\",\"position\":1,\"name\":\"Startseite\",\"item\":\"https:\\\/\\\/offenbacher-friedensinitiative.de\\\/\"},{\"@type\":\"ListItem\",\"position\":2,\"name\":\"Abr\u00fcstung schafft Sicherheit\"}]},{\"@type\":\"WebSite\",\"@id\":\"https:\\\/\\\/offenbacher-friedensinitiative.de\\\/#website\",\"url\":\"https:\\\/\\\/offenbacher-friedensinitiative.de\\\/\",\"name\":\"Offenbacher FriedensInitiative\",\"description\":\"Abr\u00fcsten statt Aufr\u00fcsten |- Kriege beenden | R\u00fcstungsexporte stoppen\",\"publisher\":{\"@id\":\"https:\\\/\\\/offenbacher-friedensinitiative.de\\\/#organization\"},\"potentialAction\":[{\"@type\":\"SearchAction\",\"target\":{\"@type\":\"EntryPoint\",\"urlTemplate\":\"https:\\\/\\\/offenbacher-friedensinitiative.de\\\/?s={search_term_string}\"},\"query-input\":{\"@type\":\"PropertyValueSpecification\",\"valueRequired\":true,\"valueName\":\"search_term_string\"}}],\"inLanguage\":\"de\"},{\"@type\":\"Organization\",\"@id\":\"https:\\\/\\\/offenbacher-friedensinitiative.de\\\/#organization\",\"name\":\"Offenbacher Friedensinitiative\",\"url\":\"https:\\\/\\\/offenbacher-friedensinitiative.de\\\/\",\"logo\":{\"@type\":\"ImageObject\",\"inLanguage\":\"de\",\"@id\":\"https:\\\/\\\/offenbacher-friedensinitiative.de\\\/#\\\/schema\\\/logo\\\/image\\\/\",\"url\":\"https:\\\/\\\/offenbacher-friedensinitiative.de\\\/wp-content\\\/uploads\\\/2019\\\/03\\\/cropped-Transparen-logo.jpg\",\"contentUrl\":\"https:\\\/\\\/offenbacher-friedensinitiative.de\\\/wp-content\\\/uploads\\\/2019\\\/03\\\/cropped-Transparen-logo.jpg\",\"width\":1036,\"height\":227,\"caption\":\"Offenbacher Friedensinitiative\"},\"image\":{\"@id\":\"https:\\\/\\\/offenbacher-friedensinitiative.de\\\/#\\\/schema\\\/logo\\\/image\\\/\"}},{\"@type\":\"Person\",\"@id\":\"https:\\\/\\\/offenbacher-friedensinitiative.de\\\/#\\\/schema\\\/person\\\/5ec566fcb70420f878023349a111f19f\",\"name\":\"OFI_WP\"}]}<\/script>\n<!-- \/ Yoast SEO plugin. -->","yoast_head_json":{"title":"Abr\u00fcstung schafft Sicherheit - Offenbacher FriedensInitiative - OFI","description":"Abr\u00fcstung schafft Sicherheit: Abr\u00fcstung scheint aus dem Wortschatz unserer Regierung gestrichen. Sicherheit wird nur noch im Zusammenhang mit so etwas Wahnwitzigem wie Defender 2020 oder dem angeblich w\u00fcnschenswerten \u201eAtomschirm\u201c von Frankreich oder der USA gebraucht.","robots":{"index":"index","follow":"follow","max-snippet":"max-snippet:-1","max-image-preview":"max-image-preview:large","max-video-preview":"max-video-preview:-1"},"canonical":"https:\/\/offenbacher-friedensinitiative.de\/?p=10844","og_locale":"de_DE","og_type":"article","og_title":"Abr\u00fcstung schafft Sicherheit - Offenbacher FriedensInitiative - OFI","og_description":"Abr\u00fcstung schafft Sicherheit: Abr\u00fcstung scheint aus dem Wortschatz unserer Regierung gestrichen. Sicherheit wird nur noch im Zusammenhang mit so etwas Wahnwitzigem wie Defender 2020 oder dem angeblich w\u00fcnschenswerten \u201eAtomschirm\u201c von Frankreich oder der USA gebraucht.","og_url":"https:\/\/offenbacher-friedensinitiative.de\/?p=10844","og_site_name":"Offenbacher FriedensInitiative - OFI","article_published_time":"2020-02-20T12:51:05+00:00","article_modified_time":"2020-02-23T15:33:08+00:00","og_image":[{"width":2000,"height":1050,"url":"https:\/\/offenbacher-friedensinitiative.de\/wp-content\/uploads\/2020\/02\/Operation_Crossroads_Baker_Edit.jpg","type":"image\/jpeg"}],"author":"OFI_WP","twitter_card":"summary_large_image","twitter_misc":{"Verfasst von":"OFI_WP","Gesch\u00e4tzte Lesezeit":"1\u00a0Minute"},"schema":{"@context":"https:\/\/schema.org","@graph":[{"@type":"Article","@id":"https:\/\/offenbacher-friedensinitiative.de\/?p=10844#article","isPartOf":{"@id":"https:\/\/offenbacher-friedensinitiative.de\/?p=10844"},"author":{"name":"OFI_WP","@id":"https:\/\/offenbacher-friedensinitiative.de\/#\/schema\/person\/5ec566fcb70420f878023349a111f19f"},"headline":"Abr\u00fcstung schafft Sicherheit","datePublished":"2020-02-20T12:51:05+00:00","dateModified":"2020-02-23T15:33:08+00:00","mainEntityOfPage":{"@id":"https:\/\/offenbacher-friedensinitiative.de\/?p=10844"},"wordCount":226,"publisher":{"@id":"https:\/\/offenbacher-friedensinitiative.de\/#organization"},"image":{"@id":"https:\/\/offenbacher-friedensinitiative.de\/?p=10844#primaryimage"},"thumbnailUrl":"https:\/\/offenbacher-friedensinitiative.de\/wp-content\/uploads\/2020\/02\/Operation_Crossroads_Baker_Edit.jpg","articleSection":["Hessen","Offenbach","Veranstaltung"],"inLanguage":"de"},{"@type":"WebPage","@id":"https:\/\/offenbacher-friedensinitiative.de\/?p=10844","url":"https:\/\/offenbacher-friedensinitiative.de\/?p=10844","name":"Abr\u00fcstung schafft Sicherheit - Offenbacher FriedensInitiative - OFI","isPartOf":{"@id":"https:\/\/offenbacher-friedensinitiative.de\/#website"},"primaryImageOfPage":{"@id":"https:\/\/offenbacher-friedensinitiative.de\/?p=10844#primaryimage"},"image":{"@id":"https:\/\/offenbacher-friedensinitiative.de\/?p=10844#primaryimage"},"thumbnailUrl":"https:\/\/offenbacher-friedensinitiative.de\/wp-content\/uploads\/2020\/02\/Operation_Crossroads_Baker_Edit.jpg","datePublished":"2020-02-20T12:51:05+00:00","dateModified":"2020-02-23T15:33:08+00:00","description":"Abr\u00fcstung schafft Sicherheit: Abr\u00fcstung scheint aus dem Wortschatz unserer Regierung gestrichen. Sicherheit wird nur noch im Zusammenhang mit so etwas Wahnwitzigem wie Defender 2020 oder dem angeblich w\u00fcnschenswerten \u201eAtomschirm\u201c von Frankreich oder der USA gebraucht.","breadcrumb":{"@id":"https:\/\/offenbacher-friedensinitiative.de\/?p=10844#breadcrumb"},"inLanguage":"de","potentialAction":[{"@type":"ReadAction","target":["https:\/\/offenbacher-friedensinitiative.de\/?p=10844"]}]},{"@type":"ImageObject","inLanguage":"de","@id":"https:\/\/offenbacher-friedensinitiative.de\/?p=10844#primaryimage","url":"https:\/\/offenbacher-friedensinitiative.de\/wp-content\/uploads\/2020\/02\/Operation_Crossroads_Baker_Edit.jpg","contentUrl":"https:\/\/offenbacher-friedensinitiative.de\/wp-content\/uploads\/2020\/02\/Operation_Crossroads_Baker_Edit.jpg","width":2000,"height":1050},{"@type":"BreadcrumbList","@id":"https:\/\/offenbacher-friedensinitiative.de\/?p=10844#breadcrumb","itemListElement":[{"@type":"ListItem","position":1,"name":"Startseite","item":"https:\/\/offenbacher-friedensinitiative.de\/"},{"@type":"ListItem","position":2,"name":"Abr\u00fcstung schafft Sicherheit"}]},{"@type":"WebSite","@id":"https:\/\/offenbacher-friedensinitiative.de\/#website","url":"https:\/\/offenbacher-friedensinitiative.de\/","name":"Offenbacher FriedensInitiative","description":"Abr\u00fcsten statt Aufr\u00fcsten |- Kriege beenden | R\u00fcstungsexporte stoppen","publisher":{"@id":"https:\/\/offenbacher-friedensinitiative.de\/#organization"},"potentialAction":[{"@type":"SearchAction","target":{"@type":"EntryPoint","urlTemplate":"https:\/\/offenbacher-friedensinitiative.de\/?s={search_term_string}"},"query-input":{"@type":"PropertyValueSpecification","valueRequired":true,"valueName":"search_term_string"}}],"inLanguage":"de"},{"@type":"Organization","@id":"https:\/\/offenbacher-friedensinitiative.de\/#organization","name":"Offenbacher Friedensinitiative","url":"https:\/\/offenbacher-friedensinitiative.de\/","logo":{"@type":"ImageObject","inLanguage":"de","@id":"https:\/\/offenbacher-friedensinitiative.de\/#\/schema\/logo\/image\/","url":"https:\/\/offenbacher-friedensinitiative.de\/wp-content\/uploads\/2019\/03\/cropped-Transparen-logo.jpg","contentUrl":"https:\/\/offenbacher-friedensinitiative.de\/wp-content\/uploads\/2019\/03\/cropped-Transparen-logo.jpg","width":1036,"height":227,"caption":"Offenbacher Friedensinitiative"},"image":{"@id":"https:\/\/offenbacher-friedensinitiative.de\/#\/schema\/logo\/image\/"}},{"@type":"Person","@id":"https:\/\/offenbacher-friedensinitiative.de\/#\/schema\/person\/5ec566fcb70420f878023349a111f19f","name":"OFI_WP"}]}},"_links":{"self":[{"href":"https:\/\/offenbacher-friedensinitiative.de\/index.php?rest_route=\/wp\/v2\/posts\/10844","targetHints":{"allow":["GET"]}}],"collection":[{"href":"https:\/\/offenbacher-friedensinitiative.de\/index.php?rest_route=\/wp\/v2\/posts"}],"about":[{"href":"https:\/\/offenbacher-friedensinitiative.de\/index.php?rest_route=\/wp\/v2\/types\/post"}],"author":[{"embeddable":true,"href":"https:\/\/offenbacher-friedensinitiative.de\/index.php?rest_route=\/wp\/v2\/users\/1"}],"replies":[{"embeddable":true,"href":"https:\/\/offenbacher-friedensinitiative.de\/index.php?rest_route=%2Fwp%2Fv2%2Fcomments&post=10844"}],"version-history":[{"count":10,"href":"https:\/\/offenbacher-friedensinitiative.de\/index.php?rest_route=\/wp\/v2\/posts\/10844\/revisions"}],"predecessor-version":[{"id":10949,"href":"https:\/\/offenbacher-friedensinitiative.de\/index.php?rest_route=\/wp\/v2\/posts\/10844\/revisions\/10949"}],"wp:featuredmedia":[{"embeddable":true,"href":"https:\/\/offenbacher-friedensinitiative.de\/index.php?rest_route=\/wp\/v2\/media\/10846"}],"wp:attachment":[{"href":"https:\/\/offenbacher-friedensinitiative.de\/index.php?rest_route=%2Fwp%2Fv2%2Fmedia&parent=10844"}],"wp:term":[{"taxonomy":"category","embeddable":true,"href":"https:\/\/offenbacher-friedensinitiative.de\/index.php?rest_route=%2Fwp%2Fv2%2Fcategories&post=10844"},{"taxonomy":"post_tag","embeddable":true,"href":"https:\/\/offenbacher-friedensinitiative.de\/index.php?rest_route=%2Fwp%2Fv2%2Ftags&post=10844"}],"curies":[{"name":"wp","href":"https:\/\/api.w.org\/{rel}","templated":true}]}}