{"id":10985,"date":"2020-02-25T16:36:24","date_gmt":"2020-02-25T15:36:24","guid":{"rendered":"https:\/\/offenbacher-friedensinitiative.de\/?p=10985"},"modified":"2020-03-24T12:30:19","modified_gmt":"2020-03-24T11:30:19","slug":"ostermarsch-2020","status":"publish","type":"post","link":"https:\/\/offenbacher-friedensinitiative.de\/?p=10985","title":{"rendered":"Ostermarsch 2020"},"content":{"rendered":"<div id=\"pl-10985\"  class=\"panel-layout\" ><div id=\"pg-10985-0\"  class=\"panel-grid panel-no-style\" ><div id=\"pgc-10985-0-0\"  class=\"panel-grid-cell\" ><div id=\"panel-10985-0-0-0\" class=\"so-panel widget widget_sow-editor panel-first-child\" data-index=\"0\" ><div\n\t\t\t\n\t\t\tclass=\"so-widget-sow-editor so-widget-sow-editor-base\"\n\t\t\t\n\t\t>\n<div class=\"siteorigin-widget-tinymce textwidget\">\n\t<p align=\"center\"><span style=\"color: #0070c0; font-family: georgia, palatino, serif;\"><span style=\"font-size: xx-large;\"><b>Aufruf zum Offenbacher Ostermarsch 2020<\/b><\/span><\/span><\/p>\n<p style=\"text-align: center;\" align=\"justify\"><span style=\"font-family: georgia, palatino, serif; font-size: 14pt;\"><strong>Ostermontag, 13. April 2020 um 10:00 Uhr Auftaktveranstaltung Stadthof (Rathaus)<\/strong><\/span><\/p>\n<p style=\"text-align: center;\" align=\"justify\"><span style=\"color: #993366;\"><strong><span style=\"font-size: 14pt;\">F\u00e4llt vermutlich aus. Die Themen bleiben aktuell.<\/span><\/strong><\/span><\/p>\n<p align=\"center\"><span style=\"font-family: georgia, palatino, serif; font-size: 14pt;\"><b>Wir wollen Frieden, Abr\u00fcstung und internationale Verst\u00e4ndigung<\/b><\/span><\/p>\n<p><span style=\"font-family: georgia, palatino, serif;\"><br \/>\nWir leben in einer Welt, in der es mehr Konflikte und Kriegshandlungen als zur Zeit des Kalten Krieges gibt. Die Gef\u00e4hrdung der Menschheit w\u00e4chst. Es werden neue Waffen entwickelt, die auch Atomkriege wieder gewinnbar machen sollen. Kriege heizen das Welt\u00adklima weiter an. Wirtschaftliche Erpressungspolitik, Sanktionen und Handelskriege sind gegen die Zivilgesellschaft gerichtet und zerst\u00f6ren weltweit \u00f6konomische und \u00f6kologische Existenzgrundlagen. Immer mehr Menschen sind wegen Krieg, Armut und Zerst\u00f6rung der nat\u00fcrlichen Lebensgrundlagen auf der Flucht.<\/span><\/p>\n<p><span style=\"font-family: georgia, palatino, serif;\">Rund um den 75. Jahrestag der Befreiung von Faschismus und Krieg am 8. Mai soll in Osteuropa bis zur russischen Westgrenze eines der aufw\u00e4ndigsten NATO-Man\u00f6ver seit dem Ende des Kalten Krieges stattfinden. Mit dem Man\u00f6ver DEFENDER 2020 wird das \u201eNie wieder Krieg \u2013 Nie wieder Faschismus\u201c ins Gegenteil verkehrt und eine russische Bedrohung unterstellt.<\/span><\/p>\n<p><span style=\"font-family: georgia, palatino, serif;\">Wir gehen zu Ostern auf die Stra\u00dfe, um eine friedenspolitische Wende in der deutschen Au\u00dfenpolitik einzufordern. Dieses hei\u00dft f\u00fcr uns: <\/span><\/p>\n<ul>\n<li><span style=\"font-family: georgia, palatino, serif;\">Abr\u00fcstung statt Erh\u00f6hung des R\u00fcstungshaushalts<\/span><\/li>\n<li><span style=\"font-family: georgia, palatino, serif;\">ein gesamteurop\u00e4isches entmilitarisiertes Sicherheitssystem statt weiterer Konfrontationspolitik<\/span><\/li>\n<li><span style=\"font-family: georgia, palatino, serif;\">St\u00e4rkung der UNO statt v\u00f6lkerrechtswidriger Kriege <\/span><\/li>\n<li><span style=\"font-family: georgia, palatino, serif;\">Verbot der R\u00fcstungsexporte, weil damit Kriege mit deutschen Waffen im Nahen Osten und Nordafrika befeuert werden <\/span><\/li>\n<li><span style=\"font-family: georgia, palatino, serif;\">Stopp der US-Drohnenmorde, die \u00fcber die US Air Base Ramstein und US-Kommandozentralen in Deutschland gef\u00fchrt werden und Aufl\u00f6sung der Milit\u00e4rbasen.<\/span><\/li>\n<li><span style=\"font-family: georgia, palatino, serif;\">Unterzeichnung des UN-Vertrages zum Verbot von Atomwaffen durch die Bundesregierung und Verzicht auf atomare Teilhabe durch Abzug der US-Atomwaffen in B\u00fcchel\u00a0 <\/span><\/li>\n<li><span style=\"font-family: georgia, palatino, serif;\">Beendigung aller Auslandseins\u00e4tze der Bundeswehr wie in Afghanistan, Irak, Mali und Syrien<\/span><\/li>\n<\/ul>\n<p><span style=\"font-family: georgia, palatino, serif;\">Eine friedenspolitische Wende schafft zugleich finanziellen Raum f\u00fcr Investitionen bei Schulen und Kitas, sozialem Wohnungsbau, Krankenh\u00e4usern, kommunaler Infrastruktur, Alterssicherung, \u00f6kologischem Umbau und anderem mehr. Die Durchsetzung von Frieden, Demokratie und sozialer Sicherheit in einer lebenswerten Umwelt erfordert auch unseren entschiedenen Kampf gegen Nationalismus, Fremdenfeindlichkeit und Rassismus. <\/span><\/p>\n<p align=\"center\"><span style=\"font-family: georgia, palatino, serif;\"><span style=\"font-size: large;\"><b>Daf\u00fcr gehen wir an Ostern auf die Stra\u00dfe.<\/b><\/span><\/span><\/p>\n<p><span style=\"font-size: medium;\"><b>Um geh\u00f6rt zu werden m\u00fcssen wir noch lauter und deutlicher werden.<\/b><\/span><\/p>\n<\/div>\n<\/div><\/div><div id=\"panel-10985-0-0-1\" class=\"so-panel widget widget_sow-editor panel-last-child\" data-index=\"1\" ><div\n\t\t\t\n\t\t\tclass=\"so-widget-sow-editor so-widget-sow-editor-base\"\n\t\t\t\n\t\t>\n<div class=\"siteorigin-widget-tinymce textwidget\">\n\t<p><strong>Download:<\/strong><\/p>\n<p><a href=\"https:\/\/offenbacher-friedensinitiative.de\/wp-content\/uploads\/2020\/02\/ostermarsch2020.pdf\" target=\"_blank\" rel=\"noopener\">Ostermarsch 2020 - Flyer<\/a><br \/>\n<a href=\"https:\/\/offenbacher-friedensinitiative.de\/wp-content\/uploads\/2020\/02\/Abru\u0308stungSicherheit_web.pdf\">Flyer: Abr\u00fcstung schafft Sicherheit <\/a>(1,5 MB)<br \/>\n<a href=\"https:\/\/offenbacher-friedensinitiative.de\/wp-content\/uploads\/2020\/01\/20HibakushaA4_WEB.pdf\" target=\"_blank\" rel=\"noopener\">Flyer Hibakusha Weltweit - Ausstellung<\/a><br \/>\n<a href=\"https:\/\/offenbacher-friedensinitiative.de\/wp-content\/uploads\/2020\/01\/infos-zur-Ausstellung.pdf\" target=\"_blank\" rel=\"noopener\">Infos zur Ausstellung<\/a><\/p>\n<\/div>\n<\/div><\/div><\/div><\/div><\/div>","protected":false},"excerpt":{"rendered":"<p>Aufruf zum Offenbacher Ostermarsch 2020 Ostermontag, 13. April 2020 um 10:00 Uhr Auftaktveranstaltung Stadthof (Rathaus) F\u00e4llt vermutlich aus. Die Themen bleiben aktuell. Wir wollen Frieden,<span class=\"more-link\"><a href=\"https:\/\/offenbacher-friedensinitiative.de\/?p=10985\">Weiterlesen &#8230;<\/a><\/span><\/p>\n","protected":false},"author":1,"featured_media":10982,"comment_status":"closed","ping_status":"closed","sticky":false,"template":"","format":"standard","meta":{"footnotes":""},"categories":[5,56,62],"tags":[],"class_list":["entry","author-ofi_wp","post-10985","post","type-post","status-publish","format-standard","has-post-thumbnail","category-aktionen","category-offenbach","category-veranstaltung"],"yoast_head":"<!-- This site is optimized with the Yoast SEO plugin v27.4 - https:\/\/yoast.com\/product\/yoast-seo-wordpress\/ -->\n<title>Ostermarsch 2020 - Offenbacher FriedensInitiative - OFI<\/title>\n<meta name=\"description\" content=\"Wir leben in einer Welt, in der es mehr Konflikte und Kriegshandlungen als zur Zeit des Kalten Krieges gibt. Die Gef\u00e4hrdung der Menschheit w\u00e4chst.\" \/>\n<meta name=\"robots\" content=\"index, follow, max-snippet:-1, max-image-preview:large, max-video-preview:-1\" \/>\n<link rel=\"canonical\" href=\"https:\/\/offenbacher-friedensinitiative.de\/?p=10985\" \/>\n<meta property=\"og:locale\" content=\"de_DE\" \/>\n<meta property=\"og:type\" content=\"article\" \/>\n<meta property=\"og:title\" content=\"Ostermarsch 2020 - Offenbacher FriedensInitiative - OFI\" \/>\n<meta property=\"og:description\" content=\"Wir leben in einer Welt, in der es mehr Konflikte und Kriegshandlungen als zur Zeit des Kalten Krieges gibt. Die Gef\u00e4hrdung der Menschheit w\u00e4chst.\" \/>\n<meta property=\"og:url\" content=\"https:\/\/offenbacher-friedensinitiative.de\/?p=10985\" \/>\n<meta property=\"og:site_name\" content=\"Offenbacher FriedensInitiative - OFI\" \/>\n<meta property=\"article:published_time\" content=\"2020-02-25T15:36:24+00:00\" \/>\n<meta property=\"article:modified_time\" content=\"2020-03-24T11:30:19+00:00\" \/>\n<meta property=\"og:image\" content=\"https:\/\/offenbacher-friedensinitiative.de\/wp-content\/uploads\/2020\/02\/alle-infos-zu-den-ostermaerschen-2020-der-friedensbewegung-3189.png\" \/>\n\t<meta property=\"og:image:width\" content=\"730\" \/>\n\t<meta property=\"og:image:height\" content=\"375\" \/>\n\t<meta property=\"og:image:type\" content=\"image\/png\" \/>\n<meta name=\"author\" content=\"OFI_WP\" \/>\n<meta name=\"twitter:card\" content=\"summary_large_image\" \/>\n<meta name=\"twitter:label1\" content=\"Verfasst von\" \/>\n\t<meta name=\"twitter:data1\" content=\"OFI_WP\" \/>\n\t<meta name=\"twitter:label2\" content=\"Gesch\u00e4tzte Lesezeit\" \/>\n\t<meta name=\"twitter:data2\" content=\"2\u00a0Minuten\" \/>\n<script type=\"application\/ld+json\" class=\"yoast-schema-graph\">{\"@context\":\"https:\\\/\\\/schema.org\",\"@graph\":[{\"@type\":\"Article\",\"@id\":\"https:\\\/\\\/offenbacher-friedensinitiative.de\\\/?p=10985#article\",\"isPartOf\":{\"@id\":\"https:\\\/\\\/offenbacher-friedensinitiative.de\\\/?p=10985\"},\"author\":{\"name\":\"OFI_WP\",\"@id\":\"https:\\\/\\\/offenbacher-friedensinitiative.de\\\/#\\\/schema\\\/person\\\/5ec566fcb70420f878023349a111f19f\"},\"headline\":\"Ostermarsch 2020\",\"datePublished\":\"2020-02-25T15:36:24+00:00\",\"dateModified\":\"2020-03-24T11:30:19+00:00\",\"mainEntityOfPage\":{\"@id\":\"https:\\\/\\\/offenbacher-friedensinitiative.de\\\/?p=10985\"},\"wordCount\":374,\"publisher\":{\"@id\":\"https:\\\/\\\/offenbacher-friedensinitiative.de\\\/#organization\"},\"image\":{\"@id\":\"https:\\\/\\\/offenbacher-friedensinitiative.de\\\/?p=10985#primaryimage\"},\"thumbnailUrl\":\"https:\\\/\\\/offenbacher-friedensinitiative.de\\\/wp-content\\\/uploads\\\/2020\\\/02\\\/alle-infos-zu-den-ostermaerschen-2020-der-friedensbewegung-3189.png\",\"articleSection\":[\"Aktionen\",\"Offenbach\",\"Veranstaltung\"],\"inLanguage\":\"de\"},{\"@type\":\"WebPage\",\"@id\":\"https:\\\/\\\/offenbacher-friedensinitiative.de\\\/?p=10985\",\"url\":\"https:\\\/\\\/offenbacher-friedensinitiative.de\\\/?p=10985\",\"name\":\"Ostermarsch 2020 - Offenbacher FriedensInitiative - OFI\",\"isPartOf\":{\"@id\":\"https:\\\/\\\/offenbacher-friedensinitiative.de\\\/#website\"},\"primaryImageOfPage\":{\"@id\":\"https:\\\/\\\/offenbacher-friedensinitiative.de\\\/?p=10985#primaryimage\"},\"image\":{\"@id\":\"https:\\\/\\\/offenbacher-friedensinitiative.de\\\/?p=10985#primaryimage\"},\"thumbnailUrl\":\"https:\\\/\\\/offenbacher-friedensinitiative.de\\\/wp-content\\\/uploads\\\/2020\\\/02\\\/alle-infos-zu-den-ostermaerschen-2020-der-friedensbewegung-3189.png\",\"datePublished\":\"2020-02-25T15:36:24+00:00\",\"dateModified\":\"2020-03-24T11:30:19+00:00\",\"description\":\"Wir leben in einer Welt, in der es mehr Konflikte und Kriegshandlungen als zur Zeit des Kalten Krieges gibt. Die Gef\u00e4hrdung der Menschheit w\u00e4chst.\",\"breadcrumb\":{\"@id\":\"https:\\\/\\\/offenbacher-friedensinitiative.de\\\/?p=10985#breadcrumb\"},\"inLanguage\":\"de\",\"potentialAction\":[{\"@type\":\"ReadAction\",\"target\":[\"https:\\\/\\\/offenbacher-friedensinitiative.de\\\/?p=10985\"]}]},{\"@type\":\"ImageObject\",\"inLanguage\":\"de\",\"@id\":\"https:\\\/\\\/offenbacher-friedensinitiative.de\\\/?p=10985#primaryimage\",\"url\":\"https:\\\/\\\/offenbacher-friedensinitiative.de\\\/wp-content\\\/uploads\\\/2020\\\/02\\\/alle-infos-zu-den-ostermaerschen-2020-der-friedensbewegung-3189.png\",\"contentUrl\":\"https:\\\/\\\/offenbacher-friedensinitiative.de\\\/wp-content\\\/uploads\\\/2020\\\/02\\\/alle-infos-zu-den-ostermaerschen-2020-der-friedensbewegung-3189.png\",\"width\":730,\"height\":375},{\"@type\":\"BreadcrumbList\",\"@id\":\"https:\\\/\\\/offenbacher-friedensinitiative.de\\\/?p=10985#breadcrumb\",\"itemListElement\":[{\"@type\":\"ListItem\",\"position\":1,\"name\":\"Startseite\",\"item\":\"https:\\\/\\\/offenbacher-friedensinitiative.de\\\/\"},{\"@type\":\"ListItem\",\"position\":2,\"name\":\"Ostermarsch 2020\"}]},{\"@type\":\"WebSite\",\"@id\":\"https:\\\/\\\/offenbacher-friedensinitiative.de\\\/#website\",\"url\":\"https:\\\/\\\/offenbacher-friedensinitiative.de\\\/\",\"name\":\"Offenbacher FriedensInitiative\",\"description\":\"Abr\u00fcsten statt Aufr\u00fcsten |- Kriege beenden | R\u00fcstungsexporte stoppen\",\"publisher\":{\"@id\":\"https:\\\/\\\/offenbacher-friedensinitiative.de\\\/#organization\"},\"potentialAction\":[{\"@type\":\"SearchAction\",\"target\":{\"@type\":\"EntryPoint\",\"urlTemplate\":\"https:\\\/\\\/offenbacher-friedensinitiative.de\\\/?s={search_term_string}\"},\"query-input\":{\"@type\":\"PropertyValueSpecification\",\"valueRequired\":true,\"valueName\":\"search_term_string\"}}],\"inLanguage\":\"de\"},{\"@type\":\"Organization\",\"@id\":\"https:\\\/\\\/offenbacher-friedensinitiative.de\\\/#organization\",\"name\":\"Offenbacher Friedensinitiative\",\"url\":\"https:\\\/\\\/offenbacher-friedensinitiative.de\\\/\",\"logo\":{\"@type\":\"ImageObject\",\"inLanguage\":\"de\",\"@id\":\"https:\\\/\\\/offenbacher-friedensinitiative.de\\\/#\\\/schema\\\/logo\\\/image\\\/\",\"url\":\"https:\\\/\\\/offenbacher-friedensinitiative.de\\\/wp-content\\\/uploads\\\/2019\\\/03\\\/cropped-Transparen-logo.jpg\",\"contentUrl\":\"https:\\\/\\\/offenbacher-friedensinitiative.de\\\/wp-content\\\/uploads\\\/2019\\\/03\\\/cropped-Transparen-logo.jpg\",\"width\":1036,\"height\":227,\"caption\":\"Offenbacher Friedensinitiative\"},\"image\":{\"@id\":\"https:\\\/\\\/offenbacher-friedensinitiative.de\\\/#\\\/schema\\\/logo\\\/image\\\/\"}},{\"@type\":\"Person\",\"@id\":\"https:\\\/\\\/offenbacher-friedensinitiative.de\\\/#\\\/schema\\\/person\\\/5ec566fcb70420f878023349a111f19f\",\"name\":\"OFI_WP\"}]}<\/script>\n<!-- \/ Yoast SEO plugin. -->","yoast_head_json":{"title":"Ostermarsch 2020 - Offenbacher FriedensInitiative - OFI","description":"Wir leben in einer Welt, in der es mehr Konflikte und Kriegshandlungen als zur Zeit des Kalten Krieges gibt. Die Gef\u00e4hrdung der Menschheit w\u00e4chst.","robots":{"index":"index","follow":"follow","max-snippet":"max-snippet:-1","max-image-preview":"max-image-preview:large","max-video-preview":"max-video-preview:-1"},"canonical":"https:\/\/offenbacher-friedensinitiative.de\/?p=10985","og_locale":"de_DE","og_type":"article","og_title":"Ostermarsch 2020 - Offenbacher FriedensInitiative - OFI","og_description":"Wir leben in einer Welt, in der es mehr Konflikte und Kriegshandlungen als zur Zeit des Kalten Krieges gibt. Die Gef\u00e4hrdung der Menschheit w\u00e4chst.","og_url":"https:\/\/offenbacher-friedensinitiative.de\/?p=10985","og_site_name":"Offenbacher FriedensInitiative - OFI","article_published_time":"2020-02-25T15:36:24+00:00","article_modified_time":"2020-03-24T11:30:19+00:00","og_image":[{"width":730,"height":375,"url":"https:\/\/offenbacher-friedensinitiative.de\/wp-content\/uploads\/2020\/02\/alle-infos-zu-den-ostermaerschen-2020-der-friedensbewegung-3189.png","type":"image\/png"}],"author":"OFI_WP","twitter_card":"summary_large_image","twitter_misc":{"Verfasst von":"OFI_WP","Gesch\u00e4tzte Lesezeit":"2\u00a0Minuten"},"schema":{"@context":"https:\/\/schema.org","@graph":[{"@type":"Article","@id":"https:\/\/offenbacher-friedensinitiative.de\/?p=10985#article","isPartOf":{"@id":"https:\/\/offenbacher-friedensinitiative.de\/?p=10985"},"author":{"name":"OFI_WP","@id":"https:\/\/offenbacher-friedensinitiative.de\/#\/schema\/person\/5ec566fcb70420f878023349a111f19f"},"headline":"Ostermarsch 2020","datePublished":"2020-02-25T15:36:24+00:00","dateModified":"2020-03-24T11:30:19+00:00","mainEntityOfPage":{"@id":"https:\/\/offenbacher-friedensinitiative.de\/?p=10985"},"wordCount":374,"publisher":{"@id":"https:\/\/offenbacher-friedensinitiative.de\/#organization"},"image":{"@id":"https:\/\/offenbacher-friedensinitiative.de\/?p=10985#primaryimage"},"thumbnailUrl":"https:\/\/offenbacher-friedensinitiative.de\/wp-content\/uploads\/2020\/02\/alle-infos-zu-den-ostermaerschen-2020-der-friedensbewegung-3189.png","articleSection":["Aktionen","Offenbach","Veranstaltung"],"inLanguage":"de"},{"@type":"WebPage","@id":"https:\/\/offenbacher-friedensinitiative.de\/?p=10985","url":"https:\/\/offenbacher-friedensinitiative.de\/?p=10985","name":"Ostermarsch 2020 - Offenbacher FriedensInitiative - OFI","isPartOf":{"@id":"https:\/\/offenbacher-friedensinitiative.de\/#website"},"primaryImageOfPage":{"@id":"https:\/\/offenbacher-friedensinitiative.de\/?p=10985#primaryimage"},"image":{"@id":"https:\/\/offenbacher-friedensinitiative.de\/?p=10985#primaryimage"},"thumbnailUrl":"https:\/\/offenbacher-friedensinitiative.de\/wp-content\/uploads\/2020\/02\/alle-infos-zu-den-ostermaerschen-2020-der-friedensbewegung-3189.png","datePublished":"2020-02-25T15:36:24+00:00","dateModified":"2020-03-24T11:30:19+00:00","description":"Wir leben in einer Welt, in der es mehr Konflikte und Kriegshandlungen als zur Zeit des Kalten Krieges gibt. Die Gef\u00e4hrdung der Menschheit w\u00e4chst.","breadcrumb":{"@id":"https:\/\/offenbacher-friedensinitiative.de\/?p=10985#breadcrumb"},"inLanguage":"de","potentialAction":[{"@type":"ReadAction","target":["https:\/\/offenbacher-friedensinitiative.de\/?p=10985"]}]},{"@type":"ImageObject","inLanguage":"de","@id":"https:\/\/offenbacher-friedensinitiative.de\/?p=10985#primaryimage","url":"https:\/\/offenbacher-friedensinitiative.de\/wp-content\/uploads\/2020\/02\/alle-infos-zu-den-ostermaerschen-2020-der-friedensbewegung-3189.png","contentUrl":"https:\/\/offenbacher-friedensinitiative.de\/wp-content\/uploads\/2020\/02\/alle-infos-zu-den-ostermaerschen-2020-der-friedensbewegung-3189.png","width":730,"height":375},{"@type":"BreadcrumbList","@id":"https:\/\/offenbacher-friedensinitiative.de\/?p=10985#breadcrumb","itemListElement":[{"@type":"ListItem","position":1,"name":"Startseite","item":"https:\/\/offenbacher-friedensinitiative.de\/"},{"@type":"ListItem","position":2,"name":"Ostermarsch 2020"}]},{"@type":"WebSite","@id":"https:\/\/offenbacher-friedensinitiative.de\/#website","url":"https:\/\/offenbacher-friedensinitiative.de\/","name":"Offenbacher FriedensInitiative","description":"Abr\u00fcsten statt Aufr\u00fcsten |- Kriege beenden | R\u00fcstungsexporte stoppen","publisher":{"@id":"https:\/\/offenbacher-friedensinitiative.de\/#organization"},"potentialAction":[{"@type":"SearchAction","target":{"@type":"EntryPoint","urlTemplate":"https:\/\/offenbacher-friedensinitiative.de\/?s={search_term_string}"},"query-input":{"@type":"PropertyValueSpecification","valueRequired":true,"valueName":"search_term_string"}}],"inLanguage":"de"},{"@type":"Organization","@id":"https:\/\/offenbacher-friedensinitiative.de\/#organization","name":"Offenbacher Friedensinitiative","url":"https:\/\/offenbacher-friedensinitiative.de\/","logo":{"@type":"ImageObject","inLanguage":"de","@id":"https:\/\/offenbacher-friedensinitiative.de\/#\/schema\/logo\/image\/","url":"https:\/\/offenbacher-friedensinitiative.de\/wp-content\/uploads\/2019\/03\/cropped-Transparen-logo.jpg","contentUrl":"https:\/\/offenbacher-friedensinitiative.de\/wp-content\/uploads\/2019\/03\/cropped-Transparen-logo.jpg","width":1036,"height":227,"caption":"Offenbacher Friedensinitiative"},"image":{"@id":"https:\/\/offenbacher-friedensinitiative.de\/#\/schema\/logo\/image\/"}},{"@type":"Person","@id":"https:\/\/offenbacher-friedensinitiative.de\/#\/schema\/person\/5ec566fcb70420f878023349a111f19f","name":"OFI_WP"}]}},"_links":{"self":[{"href":"https:\/\/offenbacher-friedensinitiative.de\/index.php?rest_route=\/wp\/v2\/posts\/10985","targetHints":{"allow":["GET"]}}],"collection":[{"href":"https:\/\/offenbacher-friedensinitiative.de\/index.php?rest_route=\/wp\/v2\/posts"}],"about":[{"href":"https:\/\/offenbacher-friedensinitiative.de\/index.php?rest_route=\/wp\/v2\/types\/post"}],"author":[{"embeddable":true,"href":"https:\/\/offenbacher-friedensinitiative.de\/index.php?rest_route=\/wp\/v2\/users\/1"}],"replies":[{"embeddable":true,"href":"https:\/\/offenbacher-friedensinitiative.de\/index.php?rest_route=%2Fwp%2Fv2%2Fcomments&post=10985"}],"version-history":[{"count":6,"href":"https:\/\/offenbacher-friedensinitiative.de\/index.php?rest_route=\/wp\/v2\/posts\/10985\/revisions"}],"predecessor-version":[{"id":11043,"href":"https:\/\/offenbacher-friedensinitiative.de\/index.php?rest_route=\/wp\/v2\/posts\/10985\/revisions\/11043"}],"wp:featuredmedia":[{"embeddable":true,"href":"https:\/\/offenbacher-friedensinitiative.de\/index.php?rest_route=\/wp\/v2\/media\/10982"}],"wp:attachment":[{"href":"https:\/\/offenbacher-friedensinitiative.de\/index.php?rest_route=%2Fwp%2Fv2%2Fmedia&parent=10985"}],"wp:term":[{"taxonomy":"category","embeddable":true,"href":"https:\/\/offenbacher-friedensinitiative.de\/index.php?rest_route=%2Fwp%2Fv2%2Fcategories&post=10985"},{"taxonomy":"post_tag","embeddable":true,"href":"https:\/\/offenbacher-friedensinitiative.de\/index.php?rest_route=%2Fwp%2Fv2%2Ftags&post=10985"}],"curies":[{"name":"wp","href":"https:\/\/api.w.org\/{rel}","templated":true}]}}