{"id":11046,"date":"2020-03-26T10:07:23","date_gmt":"2020-03-26T09:07:23","guid":{"rendered":"https:\/\/offenbacher-friedensinitiative.de\/?p=11046"},"modified":"2020-03-26T10:24:27","modified_gmt":"2020-03-26T09:24:27","slug":"eroeffnung-der-ausstellung-hibakusha-weltweit","status":"publish","type":"post","link":"https:\/\/offenbacher-friedensinitiative.de\/?p=11046","title":{"rendered":"Er\u00f6ffnung der Ausstellung Hibakusha weltweit"},"content":{"rendered":"<div id=\"pl-11046\"  class=\"panel-layout\" ><div id=\"pg-11046-0\"  class=\"panel-grid panel-no-style\" ><div id=\"pgc-11046-0-0\"  class=\"panel-grid-cell\" ><div id=\"panel-11046-0-0-0\" class=\"so-panel widget widget_sow-editor panel-first-child\" data-index=\"0\" ><div\n\t\t\t\n\t\t\tclass=\"so-widget-sow-editor so-widget-sow-editor-base\"\n\t\t\t\n\t\t>\n<div class=\"siteorigin-widget-tinymce textwidget\">\n\t<p align=\"left\">Am 3.3.20 hatten wir die feierlich Er\u00f6ffnung unserer Ausstellung Hibakusha weltweit. Die Corona-Krise war noch nicht wirklich bei uns angekommen, und es waren viele Menschen gekommen.<\/p>\n<p align=\"left\">Gabriele Scholz (Klavier) und Heike St\u00e4dter (Fagott) spielten ein Kaddisch von Ravel, das sehr bewegte. Oberb\u00fcrgermeister Dr Felix Schwenke hielt eine kurze Rede, in der er den Weg Offenbachs bis zur Teilnahme am ICAN St\u00e4dteappell skizzierte.Er w\u00fcrdigte dabei auch die Arbeit der Offenbacher Friedensinitiative, die auf diesem Weg Impulse gab. Daneben berichtete er auch von seinem pers\u00f6nlichen Weg in die Politik, auf dem es eine wichtige Motivation war, die Welt besser, friedlicher zu gestalten. Er schloss damit, dass es notwendig sei, das Thema von Frieden und Abr\u00fcstung immer wieder einzubringen, daf\u00fcr zu sorgen, dass die Katastrophen von Hiroshima, aber auch Tschernobyl und viele andere, nicht vergessen werden. Das gilt, auch wenn viele andere Themen, wie die Klimawende vielleicht im Moment sich als dr\u00e4ngender darstellen (heute h\u00e4tte er sicher die Corona-Krise erw\u00e4hnt). Die Friedenserhaltung ist grundlegend wichtig, das wollen wir immer wieder in Erinnerung bringen.<\/p>\n<p align=\"left\">Bei diesem grunds\u00e4tzlichen Statement gibt es nat\u00fcrlich eine gro\u00dfe \u00dcbereinstimmung mit der Friedensinitiative. Und im Namen der OFI bedankte sich Christa F\u00fchrer-R\u00f6\u00dfmann ausdr\u00fccklich bei Dr Schwenke f\u00fcr sein Engagement f\u00fcr den ICAN St\u00e4dteappell, sowie die \u00dcbernahme der Schirmherrschaft f\u00fcr die Ausstellung <i>Hibakusha weltweit. <\/i>Letzteres war vermutlich auch f\u00f6rderlich daf\u00fcr, dass das staatliche Schulamt die Offenbacher Schulen \u00fcber die Ausstellung informierte.<\/p>\n<p align=\"left\">Julia Endres war die n\u00e4chste Rednerin. Sie \u00fcberbrachte eine Gru\u00dfbotschaft der Fridays for Future-Bewegung.<\/p>\n<p align=\"left\">Anschlie\u00dfend sprach Prof. Dr. Ulrich Gottstein zum Thema <em>Vom Uranbergbau bis zum Atomkrieg. Sind wir wahnsinnig geworden?<\/em> Diese Rede ist vollst\u00e4ndig nachzulesen.<\/p>\n<p align=\"left\">Am Ende spielten Gabriele Scholz und Heike St\u00e4dter das St\u00fcck Lyrische Suite von Thomas Dunhill.<\/p>\n<\/div>\n<\/div><\/div><div id=\"panel-11046-0-0-1\" class=\"so-panel widget widget_sow-editor\" data-index=\"1\" ><div\n\t\t\t\n\t\t\tclass=\"so-widget-sow-editor so-widget-sow-editor-base\"\n\t\t\t\n\t\t>\n<div class=\"siteorigin-widget-tinymce textwidget\">\n\t \n<!-- Start container 1 --><div id=\"wppa-modal-container-1\" class=\"wppa-modal-container\" style=\"position:relative;z-index:100000;\" data-wppa=\"yes\" ontouchmove=\"event.stopPropagation();\"><\/div><div id=\"wppa-container-wrapper-1\" class=\"alignnone wppa-container-wrapper \" style=\"width:100%;clear:both;padding:0;position:relative;\"><div id=\"wppa-container-1\" style=\"width:100%;\" class=\"wppa-container wppa-container-1 wppa-rev-9112007 wppa-prevrev-9111001 wppa-theme-9.1.12.007 wppa-api-9.1.12.007\"><svg id=\"wppa-ajax-spin-1\" class=\"wppa-ajax-spin uil-default\" width=\"120px\" height=\"120px\" viewBox=\"0 0 135 135\" preserveAspectRatio=\"xMidYMid\" stroke=\"\" style=\"width:120px; height:120px; position:fixed; top:50%; margin-top:-60px; left:50%; margin-left:-60px; opacity:1; display:none; fill:#666666; background-color:transparent; border-radius:24px;\"><path d=\"M67.447 58c5.523 0 10-4.477 10-10s-4.477-10-10-10-10 4.477-10 10 4.477 10 10 10zm9.448 9.447c0 5.523 4.477 10 10 10 5.522 0 10-4.477 10-10s-4.478-10-10-10c-5.523 0-10 4.477-10 10zm-9.448 9.448c-5.523 0-10 4.477-10 10 0 5.522 4.477 10 10 10s10-4.478 10-10c0-5.523-4.477-10-10-10zM58 67.447c0-5.523-4.477-10-10-10s-10 4.477-10 10 4.477 10 10 10 10-4.477 10-10z\"><animateTransform attributeName=\"transform\" type=\"rotate\" from=\"0 67 67\" to=\"-360 67 67\" dur=\"2.5s\" repeatCount=\"indefinite\" ><\/path><path d=\"M28.19 40.31c6.627 0 12-5.374 12-12 0-6.628-5.373-12-12-12-6.628 0-12 5.372-12 12 0 6.626 5.372 12 12 12zm30.72-19.825c4.686 4.687 12.284 4.687 16.97 0 4.686-4.686 4.686-12.284 0-16.97-4.686-4.687-12.284-4.687-16.97 0-4.687 4.686-4.687 12.284 0 16.97zm35.74 7.705c0 6.627 5.37 12 12 12 6.626 0 12-5.373 12-12 0-6.628-5.374-12-12-12-6.63 0-12 5.372-12 12zm19.822 30.72c-4.686 4.686-4.686 12.284 0 16.97 4.687 4.686 12.285 4.686 16.97 0 4.687-4.686 4.687-12.284 0-16.97-4.685-4.687-12.283-4.687-16.97 0zm-7.704 35.74c-6.627 0-12 5.37-12 12 0 6.626 5.373 12 12 12s12-5.374 12-12c0-6.63-5.373-12-12-12zm-30.72 19.822c-4.686-4.686-12.284-4.686-16.97 0-4.686 4.687-4.686 12.285 0 16.97 4.686 4.687 12.284 4.687 16.97 0 4.687-4.685 4.687-12.283 0-16.97zm-35.74-7.704c0-6.627-5.372-12-12-12-6.626 0-12 5.373-12 12s5.374 12 12 12c6.628 0 12-5.373 12-12zm-19.823-30.72c4.687-4.686 4.687-12.284 0-16.97-4.686-4.686-12.284-4.686-16.97 0-4.687 4.686-4.687 12.284 0 16.97 4.686 4.687 12.284 4.687 16.97 0z\"><animateTransform attributeName=\"transform\" type=\"rotate\" from=\"0 67 67\" to=\"360 67 67\" dur=\"8s\" repeatCount=\"indefinite\" ><\/path><\/svg><input type=\"hidden\" id=\"wppa-nonce-0-1\" name=\"wppa-nonce\" value=\"aebc4bea98\" ><div style=\"clear:both;\"><\/div><div id=\"wppa-container-1-end\"><\/div><\/div><\/div>\n<!-- End [wppa type=\"filmonly\" album=\"14\" delay=\"yes\"] \/index.php?rest_route=%2Fwp%2Fv2%2Fposts%2F11046 oc 1 0 queries in 0.5 ms. at 10:17. Max mem: 122.00 Mb. (delayed) -->\n<p style=\"text-align: center;\"><span style=\"font-size: 10pt;\">Zu den Vollbildfotos auf <a href=\"https:\/\/photo-auge.de\/ausstellung-hibakusha-weltweit\/\" target=\"_blank\" rel=\"noopener\">externer Seite<\/a>. copyright Fotos: <a href=\"https:\/\/photo-auge.de\" target=\"_blank\" rel=\"noopener\">Manfred R\u00f6\u00dfmann<\/a><\/span><\/p>\n<p>&nbsp;<\/p>\n<\/div>\n<\/div><\/div><div id=\"panel-11046-0-0-2\" class=\"so-panel widget widget_sow-editor panel-last-child\" data-index=\"2\" ><div\n\t\t\t\n\t\t\tclass=\"so-widget-sow-editor so-widget-sow-editor-base\"\n\t\t\t\n\t\t>\n<div class=\"siteorigin-widget-tinymce textwidget\">\n\t<p><strong>Download:<\/strong><\/p>\n<p><a href=\"https:\/\/offenbacher-friedensinitiative.de\/wp-content\/uploads\/wppa-source\/album-15\/Vom-Uranbergbau-bis-zum-Atomkrieg.pdf\" target=\"_blank\" rel=\"noopener\">Rede von Prof. Dr. Ulrich Gottstein<\/a><\/p>\n<\/div>\n<\/div><\/div><\/div><\/div><\/div>","protected":false},"excerpt":{"rendered":"<p>Am 3.3.20 hatten wir die feierlich Er\u00f6ffnung unserer Ausstellung Hibakusha weltweit. Die Corona-Krise war noch nicht wirklich bei uns angekommen, und es waren viele Menschen<span class=\"more-link\"><a href=\"https:\/\/offenbacher-friedensinitiative.de\/?p=11046\">Weiterlesen &#8230;<\/a><\/span><\/p>\n","protected":false},"author":1,"featured_media":11047,"comment_status":"closed","ping_status":"closed","sticky":false,"template":"","format":"standard","meta":{"footnotes":""},"categories":[56,87,62],"tags":[],"class_list":["entry","author-ofi_wp","post-11046","post","type-post","status-publish","format-standard","has-post-thumbnail","category-offenbach","category-schule","category-veranstaltung"],"yoast_head":"<!-- This site is optimized with the Yoast SEO plugin v27.5 - https:\/\/yoast.com\/product\/yoast-seo-wordpress\/ -->\n<title>Er\u00f6ffnung der Ausstellung Hibakusha weltweit - Offenbacher FriedensInitiative - OFI<\/title>\n<meta name=\"description\" content=\"Wir leben in einer Welt, in der es mehr Konflikte und Kriegshandlungen als zur Zeit des Kalten Krieges gibt. Die Gef\u00e4hrdung der Menschheit w\u00e4chst.\" \/>\n<meta name=\"robots\" content=\"index, follow, max-snippet:-1, max-image-preview:large, max-video-preview:-1\" \/>\n<link rel=\"canonical\" href=\"https:\/\/offenbacher-friedensinitiative.de\/?p=11046\" \/>\n<meta property=\"og:locale\" content=\"de_DE\" \/>\n<meta property=\"og:type\" content=\"article\" \/>\n<meta property=\"og:title\" content=\"Er\u00f6ffnung der Ausstellung Hibakusha weltweit - Offenbacher FriedensInitiative - OFI\" \/>\n<meta property=\"og:description\" content=\"Wir leben in einer Welt, in der es mehr Konflikte und Kriegshandlungen als zur Zeit des Kalten Krieges gibt. Die Gef\u00e4hrdung der Menschheit w\u00e4chst.\" \/>\n<meta property=\"og:url\" content=\"https:\/\/offenbacher-friedensinitiative.de\/?p=11046\" \/>\n<meta property=\"og:site_name\" content=\"Offenbacher FriedensInitiative - OFI\" \/>\n<meta property=\"article:published_time\" content=\"2020-03-26T09:07:23+00:00\" \/>\n<meta property=\"article:modified_time\" content=\"2020-03-26T09:24:27+00:00\" \/>\n<meta property=\"og:image\" content=\"https:\/\/offenbacher-friedensinitiative.de\/wp-content\/uploads\/2020\/03\/Prof.-Dr-Ulrich-Gottstein-IPPNW-e1585212935271.jpg\" \/>\n\t<meta property=\"og:image:width\" content=\"890\" \/>\n\t<meta property=\"og:image:height\" content=\"445\" \/>\n\t<meta property=\"og:image:type\" content=\"image\/jpeg\" \/>\n<meta name=\"author\" content=\"OFI_WP\" \/>\n<meta name=\"twitter:card\" content=\"summary_large_image\" \/>\n<meta name=\"twitter:label1\" content=\"Verfasst von\" \/>\n\t<meta name=\"twitter:data1\" content=\"OFI_WP\" \/>\n\t<meta name=\"twitter:label2\" content=\"Gesch\u00e4tzte Lesezeit\" \/>\n\t<meta name=\"twitter:data2\" content=\"2\u00a0Minuten\" \/>\n<script type=\"application\/ld+json\" class=\"yoast-schema-graph\">{\"@context\":\"https:\\\/\\\/schema.org\",\"@graph\":[{\"@type\":\"Article\",\"@id\":\"https:\\\/\\\/offenbacher-friedensinitiative.de\\\/?p=11046#article\",\"isPartOf\":{\"@id\":\"https:\\\/\\\/offenbacher-friedensinitiative.de\\\/?p=11046\"},\"author\":{\"name\":\"OFI_WP\",\"@id\":\"https:\\\/\\\/offenbacher-friedensinitiative.de\\\/#\\\/schema\\\/person\\\/5ec566fcb70420f878023349a111f19f\"},\"headline\":\"Er\u00f6ffnung der Ausstellung Hibakusha weltweit\",\"datePublished\":\"2020-03-26T09:07:23+00:00\",\"dateModified\":\"2020-03-26T09:24:27+00:00\",\"mainEntityOfPage\":{\"@id\":\"https:\\\/\\\/offenbacher-friedensinitiative.de\\\/?p=11046\"},\"wordCount\":341,\"publisher\":{\"@id\":\"https:\\\/\\\/offenbacher-friedensinitiative.de\\\/#organization\"},\"image\":{\"@id\":\"https:\\\/\\\/offenbacher-friedensinitiative.de\\\/?p=11046#primaryimage\"},\"thumbnailUrl\":\"https:\\\/\\\/offenbacher-friedensinitiative.de\\\/wp-content\\\/uploads\\\/2020\\\/03\\\/Prof.-Dr-Ulrich-Gottstein-IPPNW-e1585212935271.jpg\",\"articleSection\":[\"Offenbach\",\"Schule\",\"Veranstaltung\"],\"inLanguage\":\"de\"},{\"@type\":\"WebPage\",\"@id\":\"https:\\\/\\\/offenbacher-friedensinitiative.de\\\/?p=11046\",\"url\":\"https:\\\/\\\/offenbacher-friedensinitiative.de\\\/?p=11046\",\"name\":\"Er\u00f6ffnung der Ausstellung Hibakusha weltweit - Offenbacher FriedensInitiative - OFI\",\"isPartOf\":{\"@id\":\"https:\\\/\\\/offenbacher-friedensinitiative.de\\\/#website\"},\"primaryImageOfPage\":{\"@id\":\"https:\\\/\\\/offenbacher-friedensinitiative.de\\\/?p=11046#primaryimage\"},\"image\":{\"@id\":\"https:\\\/\\\/offenbacher-friedensinitiative.de\\\/?p=11046#primaryimage\"},\"thumbnailUrl\":\"https:\\\/\\\/offenbacher-friedensinitiative.de\\\/wp-content\\\/uploads\\\/2020\\\/03\\\/Prof.-Dr-Ulrich-Gottstein-IPPNW-e1585212935271.jpg\",\"datePublished\":\"2020-03-26T09:07:23+00:00\",\"dateModified\":\"2020-03-26T09:24:27+00:00\",\"description\":\"Wir leben in einer Welt, in der es mehr Konflikte und Kriegshandlungen als zur Zeit des Kalten Krieges gibt. Die Gef\u00e4hrdung der Menschheit w\u00e4chst.\",\"breadcrumb\":{\"@id\":\"https:\\\/\\\/offenbacher-friedensinitiative.de\\\/?p=11046#breadcrumb\"},\"inLanguage\":\"de\",\"potentialAction\":[{\"@type\":\"ReadAction\",\"target\":[\"https:\\\/\\\/offenbacher-friedensinitiative.de\\\/?p=11046\"]}]},{\"@type\":\"ImageObject\",\"inLanguage\":\"de\",\"@id\":\"https:\\\/\\\/offenbacher-friedensinitiative.de\\\/?p=11046#primaryimage\",\"url\":\"https:\\\/\\\/offenbacher-friedensinitiative.de\\\/wp-content\\\/uploads\\\/2020\\\/03\\\/Prof.-Dr-Ulrich-Gottstein-IPPNW-e1585212935271.jpg\",\"contentUrl\":\"https:\\\/\\\/offenbacher-friedensinitiative.de\\\/wp-content\\\/uploads\\\/2020\\\/03\\\/Prof.-Dr-Ulrich-Gottstein-IPPNW-e1585212935271.jpg\",\"width\":890,\"height\":445},{\"@type\":\"BreadcrumbList\",\"@id\":\"https:\\\/\\\/offenbacher-friedensinitiative.de\\\/?p=11046#breadcrumb\",\"itemListElement\":[{\"@type\":\"ListItem\",\"position\":1,\"name\":\"Startseite\",\"item\":\"https:\\\/\\\/offenbacher-friedensinitiative.de\\\/\"},{\"@type\":\"ListItem\",\"position\":2,\"name\":\"Er\u00f6ffnung der Ausstellung Hibakusha weltweit\"}]},{\"@type\":\"WebSite\",\"@id\":\"https:\\\/\\\/offenbacher-friedensinitiative.de\\\/#website\",\"url\":\"https:\\\/\\\/offenbacher-friedensinitiative.de\\\/\",\"name\":\"Offenbacher FriedensInitiative\",\"description\":\"Abr\u00fcsten statt Aufr\u00fcsten |- Kriege beenden | R\u00fcstungsexporte stoppen\",\"publisher\":{\"@id\":\"https:\\\/\\\/offenbacher-friedensinitiative.de\\\/#organization\"},\"potentialAction\":[{\"@type\":\"SearchAction\",\"target\":{\"@type\":\"EntryPoint\",\"urlTemplate\":\"https:\\\/\\\/offenbacher-friedensinitiative.de\\\/?s={search_term_string}\"},\"query-input\":{\"@type\":\"PropertyValueSpecification\",\"valueRequired\":true,\"valueName\":\"search_term_string\"}}],\"inLanguage\":\"de\"},{\"@type\":\"Organization\",\"@id\":\"https:\\\/\\\/offenbacher-friedensinitiative.de\\\/#organization\",\"name\":\"Offenbacher Friedensinitiative\",\"url\":\"https:\\\/\\\/offenbacher-friedensinitiative.de\\\/\",\"logo\":{\"@type\":\"ImageObject\",\"inLanguage\":\"de\",\"@id\":\"https:\\\/\\\/offenbacher-friedensinitiative.de\\\/#\\\/schema\\\/logo\\\/image\\\/\",\"url\":\"https:\\\/\\\/offenbacher-friedensinitiative.de\\\/wp-content\\\/uploads\\\/2019\\\/03\\\/cropped-Transparen-logo.jpg\",\"contentUrl\":\"https:\\\/\\\/offenbacher-friedensinitiative.de\\\/wp-content\\\/uploads\\\/2019\\\/03\\\/cropped-Transparen-logo.jpg\",\"width\":1036,\"height\":227,\"caption\":\"Offenbacher Friedensinitiative\"},\"image\":{\"@id\":\"https:\\\/\\\/offenbacher-friedensinitiative.de\\\/#\\\/schema\\\/logo\\\/image\\\/\"}},{\"@type\":\"Person\",\"@id\":\"https:\\\/\\\/offenbacher-friedensinitiative.de\\\/#\\\/schema\\\/person\\\/5ec566fcb70420f878023349a111f19f\",\"name\":\"OFI_WP\"}]}<\/script>\n<!-- \/ Yoast SEO plugin. -->","yoast_head_json":{"title":"Er\u00f6ffnung der Ausstellung Hibakusha weltweit - Offenbacher FriedensInitiative - OFI","description":"Wir leben in einer Welt, in der es mehr Konflikte und Kriegshandlungen als zur Zeit des Kalten Krieges gibt. Die Gef\u00e4hrdung der Menschheit w\u00e4chst.","robots":{"index":"index","follow":"follow","max-snippet":"max-snippet:-1","max-image-preview":"max-image-preview:large","max-video-preview":"max-video-preview:-1"},"canonical":"https:\/\/offenbacher-friedensinitiative.de\/?p=11046","og_locale":"de_DE","og_type":"article","og_title":"Er\u00f6ffnung der Ausstellung Hibakusha weltweit - Offenbacher FriedensInitiative - OFI","og_description":"Wir leben in einer Welt, in der es mehr Konflikte und Kriegshandlungen als zur Zeit des Kalten Krieges gibt. Die Gef\u00e4hrdung der Menschheit w\u00e4chst.","og_url":"https:\/\/offenbacher-friedensinitiative.de\/?p=11046","og_site_name":"Offenbacher FriedensInitiative - OFI","article_published_time":"2020-03-26T09:07:23+00:00","article_modified_time":"2020-03-26T09:24:27+00:00","og_image":[{"width":890,"height":445,"url":"https:\/\/offenbacher-friedensinitiative.de\/wp-content\/uploads\/2020\/03\/Prof.-Dr-Ulrich-Gottstein-IPPNW-e1585212935271.jpg","type":"image\/jpeg"}],"author":"OFI_WP","twitter_card":"summary_large_image","twitter_misc":{"Verfasst von":"OFI_WP","Gesch\u00e4tzte Lesezeit":"2\u00a0Minuten"},"schema":{"@context":"https:\/\/schema.org","@graph":[{"@type":"Article","@id":"https:\/\/offenbacher-friedensinitiative.de\/?p=11046#article","isPartOf":{"@id":"https:\/\/offenbacher-friedensinitiative.de\/?p=11046"},"author":{"name":"OFI_WP","@id":"https:\/\/offenbacher-friedensinitiative.de\/#\/schema\/person\/5ec566fcb70420f878023349a111f19f"},"headline":"Er\u00f6ffnung der Ausstellung Hibakusha weltweit","datePublished":"2020-03-26T09:07:23+00:00","dateModified":"2020-03-26T09:24:27+00:00","mainEntityOfPage":{"@id":"https:\/\/offenbacher-friedensinitiative.de\/?p=11046"},"wordCount":341,"publisher":{"@id":"https:\/\/offenbacher-friedensinitiative.de\/#organization"},"image":{"@id":"https:\/\/offenbacher-friedensinitiative.de\/?p=11046#primaryimage"},"thumbnailUrl":"https:\/\/offenbacher-friedensinitiative.de\/wp-content\/uploads\/2020\/03\/Prof.-Dr-Ulrich-Gottstein-IPPNW-e1585212935271.jpg","articleSection":["Offenbach","Schule","Veranstaltung"],"inLanguage":"de"},{"@type":"WebPage","@id":"https:\/\/offenbacher-friedensinitiative.de\/?p=11046","url":"https:\/\/offenbacher-friedensinitiative.de\/?p=11046","name":"Er\u00f6ffnung der Ausstellung Hibakusha weltweit - Offenbacher FriedensInitiative - OFI","isPartOf":{"@id":"https:\/\/offenbacher-friedensinitiative.de\/#website"},"primaryImageOfPage":{"@id":"https:\/\/offenbacher-friedensinitiative.de\/?p=11046#primaryimage"},"image":{"@id":"https:\/\/offenbacher-friedensinitiative.de\/?p=11046#primaryimage"},"thumbnailUrl":"https:\/\/offenbacher-friedensinitiative.de\/wp-content\/uploads\/2020\/03\/Prof.-Dr-Ulrich-Gottstein-IPPNW-e1585212935271.jpg","datePublished":"2020-03-26T09:07:23+00:00","dateModified":"2020-03-26T09:24:27+00:00","description":"Wir leben in einer Welt, in der es mehr Konflikte und Kriegshandlungen als zur Zeit des Kalten Krieges gibt. Die Gef\u00e4hrdung der Menschheit w\u00e4chst.","breadcrumb":{"@id":"https:\/\/offenbacher-friedensinitiative.de\/?p=11046#breadcrumb"},"inLanguage":"de","potentialAction":[{"@type":"ReadAction","target":["https:\/\/offenbacher-friedensinitiative.de\/?p=11046"]}]},{"@type":"ImageObject","inLanguage":"de","@id":"https:\/\/offenbacher-friedensinitiative.de\/?p=11046#primaryimage","url":"https:\/\/offenbacher-friedensinitiative.de\/wp-content\/uploads\/2020\/03\/Prof.-Dr-Ulrich-Gottstein-IPPNW-e1585212935271.jpg","contentUrl":"https:\/\/offenbacher-friedensinitiative.de\/wp-content\/uploads\/2020\/03\/Prof.-Dr-Ulrich-Gottstein-IPPNW-e1585212935271.jpg","width":890,"height":445},{"@type":"BreadcrumbList","@id":"https:\/\/offenbacher-friedensinitiative.de\/?p=11046#breadcrumb","itemListElement":[{"@type":"ListItem","position":1,"name":"Startseite","item":"https:\/\/offenbacher-friedensinitiative.de\/"},{"@type":"ListItem","position":2,"name":"Er\u00f6ffnung der Ausstellung Hibakusha weltweit"}]},{"@type":"WebSite","@id":"https:\/\/offenbacher-friedensinitiative.de\/#website","url":"https:\/\/offenbacher-friedensinitiative.de\/","name":"Offenbacher FriedensInitiative","description":"Abr\u00fcsten statt Aufr\u00fcsten |- Kriege beenden | R\u00fcstungsexporte stoppen","publisher":{"@id":"https:\/\/offenbacher-friedensinitiative.de\/#organization"},"potentialAction":[{"@type":"SearchAction","target":{"@type":"EntryPoint","urlTemplate":"https:\/\/offenbacher-friedensinitiative.de\/?s={search_term_string}"},"query-input":{"@type":"PropertyValueSpecification","valueRequired":true,"valueName":"search_term_string"}}],"inLanguage":"de"},{"@type":"Organization","@id":"https:\/\/offenbacher-friedensinitiative.de\/#organization","name":"Offenbacher Friedensinitiative","url":"https:\/\/offenbacher-friedensinitiative.de\/","logo":{"@type":"ImageObject","inLanguage":"de","@id":"https:\/\/offenbacher-friedensinitiative.de\/#\/schema\/logo\/image\/","url":"https:\/\/offenbacher-friedensinitiative.de\/wp-content\/uploads\/2019\/03\/cropped-Transparen-logo.jpg","contentUrl":"https:\/\/offenbacher-friedensinitiative.de\/wp-content\/uploads\/2019\/03\/cropped-Transparen-logo.jpg","width":1036,"height":227,"caption":"Offenbacher Friedensinitiative"},"image":{"@id":"https:\/\/offenbacher-friedensinitiative.de\/#\/schema\/logo\/image\/"}},{"@type":"Person","@id":"https:\/\/offenbacher-friedensinitiative.de\/#\/schema\/person\/5ec566fcb70420f878023349a111f19f","name":"OFI_WP"}]}},"_links":{"self":[{"href":"https:\/\/offenbacher-friedensinitiative.de\/index.php?rest_route=\/wp\/v2\/posts\/11046","targetHints":{"allow":["GET"]}}],"collection":[{"href":"https:\/\/offenbacher-friedensinitiative.de\/index.php?rest_route=\/wp\/v2\/posts"}],"about":[{"href":"https:\/\/offenbacher-friedensinitiative.de\/index.php?rest_route=\/wp\/v2\/types\/post"}],"author":[{"embeddable":true,"href":"https:\/\/offenbacher-friedensinitiative.de\/index.php?rest_route=\/wp\/v2\/users\/1"}],"replies":[{"embeddable":true,"href":"https:\/\/offenbacher-friedensinitiative.de\/index.php?rest_route=%2Fwp%2Fv2%2Fcomments&post=11046"}],"version-history":[{"count":6,"href":"https:\/\/offenbacher-friedensinitiative.de\/index.php?rest_route=\/wp\/v2\/posts\/11046\/revisions"}],"predecessor-version":[{"id":11054,"href":"https:\/\/offenbacher-friedensinitiative.de\/index.php?rest_route=\/wp\/v2\/posts\/11046\/revisions\/11054"}],"wp:featuredmedia":[{"embeddable":true,"href":"https:\/\/offenbacher-friedensinitiative.de\/index.php?rest_route=\/wp\/v2\/media\/11047"}],"wp:attachment":[{"href":"https:\/\/offenbacher-friedensinitiative.de\/index.php?rest_route=%2Fwp%2Fv2%2Fmedia&parent=11046"}],"wp:term":[{"taxonomy":"category","embeddable":true,"href":"https:\/\/offenbacher-friedensinitiative.de\/index.php?rest_route=%2Fwp%2Fv2%2Fcategories&post=11046"},{"taxonomy":"post_tag","embeddable":true,"href":"https:\/\/offenbacher-friedensinitiative.de\/index.php?rest_route=%2Fwp%2Fv2%2Ftags&post=11046"}],"curies":[{"name":"wp","href":"https:\/\/api.w.org\/{rel}","templated":true}]}}