{"id":11055,"date":"2020-03-28T18:00:56","date_gmt":"2020-03-28T17:00:56","guid":{"rendered":"https:\/\/offenbacher-friedensinitiative.de\/?p=11055"},"modified":"2020-03-28T18:00:56","modified_gmt":"2020-03-28T17:00:56","slug":"bericht-abruestung-schafft-sicherheit","status":"publish","type":"post","link":"https:\/\/offenbacher-friedensinitiative.de\/?p=11055","title":{"rendered":"Bericht: Abr\u00fcstung schafft Sicherheit"},"content":{"rendered":"<div id=\"pl-11055\"  class=\"panel-layout\" ><div id=\"pg-11055-0\"  class=\"panel-grid panel-no-style\" ><div id=\"pgc-11055-0-0\"  class=\"panel-grid-cell\" ><div id=\"panel-11055-0-0-0\" class=\"so-panel widget widget_sow-editor panel-first-child\" data-index=\"0\" ><div\n\t\t\t\n\t\t\tclass=\"so-widget-sow-editor so-widget-sow-editor-base\"\n\t\t\t\n\t\t>\n<div class=\"siteorigin-widget-tinymce textwidget\">\n\t<p>Bericht von der Veranstaltung der Offenbacher Friedensininitiative (OFI) am 11.3.2020 in Stadtbibliothek OF<\/p>\n<p>Zuf\u00e4lliges Datum des Vortrags: 3 \u2013 11- (three \u2013 eleven)? Der 9. Jahrestag der Katastrophe in Fukushima, was so nicht geplant war. Trotz der bedr\u00fcckenden Daten angesichts des Nukleargaus gibt es einige Initiativen weltweit, auf die Referentin <strong>Regina Hagen<\/strong> hinweist, die jetzt versuchen den Schrecken der Atomkraftwerke zu vermindern. Neue Ideen von start-up-Unternehmen in den USA recyclen Brennst\u00e4be aus alten Kernkraftwerken und erzeugen Strom: AKW-light, ohne Bedenken und dies mit Zustimmung der Energieatom-Beh\u00f6rde. Und schon haben wir die AKW-Problematik vom Tisch.<\/p>\n<p>Dass dies eine Schim\u00e4re sei, f\u00fchrt Regina Hagen in ihren folgenden Darlegungen aus und verdeutlicht dies an zahlreichen Beispielen.<\/p>\n<pre>Regina Hagen ist die verantwortliche Leiterin der Quartalszeitschrift \u201eWissenschaft &amp; Frieden\u201c, Sprecherin der Kampagne \u201eB\u00fcchel ist \u00fcberall \u2013 atomwaffenfrei.jetzt\u201c; Mitglied im Tr\u00e4gerkreis \u201eAtomwaffen abschaffen \u2013 Bei uns anfangen!\u201c<\/pre>\n<p>Sie erl\u00e4utert dies am Beispiel der nuklearen Kette, die sie darlegt:<\/p>\n<ol>\n<li>Uranabbau \u2013 unter Einsatz von hohem Einsatz von Chemikalien und hohem C0\u00b2 Aussto\u00df, das meiste Uran m\u00fcsse angereichert werden<\/li>\n<li>Einsatz des Uran in Brennelementen, Einbau in Reaktoren<\/li>\n<li>Es entsteht Plutonium bei der Anreicherung, das auch f\u00fcr den Bau von Atom-Sprengs\u00e4tzen verwendet werden kann<\/li>\n<li>Endprodukt ist\n<ol style=\"list-style-type: lower-alpha;\">\n<li>Atomm\u00fcll, f\u00fcr dessen Lagerung noch keine L\u00f6sung gefunden wurde<\/li>\n<li>Bau von Atombomben<\/li>\n<li>Einsatz bei Atomtests<\/li>\n<\/ol>\n<\/li>\n<\/ol>\n<p>Die Autorin schl\u00e4gt einen historischen Bogen zur Thematik und verweist auf das Erschrecken der Weltgemeinschaft nach dem 2.Weltkrieg, nachdem die Auswirkungen der Atombombenabw\u00fcrfe auf <strong>Hiroshima und Nagasaki<\/strong> bewusst wahrgenommen wurden: eine UN-Kommission versuchte 1946 den Einsatz der Atombomben wieder zu bannen \u2013 ohne Erfolg, wie wir alle wissen. Stattdessen begann im beginnenden Kalten Krieg der Wettlauf der Weltm\u00e4chte, um sich in den Besitz der neuen Waffe zu bringen: USA \u2013 SU \u2013 China \u2013 F \u2013 GB. Selbst kleinere Staaten zeigten sich interessiert. So deklarierte der erste Bundeskanzler der BRD, Adenauer, verharmlosend den Besitz der Atombombe als den \u201everl\u00e4ngerten Arm der Artillerie\u201c.<\/p>\n<p>Angesichts dieser Situation entwickelte sich seit 1962 eine Bereitschaft der Atomwaffen-Staaten zu Verhandlungen \u00fcber den Stopp der Nicht-Verbreitung: dies m\u00fcndete<\/p>\n<p><strong>1968 in den Vertrag der Nicht-Verbreitung\/Non-Proliferation der Atomwaffen (VVN):<\/strong><\/p>\n<ul>\n<li>Atomwaffen-Staaten d\u00fcrfen ihre Waffen behalten, allerdings verpflichten sie sich zur Nicht-Weitergabe der Kenntnisse zum Bau der Waffe(Problem USA: Stationierung in zahlreichen Staaten)<\/li>\n<li>Nicht-Atomwaffen-Staaten verpflichten sich, den Besitz nicht anzustreben (allerdings war die friedliche Nutzung des Atomenergie erlaubt)<\/li>\n<li>Inkrafttreten 1970, \u00dcberpr\u00fcfung alle 5 Jahre (trotzdem breitete sich der Besitz der A-Waffen aus: (Indien \u2013 Pakistan \u2013 Israel \u2013 Nordkorea) Jetzt 2020 steht eine neue internationale Konferenz zur NVV an (dieses Jahr wieder 2020)<\/li>\n<\/ul>\n<p>In der Phase des Kalten Kriegs schlossen USA und SU zahlreiche bilaterale Vertr\u00e4ge zur Begrenzung der Langstreckenwaffen (START), zum Verzicht auf Mittelstreckenwaffen (INF) mit begrenzter Laufzeit, von denen nur noch der START-Vertrag bis 2021 g\u00fcltig ist. Andere wurden durch die US-Administration au\u00dfer Kraft gesetzt und die Welt damit in st\u00e4ndig neue R\u00fcstungsspiralen getrieben. Die Atomsprengk\u00f6pfe der NATO auf den Tornados z.B. werden daraufhin modernisiert, dass sie nunmehr lenkbar sind, d.h. kleiner aber pr\u00e4ziser. Damit sollen bunkerbrechende Waffen produziert werden. Die Folgen f\u00fcr die <strong>Aufr\u00fcstungsspirale<\/strong> in allen anderen Atomwaffenstaaten sind absehbar!!!<\/p>\n<p>Regina Hagen verweist auf den Widerspruch, dass die offizielle Vision der BRD eine atomwaffen-freie Welt sei, der sich auch einige Parteien (LINKE \u2013 Gr\u00fcne \u2013 SPD) verpflichtet f\u00fchlen. Andererseits existiere eine <strong>\u201enukleare Teilhabe\u201c<\/strong>, d.h. zahlreiche Atomsprengk\u00f6pfe sind in 5 NATO-L\u00e4ndern stationiert (D \u2013 Belgien \u2013 Italien \u2013 NL \u2013 T\u00fcr), die f\u00fcr nukleare Missionen eigene Flugzeuge vorhalten und auf Einsatz des US-Pr\u00e4sidenten eingesetzt werden k\u00f6nnten. Diese Teilhabe wird nur von der Partei Die Linke konsequent infrage gestellt.<\/p>\n<p>Wir begr\u00fc\u00dfen im Folgenden die <strong>ICAN-Botschafterin Elisabeth Sahr<\/strong>, die ihre Organisation und Ziele vorstellt.<\/p>\n<p>ICAN ist eine internationale Kampagne zur Abschaffung von Atomwaffen, die in ca. 100 L\u00e4ndern aktiv ist. 2017 war diese Organisation so erfolgreich, dass ein wichtiges Ziel erreicht wurde, n\u00e4mlich die <strong>Verabschiedung des UN-Vertrages zum Verbot der Atomwaffen, wof\u00fcr sie im gleichen Jahr den Friedensnobelpreis verliehen bekam<\/strong>.<\/p>\n<p>In Deutschland setzt sie sich f\u00fcr den Abzug der Atomwaffen ein und kann vor allem Jugendliche f\u00fcr ihre Kampagne ansprechen. Sie fordert verantwortliche Politiker*innen der BRD auf, neue Initiativen f\u00fcr R\u00fcstungskontrolle und Abr\u00fcstung zu ergreifen. Somit wurde auch der <strong>ICAN-St\u00e4dteappell<\/strong> ins Leben gerufen, dass sich St\u00e4dte bereit erkl\u00e4ren, das Verbot gegen die Anwendung von Atomwaffen zu unterst\u00fctzen. Diesem Appell hat sich 2019 u.a. auch Offenbach mit dem Votum der Stadtverordnetenversammlung angeschlossen.<\/p>\n<p>Alles in allem war diese Veranstaltung eine Bereicherung f\u00fcr uns als Friedensaktivist*innen, die sehr viel Input f\u00fcr weitere Infost\u00e4nde und Diskussionen gegeben hat.<\/p>\n<\/div>\n<\/div><\/div><div id=\"panel-11055-0-0-1\" class=\"so-panel widget widget_sow-editor panel-last-child\" data-index=\"1\" ><div\n\t\t\t\n\t\t\tclass=\"so-widget-sow-editor so-widget-sow-editor-base\"\n\t\t\t\n\t\t>\n<div class=\"siteorigin-widget-tinymce textwidget\">\n\t \n<!-- Start container 1 --><div id=\"wppa-modal-container-1\" class=\"wppa-modal-container\" style=\"position:relative;z-index:100000;\" data-wppa=\"yes\" ontouchmove=\"event.stopPropagation();\"><\/div><div id=\"wppa-container-wrapper-1\" class=\"alignnone wppa-container-wrapper \" style=\"width:100%;clear:both;padding:0;position:relative;\"><div id=\"wppa-container-1\" style=\"width:100%;\" class=\"wppa-container wppa-container-1 wppa-rev-9112007 wppa-prevrev-9111001 wppa-theme-9.1.12.007 wppa-api-9.1.12.007\"><svg id=\"wppa-ajax-spin-1\" class=\"wppa-ajax-spin uil-default\" width=\"120px\" height=\"120px\" viewBox=\"0 0 135 135\" preserveAspectRatio=\"xMidYMid\" stroke=\"\" style=\"width:120px; height:120px; position:fixed; top:50%; margin-top:-60px; left:50%; margin-left:-60px; opacity:1; display:none; fill:#666666; background-color:transparent; border-radius:24px;\"><path d=\"M67.447 58c5.523 0 10-4.477 10-10s-4.477-10-10-10-10 4.477-10 10 4.477 10 10 10zm9.448 9.447c0 5.523 4.477 10 10 10 5.522 0 10-4.477 10-10s-4.478-10-10-10c-5.523 0-10 4.477-10 10zm-9.448 9.448c-5.523 0-10 4.477-10 10 0 5.522 4.477 10 10 10s10-4.478 10-10c0-5.523-4.477-10-10-10zM58 67.447c0-5.523-4.477-10-10-10s-10 4.477-10 10 4.477 10 10 10 10-4.477 10-10z\"><animateTransform attributeName=\"transform\" type=\"rotate\" from=\"0 67 67\" to=\"-360 67 67\" dur=\"2.5s\" repeatCount=\"indefinite\" ><\/path><path d=\"M28.19 40.31c6.627 0 12-5.374 12-12 0-6.628-5.373-12-12-12-6.628 0-12 5.372-12 12 0 6.626 5.372 12 12 12zm30.72-19.825c4.686 4.687 12.284 4.687 16.97 0 4.686-4.686 4.686-12.284 0-16.97-4.686-4.687-12.284-4.687-16.97 0-4.687 4.686-4.687 12.284 0 16.97zm35.74 7.705c0 6.627 5.37 12 12 12 6.626 0 12-5.373 12-12 0-6.628-5.374-12-12-12-6.63 0-12 5.372-12 12zm19.822 30.72c-4.686 4.686-4.686 12.284 0 16.97 4.687 4.686 12.285 4.686 16.97 0 4.687-4.686 4.687-12.284 0-16.97-4.685-4.687-12.283-4.687-16.97 0zm-7.704 35.74c-6.627 0-12 5.37-12 12 0 6.626 5.373 12 12 12s12-5.374 12-12c0-6.63-5.373-12-12-12zm-30.72 19.822c-4.686-4.686-12.284-4.686-16.97 0-4.686 4.687-4.686 12.285 0 16.97 4.686 4.687 12.284 4.687 16.97 0 4.687-4.685 4.687-12.283 0-16.97zm-35.74-7.704c0-6.627-5.372-12-12-12-6.626 0-12 5.373-12 12s5.374 12 12 12c6.628 0 12-5.373 12-12zm-19.823-30.72c4.687-4.686 4.687-12.284 0-16.97-4.686-4.686-12.284-4.686-16.97 0-4.687 4.686-4.687 12.284 0 16.97 4.686 4.687 12.284 4.687 16.97 0z\"><animateTransform attributeName=\"transform\" type=\"rotate\" from=\"0 67 67\" to=\"360 67 67\" dur=\"8s\" repeatCount=\"indefinite\" ><\/path><\/svg><input type=\"hidden\" id=\"wppa-nonce-0-1\" name=\"wppa-nonce\" value=\"aebc4bea98\" ><div style=\"clear:both;\"><\/div><div id=\"wppa-container-1-end\"><\/div><\/div><\/div>\n<!-- End [wppa type=\"filmonly\" album=\"13\" delay=\"yes\"] \/index.php?rest_route=%2Fwp%2Fv2%2Fposts%2F11055 oc 1 7 queries in 3.5 ms. at 10:34. Max mem: 78.00 Mb. (delayed) -->\n<p style=\"text-align: center;\"><span style=\"font-size: 10pt;\">Zu den Vollbildfotos auf <a href=\"https:\/\/photo-auge.de\/ausstellung-hibakusha-weltweit\/\" target=\"_blank\" rel=\"noopener\">externer Seite<\/a>. copyright Fotos: <a href=\"https:\/\/photo-auge.de\" target=\"_blank\" rel=\"noopener\">Manfred R\u00f6\u00dfmann<\/a><\/span><\/p>\n<p>&nbsp;<\/p>\n<\/div>\n<\/div><\/div><\/div><\/div><\/div>","protected":false},"excerpt":{"rendered":"<p>Bericht von der Veranstaltung der Offenbacher Friedensininitiative (OFI) am 11.3.2020 in Stadtbibliothek OF Zuf\u00e4lliges Datum des Vortrags: 3 \u2013 11- (three \u2013 eleven)? Der 9.<span class=\"more-link\"><a href=\"https:\/\/offenbacher-friedensinitiative.de\/?p=11055\">Weiterlesen &#8230;<\/a><\/span><\/p>\n","protected":false},"author":1,"featured_media":11048,"comment_status":"closed","ping_status":"closed","sticky":false,"template":"","format":"standard","meta":{"footnotes":""},"categories":[52,56,62],"tags":[],"class_list":["entry","author-ofi_wp","post-11055","post","type-post","status-publish","format-standard","has-post-thumbnail","category-hessen","category-offenbach","category-veranstaltung"],"yoast_head":"<!-- This site is optimized with the Yoast SEO plugin v27.5 - https:\/\/yoast.com\/product\/yoast-seo-wordpress\/ -->\n<title>Bericht: Abr\u00fcstung schafft Sicherheit - Offenbacher FriedensInitiative - OFI<\/title>\n<meta name=\"description\" content=\"Wir leben in einer Welt, in der es mehr Konflikte und Kriegshandlungen als zur Zeit des Kalten Krieges gibt. Die Gef\u00e4hrdung der Menschheit w\u00e4chst.\" \/>\n<meta name=\"robots\" content=\"index, follow, max-snippet:-1, max-image-preview:large, max-video-preview:-1\" \/>\n<link rel=\"canonical\" href=\"https:\/\/offenbacher-friedensinitiative.de\/?p=11055\" \/>\n<meta property=\"og:locale\" content=\"de_DE\" \/>\n<meta property=\"og:type\" content=\"article\" \/>\n<meta property=\"og:title\" content=\"Bericht: Abr\u00fcstung schafft Sicherheit - Offenbacher FriedensInitiative - OFI\" \/>\n<meta property=\"og:description\" content=\"Wir leben in einer Welt, in der es mehr Konflikte und Kriegshandlungen als zur Zeit des Kalten Krieges gibt. Die Gef\u00e4hrdung der Menschheit w\u00e4chst.\" \/>\n<meta property=\"og:url\" content=\"https:\/\/offenbacher-friedensinitiative.de\/?p=11055\" \/>\n<meta property=\"og:site_name\" content=\"Offenbacher FriedensInitiative - OFI\" \/>\n<meta property=\"article:published_time\" content=\"2020-03-28T17:00:56+00:00\" \/>\n<meta property=\"og:image\" content=\"https:\/\/offenbacher-friedensinitiative.de\/wp-content\/uploads\/2020\/03\/Regina-Hagen-Referentin-und-Brigitte-Bach-Grass-Moderation-e1585414839984.jpg\" \/>\n\t<meta property=\"og:image:width\" content=\"1000\" \/>\n\t<meta property=\"og:image:height\" content=\"497\" \/>\n\t<meta property=\"og:image:type\" content=\"image\/jpeg\" \/>\n<meta name=\"author\" content=\"OFI_WP\" \/>\n<meta name=\"twitter:card\" content=\"summary_large_image\" \/>\n<meta name=\"twitter:label1\" content=\"Verfasst von\" \/>\n\t<meta name=\"twitter:data1\" content=\"OFI_WP\" \/>\n\t<meta name=\"twitter:label2\" content=\"Gesch\u00e4tzte Lesezeit\" \/>\n\t<meta name=\"twitter:data2\" content=\"4\u00a0Minuten\" \/>\n<script type=\"application\/ld+json\" class=\"yoast-schema-graph\">{\"@context\":\"https:\\\/\\\/schema.org\",\"@graph\":[{\"@type\":\"Article\",\"@id\":\"https:\\\/\\\/offenbacher-friedensinitiative.de\\\/?p=11055#article\",\"isPartOf\":{\"@id\":\"https:\\\/\\\/offenbacher-friedensinitiative.de\\\/?p=11055\"},\"author\":{\"name\":\"OFI_WP\",\"@id\":\"https:\\\/\\\/offenbacher-friedensinitiative.de\\\/#\\\/schema\\\/person\\\/5ec566fcb70420f878023349a111f19f\"},\"headline\":\"Bericht: Abr\u00fcstung schafft Sicherheit\",\"datePublished\":\"2020-03-28T17:00:56+00:00\",\"mainEntityOfPage\":{\"@id\":\"https:\\\/\\\/offenbacher-friedensinitiative.de\\\/?p=11055\"},\"wordCount\":760,\"publisher\":{\"@id\":\"https:\\\/\\\/offenbacher-friedensinitiative.de\\\/#organization\"},\"image\":{\"@id\":\"https:\\\/\\\/offenbacher-friedensinitiative.de\\\/?p=11055#primaryimage\"},\"thumbnailUrl\":\"https:\\\/\\\/offenbacher-friedensinitiative.de\\\/wp-content\\\/uploads\\\/2020\\\/03\\\/Regina-Hagen-Referentin-und-Brigitte-Bach-Grass-Moderation-e1585414839984.jpg\",\"articleSection\":[\"Hessen\",\"Offenbach\",\"Veranstaltung\"],\"inLanguage\":\"de\"},{\"@type\":\"WebPage\",\"@id\":\"https:\\\/\\\/offenbacher-friedensinitiative.de\\\/?p=11055\",\"url\":\"https:\\\/\\\/offenbacher-friedensinitiative.de\\\/?p=11055\",\"name\":\"Bericht: Abr\u00fcstung schafft Sicherheit - Offenbacher FriedensInitiative - OFI\",\"isPartOf\":{\"@id\":\"https:\\\/\\\/offenbacher-friedensinitiative.de\\\/#website\"},\"primaryImageOfPage\":{\"@id\":\"https:\\\/\\\/offenbacher-friedensinitiative.de\\\/?p=11055#primaryimage\"},\"image\":{\"@id\":\"https:\\\/\\\/offenbacher-friedensinitiative.de\\\/?p=11055#primaryimage\"},\"thumbnailUrl\":\"https:\\\/\\\/offenbacher-friedensinitiative.de\\\/wp-content\\\/uploads\\\/2020\\\/03\\\/Regina-Hagen-Referentin-und-Brigitte-Bach-Grass-Moderation-e1585414839984.jpg\",\"datePublished\":\"2020-03-28T17:00:56+00:00\",\"description\":\"Wir leben in einer Welt, in der es mehr Konflikte und Kriegshandlungen als zur Zeit des Kalten Krieges gibt. Die Gef\u00e4hrdung der Menschheit w\u00e4chst.\",\"breadcrumb\":{\"@id\":\"https:\\\/\\\/offenbacher-friedensinitiative.de\\\/?p=11055#breadcrumb\"},\"inLanguage\":\"de\",\"potentialAction\":[{\"@type\":\"ReadAction\",\"target\":[\"https:\\\/\\\/offenbacher-friedensinitiative.de\\\/?p=11055\"]}]},{\"@type\":\"ImageObject\",\"inLanguage\":\"de\",\"@id\":\"https:\\\/\\\/offenbacher-friedensinitiative.de\\\/?p=11055#primaryimage\",\"url\":\"https:\\\/\\\/offenbacher-friedensinitiative.de\\\/wp-content\\\/uploads\\\/2020\\\/03\\\/Regina-Hagen-Referentin-und-Brigitte-Bach-Grass-Moderation-e1585414839984.jpg\",\"contentUrl\":\"https:\\\/\\\/offenbacher-friedensinitiative.de\\\/wp-content\\\/uploads\\\/2020\\\/03\\\/Regina-Hagen-Referentin-und-Brigitte-Bach-Grass-Moderation-e1585414839984.jpg\",\"width\":1000,\"height\":497},{\"@type\":\"BreadcrumbList\",\"@id\":\"https:\\\/\\\/offenbacher-friedensinitiative.de\\\/?p=11055#breadcrumb\",\"itemListElement\":[{\"@type\":\"ListItem\",\"position\":1,\"name\":\"Startseite\",\"item\":\"https:\\\/\\\/offenbacher-friedensinitiative.de\\\/\"},{\"@type\":\"ListItem\",\"position\":2,\"name\":\"Bericht: Abr\u00fcstung schafft Sicherheit\"}]},{\"@type\":\"WebSite\",\"@id\":\"https:\\\/\\\/offenbacher-friedensinitiative.de\\\/#website\",\"url\":\"https:\\\/\\\/offenbacher-friedensinitiative.de\\\/\",\"name\":\"Offenbacher FriedensInitiative\",\"description\":\"Abr\u00fcsten statt Aufr\u00fcsten |- Kriege beenden | R\u00fcstungsexporte stoppen\",\"publisher\":{\"@id\":\"https:\\\/\\\/offenbacher-friedensinitiative.de\\\/#organization\"},\"potentialAction\":[{\"@type\":\"SearchAction\",\"target\":{\"@type\":\"EntryPoint\",\"urlTemplate\":\"https:\\\/\\\/offenbacher-friedensinitiative.de\\\/?s={search_term_string}\"},\"query-input\":{\"@type\":\"PropertyValueSpecification\",\"valueRequired\":true,\"valueName\":\"search_term_string\"}}],\"inLanguage\":\"de\"},{\"@type\":\"Organization\",\"@id\":\"https:\\\/\\\/offenbacher-friedensinitiative.de\\\/#organization\",\"name\":\"Offenbacher Friedensinitiative\",\"url\":\"https:\\\/\\\/offenbacher-friedensinitiative.de\\\/\",\"logo\":{\"@type\":\"ImageObject\",\"inLanguage\":\"de\",\"@id\":\"https:\\\/\\\/offenbacher-friedensinitiative.de\\\/#\\\/schema\\\/logo\\\/image\\\/\",\"url\":\"https:\\\/\\\/offenbacher-friedensinitiative.de\\\/wp-content\\\/uploads\\\/2019\\\/03\\\/cropped-Transparen-logo.jpg\",\"contentUrl\":\"https:\\\/\\\/offenbacher-friedensinitiative.de\\\/wp-content\\\/uploads\\\/2019\\\/03\\\/cropped-Transparen-logo.jpg\",\"width\":1036,\"height\":227,\"caption\":\"Offenbacher Friedensinitiative\"},\"image\":{\"@id\":\"https:\\\/\\\/offenbacher-friedensinitiative.de\\\/#\\\/schema\\\/logo\\\/image\\\/\"}},{\"@type\":\"Person\",\"@id\":\"https:\\\/\\\/offenbacher-friedensinitiative.de\\\/#\\\/schema\\\/person\\\/5ec566fcb70420f878023349a111f19f\",\"name\":\"OFI_WP\"}]}<\/script>\n<!-- \/ Yoast SEO plugin. -->","yoast_head_json":{"title":"Bericht: Abr\u00fcstung schafft Sicherheit - Offenbacher FriedensInitiative - OFI","description":"Wir leben in einer Welt, in der es mehr Konflikte und Kriegshandlungen als zur Zeit des Kalten Krieges gibt. Die Gef\u00e4hrdung der Menschheit w\u00e4chst.","robots":{"index":"index","follow":"follow","max-snippet":"max-snippet:-1","max-image-preview":"max-image-preview:large","max-video-preview":"max-video-preview:-1"},"canonical":"https:\/\/offenbacher-friedensinitiative.de\/?p=11055","og_locale":"de_DE","og_type":"article","og_title":"Bericht: Abr\u00fcstung schafft Sicherheit - Offenbacher FriedensInitiative - OFI","og_description":"Wir leben in einer Welt, in der es mehr Konflikte und Kriegshandlungen als zur Zeit des Kalten Krieges gibt. Die Gef\u00e4hrdung der Menschheit w\u00e4chst.","og_url":"https:\/\/offenbacher-friedensinitiative.de\/?p=11055","og_site_name":"Offenbacher FriedensInitiative - OFI","article_published_time":"2020-03-28T17:00:56+00:00","og_image":[{"width":1000,"height":497,"url":"https:\/\/offenbacher-friedensinitiative.de\/wp-content\/uploads\/2020\/03\/Regina-Hagen-Referentin-und-Brigitte-Bach-Grass-Moderation-e1585414839984.jpg","type":"image\/jpeg"}],"author":"OFI_WP","twitter_card":"summary_large_image","twitter_misc":{"Verfasst von":"OFI_WP","Gesch\u00e4tzte Lesezeit":"4\u00a0Minuten"},"schema":{"@context":"https:\/\/schema.org","@graph":[{"@type":"Article","@id":"https:\/\/offenbacher-friedensinitiative.de\/?p=11055#article","isPartOf":{"@id":"https:\/\/offenbacher-friedensinitiative.de\/?p=11055"},"author":{"name":"OFI_WP","@id":"https:\/\/offenbacher-friedensinitiative.de\/#\/schema\/person\/5ec566fcb70420f878023349a111f19f"},"headline":"Bericht: Abr\u00fcstung schafft Sicherheit","datePublished":"2020-03-28T17:00:56+00:00","mainEntityOfPage":{"@id":"https:\/\/offenbacher-friedensinitiative.de\/?p=11055"},"wordCount":760,"publisher":{"@id":"https:\/\/offenbacher-friedensinitiative.de\/#organization"},"image":{"@id":"https:\/\/offenbacher-friedensinitiative.de\/?p=11055#primaryimage"},"thumbnailUrl":"https:\/\/offenbacher-friedensinitiative.de\/wp-content\/uploads\/2020\/03\/Regina-Hagen-Referentin-und-Brigitte-Bach-Grass-Moderation-e1585414839984.jpg","articleSection":["Hessen","Offenbach","Veranstaltung"],"inLanguage":"de"},{"@type":"WebPage","@id":"https:\/\/offenbacher-friedensinitiative.de\/?p=11055","url":"https:\/\/offenbacher-friedensinitiative.de\/?p=11055","name":"Bericht: Abr\u00fcstung schafft Sicherheit - Offenbacher FriedensInitiative - OFI","isPartOf":{"@id":"https:\/\/offenbacher-friedensinitiative.de\/#website"},"primaryImageOfPage":{"@id":"https:\/\/offenbacher-friedensinitiative.de\/?p=11055#primaryimage"},"image":{"@id":"https:\/\/offenbacher-friedensinitiative.de\/?p=11055#primaryimage"},"thumbnailUrl":"https:\/\/offenbacher-friedensinitiative.de\/wp-content\/uploads\/2020\/03\/Regina-Hagen-Referentin-und-Brigitte-Bach-Grass-Moderation-e1585414839984.jpg","datePublished":"2020-03-28T17:00:56+00:00","description":"Wir leben in einer Welt, in der es mehr Konflikte und Kriegshandlungen als zur Zeit des Kalten Krieges gibt. Die Gef\u00e4hrdung der Menschheit w\u00e4chst.","breadcrumb":{"@id":"https:\/\/offenbacher-friedensinitiative.de\/?p=11055#breadcrumb"},"inLanguage":"de","potentialAction":[{"@type":"ReadAction","target":["https:\/\/offenbacher-friedensinitiative.de\/?p=11055"]}]},{"@type":"ImageObject","inLanguage":"de","@id":"https:\/\/offenbacher-friedensinitiative.de\/?p=11055#primaryimage","url":"https:\/\/offenbacher-friedensinitiative.de\/wp-content\/uploads\/2020\/03\/Regina-Hagen-Referentin-und-Brigitte-Bach-Grass-Moderation-e1585414839984.jpg","contentUrl":"https:\/\/offenbacher-friedensinitiative.de\/wp-content\/uploads\/2020\/03\/Regina-Hagen-Referentin-und-Brigitte-Bach-Grass-Moderation-e1585414839984.jpg","width":1000,"height":497},{"@type":"BreadcrumbList","@id":"https:\/\/offenbacher-friedensinitiative.de\/?p=11055#breadcrumb","itemListElement":[{"@type":"ListItem","position":1,"name":"Startseite","item":"https:\/\/offenbacher-friedensinitiative.de\/"},{"@type":"ListItem","position":2,"name":"Bericht: Abr\u00fcstung schafft Sicherheit"}]},{"@type":"WebSite","@id":"https:\/\/offenbacher-friedensinitiative.de\/#website","url":"https:\/\/offenbacher-friedensinitiative.de\/","name":"Offenbacher FriedensInitiative","description":"Abr\u00fcsten statt Aufr\u00fcsten |- Kriege beenden | R\u00fcstungsexporte stoppen","publisher":{"@id":"https:\/\/offenbacher-friedensinitiative.de\/#organization"},"potentialAction":[{"@type":"SearchAction","target":{"@type":"EntryPoint","urlTemplate":"https:\/\/offenbacher-friedensinitiative.de\/?s={search_term_string}"},"query-input":{"@type":"PropertyValueSpecification","valueRequired":true,"valueName":"search_term_string"}}],"inLanguage":"de"},{"@type":"Organization","@id":"https:\/\/offenbacher-friedensinitiative.de\/#organization","name":"Offenbacher Friedensinitiative","url":"https:\/\/offenbacher-friedensinitiative.de\/","logo":{"@type":"ImageObject","inLanguage":"de","@id":"https:\/\/offenbacher-friedensinitiative.de\/#\/schema\/logo\/image\/","url":"https:\/\/offenbacher-friedensinitiative.de\/wp-content\/uploads\/2019\/03\/cropped-Transparen-logo.jpg","contentUrl":"https:\/\/offenbacher-friedensinitiative.de\/wp-content\/uploads\/2019\/03\/cropped-Transparen-logo.jpg","width":1036,"height":227,"caption":"Offenbacher Friedensinitiative"},"image":{"@id":"https:\/\/offenbacher-friedensinitiative.de\/#\/schema\/logo\/image\/"}},{"@type":"Person","@id":"https:\/\/offenbacher-friedensinitiative.de\/#\/schema\/person\/5ec566fcb70420f878023349a111f19f","name":"OFI_WP"}]}},"_links":{"self":[{"href":"https:\/\/offenbacher-friedensinitiative.de\/index.php?rest_route=\/wp\/v2\/posts\/11055","targetHints":{"allow":["GET"]}}],"collection":[{"href":"https:\/\/offenbacher-friedensinitiative.de\/index.php?rest_route=\/wp\/v2\/posts"}],"about":[{"href":"https:\/\/offenbacher-friedensinitiative.de\/index.php?rest_route=\/wp\/v2\/types\/post"}],"author":[{"embeddable":true,"href":"https:\/\/offenbacher-friedensinitiative.de\/index.php?rest_route=\/wp\/v2\/users\/1"}],"replies":[{"embeddable":true,"href":"https:\/\/offenbacher-friedensinitiative.de\/index.php?rest_route=%2Fwp%2Fv2%2Fcomments&post=11055"}],"version-history":[{"count":3,"href":"https:\/\/offenbacher-friedensinitiative.de\/index.php?rest_route=\/wp\/v2\/posts\/11055\/revisions"}],"predecessor-version":[{"id":11058,"href":"https:\/\/offenbacher-friedensinitiative.de\/index.php?rest_route=\/wp\/v2\/posts\/11055\/revisions\/11058"}],"wp:featuredmedia":[{"embeddable":true,"href":"https:\/\/offenbacher-friedensinitiative.de\/index.php?rest_route=\/wp\/v2\/media\/11048"}],"wp:attachment":[{"href":"https:\/\/offenbacher-friedensinitiative.de\/index.php?rest_route=%2Fwp%2Fv2%2Fmedia&parent=11055"}],"wp:term":[{"taxonomy":"category","embeddable":true,"href":"https:\/\/offenbacher-friedensinitiative.de\/index.php?rest_route=%2Fwp%2Fv2%2Fcategories&post=11055"},{"taxonomy":"post_tag","embeddable":true,"href":"https:\/\/offenbacher-friedensinitiative.de\/index.php?rest_route=%2Fwp%2Fv2%2Ftags&post=11055"}],"curies":[{"name":"wp","href":"https:\/\/api.w.org\/{rel}","templated":true}]}}