{"id":11060,"date":"2020-04-11T19:09:56","date_gmt":"2020-04-11T17:09:56","guid":{"rendered":"https:\/\/offenbacher-friedensinitiative.de\/?p=11060"},"modified":"2020-04-16T10:42:27","modified_gmt":"2020-04-16T08:42:27","slug":"ostermarsch-2020-im-netz","status":"publish","type":"post","link":"https:\/\/offenbacher-friedensinitiative.de\/?p=11060","title":{"rendered":"Ostermarsch 2020 im Netz"},"content":{"rendered":"<div id=\"pl-11060\"  class=\"panel-layout\" ><div id=\"pg-11060-0\"  class=\"panel-grid panel-no-style\" ><div id=\"pgc-11060-0-0\"  class=\"panel-grid-cell\" ><div id=\"panel-11060-0-0-0\" class=\"so-panel widget widget_sow-editor panel-first-child\" data-index=\"0\" ><div\n\t\t\t\n\t\t\tclass=\"so-widget-sow-editor so-widget-sow-editor-base\"\n\t\t\t\n\t\t>\n<div class=\"siteorigin-widget-tinymce textwidget\">\n\t<p align=\"left\"><span style=\"font-size: 14pt;\">Der Ostermarsch 2020 auf der Stra\u00dfe kann eigentlich nicht ersetzt werden. Und daran, dass es n\u00f6tig ist, die Grundrechte komplett au\u00dfer kraft zu setzen, sind Zweifel mehr als angebracht. Aber was hilft es. F\u00fcr dieses Jahr haben einige Ostermarschier*innen uns Fotos geschickt, mit denen sie ihre Unterst\u00fctzung des Ostermarschs, ihre Themen \u00f6ffentlich machen wollen. Hier folgt unser digitaler Ostermarsch.<\/span><\/p>\n<p align=\"left\"><span style=\"font-size: 14pt;\">Nicht gehaltene <a href=\"https:\/\/offenbacher-friedensinitiative.de\/wp-content\/uploads\/wppa-source\/album-17\/OFI-200413-Ostermarschrede.pdf\" target=\"_blank\" rel=\"noopener\">Rede<\/a> zum Auftakt in Offenbach.<\/span><\/p>\n<p align=\"left\"><span style=\"font-size: 14pt;\"><a href=\"https:\/\/offenbacher-friedensinitiative.de\/wp-content\/uploads\/wppa-source\/album-17\/Friedensbewegung-Ostermarsch-in-Quarantaene-FR-vom-14-04-2020.pdf\" target=\"_blank\" rel=\"noopener\">Frankfurter Rundschau 14.04.2020 Offenbach<\/a><\/span><\/p>\n<p><span style=\"font-size: 14pt;\"><a href=\"https:\/\/offenbacher-friedensinitiative.de\/wp-content\/uploads\/wppa-source\/album-17\/FR-14.04.2020-Hessen.pdf\" target=\"_blank\" rel=\"noopener\">Frankfurter Rundschau 14.04.2020 Hessen<\/a><\/span><\/p>\n<p align=\"left\"><span style=\"font-size: 14pt;\"><a href=\"https:\/\/offenbacher-friedensinitiative.de\/wp-content\/uploads\/wppa-source\/album-17\/OP-14.04.2020.pdf\" target=\"_blank\" rel=\"noopener\">OffenbachPost 14.04.2020<\/a><\/span><\/p>\n<p align=\"left\"><span style=\"font-size: 14pt;\"><a href=\"https:\/\/offenbacher-friedensinitiative.de\/wp-content\/uploads\/wppa-source\/album-17\/FR-15.04.2020.pdf\" target=\"_blank\" rel=\"noopener\"><span style=\"font-size: 14pt;\">Frankfurter Rundschau 15.04.2020<\/span><\/a><\/span><\/p>\n<p><span style=\"font-size: 14pt;\">Link: <a href=\"http:\/\/www.dfg-vk-hessen.de\/aktuell\/ostermaersche-2020\/ostermontag-offenbach\/\" target=\"_blank\" rel=\"noopener\">Ostermarschmontag in Offenbach<\/a><\/span><\/p>\n<p align=\"left\">\n<\/div>\n<\/div><\/div><div id=\"panel-11060-0-0-1\" class=\"so-panel widget widget_sow-editor panel-last-child\" data-index=\"1\" ><div\n\t\t\t\n\t\t\tclass=\"so-widget-sow-editor so-widget-sow-editor-base\"\n\t\t\t\n\t\t>\n<div class=\"siteorigin-widget-tinymce textwidget\">\n\t<p> \n<!-- Start container 1 --><div id=\"wppa-modal-container-1\" class=\"wppa-modal-container\" style=\"position:relative;z-index:100000;\" data-wppa=\"yes\" ontouchmove=\"event.stopPropagation();\"><\/div><div id=\"wppa-container-wrapper-1\" class=\"alignnone wppa-container-wrapper \" style=\"width:100%;clear:both;padding:0;position:relative;\"><div id=\"wppa-container-1\" style=\"width:100%;\" class=\"wppa-container wppa-container-1 wppa-rev-9112007 wppa-prevrev-9111001 wppa-theme-9.1.12.007 wppa-api-9.1.12.007\"><svg id=\"wppa-ajax-spin-1\" class=\"wppa-ajax-spin uil-default\" width=\"120px\" height=\"120px\" viewBox=\"0 0 135 135\" preserveAspectRatio=\"xMidYMid\" stroke=\"\" style=\"width:120px; height:120px; position:fixed; top:50%; margin-top:-60px; left:50%; margin-left:-60px; opacity:1; display:none; fill:#666666; background-color:transparent; border-radius:24px;\"><path d=\"M67.447 58c5.523 0 10-4.477 10-10s-4.477-10-10-10-10 4.477-10 10 4.477 10 10 10zm9.448 9.447c0 5.523 4.477 10 10 10 5.522 0 10-4.477 10-10s-4.478-10-10-10c-5.523 0-10 4.477-10 10zm-9.448 9.448c-5.523 0-10 4.477-10 10 0 5.522 4.477 10 10 10s10-4.478 10-10c0-5.523-4.477-10-10-10zM58 67.447c0-5.523-4.477-10-10-10s-10 4.477-10 10 4.477 10 10 10 10-4.477 10-10z\"><animateTransform attributeName=\"transform\" type=\"rotate\" from=\"0 67 67\" to=\"-360 67 67\" dur=\"2.5s\" repeatCount=\"indefinite\" ><\/path><path d=\"M28.19 40.31c6.627 0 12-5.374 12-12 0-6.628-5.373-12-12-12-6.628 0-12 5.372-12 12 0 6.626 5.372 12 12 12zm30.72-19.825c4.686 4.687 12.284 4.687 16.97 0 4.686-4.686 4.686-12.284 0-16.97-4.686-4.687-12.284-4.687-16.97 0-4.687 4.686-4.687 12.284 0 16.97zm35.74 7.705c0 6.627 5.37 12 12 12 6.626 0 12-5.373 12-12 0-6.628-5.374-12-12-12-6.63 0-12 5.372-12 12zm19.822 30.72c-4.686 4.686-4.686 12.284 0 16.97 4.687 4.686 12.285 4.686 16.97 0 4.687-4.686 4.687-12.284 0-16.97-4.685-4.687-12.283-4.687-16.97 0zm-7.704 35.74c-6.627 0-12 5.37-12 12 0 6.626 5.373 12 12 12s12-5.374 12-12c0-6.63-5.373-12-12-12zm-30.72 19.822c-4.686-4.686-12.284-4.686-16.97 0-4.686 4.687-4.686 12.285 0 16.97 4.686 4.687 12.284 4.687 16.97 0 4.687-4.685 4.687-12.283 0-16.97zm-35.74-7.704c0-6.627-5.372-12-12-12-6.626 0-12 5.373-12 12s5.374 12 12 12c6.628 0 12-5.373 12-12zm-19.823-30.72c4.687-4.686 4.687-12.284 0-16.97-4.686-4.686-12.284-4.686-16.97 0-4.687 4.686-4.687 12.284 0 16.97 4.686 4.687 12.284 4.687 16.97 0z\"><animateTransform attributeName=\"transform\" type=\"rotate\" from=\"0 67 67\" to=\"360 67 67\" dur=\"8s\" repeatCount=\"indefinite\" ><\/path><\/svg><input type=\"hidden\" id=\"wppa-nonce-0-1\" name=\"wppa-nonce\" value=\"aebc4bea98\" ><div id=\"wppa-bc-1\" class=\"wppa-nav wppa-box wppa-nav-text wppa-bc\" ><a href=\"https:\/\/offenbacher-friedensinitiative.de\/?p=11060#wppa-container-1\" class=\"wppa-nav-text b3\" style=\"cursor:pointer\" title=\"Post: Ostermarsch 2020 im Netz\">Ostermarsch 2020 im Netz<\/a><span class=\"wppa-nav-text b3\"> &raquo; <\/span><a onclick=\"wppaDoAjaxRender(event,1, 'https:\/\/offenbacher-friedensinitiative.de\/index.php?rest_route=\/wp-photo-album-plus\/endPoint?action=wppa&amp;wppa-action=render&amp;wppa-size=1200&amp;wppa-occur=1&amp;wppa-fromp=11060&amp;lang=de&amp;wppa-set=9ac25bd3f3126b90219c44435adbffd5&amp;wppa-album=12&amp;wppa-cover=0&amp;wppa-occur=1', 'https:\/\/offenbacher-friedensinitiative.de\/?p=11060&lang=de&wppa-set=9ac25bd3f3126b90219c44435adbffd5&wppa-album=ZfZwwx6f4666&wppa-cover=0&wppa-occur=1#wppa-container-1' );return false;\" href=\"https:\/\/offenbacher-friedensinitiative.de\/?p=11060&lang=de&wppa-set=9ac25bd3f3126b90219c44435adbffd5&wppa-album=ZfZwwx6f4666&wppa-cover=0&wppa-occur=1#wppa-container-1\" class=\"wppa-nav-text b20\" style=\"cursor:pointer\" title=\"Album: 2020\">2020<\/a><span class=\"wppa-nav-text b20\"> &raquo; <\/span><span id=\"bc-pname-1\" class=\"wppa-nav-text b10\"  title=\"\">Ostermarsch virtuell<\/span><div style=\"clear:both\"><\/div><\/div><div id=\"wppa-thumb-area-1\" class=\"wppa-box wppa-thumb-area wppa-thumb-area-1\" style=\"overflow:auto;\"><div id=\"wppa-popup-1\" class=\"wppa-popup-frame wppa-thumb-text\" style=\"max-width:2048px;\"><\/div><div style=\"clear:both\"><\/div><table class=\"wppa-masonry wppa-masonry-h\" style=\"margin-top:3px;\"><tbody class=\"wppa-masonry\"><tr class=\"wppa-masonry\"><td style=\"border:none;padding:0;margin:0\"><div id=\"wppa-mas-h-1-1\" style=\"height:273.230769231px;\" class=\"wppa-masonry\" data-height-perc=\"23.0380075237\"><div id=\"thumbnail_frame_masonry_GvGn8ezz8eG1_1\" style=\"height:100%;float:left;position:static;font-size:12px;line-height:8px;overflow:hidden;box-sizing:content-box;\"><a href=\"https:\/\/offenbacher-friedensinitiative.de\/wp-content\/uploads\/wppa-source\/album-16\/IMG_20200413_105103.jpg?ver=1\" data-id=\"GvGn8ezz8eG1\" target=\"_self\" data-rel=\"wppa[occ1]\" data-lbtitle=\"IMG_20200413_105103&lt;br&gt;&lt;div&gt;&lt;table&gt;&lt;tr&gt;&lt;td&gt;IMG_20200413_105103&lt;\/td&gt;&lt;\/tr&gt;&lt;\/table&gt;&lt;\/div&gt;\" class=\"thumb-img\" id=\"x-GvGn8ezz8eG1-1\" data-alt=\"IMG_20200413_105103\"><img loading=\"lazy\" decoding=\"async\" id=\"i-GvGn8ezz8eG1-1\" title=\"Vergr\u00f6\u00dfern\" style=\"height:100%;width:auto;margin:0;position:relative;box-sizing:border-box;padding:1.5px;opacity:1;filter:alpha(opacity=100);cursor:\" width=\"375\" height=\"500\" src=\"https:\/\/offenbacher-friedensinitiative.de\/wp-content\/uploads\/wppa\/thumbs\/71.jpg?ver=16\" alt=\"IMG_20200413_105103\" onmouseover=\"jQuery(this).fadeTo(400, 1.0);\" onmouseout=\"jQuery(this).fadeTo(400, 1);\"><\/a><\/div><div id=\"thumbnail_frame_masonry_LoHHotoLE52B_1\" style=\"height:100%;float:left;position:static;font-size:12px;line-height:8px;overflow:hidden;box-sizing:content-box;\"><a href=\"https:\/\/offenbacher-friedensinitiative.de\/wp-content\/uploads\/wppa-source\/album-16\/IMG_20200412_212600.jpg?ver=1\" data-id=\"LoHHotoLE52B\" target=\"_self\" data-rel=\"wppa[occ1]\" data-lbtitle=\"IMG_20200412_212600&lt;br&gt;&lt;div&gt;&lt;table&gt;&lt;tr&gt;&lt;td&gt;IMG_20200412_212600&lt;\/td&gt;&lt;\/tr&gt;&lt;\/table&gt;&lt;\/div&gt;\" class=\"thumb-img\" id=\"x-LoHHotoLE52B-1\" data-alt=\"IMG_20200412_212600\"><img loading=\"lazy\" decoding=\"async\" id=\"i-LoHHotoLE52B-1\" title=\"Vergr\u00f6\u00dfern\" style=\"height:100%;width:auto;margin:0;position:relative;box-sizing:border-box;padding:1.5px;opacity:1;filter:alpha(opacity=100);cursor:\" width=\"375\" height=\"500\" src=\"https:\/\/offenbacher-friedensinitiative.de\/wp-content\/uploads\/wppa\/thumbs\/70.jpg?ver=16\" alt=\"IMG_20200412_212600\" onmouseover=\"jQuery(this).fadeTo(400, 1.0);\" onmouseout=\"jQuery(this).fadeTo(400, 1);\"><\/a><\/div><div id=\"thumbnail_frame_masonry_Lt252B52LEH2_1\" style=\"height:100%;float:left;position:static;font-size:12px;line-height:8px;overflow:hidden;box-sizing:content-box;\"><a href=\"https:\/\/offenbacher-friedensinitiative.de\/wp-content\/uploads\/wppa-source\/album-16\/IMG_20200412_181928.jpg?ver=1\" data-id=\"Lt252B52LEH2\" target=\"_self\" data-rel=\"wppa[occ1]\" data-lbtitle=\"IMG_20200412_181928&lt;br&gt;&lt;div&gt;&lt;table&gt;&lt;tr&gt;&lt;td&gt;IMG_20200412_181928&lt;\/td&gt;&lt;\/tr&gt;&lt;\/table&gt;&lt;\/div&gt;\" class=\"thumb-img\" id=\"x-Lt252B52LEH2-1\" data-alt=\"IMG_20200412_181928\"><img loading=\"lazy\" decoding=\"async\" id=\"i-Lt252B52LEH2-1\" title=\"Vergr\u00f6\u00dfern\" style=\"height:100%;width:auto;margin:0;position:relative;box-sizing:border-box;padding:1.5px;opacity:1;filter:alpha(opacity=100);cursor:\" width=\"375\" height=\"500\" src=\"https:\/\/offenbacher-friedensinitiative.de\/wp-content\/uploads\/wppa\/thumbs\/61.jpg?ver=16\" alt=\"IMG_20200412_181928\" onmouseover=\"jQuery(this).fadeTo(400, 1.0);\" onmouseout=\"jQuery(this).fadeTo(400, 1);\"><\/a><\/div><div id=\"thumbnail_frame_masonry_L2tH5E5L5Lgo_1\" style=\"height:100%;float:left;position:static;font-size:12px;line-height:8px;overflow:hidden;box-sizing:content-box;\"><a href=\"https:\/\/offenbacher-friedensinitiative.de\/wp-content\/uploads\/wppa-source\/album-16\/20200412_201335-o1.jpg?ver=1\" data-id=\"L2tH5E5L5Lgo\" target=\"_self\" data-rel=\"wppa[occ1]\" data-lbtitle=\"20200412_201335&lt;br&gt;&lt;div&gt;&lt;table&gt;&lt;tr&gt;&lt;td&gt;20200412_201335&lt;\/td&gt;&lt;\/tr&gt;&lt;\/table&gt;&lt;\/div&gt;\" class=\"thumb-img\" id=\"x-L2tH5E5L5Lgo-1\" data-alt=\"20200412_201335\"><img loading=\"lazy\" decoding=\"async\" id=\"i-L2tH5E5L5Lgo-1\" title=\"Vergr\u00f6\u00dfern\" style=\"height:100%;width:auto;margin:0;position:relative;box-sizing:border-box;padding:1.5px;opacity:1;filter:alpha(opacity=100);cursor:\" width=\"375\" height=\"500\" src=\"https:\/\/offenbacher-friedensinitiative.de\/wp-content\/uploads\/wppa\/thumbs\/62.jpg?ver=16\" alt=\"20200412_201335\" onmouseover=\"jQuery(this).fadeTo(400, 1.0);\" onmouseout=\"jQuery(this).fadeTo(400, 1);\"><\/a><\/div><div id=\"thumbnail_frame_masonry_vz14S48n4zG8_1\" style=\"height:100%;float:left;position:static;font-size:12px;line-height:8px;overflow:hidden;box-sizing:content-box;\"><a href=\"https:\/\/offenbacher-friedensinitiative.de\/wp-content\/uploads\/wppa-source\/album-16\/IMG_20200412_193303.jpg?ver=1\" data-id=\"vz14S48n4zG8\" target=\"_self\" data-rel=\"wppa[occ1]\" data-lbtitle=\"IMG_20200412_193303&lt;br&gt;&lt;div&gt;&lt;table&gt;&lt;tr&gt;&lt;td&gt;IMG_20200412_193303&lt;\/td&gt;&lt;\/tr&gt;&lt;\/table&gt;&lt;\/div&gt;\" class=\"thumb-img\" id=\"x-vz14S48n4zG8-1\" data-alt=\"IMG_20200412_193303\"><img loading=\"lazy\" decoding=\"async\" id=\"i-vz14S48n4zG8-1\" title=\"Vergr\u00f6\u00dfern\" style=\"height:100%;width:auto;margin:0;position:relative;box-sizing:border-box;padding:1.5px;opacity:1;filter:alpha(opacity=100);cursor:\" width=\"500\" height=\"375\" src=\"https:\/\/offenbacher-friedensinitiative.de\/wp-content\/uploads\/wppa\/thumbs\/67.jpg?ver=16\" alt=\"IMG_20200412_193303\" onmouseover=\"jQuery(this).fadeTo(400, 1.0);\" onmouseout=\"jQuery(this).fadeTo(400, 1);\"><\/a><\/div><\/div><\/td><\/tr><tr class=\"wppa-masonry\"><td style=\"border:none;padding:0;margin:0\"><div id=\"wppa-mas-h-2-1\" style=\"height:259.628094331px;\" class=\"wppa-masonry\" data-height-perc=\"21.8910703483\"><div id=\"thumbnail_frame_masonry_G8en18zSGSS1_1\" style=\"height:100%;float:left;position:static;font-size:12px;line-height:8px;overflow:hidden;box-sizing:content-box;\"><a href=\"https:\/\/offenbacher-friedensinitiative.de\/wp-content\/uploads\/wppa-source\/album-16\/1154.jpg?ver=1\" data-id=\"G8en18zSGSS1\" target=\"_self\" data-rel=\"wppa[occ1]\" data-lbtitle=\"1154&lt;br&gt;&lt;div&gt;&lt;table&gt;&lt;tr&gt;&lt;td&gt;1154&lt;\/td&gt;&lt;\/tr&gt;&lt;\/table&gt;&lt;\/div&gt;\" class=\"thumb-img\" id=\"x-G8en18zSGSS1-1\" data-alt=\"1154\"><img loading=\"lazy\" decoding=\"async\" id=\"i-G8en18zSGSS1-1\" title=\"Vergr\u00f6\u00dfern\" style=\"height:100%;width:auto;margin:0;position:relative;box-sizing:border-box;padding:1.5px;opacity:1;filter:alpha(opacity=100);cursor:\" width=\"334\" height=\"500\" src=\"https:\/\/offenbacher-friedensinitiative.de\/wp-content\/uploads\/wppa\/thumbs\/57.jpg?ver=16\" alt=\"1154\" onmouseover=\"jQuery(this).fadeTo(400, 1.0);\" onmouseout=\"jQuery(this).fadeTo(400, 1);\"><\/a><\/div><div id=\"thumbnail_frame_masonry_wPAAAA46Z66w_1\" style=\"height:100%;float:left;position:static;font-size:12px;line-height:8px;overflow:hidden;box-sizing:content-box;\"><a href=\"https:\/\/offenbacher-friedensinitiative.de\/wp-content\/uploads\/wppa-source\/album-16\/20200413_155502-o1.jpg?ver=1\" data-id=\"wPAAAA46Z66w\" target=\"_self\" data-rel=\"wppa[occ1]\" data-lbtitle=\"20200413_155502&lt;br&gt;&lt;div&gt;&lt;table&gt;&lt;tr&gt;&lt;td&gt;20200413_155502&lt;\/td&gt;&lt;\/tr&gt;&lt;\/table&gt;&lt;\/div&gt;\" class=\"thumb-img\" id=\"x-wPAAAA46Z66w-1\" data-alt=\"20200413_155502\"><img loading=\"lazy\" decoding=\"async\" id=\"i-wPAAAA46Z66w-1\" title=\"Vergr\u00f6\u00dfern\" style=\"height:100%;width:auto;margin:0;position:relative;box-sizing:border-box;padding:1.5px;opacity:1;filter:alpha(opacity=100);cursor:\" width=\"375\" height=\"500\" src=\"https:\/\/offenbacher-friedensinitiative.de\/wp-content\/uploads\/wppa\/thumbs\/72.jpg?ver=16\" alt=\"20200413_155502\" onmouseover=\"jQuery(this).fadeTo(400, 1.0);\" onmouseout=\"jQuery(this).fadeTo(400, 1);\"><\/a><\/div><div id=\"thumbnail_frame_masonry_vn88none1o41_1\" style=\"height:100%;float:left;position:static;font-size:12px;line-height:8px;overflow:hidden;box-sizing:content-box;\"><a href=\"https:\/\/offenbacher-friedensinitiative.de\/wp-content\/uploads\/wppa-source\/album-16\/kai kotzian ostermarsch 2020.jpg?ver=1\" data-id=\"vn88none1o41\" target=\"_self\" data-rel=\"wppa[occ1]\" data-lbtitle=\"kai kotzian ostermarsch 2020&lt;br&gt;&lt;div&gt;&lt;table&gt;&lt;tr&gt;&lt;td&gt;kai kotzian ostermarsch 2020&lt;\/td&gt;&lt;\/tr&gt;&lt;\/table&gt;&lt;\/div&gt;\" class=\"thumb-img\" id=\"x-vn88none1o41-1\" data-alt=\"kai kotzian ostermarsch 2020\"><img loading=\"lazy\" decoding=\"async\" id=\"i-vn88none1o41-1\" title=\"Vergr\u00f6\u00dfern\" style=\"height:100%;width:auto;margin:0;position:relative;box-sizing:border-box;padding:1.5px;opacity:1;filter:alpha(opacity=100);cursor:\" width=\"258\" height=\"500\" src=\"https:\/\/offenbacher-friedensinitiative.de\/wp-content\/uploads\/wppa\/thumbs\/74.jpg?ver=16\" alt=\"kai kotzian ostermarsch 2020\" onmouseover=\"jQuery(this).fadeTo(400, 1.0);\" onmouseout=\"jQuery(this).fadeTo(400, 1);\"><\/a><\/div><div id=\"thumbnail_frame_masonry_gEoOgtHto2EB_1\" style=\"height:100%;float:left;position:static;font-size:12px;line-height:8px;overflow:hidden;box-sizing:content-box;\"><a href=\"https:\/\/offenbacher-friedensinitiative.de\/wp-content\/uploads\/wppa-source\/album-16\/nsmail.jpg?ver=1\" data-id=\"gEoOgtHto2EB\" target=\"_self\" data-rel=\"wppa[occ1]\" data-lbtitle=\"nsmail&lt;br&gt;&lt;div&gt;&lt;table&gt;&lt;tr&gt;&lt;td&gt;nsmail&lt;\/td&gt;&lt;\/tr&gt;&lt;\/table&gt;&lt;\/div&gt;\" class=\"thumb-img\" id=\"x-gEoOgtHto2EB-1\" data-alt=\"nsmail\"><img loading=\"lazy\" decoding=\"async\" id=\"i-gEoOgtHto2EB-1\" title=\"Vergr\u00f6\u00dfern\" style=\"height:100%;width:auto;margin:0;position:relative;box-sizing:border-box;padding:1.5px;opacity:1;filter:alpha(opacity=100);cursor:\" width=\"500\" height=\"375\" src=\"https:\/\/offenbacher-friedensinitiative.de\/wp-content\/uploads\/wppa\/thumbs\/76.jpg?ver=16\" alt=\"nsmail\" onmouseover=\"jQuery(this).fadeTo(400, 1.0);\" onmouseout=\"jQuery(this).fadeTo(400, 1);\"><\/a><\/div><div id=\"thumbnail_frame_masonry_Lt252B2BHo5t_1\" style=\"height:100%;float:left;position:static;font-size:12px;line-height:8px;overflow:hidden;box-sizing:content-box;\"><a href=\"https:\/\/offenbacher-friedensinitiative.de\/wp-content\/uploads\/wppa-source\/album-16\/IMG_20200412_175352.jpg?ver=1\" data-id=\"Lt252B2BHo5t\" target=\"_self\" data-rel=\"wppa[occ1]\" data-lbtitle=\"IMG_20200412_175352&lt;br&gt;&lt;div&gt;&lt;table&gt;&lt;tr&gt;&lt;td&gt;IMG_20200412_175352&lt;\/td&gt;&lt;\/tr&gt;&lt;\/table&gt;&lt;\/div&gt;\" class=\"thumb-img\" id=\"x-Lt252B2BHo5t-1\" data-alt=\"IMG_20200412_175352\"><img loading=\"lazy\" decoding=\"async\" id=\"i-Lt252B2BHo5t-1\" title=\"Vergr\u00f6\u00dfern\" style=\"height:100%;width:auto;margin:0;position:relative;box-sizing:border-box;padding:1.5px;opacity:1;filter:alpha(opacity=100);cursor:\" width=\"308\" height=\"500\" src=\"https:\/\/offenbacher-friedensinitiative.de\/wp-content\/uploads\/wppa\/thumbs\/60.jpg?ver=16\" alt=\"IMG_20200412_175352\" onmouseover=\"jQuery(this).fadeTo(400, 1.0);\" onmouseout=\"jQuery(this).fadeTo(400, 1);\"><\/a><\/div><div id=\"thumbnail_frame_masonry_o2H52EEtgE2E_1\" style=\"height:100%;float:left;position:static;font-size:12px;line-height:8px;overflow:hidden;box-sizing:content-box;\"><a href=\"https:\/\/offenbacher-friedensinitiative.de\/wp-content\/uploads\/wppa-source\/album-16\/1147.jpg?ver=1\" data-id=\"o2H52EEtgE2E\" target=\"_self\" data-rel=\"wppa[occ1]\" data-lbtitle=\"1147&lt;br&gt;&lt;div&gt;&lt;table&gt;&lt;tr&gt;&lt;td&gt;1147&lt;\/td&gt;&lt;\/tr&gt;&lt;\/table&gt;&lt;\/div&gt;\" class=\"thumb-img\" id=\"x-o2H52EEtgE2E-1\" data-alt=\"1147\"><img loading=\"lazy\" decoding=\"async\" id=\"i-o2H52EEtgE2E-1\" title=\"Vergr\u00f6\u00dfern\" style=\"height:100%;width:auto;margin:0;position:relative;box-sizing:border-box;padding:1.5px;opacity:1;filter:alpha(opacity=100);cursor:\" width=\"334\" height=\"500\" src=\"https:\/\/offenbacher-friedensinitiative.de\/wp-content\/uploads\/wppa\/thumbs\/44.jpg?ver=16\" alt=\"1147\" onmouseover=\"jQuery(this).fadeTo(400, 1.0);\" onmouseout=\"jQuery(this).fadeTo(400, 1);\"><\/a><\/div><\/div><\/td><\/tr><tr class=\"wppa-masonry\"><td style=\"border:none;padding:0;margin:0\"><div id=\"wppa-mas-h-3-1\" style=\"height:223.509286029px;\" class=\"wppa-masonry\" data-height-perc=\"18.8456396315\"><div id=\"thumbnail_frame_masonry_Ge1o4G4Soo4v_1\" style=\"height:100%;float:left;position:static;font-size:12px;line-height:8px;overflow:hidden;box-sizing:content-box;\"><a href=\"https:\/\/offenbacher-friedensinitiative.de\/wp-content\/uploads\/wppa-source\/album-16\/IRIS OSTERMARSCH.jpg?ver=1\" data-id=\"Ge1o4G4Soo4v\" target=\"_self\" data-rel=\"wppa[occ1]\" data-lbtitle=\"IRIS OSTERMARSCH&lt;br&gt;&lt;div&gt;&lt;table&gt;&lt;tr&gt;&lt;td&gt;IRIS OSTERMARSCH&lt;\/td&gt;&lt;\/tr&gt;&lt;\/table&gt;&lt;\/div&gt;\" class=\"thumb-img\" id=\"x-Ge1o4G4Soo4v-1\" data-alt=\"IRIS OSTERMARSCH\"><img loading=\"lazy\" decoding=\"async\" id=\"i-Ge1o4G4Soo4v-1\" title=\"Vergr\u00f6\u00dfern\" style=\"height:100%;width:auto;margin:0;position:relative;box-sizing:border-box;padding:1.5px;opacity:1;filter:alpha(opacity=100);cursor:\" width=\"500\" height=\"483\" src=\"https:\/\/offenbacher-friedensinitiative.de\/wp-content\/uploads\/wppa\/thumbs\/56.jpg?ver=16\" alt=\"IRIS OSTERMARSCH\" onmouseover=\"jQuery(this).fadeTo(400, 1.0);\" onmouseout=\"jQuery(this).fadeTo(400, 1);\"><\/a><\/div><div id=\"thumbnail_frame_masonry_GGz4Sz4GzG18_1\" style=\"height:100%;float:left;position:static;font-size:12px;line-height:8px;overflow:hidden;box-sizing:content-box;\"><a href=\"https:\/\/offenbacher-friedensinitiative.de\/wp-content\/uploads\/wppa-source\/album-16\/Foto Demo Ostermarsch April 2020 (2).jpg?ver=1\" data-id=\"GGz4Sz4GzG18\" target=\"_self\" data-rel=\"wppa[occ1]\" data-lbtitle=\"Foto Demo Ostermarsch April 2020 (2)&lt;br&gt;&lt;div&gt;&lt;table&gt;&lt;tr&gt;&lt;td&gt;Foto Demo Ostermarsch April 2020 (2)&lt;\/td&gt;&lt;\/tr&gt;&lt;\/table&gt;&lt;\/div&gt;\" class=\"thumb-img\" id=\"x-GGz4Sz4GzG18-1\" data-alt=\"Foto Demo Ostermarsch April 2020 (2)\"><img loading=\"lazy\" decoding=\"async\" id=\"i-GGz4Sz4GzG18-1\" title=\"Vergr\u00f6\u00dfern\" style=\"height:100%;width:auto;margin:0;position:relative;box-sizing:border-box;padding:1.5px;opacity:1;filter:alpha(opacity=100);cursor:\" width=\"281\" height=\"500\" src=\"https:\/\/offenbacher-friedensinitiative.de\/wp-content\/uploads\/wppa\/thumbs\/49.jpg?ver=16\" alt=\"Foto Demo Ostermarsch April 2020 (2)\" onmouseover=\"jQuery(this).fadeTo(400, 1.0);\" onmouseout=\"jQuery(this).fadeTo(400, 1);\"><\/a><\/div><div id=\"thumbnail_frame_masonry_Gz4Sz44eveGv_1\" style=\"height:100%;float:left;position:static;font-size:12px;line-height:8px;overflow:hidden;box-sizing:content-box;\"><a href=\"https:\/\/offenbacher-friedensinitiative.de\/wp-content\/uploads\/wppa-source\/album-16\/20Ostermarsch digitalIMG_6862.jpg?ver=1\" data-id=\"Gz4Sz44eveGv\" target=\"_self\" data-rel=\"wppa[occ1]\" data-lbtitle=\"20Ostermarsch digitalIMG_6862&lt;br&gt;&lt;div&gt;&lt;table&gt;&lt;tr&gt;&lt;td&gt;20Ostermarsch digitalIMG_6862&lt;\/td&gt;&lt;\/tr&gt;&lt;\/table&gt;&lt;\/div&gt;\" class=\"thumb-img\" id=\"x-Gz4Sz44eveGv-1\" data-alt=\"20Ostermarsch digitalIMG_6862\"><img loading=\"lazy\" decoding=\"async\" id=\"i-Gz4Sz44eveGv-1\" title=\"Vergr\u00f6\u00dfern\" style=\"height:100%;width:auto;margin:0;position:relative;box-sizing:border-box;padding:1.5px;opacity:1;filter:alpha(opacity=100);cursor:\" width=\"352\" height=\"500\" src=\"https:\/\/offenbacher-friedensinitiative.de\/wp-content\/uploads\/wppa\/thumbs\/47.jpg?ver=16\" alt=\"20Ostermarsch digitalIMG_6862\" onmouseover=\"jQuery(this).fadeTo(400, 1.0);\" onmouseout=\"jQuery(this).fadeTo(400, 1);\"><\/a><\/div><div id=\"thumbnail_frame_masonry_Gz4Sz4Goe8zS_1\" style=\"height:100%;float:left;position:static;font-size:12px;line-height:8px;overflow:hidden;box-sizing:content-box;\"><a href=\"https:\/\/offenbacher-friedensinitiative.de\/wp-content\/uploads\/wppa-source\/album-16\/608f016b-ad53-471a-a158-e7cb534b4436.jpg?ver=1\" data-id=\"Gz4Sz4Goe8zS\" target=\"_self\" data-rel=\"wppa[occ1]\" data-lbtitle=\"608f016b-ad53-471a-a158-e7cb534b4436&lt;br&gt;&lt;div&gt;&lt;table&gt;&lt;tr&gt;&lt;td&gt;608f016b-ad53-471a-a158-e7cb534b4436&lt;\/td&gt;&lt;\/tr&gt;&lt;\/table&gt;&lt;\/div&gt;\" class=\"thumb-img\" id=\"x-Gz4Sz4Goe8zS-1\" data-alt=\"608f016b-ad53-471a-a158-e7cb534b4436\"><img loading=\"lazy\" decoding=\"async\" id=\"i-Gz4Sz4Goe8zS-1\" title=\"Vergr\u00f6\u00dfern\" style=\"height:100%;width:auto;margin:0;position:relative;box-sizing:border-box;padding:1.5px;opacity:1;filter:alpha(opacity=100);cursor:\" width=\"375\" height=\"500\" src=\"https:\/\/offenbacher-friedensinitiative.de\/wp-content\/uploads\/wppa\/thumbs\/48.jpg?ver=16\" alt=\"608f016b-ad53-471a-a158-e7cb534b4436\" onmouseover=\"jQuery(this).fadeTo(400, 1.0);\" onmouseout=\"jQuery(this).fadeTo(400, 1);\"><\/a><\/div><div id=\"thumbnail_frame_masonry_G8en18ee4881_1\" style=\"height:100%;float:left;position:static;font-size:12px;line-height:8px;overflow:hidden;box-sizing:content-box;\"><a href=\"https:\/\/offenbacher-friedensinitiative.de\/wp-content\/uploads\/wppa-source\/album-16\/Ostern 1.jpg?ver=1\" data-id=\"G8en18ee4881\" target=\"_self\" data-rel=\"wppa[occ1]\" data-lbtitle=\"Ostern 1&lt;br&gt;&lt;div&gt;&lt;table&gt;&lt;tr&gt;&lt;td&gt;Ostern 1&lt;\/td&gt;&lt;\/tr&gt;&lt;\/table&gt;&lt;\/div&gt;\" class=\"thumb-img\" id=\"x-G8en18ee4881-1\" data-alt=\"Ostern 1\"><img loading=\"lazy\" decoding=\"async\" id=\"i-G8en18ee4881-1\" title=\"Vergr\u00f6\u00dfern\" style=\"height:100%;width:auto;margin:0;position:relative;box-sizing:border-box;padding:1.5px;opacity:1;filter:alpha(opacity=100);cursor:\" width=\"344\" height=\"500\" src=\"https:\/\/offenbacher-friedensinitiative.de\/wp-content\/uploads\/wppa\/thumbs\/58.jpg?ver=16\" alt=\"Ostern 1\" onmouseover=\"jQuery(this).fadeTo(400, 1.0);\" onmouseout=\"jQuery(this).fadeTo(400, 1);\"><\/a><\/div><div id=\"thumbnail_frame_masonry_w6QQffZZ6fZ6_1\" style=\"height:100%;float:left;position:static;font-size:12px;line-height:8px;overflow:hidden;box-sizing:content-box;\"><a href=\"https:\/\/offenbacher-friedensinitiative.de\/wp-content\/uploads\/wppa-source\/album-16\/Dokument0-002.jpg?ver=1\" data-id=\"w6QQffZZ6fZ6\" target=\"_self\" data-rel=\"wppa[occ1]\" data-lbtitle=\"Dokument0-002&lt;br&gt;&lt;div&gt;&lt;table&gt;&lt;tr&gt;&lt;td&gt;Dokument0-002&lt;\/td&gt;&lt;\/tr&gt;&lt;\/table&gt;&lt;\/div&gt;\" class=\"thumb-img\" id=\"x-w6QQffZZ6fZ6-1\" data-alt=\"Dokument0-002\"><img loading=\"lazy\" decoding=\"async\" id=\"i-w6QQffZZ6fZ6-1\" title=\"Vergr\u00f6\u00dfern\" style=\"height:100%;width:auto;margin:0;position:relative;box-sizing:border-box;padding:1.5px;opacity:1;filter:alpha(opacity=100);cursor:\" width=\"500\" height=\"321\" src=\"https:\/\/offenbacher-friedensinitiative.de\/wp-content\/uploads\/wppa\/thumbs\/69.jpg?ver=16\" alt=\"Dokument0-002\" onmouseover=\"jQuery(this).fadeTo(400, 1.0);\" onmouseout=\"jQuery(this).fadeTo(400, 1);\"><\/a><\/div><\/div><\/td><\/tr><tr class=\"wppa-masonry\"><td style=\"border:none;padding:0;margin:0\"><div id=\"wppa-mas-h-4-1\" style=\"height:292.183404676px;\" class=\"wppa-masonry\" data-height-perc=\"24.6360374937\"><div id=\"thumbnail_frame_masonry_Gz4Sz4v4oSSn_1\" style=\"height:100%;float:left;position:static;font-size:12px;line-height:8px;overflow:hidden;box-sizing:content-box;\"><a href=\"https:\/\/offenbacher-friedensinitiative.de\/wp-content\/uploads\/wppa-source\/album-16\/Ostermarsch 2020 Gisela-o1.jpg?ver=1\" data-id=\"Gz4Sz4v4oSSn\" target=\"_self\" data-rel=\"wppa[occ1]\" data-lbtitle=\"Ostermarsch 2020 Gisela&lt;br&gt;&lt;div&gt;&lt;table&gt;&lt;tr&gt;&lt;td&gt;Ostermarsch 2020 Gisela&lt;\/td&gt;&lt;\/tr&gt;&lt;\/table&gt;&lt;\/div&gt;\" class=\"thumb-img\" id=\"x-Gz4Sz4v4oSSn-1\" data-alt=\"Ostermarsch 2020 Gisela\"><img loading=\"lazy\" decoding=\"async\" id=\"i-Gz4Sz4v4oSSn-1\" title=\"Vergr\u00f6\u00dfern\" style=\"height:100%;width:auto;margin:0;position:relative;box-sizing:border-box;padding:1.5px;opacity:1;filter:alpha(opacity=100);cursor:\" width=\"375\" height=\"500\" src=\"https:\/\/offenbacher-friedensinitiative.de\/wp-content\/uploads\/wppa\/thumbs\/50.jpg?ver=16\" alt=\"Ostermarsch 2020 Gisela\" onmouseover=\"jQuery(this).fadeTo(400, 1.0);\" onmouseout=\"jQuery(this).fadeTo(400, 1);\"><\/a><\/div><div id=\"thumbnail_frame_masonry_w6QQffQsw6x4_1\" style=\"height:100%;float:left;position:static;font-size:12px;line-height:8px;overflow:hidden;box-sizing:content-box;\"><a href=\"https:\/\/offenbacher-friedensinitiative.de\/wp-content\/uploads\/wppa-source\/album-16\/Dokument0-001.jpg?ver=1\" data-id=\"w6QQffQsw6x4\" target=\"_self\" data-rel=\"wppa[occ1]\" data-lbtitle=\"Dokument0-001&lt;br&gt;&lt;div&gt;&lt;table&gt;&lt;tr&gt;&lt;td&gt;Dokument0-001&lt;\/td&gt;&lt;\/tr&gt;&lt;\/table&gt;&lt;\/div&gt;\" class=\"thumb-img\" id=\"x-w6QQffQsw6x4-1\" data-alt=\"Dokument0-001\"><img loading=\"lazy\" decoding=\"async\" id=\"i-w6QQffQsw6x4-1\" title=\"Vergr\u00f6\u00dfern\" style=\"height:100%;width:auto;margin:0;position:relative;box-sizing:border-box;padding:1.5px;opacity:1;filter:alpha(opacity=100);cursor:\" width=\"274\" height=\"500\" src=\"https:\/\/offenbacher-friedensinitiative.de\/wp-content\/uploads\/wppa\/thumbs\/68.jpg?ver=16\" alt=\"Dokument0-001\" onmouseover=\"jQuery(this).fadeTo(400, 1.0);\" onmouseout=\"jQuery(this).fadeTo(400, 1);\"><\/a><\/div><div id=\"thumbnail_frame_masonry_vn88no148n88_1\" style=\"height:100%;float:left;position:static;font-size:12px;line-height:8px;overflow:hidden;box-sizing:content-box;\"><a href=\"https:\/\/offenbacher-friedensinitiative.de\/wp-content\/uploads\/wppa-source\/album-16\/IMG_20200413_105231.jpg?ver=1\" data-id=\"vn88no148n88\" target=\"_self\" data-rel=\"wppa[occ1]\" data-lbtitle=\"IMG_20200413_105231&lt;br&gt;&lt;div&gt;&lt;table&gt;&lt;tr&gt;&lt;td&gt;IMG_20200413_105231&lt;\/td&gt;&lt;\/tr&gt;&lt;\/table&gt;&lt;\/div&gt;\" class=\"thumb-img\" id=\"x-vn88no148n88-1\" data-alt=\"IMG_20200413_105231\"><img loading=\"lazy\" decoding=\"async\" id=\"i-vn88no148n88-1\" title=\"Vergr\u00f6\u00dfern\" style=\"height:100%;width:auto;margin:0;position:relative;box-sizing:border-box;padding:1.5px;opacity:1;filter:alpha(opacity=100);cursor:\" width=\"500\" height=\"375\" src=\"https:\/\/offenbacher-friedensinitiative.de\/wp-content\/uploads\/wppa\/thumbs\/73.jpg?ver=16\" alt=\"IMG_20200413_105231\" onmouseover=\"jQuery(this).fadeTo(400, 1.0);\" onmouseout=\"jQuery(this).fadeTo(400, 1);\"><\/a><\/div><div id=\"thumbnail_frame_masonry_o2H52o2HgEL5_1\" style=\"height:100%;float:left;position:static;font-size:12px;line-height:8px;overflow:hidden;box-sizing:content-box;\"><a href=\"https:\/\/offenbacher-friedensinitiative.de\/wp-content\/uploads\/wppa-source\/album-16\/Ostermarsch 2020 Wolfgang-o1.jpg?ver=1\" data-id=\"o2H52o2HgEL5\" target=\"_self\" data-rel=\"wppa[occ1]\" data-lbtitle=\"Ostermarsch 2020 Wolfgang&lt;br&gt;&lt;div&gt;&lt;table&gt;&lt;tr&gt;&lt;td&gt;Ostermarsch 2020 Wolfgang&lt;\/td&gt;&lt;\/tr&gt;&lt;\/table&gt;&lt;\/div&gt;\" class=\"thumb-img\" id=\"x-o2H52o2HgEL5-1\" data-alt=\"Ostermarsch 2020 Wolfgang\"><img loading=\"lazy\" decoding=\"async\" id=\"i-o2H52o2HgEL5-1\" title=\"Vergr\u00f6\u00dfern\" style=\"height:100%;width:auto;margin:0;position:relative;box-sizing:border-box;padding:1.5px;opacity:1;filter:alpha(opacity=100);cursor:\" width=\"375\" height=\"500\" src=\"https:\/\/offenbacher-friedensinitiative.de\/wp-content\/uploads\/wppa\/thumbs\/51.jpg?ver=16\" alt=\"Ostermarsch 2020 Wolfgang\" onmouseover=\"jQuery(this).fadeTo(400, 1.0);\" onmouseout=\"jQuery(this).fadeTo(400, 1);\"><\/a><\/div><div id=\"thumbnail_frame_masonry_Gz4Szv8Gn881_1\" style=\"height:100%;float:left;position:static;font-size:12px;line-height:8px;overflow:hidden;box-sizing:content-box;\"><a href=\"https:\/\/offenbacher-friedensinitiative.de\/wp-content\/uploads\/wppa-source\/album-16\/_MG_1153.jpg?ver=1\" data-id=\"Gz4Szv8Gn881\" target=\"_self\" data-rel=\"wppa[occ1]\" data-lbtitle=\"_MG_1153&lt;br&gt;&lt;div&gt;&lt;table&gt;&lt;tr&gt;&lt;td&gt;_MG_1153&lt;\/td&gt;&lt;\/tr&gt;&lt;\/table&gt;&lt;\/div&gt;\" class=\"thumb-img\" id=\"x-Gz4Szv8Gn881-1\" data-alt=\"_MG_1153\"><img loading=\"lazy\" decoding=\"async\" id=\"i-Gz4Szv8Gn881-1\" title=\"Vergr\u00f6\u00dfern\" style=\"height:100%;width:auto;margin:0;position:relative;box-sizing:border-box;padding:1.5px;opacity:1;filter:alpha(opacity=100);cursor:\" width=\"334\" height=\"500\" src=\"https:\/\/offenbacher-friedensinitiative.de\/wp-content\/uploads\/wppa\/thumbs\/52.jpg?ver=16\" alt=\"_MG_1153\" onmouseover=\"jQuery(this).fadeTo(400, 1.0);\" onmouseout=\"jQuery(this).fadeTo(400, 1);\"><\/a><\/div><\/div><\/td><\/tr><tr class=\"wppa-masonry\"><td style=\"border:none;padding:0;margin:0\"><div id=\"wppa-mas-h-5-1\" style=\"height:252.395177793px;\" class=\"wppa-masonry\" data-height-perc=\"21.2812122929\"><div id=\"thumbnail_frame_masonry_oEtOH5t5EEEt_1\" style=\"height:100%;float:left;position:static;font-size:12px;line-height:8px;overflow:hidden;box-sizing:content-box;\"><a href=\"https:\/\/offenbacher-friedensinitiative.de\/wp-content\/uploads\/wppa-source\/album-16\/IMG_20200411_185358-o1.jpg?ver=1\" data-id=\"oEtOH5t5EEEt\" target=\"_self\" data-rel=\"wppa[occ1]\" data-lbtitle=\"IMG_20200411_185358&lt;br&gt;&lt;div&gt;&lt;table&gt;&lt;tr&gt;&lt;td&gt;IMG_20200411_185358&lt;\/td&gt;&lt;\/tr&gt;&lt;\/table&gt;&lt;\/div&gt;\" class=\"thumb-img\" id=\"x-oEtOH5t5EEEt-1\" data-alt=\"IMG_20200411_185358\"><img loading=\"lazy\" decoding=\"async\" id=\"i-oEtOH5t5EEEt-1\" title=\"Vergr\u00f6\u00dfern\" style=\"height:100%;width:auto;margin:0;position:relative;box-sizing:border-box;padding:1.5px;opacity:1;filter:alpha(opacity=100);cursor:\" width=\"375\" height=\"500\" src=\"https:\/\/offenbacher-friedensinitiative.de\/wp-content\/uploads\/wppa\/thumbs\/55.jpg?ver=16\" alt=\"IMG_20200411_185358\" onmouseover=\"jQuery(this).fadeTo(400, 1.0);\" onmouseout=\"jQuery(this).fadeTo(400, 1);\"><\/a><\/div><div id=\"thumbnail_frame_masonry_oEtOH2H2EOLL_1\" style=\"height:100%;float:left;position:static;font-size:12px;line-height:8px;overflow:hidden;box-sizing:content-box;\"><a href=\"https:\/\/offenbacher-friedensinitiative.de\/wp-content\/uploads\/wppa-source\/album-16\/IMG_20200411_184851-o1.jpg?ver=1\" data-id=\"oEtOH2H2EOLL\" target=\"_self\" data-rel=\"wppa[occ1]\" data-lbtitle=\"IMG_20200411_184851&lt;br&gt;&lt;div&gt;&lt;table&gt;&lt;tr&gt;&lt;td&gt;IMG_20200411_184851&lt;\/td&gt;&lt;\/tr&gt;&lt;\/table&gt;&lt;\/div&gt;\" class=\"thumb-img\" id=\"x-oEtOH2H2EOLL-1\" data-alt=\"IMG_20200411_184851\"><img loading=\"lazy\" decoding=\"async\" id=\"i-oEtOH2H2EOLL-1\" title=\"Vergr\u00f6\u00dfern\" style=\"height:100%;width:auto;margin:0;position:relative;box-sizing:border-box;padding:1.5px;opacity:1;filter:alpha(opacity=100);cursor:\" width=\"375\" height=\"500\" src=\"https:\/\/offenbacher-friedensinitiative.de\/wp-content\/uploads\/wppa\/thumbs\/53.jpg?ver=16\" alt=\"IMG_20200411_184851\" onmouseover=\"jQuery(this).fadeTo(400, 1.0);\" onmouseout=\"jQuery(this).fadeTo(400, 1);\"><\/a><\/div><div id=\"thumbnail_frame_masonry_Ge1o4ev8GnGv_1\" style=\"height:100%;float:left;position:static;font-size:12px;line-height:8px;overflow:hidden;box-sizing:content-box;\"><a href=\"https:\/\/offenbacher-friedensinitiative.de\/wp-content\/uploads\/wppa-source\/album-16\/IMG_20200411_185017-o1.jpg?ver=1\" data-id=\"Ge1o4ev8GnGv\" target=\"_self\" data-rel=\"wppa[occ1]\" data-lbtitle=\"IMG_20200411_185017&lt;br&gt;&lt;div&gt;&lt;table&gt;&lt;tr&gt;&lt;td&gt;IMG_20200411_185017&lt;\/td&gt;&lt;\/tr&gt;&lt;\/table&gt;&lt;\/div&gt;\" class=\"thumb-img\" id=\"x-Ge1o4ev8GnGv-1\" data-alt=\"IMG_20200411_185017\"><img loading=\"lazy\" decoding=\"async\" id=\"i-Ge1o4ev8GnGv-1\" title=\"Vergr\u00f6\u00dfern\" style=\"height:100%;width:auto;margin:0;position:relative;box-sizing:border-box;padding:1.5px;opacity:1;filter:alpha(opacity=100);cursor:\" width=\"375\" height=\"500\" src=\"https:\/\/offenbacher-friedensinitiative.de\/wp-content\/uploads\/wppa\/thumbs\/54.jpg?ver=16\" alt=\"IMG_20200411_185017\" onmouseover=\"jQuery(this).fadeTo(400, 1.0);\" onmouseout=\"jQuery(this).fadeTo(400, 1);\"><\/a><\/div><div id=\"thumbnail_frame_masonry_o2H52EEB5HgE_1\" style=\"height:100%;float:left;position:static;font-size:12px;line-height:8px;overflow:hidden;box-sizing:content-box;\"><a href=\"https:\/\/offenbacher-friedensinitiative.de\/wp-content\/uploads\/wppa-source\/album-16\/20200411_093028.jpg?ver=1\" data-id=\"o2H52EEB5HgE\" target=\"_self\" data-rel=\"wppa[occ1]\" data-lbtitle=\"20200411_093028&lt;br&gt;&lt;div&gt;&lt;table&gt;&lt;tr&gt;&lt;td&gt;20200411_093028&lt;\/td&gt;&lt;\/tr&gt;&lt;\/table&gt;&lt;\/div&gt;\" class=\"thumb-img\" id=\"x-o2H52EEB5HgE-1\" data-alt=\"20200411_093028\"><img loading=\"lazy\" decoding=\"async\" id=\"i-o2H52EEB5HgE-1\" title=\"Vergr\u00f6\u00dfern\" style=\"height:100%;width:auto;margin:0;position:relative;box-sizing:border-box;padding:1.5px;opacity:1;filter:alpha(opacity=100);cursor:\" width=\"333\" height=\"500\" src=\"https:\/\/offenbacher-friedensinitiative.de\/wp-content\/uploads\/wppa\/thumbs\/45.jpg?ver=16\" alt=\"20200411_093028\" onmouseover=\"jQuery(this).fadeTo(400, 1.0);\" onmouseout=\"jQuery(this).fadeTo(400, 1);\"><\/a><\/div><div id=\"thumbnail_frame_masonry_o2H52ELH2Oto_1\" style=\"height:100%;float:left;position:static;font-size:12px;line-height:8px;overflow:hidden;box-sizing:content-box;\"><a href=\"https:\/\/offenbacher-friedensinitiative.de\/wp-content\/uploads\/wppa-source\/album-16\/20200411_125248.jpg?ver=1\" data-id=\"o2H52ELH2Oto\" target=\"_self\" data-rel=\"wppa[occ1]\" data-lbtitle=\"20200411_125248&lt;br&gt;&lt;div&gt;&lt;table&gt;&lt;tr&gt;&lt;td&gt;20200411_125248&lt;\/td&gt;&lt;\/tr&gt;&lt;\/table&gt;&lt;\/div&gt;\" class=\"thumb-img\" id=\"x-o2H52ELH2Oto-1\" data-alt=\"20200411_125248\"><img loading=\"lazy\" decoding=\"async\" id=\"i-o2H52ELH2Oto-1\" title=\"Vergr\u00f6\u00dfern\" style=\"height:100%;width:auto;margin:0;position:relative;box-sizing:border-box;padding:1.5px;opacity:1;filter:alpha(opacity=100);cursor:\" width=\"500\" height=\"281\" src=\"https:\/\/offenbacher-friedensinitiative.de\/wp-content\/uploads\/wppa\/thumbs\/46.jpg?ver=16\" alt=\"20200411_125248\" onmouseover=\"jQuery(this).fadeTo(400, 1.0);\" onmouseout=\"jQuery(this).fadeTo(400, 1);\"><\/a><\/div><\/div><\/td><\/tr><tr class=\"wppa-masonry\"><td style=\"border:none;padding:0;margin:0\"><div id=\"wppa-mas-h-6-1\" style=\"height:292.183404676px;\" class=\"wppa-masonry\" data-height-perc=\"24.6360374937\"><div id=\"thumbnail_frame_masonry_G8en18GSoz8v_1\" style=\"height:100%;float:left;position:static;font-size:12px;line-height:8px;overflow:hidden;box-sizing:content-box;\"><a href=\"https:\/\/offenbacher-friedensinitiative.de\/wp-content\/uploads\/wppa-source\/album-16\/Ostern 2.jpg?ver=1\" data-id=\"G8en18GSoz8v\" target=\"_self\" data-rel=\"wppa[occ1]\" data-lbtitle=\"Ostern 2&lt;br&gt;&lt;div&gt;&lt;table&gt;&lt;tr&gt;&lt;td&gt;Ostern 2&lt;\/td&gt;&lt;\/tr&gt;&lt;\/table&gt;&lt;\/div&gt;\" class=\"thumb-img\" id=\"x-G8en18GSoz8v-1\" data-alt=\"Ostern 2\"><img loading=\"lazy\" decoding=\"async\" id=\"i-G8en18GSoz8v-1\" title=\"Vergr\u00f6\u00dfern\" style=\"height:100%;width:auto;margin:0;position:relative;box-sizing:border-box;padding:1.5px;opacity:1;filter:alpha(opacity=100);cursor:\" width=\"344\" height=\"500\" src=\"https:\/\/offenbacher-friedensinitiative.de\/wp-content\/uploads\/wppa\/thumbs\/59.jpg?ver=16\" alt=\"Ostern 2\" onmouseover=\"jQuery(this).fadeTo(400, 1.0);\" onmouseout=\"jQuery(this).fadeTo(400, 1);\"><\/a><\/div><\/div><\/td><\/tr><tr class=\"wppa-masonry\"><td class=\"wppa-dummy\" style=\"padding:0;border:none;\"><\/td><\/tr><\/tbody><\/table><div class=\"wppa-clear\"><\/div><\/div><div style=\"clear:both;\"><\/div><div id=\"wppa-container-1-end\"><\/div><\/div><\/div>\n<!-- End [wppa type=\"album\" album=\"16\"] \/index.php?rest_route=%2Fwp%2Fv2%2Fposts%2F11060 oc 1 47 queries in 85.7 ms. at 10:17. Max mem: 96.00 Mb. --><\/p>\n<p style=\"text-align: center;\"><span style=\"font-size: 10pt;\">copyright Fotos: privat<\/span><\/p>\n<p>&nbsp;<\/p>\n<\/div>\n<\/div><\/div><\/div><\/div><\/div>","protected":false},"excerpt":{"rendered":"<p>Der Ostermarsch 2020 auf der Stra\u00dfe kann eigentlich nicht ersetzt werden. Und daran, dass es n\u00f6tig ist, die Grundrechte komplett au\u00dfer kraft zu setzen, sind<span class=\"more-link\"><a href=\"https:\/\/offenbacher-friedensinitiative.de\/?p=11060\">Weiterlesen &#8230;<\/a><\/span><\/p>\n","protected":false},"author":1,"featured_media":11065,"comment_status":"closed","ping_status":"closed","sticky":false,"template":"","format":"standard","meta":{"footnotes":""},"categories":[47,56],"tags":[],"class_list":["entry","author-ofi_wp","post-11060","post","type-post","status-publish","format-standard","has-post-thumbnail","category-information","category-offenbach"],"yoast_head":"<!-- This site is optimized with the Yoast SEO plugin v27.5 - https:\/\/yoast.com\/product\/yoast-seo-wordpress\/ -->\n<title>Ostermarsch 2020 im Netz - Offenbacher FriedensInitiative - OFI<\/title>\n<meta name=\"description\" content=\"Der Ostermarsch 2020 auf der Stra\u00dfe kann eigentlich nicht ersetzt werden. Und daran, dass es n\u00f6tig ist, die Grundrechte komplett au\u00dfer kraft zu setzen, sind Zweifel mehr als angebracht.\" \/>\n<meta name=\"robots\" content=\"index, follow, max-snippet:-1, max-image-preview:large, max-video-preview:-1\" \/>\n<link rel=\"canonical\" href=\"https:\/\/offenbacher-friedensinitiative.de\/?p=11060\" \/>\n<meta property=\"og:locale\" content=\"de_DE\" \/>\n<meta property=\"og:type\" content=\"article\" \/>\n<meta property=\"og:title\" content=\"Ostermarsch 2020 im Netz - Offenbacher FriedensInitiative - OFI\" \/>\n<meta property=\"og:description\" content=\"Der Ostermarsch 2020 auf der Stra\u00dfe kann eigentlich nicht ersetzt werden. Und daran, dass es n\u00f6tig ist, die Grundrechte komplett au\u00dfer kraft zu setzen, sind Zweifel mehr als angebracht.\" \/>\n<meta property=\"og:url\" content=\"https:\/\/offenbacher-friedensinitiative.de\/?p=11060\" \/>\n<meta property=\"og:site_name\" content=\"Offenbacher FriedensInitiative - OFI\" \/>\n<meta property=\"article:published_time\" content=\"2020-04-11T17:09:56+00:00\" \/>\n<meta property=\"article:modified_time\" content=\"2020-04-16T08:42:27+00:00\" \/>\n<meta property=\"og:image\" content=\"https:\/\/offenbacher-friedensinitiative.de\/wp-content\/uploads\/2020\/04\/20200411_125248-scaled.jpg\" \/>\n\t<meta property=\"og:image:width\" content=\"2560\" \/>\n\t<meta property=\"og:image:height\" content=\"1440\" \/>\n\t<meta property=\"og:image:type\" content=\"image\/jpeg\" \/>\n<meta name=\"author\" content=\"OFI_WP\" \/>\n<meta name=\"twitter:card\" content=\"summary_large_image\" \/>\n<meta name=\"twitter:label1\" content=\"Verfasst von\" \/>\n\t<meta name=\"twitter:data1\" content=\"OFI_WP\" \/>\n\t<meta name=\"twitter:label2\" content=\"Gesch\u00e4tzte Lesezeit\" \/>\n\t<meta name=\"twitter:data2\" content=\"1\u00a0Minute\" \/>\n<script type=\"application\/ld+json\" class=\"yoast-schema-graph\">{\"@context\":\"https:\\\/\\\/schema.org\",\"@graph\":[{\"@type\":\"Article\",\"@id\":\"https:\\\/\\\/offenbacher-friedensinitiative.de\\\/?p=11060#article\",\"isPartOf\":{\"@id\":\"https:\\\/\\\/offenbacher-friedensinitiative.de\\\/?p=11060\"},\"author\":{\"name\":\"OFI_WP\",\"@id\":\"https:\\\/\\\/offenbacher-friedensinitiative.de\\\/#\\\/schema\\\/person\\\/5ec566fcb70420f878023349a111f19f\"},\"headline\":\"Ostermarsch 2020 im Netz\",\"datePublished\":\"2020-04-11T17:09:56+00:00\",\"dateModified\":\"2020-04-16T08:42:27+00:00\",\"mainEntityOfPage\":{\"@id\":\"https:\\\/\\\/offenbacher-friedensinitiative.de\\\/?p=11060\"},\"wordCount\":135,\"publisher\":{\"@id\":\"https:\\\/\\\/offenbacher-friedensinitiative.de\\\/#organization\"},\"image\":{\"@id\":\"https:\\\/\\\/offenbacher-friedensinitiative.de\\\/?p=11060#primaryimage\"},\"thumbnailUrl\":\"https:\\\/\\\/offenbacher-friedensinitiative.de\\\/wp-content\\\/uploads\\\/2020\\\/04\\\/20200411_125248-scaled.jpg\",\"articleSection\":[\"Information\",\"Offenbach\"],\"inLanguage\":\"de\"},{\"@type\":\"WebPage\",\"@id\":\"https:\\\/\\\/offenbacher-friedensinitiative.de\\\/?p=11060\",\"url\":\"https:\\\/\\\/offenbacher-friedensinitiative.de\\\/?p=11060\",\"name\":\"Ostermarsch 2020 im Netz - Offenbacher FriedensInitiative - OFI\",\"isPartOf\":{\"@id\":\"https:\\\/\\\/offenbacher-friedensinitiative.de\\\/#website\"},\"primaryImageOfPage\":{\"@id\":\"https:\\\/\\\/offenbacher-friedensinitiative.de\\\/?p=11060#primaryimage\"},\"image\":{\"@id\":\"https:\\\/\\\/offenbacher-friedensinitiative.de\\\/?p=11060#primaryimage\"},\"thumbnailUrl\":\"https:\\\/\\\/offenbacher-friedensinitiative.de\\\/wp-content\\\/uploads\\\/2020\\\/04\\\/20200411_125248-scaled.jpg\",\"datePublished\":\"2020-04-11T17:09:56+00:00\",\"dateModified\":\"2020-04-16T08:42:27+00:00\",\"description\":\"Der Ostermarsch 2020 auf der Stra\u00dfe kann eigentlich nicht ersetzt werden. Und daran, dass es n\u00f6tig ist, die Grundrechte komplett au\u00dfer kraft zu setzen, sind Zweifel mehr als angebracht.\",\"breadcrumb\":{\"@id\":\"https:\\\/\\\/offenbacher-friedensinitiative.de\\\/?p=11060#breadcrumb\"},\"inLanguage\":\"de\",\"potentialAction\":[{\"@type\":\"ReadAction\",\"target\":[\"https:\\\/\\\/offenbacher-friedensinitiative.de\\\/?p=11060\"]}]},{\"@type\":\"ImageObject\",\"inLanguage\":\"de\",\"@id\":\"https:\\\/\\\/offenbacher-friedensinitiative.de\\\/?p=11060#primaryimage\",\"url\":\"https:\\\/\\\/offenbacher-friedensinitiative.de\\\/wp-content\\\/uploads\\\/2020\\\/04\\\/20200411_125248-scaled.jpg\",\"contentUrl\":\"https:\\\/\\\/offenbacher-friedensinitiative.de\\\/wp-content\\\/uploads\\\/2020\\\/04\\\/20200411_125248-scaled.jpg\",\"width\":2560,\"height\":1440},{\"@type\":\"BreadcrumbList\",\"@id\":\"https:\\\/\\\/offenbacher-friedensinitiative.de\\\/?p=11060#breadcrumb\",\"itemListElement\":[{\"@type\":\"ListItem\",\"position\":1,\"name\":\"Startseite\",\"item\":\"https:\\\/\\\/offenbacher-friedensinitiative.de\\\/\"},{\"@type\":\"ListItem\",\"position\":2,\"name\":\"Ostermarsch 2020 im Netz\"}]},{\"@type\":\"WebSite\",\"@id\":\"https:\\\/\\\/offenbacher-friedensinitiative.de\\\/#website\",\"url\":\"https:\\\/\\\/offenbacher-friedensinitiative.de\\\/\",\"name\":\"Offenbacher FriedensInitiative\",\"description\":\"Abr\u00fcsten statt Aufr\u00fcsten |- Kriege beenden | R\u00fcstungsexporte stoppen\",\"publisher\":{\"@id\":\"https:\\\/\\\/offenbacher-friedensinitiative.de\\\/#organization\"},\"potentialAction\":[{\"@type\":\"SearchAction\",\"target\":{\"@type\":\"EntryPoint\",\"urlTemplate\":\"https:\\\/\\\/offenbacher-friedensinitiative.de\\\/?s={search_term_string}\"},\"query-input\":{\"@type\":\"PropertyValueSpecification\",\"valueRequired\":true,\"valueName\":\"search_term_string\"}}],\"inLanguage\":\"de\"},{\"@type\":\"Organization\",\"@id\":\"https:\\\/\\\/offenbacher-friedensinitiative.de\\\/#organization\",\"name\":\"Offenbacher Friedensinitiative\",\"url\":\"https:\\\/\\\/offenbacher-friedensinitiative.de\\\/\",\"logo\":{\"@type\":\"ImageObject\",\"inLanguage\":\"de\",\"@id\":\"https:\\\/\\\/offenbacher-friedensinitiative.de\\\/#\\\/schema\\\/logo\\\/image\\\/\",\"url\":\"https:\\\/\\\/offenbacher-friedensinitiative.de\\\/wp-content\\\/uploads\\\/2019\\\/03\\\/cropped-Transparen-logo.jpg\",\"contentUrl\":\"https:\\\/\\\/offenbacher-friedensinitiative.de\\\/wp-content\\\/uploads\\\/2019\\\/03\\\/cropped-Transparen-logo.jpg\",\"width\":1036,\"height\":227,\"caption\":\"Offenbacher Friedensinitiative\"},\"image\":{\"@id\":\"https:\\\/\\\/offenbacher-friedensinitiative.de\\\/#\\\/schema\\\/logo\\\/image\\\/\"}},{\"@type\":\"Person\",\"@id\":\"https:\\\/\\\/offenbacher-friedensinitiative.de\\\/#\\\/schema\\\/person\\\/5ec566fcb70420f878023349a111f19f\",\"name\":\"OFI_WP\"}]}<\/script>\n<!-- \/ Yoast SEO plugin. -->","yoast_head_json":{"title":"Ostermarsch 2020 im Netz - Offenbacher FriedensInitiative - OFI","description":"Der Ostermarsch 2020 auf der Stra\u00dfe kann eigentlich nicht ersetzt werden. Und daran, dass es n\u00f6tig ist, die Grundrechte komplett au\u00dfer kraft zu setzen, sind Zweifel mehr als angebracht.","robots":{"index":"index","follow":"follow","max-snippet":"max-snippet:-1","max-image-preview":"max-image-preview:large","max-video-preview":"max-video-preview:-1"},"canonical":"https:\/\/offenbacher-friedensinitiative.de\/?p=11060","og_locale":"de_DE","og_type":"article","og_title":"Ostermarsch 2020 im Netz - Offenbacher FriedensInitiative - OFI","og_description":"Der Ostermarsch 2020 auf der Stra\u00dfe kann eigentlich nicht ersetzt werden. Und daran, dass es n\u00f6tig ist, die Grundrechte komplett au\u00dfer kraft zu setzen, sind Zweifel mehr als angebracht.","og_url":"https:\/\/offenbacher-friedensinitiative.de\/?p=11060","og_site_name":"Offenbacher FriedensInitiative - OFI","article_published_time":"2020-04-11T17:09:56+00:00","article_modified_time":"2020-04-16T08:42:27+00:00","og_image":[{"width":2560,"height":1440,"url":"https:\/\/offenbacher-friedensinitiative.de\/wp-content\/uploads\/2020\/04\/20200411_125248-scaled.jpg","type":"image\/jpeg"}],"author":"OFI_WP","twitter_card":"summary_large_image","twitter_misc":{"Verfasst von":"OFI_WP","Gesch\u00e4tzte Lesezeit":"1\u00a0Minute"},"schema":{"@context":"https:\/\/schema.org","@graph":[{"@type":"Article","@id":"https:\/\/offenbacher-friedensinitiative.de\/?p=11060#article","isPartOf":{"@id":"https:\/\/offenbacher-friedensinitiative.de\/?p=11060"},"author":{"name":"OFI_WP","@id":"https:\/\/offenbacher-friedensinitiative.de\/#\/schema\/person\/5ec566fcb70420f878023349a111f19f"},"headline":"Ostermarsch 2020 im Netz","datePublished":"2020-04-11T17:09:56+00:00","dateModified":"2020-04-16T08:42:27+00:00","mainEntityOfPage":{"@id":"https:\/\/offenbacher-friedensinitiative.de\/?p=11060"},"wordCount":135,"publisher":{"@id":"https:\/\/offenbacher-friedensinitiative.de\/#organization"},"image":{"@id":"https:\/\/offenbacher-friedensinitiative.de\/?p=11060#primaryimage"},"thumbnailUrl":"https:\/\/offenbacher-friedensinitiative.de\/wp-content\/uploads\/2020\/04\/20200411_125248-scaled.jpg","articleSection":["Information","Offenbach"],"inLanguage":"de"},{"@type":"WebPage","@id":"https:\/\/offenbacher-friedensinitiative.de\/?p=11060","url":"https:\/\/offenbacher-friedensinitiative.de\/?p=11060","name":"Ostermarsch 2020 im Netz - Offenbacher FriedensInitiative - OFI","isPartOf":{"@id":"https:\/\/offenbacher-friedensinitiative.de\/#website"},"primaryImageOfPage":{"@id":"https:\/\/offenbacher-friedensinitiative.de\/?p=11060#primaryimage"},"image":{"@id":"https:\/\/offenbacher-friedensinitiative.de\/?p=11060#primaryimage"},"thumbnailUrl":"https:\/\/offenbacher-friedensinitiative.de\/wp-content\/uploads\/2020\/04\/20200411_125248-scaled.jpg","datePublished":"2020-04-11T17:09:56+00:00","dateModified":"2020-04-16T08:42:27+00:00","description":"Der Ostermarsch 2020 auf der Stra\u00dfe kann eigentlich nicht ersetzt werden. Und daran, dass es n\u00f6tig ist, die Grundrechte komplett au\u00dfer kraft zu setzen, sind Zweifel mehr als angebracht.","breadcrumb":{"@id":"https:\/\/offenbacher-friedensinitiative.de\/?p=11060#breadcrumb"},"inLanguage":"de","potentialAction":[{"@type":"ReadAction","target":["https:\/\/offenbacher-friedensinitiative.de\/?p=11060"]}]},{"@type":"ImageObject","inLanguage":"de","@id":"https:\/\/offenbacher-friedensinitiative.de\/?p=11060#primaryimage","url":"https:\/\/offenbacher-friedensinitiative.de\/wp-content\/uploads\/2020\/04\/20200411_125248-scaled.jpg","contentUrl":"https:\/\/offenbacher-friedensinitiative.de\/wp-content\/uploads\/2020\/04\/20200411_125248-scaled.jpg","width":2560,"height":1440},{"@type":"BreadcrumbList","@id":"https:\/\/offenbacher-friedensinitiative.de\/?p=11060#breadcrumb","itemListElement":[{"@type":"ListItem","position":1,"name":"Startseite","item":"https:\/\/offenbacher-friedensinitiative.de\/"},{"@type":"ListItem","position":2,"name":"Ostermarsch 2020 im Netz"}]},{"@type":"WebSite","@id":"https:\/\/offenbacher-friedensinitiative.de\/#website","url":"https:\/\/offenbacher-friedensinitiative.de\/","name":"Offenbacher FriedensInitiative","description":"Abr\u00fcsten statt Aufr\u00fcsten |- Kriege beenden | R\u00fcstungsexporte stoppen","publisher":{"@id":"https:\/\/offenbacher-friedensinitiative.de\/#organization"},"potentialAction":[{"@type":"SearchAction","target":{"@type":"EntryPoint","urlTemplate":"https:\/\/offenbacher-friedensinitiative.de\/?s={search_term_string}"},"query-input":{"@type":"PropertyValueSpecification","valueRequired":true,"valueName":"search_term_string"}}],"inLanguage":"de"},{"@type":"Organization","@id":"https:\/\/offenbacher-friedensinitiative.de\/#organization","name":"Offenbacher Friedensinitiative","url":"https:\/\/offenbacher-friedensinitiative.de\/","logo":{"@type":"ImageObject","inLanguage":"de","@id":"https:\/\/offenbacher-friedensinitiative.de\/#\/schema\/logo\/image\/","url":"https:\/\/offenbacher-friedensinitiative.de\/wp-content\/uploads\/2019\/03\/cropped-Transparen-logo.jpg","contentUrl":"https:\/\/offenbacher-friedensinitiative.de\/wp-content\/uploads\/2019\/03\/cropped-Transparen-logo.jpg","width":1036,"height":227,"caption":"Offenbacher Friedensinitiative"},"image":{"@id":"https:\/\/offenbacher-friedensinitiative.de\/#\/schema\/logo\/image\/"}},{"@type":"Person","@id":"https:\/\/offenbacher-friedensinitiative.de\/#\/schema\/person\/5ec566fcb70420f878023349a111f19f","name":"OFI_WP"}]}},"_links":{"self":[{"href":"https:\/\/offenbacher-friedensinitiative.de\/index.php?rest_route=\/wp\/v2\/posts\/11060","targetHints":{"allow":["GET"]}}],"collection":[{"href":"https:\/\/offenbacher-friedensinitiative.de\/index.php?rest_route=\/wp\/v2\/posts"}],"about":[{"href":"https:\/\/offenbacher-friedensinitiative.de\/index.php?rest_route=\/wp\/v2\/types\/post"}],"author":[{"embeddable":true,"href":"https:\/\/offenbacher-friedensinitiative.de\/index.php?rest_route=\/wp\/v2\/users\/1"}],"replies":[{"embeddable":true,"href":"https:\/\/offenbacher-friedensinitiative.de\/index.php?rest_route=%2Fwp%2Fv2%2Fcomments&post=11060"}],"version-history":[{"count":10,"href":"https:\/\/offenbacher-friedensinitiative.de\/index.php?rest_route=\/wp\/v2\/posts\/11060\/revisions"}],"predecessor-version":[{"id":11083,"href":"https:\/\/offenbacher-friedensinitiative.de\/index.php?rest_route=\/wp\/v2\/posts\/11060\/revisions\/11083"}],"wp:featuredmedia":[{"embeddable":true,"href":"https:\/\/offenbacher-friedensinitiative.de\/index.php?rest_route=\/wp\/v2\/media\/11065"}],"wp:attachment":[{"href":"https:\/\/offenbacher-friedensinitiative.de\/index.php?rest_route=%2Fwp%2Fv2%2Fmedia&parent=11060"}],"wp:term":[{"taxonomy":"category","embeddable":true,"href":"https:\/\/offenbacher-friedensinitiative.de\/index.php?rest_route=%2Fwp%2Fv2%2Fcategories&post=11060"},{"taxonomy":"post_tag","embeddable":true,"href":"https:\/\/offenbacher-friedensinitiative.de\/index.php?rest_route=%2Fwp%2Fv2%2Ftags&post=11060"}],"curies":[{"name":"wp","href":"https:\/\/api.w.org\/{rel}","templated":true}]}}