{"id":11090,"date":"2020-05-11T17:05:36","date_gmt":"2020-05-11T15:05:36","guid":{"rendered":"https:\/\/offenbacher-friedensinitiative.de\/?p=11090"},"modified":"2020-05-13T12:41:02","modified_gmt":"2020-05-13T10:41:02","slug":"1-mai-in-offenbach-trotzt-corona","status":"publish","type":"post","link":"https:\/\/offenbacher-friedensinitiative.de\/?p=11090","title":{"rendered":"1. Mai in Offenbach trotzt Corona"},"content":{"rendered":"<div id=\"pl-11090\"  class=\"panel-layout\" ><div id=\"pg-11090-0\"  class=\"panel-grid panel-no-style\" ><div id=\"pgc-11090-0-0\"  class=\"panel-grid-cell\" ><div id=\"panel-11090-0-0-0\" class=\"so-panel widget widget_sow-editor panel-first-child\" data-index=\"0\" ><div\n\t\t\t\n\t\t\tclass=\"so-widget-sow-editor so-widget-sow-editor-base\"\n\t\t\t\n\t\t>\n<div class=\"siteorigin-widget-tinymce textwidget\">\n\t<p><span style=\"font-size: 14pt;\">Einige Menschen in Offenbach und Umgebung wollten nicht einsehen, dass man an diesem 1. Mai besser zu Hause bleibt. Sehr kurzfristig trafen die Organisatoren zusammen. Emanuel Schaaf vom Gesundheitskomitee Dreieich meldete Demo und Kundgebung an. Sie wurde f\u00fcr 50 Menschen genehmigt. Zu diesem Zeitpunkt grenzte das wegen der noch \u00fcblichen Auslegung der Regeln wegen Corona an ein Wunder. Au\u00dferdem waren in der Vorbereitung Christa F\u00fchrer-R\u00f6\u00dfmann von der OFI und Michael K\u00f6ditz von der GEW aktiv und andere gewerkschaftlich Organisierte beteiligt.<\/span><\/p>\n<p><span style=\"font-size: 14pt;\">Am 1. Mai war zun\u00e4chst f\u00fcrchterliches Wetter, Regen und heftiger Wind - bis 11 Uhr. Entsprechend waren zu Beginn der Demo nur etwas \u00fcber 20 Menschen dabei. An der Kundgebung nahmen dann aber rund 50 Menschen teil. Auf der Demo wurden viele Parolen gerufen. \u201cQuarant\u00e4ne f\u00fcr das Milit\u00e4r\u201c, \u201eIn der R\u00fcstung sind sie fix, f\u00fcr Gesundheit tun sie nix\u201c und \u201eHoch die internationale Solidarit\u00e4t\u201c sind nur einige.<\/span><\/p>\n<p><span style=\"font-size: 14pt;\">Auf der Kundgebung sprach zun\u00e4chst Emanuel Schaaf dar\u00fcber, dass unser Gesundheitssystem schon vor Corona krankte. Er nannte als eine wesentliche Ursache die Privatisierung der Kliniken, die Unterwerfung des Gesundheitswesen unter \u00f6konomische Direktiven. Schon vor Corona waren die Pflegekr\u00e4fte einer ungeheuren Arbeitsverdichtung ausgesetzt. Au\u00dferdem habe die Regierung zu sp\u00e4t und mit falschen Ma\u00dfnahmen auf die herannahende Epidemie reagiert.<\/span><\/p>\n<p><span style=\"font-size: 14pt;\">Christa F\u00fchrer-R\u00f6\u00dfmann erinnerte an den erfolgreichen Generalsstreik gegen den Kapp-Putsch vor 100 Jahren. Am Tag der Arbeit sollte doch unbedingt eines solchen Sieges gedacht werden. F\u00fchrer-R\u00f6\u00dfmann weist darauf hin, dass Deutschland den h\u00f6chsten Anstieg unter den \u201ef\u00fchrenden M\u00e4chten\u201c bei den R\u00fcstungsausgaben hatte , wie das Sipri-Institut vermeldete. Weitere Steigerungen sind geplant. Sinnlos und gef\u00e4hrlich! Zu Zeiten der Corona-Krise wird es noch klarer: wir k\u00f6nnen uns diese R\u00fcstung nicht leisten. Auf Seiten der Regierenden wird \u00fcber die Anschaffung von F 18 Atombombern nachgedacht. Ein Skandal! Die Atombomben m\u00fcssen raus aus Deutschland. Ein Bundestagsbeschluss von 2010 verf\u00fcgte genau das. Er wurde bisher nicht umgesetzt, obwohl nach unserer Verfassung die Regierungen dazu verpflichtet sind.<\/span><\/p>\n<\/div>\n<\/div><\/div><div id=\"panel-11090-0-0-1\" class=\"so-panel widget widget_sow-editor\" data-index=\"1\" ><div\n\t\t\t\n\t\t\tclass=\"so-widget-sow-editor so-widget-sow-editor-base\"\n\t\t\t\n\t\t>\n<div class=\"siteorigin-widget-tinymce textwidget\">\n\t \n<!-- Start container 1 --><div id=\"wppa-modal-container-1\" class=\"wppa-modal-container\" style=\"position:relative;z-index:100000;\" data-wppa=\"yes\" ontouchmove=\"event.stopPropagation();\"><\/div><div id=\"wppa-container-wrapper-1\" class=\"alignnone wppa-container-wrapper \" style=\"width:100%;clear:both;padding:0;position:relative;\"><div id=\"wppa-container-1\" style=\"width:100%;\" class=\"wppa-container wppa-container-1 wppa-rev-9112007 wppa-prevrev-9111001 wppa-theme-9.1.12.007 wppa-api-9.1.12.007\"><svg id=\"wppa-ajax-spin-1\" class=\"wppa-ajax-spin uil-default\" width=\"120px\" height=\"120px\" viewBox=\"0 0 135 135\" preserveAspectRatio=\"xMidYMid\" stroke=\"\" style=\"width:120px; height:120px; position:fixed; top:50%; margin-top:-60px; left:50%; margin-left:-60px; opacity:1; display:none; fill:#666666; background-color:transparent; border-radius:24px;\"><path d=\"M67.447 58c5.523 0 10-4.477 10-10s-4.477-10-10-10-10 4.477-10 10 4.477 10 10 10zm9.448 9.447c0 5.523 4.477 10 10 10 5.522 0 10-4.477 10-10s-4.478-10-10-10c-5.523 0-10 4.477-10 10zm-9.448 9.448c-5.523 0-10 4.477-10 10 0 5.522 4.477 10 10 10s10-4.478 10-10c0-5.523-4.477-10-10-10zM58 67.447c0-5.523-4.477-10-10-10s-10 4.477-10 10 4.477 10 10 10 10-4.477 10-10z\"><animateTransform attributeName=\"transform\" type=\"rotate\" from=\"0 67 67\" to=\"-360 67 67\" dur=\"2.5s\" repeatCount=\"indefinite\" ><\/path><path d=\"M28.19 40.31c6.627 0 12-5.374 12-12 0-6.628-5.373-12-12-12-6.628 0-12 5.372-12 12 0 6.626 5.372 12 12 12zm30.72-19.825c4.686 4.687 12.284 4.687 16.97 0 4.686-4.686 4.686-12.284 0-16.97-4.686-4.687-12.284-4.687-16.97 0-4.687 4.686-4.687 12.284 0 16.97zm35.74 7.705c0 6.627 5.37 12 12 12 6.626 0 12-5.373 12-12 0-6.628-5.374-12-12-12-6.63 0-12 5.372-12 12zm19.822 30.72c-4.686 4.686-4.686 12.284 0 16.97 4.687 4.686 12.285 4.686 16.97 0 4.687-4.686 4.687-12.284 0-16.97-4.685-4.687-12.283-4.687-16.97 0zm-7.704 35.74c-6.627 0-12 5.37-12 12 0 6.626 5.373 12 12 12s12-5.374 12-12c0-6.63-5.373-12-12-12zm-30.72 19.822c-4.686-4.686-12.284-4.686-16.97 0-4.686 4.687-4.686 12.285 0 16.97 4.686 4.687 12.284 4.687 16.97 0 4.687-4.685 4.687-12.283 0-16.97zm-35.74-7.704c0-6.627-5.372-12-12-12-6.626 0-12 5.373-12 12s5.374 12 12 12c6.628 0 12-5.373 12-12zm-19.823-30.72c4.687-4.686 4.687-12.284 0-16.97-4.686-4.686-12.284-4.686-16.97 0-4.687 4.686-4.687 12.284 0 16.97 4.686 4.687 12.284 4.687 16.97 0z\"><animateTransform attributeName=\"transform\" type=\"rotate\" from=\"0 67 67\" to=\"360 67 67\" dur=\"8s\" repeatCount=\"indefinite\" ><\/path><\/svg><input type=\"hidden\" id=\"wppa-nonce-0-1\" name=\"wppa-nonce\" value=\"aebc4bea98\" ><div style=\"clear:both;\"><\/div><div id=\"wppa-container-1-end\"><\/div><\/div><\/div>\n<!-- End [wppa type=\"filmonly\" album=\"18\" delay=\"yes\"] \/index.php?rest_route=%2Fwp%2Fv2%2Fposts%2F11090 oc 1 7 queries in 3.5 ms. at 10:29. Max mem: 118.00 Mb. (delayed) -->\n<p style=\"text-align: center;\"><span style=\"font-size: 10pt;\">Zu weiteren Photos in Vollbildansicht auf <a href=\"https:\/\/photo-auge.de\/ausstellung-hibakusha-weltweit\/\" target=\"_blank\" rel=\"noopener\">externer Seite<\/a>. copyright Fotos: <a href=\"https:\/\/photo-auge.de\" target=\"_blank\" rel=\"noopener\">Manfred R\u00f6\u00dfmann<\/a><\/span><\/p>\n<p>&nbsp;<\/p>\n<\/div>\n<\/div><\/div><div id=\"panel-11090-0-0-2\" class=\"so-panel widget widget_sow-editor panel-last-child\" data-index=\"2\" ><div\n\t\t\t\n\t\t\tclass=\"so-widget-sow-editor so-widget-sow-editor-base\"\n\t\t\t\n\t\t>\n<div class=\"siteorigin-widget-tinymce textwidget\">\n\t<p><span style=\"font-size: 14pt;\">Michael K\u00f6ditz verwies auf die Unterfinanzierung des Bildungswesens. Das betrifft sowohl die \u00dcberlastung aller dort Besch\u00e4ftigten, wie auch die Schulr\u00e4ume. Von der mangelnden Digitalisierung der Schulen war schon zuvor die Rede, aber auch die hygienischen Zust\u00e4nde sind in vielen Schulen mangelhaft. Die Erzieher*innen geh\u00f6ren zu den systemrelevanten Berufen, die unterbezahlt sind.<\/span><\/p>\n<p><span style=\"font-size: 14pt;\">Julia Endres von Fridays For Future verlangt, dass den Worten endlich Taten folgen. Der Klimawandel erfordert ein Umsteuern jetzt. Endres betont, dass wir f\u00fcr eine Zukunft Solidarit\u00e4t, Mut und Liebe brauchen.<\/span><\/p>\n<p><span style=\"font-size: 14pt;\">Brigitte Bach-Grass weist darauf hin, dass es die Gewerkschaften waren, die <span style=\"font-family: Times New Roman, serif;\">eine Sonderpr\u00e4mie f\u00fcr Besch\u00e4ftigte in Pflegeberufen gefordert hatten und <\/span><span style=\"font-family: Times New Roman, serif;\">dazu <\/span><span style=\"font-family: Times New Roman, serif;\">die Steigerung des Kurzarbeitergeld<\/span><span style=\"font-family: Times New Roman, serif;\">es.<\/span><span style=\"font-family: Times New Roman, serif;\"> Da gab es <\/span><span style=\"font-family: Times New Roman, serif;\">Teile<\/span><span style=\"font-family: Times New Roman, serif;\">rfolge. Ver.di vertritt schon seit vielen Jahren, dass Pflegeberufe einen sehr gro\u00dfen gesellschaftlichen Wert haben. Jetzt ist dies bei gro\u00dfen Teilen der Bev\u00f6lkerung angekommen. \u201eLasst uns auch k\u00fcnftig, die Kolleginnen und Kollegen solidarisch beim Kampf unterst\u00fctzen, damit ihre Arbeit nicht hinter die wirtschaftlichen Interessen von profi<\/span><span style=\"font-family: Times New Roman, serif;\">t<\/span><span style=\"font-family: Times New Roman, serif;\">orientierten Krankenhausbetreiber<\/span><span style=\"font-family: Times New Roman, serif;\">n<\/span><span style=\"font-family: Times New Roman, serif;\"> gestellt werden.\u201c <\/span><\/span><\/p>\n<p><span style=\"font-size: 14pt;\"><span style=\"font-family: Times New Roman, serif;\">Bach-Grass schloss mit der Forderung, dass d<\/span><span style=\"font-family: Times New Roman, serif;\">ie Krisenkosten <\/span><span style=\"font-family: Times New Roman, serif;\">nicht, <\/span><span style=\"font-family: Times New Roman, serif;\">wie so oft, den Schw\u00e4chsten in der Gesellschaft aufgeb\u00fcrdet werden <\/span><span style=\"font-family: Times New Roman, serif;\">d\u00fcrfen<\/span><span style=\"font-family: Times New Roman, serif;\">.<\/span><\/span><\/p>\n<p><a href=\"https:\/\/offenbacher-friedensinitiative.de\/wp-content\/uploads\/wppa-source\/album-17\/OP01.05.2020.pdf\">Offenbachpost 02. Mai 2020 (PDF)<\/a><\/p>\n<\/div>\n<\/div><\/div><\/div><\/div><\/div>","protected":false},"excerpt":{"rendered":"<p>Einige Menschen in Offenbach und Umgebung wollten nicht einsehen, dass man an diesem 1. Mai besser zu Hause bleibt. Sehr kurzfristig trafen die Organisatoren zusammen.<span class=\"more-link\"><a href=\"https:\/\/offenbacher-friedensinitiative.de\/?p=11090\">Weiterlesen &#8230;<\/a><\/span><\/p>\n","protected":false},"author":1,"featured_media":11092,"comment_status":"closed","ping_status":"closed","sticky":false,"template":"","format":"standard","meta":{"footnotes":""},"categories":[5,56],"tags":[],"class_list":["entry","author-ofi_wp","post-11090","post","type-post","status-publish","format-standard","has-post-thumbnail","category-aktionen","category-offenbach"],"yoast_head":"<!-- This site is optimized with the Yoast SEO plugin v27.5 - https:\/\/yoast.com\/product\/yoast-seo-wordpress\/ -->\n<title>1. Mai in Offenbach trotzt Corona - Offenbacher FriedensInitiative - OFI<\/title>\n<meta name=\"description\" content=\"Einige Menschen in Offenbach wollten nicht einsehen, dass man an diesem 1. Mai besser zu Hause bleibt. Sehr kurzfristig trafen die Organisatoren zusammen.\" \/>\n<meta name=\"robots\" content=\"index, follow, max-snippet:-1, max-image-preview:large, max-video-preview:-1\" \/>\n<link rel=\"canonical\" href=\"https:\/\/offenbacher-friedensinitiative.de\/?p=11090\" \/>\n<meta property=\"og:locale\" content=\"de_DE\" \/>\n<meta property=\"og:type\" content=\"article\" \/>\n<meta property=\"og:title\" content=\"1. Mai in Offenbach trotzt Corona - Offenbacher FriedensInitiative - OFI\" \/>\n<meta property=\"og:description\" content=\"Einige Menschen in Offenbach wollten nicht einsehen, dass man an diesem 1. Mai besser zu Hause bleibt. Sehr kurzfristig trafen die Organisatoren zusammen.\" \/>\n<meta property=\"og:url\" content=\"https:\/\/offenbacher-friedensinitiative.de\/?p=11090\" \/>\n<meta property=\"og:site_name\" content=\"Offenbacher FriedensInitiative - OFI\" \/>\n<meta property=\"article:published_time\" content=\"2020-05-11T15:05:36+00:00\" \/>\n<meta property=\"article:modified_time\" content=\"2020-05-13T10:41:02+00:00\" \/>\n<meta property=\"og:image\" content=\"https:\/\/offenbacher-friedensinitiative.de\/wp-content\/uploads\/2020\/05\/Offenbacher-Friedensinitiative.jpg\" \/>\n\t<meta property=\"og:image:width\" content=\"1000\" \/>\n\t<meta property=\"og:image:height\" content=\"500\" \/>\n\t<meta property=\"og:image:type\" content=\"image\/jpeg\" \/>\n<meta name=\"author\" content=\"OFI_WP\" \/>\n<meta name=\"twitter:card\" content=\"summary_large_image\" \/>\n<meta name=\"twitter:label1\" content=\"Verfasst von\" \/>\n\t<meta name=\"twitter:data1\" content=\"OFI_WP\" \/>\n\t<meta name=\"twitter:label2\" content=\"Gesch\u00e4tzte Lesezeit\" \/>\n\t<meta name=\"twitter:data2\" content=\"3\u00a0Minuten\" \/>\n<script type=\"application\/ld+json\" class=\"yoast-schema-graph\">{\"@context\":\"https:\\\/\\\/schema.org\",\"@graph\":[{\"@type\":\"Article\",\"@id\":\"https:\\\/\\\/offenbacher-friedensinitiative.de\\\/?p=11090#article\",\"isPartOf\":{\"@id\":\"https:\\\/\\\/offenbacher-friedensinitiative.de\\\/?p=11090\"},\"author\":{\"name\":\"OFI_WP\",\"@id\":\"https:\\\/\\\/offenbacher-friedensinitiative.de\\\/#\\\/schema\\\/person\\\/5ec566fcb70420f878023349a111f19f\"},\"headline\":\"1. Mai in Offenbach trotzt Corona\",\"datePublished\":\"2020-05-11T15:05:36+00:00\",\"dateModified\":\"2020-05-13T10:41:02+00:00\",\"mainEntityOfPage\":{\"@id\":\"https:\\\/\\\/offenbacher-friedensinitiative.de\\\/?p=11090\"},\"wordCount\":570,\"publisher\":{\"@id\":\"https:\\\/\\\/offenbacher-friedensinitiative.de\\\/#organization\"},\"image\":{\"@id\":\"https:\\\/\\\/offenbacher-friedensinitiative.de\\\/?p=11090#primaryimage\"},\"thumbnailUrl\":\"https:\\\/\\\/offenbacher-friedensinitiative.de\\\/wp-content\\\/uploads\\\/2020\\\/05\\\/Offenbacher-Friedensinitiative.jpg\",\"articleSection\":[\"Aktionen\",\"Offenbach\"],\"inLanguage\":\"de\"},{\"@type\":\"WebPage\",\"@id\":\"https:\\\/\\\/offenbacher-friedensinitiative.de\\\/?p=11090\",\"url\":\"https:\\\/\\\/offenbacher-friedensinitiative.de\\\/?p=11090\",\"name\":\"1. Mai in Offenbach trotzt Corona - Offenbacher FriedensInitiative - OFI\",\"isPartOf\":{\"@id\":\"https:\\\/\\\/offenbacher-friedensinitiative.de\\\/#website\"},\"primaryImageOfPage\":{\"@id\":\"https:\\\/\\\/offenbacher-friedensinitiative.de\\\/?p=11090#primaryimage\"},\"image\":{\"@id\":\"https:\\\/\\\/offenbacher-friedensinitiative.de\\\/?p=11090#primaryimage\"},\"thumbnailUrl\":\"https:\\\/\\\/offenbacher-friedensinitiative.de\\\/wp-content\\\/uploads\\\/2020\\\/05\\\/Offenbacher-Friedensinitiative.jpg\",\"datePublished\":\"2020-05-11T15:05:36+00:00\",\"dateModified\":\"2020-05-13T10:41:02+00:00\",\"description\":\"Einige Menschen in Offenbach wollten nicht einsehen, dass man an diesem 1. Mai besser zu Hause bleibt. Sehr kurzfristig trafen die Organisatoren zusammen.\",\"breadcrumb\":{\"@id\":\"https:\\\/\\\/offenbacher-friedensinitiative.de\\\/?p=11090#breadcrumb\"},\"inLanguage\":\"de\",\"potentialAction\":[{\"@type\":\"ReadAction\",\"target\":[\"https:\\\/\\\/offenbacher-friedensinitiative.de\\\/?p=11090\"]}]},{\"@type\":\"ImageObject\",\"inLanguage\":\"de\",\"@id\":\"https:\\\/\\\/offenbacher-friedensinitiative.de\\\/?p=11090#primaryimage\",\"url\":\"https:\\\/\\\/offenbacher-friedensinitiative.de\\\/wp-content\\\/uploads\\\/2020\\\/05\\\/Offenbacher-Friedensinitiative.jpg\",\"contentUrl\":\"https:\\\/\\\/offenbacher-friedensinitiative.de\\\/wp-content\\\/uploads\\\/2020\\\/05\\\/Offenbacher-Friedensinitiative.jpg\",\"width\":1000,\"height\":500},{\"@type\":\"BreadcrumbList\",\"@id\":\"https:\\\/\\\/offenbacher-friedensinitiative.de\\\/?p=11090#breadcrumb\",\"itemListElement\":[{\"@type\":\"ListItem\",\"position\":1,\"name\":\"Startseite\",\"item\":\"https:\\\/\\\/offenbacher-friedensinitiative.de\\\/\"},{\"@type\":\"ListItem\",\"position\":2,\"name\":\"1. Mai in Offenbach trotzt Corona\"}]},{\"@type\":\"WebSite\",\"@id\":\"https:\\\/\\\/offenbacher-friedensinitiative.de\\\/#website\",\"url\":\"https:\\\/\\\/offenbacher-friedensinitiative.de\\\/\",\"name\":\"Offenbacher FriedensInitiative\",\"description\":\"Abr\u00fcsten statt Aufr\u00fcsten |- Kriege beenden | R\u00fcstungsexporte stoppen\",\"publisher\":{\"@id\":\"https:\\\/\\\/offenbacher-friedensinitiative.de\\\/#organization\"},\"potentialAction\":[{\"@type\":\"SearchAction\",\"target\":{\"@type\":\"EntryPoint\",\"urlTemplate\":\"https:\\\/\\\/offenbacher-friedensinitiative.de\\\/?s={search_term_string}\"},\"query-input\":{\"@type\":\"PropertyValueSpecification\",\"valueRequired\":true,\"valueName\":\"search_term_string\"}}],\"inLanguage\":\"de\"},{\"@type\":\"Organization\",\"@id\":\"https:\\\/\\\/offenbacher-friedensinitiative.de\\\/#organization\",\"name\":\"Offenbacher Friedensinitiative\",\"url\":\"https:\\\/\\\/offenbacher-friedensinitiative.de\\\/\",\"logo\":{\"@type\":\"ImageObject\",\"inLanguage\":\"de\",\"@id\":\"https:\\\/\\\/offenbacher-friedensinitiative.de\\\/#\\\/schema\\\/logo\\\/image\\\/\",\"url\":\"https:\\\/\\\/offenbacher-friedensinitiative.de\\\/wp-content\\\/uploads\\\/2019\\\/03\\\/cropped-Transparen-logo.jpg\",\"contentUrl\":\"https:\\\/\\\/offenbacher-friedensinitiative.de\\\/wp-content\\\/uploads\\\/2019\\\/03\\\/cropped-Transparen-logo.jpg\",\"width\":1036,\"height\":227,\"caption\":\"Offenbacher Friedensinitiative\"},\"image\":{\"@id\":\"https:\\\/\\\/offenbacher-friedensinitiative.de\\\/#\\\/schema\\\/logo\\\/image\\\/\"}},{\"@type\":\"Person\",\"@id\":\"https:\\\/\\\/offenbacher-friedensinitiative.de\\\/#\\\/schema\\\/person\\\/5ec566fcb70420f878023349a111f19f\",\"name\":\"OFI_WP\"}]}<\/script>\n<!-- \/ Yoast SEO plugin. -->","yoast_head_json":{"title":"1. Mai in Offenbach trotzt Corona - Offenbacher FriedensInitiative - OFI","description":"Einige Menschen in Offenbach wollten nicht einsehen, dass man an diesem 1. Mai besser zu Hause bleibt. Sehr kurzfristig trafen die Organisatoren zusammen.","robots":{"index":"index","follow":"follow","max-snippet":"max-snippet:-1","max-image-preview":"max-image-preview:large","max-video-preview":"max-video-preview:-1"},"canonical":"https:\/\/offenbacher-friedensinitiative.de\/?p=11090","og_locale":"de_DE","og_type":"article","og_title":"1. Mai in Offenbach trotzt Corona - Offenbacher FriedensInitiative - OFI","og_description":"Einige Menschen in Offenbach wollten nicht einsehen, dass man an diesem 1. Mai besser zu Hause bleibt. Sehr kurzfristig trafen die Organisatoren zusammen.","og_url":"https:\/\/offenbacher-friedensinitiative.de\/?p=11090","og_site_name":"Offenbacher FriedensInitiative - OFI","article_published_time":"2020-05-11T15:05:36+00:00","article_modified_time":"2020-05-13T10:41:02+00:00","og_image":[{"width":1000,"height":500,"url":"https:\/\/offenbacher-friedensinitiative.de\/wp-content\/uploads\/2020\/05\/Offenbacher-Friedensinitiative.jpg","type":"image\/jpeg"}],"author":"OFI_WP","twitter_card":"summary_large_image","twitter_misc":{"Verfasst von":"OFI_WP","Gesch\u00e4tzte Lesezeit":"3\u00a0Minuten"},"schema":{"@context":"https:\/\/schema.org","@graph":[{"@type":"Article","@id":"https:\/\/offenbacher-friedensinitiative.de\/?p=11090#article","isPartOf":{"@id":"https:\/\/offenbacher-friedensinitiative.de\/?p=11090"},"author":{"name":"OFI_WP","@id":"https:\/\/offenbacher-friedensinitiative.de\/#\/schema\/person\/5ec566fcb70420f878023349a111f19f"},"headline":"1. Mai in Offenbach trotzt Corona","datePublished":"2020-05-11T15:05:36+00:00","dateModified":"2020-05-13T10:41:02+00:00","mainEntityOfPage":{"@id":"https:\/\/offenbacher-friedensinitiative.de\/?p=11090"},"wordCount":570,"publisher":{"@id":"https:\/\/offenbacher-friedensinitiative.de\/#organization"},"image":{"@id":"https:\/\/offenbacher-friedensinitiative.de\/?p=11090#primaryimage"},"thumbnailUrl":"https:\/\/offenbacher-friedensinitiative.de\/wp-content\/uploads\/2020\/05\/Offenbacher-Friedensinitiative.jpg","articleSection":["Aktionen","Offenbach"],"inLanguage":"de"},{"@type":"WebPage","@id":"https:\/\/offenbacher-friedensinitiative.de\/?p=11090","url":"https:\/\/offenbacher-friedensinitiative.de\/?p=11090","name":"1. Mai in Offenbach trotzt Corona - Offenbacher FriedensInitiative - OFI","isPartOf":{"@id":"https:\/\/offenbacher-friedensinitiative.de\/#website"},"primaryImageOfPage":{"@id":"https:\/\/offenbacher-friedensinitiative.de\/?p=11090#primaryimage"},"image":{"@id":"https:\/\/offenbacher-friedensinitiative.de\/?p=11090#primaryimage"},"thumbnailUrl":"https:\/\/offenbacher-friedensinitiative.de\/wp-content\/uploads\/2020\/05\/Offenbacher-Friedensinitiative.jpg","datePublished":"2020-05-11T15:05:36+00:00","dateModified":"2020-05-13T10:41:02+00:00","description":"Einige Menschen in Offenbach wollten nicht einsehen, dass man an diesem 1. Mai besser zu Hause bleibt. Sehr kurzfristig trafen die Organisatoren zusammen.","breadcrumb":{"@id":"https:\/\/offenbacher-friedensinitiative.de\/?p=11090#breadcrumb"},"inLanguage":"de","potentialAction":[{"@type":"ReadAction","target":["https:\/\/offenbacher-friedensinitiative.de\/?p=11090"]}]},{"@type":"ImageObject","inLanguage":"de","@id":"https:\/\/offenbacher-friedensinitiative.de\/?p=11090#primaryimage","url":"https:\/\/offenbacher-friedensinitiative.de\/wp-content\/uploads\/2020\/05\/Offenbacher-Friedensinitiative.jpg","contentUrl":"https:\/\/offenbacher-friedensinitiative.de\/wp-content\/uploads\/2020\/05\/Offenbacher-Friedensinitiative.jpg","width":1000,"height":500},{"@type":"BreadcrumbList","@id":"https:\/\/offenbacher-friedensinitiative.de\/?p=11090#breadcrumb","itemListElement":[{"@type":"ListItem","position":1,"name":"Startseite","item":"https:\/\/offenbacher-friedensinitiative.de\/"},{"@type":"ListItem","position":2,"name":"1. Mai in Offenbach trotzt Corona"}]},{"@type":"WebSite","@id":"https:\/\/offenbacher-friedensinitiative.de\/#website","url":"https:\/\/offenbacher-friedensinitiative.de\/","name":"Offenbacher FriedensInitiative","description":"Abr\u00fcsten statt Aufr\u00fcsten |- Kriege beenden | R\u00fcstungsexporte stoppen","publisher":{"@id":"https:\/\/offenbacher-friedensinitiative.de\/#organization"},"potentialAction":[{"@type":"SearchAction","target":{"@type":"EntryPoint","urlTemplate":"https:\/\/offenbacher-friedensinitiative.de\/?s={search_term_string}"},"query-input":{"@type":"PropertyValueSpecification","valueRequired":true,"valueName":"search_term_string"}}],"inLanguage":"de"},{"@type":"Organization","@id":"https:\/\/offenbacher-friedensinitiative.de\/#organization","name":"Offenbacher Friedensinitiative","url":"https:\/\/offenbacher-friedensinitiative.de\/","logo":{"@type":"ImageObject","inLanguage":"de","@id":"https:\/\/offenbacher-friedensinitiative.de\/#\/schema\/logo\/image\/","url":"https:\/\/offenbacher-friedensinitiative.de\/wp-content\/uploads\/2019\/03\/cropped-Transparen-logo.jpg","contentUrl":"https:\/\/offenbacher-friedensinitiative.de\/wp-content\/uploads\/2019\/03\/cropped-Transparen-logo.jpg","width":1036,"height":227,"caption":"Offenbacher Friedensinitiative"},"image":{"@id":"https:\/\/offenbacher-friedensinitiative.de\/#\/schema\/logo\/image\/"}},{"@type":"Person","@id":"https:\/\/offenbacher-friedensinitiative.de\/#\/schema\/person\/5ec566fcb70420f878023349a111f19f","name":"OFI_WP"}]}},"_links":{"self":[{"href":"https:\/\/offenbacher-friedensinitiative.de\/index.php?rest_route=\/wp\/v2\/posts\/11090","targetHints":{"allow":["GET"]}}],"collection":[{"href":"https:\/\/offenbacher-friedensinitiative.de\/index.php?rest_route=\/wp\/v2\/posts"}],"about":[{"href":"https:\/\/offenbacher-friedensinitiative.de\/index.php?rest_route=\/wp\/v2\/types\/post"}],"author":[{"embeddable":true,"href":"https:\/\/offenbacher-friedensinitiative.de\/index.php?rest_route=\/wp\/v2\/users\/1"}],"replies":[{"embeddable":true,"href":"https:\/\/offenbacher-friedensinitiative.de\/index.php?rest_route=%2Fwp%2Fv2%2Fcomments&post=11090"}],"version-history":[{"count":5,"href":"https:\/\/offenbacher-friedensinitiative.de\/index.php?rest_route=\/wp\/v2\/posts\/11090\/revisions"}],"predecessor-version":[{"id":11103,"href":"https:\/\/offenbacher-friedensinitiative.de\/index.php?rest_route=\/wp\/v2\/posts\/11090\/revisions\/11103"}],"wp:featuredmedia":[{"embeddable":true,"href":"https:\/\/offenbacher-friedensinitiative.de\/index.php?rest_route=\/wp\/v2\/media\/11092"}],"wp:attachment":[{"href":"https:\/\/offenbacher-friedensinitiative.de\/index.php?rest_route=%2Fwp%2Fv2%2Fmedia&parent=11090"}],"wp:term":[{"taxonomy":"category","embeddable":true,"href":"https:\/\/offenbacher-friedensinitiative.de\/index.php?rest_route=%2Fwp%2Fv2%2Fcategories&post=11090"},{"taxonomy":"post_tag","embeddable":true,"href":"https:\/\/offenbacher-friedensinitiative.de\/index.php?rest_route=%2Fwp%2Fv2%2Ftags&post=11090"}],"curies":[{"name":"wp","href":"https:\/\/api.w.org\/{rel}","templated":true}]}}