{"id":11096,"date":"2020-05-11T17:11:25","date_gmt":"2020-05-11T15:11:25","guid":{"rendered":"https:\/\/offenbacher-friedensinitiative.de\/?p=11096"},"modified":"2020-05-13T12:42:22","modified_gmt":"2020-05-13T10:42:22","slug":"tag-der-befreiung-auf-dem-platz-des-8-mai-1945-in-offenbach","status":"publish","type":"post","link":"https:\/\/offenbacher-friedensinitiative.de\/?p=11096","title":{"rendered":"Tag der Befreiung auf dem Platz des 8. Mai 1945 in Offenbach"},"content":{"rendered":"<div id=\"pl-11096\"  class=\"panel-layout\" ><div id=\"pg-11096-0\"  class=\"panel-grid panel-no-style\" ><div id=\"pgc-11096-0-0\"  class=\"panel-grid-cell\" ><div id=\"panel-11096-0-0-0\" class=\"so-panel widget widget_sow-editor panel-first-child\" data-index=\"0\" ><div\n\t\t\t\n\t\t\tclass=\"so-widget-sow-editor so-widget-sow-editor-base\"\n\t\t\t\n\t\t>\n<div class=\"siteorigin-widget-tinymce textwidget\">\n\t<div id=\"panel-65368-0-0-0\" class=\"so-panel widget widget_sow-editor panel-first-child\" data-index=\"0\">\n<div id=\"ueber\" class=\"schrift panel-widget-style panel-widget-style-for-65368-0-0-0\">\n<div class=\"so-widget-sow-editor so-widget-sow-editor-base\">\n<div class=\"siteorigin-widget-tinymce textwidget\">\n<h1 style=\"text-align: center;\"><b>Tag der Befreiung 2020<\/b><\/h1>\n<h1 style=\"text-align: center;\"><b> auf dem Platz des 8. Mai 1945 in Offenbach<\/b><\/h1>\n<\/div>\n<\/div>\n<\/div>\n<\/div>\n<div id=\"panel-65368-0-0-1\" class=\"so-panel widget widget_sow-editor\" data-index=\"1\">\n<div id=\"text\" class=\"justify panel-widget-style panel-widget-style-for-65368-0-0-1\">\n<div class=\"so-widget-sow-editor so-widget-sow-editor-base\">\n<div class=\"siteorigin-widget-tinymce textwidget\">\n<p><span style=\"font-size: 14pt;\">Ein breites B\u00fcndnis aus 25 Offenbacher Organisationen beging unter Corona-Auflagen das Gedenken an den <strong>Tag der Befreiung 1945<\/strong> auf dem <strong>Platz der Befreiung 1945<\/strong>. Eigentlich war ein gro\u00dfes Fest geplant, das sp\u00e4ter nachgeholt wird. Die organisatorische Vorbereitung und Moderation lagen beim DGB. Zur Er\u00f6ffnung wurde von <strong>Heike St\u00e4dter<\/strong> auf dem Saxophon die <strong><em>Kinderhymne<sup>*)<\/sup><\/em> <\/strong>(Anmut sparet nicht noch M\u00fche) von <strong>Bert Brecht<\/strong> und <strong>Hanns Eisler<\/strong> geblasen.<\/span><\/p>\n<p><span style=\"font-size: 14pt;\">Die Veranstaltung wurde er\u00f6ffnet von <strong>Marita Weber<\/strong> (IGM). Die beiden Rednerinnen waren Tanja Weigand (IGM) und <strong>Barbara Leissing<\/strong> (VVN-BdA Vereinigung der Verfolgten des Naziregimes \u2013 Bund der Antifaschistinnen und Antifaschisten sowie Geschichtswerkstatt Offenbach)<\/span><\/p>\n<p><span style=\"font-size: 14pt;\">Sehr gro\u00dfen Beifall fand die Forderung den<strong> 8. Mai zum Feiertag<\/strong> zu erkl\u00e4ren. \u00dcber 100 000 Personen unterzeichneten eine Petition, die an den Deutschen Bundestag \u00fcbergeben wurde.<\/span><\/p>\n<p><span style=\"font-size: 14pt;\">Den Abschluss machte Heike St\u00e4dter mit dem jiddischen Lied, dass <strong>Lejb Rosenthal<\/strong> 1943 im Wilner Ghetto schrieb: Mir lebn eybik \u05de\u05d9\u05e8 \u05dc\u05e2\u05d1\u05df \u05d0\u05d9\u05d9\u05d1\u05d9\u05e7. Gespielt auf dem Saxophon.<\/span><\/p>\n<p><span style=\"font-size: 14pt;\">Siehe auch: <a href=\"http:\/\/photo-auge.de\/fest-der-befreiung-auf-dem-platz-des-8-mai-1945-in-offenbach\/\" target=\"_blank\" rel=\"noopener\">Fest der Befreiung 2015<\/a>.<\/span><\/p>\n<p><a href=\"https:\/\/offenbacher-friedensinitiative.de\/wp-content\/uploads\/wppa-source\/album-17\/OP09.05.2020.pdf\">Aritkel OffenbachPost (PDF)<\/a><\/p>\n<hr \/>\n<p>*) Die Kinderhymne wurde 1990 von B\u00fcrgerinitiativen und Medien als neue deutsche Nationalhymne vorgeschlagen. Im November 1994 zitierte Stefan Heym sie bei der Er\u00f6ffnung des 13. Deutschen Bundestages.<\/p>\n<\/div>\n<\/div>\n<\/div>\n<\/div>\n<\/div>\n<\/div><\/div><div id=\"panel-11096-0-0-1\" class=\"so-panel widget widget_sow-editor panel-last-child\" data-index=\"1\" ><div\n\t\t\t\n\t\t\tclass=\"so-widget-sow-editor so-widget-sow-editor-base\"\n\t\t\t\n\t\t>\n<div class=\"siteorigin-widget-tinymce textwidget\">\n\t \n<!-- Start container 1 --><div id=\"wppa-modal-container-1\" class=\"wppa-modal-container\" style=\"position:relative;z-index:100000;\" data-wppa=\"yes\" ontouchmove=\"event.stopPropagation();\"><\/div><div id=\"wppa-container-wrapper-1\" class=\"alignnone wppa-container-wrapper \" style=\"width:100%;clear:both;padding:0;position:relative;\"><div id=\"wppa-container-1\" style=\"width:100%;\" class=\"wppa-container wppa-container-1 wppa-rev-9111001 wppa-prevrev-9110011 wppa-theme-9.1.11.001 wppa-api-9.1.11.001\"><svg id=\"wppa-ajax-spin-1\" class=\"wppa-ajax-spin uil-default\" width=\"120px\" height=\"120px\" viewBox=\"0 0 135 135\" preserveAspectRatio=\"xMidYMid\" stroke=\"\" style=\"width:120px; height:120px; position:fixed; top:50%; margin-top:-60px; left:50%; margin-left:-60px; opacity:1; display:none; fill:#666666; background-color:transparent; border-radius:24px;\"><path d=\"M67.447 58c5.523 0 10-4.477 10-10s-4.477-10-10-10-10 4.477-10 10 4.477 10 10 10zm9.448 9.447c0 5.523 4.477 10 10 10 5.522 0 10-4.477 10-10s-4.478-10-10-10c-5.523 0-10 4.477-10 10zm-9.448 9.448c-5.523 0-10 4.477-10 10 0 5.522 4.477 10 10 10s10-4.478 10-10c0-5.523-4.477-10-10-10zM58 67.447c0-5.523-4.477-10-10-10s-10 4.477-10 10 4.477 10 10 10 10-4.477 10-10z\"><animateTransform attributeName=\"transform\" type=\"rotate\" from=\"0 67 67\" to=\"-360 67 67\" dur=\"2.5s\" repeatCount=\"indefinite\" ><\/path><path d=\"M28.19 40.31c6.627 0 12-5.374 12-12 0-6.628-5.373-12-12-12-6.628 0-12 5.372-12 12 0 6.626 5.372 12 12 12zm30.72-19.825c4.686 4.687 12.284 4.687 16.97 0 4.686-4.686 4.686-12.284 0-16.97-4.686-4.687-12.284-4.687-16.97 0-4.687 4.686-4.687 12.284 0 16.97zm35.74 7.705c0 6.627 5.37 12 12 12 6.626 0 12-5.373 12-12 0-6.628-5.374-12-12-12-6.63 0-12 5.372-12 12zm19.822 30.72c-4.686 4.686-4.686 12.284 0 16.97 4.687 4.686 12.285 4.686 16.97 0 4.687-4.686 4.687-12.284 0-16.97-4.685-4.687-12.283-4.687-16.97 0zm-7.704 35.74c-6.627 0-12 5.37-12 12 0 6.626 5.373 12 12 12s12-5.374 12-12c0-6.63-5.373-12-12-12zm-30.72 19.822c-4.686-4.686-12.284-4.686-16.97 0-4.686 4.687-4.686 12.285 0 16.97 4.686 4.687 12.284 4.687 16.97 0 4.687-4.685 4.687-12.283 0-16.97zm-35.74-7.704c0-6.627-5.372-12-12-12-6.626 0-12 5.373-12 12s5.374 12 12 12c6.628 0 12-5.373 12-12zm-19.823-30.72c4.687-4.686 4.687-12.284 0-16.97-4.686-4.686-12.284-4.686-16.97 0-4.687 4.686-4.687 12.284 0 16.97 4.686 4.687 12.284 4.687 16.97 0z\"><animateTransform attributeName=\"transform\" type=\"rotate\" from=\"0 67 67\" to=\"360 67 67\" dur=\"8s\" repeatCount=\"indefinite\" ><\/path><\/svg><input type=\"hidden\" id=\"wppa-nonce-0-1\" name=\"wppa-nonce\" value=\"0be92460bd\" ><div style=\"clear:both;\"><\/div><div id=\"wppa-container-1-end\"><\/div><\/div><\/div>\n<!-- End [wppa type=\"filmonly\" album=\"19\" delay=\"yes\"] \/index.php?rest_route=%2Fwp%2Fv2%2Fposts%2F11096 oc 1 0 queries in 0.4 ms. at 12:06. Max mem: 78.00 Mb. (delayed) -->\n<p style=\"text-align: center;\"><span style=\"font-size: 10pt;\">Zu weiteren Photos in Vollbildansicht auf <a href=\"https:\/\/photo-auge.de\/tag-der-befreiung-auf-dem-platz-des-8-mai-1945-in-offenbach\" target=\"_blank\" rel=\"noopener\">externer Seite<\/a>. copyright Fotos: <a href=\"https:\/\/photo-auge.de\" target=\"_blank\" rel=\"noopener\">Manfred R\u00f6\u00dfmann<\/a><\/span><\/p>\n<p>&nbsp;<\/p>\n<\/div>\n<\/div><\/div><\/div><\/div><\/div>","protected":false},"excerpt":{"rendered":"<p>Tag der Befreiung 2020 auf dem Platz des 8. Mai 1945 in Offenbach Ein breites B\u00fcndnis aus 25 Offenbacher Organisationen beging unter Corona-Auflagen das Gedenken<span class=\"more-link\"><a href=\"https:\/\/offenbacher-friedensinitiative.de\/?p=11096\">Weiterlesen &#8230;<\/a><\/span><\/p>\n","protected":false},"author":1,"featured_media":11095,"comment_status":"closed","ping_status":"closed","sticky":false,"template":"","format":"standard","meta":{"footnotes":""},"categories":[5,56],"tags":[],"class_list":["entry","author-ofi_wp","post-11096","post","type-post","status-publish","format-standard","has-post-thumbnail","category-aktionen","category-offenbach"],"yoast_head":"<!-- This site is optimized with the Yoast SEO plugin v27.5 - https:\/\/yoast.com\/product\/yoast-seo-wordpress\/ -->\n<title>Tag der Befreiung auf dem Platz des 8. Mai 1945 in Offenbach - Offenbacher FriedensInitiative - OFI<\/title>\n<meta name=\"description\" content=\"Ein breites B\u00fcndnis aus 25 Organisationen beging unter Corona-Auflagen das Gedenken an den Tag der Befreiung 1945 auf dem Platz der Befreiung 1945.\" \/>\n<meta name=\"robots\" content=\"index, follow, max-snippet:-1, max-image-preview:large, max-video-preview:-1\" \/>\n<link rel=\"canonical\" href=\"https:\/\/offenbacher-friedensinitiative.de\/?p=11096\" \/>\n<meta property=\"og:locale\" content=\"de_DE\" \/>\n<meta property=\"og:type\" content=\"article\" \/>\n<meta property=\"og:title\" content=\"Tag der Befreiung auf dem Platz des 8. Mai 1945 in Offenbach - Offenbacher FriedensInitiative - OFI\" \/>\n<meta property=\"og:description\" content=\"Ein breites B\u00fcndnis aus 25 Organisationen beging unter Corona-Auflagen das Gedenken an den Tag der Befreiung 1945 auf dem Platz der Befreiung 1945.\" \/>\n<meta property=\"og:url\" content=\"https:\/\/offenbacher-friedensinitiative.de\/?p=11096\" \/>\n<meta property=\"og:site_name\" content=\"Offenbacher FriedensInitiative - OFI\" \/>\n<meta property=\"article:published_time\" content=\"2020-05-11T15:11:25+00:00\" \/>\n<meta property=\"article:modified_time\" content=\"2020-05-13T10:42:22+00:00\" \/>\n<meta property=\"og:image\" content=\"https:\/\/offenbacher-friedensinitiative.de\/wp-content\/uploads\/2020\/05\/VVN-BdA.jpg\" \/>\n\t<meta property=\"og:image:width\" content=\"1000\" \/>\n\t<meta property=\"og:image:height\" content=\"500\" \/>\n\t<meta property=\"og:image:type\" content=\"image\/jpeg\" \/>\n<meta name=\"author\" content=\"OFI_WP\" \/>\n<meta name=\"twitter:card\" content=\"summary_large_image\" \/>\n<meta name=\"twitter:label1\" content=\"Verfasst von\" \/>\n\t<meta name=\"twitter:data1\" content=\"OFI_WP\" \/>\n\t<meta name=\"twitter:label2\" content=\"Gesch\u00e4tzte Lesezeit\" \/>\n\t<meta name=\"twitter:data2\" content=\"1\u00a0Minute\" \/>\n<script type=\"application\/ld+json\" class=\"yoast-schema-graph\">{\"@context\":\"https:\\\/\\\/schema.org\",\"@graph\":[{\"@type\":\"Article\",\"@id\":\"https:\\\/\\\/offenbacher-friedensinitiative.de\\\/?p=11096#article\",\"isPartOf\":{\"@id\":\"https:\\\/\\\/offenbacher-friedensinitiative.de\\\/?p=11096\"},\"author\":{\"name\":\"OFI_WP\",\"@id\":\"https:\\\/\\\/offenbacher-friedensinitiative.de\\\/#\\\/schema\\\/person\\\/5ec566fcb70420f878023349a111f19f\"},\"headline\":\"Tag der Befreiung auf dem Platz des 8. Mai 1945 in Offenbach\",\"datePublished\":\"2020-05-11T15:11:25+00:00\",\"dateModified\":\"2020-05-13T10:42:22+00:00\",\"mainEntityOfPage\":{\"@id\":\"https:\\\/\\\/offenbacher-friedensinitiative.de\\\/?p=11096\"},\"wordCount\":225,\"publisher\":{\"@id\":\"https:\\\/\\\/offenbacher-friedensinitiative.de\\\/#organization\"},\"image\":{\"@id\":\"https:\\\/\\\/offenbacher-friedensinitiative.de\\\/?p=11096#primaryimage\"},\"thumbnailUrl\":\"https:\\\/\\\/offenbacher-friedensinitiative.de\\\/wp-content\\\/uploads\\\/2020\\\/05\\\/VVN-BdA.jpg\",\"articleSection\":[\"Aktionen\",\"Offenbach\"],\"inLanguage\":\"de\"},{\"@type\":\"WebPage\",\"@id\":\"https:\\\/\\\/offenbacher-friedensinitiative.de\\\/?p=11096\",\"url\":\"https:\\\/\\\/offenbacher-friedensinitiative.de\\\/?p=11096\",\"name\":\"Tag der Befreiung auf dem Platz des 8. Mai 1945 in Offenbach - Offenbacher FriedensInitiative - OFI\",\"isPartOf\":{\"@id\":\"https:\\\/\\\/offenbacher-friedensinitiative.de\\\/#website\"},\"primaryImageOfPage\":{\"@id\":\"https:\\\/\\\/offenbacher-friedensinitiative.de\\\/?p=11096#primaryimage\"},\"image\":{\"@id\":\"https:\\\/\\\/offenbacher-friedensinitiative.de\\\/?p=11096#primaryimage\"},\"thumbnailUrl\":\"https:\\\/\\\/offenbacher-friedensinitiative.de\\\/wp-content\\\/uploads\\\/2020\\\/05\\\/VVN-BdA.jpg\",\"datePublished\":\"2020-05-11T15:11:25+00:00\",\"dateModified\":\"2020-05-13T10:42:22+00:00\",\"description\":\"Ein breites B\u00fcndnis aus 25 Organisationen beging unter Corona-Auflagen das Gedenken an den Tag der Befreiung 1945 auf dem Platz der Befreiung 1945.\",\"breadcrumb\":{\"@id\":\"https:\\\/\\\/offenbacher-friedensinitiative.de\\\/?p=11096#breadcrumb\"},\"inLanguage\":\"de\",\"potentialAction\":[{\"@type\":\"ReadAction\",\"target\":[\"https:\\\/\\\/offenbacher-friedensinitiative.de\\\/?p=11096\"]}]},{\"@type\":\"ImageObject\",\"inLanguage\":\"de\",\"@id\":\"https:\\\/\\\/offenbacher-friedensinitiative.de\\\/?p=11096#primaryimage\",\"url\":\"https:\\\/\\\/offenbacher-friedensinitiative.de\\\/wp-content\\\/uploads\\\/2020\\\/05\\\/VVN-BdA.jpg\",\"contentUrl\":\"https:\\\/\\\/offenbacher-friedensinitiative.de\\\/wp-content\\\/uploads\\\/2020\\\/05\\\/VVN-BdA.jpg\",\"width\":1000,\"height\":500},{\"@type\":\"BreadcrumbList\",\"@id\":\"https:\\\/\\\/offenbacher-friedensinitiative.de\\\/?p=11096#breadcrumb\",\"itemListElement\":[{\"@type\":\"ListItem\",\"position\":1,\"name\":\"Startseite\",\"item\":\"https:\\\/\\\/offenbacher-friedensinitiative.de\\\/\"},{\"@type\":\"ListItem\",\"position\":2,\"name\":\"Tag der Befreiung auf dem Platz des 8. Mai 1945 in Offenbach\"}]},{\"@type\":\"WebSite\",\"@id\":\"https:\\\/\\\/offenbacher-friedensinitiative.de\\\/#website\",\"url\":\"https:\\\/\\\/offenbacher-friedensinitiative.de\\\/\",\"name\":\"Offenbacher FriedensInitiative\",\"description\":\"Abr\u00fcsten statt Aufr\u00fcsten |- Kriege beenden | R\u00fcstungsexporte stoppen\",\"publisher\":{\"@id\":\"https:\\\/\\\/offenbacher-friedensinitiative.de\\\/#organization\"},\"potentialAction\":[{\"@type\":\"SearchAction\",\"target\":{\"@type\":\"EntryPoint\",\"urlTemplate\":\"https:\\\/\\\/offenbacher-friedensinitiative.de\\\/?s={search_term_string}\"},\"query-input\":{\"@type\":\"PropertyValueSpecification\",\"valueRequired\":true,\"valueName\":\"search_term_string\"}}],\"inLanguage\":\"de\"},{\"@type\":\"Organization\",\"@id\":\"https:\\\/\\\/offenbacher-friedensinitiative.de\\\/#organization\",\"name\":\"Offenbacher Friedensinitiative\",\"url\":\"https:\\\/\\\/offenbacher-friedensinitiative.de\\\/\",\"logo\":{\"@type\":\"ImageObject\",\"inLanguage\":\"de\",\"@id\":\"https:\\\/\\\/offenbacher-friedensinitiative.de\\\/#\\\/schema\\\/logo\\\/image\\\/\",\"url\":\"https:\\\/\\\/offenbacher-friedensinitiative.de\\\/wp-content\\\/uploads\\\/2019\\\/03\\\/cropped-Transparen-logo.jpg\",\"contentUrl\":\"https:\\\/\\\/offenbacher-friedensinitiative.de\\\/wp-content\\\/uploads\\\/2019\\\/03\\\/cropped-Transparen-logo.jpg\",\"width\":1036,\"height\":227,\"caption\":\"Offenbacher Friedensinitiative\"},\"image\":{\"@id\":\"https:\\\/\\\/offenbacher-friedensinitiative.de\\\/#\\\/schema\\\/logo\\\/image\\\/\"}},{\"@type\":\"Person\",\"@id\":\"https:\\\/\\\/offenbacher-friedensinitiative.de\\\/#\\\/schema\\\/person\\\/5ec566fcb70420f878023349a111f19f\",\"name\":\"OFI_WP\"}]}<\/script>\n<!-- \/ Yoast SEO plugin. -->","yoast_head_json":{"title":"Tag der Befreiung auf dem Platz des 8. Mai 1945 in Offenbach - Offenbacher FriedensInitiative - OFI","description":"Ein breites B\u00fcndnis aus 25 Organisationen beging unter Corona-Auflagen das Gedenken an den Tag der Befreiung 1945 auf dem Platz der Befreiung 1945.","robots":{"index":"index","follow":"follow","max-snippet":"max-snippet:-1","max-image-preview":"max-image-preview:large","max-video-preview":"max-video-preview:-1"},"canonical":"https:\/\/offenbacher-friedensinitiative.de\/?p=11096","og_locale":"de_DE","og_type":"article","og_title":"Tag der Befreiung auf dem Platz des 8. Mai 1945 in Offenbach - Offenbacher FriedensInitiative - OFI","og_description":"Ein breites B\u00fcndnis aus 25 Organisationen beging unter Corona-Auflagen das Gedenken an den Tag der Befreiung 1945 auf dem Platz der Befreiung 1945.","og_url":"https:\/\/offenbacher-friedensinitiative.de\/?p=11096","og_site_name":"Offenbacher FriedensInitiative - OFI","article_published_time":"2020-05-11T15:11:25+00:00","article_modified_time":"2020-05-13T10:42:22+00:00","og_image":[{"width":1000,"height":500,"url":"https:\/\/offenbacher-friedensinitiative.de\/wp-content\/uploads\/2020\/05\/VVN-BdA.jpg","type":"image\/jpeg"}],"author":"OFI_WP","twitter_card":"summary_large_image","twitter_misc":{"Verfasst von":"OFI_WP","Gesch\u00e4tzte Lesezeit":"1\u00a0Minute"},"schema":{"@context":"https:\/\/schema.org","@graph":[{"@type":"Article","@id":"https:\/\/offenbacher-friedensinitiative.de\/?p=11096#article","isPartOf":{"@id":"https:\/\/offenbacher-friedensinitiative.de\/?p=11096"},"author":{"name":"OFI_WP","@id":"https:\/\/offenbacher-friedensinitiative.de\/#\/schema\/person\/5ec566fcb70420f878023349a111f19f"},"headline":"Tag der Befreiung auf dem Platz des 8. Mai 1945 in Offenbach","datePublished":"2020-05-11T15:11:25+00:00","dateModified":"2020-05-13T10:42:22+00:00","mainEntityOfPage":{"@id":"https:\/\/offenbacher-friedensinitiative.de\/?p=11096"},"wordCount":225,"publisher":{"@id":"https:\/\/offenbacher-friedensinitiative.de\/#organization"},"image":{"@id":"https:\/\/offenbacher-friedensinitiative.de\/?p=11096#primaryimage"},"thumbnailUrl":"https:\/\/offenbacher-friedensinitiative.de\/wp-content\/uploads\/2020\/05\/VVN-BdA.jpg","articleSection":["Aktionen","Offenbach"],"inLanguage":"de"},{"@type":"WebPage","@id":"https:\/\/offenbacher-friedensinitiative.de\/?p=11096","url":"https:\/\/offenbacher-friedensinitiative.de\/?p=11096","name":"Tag der Befreiung auf dem Platz des 8. Mai 1945 in Offenbach - Offenbacher FriedensInitiative - OFI","isPartOf":{"@id":"https:\/\/offenbacher-friedensinitiative.de\/#website"},"primaryImageOfPage":{"@id":"https:\/\/offenbacher-friedensinitiative.de\/?p=11096#primaryimage"},"image":{"@id":"https:\/\/offenbacher-friedensinitiative.de\/?p=11096#primaryimage"},"thumbnailUrl":"https:\/\/offenbacher-friedensinitiative.de\/wp-content\/uploads\/2020\/05\/VVN-BdA.jpg","datePublished":"2020-05-11T15:11:25+00:00","dateModified":"2020-05-13T10:42:22+00:00","description":"Ein breites B\u00fcndnis aus 25 Organisationen beging unter Corona-Auflagen das Gedenken an den Tag der Befreiung 1945 auf dem Platz der Befreiung 1945.","breadcrumb":{"@id":"https:\/\/offenbacher-friedensinitiative.de\/?p=11096#breadcrumb"},"inLanguage":"de","potentialAction":[{"@type":"ReadAction","target":["https:\/\/offenbacher-friedensinitiative.de\/?p=11096"]}]},{"@type":"ImageObject","inLanguage":"de","@id":"https:\/\/offenbacher-friedensinitiative.de\/?p=11096#primaryimage","url":"https:\/\/offenbacher-friedensinitiative.de\/wp-content\/uploads\/2020\/05\/VVN-BdA.jpg","contentUrl":"https:\/\/offenbacher-friedensinitiative.de\/wp-content\/uploads\/2020\/05\/VVN-BdA.jpg","width":1000,"height":500},{"@type":"BreadcrumbList","@id":"https:\/\/offenbacher-friedensinitiative.de\/?p=11096#breadcrumb","itemListElement":[{"@type":"ListItem","position":1,"name":"Startseite","item":"https:\/\/offenbacher-friedensinitiative.de\/"},{"@type":"ListItem","position":2,"name":"Tag der Befreiung auf dem Platz des 8. Mai 1945 in Offenbach"}]},{"@type":"WebSite","@id":"https:\/\/offenbacher-friedensinitiative.de\/#website","url":"https:\/\/offenbacher-friedensinitiative.de\/","name":"Offenbacher FriedensInitiative","description":"Abr\u00fcsten statt Aufr\u00fcsten |- Kriege beenden | R\u00fcstungsexporte stoppen","publisher":{"@id":"https:\/\/offenbacher-friedensinitiative.de\/#organization"},"potentialAction":[{"@type":"SearchAction","target":{"@type":"EntryPoint","urlTemplate":"https:\/\/offenbacher-friedensinitiative.de\/?s={search_term_string}"},"query-input":{"@type":"PropertyValueSpecification","valueRequired":true,"valueName":"search_term_string"}}],"inLanguage":"de"},{"@type":"Organization","@id":"https:\/\/offenbacher-friedensinitiative.de\/#organization","name":"Offenbacher Friedensinitiative","url":"https:\/\/offenbacher-friedensinitiative.de\/","logo":{"@type":"ImageObject","inLanguage":"de","@id":"https:\/\/offenbacher-friedensinitiative.de\/#\/schema\/logo\/image\/","url":"https:\/\/offenbacher-friedensinitiative.de\/wp-content\/uploads\/2019\/03\/cropped-Transparen-logo.jpg","contentUrl":"https:\/\/offenbacher-friedensinitiative.de\/wp-content\/uploads\/2019\/03\/cropped-Transparen-logo.jpg","width":1036,"height":227,"caption":"Offenbacher Friedensinitiative"},"image":{"@id":"https:\/\/offenbacher-friedensinitiative.de\/#\/schema\/logo\/image\/"}},{"@type":"Person","@id":"https:\/\/offenbacher-friedensinitiative.de\/#\/schema\/person\/5ec566fcb70420f878023349a111f19f","name":"OFI_WP"}]}},"_links":{"self":[{"href":"https:\/\/offenbacher-friedensinitiative.de\/index.php?rest_route=\/wp\/v2\/posts\/11096","targetHints":{"allow":["GET"]}}],"collection":[{"href":"https:\/\/offenbacher-friedensinitiative.de\/index.php?rest_route=\/wp\/v2\/posts"}],"about":[{"href":"https:\/\/offenbacher-friedensinitiative.de\/index.php?rest_route=\/wp\/v2\/types\/post"}],"author":[{"embeddable":true,"href":"https:\/\/offenbacher-friedensinitiative.de\/index.php?rest_route=\/wp\/v2\/users\/1"}],"replies":[{"embeddable":true,"href":"https:\/\/offenbacher-friedensinitiative.de\/index.php?rest_route=%2Fwp%2Fv2%2Fcomments&post=11096"}],"version-history":[{"count":5,"href":"https:\/\/offenbacher-friedensinitiative.de\/index.php?rest_route=\/wp\/v2\/posts\/11096\/revisions"}],"predecessor-version":[{"id":11105,"href":"https:\/\/offenbacher-friedensinitiative.de\/index.php?rest_route=\/wp\/v2\/posts\/11096\/revisions\/11105"}],"wp:featuredmedia":[{"embeddable":true,"href":"https:\/\/offenbacher-friedensinitiative.de\/index.php?rest_route=\/wp\/v2\/media\/11095"}],"wp:attachment":[{"href":"https:\/\/offenbacher-friedensinitiative.de\/index.php?rest_route=%2Fwp%2Fv2%2Fmedia&parent=11096"}],"wp:term":[{"taxonomy":"category","embeddable":true,"href":"https:\/\/offenbacher-friedensinitiative.de\/index.php?rest_route=%2Fwp%2Fv2%2Fcategories&post=11096"},{"taxonomy":"post_tag","embeddable":true,"href":"https:\/\/offenbacher-friedensinitiative.de\/index.php?rest_route=%2Fwp%2Fv2%2Ftags&post=11096"}],"curies":[{"name":"wp","href":"https:\/\/api.w.org\/{rel}","templated":true}]}}