{"id":11120,"date":"2020-07-01T16:18:42","date_gmt":"2020-07-01T14:18:42","guid":{"rendered":"https:\/\/offenbacher-friedensinitiative.de\/?p=11120"},"modified":"2020-07-26T19:04:16","modified_gmt":"2020-07-26T17:04:16","slug":"gedenken-an-hiroshima","status":"publish","type":"post","link":"https:\/\/offenbacher-friedensinitiative.de\/?p=11120","title":{"rendered":"Gedenken an Hiroshima"},"content":{"rendered":"<div id=\"pl-11120\"  class=\"panel-layout\" ><div id=\"pg-11120-0\"  class=\"panel-grid panel-no-style\" ><div id=\"pgc-11120-0-0\"  class=\"panel-grid-cell\" ><div id=\"panel-11120-0-0-0\" class=\"so-panel widget widget_sow-editor panel-first-child\" data-index=\"0\" ><div\n\t\t\t\n\t\t\tclass=\"so-widget-sow-editor so-widget-sow-editor-base\"\n\t\t\t\n\t\t>\n<div class=\"siteorigin-widget-tinymce textwidget\">\n\t<p><strong><span style=\"font-size: 14pt;\">DONNERSTAG, 6. August 2020, um 20 Uhr an der Hafentreppe Offenbach.<\/span><\/strong><br \/>\nEs sprechen: der Oberb\u00fcrgermeister Dr. Felix Schwenke und Elisabeth Saar<br \/>\n(Botschafterin der Internationale Kampagne zur Abschaffung von Atomwaffen, ICAN)<br \/>\nMusik: Femvolk (Geige und Akkordeon)<br \/>\nPoetry: Samuel Kramer<\/p>\n<p>Gem\u00e4\u00df dem Brauch in Japan werden wir im Gedenken an die Opfer Lampions schwimmen lassen.<\/p>\n<p><strong>Die Offenbacher Friedensinitiative organisiert diese Veranstaltung zusammen mit<\/strong><br \/>\nNaturFreunde Offenbach, VVN-BdA Kreisvereinigung Offenbach , IG Metall Offenbach, Ver.di Kreisvorstand Offenbach im Bezirk Frankfurt und Region, GEW Offenbach-Stadt, Pax Christi Gruppe Offenbach, Deutsche Friedensgesellschaft - Vereinigte KriegsdienstgegnerInnen Gruppen Frankfurt und Offenbach, Freidenker-Verband Offenbach, Connection e.V., Heinrich-Heine-Club Offenbach<\/p>\n<p><strong><span style=\"font-size: 18pt;\">Wir fordern:<\/span><\/strong><br \/>\n<strong><span style=\"font-size: 18pt;\">Ban nuclear Weapons now!<\/span><\/strong><br \/>\n<strong><span style=\"font-size: 18pt;\">Abr\u00fcstung statt Aufr\u00fcstung<\/span><\/strong><\/p>\n<\/div>\n<\/div><\/div><div id=\"panel-11120-0-0-1\" class=\"so-panel widget widget_sow-editor panel-last-child\" data-index=\"1\" ><div\n\t\t\t\n\t\t\tclass=\"so-widget-sow-editor so-widget-sow-editor-base\"\n\t\t\t\n\t\t>\n<div class=\"siteorigin-widget-tinymce textwidget\">\n\t<h1>Gedenken an Hiroshima und Nagasaki<\/h1>\n<p>Am 6. und 9. August 1945 haben die Abw\u00fcrfe zweier US-Atombomben auf die japanischen St\u00e4dte Hiroshima und Nagasaki zu 200.000 sofortigen Opfern gef\u00fchrt. Auch 75 Jahre sp\u00e4ter leiden und sterben Menschen an den Sp\u00e4tfolgen der Explosionen. All dies demonstriert die katastrophalen humanit\u00e4ren Folgen eines Einsatzes von Atomwaffen. Er darf sich nie wiederholen.<\/p>\n<p>Der Toten wollen wir gedenken.<\/p>\n<p>Und diese Toten sollen uns zur Mahnung dienen und Herausforderung sein, f\u00fcr eine friedliche Welt zu k\u00e4mpfen. Gerade jetzt ist es notwendig, sich f\u00fcr die Abschaffung der Atomwaffen einzusetzen. Auch wenn seit den Hochzeiten des Kalten Krieges ihre Zahl reduziert wurde, scheint ihre v\u00f6llige Abr\u00fcstung gegenw\u00e4rtig in weite Ferne ger\u00fcckt. Atomwaffen und ihre Tr\u00e4gersysteme werden von ihren Besitzern zur Abschreckung und zum Erhalt ihres Gro\u00dfmachtstatus weiter entwickelt und modernisiert.<\/p>\n<p>Die USA haben mehrere Abkommen zur Begrenzung des atomaren Schreckens gek\u00fcndigt, wie den INF-Vertrag. Sogar neue atomare Tests sind angek\u00fcndigt, was ein weiteres internationales Abkommen brechen w\u00fcrde.<\/p>\n<p>In Deutschland sind auf einem Fliegerhorst der deutschen Luftwaffe in B\u00fcchel rechtswidrig Atomwaffen der USA stationiert. Die Bundesregierung unterst\u00fctzt deren Modernisierung Au\u00dferdem streben Teile der Regierung die Anschaffung von F18-Bombern an, die diese Atombomben an ihren Einsatzort transportieren sollen. Diese Pl\u00e4ne geh\u00f6ren f\u00fcr deutsche Politiker zum Konzept der nuklearen Teilhabe. Der Begriff wird als unangreifbares Argument vorgetragen, h\u00f6herwertig als V\u00f6lkerrecht und Grundgesetz. Diese Politik der Aufr\u00fcstung steht im Widerspruch zum Grundgesetz, das die Vorbereitung eines Aggressionskrieges untersagt. Und sie macht Deutschland zur Zielscheibe f\u00fcr gegnerische Atomwaffen.<\/p>\n<p>Schon einmal, in den 1980er Jahren, gab es solche Pl\u00e4ne zur atomaren Hochr\u00fcstung. Die Friedensbewegung hat sie aufhalten k\u00f6nnen, weil weite Teile der Bev\u00f6lkerung die Konsequenzen sahen und nicht im Zielgebiet von Atomraketen leben wollten. Damals verstanden auch Bundespolitiker, dass nur Verhandeln und Abr\u00fcstung Sicherheit bringen.<\/p>\n<p>Im 75. Jahr nach den Atombombenabw\u00fcrfen ist das Gedenken an die Opfer von Hiroshima und Nagasaki untrennbar mit der Mahnung vor der bleibenden Gefahr durch Atomwaffen verbunden. Ihr Leid erinnert uns, uns f\u00fcr die Abschaffung der Atomwaffen zu engagieren. Denn in der gegenw\u00e4rtigen Stagnation der R\u00fcstungskontrolle und der Aufr\u00fcstung steckt die reale Gefahr, dass bewaffnete Konflikte in einen gegenseitigen Vernichtungskrieg mit Atomwaffen m\u00fcnden k\u00f6nnen.<\/p>\n<p>Offenbach hat den ICAN-St\u00e4dteappell unterzeichnet zusammen mit 88 anderen St\u00e4dten. Wir fordern zusammen mit diesen St\u00e4dten, dass die Bundesregierung den Atomwaffenverbotsvertrag unterzeichnen m\u00f6ge. Wir fordern den Abzug der US-Atomwaffen.<\/p>\n<p><strong>Download:<\/strong><br \/>\n<a href=\"https:\/\/offenbacher-friedensinitiative.de\/wp-content\/uploads\/wppa-source\/album-17\/GedenkenHoroshimaA4.pdf\" target=\"_blank\" rel=\"noopener\">Flyer Gedenken Hiroshima<\/a><\/p>\n<\/div>\n<\/div><\/div><\/div><\/div><\/div>","protected":false},"excerpt":{"rendered":"<p>DONNERSTAG, 6. August 2020, um 20 Uhr an der Hafentreppe Offenbach. Es sprechen: der Oberb\u00fcrgermeister Dr. Felix Schwenke und Elisabeth Saar (Botschafterin der Internationale Kampagne<span class=\"more-link\"><a href=\"https:\/\/offenbacher-friedensinitiative.de\/?p=11120\">Weiterlesen &#8230;<\/a><\/span><\/p>\n","protected":false},"author":1,"featured_media":11121,"comment_status":"closed","ping_status":"closed","sticky":false,"template":"","format":"standard","meta":{"footnotes":""},"categories":[5,56],"tags":[],"class_list":["entry","author-ofi_wp","post-11120","post","type-post","status-publish","format-standard","has-post-thumbnail","category-aktionen","category-offenbach"],"yoast_head":"<!-- This site is optimized with the Yoast SEO plugin v27.5 - https:\/\/yoast.com\/product\/yoast-seo-wordpress\/ -->\n<title>Gedenken an Hiroshima - Offenbacher FriedensInitiative - OFI<\/title>\n<meta name=\"description\" content=\"Am 6. und 9. August 1945 haben die Abw\u00fcrfe zweier US-Atombomben auf die japanischen St\u00e4dte Hiroshima und Nagasaki zu 200.000 sofortigen Opfern gef\u00fchrt.\" \/>\n<meta name=\"robots\" content=\"index, follow, max-snippet:-1, max-image-preview:large, max-video-preview:-1\" \/>\n<link rel=\"canonical\" href=\"https:\/\/offenbacher-friedensinitiative.de\/?p=11120\" \/>\n<meta property=\"og:locale\" content=\"de_DE\" \/>\n<meta property=\"og:type\" content=\"article\" \/>\n<meta property=\"og:title\" content=\"Gedenken an Hiroshima - Offenbacher FriedensInitiative - OFI\" \/>\n<meta property=\"og:description\" content=\"Am 6. und 9. August 1945 haben die Abw\u00fcrfe zweier US-Atombomben auf die japanischen St\u00e4dte Hiroshima und Nagasaki zu 200.000 sofortigen Opfern gef\u00fchrt.\" \/>\n<meta property=\"og:url\" content=\"https:\/\/offenbacher-friedensinitiative.de\/?p=11120\" \/>\n<meta property=\"og:site_name\" content=\"Offenbacher FriedensInitiative - OFI\" \/>\n<meta property=\"article:published_time\" content=\"2020-07-01T14:18:42+00:00\" \/>\n<meta property=\"article:modified_time\" content=\"2020-07-26T17:04:16+00:00\" \/>\n<meta property=\"og:image\" content=\"https:\/\/offenbacher-friedensinitiative.de\/wp-content\/uploads\/2020\/07\/Bildschirmfoto-2020-07-01-um-15.57.46.png\" \/>\n\t<meta property=\"og:image:width\" content=\"908\" \/>\n\t<meta property=\"og:image:height\" content=\"600\" \/>\n\t<meta property=\"og:image:type\" content=\"image\/png\" \/>\n<meta name=\"author\" content=\"OFI_WP\" \/>\n<meta name=\"twitter:card\" content=\"summary_large_image\" \/>\n<meta name=\"twitter:label1\" content=\"Verfasst von\" \/>\n\t<meta name=\"twitter:data1\" content=\"OFI_WP\" \/>\n\t<meta name=\"twitter:label2\" content=\"Gesch\u00e4tzte Lesezeit\" \/>\n\t<meta name=\"twitter:data2\" content=\"3\u00a0Minuten\" \/>\n<script type=\"application\/ld+json\" class=\"yoast-schema-graph\">{\"@context\":\"https:\\\/\\\/schema.org\",\"@graph\":[{\"@type\":\"Article\",\"@id\":\"https:\\\/\\\/offenbacher-friedensinitiative.de\\\/?p=11120#article\",\"isPartOf\":{\"@id\":\"https:\\\/\\\/offenbacher-friedensinitiative.de\\\/?p=11120\"},\"author\":{\"name\":\"OFI_WP\",\"@id\":\"https:\\\/\\\/offenbacher-friedensinitiative.de\\\/#\\\/schema\\\/person\\\/5ec566fcb70420f878023349a111f19f\"},\"headline\":\"Gedenken an Hiroshima\",\"datePublished\":\"2020-07-01T14:18:42+00:00\",\"dateModified\":\"2020-07-26T17:04:16+00:00\",\"mainEntityOfPage\":{\"@id\":\"https:\\\/\\\/offenbacher-friedensinitiative.de\\\/?p=11120\"},\"wordCount\":537,\"publisher\":{\"@id\":\"https:\\\/\\\/offenbacher-friedensinitiative.de\\\/#organization\"},\"image\":{\"@id\":\"https:\\\/\\\/offenbacher-friedensinitiative.de\\\/?p=11120#primaryimage\"},\"thumbnailUrl\":\"https:\\\/\\\/offenbacher-friedensinitiative.de\\\/wp-content\\\/uploads\\\/2020\\\/07\\\/Bildschirmfoto-2020-07-01-um-15.57.46.png\",\"articleSection\":[\"Aktionen\",\"Offenbach\"],\"inLanguage\":\"de\"},{\"@type\":\"WebPage\",\"@id\":\"https:\\\/\\\/offenbacher-friedensinitiative.de\\\/?p=11120\",\"url\":\"https:\\\/\\\/offenbacher-friedensinitiative.de\\\/?p=11120\",\"name\":\"Gedenken an Hiroshima - Offenbacher FriedensInitiative - OFI\",\"isPartOf\":{\"@id\":\"https:\\\/\\\/offenbacher-friedensinitiative.de\\\/#website\"},\"primaryImageOfPage\":{\"@id\":\"https:\\\/\\\/offenbacher-friedensinitiative.de\\\/?p=11120#primaryimage\"},\"image\":{\"@id\":\"https:\\\/\\\/offenbacher-friedensinitiative.de\\\/?p=11120#primaryimage\"},\"thumbnailUrl\":\"https:\\\/\\\/offenbacher-friedensinitiative.de\\\/wp-content\\\/uploads\\\/2020\\\/07\\\/Bildschirmfoto-2020-07-01-um-15.57.46.png\",\"datePublished\":\"2020-07-01T14:18:42+00:00\",\"dateModified\":\"2020-07-26T17:04:16+00:00\",\"description\":\"Am 6. und 9. August 1945 haben die Abw\u00fcrfe zweier US-Atombomben auf die japanischen St\u00e4dte Hiroshima und Nagasaki zu 200.000 sofortigen Opfern gef\u00fchrt.\",\"breadcrumb\":{\"@id\":\"https:\\\/\\\/offenbacher-friedensinitiative.de\\\/?p=11120#breadcrumb\"},\"inLanguage\":\"de\",\"potentialAction\":[{\"@type\":\"ReadAction\",\"target\":[\"https:\\\/\\\/offenbacher-friedensinitiative.de\\\/?p=11120\"]}]},{\"@type\":\"ImageObject\",\"inLanguage\":\"de\",\"@id\":\"https:\\\/\\\/offenbacher-friedensinitiative.de\\\/?p=11120#primaryimage\",\"url\":\"https:\\\/\\\/offenbacher-friedensinitiative.de\\\/wp-content\\\/uploads\\\/2020\\\/07\\\/Bildschirmfoto-2020-07-01-um-15.57.46.png\",\"contentUrl\":\"https:\\\/\\\/offenbacher-friedensinitiative.de\\\/wp-content\\\/uploads\\\/2020\\\/07\\\/Bildschirmfoto-2020-07-01-um-15.57.46.png\",\"width\":908,\"height\":600},{\"@type\":\"BreadcrumbList\",\"@id\":\"https:\\\/\\\/offenbacher-friedensinitiative.de\\\/?p=11120#breadcrumb\",\"itemListElement\":[{\"@type\":\"ListItem\",\"position\":1,\"name\":\"Startseite\",\"item\":\"https:\\\/\\\/offenbacher-friedensinitiative.de\\\/\"},{\"@type\":\"ListItem\",\"position\":2,\"name\":\"Gedenken an Hiroshima\"}]},{\"@type\":\"WebSite\",\"@id\":\"https:\\\/\\\/offenbacher-friedensinitiative.de\\\/#website\",\"url\":\"https:\\\/\\\/offenbacher-friedensinitiative.de\\\/\",\"name\":\"Offenbacher FriedensInitiative\",\"description\":\"Abr\u00fcsten statt Aufr\u00fcsten |- Kriege beenden | R\u00fcstungsexporte stoppen\",\"publisher\":{\"@id\":\"https:\\\/\\\/offenbacher-friedensinitiative.de\\\/#organization\"},\"potentialAction\":[{\"@type\":\"SearchAction\",\"target\":{\"@type\":\"EntryPoint\",\"urlTemplate\":\"https:\\\/\\\/offenbacher-friedensinitiative.de\\\/?s={search_term_string}\"},\"query-input\":{\"@type\":\"PropertyValueSpecification\",\"valueRequired\":true,\"valueName\":\"search_term_string\"}}],\"inLanguage\":\"de\"},{\"@type\":\"Organization\",\"@id\":\"https:\\\/\\\/offenbacher-friedensinitiative.de\\\/#organization\",\"name\":\"Offenbacher Friedensinitiative\",\"url\":\"https:\\\/\\\/offenbacher-friedensinitiative.de\\\/\",\"logo\":{\"@type\":\"ImageObject\",\"inLanguage\":\"de\",\"@id\":\"https:\\\/\\\/offenbacher-friedensinitiative.de\\\/#\\\/schema\\\/logo\\\/image\\\/\",\"url\":\"https:\\\/\\\/offenbacher-friedensinitiative.de\\\/wp-content\\\/uploads\\\/2019\\\/03\\\/cropped-Transparen-logo.jpg\",\"contentUrl\":\"https:\\\/\\\/offenbacher-friedensinitiative.de\\\/wp-content\\\/uploads\\\/2019\\\/03\\\/cropped-Transparen-logo.jpg\",\"width\":1036,\"height\":227,\"caption\":\"Offenbacher Friedensinitiative\"},\"image\":{\"@id\":\"https:\\\/\\\/offenbacher-friedensinitiative.de\\\/#\\\/schema\\\/logo\\\/image\\\/\"}},{\"@type\":\"Person\",\"@id\":\"https:\\\/\\\/offenbacher-friedensinitiative.de\\\/#\\\/schema\\\/person\\\/5ec566fcb70420f878023349a111f19f\",\"name\":\"OFI_WP\"}]}<\/script>\n<!-- \/ Yoast SEO plugin. -->","yoast_head_json":{"title":"Gedenken an Hiroshima - Offenbacher FriedensInitiative - OFI","description":"Am 6. und 9. August 1945 haben die Abw\u00fcrfe zweier US-Atombomben auf die japanischen St\u00e4dte Hiroshima und Nagasaki zu 200.000 sofortigen Opfern gef\u00fchrt.","robots":{"index":"index","follow":"follow","max-snippet":"max-snippet:-1","max-image-preview":"max-image-preview:large","max-video-preview":"max-video-preview:-1"},"canonical":"https:\/\/offenbacher-friedensinitiative.de\/?p=11120","og_locale":"de_DE","og_type":"article","og_title":"Gedenken an Hiroshima - Offenbacher FriedensInitiative - OFI","og_description":"Am 6. und 9. August 1945 haben die Abw\u00fcrfe zweier US-Atombomben auf die japanischen St\u00e4dte Hiroshima und Nagasaki zu 200.000 sofortigen Opfern gef\u00fchrt.","og_url":"https:\/\/offenbacher-friedensinitiative.de\/?p=11120","og_site_name":"Offenbacher FriedensInitiative - OFI","article_published_time":"2020-07-01T14:18:42+00:00","article_modified_time":"2020-07-26T17:04:16+00:00","og_image":[{"width":908,"height":600,"url":"https:\/\/offenbacher-friedensinitiative.de\/wp-content\/uploads\/2020\/07\/Bildschirmfoto-2020-07-01-um-15.57.46.png","type":"image\/png"}],"author":"OFI_WP","twitter_card":"summary_large_image","twitter_misc":{"Verfasst von":"OFI_WP","Gesch\u00e4tzte Lesezeit":"3\u00a0Minuten"},"schema":{"@context":"https:\/\/schema.org","@graph":[{"@type":"Article","@id":"https:\/\/offenbacher-friedensinitiative.de\/?p=11120#article","isPartOf":{"@id":"https:\/\/offenbacher-friedensinitiative.de\/?p=11120"},"author":{"name":"OFI_WP","@id":"https:\/\/offenbacher-friedensinitiative.de\/#\/schema\/person\/5ec566fcb70420f878023349a111f19f"},"headline":"Gedenken an Hiroshima","datePublished":"2020-07-01T14:18:42+00:00","dateModified":"2020-07-26T17:04:16+00:00","mainEntityOfPage":{"@id":"https:\/\/offenbacher-friedensinitiative.de\/?p=11120"},"wordCount":537,"publisher":{"@id":"https:\/\/offenbacher-friedensinitiative.de\/#organization"},"image":{"@id":"https:\/\/offenbacher-friedensinitiative.de\/?p=11120#primaryimage"},"thumbnailUrl":"https:\/\/offenbacher-friedensinitiative.de\/wp-content\/uploads\/2020\/07\/Bildschirmfoto-2020-07-01-um-15.57.46.png","articleSection":["Aktionen","Offenbach"],"inLanguage":"de"},{"@type":"WebPage","@id":"https:\/\/offenbacher-friedensinitiative.de\/?p=11120","url":"https:\/\/offenbacher-friedensinitiative.de\/?p=11120","name":"Gedenken an Hiroshima - Offenbacher FriedensInitiative - OFI","isPartOf":{"@id":"https:\/\/offenbacher-friedensinitiative.de\/#website"},"primaryImageOfPage":{"@id":"https:\/\/offenbacher-friedensinitiative.de\/?p=11120#primaryimage"},"image":{"@id":"https:\/\/offenbacher-friedensinitiative.de\/?p=11120#primaryimage"},"thumbnailUrl":"https:\/\/offenbacher-friedensinitiative.de\/wp-content\/uploads\/2020\/07\/Bildschirmfoto-2020-07-01-um-15.57.46.png","datePublished":"2020-07-01T14:18:42+00:00","dateModified":"2020-07-26T17:04:16+00:00","description":"Am 6. und 9. August 1945 haben die Abw\u00fcrfe zweier US-Atombomben auf die japanischen St\u00e4dte Hiroshima und Nagasaki zu 200.000 sofortigen Opfern gef\u00fchrt.","breadcrumb":{"@id":"https:\/\/offenbacher-friedensinitiative.de\/?p=11120#breadcrumb"},"inLanguage":"de","potentialAction":[{"@type":"ReadAction","target":["https:\/\/offenbacher-friedensinitiative.de\/?p=11120"]}]},{"@type":"ImageObject","inLanguage":"de","@id":"https:\/\/offenbacher-friedensinitiative.de\/?p=11120#primaryimage","url":"https:\/\/offenbacher-friedensinitiative.de\/wp-content\/uploads\/2020\/07\/Bildschirmfoto-2020-07-01-um-15.57.46.png","contentUrl":"https:\/\/offenbacher-friedensinitiative.de\/wp-content\/uploads\/2020\/07\/Bildschirmfoto-2020-07-01-um-15.57.46.png","width":908,"height":600},{"@type":"BreadcrumbList","@id":"https:\/\/offenbacher-friedensinitiative.de\/?p=11120#breadcrumb","itemListElement":[{"@type":"ListItem","position":1,"name":"Startseite","item":"https:\/\/offenbacher-friedensinitiative.de\/"},{"@type":"ListItem","position":2,"name":"Gedenken an Hiroshima"}]},{"@type":"WebSite","@id":"https:\/\/offenbacher-friedensinitiative.de\/#website","url":"https:\/\/offenbacher-friedensinitiative.de\/","name":"Offenbacher FriedensInitiative","description":"Abr\u00fcsten statt Aufr\u00fcsten |- Kriege beenden | R\u00fcstungsexporte stoppen","publisher":{"@id":"https:\/\/offenbacher-friedensinitiative.de\/#organization"},"potentialAction":[{"@type":"SearchAction","target":{"@type":"EntryPoint","urlTemplate":"https:\/\/offenbacher-friedensinitiative.de\/?s={search_term_string}"},"query-input":{"@type":"PropertyValueSpecification","valueRequired":true,"valueName":"search_term_string"}}],"inLanguage":"de"},{"@type":"Organization","@id":"https:\/\/offenbacher-friedensinitiative.de\/#organization","name":"Offenbacher Friedensinitiative","url":"https:\/\/offenbacher-friedensinitiative.de\/","logo":{"@type":"ImageObject","inLanguage":"de","@id":"https:\/\/offenbacher-friedensinitiative.de\/#\/schema\/logo\/image\/","url":"https:\/\/offenbacher-friedensinitiative.de\/wp-content\/uploads\/2019\/03\/cropped-Transparen-logo.jpg","contentUrl":"https:\/\/offenbacher-friedensinitiative.de\/wp-content\/uploads\/2019\/03\/cropped-Transparen-logo.jpg","width":1036,"height":227,"caption":"Offenbacher Friedensinitiative"},"image":{"@id":"https:\/\/offenbacher-friedensinitiative.de\/#\/schema\/logo\/image\/"}},{"@type":"Person","@id":"https:\/\/offenbacher-friedensinitiative.de\/#\/schema\/person\/5ec566fcb70420f878023349a111f19f","name":"OFI_WP"}]}},"_links":{"self":[{"href":"https:\/\/offenbacher-friedensinitiative.de\/index.php?rest_route=\/wp\/v2\/posts\/11120","targetHints":{"allow":["GET"]}}],"collection":[{"href":"https:\/\/offenbacher-friedensinitiative.de\/index.php?rest_route=\/wp\/v2\/posts"}],"about":[{"href":"https:\/\/offenbacher-friedensinitiative.de\/index.php?rest_route=\/wp\/v2\/types\/post"}],"author":[{"embeddable":true,"href":"https:\/\/offenbacher-friedensinitiative.de\/index.php?rest_route=\/wp\/v2\/users\/1"}],"replies":[{"embeddable":true,"href":"https:\/\/offenbacher-friedensinitiative.de\/index.php?rest_route=%2Fwp%2Fv2%2Fcomments&post=11120"}],"version-history":[{"count":6,"href":"https:\/\/offenbacher-friedensinitiative.de\/index.php?rest_route=\/wp\/v2\/posts\/11120\/revisions"}],"predecessor-version":[{"id":11125,"href":"https:\/\/offenbacher-friedensinitiative.de\/index.php?rest_route=\/wp\/v2\/posts\/11120\/revisions\/11125"}],"wp:featuredmedia":[{"embeddable":true,"href":"https:\/\/offenbacher-friedensinitiative.de\/index.php?rest_route=\/wp\/v2\/media\/11121"}],"wp:attachment":[{"href":"https:\/\/offenbacher-friedensinitiative.de\/index.php?rest_route=%2Fwp%2Fv2%2Fmedia&parent=11120"}],"wp:term":[{"taxonomy":"category","embeddable":true,"href":"https:\/\/offenbacher-friedensinitiative.de\/index.php?rest_route=%2Fwp%2Fv2%2Fcategories&post=11120"},{"taxonomy":"post_tag","embeddable":true,"href":"https:\/\/offenbacher-friedensinitiative.de\/index.php?rest_route=%2Fwp%2Fv2%2Ftags&post=11120"}],"curies":[{"name":"wp","href":"https:\/\/api.w.org\/{rel}","templated":true}]}}