{"id":11190,"date":"2020-12-07T19:37:00","date_gmt":"2020-12-07T18:37:00","guid":{"rendered":"https:\/\/offenbacher-friedensinitiative.de\/?p=11190"},"modified":"2020-12-11T12:50:55","modified_gmt":"2020-12-11T11:50:55","slug":"damit-nicht-alles-baden-geht","status":"publish","type":"post","link":"https:\/\/offenbacher-friedensinitiative.de\/?p=11190","title":{"rendered":"Damit nicht alles baden geht"},"content":{"rendered":"<div id=\"pl-11190\"  class=\"panel-layout\" ><div id=\"pg-11190-0\"  class=\"panel-grid panel-no-style\" ><div id=\"pgc-11190-0-0\"  class=\"panel-grid-cell\" ><div id=\"panel-11190-0-0-0\" class=\"so-panel widget widget_sow-editor panel-first-child\" data-index=\"0\" ><div\n\t\t\t\n\t\t\tclass=\"so-widget-sow-editor so-widget-sow-editor-base\"\n\t\t\t\n\t\t>\n<div class=\"siteorigin-widget-tinymce textwidget\">\n\t<h1>Damit nicht alles baden geht<\/h1>\n<h2>Bericht von der Protestaktion f\u00fcr Abr\u00fcstung am 5.12.20<\/h2>\n<p><span style=\"font-size: 14pt;\">Die Bedingungen waren nicht g\u00fcnstig. Es war tr\u00fcb und feuchtkalt. Wir mussten wegen Corona den Bereich der Kundgebung absperren. Das machte erstens Arbeit und Leute, die vorbeikamen, f\u00fchlten sich mit Sicherheit nicht eingeladen. Aber auch so waren wir mit dem Besuch sehr zufrieden, mehr Menschen h\u00e4tten wir gar nicht auf den Platz lassen d\u00fcrfen, gerade 70 waren vom Ordnungsamt genehmigt.<\/span><\/p>\n<p><span style=\"font-size: 14pt;\">Auch die anderen H\u00fcrden durch Hygienema\u00dfnahmen konnten den Erfolg nicht wirklich schm\u00e4lern. Heike St\u00e4dter spielte Saxofon im Bademantel. Die bluesigen T\u00f6ne zogen die Menschen an. Samuel Kramer sorgte mit seiner Moderation f\u00fcr hohe Aufmerksamkeit und k\u00e4mpferische Stimmung, die notwendig war, um der K\u00e4lte zu trotzen und all die eher negativen Infos zu verkraften.<\/span><\/p>\n<p><span style=\"font-size: 14pt;\">Es gab, wie h\u00e4ufig auf Kundgebungen Redebeitr\u00e4ge, diesmal waren alle kurz und gut. Man kann sich davon \u00fcberzeugen, sie sind angeh\u00e4ngt. Das Besondere unserer Veranstaltung: Unsere vier freiwilligen Badeg\u00e4ste Patrizia Schmitt, Carina T\u00f6nges, Nora Lohmiller und Clara Teichmann traten in den eiskalten Main, nur am Rand zugegebenerma\u00dfen. Trotzdem schauderte es alle Zuschauer. Die Tafeln und Symbole f\u00fcr die vier Bereiche Wohnen, Umwelt, Bildung und Gesundheit wurden getunkt und gingen stellvertretend Baden.<\/span><\/p>\n<p><span style=\"font-size: 14pt;\">Einig waren sich alle Redner:innen und Zuh\u00f6rer:innen darin, dass es ein Wahnsinn ist angesicht des Bedarfs in vielen Bereichen des gesellschaftlichen Lebens das Geld f\u00fcr R\u00fcstung auszugeben. Die Kundgebung sprach sich gegen Drohnenbewaffnung und Anschaffung von F18-Bomber aus. Dass Offenbach sich dem ICAN-St\u00e4dteappell und damit der Forderung nach \u00c4chtung aller Atomwaffen angeschlossen hat, schien f\u00fcr einige Zuh\u00f6rer neu und fand gro\u00dfen Beifall. Die Kundgebungsteilnehmer waren sich einig, dass wir eine neue Entspannungspolitik brauchen!<\/span><\/p>\n<p>&nbsp;<\/p>\n<p><span style=\"font-size: 14pt;\">Das Erstaunlichste geschah zum Schluss: Heike St\u00e4dter ging auf einem Horn blasend ins Wasser und zwar vollst\u00e4ndig. Ihr Kommentar: \u201eDie Kultur geht immer als erstes baden\u2026.\u201c<\/span><\/p>\n<\/div>\n<\/div><\/div><div id=\"panel-11190-0-0-1\" class=\"so-panel widget widget_sow-editor panel-last-child\" data-index=\"1\" ><div\n\t\t\t\n\t\t\tclass=\"so-widget-sow-editor so-widget-sow-editor-base\"\n\t\t\t\n\t\t>\n<div class=\"siteorigin-widget-tinymce textwidget\">\n\t<h2>Redebeitr\u00e4ge (PDF)<\/h2>\n<p><a href=\"https:\/\/offenbacher-friedensinitiative.de\/wp-content\/uploads\/wppa-source\/album-17\/Brigitte-Bach-Grass-OFI-ver.di_.pdf\" target=\"_blank\" rel=\"noopener noreferrer\">Brigitte-Bach-Grass-OFI-ver.di<\/a><br \/>\n<a href=\"https:\/\/offenbacher-friedensinitiative.de\/wp-content\/uploads\/wppa-source\/album-17\/Emma-Gros-ver.di_.pdf\" target=\"_blank\" rel=\"noopener noreferrer\">Emma-Gros-ver.di - Gesundheitspolitik<\/a><br \/>\n<a href=\"https:\/\/offenbacher-friedensinitiative.de\/wp-content\/uploads\/wppa-source\/album-17\/Nora-Lohmiller-Stadtschuelerinnenrat.pdf\" target=\"_blank\" rel=\"noopener noreferrer\">Nora-Lohmiller-Stadtschuelerinnenrat<\/a><br \/>\n<a href=\"https:\/\/offenbacher-friedensinitiative.de\/wp-content\/uploads\/wppa-source\/album-17\/Christa-Fuehrer-Roessmann-OFI-GEW.pdf\" target=\"_blank\" rel=\"noopener noreferrer\">Christa-Fuehrer-Roessmann-OFI-GEW<\/a><br \/>\n<a href=\"https:\/\/offenbacher-friedensinitiative.de\/wp-content\/uploads\/wppa-source\/album-17\/Andy-Uphoff-DIE-LINKE.pdf\" target=\"_blank\" rel=\"noopener noreferrer\">Andy-Uphoff-DIE-LINKE<\/a><br \/>\n<a href=\"https:\/\/offenbacher-friedensinitiative.de\/wp-content\/uploads\/wppa-source\/album-17\/Abruestungs-Rede-fridays-for-future.pdf\" target=\"_blank\" rel=\"noopener noreferrer\">fridays-for-future<\/a><\/p>\n<\/div>\n<\/div><\/div><\/div><\/div><div id=\"pg-11190-1\"  class=\"panel-grid panel-no-style\" ><div id=\"pgc-11190-1-0\"  class=\"panel-grid-cell\" ><div id=\"panel-11190-1-0-0\" class=\"so-panel widget widget_sow-editor panel-first-child panel-last-child\" data-index=\"2\" ><div\n\t\t\t\n\t\t\tclass=\"so-widget-sow-editor so-widget-sow-editor-base\"\n\t\t\t\n\t\t>\n<div class=\"siteorigin-widget-tinymce textwidget\">\n\t \n<!-- Start container 1 --><div id=\"wppa-modal-container-1\" class=\"wppa-modal-container\" style=\"position:relative;z-index:100000;\" data-wppa=\"yes\" ontouchmove=\"event.stopPropagation();\"><\/div><div id=\"wppa-container-wrapper-1\" class=\"alignnone wppa-container-wrapper \" style=\"width:100%;clear:both;padding:0;position:relative;\"><div id=\"wppa-container-1\" style=\"width:100%;\" class=\"wppa-container wppa-container-1 wppa-rev-9112007 wppa-prevrev-9111001 wppa-theme-9.1.12.007 wppa-api-9.1.12.007\"><svg id=\"wppa-ajax-spin-1\" class=\"wppa-ajax-spin uil-default\" width=\"120px\" height=\"120px\" viewBox=\"0 0 135 135\" preserveAspectRatio=\"xMidYMid\" stroke=\"\" style=\"width:120px; height:120px; position:fixed; top:50%; margin-top:-60px; left:50%; margin-left:-60px; opacity:1; display:none; fill:#666666; background-color:transparent; border-radius:24px;\"><path d=\"M67.447 58c5.523 0 10-4.477 10-10s-4.477-10-10-10-10 4.477-10 10 4.477 10 10 10zm9.448 9.447c0 5.523 4.477 10 10 10 5.522 0 10-4.477 10-10s-4.478-10-10-10c-5.523 0-10 4.477-10 10zm-9.448 9.448c-5.523 0-10 4.477-10 10 0 5.522 4.477 10 10 10s10-4.478 10-10c0-5.523-4.477-10-10-10zM58 67.447c0-5.523-4.477-10-10-10s-10 4.477-10 10 4.477 10 10 10 10-4.477 10-10z\"><animateTransform attributeName=\"transform\" type=\"rotate\" from=\"0 67 67\" to=\"-360 67 67\" dur=\"2.5s\" repeatCount=\"indefinite\" ><\/path><path d=\"M28.19 40.31c6.627 0 12-5.374 12-12 0-6.628-5.373-12-12-12-6.628 0-12 5.372-12 12 0 6.626 5.372 12 12 12zm30.72-19.825c4.686 4.687 12.284 4.687 16.97 0 4.686-4.686 4.686-12.284 0-16.97-4.686-4.687-12.284-4.687-16.97 0-4.687 4.686-4.687 12.284 0 16.97zm35.74 7.705c0 6.627 5.37 12 12 12 6.626 0 12-5.373 12-12 0-6.628-5.374-12-12-12-6.63 0-12 5.372-12 12zm19.822 30.72c-4.686 4.686-4.686 12.284 0 16.97 4.687 4.686 12.285 4.686 16.97 0 4.687-4.686 4.687-12.284 0-16.97-4.685-4.687-12.283-4.687-16.97 0zm-7.704 35.74c-6.627 0-12 5.37-12 12 0 6.626 5.373 12 12 12s12-5.374 12-12c0-6.63-5.373-12-12-12zm-30.72 19.822c-4.686-4.686-12.284-4.686-16.97 0-4.686 4.687-4.686 12.285 0 16.97 4.686 4.687 12.284 4.687 16.97 0 4.687-4.685 4.687-12.283 0-16.97zm-35.74-7.704c0-6.627-5.372-12-12-12-6.626 0-12 5.373-12 12s5.374 12 12 12c6.628 0 12-5.373 12-12zm-19.823-30.72c4.687-4.686 4.687-12.284 0-16.97-4.686-4.686-12.284-4.686-16.97 0-4.687 4.686-4.687 12.284 0 16.97 4.686 4.687 12.284 4.687 16.97 0z\"><animateTransform attributeName=\"transform\" type=\"rotate\" from=\"0 67 67\" to=\"360 67 67\" dur=\"8s\" repeatCount=\"indefinite\" ><\/path><\/svg><input type=\"hidden\" id=\"wppa-nonce-0-1\" name=\"wppa-nonce\" value=\"b4d51d4de3\" ><div style=\"clear:both;\"><\/div><div id=\"wppa-container-1-end\"><\/div><\/div><\/div>\n<!-- End [wppa type=\"content\" album=\"24\" cache=\"inf\" delay=\"yes\"] \/index.php?rest_route=%2Fwp%2Fv2%2Fposts%2F11190 oc 1 7 queries in 4.1 ms. at 10:37. Max mem: 104.00 Mb. (delayed) -->\n<p style=\"text-align: center;\"><span style=\"font-size: 10pt;\">\u00a9\u00a0Fotografien: <a href=\"https:\/\/photo-auge.de\" target=\"_blank\" rel=\"noopener noreferrer\">Manfred R\u00f6\u00dfmann <\/a>und Rainer Golembiewski<\/span><\/p>\n<p>&nbsp;<\/p>\n<\/div>\n<\/div><\/div><\/div><\/div><\/div>","protected":false},"excerpt":{"rendered":"<p>Damit nicht alles baden geht Bericht von der Protestaktion f\u00fcr Abr\u00fcstung am 5.12.20 Die Bedingungen waren nicht g\u00fcnstig. Es war tr\u00fcb und feuchtkalt. Wir mussten<span class=\"more-link\"><a href=\"https:\/\/offenbacher-friedensinitiative.de\/?p=11190\">Weiterlesen &#8230;<\/a><\/span><\/p>\n","protected":false},"author":1,"featured_media":11194,"comment_status":"closed","ping_status":"closed","sticky":false,"template":"","format":"standard","meta":{"footnotes":""},"categories":[5,56],"tags":[],"class_list":["entry","author-ofi_wp","post-11190","post","type-post","status-publish","format-standard","has-post-thumbnail","category-aktionen","category-offenbach"],"yoast_head":"<!-- This site is optimized with the Yoast SEO plugin v27.5 - https:\/\/yoast.com\/product\/yoast-seo-wordpress\/ -->\n<title>Damit nicht alles baden geht - Offenbacher FriedensInitiative - OFI<\/title>\n<meta name=\"description\" content=\"Die Bedingungen waren nicht g\u00fcnstig. Es war tr\u00fcb und feuchtkalt. Wir mussten wegen Corona den Bereich der Kundgebung absperren.\" \/>\n<meta name=\"robots\" content=\"index, follow, max-snippet:-1, max-image-preview:large, max-video-preview:-1\" \/>\n<link rel=\"canonical\" href=\"https:\/\/offenbacher-friedensinitiative.de\/?p=11190\" \/>\n<meta property=\"og:locale\" content=\"de_DE\" \/>\n<meta property=\"og:type\" content=\"article\" \/>\n<meta property=\"og:title\" content=\"Damit nicht alles baden geht - Offenbacher FriedensInitiative - OFI\" \/>\n<meta property=\"og:description\" content=\"Die Bedingungen waren nicht g\u00fcnstig. Es war tr\u00fcb und feuchtkalt. Wir mussten wegen Corona den Bereich der Kundgebung absperren.\" \/>\n<meta property=\"og:url\" content=\"https:\/\/offenbacher-friedensinitiative.de\/?p=11190\" \/>\n<meta property=\"og:site_name\" content=\"Offenbacher FriedensInitiative - OFI\" \/>\n<meta property=\"article:published_time\" content=\"2020-12-07T18:37:00+00:00\" \/>\n<meta property=\"article:modified_time\" content=\"2020-12-11T11:50:55+00:00\" \/>\n<meta property=\"og:image\" content=\"https:\/\/offenbacher-friedensinitiative.de\/wp-content\/uploads\/2020\/12\/die-Kultur-geht-gaenzlich-baden-e1607366539232.jpg\" \/>\n\t<meta property=\"og:image:width\" content=\"920\" \/>\n\t<meta property=\"og:image:height\" content=\"460\" \/>\n\t<meta property=\"og:image:type\" content=\"image\/jpeg\" \/>\n<meta name=\"author\" content=\"OFI_WP\" \/>\n<meta name=\"twitter:card\" content=\"summary_large_image\" \/>\n<meta name=\"twitter:label1\" content=\"Verfasst von\" \/>\n\t<meta name=\"twitter:data1\" content=\"OFI_WP\" \/>\n\t<meta name=\"twitter:label2\" content=\"Gesch\u00e4tzte Lesezeit\" \/>\n\t<meta name=\"twitter:data2\" content=\"2\u00a0Minuten\" \/>\n<script type=\"application\/ld+json\" class=\"yoast-schema-graph\">{\"@context\":\"https:\\\/\\\/schema.org\",\"@graph\":[{\"@type\":\"Article\",\"@id\":\"https:\\\/\\\/offenbacher-friedensinitiative.de\\\/?p=11190#article\",\"isPartOf\":{\"@id\":\"https:\\\/\\\/offenbacher-friedensinitiative.de\\\/?p=11190\"},\"author\":{\"name\":\"OFI_WP\",\"@id\":\"https:\\\/\\\/offenbacher-friedensinitiative.de\\\/#\\\/schema\\\/person\\\/5ec566fcb70420f878023349a111f19f\"},\"headline\":\"Damit nicht alles baden geht\",\"datePublished\":\"2020-12-07T18:37:00+00:00\",\"dateModified\":\"2020-12-11T11:50:55+00:00\",\"mainEntityOfPage\":{\"@id\":\"https:\\\/\\\/offenbacher-friedensinitiative.de\\\/?p=11190\"},\"wordCount\":363,\"publisher\":{\"@id\":\"https:\\\/\\\/offenbacher-friedensinitiative.de\\\/#organization\"},\"image\":{\"@id\":\"https:\\\/\\\/offenbacher-friedensinitiative.de\\\/?p=11190#primaryimage\"},\"thumbnailUrl\":\"https:\\\/\\\/offenbacher-friedensinitiative.de\\\/wp-content\\\/uploads\\\/2020\\\/12\\\/die-Kultur-geht-gaenzlich-baden-e1607366539232.jpg\",\"articleSection\":[\"Aktionen\",\"Offenbach\"],\"inLanguage\":\"de\"},{\"@type\":\"WebPage\",\"@id\":\"https:\\\/\\\/offenbacher-friedensinitiative.de\\\/?p=11190\",\"url\":\"https:\\\/\\\/offenbacher-friedensinitiative.de\\\/?p=11190\",\"name\":\"Damit nicht alles baden geht - Offenbacher FriedensInitiative - OFI\",\"isPartOf\":{\"@id\":\"https:\\\/\\\/offenbacher-friedensinitiative.de\\\/#website\"},\"primaryImageOfPage\":{\"@id\":\"https:\\\/\\\/offenbacher-friedensinitiative.de\\\/?p=11190#primaryimage\"},\"image\":{\"@id\":\"https:\\\/\\\/offenbacher-friedensinitiative.de\\\/?p=11190#primaryimage\"},\"thumbnailUrl\":\"https:\\\/\\\/offenbacher-friedensinitiative.de\\\/wp-content\\\/uploads\\\/2020\\\/12\\\/die-Kultur-geht-gaenzlich-baden-e1607366539232.jpg\",\"datePublished\":\"2020-12-07T18:37:00+00:00\",\"dateModified\":\"2020-12-11T11:50:55+00:00\",\"description\":\"Die Bedingungen waren nicht g\u00fcnstig. Es war tr\u00fcb und feuchtkalt. Wir mussten wegen Corona den Bereich der Kundgebung absperren.\",\"breadcrumb\":{\"@id\":\"https:\\\/\\\/offenbacher-friedensinitiative.de\\\/?p=11190#breadcrumb\"},\"inLanguage\":\"de\",\"potentialAction\":[{\"@type\":\"ReadAction\",\"target\":[\"https:\\\/\\\/offenbacher-friedensinitiative.de\\\/?p=11190\"]}]},{\"@type\":\"ImageObject\",\"inLanguage\":\"de\",\"@id\":\"https:\\\/\\\/offenbacher-friedensinitiative.de\\\/?p=11190#primaryimage\",\"url\":\"https:\\\/\\\/offenbacher-friedensinitiative.de\\\/wp-content\\\/uploads\\\/2020\\\/12\\\/die-Kultur-geht-gaenzlich-baden-e1607366539232.jpg\",\"contentUrl\":\"https:\\\/\\\/offenbacher-friedensinitiative.de\\\/wp-content\\\/uploads\\\/2020\\\/12\\\/die-Kultur-geht-gaenzlich-baden-e1607366539232.jpg\",\"width\":920,\"height\":460},{\"@type\":\"BreadcrumbList\",\"@id\":\"https:\\\/\\\/offenbacher-friedensinitiative.de\\\/?p=11190#breadcrumb\",\"itemListElement\":[{\"@type\":\"ListItem\",\"position\":1,\"name\":\"Startseite\",\"item\":\"https:\\\/\\\/offenbacher-friedensinitiative.de\\\/\"},{\"@type\":\"ListItem\",\"position\":2,\"name\":\"Damit nicht alles baden geht\"}]},{\"@type\":\"WebSite\",\"@id\":\"https:\\\/\\\/offenbacher-friedensinitiative.de\\\/#website\",\"url\":\"https:\\\/\\\/offenbacher-friedensinitiative.de\\\/\",\"name\":\"Offenbacher FriedensInitiative\",\"description\":\"Abr\u00fcsten statt Aufr\u00fcsten |- Kriege beenden | R\u00fcstungsexporte stoppen\",\"publisher\":{\"@id\":\"https:\\\/\\\/offenbacher-friedensinitiative.de\\\/#organization\"},\"potentialAction\":[{\"@type\":\"SearchAction\",\"target\":{\"@type\":\"EntryPoint\",\"urlTemplate\":\"https:\\\/\\\/offenbacher-friedensinitiative.de\\\/?s={search_term_string}\"},\"query-input\":{\"@type\":\"PropertyValueSpecification\",\"valueRequired\":true,\"valueName\":\"search_term_string\"}}],\"inLanguage\":\"de\"},{\"@type\":\"Organization\",\"@id\":\"https:\\\/\\\/offenbacher-friedensinitiative.de\\\/#organization\",\"name\":\"Offenbacher Friedensinitiative\",\"url\":\"https:\\\/\\\/offenbacher-friedensinitiative.de\\\/\",\"logo\":{\"@type\":\"ImageObject\",\"inLanguage\":\"de\",\"@id\":\"https:\\\/\\\/offenbacher-friedensinitiative.de\\\/#\\\/schema\\\/logo\\\/image\\\/\",\"url\":\"https:\\\/\\\/offenbacher-friedensinitiative.de\\\/wp-content\\\/uploads\\\/2019\\\/03\\\/cropped-Transparen-logo.jpg\",\"contentUrl\":\"https:\\\/\\\/offenbacher-friedensinitiative.de\\\/wp-content\\\/uploads\\\/2019\\\/03\\\/cropped-Transparen-logo.jpg\",\"width\":1036,\"height\":227,\"caption\":\"Offenbacher Friedensinitiative\"},\"image\":{\"@id\":\"https:\\\/\\\/offenbacher-friedensinitiative.de\\\/#\\\/schema\\\/logo\\\/image\\\/\"}},{\"@type\":\"Person\",\"@id\":\"https:\\\/\\\/offenbacher-friedensinitiative.de\\\/#\\\/schema\\\/person\\\/5ec566fcb70420f878023349a111f19f\",\"name\":\"OFI_WP\"}]}<\/script>\n<!-- \/ Yoast SEO plugin. -->","yoast_head_json":{"title":"Damit nicht alles baden geht - Offenbacher FriedensInitiative - OFI","description":"Die Bedingungen waren nicht g\u00fcnstig. Es war tr\u00fcb und feuchtkalt. Wir mussten wegen Corona den Bereich der Kundgebung absperren.","robots":{"index":"index","follow":"follow","max-snippet":"max-snippet:-1","max-image-preview":"max-image-preview:large","max-video-preview":"max-video-preview:-1"},"canonical":"https:\/\/offenbacher-friedensinitiative.de\/?p=11190","og_locale":"de_DE","og_type":"article","og_title":"Damit nicht alles baden geht - Offenbacher FriedensInitiative - OFI","og_description":"Die Bedingungen waren nicht g\u00fcnstig. Es war tr\u00fcb und feuchtkalt. Wir mussten wegen Corona den Bereich der Kundgebung absperren.","og_url":"https:\/\/offenbacher-friedensinitiative.de\/?p=11190","og_site_name":"Offenbacher FriedensInitiative - OFI","article_published_time":"2020-12-07T18:37:00+00:00","article_modified_time":"2020-12-11T11:50:55+00:00","og_image":[{"width":920,"height":460,"url":"https:\/\/offenbacher-friedensinitiative.de\/wp-content\/uploads\/2020\/12\/die-Kultur-geht-gaenzlich-baden-e1607366539232.jpg","type":"image\/jpeg"}],"author":"OFI_WP","twitter_card":"summary_large_image","twitter_misc":{"Verfasst von":"OFI_WP","Gesch\u00e4tzte Lesezeit":"2\u00a0Minuten"},"schema":{"@context":"https:\/\/schema.org","@graph":[{"@type":"Article","@id":"https:\/\/offenbacher-friedensinitiative.de\/?p=11190#article","isPartOf":{"@id":"https:\/\/offenbacher-friedensinitiative.de\/?p=11190"},"author":{"name":"OFI_WP","@id":"https:\/\/offenbacher-friedensinitiative.de\/#\/schema\/person\/5ec566fcb70420f878023349a111f19f"},"headline":"Damit nicht alles baden geht","datePublished":"2020-12-07T18:37:00+00:00","dateModified":"2020-12-11T11:50:55+00:00","mainEntityOfPage":{"@id":"https:\/\/offenbacher-friedensinitiative.de\/?p=11190"},"wordCount":363,"publisher":{"@id":"https:\/\/offenbacher-friedensinitiative.de\/#organization"},"image":{"@id":"https:\/\/offenbacher-friedensinitiative.de\/?p=11190#primaryimage"},"thumbnailUrl":"https:\/\/offenbacher-friedensinitiative.de\/wp-content\/uploads\/2020\/12\/die-Kultur-geht-gaenzlich-baden-e1607366539232.jpg","articleSection":["Aktionen","Offenbach"],"inLanguage":"de"},{"@type":"WebPage","@id":"https:\/\/offenbacher-friedensinitiative.de\/?p=11190","url":"https:\/\/offenbacher-friedensinitiative.de\/?p=11190","name":"Damit nicht alles baden geht - Offenbacher FriedensInitiative - OFI","isPartOf":{"@id":"https:\/\/offenbacher-friedensinitiative.de\/#website"},"primaryImageOfPage":{"@id":"https:\/\/offenbacher-friedensinitiative.de\/?p=11190#primaryimage"},"image":{"@id":"https:\/\/offenbacher-friedensinitiative.de\/?p=11190#primaryimage"},"thumbnailUrl":"https:\/\/offenbacher-friedensinitiative.de\/wp-content\/uploads\/2020\/12\/die-Kultur-geht-gaenzlich-baden-e1607366539232.jpg","datePublished":"2020-12-07T18:37:00+00:00","dateModified":"2020-12-11T11:50:55+00:00","description":"Die Bedingungen waren nicht g\u00fcnstig. Es war tr\u00fcb und feuchtkalt. Wir mussten wegen Corona den Bereich der Kundgebung absperren.","breadcrumb":{"@id":"https:\/\/offenbacher-friedensinitiative.de\/?p=11190#breadcrumb"},"inLanguage":"de","potentialAction":[{"@type":"ReadAction","target":["https:\/\/offenbacher-friedensinitiative.de\/?p=11190"]}]},{"@type":"ImageObject","inLanguage":"de","@id":"https:\/\/offenbacher-friedensinitiative.de\/?p=11190#primaryimage","url":"https:\/\/offenbacher-friedensinitiative.de\/wp-content\/uploads\/2020\/12\/die-Kultur-geht-gaenzlich-baden-e1607366539232.jpg","contentUrl":"https:\/\/offenbacher-friedensinitiative.de\/wp-content\/uploads\/2020\/12\/die-Kultur-geht-gaenzlich-baden-e1607366539232.jpg","width":920,"height":460},{"@type":"BreadcrumbList","@id":"https:\/\/offenbacher-friedensinitiative.de\/?p=11190#breadcrumb","itemListElement":[{"@type":"ListItem","position":1,"name":"Startseite","item":"https:\/\/offenbacher-friedensinitiative.de\/"},{"@type":"ListItem","position":2,"name":"Damit nicht alles baden geht"}]},{"@type":"WebSite","@id":"https:\/\/offenbacher-friedensinitiative.de\/#website","url":"https:\/\/offenbacher-friedensinitiative.de\/","name":"Offenbacher FriedensInitiative","description":"Abr\u00fcsten statt Aufr\u00fcsten |- Kriege beenden | R\u00fcstungsexporte stoppen","publisher":{"@id":"https:\/\/offenbacher-friedensinitiative.de\/#organization"},"potentialAction":[{"@type":"SearchAction","target":{"@type":"EntryPoint","urlTemplate":"https:\/\/offenbacher-friedensinitiative.de\/?s={search_term_string}"},"query-input":{"@type":"PropertyValueSpecification","valueRequired":true,"valueName":"search_term_string"}}],"inLanguage":"de"},{"@type":"Organization","@id":"https:\/\/offenbacher-friedensinitiative.de\/#organization","name":"Offenbacher Friedensinitiative","url":"https:\/\/offenbacher-friedensinitiative.de\/","logo":{"@type":"ImageObject","inLanguage":"de","@id":"https:\/\/offenbacher-friedensinitiative.de\/#\/schema\/logo\/image\/","url":"https:\/\/offenbacher-friedensinitiative.de\/wp-content\/uploads\/2019\/03\/cropped-Transparen-logo.jpg","contentUrl":"https:\/\/offenbacher-friedensinitiative.de\/wp-content\/uploads\/2019\/03\/cropped-Transparen-logo.jpg","width":1036,"height":227,"caption":"Offenbacher Friedensinitiative"},"image":{"@id":"https:\/\/offenbacher-friedensinitiative.de\/#\/schema\/logo\/image\/"}},{"@type":"Person","@id":"https:\/\/offenbacher-friedensinitiative.de\/#\/schema\/person\/5ec566fcb70420f878023349a111f19f","name":"OFI_WP"}]}},"_links":{"self":[{"href":"https:\/\/offenbacher-friedensinitiative.de\/index.php?rest_route=\/wp\/v2\/posts\/11190","targetHints":{"allow":["GET"]}}],"collection":[{"href":"https:\/\/offenbacher-friedensinitiative.de\/index.php?rest_route=\/wp\/v2\/posts"}],"about":[{"href":"https:\/\/offenbacher-friedensinitiative.de\/index.php?rest_route=\/wp\/v2\/types\/post"}],"author":[{"embeddable":true,"href":"https:\/\/offenbacher-friedensinitiative.de\/index.php?rest_route=\/wp\/v2\/users\/1"}],"replies":[{"embeddable":true,"href":"https:\/\/offenbacher-friedensinitiative.de\/index.php?rest_route=%2Fwp%2Fv2%2Fcomments&post=11190"}],"version-history":[{"count":8,"href":"https:\/\/offenbacher-friedensinitiative.de\/index.php?rest_route=\/wp\/v2\/posts\/11190\/revisions"}],"predecessor-version":[{"id":11207,"href":"https:\/\/offenbacher-friedensinitiative.de\/index.php?rest_route=\/wp\/v2\/posts\/11190\/revisions\/11207"}],"wp:featuredmedia":[{"embeddable":true,"href":"https:\/\/offenbacher-friedensinitiative.de\/index.php?rest_route=\/wp\/v2\/media\/11194"}],"wp:attachment":[{"href":"https:\/\/offenbacher-friedensinitiative.de\/index.php?rest_route=%2Fwp%2Fv2%2Fmedia&parent=11190"}],"wp:term":[{"taxonomy":"category","embeddable":true,"href":"https:\/\/offenbacher-friedensinitiative.de\/index.php?rest_route=%2Fwp%2Fv2%2Fcategories&post=11190"},{"taxonomy":"post_tag","embeddable":true,"href":"https:\/\/offenbacher-friedensinitiative.de\/index.php?rest_route=%2Fwp%2Fv2%2Ftags&post=11190"}],"curies":[{"name":"wp","href":"https:\/\/api.w.org\/{rel}","templated":true}]}}