{"id":11263,"date":"2021-06-23T18:06:49","date_gmt":"2021-06-23T16:06:49","guid":{"rendered":"https:\/\/offenbacher-friedensinitiative.de\/?p=11263"},"modified":"2023-12-20T09:52:43","modified_gmt":"2023-12-20T08:52:43","slug":"gedenken-an-den-ueberfall-auf-die-sowjetunion-vor-80-jahren","status":"publish","type":"post","link":"https:\/\/offenbacher-friedensinitiative.de\/?p=11263","title":{"rendered":"Gedenken an den \u00dcberfall auf die Sowjetunion vor 80 Jahren"},"content":{"rendered":"<div id=\"pl-11263\"  class=\"panel-layout\" ><div id=\"pg-11263-0\"  class=\"panel-grid panel-no-style\" ><div id=\"pgc-11263-0-0\"  class=\"panel-grid-cell\" ><div id=\"panel-11263-0-0-0\" class=\"so-panel widget widget_sow-editor panel-first-child\" data-index=\"0\" ><div\n\t\t\t\n\t\t\tclass=\"so-widget-sow-editor so-widget-sow-editor-base\"\n\t\t\t\n\t\t>\n<div class=\"siteorigin-widget-tinymce textwidget\">\n\t<p><span style=\"font-size: 14pt;\">Am 22. Juni trafen sich ca. 50 Menschen zum Gedenken an die Opfer dieses \u00dcberfalls. Die erste Station war der Gedenkstein f\u00fcr die in Offenbach umgekommenen Zwangsarbeiter*innen. Heike St\u00e4dter f\u00fchrte uns mit Musik in die Veranstaltung.<\/span><\/p>\n<p><span style=\"font-size: 14pt;\">Als erster Redner f\u00fchrte Wolfgang Reuter - ehemaliger Oberb\u00fcrgermeister der Stadt Offenbach am Main - uns die historischen Zusammenh\u00e4nge dieses \u00dcberfalls vor Augen.<\/span><\/p>\n<p><span style=\"font-size: 14pt;\">Dann wurde am Gedenkstein f\u00fcr Zwangsarbeiter eine Textcollage zu Geh\u00f6r gebracht, die Barbara Leissing (VVN-BdA) zusammengestellt hatte.\u00a0Darin ging es um die Schicksale der Zwangsarbeiter*innen, wie sie verschleppt wurden, wie sie in Offenbach vegetieren mussten, wie mitleidlos sie behandelt wurden und auch wie ihnen im Nachkriegsdeutschland immer noch kein Recht zuteil wurde. Es trugen vor: Hibba Kauser (Jusos und 069 vs racism), Daniel Siefka, Clara Teichmann (SSR) und Lissy Maier.<\/span><\/p>\n<p><span style=\"font-size: 14pt;\">Jochen Zietlow (OFI) und Clara Teichmann legten im Anschluss den Kranz des B\u00fcndnisses am Gedenkstein nieder.<\/span><\/p>\n<p><span style=\"font-size: 14pt;\">Die Teilnehmer*innen der Veranstaltung zogen danach zum Gr\u00e4berfeld der Zwangsarbeiter*innen. Dort wurde der Kranz des Klubs Offenbach-Orjol niedergelegt. Werner Frei, der Vorsitzende des Klubs, erinnerte in seinen Gedenkworten an die lange Geschichte der Beziehungen zwischen Deutschland und Russland. Er warb f\u00fcr Verst\u00e4ndigung mit den V\u00f6lkern der ehemaligen Sowjetunion und wies auf die v\u00f6lkerverbindende Wirkung der St\u00e4dtepartnerschaften hin.\u00a0 An dem Gedenken der Opfer beteiligte sich auch die Gesellschaft f\u00fcr Christlich-J\u00fcdische Zusammenarbeitetest Offenbach.<br \/>\n<\/span><\/p>\n<p><span style=\"font-size: 14pt;\">Spontan legten Sch\u00fclerinnen der Schillerschule Offenbach Blumen an den Grabsteinen nieder und z\u00fcndeten Kerzen an.<\/span><\/p>\n<p><span style=\"font-size: 14pt;\">Schlie\u00dflich wandte sich noch Christa F\u00fchrer-R\u00f6\u00dfmann f\u00fcr die OFI und das B\u00fcndnis gegen Feindbilder, vor allem in Bezug auf Russland. Sie verkn\u00fcpfte dies mit Forderungen an die Bundesregierung, wirksame Schritte in Richtung auf Verst\u00e4ndigung mit Russland, ein neues Vertragswerk zur R\u00fcstungskontrolle und Abr\u00fcstung zu tun. Sie schloss mit den Worten: \u201eVerst\u00e4ndigung tr\u00e4gt dazu bei diese Welt lebenswert zu erhalten. Nur gemeinsam haben wir eine Zukunft.\u201c<\/span><\/p>\n<p><span style=\"font-size: 14pt;\">Zum Abschluss trug Gabriele Scholz das Gedicht von Jewgeni Jewtuschenko \u201eMeinst du die Russen wollen Krieg?\u201c auf russisch und deutsch vor. Heike St\u00e4dter spielte die Melodie der Vertonung dieses Gedichts.<\/span><\/p>\n<\/div>\n<\/div><\/div><div id=\"panel-11263-0-0-1\" class=\"so-panel widget widget_sow-editor panel-last-child\" data-index=\"1\" ><div\n\t\t\t\n\t\t\tclass=\"so-widget-sow-editor so-widget-sow-editor-base\"\n\t\t\t\n\t\t>\n<div class=\"siteorigin-widget-tinymce textwidget\">\n\t<h2>Redebeitr\u00e4ge (PDF)<\/h2>\n<p><a href=\"https:\/\/offenbacher-friedensinitiative.de\/wp-content\/uploads\/wppa-source\/album-26\/Gedenkwort-zum-80.-Jahrestag-des-Ueberfalls-von-Nazi-Deutschland-auf-die-UDSSR.pdf\" target=\"_blank\" rel=\"noopener noreferrer\">Werner Frei - Klub Offenbach-Orjol<\/a><br \/>\n<a href=\"https:\/\/offenbacher-friedensinitiative.de\/wp-content\/uploads\/wppa-source\/album-26\/Rede-Christa-Fuehrer-Roessmann-zum-22.6..pdf\" target=\"_blank\" rel=\"noopener noreferrer\">Christa F\u00fchrer-R\u00f6\u00dfmann - Offenbacher Friedensinitiative (OFI)<\/a><\/p>\n<\/div>\n<\/div><\/div><\/div><\/div><div id=\"pg-11263-1\"  class=\"panel-grid panel-no-style\" ><div id=\"pgc-11263-1-0\"  class=\"panel-grid-cell\" ><div id=\"panel-11263-1-0-0\" class=\"so-panel widget widget_sow-editor panel-first-child panel-last-child\" data-index=\"2\" ><div\n\t\t\t\n\t\t\tclass=\"so-widget-sow-editor so-widget-sow-editor-base\"\n\t\t\t\n\t\t>\n<div class=\"siteorigin-widget-tinymce textwidget\">\n\t<p> \n<!-- Start container 1 --><div id=\"wppa-modal-container-1\" class=\"wppa-modal-container\" style=\"position:relative;z-index:100000;\" data-wppa=\"yes\" ontouchmove=\"event.stopPropagation();\"><\/div><div id=\"wppa-container-wrapper-1\" class=\"alignnone wppa-container-wrapper \" style=\"width:100%;clear:both;padding:0;position:relative;\"><div id=\"wppa-container-1\" style=\"width:100%;\" class=\"wppa-container wppa-container-1 wppa-rev-9111001 wppa-prevrev-9110011 wppa-theme-9.1.11.001 wppa-api-9.1.11.001\"><svg id=\"wppa-ajax-spin-1\" class=\"wppa-ajax-spin uil-default\" width=\"120px\" height=\"120px\" viewBox=\"0 0 135 135\" preserveAspectRatio=\"xMidYMid\" stroke=\"\" style=\"width:120px; height:120px; position:fixed; top:50%; margin-top:-60px; left:50%; margin-left:-60px; opacity:1; display:none; fill:#666666; background-color:transparent; border-radius:24px;\"><path d=\"M67.447 58c5.523 0 10-4.477 10-10s-4.477-10-10-10-10 4.477-10 10 4.477 10 10 10zm9.448 9.447c0 5.523 4.477 10 10 10 5.522 0 10-4.477 10-10s-4.478-10-10-10c-5.523 0-10 4.477-10 10zm-9.448 9.448c-5.523 0-10 4.477-10 10 0 5.522 4.477 10 10 10s10-4.478 10-10c0-5.523-4.477-10-10-10zM58 67.447c0-5.523-4.477-10-10-10s-10 4.477-10 10 4.477 10 10 10 10-4.477 10-10z\"><animateTransform attributeName=\"transform\" type=\"rotate\" from=\"0 67 67\" to=\"-360 67 67\" dur=\"2.5s\" repeatCount=\"indefinite\" ><\/path><path d=\"M28.19 40.31c6.627 0 12-5.374 12-12 0-6.628-5.373-12-12-12-6.628 0-12 5.372-12 12 0 6.626 5.372 12 12 12zm30.72-19.825c4.686 4.687 12.284 4.687 16.97 0 4.686-4.686 4.686-12.284 0-16.97-4.686-4.687-12.284-4.687-16.97 0-4.687 4.686-4.687 12.284 0 16.97zm35.74 7.705c0 6.627 5.37 12 12 12 6.626 0 12-5.373 12-12 0-6.628-5.374-12-12-12-6.63 0-12 5.372-12 12zm19.822 30.72c-4.686 4.686-4.686 12.284 0 16.97 4.687 4.686 12.285 4.686 16.97 0 4.687-4.686 4.687-12.284 0-16.97-4.685-4.687-12.283-4.687-16.97 0zm-7.704 35.74c-6.627 0-12 5.37-12 12 0 6.626 5.373 12 12 12s12-5.374 12-12c0-6.63-5.373-12-12-12zm-30.72 19.822c-4.686-4.686-12.284-4.686-16.97 0-4.686 4.687-4.686 12.285 0 16.97 4.686 4.687 12.284 4.687 16.97 0 4.687-4.685 4.687-12.283 0-16.97zm-35.74-7.704c0-6.627-5.372-12-12-12-6.626 0-12 5.373-12 12s5.374 12 12 12c6.628 0 12-5.373 12-12zm-19.823-30.72c4.687-4.686 4.687-12.284 0-16.97-4.686-4.686-12.284-4.686-16.97 0-4.687 4.686-4.687 12.284 0 16.97 4.686 4.687 12.284 4.687 16.97 0z\"><animateTransform attributeName=\"transform\" type=\"rotate\" from=\"0 67 67\" to=\"360 67 67\" dur=\"8s\" repeatCount=\"indefinite\" ><\/path><\/svg><input type=\"hidden\" id=\"wppa-nonce-0-1\" name=\"wppa-nonce\" value=\"2121000098\" ><div style=\"clear:both;\"><\/div><div id=\"wppa-container-1-end\"><\/div><\/div><\/div>\n<!-- End [wppa type=\"content\" album=\"32\" cache=\"inf\" delay=\"yes\"] \/index.php?rest_route=%2Fwp%2Fv2%2Fposts%2F11263 oc 1 7 queries in 3.3 ms. at 06:42. Max mem: 78.00 Mb. (delayed) --><br \/>\n \n<!-- Start container 2 --><div id=\"wppa-modal-container-2\" class=\"wppa-modal-container\" style=\"position:relative;z-index:100000;\" data-wppa=\"yes\" ontouchmove=\"event.stopPropagation();\"><\/div><div id=\"wppa-container-wrapper-2\" class=\"alignnone wppa-container-wrapper \" style=\"width:100%;clear:both;padding:0;position:relative;\"><div id=\"wppa-container-2\" style=\"width:100%;\" class=\"wppa-container wppa-container-2 wppa-rev-9111001 wppa-prevrev-9110011 wppa-theme-9.1.11.001 wppa-api-9.1.11.001\"><svg id=\"wppa-ajax-spin-2\" class=\"wppa-ajax-spin uil-default\" width=\"120px\" height=\"120px\" viewBox=\"0 0 135 135\" preserveAspectRatio=\"xMidYMid\" stroke=\"\" style=\"width:120px; height:120px; position:fixed; top:50%; margin-top:-60px; left:50%; margin-left:-60px; opacity:1; display:none; fill:#666666; background-color:transparent; border-radius:24px;\"><path d=\"M67.447 58c5.523 0 10-4.477 10-10s-4.477-10-10-10-10 4.477-10 10 4.477 10 10 10zm9.448 9.447c0 5.523 4.477 10 10 10 5.522 0 10-4.477 10-10s-4.478-10-10-10c-5.523 0-10 4.477-10 10zm-9.448 9.448c-5.523 0-10 4.477-10 10 0 5.522 4.477 10 10 10s10-4.478 10-10c0-5.523-4.477-10-10-10zM58 67.447c0-5.523-4.477-10-10-10s-10 4.477-10 10 4.477 10 10 10 10-4.477 10-10z\"><animateTransform attributeName=\"transform\" type=\"rotate\" from=\"0 67 67\" to=\"-360 67 67\" dur=\"2.5s\" repeatCount=\"indefinite\" ><\/path><path d=\"M28.19 40.31c6.627 0 12-5.374 12-12 0-6.628-5.373-12-12-12-6.628 0-12 5.372-12 12 0 6.626 5.372 12 12 12zm30.72-19.825c4.686 4.687 12.284 4.687 16.97 0 4.686-4.686 4.686-12.284 0-16.97-4.686-4.687-12.284-4.687-16.97 0-4.687 4.686-4.687 12.284 0 16.97zm35.74 7.705c0 6.627 5.37 12 12 12 6.626 0 12-5.373 12-12 0-6.628-5.374-12-12-12-6.63 0-12 5.372-12 12zm19.822 30.72c-4.686 4.686-4.686 12.284 0 16.97 4.687 4.686 12.285 4.686 16.97 0 4.687-4.686 4.687-12.284 0-16.97-4.685-4.687-12.283-4.687-16.97 0zm-7.704 35.74c-6.627 0-12 5.37-12 12 0 6.626 5.373 12 12 12s12-5.374 12-12c0-6.63-5.373-12-12-12zm-30.72 19.822c-4.686-4.686-12.284-4.686-16.97 0-4.686 4.687-4.686 12.285 0 16.97 4.686 4.687 12.284 4.687 16.97 0 4.687-4.685 4.687-12.283 0-16.97zm-35.74-7.704c0-6.627-5.372-12-12-12-6.626 0-12 5.373-12 12s5.374 12 12 12c6.628 0 12-5.373 12-12zm-19.823-30.72c4.687-4.686 4.687-12.284 0-16.97-4.686-4.686-12.284-4.686-16.97 0-4.687 4.686-4.687 12.284 0 16.97 4.686 4.687 12.284 4.687 16.97 0z\"><animateTransform attributeName=\"transform\" type=\"rotate\" from=\"0 67 67\" to=\"360 67 67\" dur=\"8s\" repeatCount=\"indefinite\" ><\/path><\/svg><input type=\"hidden\" id=\"wppa-nonce-0-2\" name=\"wppa-nonce\" value=\"2121000098\" ><div style=\"clear:both;\"><\/div><div id=\"wppa-container-2-end\"><\/div><\/div><\/div>\n<!-- End [wppa type=\"content\" album=\"31\" cache=\"inf\" delay=\"yes\"] \/index.php?rest_route=%2Fwp%2Fv2%2Fposts%2F11263 oc 2 0 queries in 0.2 ms. at 06:42. Max mem: 78.00 Mb. (delayed) --><\/p>\n<p style=\"text-align: center;\"><span style=\"font-size: 10pt;\">\u00a9\u00a0Fotografien: <a href=\"https:\/\/photo-auge.de\" target=\"_blank\" rel=\"noopener noreferrer\">Manfred R\u00f6\u00dfmann\u00a0<\/a><\/span><\/p>\n<\/div>\n<\/div><\/div><\/div><\/div><div id=\"pg-11263-2\"  class=\"panel-grid panel-no-style\" ><div id=\"pgc-11263-2-0\"  class=\"panel-grid-cell\" ><div id=\"panel-11263-2-0-0\" class=\"so-panel widget widget_sow-editor panel-first-child panel-last-child\" data-index=\"3\" ><div\n\t\t\t\n\t\t\tclass=\"so-widget-sow-editor so-widget-sow-editor-base\"\n\t\t\t\n\t\t>\n<div class=\"siteorigin-widget-tinymce textwidget\">\n\t<h2>Weitere Links<\/h2>\n<p><a href=\"https:\/\/photo-auge.de\/mahnmal_zwangsarbeiter\/\" target=\"_blank\" rel=\"noopener noreferrer\">Informationen zum Gedenkstein f\u00fcr die Zwangsarbeiter*innen<\/a><br \/>\n<a href=\"https:\/\/photo-auge.de\/gedenkstein-gegen-rassismus\/\" target=\"_blank\" rel=\"noopener noreferrer\">Informationen zum Gr\u00e4berfeld f\u00fcr die Zwangsarbeiter*innen<\/a><br \/>\n<a href=\"http:\/\/www.drfg-th.de\/index.php?menuid=18&amp;reporeid=131\/\" target=\"_blank\" rel=\"noopener noreferrer\">Text: Meinst du, die Russen wollen Krieg?<\/a><br \/>\n<a href=\"https:\/\/www.bundespraesident.de\/SharedDocs\/Reden\/DE\/Frank-Walter-Steinmeier\/Reden\/2021\/06\/210618-D-Russ-Museum-Karlshorst.html\">Rede des Bundespr\u00e4sidenten zum \u00dcberfall<\/a><\/p>\n<\/div>\n<\/div><\/div><\/div><\/div><\/div>","protected":false},"excerpt":{"rendered":"<p>Am 22. Juni trafen sich ca. 50 Menschen zum Gedenken an die Opfer dieses \u00dcberfalls. Die erste Station war der Gedenkstein f\u00fcr die in Offenbach<span class=\"more-link\"><a href=\"https:\/\/offenbacher-friedensinitiative.de\/?p=11263\">Weiterlesen &#8230;<\/a><\/span><\/p>\n","protected":false},"author":1,"featured_media":11265,"comment_status":"closed","ping_status":"closed","sticky":false,"template":"","format":"standard","meta":{"footnotes":""},"categories":[5,56],"tags":[],"class_list":["entry","author-ofi_wp","post-11263","post","type-post","status-publish","format-standard","has-post-thumbnail","category-aktionen","category-offenbach"],"yoast_head":"<!-- This site is optimized with the Yoast SEO plugin v27.5 - https:\/\/yoast.com\/product\/yoast-seo-wordpress\/ -->\n<title>Gedenken an den \u00dcberfall auf die Sowjetunion vor 80 Jahren - Offenbacher FriedensInitiative - OFI<\/title>\n<meta name=\"description\" content=\"Am 22. Juni trafen sich ca. 50 Menschen zum Gedenken an die Opfer dieses \u00dcberfalls. Die erste Station war der Gedenkstein f\u00fcr die Zwangsarbeiter*innen.\" \/>\n<meta name=\"robots\" content=\"index, follow, max-snippet:-1, max-image-preview:large, max-video-preview:-1\" \/>\n<link rel=\"canonical\" href=\"https:\/\/offenbacher-friedensinitiative.de\/?p=11263\" \/>\n<meta property=\"og:locale\" content=\"de_DE\" \/>\n<meta property=\"og:type\" content=\"article\" \/>\n<meta property=\"og:title\" content=\"Gedenken an den \u00dcberfall auf die Sowjetunion vor 80 Jahren - Offenbacher FriedensInitiative - OFI\" \/>\n<meta property=\"og:description\" content=\"Am 22. Juni trafen sich ca. 50 Menschen zum Gedenken an die Opfer dieses \u00dcberfalls. Die erste Station war der Gedenkstein f\u00fcr die Zwangsarbeiter*innen.\" \/>\n<meta property=\"og:url\" content=\"https:\/\/offenbacher-friedensinitiative.de\/?p=11263\" \/>\n<meta property=\"og:site_name\" content=\"Offenbacher FriedensInitiative - OFI\" \/>\n<meta property=\"article:published_time\" content=\"2021-06-23T16:06:49+00:00\" \/>\n<meta property=\"article:modified_time\" content=\"2023-12-20T08:52:43+00:00\" \/>\n<meta property=\"og:image\" content=\"https:\/\/offenbacher-friedensinitiative.de\/wp-content\/uploads\/2021\/06\/Rose-am-Kindergrab-e1624464306538.jpg\" \/>\n\t<meta property=\"og:image:width\" content=\"1000\" \/>\n\t<meta property=\"og:image:height\" content=\"500\" \/>\n\t<meta property=\"og:image:type\" content=\"image\/jpeg\" \/>\n<meta name=\"author\" content=\"OFI_WP\" \/>\n<meta name=\"twitter:card\" content=\"summary_large_image\" \/>\n<meta name=\"twitter:label1\" content=\"Verfasst von\" \/>\n\t<meta name=\"twitter:data1\" content=\"OFI_WP\" \/>\n\t<meta name=\"twitter:label2\" content=\"Gesch\u00e4tzte Lesezeit\" \/>\n\t<meta name=\"twitter:data2\" content=\"9\u00a0Minuten\" \/>\n<script type=\"application\/ld+json\" class=\"yoast-schema-graph\">{\"@context\":\"https:\\\/\\\/schema.org\",\"@graph\":[{\"@type\":\"Article\",\"@id\":\"https:\\\/\\\/offenbacher-friedensinitiative.de\\\/?p=11263#article\",\"isPartOf\":{\"@id\":\"https:\\\/\\\/offenbacher-friedensinitiative.de\\\/?p=11263\"},\"author\":{\"name\":\"OFI_WP\",\"@id\":\"https:\\\/\\\/offenbacher-friedensinitiative.de\\\/#\\\/schema\\\/person\\\/5ec566fcb70420f878023349a111f19f\"},\"headline\":\"Gedenken an den \u00dcberfall auf die Sowjetunion vor 80 Jahren\",\"datePublished\":\"2021-06-23T16:06:49+00:00\",\"dateModified\":\"2023-12-20T08:52:43+00:00\",\"mainEntityOfPage\":{\"@id\":\"https:\\\/\\\/offenbacher-friedensinitiative.de\\\/?p=11263\"},\"wordCount\":435,\"publisher\":{\"@id\":\"https:\\\/\\\/offenbacher-friedensinitiative.de\\\/#organization\"},\"image\":{\"@id\":\"https:\\\/\\\/offenbacher-friedensinitiative.de\\\/?p=11263#primaryimage\"},\"thumbnailUrl\":\"https:\\\/\\\/offenbacher-friedensinitiative.de\\\/wp-content\\\/uploads\\\/2021\\\/06\\\/Rose-am-Kindergrab-e1624464306538.jpg\",\"articleSection\":[\"Aktionen\",\"Offenbach\"],\"inLanguage\":\"de\"},{\"@type\":\"WebPage\",\"@id\":\"https:\\\/\\\/offenbacher-friedensinitiative.de\\\/?p=11263\",\"url\":\"https:\\\/\\\/offenbacher-friedensinitiative.de\\\/?p=11263\",\"name\":\"Gedenken an den \u00dcberfall auf die Sowjetunion vor 80 Jahren - Offenbacher FriedensInitiative - OFI\",\"isPartOf\":{\"@id\":\"https:\\\/\\\/offenbacher-friedensinitiative.de\\\/#website\"},\"primaryImageOfPage\":{\"@id\":\"https:\\\/\\\/offenbacher-friedensinitiative.de\\\/?p=11263#primaryimage\"},\"image\":{\"@id\":\"https:\\\/\\\/offenbacher-friedensinitiative.de\\\/?p=11263#primaryimage\"},\"thumbnailUrl\":\"https:\\\/\\\/offenbacher-friedensinitiative.de\\\/wp-content\\\/uploads\\\/2021\\\/06\\\/Rose-am-Kindergrab-e1624464306538.jpg\",\"datePublished\":\"2021-06-23T16:06:49+00:00\",\"dateModified\":\"2023-12-20T08:52:43+00:00\",\"description\":\"Am 22. Juni trafen sich ca. 50 Menschen zum Gedenken an die Opfer dieses \u00dcberfalls. Die erste Station war der Gedenkstein f\u00fcr die Zwangsarbeiter*innen.\",\"breadcrumb\":{\"@id\":\"https:\\\/\\\/offenbacher-friedensinitiative.de\\\/?p=11263#breadcrumb\"},\"inLanguage\":\"de\",\"potentialAction\":[{\"@type\":\"ReadAction\",\"target\":[\"https:\\\/\\\/offenbacher-friedensinitiative.de\\\/?p=11263\"]}]},{\"@type\":\"ImageObject\",\"inLanguage\":\"de\",\"@id\":\"https:\\\/\\\/offenbacher-friedensinitiative.de\\\/?p=11263#primaryimage\",\"url\":\"https:\\\/\\\/offenbacher-friedensinitiative.de\\\/wp-content\\\/uploads\\\/2021\\\/06\\\/Rose-am-Kindergrab-e1624464306538.jpg\",\"contentUrl\":\"https:\\\/\\\/offenbacher-friedensinitiative.de\\\/wp-content\\\/uploads\\\/2021\\\/06\\\/Rose-am-Kindergrab-e1624464306538.jpg\",\"width\":1000,\"height\":500},{\"@type\":\"BreadcrumbList\",\"@id\":\"https:\\\/\\\/offenbacher-friedensinitiative.de\\\/?p=11263#breadcrumb\",\"itemListElement\":[{\"@type\":\"ListItem\",\"position\":1,\"name\":\"Startseite\",\"item\":\"https:\\\/\\\/offenbacher-friedensinitiative.de\\\/\"},{\"@type\":\"ListItem\",\"position\":2,\"name\":\"Gedenken an den \u00dcberfall auf die Sowjetunion vor 80 Jahren\"}]},{\"@type\":\"WebSite\",\"@id\":\"https:\\\/\\\/offenbacher-friedensinitiative.de\\\/#website\",\"url\":\"https:\\\/\\\/offenbacher-friedensinitiative.de\\\/\",\"name\":\"Offenbacher FriedensInitiative\",\"description\":\"Abr\u00fcsten statt Aufr\u00fcsten |- Kriege beenden | R\u00fcstungsexporte stoppen\",\"publisher\":{\"@id\":\"https:\\\/\\\/offenbacher-friedensinitiative.de\\\/#organization\"},\"potentialAction\":[{\"@type\":\"SearchAction\",\"target\":{\"@type\":\"EntryPoint\",\"urlTemplate\":\"https:\\\/\\\/offenbacher-friedensinitiative.de\\\/?s={search_term_string}\"},\"query-input\":{\"@type\":\"PropertyValueSpecification\",\"valueRequired\":true,\"valueName\":\"search_term_string\"}}],\"inLanguage\":\"de\"},{\"@type\":\"Organization\",\"@id\":\"https:\\\/\\\/offenbacher-friedensinitiative.de\\\/#organization\",\"name\":\"Offenbacher Friedensinitiative\",\"url\":\"https:\\\/\\\/offenbacher-friedensinitiative.de\\\/\",\"logo\":{\"@type\":\"ImageObject\",\"inLanguage\":\"de\",\"@id\":\"https:\\\/\\\/offenbacher-friedensinitiative.de\\\/#\\\/schema\\\/logo\\\/image\\\/\",\"url\":\"https:\\\/\\\/offenbacher-friedensinitiative.de\\\/wp-content\\\/uploads\\\/2019\\\/03\\\/cropped-Transparen-logo.jpg\",\"contentUrl\":\"https:\\\/\\\/offenbacher-friedensinitiative.de\\\/wp-content\\\/uploads\\\/2019\\\/03\\\/cropped-Transparen-logo.jpg\",\"width\":1036,\"height\":227,\"caption\":\"Offenbacher Friedensinitiative\"},\"image\":{\"@id\":\"https:\\\/\\\/offenbacher-friedensinitiative.de\\\/#\\\/schema\\\/logo\\\/image\\\/\"}},{\"@type\":\"Person\",\"@id\":\"https:\\\/\\\/offenbacher-friedensinitiative.de\\\/#\\\/schema\\\/person\\\/5ec566fcb70420f878023349a111f19f\",\"name\":\"OFI_WP\"}]}<\/script>\n<!-- \/ Yoast SEO plugin. -->","yoast_head_json":{"title":"Gedenken an den \u00dcberfall auf die Sowjetunion vor 80 Jahren - Offenbacher FriedensInitiative - OFI","description":"Am 22. Juni trafen sich ca. 50 Menschen zum Gedenken an die Opfer dieses \u00dcberfalls. Die erste Station war der Gedenkstein f\u00fcr die Zwangsarbeiter*innen.","robots":{"index":"index","follow":"follow","max-snippet":"max-snippet:-1","max-image-preview":"max-image-preview:large","max-video-preview":"max-video-preview:-1"},"canonical":"https:\/\/offenbacher-friedensinitiative.de\/?p=11263","og_locale":"de_DE","og_type":"article","og_title":"Gedenken an den \u00dcberfall auf die Sowjetunion vor 80 Jahren - Offenbacher FriedensInitiative - OFI","og_description":"Am 22. Juni trafen sich ca. 50 Menschen zum Gedenken an die Opfer dieses \u00dcberfalls. Die erste Station war der Gedenkstein f\u00fcr die Zwangsarbeiter*innen.","og_url":"https:\/\/offenbacher-friedensinitiative.de\/?p=11263","og_site_name":"Offenbacher FriedensInitiative - OFI","article_published_time":"2021-06-23T16:06:49+00:00","article_modified_time":"2023-12-20T08:52:43+00:00","og_image":[{"width":1000,"height":500,"url":"https:\/\/offenbacher-friedensinitiative.de\/wp-content\/uploads\/2021\/06\/Rose-am-Kindergrab-e1624464306538.jpg","type":"image\/jpeg"}],"author":"OFI_WP","twitter_card":"summary_large_image","twitter_misc":{"Verfasst von":"OFI_WP","Gesch\u00e4tzte Lesezeit":"9\u00a0Minuten"},"schema":{"@context":"https:\/\/schema.org","@graph":[{"@type":"Article","@id":"https:\/\/offenbacher-friedensinitiative.de\/?p=11263#article","isPartOf":{"@id":"https:\/\/offenbacher-friedensinitiative.de\/?p=11263"},"author":{"name":"OFI_WP","@id":"https:\/\/offenbacher-friedensinitiative.de\/#\/schema\/person\/5ec566fcb70420f878023349a111f19f"},"headline":"Gedenken an den \u00dcberfall auf die Sowjetunion vor 80 Jahren","datePublished":"2021-06-23T16:06:49+00:00","dateModified":"2023-12-20T08:52:43+00:00","mainEntityOfPage":{"@id":"https:\/\/offenbacher-friedensinitiative.de\/?p=11263"},"wordCount":435,"publisher":{"@id":"https:\/\/offenbacher-friedensinitiative.de\/#organization"},"image":{"@id":"https:\/\/offenbacher-friedensinitiative.de\/?p=11263#primaryimage"},"thumbnailUrl":"https:\/\/offenbacher-friedensinitiative.de\/wp-content\/uploads\/2021\/06\/Rose-am-Kindergrab-e1624464306538.jpg","articleSection":["Aktionen","Offenbach"],"inLanguage":"de"},{"@type":"WebPage","@id":"https:\/\/offenbacher-friedensinitiative.de\/?p=11263","url":"https:\/\/offenbacher-friedensinitiative.de\/?p=11263","name":"Gedenken an den \u00dcberfall auf die Sowjetunion vor 80 Jahren - Offenbacher FriedensInitiative - OFI","isPartOf":{"@id":"https:\/\/offenbacher-friedensinitiative.de\/#website"},"primaryImageOfPage":{"@id":"https:\/\/offenbacher-friedensinitiative.de\/?p=11263#primaryimage"},"image":{"@id":"https:\/\/offenbacher-friedensinitiative.de\/?p=11263#primaryimage"},"thumbnailUrl":"https:\/\/offenbacher-friedensinitiative.de\/wp-content\/uploads\/2021\/06\/Rose-am-Kindergrab-e1624464306538.jpg","datePublished":"2021-06-23T16:06:49+00:00","dateModified":"2023-12-20T08:52:43+00:00","description":"Am 22. Juni trafen sich ca. 50 Menschen zum Gedenken an die Opfer dieses \u00dcberfalls. Die erste Station war der Gedenkstein f\u00fcr die Zwangsarbeiter*innen.","breadcrumb":{"@id":"https:\/\/offenbacher-friedensinitiative.de\/?p=11263#breadcrumb"},"inLanguage":"de","potentialAction":[{"@type":"ReadAction","target":["https:\/\/offenbacher-friedensinitiative.de\/?p=11263"]}]},{"@type":"ImageObject","inLanguage":"de","@id":"https:\/\/offenbacher-friedensinitiative.de\/?p=11263#primaryimage","url":"https:\/\/offenbacher-friedensinitiative.de\/wp-content\/uploads\/2021\/06\/Rose-am-Kindergrab-e1624464306538.jpg","contentUrl":"https:\/\/offenbacher-friedensinitiative.de\/wp-content\/uploads\/2021\/06\/Rose-am-Kindergrab-e1624464306538.jpg","width":1000,"height":500},{"@type":"BreadcrumbList","@id":"https:\/\/offenbacher-friedensinitiative.de\/?p=11263#breadcrumb","itemListElement":[{"@type":"ListItem","position":1,"name":"Startseite","item":"https:\/\/offenbacher-friedensinitiative.de\/"},{"@type":"ListItem","position":2,"name":"Gedenken an den \u00dcberfall auf die Sowjetunion vor 80 Jahren"}]},{"@type":"WebSite","@id":"https:\/\/offenbacher-friedensinitiative.de\/#website","url":"https:\/\/offenbacher-friedensinitiative.de\/","name":"Offenbacher FriedensInitiative","description":"Abr\u00fcsten statt Aufr\u00fcsten |- Kriege beenden | R\u00fcstungsexporte stoppen","publisher":{"@id":"https:\/\/offenbacher-friedensinitiative.de\/#organization"},"potentialAction":[{"@type":"SearchAction","target":{"@type":"EntryPoint","urlTemplate":"https:\/\/offenbacher-friedensinitiative.de\/?s={search_term_string}"},"query-input":{"@type":"PropertyValueSpecification","valueRequired":true,"valueName":"search_term_string"}}],"inLanguage":"de"},{"@type":"Organization","@id":"https:\/\/offenbacher-friedensinitiative.de\/#organization","name":"Offenbacher Friedensinitiative","url":"https:\/\/offenbacher-friedensinitiative.de\/","logo":{"@type":"ImageObject","inLanguage":"de","@id":"https:\/\/offenbacher-friedensinitiative.de\/#\/schema\/logo\/image\/","url":"https:\/\/offenbacher-friedensinitiative.de\/wp-content\/uploads\/2019\/03\/cropped-Transparen-logo.jpg","contentUrl":"https:\/\/offenbacher-friedensinitiative.de\/wp-content\/uploads\/2019\/03\/cropped-Transparen-logo.jpg","width":1036,"height":227,"caption":"Offenbacher Friedensinitiative"},"image":{"@id":"https:\/\/offenbacher-friedensinitiative.de\/#\/schema\/logo\/image\/"}},{"@type":"Person","@id":"https:\/\/offenbacher-friedensinitiative.de\/#\/schema\/person\/5ec566fcb70420f878023349a111f19f","name":"OFI_WP"}]}},"_links":{"self":[{"href":"https:\/\/offenbacher-friedensinitiative.de\/index.php?rest_route=\/wp\/v2\/posts\/11263","targetHints":{"allow":["GET"]}}],"collection":[{"href":"https:\/\/offenbacher-friedensinitiative.de\/index.php?rest_route=\/wp\/v2\/posts"}],"about":[{"href":"https:\/\/offenbacher-friedensinitiative.de\/index.php?rest_route=\/wp\/v2\/types\/post"}],"author":[{"embeddable":true,"href":"https:\/\/offenbacher-friedensinitiative.de\/index.php?rest_route=\/wp\/v2\/users\/1"}],"replies":[{"embeddable":true,"href":"https:\/\/offenbacher-friedensinitiative.de\/index.php?rest_route=%2Fwp%2Fv2%2Fcomments&post=11263"}],"version-history":[{"count":10,"href":"https:\/\/offenbacher-friedensinitiative.de\/index.php?rest_route=\/wp\/v2\/posts\/11263\/revisions"}],"predecessor-version":[{"id":11808,"href":"https:\/\/offenbacher-friedensinitiative.de\/index.php?rest_route=\/wp\/v2\/posts\/11263\/revisions\/11808"}],"wp:featuredmedia":[{"embeddable":true,"href":"https:\/\/offenbacher-friedensinitiative.de\/index.php?rest_route=\/wp\/v2\/media\/11265"}],"wp:attachment":[{"href":"https:\/\/offenbacher-friedensinitiative.de\/index.php?rest_route=%2Fwp%2Fv2%2Fmedia&parent=11263"}],"wp:term":[{"taxonomy":"category","embeddable":true,"href":"https:\/\/offenbacher-friedensinitiative.de\/index.php?rest_route=%2Fwp%2Fv2%2Fcategories&post=11263"},{"taxonomy":"post_tag","embeddable":true,"href":"https:\/\/offenbacher-friedensinitiative.de\/index.php?rest_route=%2Fwp%2Fv2%2Ftags&post=11263"}],"curies":[{"name":"wp","href":"https:\/\/api.w.org\/{rel}","templated":true}]}}