{"id":11289,"date":"2021-07-25T13:16:26","date_gmt":"2021-07-25T11:16:26","guid":{"rendered":"https:\/\/offenbacher-friedensinitiative.de\/?p=11289"},"modified":"2021-07-25T13:19:19","modified_gmt":"2021-07-25T11:19:19","slug":"gedenken-an-hiroshima-2021","status":"publish","type":"post","link":"https:\/\/offenbacher-friedensinitiative.de\/?p=11289","title":{"rendered":"Gedenken an Hiroshima 2021"},"content":{"rendered":"<div id=\"pl-11289\"  class=\"panel-layout\" ><div id=\"pg-11289-0\"  class=\"panel-grid panel-no-style\" ><div id=\"pgc-11289-0-0\"  class=\"panel-grid-cell\" ><div id=\"panel-11289-0-0-0\" class=\"so-panel widget widget_sow-editor panel-first-child panel-last-child\" data-index=\"0\" ><div\n\t\t\t\n\t\t\tclass=\"so-widget-sow-editor so-widget-sow-editor-base\"\n\t\t\t\n\t\t>\n<div class=\"siteorigin-widget-tinymce textwidget\">\n\t<p style=\"text-align: center;\"><span style=\"font-size: 14pt;\">Wir gedenken der vielen tausend Toten<\/span><br \/>\n<span style=\"font-size: 14pt;\">Freitag, 6. August 2021 um 20.00 Uhr<\/span><br \/>\n<span style=\"font-size: 14pt;\">Hafentreppe in Offenbach<\/span><\/p>\n<p style=\"text-align: center;\"><span style=\"font-size: 14pt;\">Es sprechen: Matthias Jochheim (IPPNW) und Elisabeth Saar (ICAN)<\/span><br \/>\n<span style=\"font-size: 14pt;\">Musik: femvolk<\/span><\/p>\n<p style=\"text-align: center;\"><span style=\"font-size: 14pt;\">Offenbacher Friedensinitiative (OFI)<\/span><br \/>\n<span style=\"font-size: 14pt;\">zusammen mit den \u00f6rtlichen Organisationen von<\/span><br \/>\n<span style=\"font-size: 14pt;\">\u2605 DFG-VK \u2605 DGB \u2605 DIE LINKE \u2605DKP \u2605 Freidenker \u2605 Fridays for Future \u2605 GEW \u2605<\/span><br \/>\n<span style=\"font-size: 14pt;\">\u2605 Heinrich-Heine-Club \u2605 ICAN \u2605 IGM \u2605 IPPNW \u2605 Jusos \u2605 Naturfreunde \u2605 SPD \u2605<\/span><br \/>\n<span style=\"font-size: 14pt;\">\u2605 ver.di \u2605 VVN-BdA \u2605 069 vs. racism \u2605<\/span><\/p>\n<p style=\"text-align: center;\"><strong><span style=\"font-size: 14pt;\"><a href=\"https:\/\/offenbacher-friedensinitiative.de\/wp-content\/uploads\/wppa-source\/album-26\/FlyerHiroshima.pdf\" target=\"_blank\" rel=\"noopener\">Flyer<\/a><\/span><\/strong><\/p>\n<\/div>\n<\/div><\/div><\/div><\/div><div id=\"pg-11289-1\"  class=\"panel-grid panel-no-style\" ><div id=\"pgc-11289-1-0\"  class=\"panel-grid-cell panel-grid-cell-empty\" ><\/div><\/div><div id=\"pg-11289-2\"  class=\"panel-grid panel-no-style\" ><div id=\"pgc-11289-2-0\"  class=\"panel-grid-cell panel-grid-cell-empty\" ><\/div><\/div><\/div>","protected":false},"excerpt":{"rendered":"<p>Wir gedenken der vielen tausend Toten Freitag, 6. August 2021 um 20.00 Uhr Hafentreppe in Offenbach Es sprechen: Matthias Jochheim (IPPNW) und Elisabeth Saar (ICAN)<span class=\"more-link\"><a href=\"https:\/\/offenbacher-friedensinitiative.de\/?p=11289\">Weiterlesen &#8230;<\/a><\/span><\/p>\n","protected":false},"author":1,"featured_media":11290,"comment_status":"closed","ping_status":"closed","sticky":false,"template":"","format":"standard","meta":{"footnotes":""},"categories":[5,56],"tags":[],"class_list":["entry","author-ofi_wp","post-11289","post","type-post","status-publish","format-standard","has-post-thumbnail","category-aktionen","category-offenbach"],"yoast_head":"<!-- This site is optimized with the Yoast SEO plugin v27.5 - https:\/\/yoast.com\/product\/yoast-seo-wordpress\/ -->\n<title>Gedenken an Hiroshima 2021 - Offenbacher FriedensInitiative - OFI<\/title>\n<meta name=\"description\" content=\"Wir gedenken der vielen tausend Toten. Freitag, 6. August 2021 um 20.00 Uhr, Hafentreppe in Offenbach. Offenbacher Friedensinitiative (OFI) zusammen mit \u00f6rtlichen Organisationen.\" \/>\n<meta name=\"robots\" content=\"index, follow, max-snippet:-1, max-image-preview:large, max-video-preview:-1\" \/>\n<link rel=\"canonical\" href=\"https:\/\/offenbacher-friedensinitiative.de\/?p=11289\" \/>\n<meta property=\"og:locale\" content=\"de_DE\" \/>\n<meta property=\"og:type\" content=\"article\" \/>\n<meta property=\"og:title\" content=\"Gedenken an Hiroshima 2021 - Offenbacher FriedensInitiative - OFI\" \/>\n<meta property=\"og:description\" content=\"Wir gedenken der vielen tausend Toten. Freitag, 6. August 2021 um 20.00 Uhr, Hafentreppe in Offenbach. Offenbacher Friedensinitiative (OFI) zusammen mit \u00f6rtlichen Organisationen.\" \/>\n<meta property=\"og:url\" content=\"https:\/\/offenbacher-friedensinitiative.de\/?p=11289\" \/>\n<meta property=\"og:site_name\" content=\"Offenbacher FriedensInitiative - OFI\" \/>\n<meta property=\"article:published_time\" content=\"2021-07-25T11:16:26+00:00\" \/>\n<meta property=\"article:modified_time\" content=\"2021-07-25T11:19:19+00:00\" \/>\n<meta property=\"og:image\" content=\"https:\/\/offenbacher-friedensinitiative.de\/wp-content\/uploads\/2021\/07\/ChristaDSCF1573-scaled.jpg\" \/>\n\t<meta property=\"og:image:width\" content=\"2560\" \/>\n\t<meta property=\"og:image:height\" content=\"1707\" \/>\n\t<meta property=\"og:image:type\" content=\"image\/jpeg\" \/>\n<meta name=\"author\" content=\"OFI_WP\" \/>\n<meta name=\"twitter:card\" content=\"summary_large_image\" \/>\n<meta name=\"twitter:label1\" content=\"Verfasst von\" \/>\n\t<meta name=\"twitter:data1\" content=\"OFI_WP\" \/>\n\t<meta name=\"twitter:label2\" content=\"Gesch\u00e4tzte Lesezeit\" \/>\n\t<meta name=\"twitter:data2\" content=\"1\u00a0Minute\" \/>\n<script type=\"application\/ld+json\" class=\"yoast-schema-graph\">{\"@context\":\"https:\\\/\\\/schema.org\",\"@graph\":[{\"@type\":\"Article\",\"@id\":\"https:\\\/\\\/offenbacher-friedensinitiative.de\\\/?p=11289#article\",\"isPartOf\":{\"@id\":\"https:\\\/\\\/offenbacher-friedensinitiative.de\\\/?p=11289\"},\"author\":{\"name\":\"OFI_WP\",\"@id\":\"https:\\\/\\\/offenbacher-friedensinitiative.de\\\/#\\\/schema\\\/person\\\/5ec566fcb70420f878023349a111f19f\"},\"headline\":\"Gedenken an Hiroshima 2021\",\"datePublished\":\"2021-07-25T11:16:26+00:00\",\"dateModified\":\"2021-07-25T11:19:19+00:00\",\"mainEntityOfPage\":{\"@id\":\"https:\\\/\\\/offenbacher-friedensinitiative.de\\\/?p=11289\"},\"wordCount\":59,\"publisher\":{\"@id\":\"https:\\\/\\\/offenbacher-friedensinitiative.de\\\/#organization\"},\"image\":{\"@id\":\"https:\\\/\\\/offenbacher-friedensinitiative.de\\\/?p=11289#primaryimage\"},\"thumbnailUrl\":\"https:\\\/\\\/offenbacher-friedensinitiative.de\\\/wp-content\\\/uploads\\\/2021\\\/07\\\/ChristaDSCF1573-scaled.jpg\",\"articleSection\":[\"Aktionen\",\"Offenbach\"],\"inLanguage\":\"de\"},{\"@type\":\"WebPage\",\"@id\":\"https:\\\/\\\/offenbacher-friedensinitiative.de\\\/?p=11289\",\"url\":\"https:\\\/\\\/offenbacher-friedensinitiative.de\\\/?p=11289\",\"name\":\"Gedenken an Hiroshima 2021 - Offenbacher FriedensInitiative - OFI\",\"isPartOf\":{\"@id\":\"https:\\\/\\\/offenbacher-friedensinitiative.de\\\/#website\"},\"primaryImageOfPage\":{\"@id\":\"https:\\\/\\\/offenbacher-friedensinitiative.de\\\/?p=11289#primaryimage\"},\"image\":{\"@id\":\"https:\\\/\\\/offenbacher-friedensinitiative.de\\\/?p=11289#primaryimage\"},\"thumbnailUrl\":\"https:\\\/\\\/offenbacher-friedensinitiative.de\\\/wp-content\\\/uploads\\\/2021\\\/07\\\/ChristaDSCF1573-scaled.jpg\",\"datePublished\":\"2021-07-25T11:16:26+00:00\",\"dateModified\":\"2021-07-25T11:19:19+00:00\",\"description\":\"Wir gedenken der vielen tausend Toten. Freitag, 6. August 2021 um 20.00 Uhr, Hafentreppe in Offenbach. Offenbacher Friedensinitiative (OFI) zusammen mit \u00f6rtlichen Organisationen.\",\"breadcrumb\":{\"@id\":\"https:\\\/\\\/offenbacher-friedensinitiative.de\\\/?p=11289#breadcrumb\"},\"inLanguage\":\"de\",\"potentialAction\":[{\"@type\":\"ReadAction\",\"target\":[\"https:\\\/\\\/offenbacher-friedensinitiative.de\\\/?p=11289\"]}]},{\"@type\":\"ImageObject\",\"inLanguage\":\"de\",\"@id\":\"https:\\\/\\\/offenbacher-friedensinitiative.de\\\/?p=11289#primaryimage\",\"url\":\"https:\\\/\\\/offenbacher-friedensinitiative.de\\\/wp-content\\\/uploads\\\/2021\\\/07\\\/ChristaDSCF1573-scaled.jpg\",\"contentUrl\":\"https:\\\/\\\/offenbacher-friedensinitiative.de\\\/wp-content\\\/uploads\\\/2021\\\/07\\\/ChristaDSCF1573-scaled.jpg\",\"width\":2560,\"height\":1707},{\"@type\":\"BreadcrumbList\",\"@id\":\"https:\\\/\\\/offenbacher-friedensinitiative.de\\\/?p=11289#breadcrumb\",\"itemListElement\":[{\"@type\":\"ListItem\",\"position\":1,\"name\":\"Startseite\",\"item\":\"https:\\\/\\\/offenbacher-friedensinitiative.de\\\/\"},{\"@type\":\"ListItem\",\"position\":2,\"name\":\"Gedenken an Hiroshima 2021\"}]},{\"@type\":\"WebSite\",\"@id\":\"https:\\\/\\\/offenbacher-friedensinitiative.de\\\/#website\",\"url\":\"https:\\\/\\\/offenbacher-friedensinitiative.de\\\/\",\"name\":\"Offenbacher FriedensInitiative\",\"description\":\"Abr\u00fcsten statt Aufr\u00fcsten |- Kriege beenden | R\u00fcstungsexporte stoppen\",\"publisher\":{\"@id\":\"https:\\\/\\\/offenbacher-friedensinitiative.de\\\/#organization\"},\"potentialAction\":[{\"@type\":\"SearchAction\",\"target\":{\"@type\":\"EntryPoint\",\"urlTemplate\":\"https:\\\/\\\/offenbacher-friedensinitiative.de\\\/?s={search_term_string}\"},\"query-input\":{\"@type\":\"PropertyValueSpecification\",\"valueRequired\":true,\"valueName\":\"search_term_string\"}}],\"inLanguage\":\"de\"},{\"@type\":\"Organization\",\"@id\":\"https:\\\/\\\/offenbacher-friedensinitiative.de\\\/#organization\",\"name\":\"Offenbacher Friedensinitiative\",\"url\":\"https:\\\/\\\/offenbacher-friedensinitiative.de\\\/\",\"logo\":{\"@type\":\"ImageObject\",\"inLanguage\":\"de\",\"@id\":\"https:\\\/\\\/offenbacher-friedensinitiative.de\\\/#\\\/schema\\\/logo\\\/image\\\/\",\"url\":\"https:\\\/\\\/offenbacher-friedensinitiative.de\\\/wp-content\\\/uploads\\\/2019\\\/03\\\/cropped-Transparen-logo.jpg\",\"contentUrl\":\"https:\\\/\\\/offenbacher-friedensinitiative.de\\\/wp-content\\\/uploads\\\/2019\\\/03\\\/cropped-Transparen-logo.jpg\",\"width\":1036,\"height\":227,\"caption\":\"Offenbacher Friedensinitiative\"},\"image\":{\"@id\":\"https:\\\/\\\/offenbacher-friedensinitiative.de\\\/#\\\/schema\\\/logo\\\/image\\\/\"}},{\"@type\":\"Person\",\"@id\":\"https:\\\/\\\/offenbacher-friedensinitiative.de\\\/#\\\/schema\\\/person\\\/5ec566fcb70420f878023349a111f19f\",\"name\":\"OFI_WP\"}]}<\/script>\n<!-- \/ Yoast SEO plugin. -->","yoast_head_json":{"title":"Gedenken an Hiroshima 2021 - Offenbacher FriedensInitiative - OFI","description":"Wir gedenken der vielen tausend Toten. Freitag, 6. August 2021 um 20.00 Uhr, Hafentreppe in Offenbach. Offenbacher Friedensinitiative (OFI) zusammen mit \u00f6rtlichen Organisationen.","robots":{"index":"index","follow":"follow","max-snippet":"max-snippet:-1","max-image-preview":"max-image-preview:large","max-video-preview":"max-video-preview:-1"},"canonical":"https:\/\/offenbacher-friedensinitiative.de\/?p=11289","og_locale":"de_DE","og_type":"article","og_title":"Gedenken an Hiroshima 2021 - Offenbacher FriedensInitiative - OFI","og_description":"Wir gedenken der vielen tausend Toten. Freitag, 6. August 2021 um 20.00 Uhr, Hafentreppe in Offenbach. Offenbacher Friedensinitiative (OFI) zusammen mit \u00f6rtlichen Organisationen.","og_url":"https:\/\/offenbacher-friedensinitiative.de\/?p=11289","og_site_name":"Offenbacher FriedensInitiative - OFI","article_published_time":"2021-07-25T11:16:26+00:00","article_modified_time":"2021-07-25T11:19:19+00:00","og_image":[{"width":2560,"height":1707,"url":"https:\/\/offenbacher-friedensinitiative.de\/wp-content\/uploads\/2021\/07\/ChristaDSCF1573-scaled.jpg","type":"image\/jpeg"}],"author":"OFI_WP","twitter_card":"summary_large_image","twitter_misc":{"Verfasst von":"OFI_WP","Gesch\u00e4tzte Lesezeit":"1\u00a0Minute"},"schema":{"@context":"https:\/\/schema.org","@graph":[{"@type":"Article","@id":"https:\/\/offenbacher-friedensinitiative.de\/?p=11289#article","isPartOf":{"@id":"https:\/\/offenbacher-friedensinitiative.de\/?p=11289"},"author":{"name":"OFI_WP","@id":"https:\/\/offenbacher-friedensinitiative.de\/#\/schema\/person\/5ec566fcb70420f878023349a111f19f"},"headline":"Gedenken an Hiroshima 2021","datePublished":"2021-07-25T11:16:26+00:00","dateModified":"2021-07-25T11:19:19+00:00","mainEntityOfPage":{"@id":"https:\/\/offenbacher-friedensinitiative.de\/?p=11289"},"wordCount":59,"publisher":{"@id":"https:\/\/offenbacher-friedensinitiative.de\/#organization"},"image":{"@id":"https:\/\/offenbacher-friedensinitiative.de\/?p=11289#primaryimage"},"thumbnailUrl":"https:\/\/offenbacher-friedensinitiative.de\/wp-content\/uploads\/2021\/07\/ChristaDSCF1573-scaled.jpg","articleSection":["Aktionen","Offenbach"],"inLanguage":"de"},{"@type":"WebPage","@id":"https:\/\/offenbacher-friedensinitiative.de\/?p=11289","url":"https:\/\/offenbacher-friedensinitiative.de\/?p=11289","name":"Gedenken an Hiroshima 2021 - Offenbacher FriedensInitiative - OFI","isPartOf":{"@id":"https:\/\/offenbacher-friedensinitiative.de\/#website"},"primaryImageOfPage":{"@id":"https:\/\/offenbacher-friedensinitiative.de\/?p=11289#primaryimage"},"image":{"@id":"https:\/\/offenbacher-friedensinitiative.de\/?p=11289#primaryimage"},"thumbnailUrl":"https:\/\/offenbacher-friedensinitiative.de\/wp-content\/uploads\/2021\/07\/ChristaDSCF1573-scaled.jpg","datePublished":"2021-07-25T11:16:26+00:00","dateModified":"2021-07-25T11:19:19+00:00","description":"Wir gedenken der vielen tausend Toten. Freitag, 6. August 2021 um 20.00 Uhr, Hafentreppe in Offenbach. Offenbacher Friedensinitiative (OFI) zusammen mit \u00f6rtlichen Organisationen.","breadcrumb":{"@id":"https:\/\/offenbacher-friedensinitiative.de\/?p=11289#breadcrumb"},"inLanguage":"de","potentialAction":[{"@type":"ReadAction","target":["https:\/\/offenbacher-friedensinitiative.de\/?p=11289"]}]},{"@type":"ImageObject","inLanguage":"de","@id":"https:\/\/offenbacher-friedensinitiative.de\/?p=11289#primaryimage","url":"https:\/\/offenbacher-friedensinitiative.de\/wp-content\/uploads\/2021\/07\/ChristaDSCF1573-scaled.jpg","contentUrl":"https:\/\/offenbacher-friedensinitiative.de\/wp-content\/uploads\/2021\/07\/ChristaDSCF1573-scaled.jpg","width":2560,"height":1707},{"@type":"BreadcrumbList","@id":"https:\/\/offenbacher-friedensinitiative.de\/?p=11289#breadcrumb","itemListElement":[{"@type":"ListItem","position":1,"name":"Startseite","item":"https:\/\/offenbacher-friedensinitiative.de\/"},{"@type":"ListItem","position":2,"name":"Gedenken an Hiroshima 2021"}]},{"@type":"WebSite","@id":"https:\/\/offenbacher-friedensinitiative.de\/#website","url":"https:\/\/offenbacher-friedensinitiative.de\/","name":"Offenbacher FriedensInitiative","description":"Abr\u00fcsten statt Aufr\u00fcsten |- Kriege beenden | R\u00fcstungsexporte stoppen","publisher":{"@id":"https:\/\/offenbacher-friedensinitiative.de\/#organization"},"potentialAction":[{"@type":"SearchAction","target":{"@type":"EntryPoint","urlTemplate":"https:\/\/offenbacher-friedensinitiative.de\/?s={search_term_string}"},"query-input":{"@type":"PropertyValueSpecification","valueRequired":true,"valueName":"search_term_string"}}],"inLanguage":"de"},{"@type":"Organization","@id":"https:\/\/offenbacher-friedensinitiative.de\/#organization","name":"Offenbacher Friedensinitiative","url":"https:\/\/offenbacher-friedensinitiative.de\/","logo":{"@type":"ImageObject","inLanguage":"de","@id":"https:\/\/offenbacher-friedensinitiative.de\/#\/schema\/logo\/image\/","url":"https:\/\/offenbacher-friedensinitiative.de\/wp-content\/uploads\/2019\/03\/cropped-Transparen-logo.jpg","contentUrl":"https:\/\/offenbacher-friedensinitiative.de\/wp-content\/uploads\/2019\/03\/cropped-Transparen-logo.jpg","width":1036,"height":227,"caption":"Offenbacher Friedensinitiative"},"image":{"@id":"https:\/\/offenbacher-friedensinitiative.de\/#\/schema\/logo\/image\/"}},{"@type":"Person","@id":"https:\/\/offenbacher-friedensinitiative.de\/#\/schema\/person\/5ec566fcb70420f878023349a111f19f","name":"OFI_WP"}]}},"_links":{"self":[{"href":"https:\/\/offenbacher-friedensinitiative.de\/index.php?rest_route=\/wp\/v2\/posts\/11289","targetHints":{"allow":["GET"]}}],"collection":[{"href":"https:\/\/offenbacher-friedensinitiative.de\/index.php?rest_route=\/wp\/v2\/posts"}],"about":[{"href":"https:\/\/offenbacher-friedensinitiative.de\/index.php?rest_route=\/wp\/v2\/types\/post"}],"author":[{"embeddable":true,"href":"https:\/\/offenbacher-friedensinitiative.de\/index.php?rest_route=\/wp\/v2\/users\/1"}],"replies":[{"embeddable":true,"href":"https:\/\/offenbacher-friedensinitiative.de\/index.php?rest_route=%2Fwp%2Fv2%2Fcomments&post=11289"}],"version-history":[{"count":3,"href":"https:\/\/offenbacher-friedensinitiative.de\/index.php?rest_route=\/wp\/v2\/posts\/11289\/revisions"}],"predecessor-version":[{"id":11293,"href":"https:\/\/offenbacher-friedensinitiative.de\/index.php?rest_route=\/wp\/v2\/posts\/11289\/revisions\/11293"}],"wp:featuredmedia":[{"embeddable":true,"href":"https:\/\/offenbacher-friedensinitiative.de\/index.php?rest_route=\/wp\/v2\/media\/11290"}],"wp:attachment":[{"href":"https:\/\/offenbacher-friedensinitiative.de\/index.php?rest_route=%2Fwp%2Fv2%2Fmedia&parent=11289"}],"wp:term":[{"taxonomy":"category","embeddable":true,"href":"https:\/\/offenbacher-friedensinitiative.de\/index.php?rest_route=%2Fwp%2Fv2%2Fcategories&post=11289"},{"taxonomy":"post_tag","embeddable":true,"href":"https:\/\/offenbacher-friedensinitiative.de\/index.php?rest_route=%2Fwp%2Fv2%2Ftags&post=11289"}],"curies":[{"name":"wp","href":"https:\/\/api.w.org\/{rel}","templated":true}]}}