{"id":11295,"date":"2021-08-08T12:25:19","date_gmt":"2021-08-08T10:25:19","guid":{"rendered":"https:\/\/offenbacher-friedensinitiative.de\/?p=11295"},"modified":"2021-08-23T09:30:07","modified_gmt":"2021-08-23T07:30:07","slug":"atomwaffenverbot-jetzt","status":"publish","type":"post","link":"https:\/\/offenbacher-friedensinitiative.de\/?p=11295","title":{"rendered":"Atomwaffenverbot Jetzt!"},"content":{"rendered":"<div id=\"pl-11295\"  class=\"panel-layout\" ><div id=\"pg-11295-0\"  class=\"panel-grid panel-no-style\" ><div id=\"pgc-11295-0-0\"  class=\"panel-grid-cell\" ><div id=\"panel-11295-0-0-0\" class=\"so-panel widget widget_sow-editor panel-first-child\" data-index=\"0\" ><div\n\t\t\t\n\t\t\tclass=\"so-widget-sow-editor so-widget-sow-editor-base\"\n\t\t\t\n\t\t>\n<div class=\"siteorigin-widget-tinymce textwidget\">\n\t<p><span style=\"font-size: 14pt;\">Im 3. Jahr hat die OFI ein Hiroshima-Gedenken organisisert. Wieder waren wir an der Hafentreppe und wieder spielte das Wetter mit, so dass wir am Ende Lampions ins Wasser setzen konnten, zum Gedenken an die vielen Tausend Opfer in Hiroshima und Nagasaki. Der Ursprung des Brauchs in Japan ist nachgerade furchtbar. Von der Hitze der Atombombenexplosion entz\u00fcndet sprangen Mensch als lebendige Fakeln in ihrer Not in den Fluss.<\/span><\/p>\n<p><span style=\"font-size: 14pt;\">Von einem Erfolg bei einer solchen Veranstaltung zu sprechen ist mehr als zwiesp\u00e4ltig. Aber es kamen deutlich mehr als 60 Menschen zu unserer Kundgebung. Dar\u00fcber hinaus weckten wir die Aufmerksamkeit von Passanten. Manche applaudierten sogar im Vor\u00fcbergehen. Da sind wir beim zweiten Grund f\u00fcr zwiesp\u00e4ltige Gef\u00fchle beim Wort Erfolg.<\/span><\/p>\n<p><span style=\"font-size: 14pt;\">Nat\u00fcrlich sind wir als Organisator*innen zufrieden mit der Resonsanz, wir sind ja Realisten. Zugleich wissen wir aber, dass noch weitaus mehr Menschen aktiv werden m\u00fcssen, damit wir unserem Ziel einer atomwaffenfreien Welt n\u00e4her kommen. Von ferne Klatschen gen\u00fcgt nicht.<\/span><\/p>\n<p><span style=\"font-size: 14pt;\">Nat\u00fcrlich sind wir froh, dass wir mit drei sehr guten Reden Informationen \u00fcber die politischen Zusammenh\u00e4nge der Atombewaffnung verbreiten konnten. Am Anfang wurde ein Gru\u00dfwort des <strong>Oberb\u00fcrgermeisters Dr. Felix Schwenke<\/strong> verlesen. <strong>Patrizia Schmitt<\/strong> und <strong>Carina T\u00f6nges<\/strong> von <strong>Fridays For Future<\/strong> legten einen Schwerpunkt auf die Folgen der Atombombenabw\u00fcrfe, kurzfristige und langfristige f\u00fcr Menschen, Tier und Umwelt. <strong>Matthias Jochheim<\/strong> von <strong>IPPNW<\/strong> erl\u00e4uterte die neueren Pl\u00e4ne der Politik f\u00fcr eine Weiterentwicklung der Atomwaffen. <strong>Elisabeth Saar<\/strong> von <strong>ICAN<\/strong> ging auf Details der Nagasaki-Bombe ein und auf die Wichtigkeit des Atomwaffenverbotsvertrag f\u00fcr die Bewegung gegen Atomwaffen.<\/span><\/p>\n<p><span style=\"font-size: 14pt;\">Christa F\u00fchrer-R\u00f6\u00dfmann moderierte die Veranstaltung und wies des \u00f6fteren auf die n\u00e4chste wichtige Aktion hin: die <strong>Menschenkettenreaktion in B\u00fcchel<\/strong>. Von Frankfurt aus f\u00e4hrt ein Bus. (Mehr Infos dazu auf einer anderen Seite) Tats\u00e4chlich gab es vermehrt Interesse an einer Teilnahme und das ist ein Erfolg.<\/span><\/p>\n<p><span style=\"font-size: 14pt;\">Die Veranstaltung wurde musikalisch begleitet von <strong>Femvolk, Birgit Pfau, Maria Hirschm\u00fcller und Andrea Emeritzy<\/strong>. Auch dies trug sehr zu einem insgesamt stimmigen Gedenken bei.<\/span><\/p>\n<\/div>\n<\/div><\/div><div id=\"panel-11295-0-0-1\" class=\"so-panel widget widget_sow-editor panel-last-child\" data-index=\"1\" ><div\n\t\t\t\n\t\t\tclass=\"so-widget-sow-editor so-widget-sow-editor-base\"\n\t\t\t\n\t\t>\n<div class=\"siteorigin-widget-tinymce textwidget\">\n\t<h2>Unterst\u00fctzer<\/h2>\n<p><span style=\"font-size: 12pt;\">\u00d6rtliche Organisationen von:<\/span><br \/>\n<span style=\"font-size: 12pt;\">DFG-VK, DGB, DIE LINKE, DKP, Freidenker, Fridays for Future, GEW, Heinrich\u2011Heine\u2011Club, ICAN, IGM, IPPNW, Jusos, Naturfreunde, SPD, ver.di, VVN-BdA, 069\u00a0vs.\u00a0racism<\/span><\/p>\n<h2>Redebeitr\u00e4ge (PDF)<\/h2>\n<p><a href=\"https:\/\/offenbacher-friedensinitiative.de\/wp-content\/uploads\/wppa-source\/album-26\/Grusswort-von-Oberbuergermeister-Dr.-Felix-Schwenke-zum-Hiroshima-Gedenktag-6.8.2021.pdf\" target=\"_blank\" rel=\"noopener\">Oberb\u00fcrgermeister Dr. Felix Schwenke<\/a><br \/>\n<a href=\"https:\/\/offenbacher-friedensinitiative.de\/wp-content\/uploads\/wppa-source\/album-26\/Rede-zum-Hiroshima-Gedenkveranstaltung-F4F.pdf\" target=\"_blank\" rel=\"noopener\">Frydays For Future<\/a><br \/>\n<a href=\"https:\/\/offenbacher-friedensinitiative.de\/wp-content\/uploads\/wppa-source\/album-26\/2108-Hiroshima-mahnt.pdf\" target=\"_blank\" rel=\"noopener\">Matthias Jochheim<\/a><\/p>\n<p>weitere folgen<\/p>\n<h2>Presse (PDF)<\/h2>\n<p><a href=\"https:\/\/offenbacher-friedensinitiative.de\/wp-content\/uploads\/wppa-source\/album-26\/FR-9.8.2021.pdf\" target=\"_blank\" rel=\"noopener\">FR 9.8.2021<\/a><\/p>\n<\/div>\n<\/div><\/div><\/div><\/div><div id=\"pg-11295-1\"  class=\"panel-grid panel-no-style\" ><div id=\"pgc-11295-1-0\"  class=\"panel-grid-cell\" ><div id=\"panel-11295-1-0-0\" class=\"so-panel widget widget_sow-editor panel-first-child panel-last-child\" data-index=\"2\" ><div\n\t\t\t\n\t\t\tclass=\"so-widget-sow-editor so-widget-sow-editor-base\"\n\t\t\t\n\t\t>\n<div class=\"siteorigin-widget-tinymce textwidget\">\n\t \n<!-- Start container 1 --><div id=\"wppa-modal-container-1\" class=\"wppa-modal-container\" style=\"position:relative;z-index:100000;\" data-wppa=\"yes\" ontouchmove=\"event.stopPropagation();\"><\/div><div id=\"wppa-container-wrapper-1\" class=\"alignnone wppa-container-wrapper \" style=\"width:100%;clear:both;padding:0;position:relative;\"><div id=\"wppa-container-1\" style=\"width:100%;\" class=\"wppa-container wppa-container-1 wppa-rev-9111001 wppa-prevrev-9110011 wppa-theme-9.1.11.001 wppa-api-9.1.11.001\"><svg id=\"wppa-ajax-spin-1\" class=\"wppa-ajax-spin uil-default\" width=\"120px\" height=\"120px\" viewBox=\"0 0 135 135\" preserveAspectRatio=\"xMidYMid\" stroke=\"\" style=\"width:120px; height:120px; position:fixed; top:50%; margin-top:-60px; left:50%; margin-left:-60px; opacity:1; display:none; fill:#666666; background-color:transparent; border-radius:24px;\"><path d=\"M67.447 58c5.523 0 10-4.477 10-10s-4.477-10-10-10-10 4.477-10 10 4.477 10 10 10zm9.448 9.447c0 5.523 4.477 10 10 10 5.522 0 10-4.477 10-10s-4.478-10-10-10c-5.523 0-10 4.477-10 10zm-9.448 9.448c-5.523 0-10 4.477-10 10 0 5.522 4.477 10 10 10s10-4.478 10-10c0-5.523-4.477-10-10-10zM58 67.447c0-5.523-4.477-10-10-10s-10 4.477-10 10 4.477 10 10 10 10-4.477 10-10z\"><animateTransform attributeName=\"transform\" type=\"rotate\" from=\"0 67 67\" to=\"-360 67 67\" dur=\"2.5s\" repeatCount=\"indefinite\" ><\/path><path d=\"M28.19 40.31c6.627 0 12-5.374 12-12 0-6.628-5.373-12-12-12-6.628 0-12 5.372-12 12 0 6.626 5.372 12 12 12zm30.72-19.825c4.686 4.687 12.284 4.687 16.97 0 4.686-4.686 4.686-12.284 0-16.97-4.686-4.687-12.284-4.687-16.97 0-4.687 4.686-4.687 12.284 0 16.97zm35.74 7.705c0 6.627 5.37 12 12 12 6.626 0 12-5.373 12-12 0-6.628-5.374-12-12-12-6.63 0-12 5.372-12 12zm19.822 30.72c-4.686 4.686-4.686 12.284 0 16.97 4.687 4.686 12.285 4.686 16.97 0 4.687-4.686 4.687-12.284 0-16.97-4.685-4.687-12.283-4.687-16.97 0zm-7.704 35.74c-6.627 0-12 5.37-12 12 0 6.626 5.373 12 12 12s12-5.374 12-12c0-6.63-5.373-12-12-12zm-30.72 19.822c-4.686-4.686-12.284-4.686-16.97 0-4.686 4.687-4.686 12.285 0 16.97 4.686 4.687 12.284 4.687 16.97 0 4.687-4.685 4.687-12.283 0-16.97zm-35.74-7.704c0-6.627-5.372-12-12-12-6.626 0-12 5.373-12 12s5.374 12 12 12c6.628 0 12-5.373 12-12zm-19.823-30.72c4.687-4.686 4.687-12.284 0-16.97-4.686-4.686-12.284-4.686-16.97 0-4.687 4.686-4.687 12.284 0 16.97 4.686 4.687 12.284 4.687 16.97 0z\"><animateTransform attributeName=\"transform\" type=\"rotate\" from=\"0 67 67\" to=\"360 67 67\" dur=\"8s\" repeatCount=\"indefinite\" ><\/path><\/svg><input type=\"hidden\" id=\"wppa-nonce-0-1\" name=\"wppa-nonce\" value=\"2121000098\" ><div style=\"clear:both;\"><\/div><div id=\"wppa-container-1-end\"><\/div><\/div><\/div>\n<!-- End [wppa type=\"content\" album=\"33\" cache=\"inf\" delay=\"yes\"] \/index.php?rest_route=%2Fwp%2Fv2%2Fposts%2F11295 oc 1 7 queries in 3.4 ms. at 06:59. Max mem: 78.00 Mb. (delayed) -->\n<p style=\"text-align: center;\"><span style=\"font-size: 10pt;\">\u00a9 Fotografien: Bernward Duda, <a href=\"https:\/\/photo-auge.de\" target=\"_blank\" rel=\"noopener noreferrer\">Manfred R\u00f6\u00dfmann<\/a>, Ruth Zeise<\/span><\/p>\n<p>&nbsp;<\/p>\n<\/div>\n<\/div><\/div><\/div><\/div><\/div>","protected":false},"excerpt":{"rendered":"<p>Im 3. Jahr hat die OFI ein Hiroshima-Gedenken organisisert. Wieder waren wir an der Hafentreppe und wieder spielte das Wetter mit, so dass wir am<span class=\"more-link\"><a href=\"https:\/\/offenbacher-friedensinitiative.de\/?p=11295\">Weiterlesen &#8230;<\/a><\/span><\/p>\n","protected":false},"author":1,"featured_media":11297,"comment_status":"closed","ping_status":"closed","sticky":false,"template":"","format":"standard","meta":{"footnotes":""},"categories":[5,56],"tags":[],"class_list":["entry","author-ofi_wp","post-11295","post","type-post","status-publish","format-standard","has-post-thumbnail","category-aktionen","category-offenbach"],"yoast_head":"<!-- This site is optimized with the Yoast SEO plugin v27.5 - https:\/\/yoast.com\/product\/yoast-seo-wordpress\/ -->\n<title>Atomwaffenverbot Jetzt! - Offenbacher FriedensInitiative - OFI<\/title>\n<meta name=\"description\" content=\"Im 3. Jahr hat die OFI ein Hiroshima-Gedenken organisisert. Wieder waren wir an der Hafentreppe und wieder spielte das Wetter mit, so dass wir am Ende Lampions ins Wasser setzen konnten.\" \/>\n<meta name=\"robots\" content=\"index, follow, max-snippet:-1, max-image-preview:large, max-video-preview:-1\" \/>\n<link rel=\"canonical\" href=\"https:\/\/offenbacher-friedensinitiative.de\/?p=11295\" \/>\n<meta property=\"og:locale\" content=\"de_DE\" \/>\n<meta property=\"og:type\" content=\"article\" \/>\n<meta property=\"og:title\" content=\"Atomwaffenverbot Jetzt! - Offenbacher FriedensInitiative - OFI\" \/>\n<meta property=\"og:description\" content=\"Im 3. Jahr hat die OFI ein Hiroshima-Gedenken organisisert. Wieder waren wir an der Hafentreppe und wieder spielte das Wetter mit, so dass wir am Ende Lampions ins Wasser setzen konnten.\" \/>\n<meta property=\"og:url\" content=\"https:\/\/offenbacher-friedensinitiative.de\/?p=11295\" \/>\n<meta property=\"og:site_name\" content=\"Offenbacher FriedensInitiative - OFI\" \/>\n<meta property=\"article:published_time\" content=\"2021-08-08T10:25:19+00:00\" \/>\n<meta property=\"article:modified_time\" content=\"2021-08-23T07:30:07+00:00\" \/>\n<meta property=\"og:image\" content=\"https:\/\/offenbacher-friedensinitiative.de\/wp-content\/uploads\/2021\/08\/Lampinons-Gedenken-an-Hiroshima-4-e1628418262862.jpg\" \/>\n\t<meta property=\"og:image:width\" content=\"1000\" \/>\n\t<meta property=\"og:image:height\" content=\"500\" \/>\n\t<meta property=\"og:image:type\" content=\"image\/jpeg\" \/>\n<meta name=\"author\" content=\"OFI_WP\" \/>\n<meta name=\"twitter:card\" content=\"summary_large_image\" \/>\n<meta name=\"twitter:label1\" content=\"Verfasst von\" \/>\n\t<meta name=\"twitter:data1\" content=\"OFI_WP\" \/>\n\t<meta name=\"twitter:label2\" content=\"Gesch\u00e4tzte Lesezeit\" \/>\n\t<meta name=\"twitter:data2\" content=\"2\u00a0Minuten\" \/>\n<script type=\"application\/ld+json\" class=\"yoast-schema-graph\">{\"@context\":\"https:\\\/\\\/schema.org\",\"@graph\":[{\"@type\":\"Article\",\"@id\":\"https:\\\/\\\/offenbacher-friedensinitiative.de\\\/?p=11295#article\",\"isPartOf\":{\"@id\":\"https:\\\/\\\/offenbacher-friedensinitiative.de\\\/?p=11295\"},\"author\":{\"name\":\"OFI_WP\",\"@id\":\"https:\\\/\\\/offenbacher-friedensinitiative.de\\\/#\\\/schema\\\/person\\\/5ec566fcb70420f878023349a111f19f\"},\"headline\":\"Atomwaffenverbot Jetzt!\",\"datePublished\":\"2021-08-08T10:25:19+00:00\",\"dateModified\":\"2021-08-23T07:30:07+00:00\",\"mainEntityOfPage\":{\"@id\":\"https:\\\/\\\/offenbacher-friedensinitiative.de\\\/?p=11295\"},\"wordCount\":411,\"publisher\":{\"@id\":\"https:\\\/\\\/offenbacher-friedensinitiative.de\\\/#organization\"},\"image\":{\"@id\":\"https:\\\/\\\/offenbacher-friedensinitiative.de\\\/?p=11295#primaryimage\"},\"thumbnailUrl\":\"https:\\\/\\\/offenbacher-friedensinitiative.de\\\/wp-content\\\/uploads\\\/2021\\\/08\\\/Lampinons-Gedenken-an-Hiroshima-4-e1628418262862.jpg\",\"articleSection\":[\"Aktionen\",\"Offenbach\"],\"inLanguage\":\"de\"},{\"@type\":\"WebPage\",\"@id\":\"https:\\\/\\\/offenbacher-friedensinitiative.de\\\/?p=11295\",\"url\":\"https:\\\/\\\/offenbacher-friedensinitiative.de\\\/?p=11295\",\"name\":\"Atomwaffenverbot Jetzt! - Offenbacher FriedensInitiative - OFI\",\"isPartOf\":{\"@id\":\"https:\\\/\\\/offenbacher-friedensinitiative.de\\\/#website\"},\"primaryImageOfPage\":{\"@id\":\"https:\\\/\\\/offenbacher-friedensinitiative.de\\\/?p=11295#primaryimage\"},\"image\":{\"@id\":\"https:\\\/\\\/offenbacher-friedensinitiative.de\\\/?p=11295#primaryimage\"},\"thumbnailUrl\":\"https:\\\/\\\/offenbacher-friedensinitiative.de\\\/wp-content\\\/uploads\\\/2021\\\/08\\\/Lampinons-Gedenken-an-Hiroshima-4-e1628418262862.jpg\",\"datePublished\":\"2021-08-08T10:25:19+00:00\",\"dateModified\":\"2021-08-23T07:30:07+00:00\",\"description\":\"Im 3. Jahr hat die OFI ein Hiroshima-Gedenken organisisert. Wieder waren wir an der Hafentreppe und wieder spielte das Wetter mit, so dass wir am Ende Lampions ins Wasser setzen konnten.\",\"breadcrumb\":{\"@id\":\"https:\\\/\\\/offenbacher-friedensinitiative.de\\\/?p=11295#breadcrumb\"},\"inLanguage\":\"de\",\"potentialAction\":[{\"@type\":\"ReadAction\",\"target\":[\"https:\\\/\\\/offenbacher-friedensinitiative.de\\\/?p=11295\"]}]},{\"@type\":\"ImageObject\",\"inLanguage\":\"de\",\"@id\":\"https:\\\/\\\/offenbacher-friedensinitiative.de\\\/?p=11295#primaryimage\",\"url\":\"https:\\\/\\\/offenbacher-friedensinitiative.de\\\/wp-content\\\/uploads\\\/2021\\\/08\\\/Lampinons-Gedenken-an-Hiroshima-4-e1628418262862.jpg\",\"contentUrl\":\"https:\\\/\\\/offenbacher-friedensinitiative.de\\\/wp-content\\\/uploads\\\/2021\\\/08\\\/Lampinons-Gedenken-an-Hiroshima-4-e1628418262862.jpg\",\"width\":1000,\"height\":500},{\"@type\":\"BreadcrumbList\",\"@id\":\"https:\\\/\\\/offenbacher-friedensinitiative.de\\\/?p=11295#breadcrumb\",\"itemListElement\":[{\"@type\":\"ListItem\",\"position\":1,\"name\":\"Startseite\",\"item\":\"https:\\\/\\\/offenbacher-friedensinitiative.de\\\/\"},{\"@type\":\"ListItem\",\"position\":2,\"name\":\"Atomwaffenverbot Jetzt!\"}]},{\"@type\":\"WebSite\",\"@id\":\"https:\\\/\\\/offenbacher-friedensinitiative.de\\\/#website\",\"url\":\"https:\\\/\\\/offenbacher-friedensinitiative.de\\\/\",\"name\":\"Offenbacher FriedensInitiative\",\"description\":\"Abr\u00fcsten statt Aufr\u00fcsten |- Kriege beenden | R\u00fcstungsexporte stoppen\",\"publisher\":{\"@id\":\"https:\\\/\\\/offenbacher-friedensinitiative.de\\\/#organization\"},\"potentialAction\":[{\"@type\":\"SearchAction\",\"target\":{\"@type\":\"EntryPoint\",\"urlTemplate\":\"https:\\\/\\\/offenbacher-friedensinitiative.de\\\/?s={search_term_string}\"},\"query-input\":{\"@type\":\"PropertyValueSpecification\",\"valueRequired\":true,\"valueName\":\"search_term_string\"}}],\"inLanguage\":\"de\"},{\"@type\":\"Organization\",\"@id\":\"https:\\\/\\\/offenbacher-friedensinitiative.de\\\/#organization\",\"name\":\"Offenbacher Friedensinitiative\",\"url\":\"https:\\\/\\\/offenbacher-friedensinitiative.de\\\/\",\"logo\":{\"@type\":\"ImageObject\",\"inLanguage\":\"de\",\"@id\":\"https:\\\/\\\/offenbacher-friedensinitiative.de\\\/#\\\/schema\\\/logo\\\/image\\\/\",\"url\":\"https:\\\/\\\/offenbacher-friedensinitiative.de\\\/wp-content\\\/uploads\\\/2019\\\/03\\\/cropped-Transparen-logo.jpg\",\"contentUrl\":\"https:\\\/\\\/offenbacher-friedensinitiative.de\\\/wp-content\\\/uploads\\\/2019\\\/03\\\/cropped-Transparen-logo.jpg\",\"width\":1036,\"height\":227,\"caption\":\"Offenbacher Friedensinitiative\"},\"image\":{\"@id\":\"https:\\\/\\\/offenbacher-friedensinitiative.de\\\/#\\\/schema\\\/logo\\\/image\\\/\"}},{\"@type\":\"Person\",\"@id\":\"https:\\\/\\\/offenbacher-friedensinitiative.de\\\/#\\\/schema\\\/person\\\/5ec566fcb70420f878023349a111f19f\",\"name\":\"OFI_WP\"}]}<\/script>\n<!-- \/ Yoast SEO plugin. -->","yoast_head_json":{"title":"Atomwaffenverbot Jetzt! - Offenbacher FriedensInitiative - OFI","description":"Im 3. Jahr hat die OFI ein Hiroshima-Gedenken organisisert. Wieder waren wir an der Hafentreppe und wieder spielte das Wetter mit, so dass wir am Ende Lampions ins Wasser setzen konnten.","robots":{"index":"index","follow":"follow","max-snippet":"max-snippet:-1","max-image-preview":"max-image-preview:large","max-video-preview":"max-video-preview:-1"},"canonical":"https:\/\/offenbacher-friedensinitiative.de\/?p=11295","og_locale":"de_DE","og_type":"article","og_title":"Atomwaffenverbot Jetzt! - Offenbacher FriedensInitiative - OFI","og_description":"Im 3. Jahr hat die OFI ein Hiroshima-Gedenken organisisert. Wieder waren wir an der Hafentreppe und wieder spielte das Wetter mit, so dass wir am Ende Lampions ins Wasser setzen konnten.","og_url":"https:\/\/offenbacher-friedensinitiative.de\/?p=11295","og_site_name":"Offenbacher FriedensInitiative - OFI","article_published_time":"2021-08-08T10:25:19+00:00","article_modified_time":"2021-08-23T07:30:07+00:00","og_image":[{"width":1000,"height":500,"url":"https:\/\/offenbacher-friedensinitiative.de\/wp-content\/uploads\/2021\/08\/Lampinons-Gedenken-an-Hiroshima-4-e1628418262862.jpg","type":"image\/jpeg"}],"author":"OFI_WP","twitter_card":"summary_large_image","twitter_misc":{"Verfasst von":"OFI_WP","Gesch\u00e4tzte Lesezeit":"2\u00a0Minuten"},"schema":{"@context":"https:\/\/schema.org","@graph":[{"@type":"Article","@id":"https:\/\/offenbacher-friedensinitiative.de\/?p=11295#article","isPartOf":{"@id":"https:\/\/offenbacher-friedensinitiative.de\/?p=11295"},"author":{"name":"OFI_WP","@id":"https:\/\/offenbacher-friedensinitiative.de\/#\/schema\/person\/5ec566fcb70420f878023349a111f19f"},"headline":"Atomwaffenverbot Jetzt!","datePublished":"2021-08-08T10:25:19+00:00","dateModified":"2021-08-23T07:30:07+00:00","mainEntityOfPage":{"@id":"https:\/\/offenbacher-friedensinitiative.de\/?p=11295"},"wordCount":411,"publisher":{"@id":"https:\/\/offenbacher-friedensinitiative.de\/#organization"},"image":{"@id":"https:\/\/offenbacher-friedensinitiative.de\/?p=11295#primaryimage"},"thumbnailUrl":"https:\/\/offenbacher-friedensinitiative.de\/wp-content\/uploads\/2021\/08\/Lampinons-Gedenken-an-Hiroshima-4-e1628418262862.jpg","articleSection":["Aktionen","Offenbach"],"inLanguage":"de"},{"@type":"WebPage","@id":"https:\/\/offenbacher-friedensinitiative.de\/?p=11295","url":"https:\/\/offenbacher-friedensinitiative.de\/?p=11295","name":"Atomwaffenverbot Jetzt! - Offenbacher FriedensInitiative - OFI","isPartOf":{"@id":"https:\/\/offenbacher-friedensinitiative.de\/#website"},"primaryImageOfPage":{"@id":"https:\/\/offenbacher-friedensinitiative.de\/?p=11295#primaryimage"},"image":{"@id":"https:\/\/offenbacher-friedensinitiative.de\/?p=11295#primaryimage"},"thumbnailUrl":"https:\/\/offenbacher-friedensinitiative.de\/wp-content\/uploads\/2021\/08\/Lampinons-Gedenken-an-Hiroshima-4-e1628418262862.jpg","datePublished":"2021-08-08T10:25:19+00:00","dateModified":"2021-08-23T07:30:07+00:00","description":"Im 3. Jahr hat die OFI ein Hiroshima-Gedenken organisisert. Wieder waren wir an der Hafentreppe und wieder spielte das Wetter mit, so dass wir am Ende Lampions ins Wasser setzen konnten.","breadcrumb":{"@id":"https:\/\/offenbacher-friedensinitiative.de\/?p=11295#breadcrumb"},"inLanguage":"de","potentialAction":[{"@type":"ReadAction","target":["https:\/\/offenbacher-friedensinitiative.de\/?p=11295"]}]},{"@type":"ImageObject","inLanguage":"de","@id":"https:\/\/offenbacher-friedensinitiative.de\/?p=11295#primaryimage","url":"https:\/\/offenbacher-friedensinitiative.de\/wp-content\/uploads\/2021\/08\/Lampinons-Gedenken-an-Hiroshima-4-e1628418262862.jpg","contentUrl":"https:\/\/offenbacher-friedensinitiative.de\/wp-content\/uploads\/2021\/08\/Lampinons-Gedenken-an-Hiroshima-4-e1628418262862.jpg","width":1000,"height":500},{"@type":"BreadcrumbList","@id":"https:\/\/offenbacher-friedensinitiative.de\/?p=11295#breadcrumb","itemListElement":[{"@type":"ListItem","position":1,"name":"Startseite","item":"https:\/\/offenbacher-friedensinitiative.de\/"},{"@type":"ListItem","position":2,"name":"Atomwaffenverbot Jetzt!"}]},{"@type":"WebSite","@id":"https:\/\/offenbacher-friedensinitiative.de\/#website","url":"https:\/\/offenbacher-friedensinitiative.de\/","name":"Offenbacher FriedensInitiative","description":"Abr\u00fcsten statt Aufr\u00fcsten |- Kriege beenden | R\u00fcstungsexporte stoppen","publisher":{"@id":"https:\/\/offenbacher-friedensinitiative.de\/#organization"},"potentialAction":[{"@type":"SearchAction","target":{"@type":"EntryPoint","urlTemplate":"https:\/\/offenbacher-friedensinitiative.de\/?s={search_term_string}"},"query-input":{"@type":"PropertyValueSpecification","valueRequired":true,"valueName":"search_term_string"}}],"inLanguage":"de"},{"@type":"Organization","@id":"https:\/\/offenbacher-friedensinitiative.de\/#organization","name":"Offenbacher Friedensinitiative","url":"https:\/\/offenbacher-friedensinitiative.de\/","logo":{"@type":"ImageObject","inLanguage":"de","@id":"https:\/\/offenbacher-friedensinitiative.de\/#\/schema\/logo\/image\/","url":"https:\/\/offenbacher-friedensinitiative.de\/wp-content\/uploads\/2019\/03\/cropped-Transparen-logo.jpg","contentUrl":"https:\/\/offenbacher-friedensinitiative.de\/wp-content\/uploads\/2019\/03\/cropped-Transparen-logo.jpg","width":1036,"height":227,"caption":"Offenbacher Friedensinitiative"},"image":{"@id":"https:\/\/offenbacher-friedensinitiative.de\/#\/schema\/logo\/image\/"}},{"@type":"Person","@id":"https:\/\/offenbacher-friedensinitiative.de\/#\/schema\/person\/5ec566fcb70420f878023349a111f19f","name":"OFI_WP"}]}},"_links":{"self":[{"href":"https:\/\/offenbacher-friedensinitiative.de\/index.php?rest_route=\/wp\/v2\/posts\/11295","targetHints":{"allow":["GET"]}}],"collection":[{"href":"https:\/\/offenbacher-friedensinitiative.de\/index.php?rest_route=\/wp\/v2\/posts"}],"about":[{"href":"https:\/\/offenbacher-friedensinitiative.de\/index.php?rest_route=\/wp\/v2\/types\/post"}],"author":[{"embeddable":true,"href":"https:\/\/offenbacher-friedensinitiative.de\/index.php?rest_route=\/wp\/v2\/users\/1"}],"replies":[{"embeddable":true,"href":"https:\/\/offenbacher-friedensinitiative.de\/index.php?rest_route=%2Fwp%2Fv2%2Fcomments&post=11295"}],"version-history":[{"count":9,"href":"https:\/\/offenbacher-friedensinitiative.de\/index.php?rest_route=\/wp\/v2\/posts\/11295\/revisions"}],"predecessor-version":[{"id":11308,"href":"https:\/\/offenbacher-friedensinitiative.de\/index.php?rest_route=\/wp\/v2\/posts\/11295\/revisions\/11308"}],"wp:featuredmedia":[{"embeddable":true,"href":"https:\/\/offenbacher-friedensinitiative.de\/index.php?rest_route=\/wp\/v2\/media\/11297"}],"wp:attachment":[{"href":"https:\/\/offenbacher-friedensinitiative.de\/index.php?rest_route=%2Fwp%2Fv2%2Fmedia&parent=11295"}],"wp:term":[{"taxonomy":"category","embeddable":true,"href":"https:\/\/offenbacher-friedensinitiative.de\/index.php?rest_route=%2Fwp%2Fv2%2Fcategories&post=11295"},{"taxonomy":"post_tag","embeddable":true,"href":"https:\/\/offenbacher-friedensinitiative.de\/index.php?rest_route=%2Fwp%2Fv2%2Ftags&post=11295"}],"curies":[{"name":"wp","href":"https:\/\/api.w.org\/{rel}","templated":true}]}}