{"id":11316,"date":"2021-12-02T09:39:04","date_gmt":"2021-12-02T08:39:04","guid":{"rendered":"https:\/\/offenbacher-friedensinitiative.de\/?p=11316"},"modified":"2021-12-02T10:12:29","modified_gmt":"2021-12-02T09:12:29","slug":"spendensammlung-winter-hilfe-afghanistan","status":"publish","type":"post","link":"https:\/\/offenbacher-friedensinitiative.de\/?p=11316","title":{"rendered":"Spendensammlung \u201eWinter-Hilfe Afghanistan\u201c &#8211; Bundesweit"},"content":{"rendered":"<div id=\"pl-11316\"  class=\"panel-layout\" ><div id=\"pg-11316-0\"  class=\"panel-grid panel-no-style\" ><div id=\"pgc-11316-0-0\"  class=\"panel-grid-cell\" ><div id=\"panel-11316-0-0-0\" class=\"so-panel widget widget_sow-editor panel-first-child panel-last-child\" data-index=\"0\" ><div\n\t\t\t\n\t\t\tclass=\"so-widget-sow-editor so-widget-sow-editor-base\"\n\t\t\t\n\t\t>\n<div class=\"siteorigin-widget-tinymce textwidget\">\n\t<p><span style=\"font-size: 14pt;\"><strong>Hilfe f\u00fcr Menschen in Afghanistan \u2012 Bitte unterst\u00fctzt unsere Geldsammlung f\u00fcr Notleidende.<\/strong><\/span><br \/>\n<span style=\"font-size: 14pt;\">Hilfsorganisationen schlagen Alarm: Der Hunger in Afghanistan nimmt immer dramatischere Ausma\u00dfe an.<\/span><br \/>\n<span style=\"font-size: 14pt;\">Afghanistan geh\u00f6rte vor der NATO-Milit\u00e4rintervention zu den \u00e4rmsten L\u00e4ndern der Erde.<\/span><br \/>\n<span style=\"font-size: 14pt;\">Ungeachtet der hehren humanit\u00e4ren Ziele, mit denen die Fortsetzung des Krieges 20 Jahre lang gerechtfertigt wurde, hat sich daran nichts ge\u00e4ndert \u2012 im Gegenteil.<\/span><br \/>\n<span style=\"font-size: 14pt;\">Die Lebensverh\u00e4ltnisse der Bev\u00f6lkerung haben sich dadurch noch verschlechtert.<\/span><\/p>\n<p><span style=\"font-size: 14pt;\">Die Infrastruktur ist in weiten Teilen zerst\u00f6rt und die Wirtschaft des Landes massiv beeintr\u00e4chtigt. Ein Gro\u00dfteil der Bev\u00f6lkerung ist von medizinischer Versorgung und Bildung ausgeschlossen. Die Landwirtschaft kann die Menschen nicht mehr ern\u00e4hren, nach einer verheerenden D\u00fcrre sind gro\u00dfe Teile der Weizenernte ausgefallen. Flucht von Hunderttausenden ja Millionen vor den Folgen der Klimaver\u00e4nderungen und des Krieges sind die Folge. Mittlerweile sind 18 Millionen Menschen, die H\u00e4lfte der Bev\u00f6lkerung, unterern\u00e4hrt und hungern.<\/span><\/p>\n<p><span style=\"font-size: 14pt;\">Die Friedensbewegung hat die Intervention der NATO in Afghanistan immer abgelehnt und dagegen protestiert. Auf einer Konferenz am 31.10.2021*) haben wir eine erste Bilanz des Krieges gezogen und stellten dabei auch fest: Die Regierungen werden ihrer Verantwortung aus 20 Jahren Krieg nicht gerecht, die zur \u00dcberwindung der Not erforderlichen Mittel bereit zu stellen.<\/span><\/p>\n<p><span style=\"font-size: 14pt;\">Wir Organisatoren der Konferenz fordern von den Regierungen Deutschlands und der NATO-Partner, unverz\u00fcglich die zust\u00e4ndigen Hilfsorganisationen wie das Weltern\u00e4hrungsprogramm und das Fl\u00fcchtlingshilfswerk der Vereinten Nationen mit ausreichenden Mitteln auszustatten, um die sich abzeichnende humanit\u00e4re Katastrophe abzuwenden.<\/span><\/p>\n<p><span style=\"font-size: 14pt;\">Um selbst einen Beitrag zu leisten, verbinden wir unsere Forderung an die westlichen Regierungen mit einem Aufruf zur Hilfe f\u00fcr notleidende Menschen in Afghanistan.<\/span><br \/>\n<span style=\"font-size: 14pt;\">Jetzt ist humanit\u00e4re, selbstlose Hilfe ohne Auflagen notwendig. Hilfe zum \u00dcberleben.<\/span><\/p>\n<p><span style=\"font-size: 14pt;\">Wir haben ein Sonderkonto Afghanistan bei der Friedens- und Zukunftswerkstatt e. V. eingerichtet. Unsere Hilfe geht an Organisationen, \u00fcber die sie rasch und in voller H\u00f6he Bed\u00fcrftigen zu Gute kommt.<\/span><br \/>\n<span style=\"font-size: 14pt;\">Die Spenden sind steuerlich absetzbar.<\/span><\/p>\n<p><span style=\"font-size: 14pt;\">Bitte unterst\u00fctzen auch Sie, unterst\u00fctze auch Du uns bei der Hilfe der notleidenden Bev\u00f6lkerung beim \u00dcberleben!<\/span><\/p>\n<p><span style=\"font-size: 14pt;\"><strong>Spendenkonto<\/strong>: Friedens- und Zukunftswerkstatt e.V. \u2022 Stichwort: Winterhilfe Afghanistan IBAN: DE20 5005 0201 0200 0813 90 \u2022 BIC: HELADEF1822<\/span><\/p>\n<p><a href=\"https:\/\/offenbacher-friedensinitiative.de\/wp-content\/uploads\/wppa-source\/album-26\/Spendenaufruf-aus-der-Friedensbewegung_formatiert-2-JG-HL.pdf\" target=\"_blank\" rel=\"noopener\"><span style=\"font-size: 14pt;\">Spendenaufruf (PDF)<\/span><\/a><\/p>\n<hr \/>\n<p>*) Dokumentation u. Abschlusserkl\u00e4rung der Afghanistankonferenz siehe www.kultur-des-friedens.de\/afghanistankonferenz<br \/>\nTr\u00e4gerkreis: IPPNW Deutschland \u2022 Kooperation f\u00fcr den Frieden \u2022 Bundesausschuss Friedensratschlag \u2022 Friedens- und Zukunftswerkstatt Frankfurt \u2022 attac Deutschland \u2022 attac AG Globalisierung und Krieg \u2022 Drohnen-Kampagne \u2022 Naturwissenschaftlerinitiative Verantwortung f\u00fcr Frieden und Zukunftsf\u00e4higkeit \u2022 DFG-VK Frankfurt \u2022 pax christi Rottenburg-Stuttgart \u2022 AG \u201eFrieden und Internationale Politik\u201c in der LINKEN Hessen<\/p>\n<\/div>\n<\/div><\/div><\/div><\/div><\/div>","protected":false},"excerpt":{"rendered":"<p>Hilfe f\u00fcr Menschen in Afghanistan \u2012 Bitte unterst\u00fctzt unsere Geldsammlung f\u00fcr Notleidende. Hilfsorganisationen schlagen Alarm: Der Hunger in Afghanistan nimmt immer dramatischere Ausma\u00dfe an. Afghanistan<span class=\"more-link\"><a href=\"https:\/\/offenbacher-friedensinitiative.de\/?p=11316\">Weiterlesen &#8230;<\/a><\/span><\/p>\n","protected":false},"author":1,"featured_media":0,"comment_status":"closed","ping_status":"closed","sticky":false,"template":"","format":"standard","meta":{"footnotes":""},"categories":[5,52],"tags":[],"class_list":["entry","author-ofi_wp","post-11316","post","type-post","status-publish","format-standard","category-aktionen","category-hessen"],"yoast_head":"<!-- This site is optimized with the Yoast SEO plugin v27.5 - https:\/\/yoast.com\/product\/yoast-seo-wordpress\/ -->\n<title>Spendensammlung \u201eWinter-Hilfe Afghanistan\u201c - Bundesweit - Offenbacher FriedensInitiative - OFI<\/title>\n<meta name=\"description\" content=\"Hilfe f\u00fcr Menschen in Afghanistan \u2012 Bitte unterst\u00fctzt unsere Geldsammlung f\u00fcr Notleidende. Hilfsorganisationen schlagen Alarm.\" \/>\n<meta name=\"robots\" content=\"index, follow, max-snippet:-1, max-image-preview:large, max-video-preview:-1\" \/>\n<link rel=\"canonical\" href=\"https:\/\/offenbacher-friedensinitiative.de\/?p=11316\" \/>\n<meta property=\"og:locale\" content=\"de_DE\" \/>\n<meta property=\"og:type\" content=\"article\" \/>\n<meta property=\"og:title\" content=\"Spendensammlung \u201eWinter-Hilfe Afghanistan\u201c - Bundesweit - Offenbacher FriedensInitiative - OFI\" \/>\n<meta property=\"og:description\" content=\"Hilfe f\u00fcr Menschen in Afghanistan \u2012 Bitte unterst\u00fctzt unsere Geldsammlung f\u00fcr Notleidende. Hilfsorganisationen schlagen Alarm.\" \/>\n<meta property=\"og:url\" content=\"https:\/\/offenbacher-friedensinitiative.de\/?p=11316\" \/>\n<meta property=\"og:site_name\" content=\"Offenbacher FriedensInitiative - OFI\" \/>\n<meta property=\"article:published_time\" content=\"2021-12-02T08:39:04+00:00\" \/>\n<meta property=\"article:modified_time\" content=\"2021-12-02T09:12:29+00:00\" \/>\n<meta name=\"author\" content=\"OFI_WP\" \/>\n<meta name=\"twitter:card\" content=\"summary_large_image\" \/>\n<meta name=\"twitter:label1\" content=\"Verfasst von\" \/>\n\t<meta name=\"twitter:data1\" content=\"OFI_WP\" \/>\n\t<meta name=\"twitter:label2\" content=\"Gesch\u00e4tzte Lesezeit\" \/>\n\t<meta name=\"twitter:data2\" content=\"2\u00a0Minuten\" \/>\n<script type=\"application\/ld+json\" class=\"yoast-schema-graph\">{\"@context\":\"https:\\\/\\\/schema.org\",\"@graph\":[{\"@type\":\"Article\",\"@id\":\"https:\\\/\\\/offenbacher-friedensinitiative.de\\\/?p=11316#article\",\"isPartOf\":{\"@id\":\"https:\\\/\\\/offenbacher-friedensinitiative.de\\\/?p=11316\"},\"author\":{\"name\":\"OFI_WP\",\"@id\":\"https:\\\/\\\/offenbacher-friedensinitiative.de\\\/#\\\/schema\\\/person\\\/5ec566fcb70420f878023349a111f19f\"},\"headline\":\"Spendensammlung \u201eWinter-Hilfe Afghanistan\u201c &#8211; Bundesweit\",\"datePublished\":\"2021-12-02T08:39:04+00:00\",\"dateModified\":\"2021-12-02T09:12:29+00:00\",\"mainEntityOfPage\":{\"@id\":\"https:\\\/\\\/offenbacher-friedensinitiative.de\\\/?p=11316\"},\"wordCount\":418,\"publisher\":{\"@id\":\"https:\\\/\\\/offenbacher-friedensinitiative.de\\\/#organization\"},\"articleSection\":[\"Aktionen\",\"Hessen\"],\"inLanguage\":\"de\"},{\"@type\":\"WebPage\",\"@id\":\"https:\\\/\\\/offenbacher-friedensinitiative.de\\\/?p=11316\",\"url\":\"https:\\\/\\\/offenbacher-friedensinitiative.de\\\/?p=11316\",\"name\":\"Spendensammlung \u201eWinter-Hilfe Afghanistan\u201c - Bundesweit - Offenbacher FriedensInitiative - OFI\",\"isPartOf\":{\"@id\":\"https:\\\/\\\/offenbacher-friedensinitiative.de\\\/#website\"},\"datePublished\":\"2021-12-02T08:39:04+00:00\",\"dateModified\":\"2021-12-02T09:12:29+00:00\",\"description\":\"Hilfe f\u00fcr Menschen in Afghanistan \u2012 Bitte unterst\u00fctzt unsere Geldsammlung f\u00fcr Notleidende. Hilfsorganisationen schlagen Alarm.\",\"breadcrumb\":{\"@id\":\"https:\\\/\\\/offenbacher-friedensinitiative.de\\\/?p=11316#breadcrumb\"},\"inLanguage\":\"de\",\"potentialAction\":[{\"@type\":\"ReadAction\",\"target\":[\"https:\\\/\\\/offenbacher-friedensinitiative.de\\\/?p=11316\"]}]},{\"@type\":\"BreadcrumbList\",\"@id\":\"https:\\\/\\\/offenbacher-friedensinitiative.de\\\/?p=11316#breadcrumb\",\"itemListElement\":[{\"@type\":\"ListItem\",\"position\":1,\"name\":\"Startseite\",\"item\":\"https:\\\/\\\/offenbacher-friedensinitiative.de\\\/\"},{\"@type\":\"ListItem\",\"position\":2,\"name\":\"Spendensammlung \u201eWinter-Hilfe Afghanistan\u201c &#8211; Bundesweit\"}]},{\"@type\":\"WebSite\",\"@id\":\"https:\\\/\\\/offenbacher-friedensinitiative.de\\\/#website\",\"url\":\"https:\\\/\\\/offenbacher-friedensinitiative.de\\\/\",\"name\":\"Offenbacher FriedensInitiative\",\"description\":\"Abr\u00fcsten statt Aufr\u00fcsten |- Kriege beenden | R\u00fcstungsexporte stoppen\",\"publisher\":{\"@id\":\"https:\\\/\\\/offenbacher-friedensinitiative.de\\\/#organization\"},\"potentialAction\":[{\"@type\":\"SearchAction\",\"target\":{\"@type\":\"EntryPoint\",\"urlTemplate\":\"https:\\\/\\\/offenbacher-friedensinitiative.de\\\/?s={search_term_string}\"},\"query-input\":{\"@type\":\"PropertyValueSpecification\",\"valueRequired\":true,\"valueName\":\"search_term_string\"}}],\"inLanguage\":\"de\"},{\"@type\":\"Organization\",\"@id\":\"https:\\\/\\\/offenbacher-friedensinitiative.de\\\/#organization\",\"name\":\"Offenbacher Friedensinitiative\",\"url\":\"https:\\\/\\\/offenbacher-friedensinitiative.de\\\/\",\"logo\":{\"@type\":\"ImageObject\",\"inLanguage\":\"de\",\"@id\":\"https:\\\/\\\/offenbacher-friedensinitiative.de\\\/#\\\/schema\\\/logo\\\/image\\\/\",\"url\":\"https:\\\/\\\/offenbacher-friedensinitiative.de\\\/wp-content\\\/uploads\\\/2019\\\/03\\\/cropped-Transparen-logo.jpg\",\"contentUrl\":\"https:\\\/\\\/offenbacher-friedensinitiative.de\\\/wp-content\\\/uploads\\\/2019\\\/03\\\/cropped-Transparen-logo.jpg\",\"width\":1036,\"height\":227,\"caption\":\"Offenbacher Friedensinitiative\"},\"image\":{\"@id\":\"https:\\\/\\\/offenbacher-friedensinitiative.de\\\/#\\\/schema\\\/logo\\\/image\\\/\"}},{\"@type\":\"Person\",\"@id\":\"https:\\\/\\\/offenbacher-friedensinitiative.de\\\/#\\\/schema\\\/person\\\/5ec566fcb70420f878023349a111f19f\",\"name\":\"OFI_WP\"}]}<\/script>\n<!-- \/ Yoast SEO plugin. -->","yoast_head_json":{"title":"Spendensammlung \u201eWinter-Hilfe Afghanistan\u201c - Bundesweit - Offenbacher FriedensInitiative - OFI","description":"Hilfe f\u00fcr Menschen in Afghanistan \u2012 Bitte unterst\u00fctzt unsere Geldsammlung f\u00fcr Notleidende. Hilfsorganisationen schlagen Alarm.","robots":{"index":"index","follow":"follow","max-snippet":"max-snippet:-1","max-image-preview":"max-image-preview:large","max-video-preview":"max-video-preview:-1"},"canonical":"https:\/\/offenbacher-friedensinitiative.de\/?p=11316","og_locale":"de_DE","og_type":"article","og_title":"Spendensammlung \u201eWinter-Hilfe Afghanistan\u201c - Bundesweit - Offenbacher FriedensInitiative - OFI","og_description":"Hilfe f\u00fcr Menschen in Afghanistan \u2012 Bitte unterst\u00fctzt unsere Geldsammlung f\u00fcr Notleidende. Hilfsorganisationen schlagen Alarm.","og_url":"https:\/\/offenbacher-friedensinitiative.de\/?p=11316","og_site_name":"Offenbacher FriedensInitiative - OFI","article_published_time":"2021-12-02T08:39:04+00:00","article_modified_time":"2021-12-02T09:12:29+00:00","author":"OFI_WP","twitter_card":"summary_large_image","twitter_misc":{"Verfasst von":"OFI_WP","Gesch\u00e4tzte Lesezeit":"2\u00a0Minuten"},"schema":{"@context":"https:\/\/schema.org","@graph":[{"@type":"Article","@id":"https:\/\/offenbacher-friedensinitiative.de\/?p=11316#article","isPartOf":{"@id":"https:\/\/offenbacher-friedensinitiative.de\/?p=11316"},"author":{"name":"OFI_WP","@id":"https:\/\/offenbacher-friedensinitiative.de\/#\/schema\/person\/5ec566fcb70420f878023349a111f19f"},"headline":"Spendensammlung \u201eWinter-Hilfe Afghanistan\u201c &#8211; Bundesweit","datePublished":"2021-12-02T08:39:04+00:00","dateModified":"2021-12-02T09:12:29+00:00","mainEntityOfPage":{"@id":"https:\/\/offenbacher-friedensinitiative.de\/?p=11316"},"wordCount":418,"publisher":{"@id":"https:\/\/offenbacher-friedensinitiative.de\/#organization"},"articleSection":["Aktionen","Hessen"],"inLanguage":"de"},{"@type":"WebPage","@id":"https:\/\/offenbacher-friedensinitiative.de\/?p=11316","url":"https:\/\/offenbacher-friedensinitiative.de\/?p=11316","name":"Spendensammlung \u201eWinter-Hilfe Afghanistan\u201c - Bundesweit - Offenbacher FriedensInitiative - OFI","isPartOf":{"@id":"https:\/\/offenbacher-friedensinitiative.de\/#website"},"datePublished":"2021-12-02T08:39:04+00:00","dateModified":"2021-12-02T09:12:29+00:00","description":"Hilfe f\u00fcr Menschen in Afghanistan \u2012 Bitte unterst\u00fctzt unsere Geldsammlung f\u00fcr Notleidende. Hilfsorganisationen schlagen Alarm.","breadcrumb":{"@id":"https:\/\/offenbacher-friedensinitiative.de\/?p=11316#breadcrumb"},"inLanguage":"de","potentialAction":[{"@type":"ReadAction","target":["https:\/\/offenbacher-friedensinitiative.de\/?p=11316"]}]},{"@type":"BreadcrumbList","@id":"https:\/\/offenbacher-friedensinitiative.de\/?p=11316#breadcrumb","itemListElement":[{"@type":"ListItem","position":1,"name":"Startseite","item":"https:\/\/offenbacher-friedensinitiative.de\/"},{"@type":"ListItem","position":2,"name":"Spendensammlung \u201eWinter-Hilfe Afghanistan\u201c &#8211; Bundesweit"}]},{"@type":"WebSite","@id":"https:\/\/offenbacher-friedensinitiative.de\/#website","url":"https:\/\/offenbacher-friedensinitiative.de\/","name":"Offenbacher FriedensInitiative","description":"Abr\u00fcsten statt Aufr\u00fcsten |- Kriege beenden | R\u00fcstungsexporte stoppen","publisher":{"@id":"https:\/\/offenbacher-friedensinitiative.de\/#organization"},"potentialAction":[{"@type":"SearchAction","target":{"@type":"EntryPoint","urlTemplate":"https:\/\/offenbacher-friedensinitiative.de\/?s={search_term_string}"},"query-input":{"@type":"PropertyValueSpecification","valueRequired":true,"valueName":"search_term_string"}}],"inLanguage":"de"},{"@type":"Organization","@id":"https:\/\/offenbacher-friedensinitiative.de\/#organization","name":"Offenbacher Friedensinitiative","url":"https:\/\/offenbacher-friedensinitiative.de\/","logo":{"@type":"ImageObject","inLanguage":"de","@id":"https:\/\/offenbacher-friedensinitiative.de\/#\/schema\/logo\/image\/","url":"https:\/\/offenbacher-friedensinitiative.de\/wp-content\/uploads\/2019\/03\/cropped-Transparen-logo.jpg","contentUrl":"https:\/\/offenbacher-friedensinitiative.de\/wp-content\/uploads\/2019\/03\/cropped-Transparen-logo.jpg","width":1036,"height":227,"caption":"Offenbacher Friedensinitiative"},"image":{"@id":"https:\/\/offenbacher-friedensinitiative.de\/#\/schema\/logo\/image\/"}},{"@type":"Person","@id":"https:\/\/offenbacher-friedensinitiative.de\/#\/schema\/person\/5ec566fcb70420f878023349a111f19f","name":"OFI_WP"}]}},"_links":{"self":[{"href":"https:\/\/offenbacher-friedensinitiative.de\/index.php?rest_route=\/wp\/v2\/posts\/11316","targetHints":{"allow":["GET"]}}],"collection":[{"href":"https:\/\/offenbacher-friedensinitiative.de\/index.php?rest_route=\/wp\/v2\/posts"}],"about":[{"href":"https:\/\/offenbacher-friedensinitiative.de\/index.php?rest_route=\/wp\/v2\/types\/post"}],"author":[{"embeddable":true,"href":"https:\/\/offenbacher-friedensinitiative.de\/index.php?rest_route=\/wp\/v2\/users\/1"}],"replies":[{"embeddable":true,"href":"https:\/\/offenbacher-friedensinitiative.de\/index.php?rest_route=%2Fwp%2Fv2%2Fcomments&post=11316"}],"version-history":[{"count":3,"href":"https:\/\/offenbacher-friedensinitiative.de\/index.php?rest_route=\/wp\/v2\/posts\/11316\/revisions"}],"predecessor-version":[{"id":11321,"href":"https:\/\/offenbacher-friedensinitiative.de\/index.php?rest_route=\/wp\/v2\/posts\/11316\/revisions\/11321"}],"wp:attachment":[{"href":"https:\/\/offenbacher-friedensinitiative.de\/index.php?rest_route=%2Fwp%2Fv2%2Fmedia&parent=11316"}],"wp:term":[{"taxonomy":"category","embeddable":true,"href":"https:\/\/offenbacher-friedensinitiative.de\/index.php?rest_route=%2Fwp%2Fv2%2Fcategories&post=11316"},{"taxonomy":"post_tag","embeddable":true,"href":"https:\/\/offenbacher-friedensinitiative.de\/index.php?rest_route=%2Fwp%2Fv2%2Ftags&post=11316"}],"curies":[{"name":"wp","href":"https:\/\/api.w.org\/{rel}","templated":true}]}}