{"id":11319,"date":"2021-12-02T09:44:50","date_gmt":"2021-12-02T08:44:50","guid":{"rendered":"https:\/\/offenbacher-friedensinitiative.de\/?p=11319"},"modified":"2021-12-02T10:19:37","modified_gmt":"2021-12-02T09:19:37","slug":"koalitionsvertrag-von-spd-gruenen-und-fdp","status":"publish","type":"post","link":"https:\/\/offenbacher-friedensinitiative.de\/?p=11319","title":{"rendered":"Koalitionsvertrag von SPD, Gr\u00fcnen und FDP"},"content":{"rendered":"<div id=\"pl-11319\"  class=\"panel-layout\" ><div id=\"pg-11319-0\"  class=\"panel-grid panel-no-style\" ><div id=\"pgc-11319-0-0\"  class=\"panel-grid-cell\" ><div id=\"panel-11319-0-0-0\" class=\"so-panel widget widget_sow-editor panel-first-child panel-last-child\" data-index=\"0\" ><div\n\t\t\t\n\t\t\tclass=\"so-widget-sow-editor so-widget-sow-editor-base\"\n\t\t\t\n\t\t>\n<div class=\"siteorigin-widget-tinymce textwidget\">\n\t<h1>Stellungnahme des Bundesausschusses Friedensratschlag<\/h1>\n<h2>zum Koalitionsvertrag von SPD, Gr\u00fcnen und FDP<\/h2>\n<p>Der gerade vorgestellte Koalitionsvertrag von SPD, FDP und B\u00fcndnis 90\/Die Gr\u00fcnen signalisiert, die Au\u00dfen- und Milit\u00e4rpolitik der scheidenden Koalition von CDU\/CSU und SPD wird im Wesentlichen weitergef\u00fchrt. Nach diesem Koalitionsvertrag soll die Aggression und Einkreisung Russlands und Chinas versch\u00e4rft werden. Die Auslands\u00adeins\u00e4tze der Bundeswehr werden \u2013 trotz der Afghanistan-Erfahrungen \u2013 fortgesetzt. Unter der Losung \u201eDurchsetzung der regelbasierten internationalen Ordnung\u201c droht die Ausweitung der Kriegseins\u00e4tze besonders in Afrika und im Osten und S\u00fcdosten Europas. Die Charta der Vereinten Nationen wird weiter demoliert. Beim Thema Frieden haben SPD und B\u00fcndnis90\/Die Gr\u00fcnen offensichtlich fr\u00fchere Prinzipien \u00fcber Bord geworfen.<\/p>\n<p>Atomwaffen werden in Deutschland weiterhin einsatzbereit gelagert, die \u201eatomare Teilhabe\u201c bleibt Teil der offensiven Kriegsf\u00fchrungs\u00adstrategie. Es wird keinen Beitritt zum Atomwaffenverbotsvertrag geben und auch R\u00fcstungsexporten wird kein klarer Riegel vorgeschoben. Mit diesem Vertrag sollen die Aufr\u00fcstungspolitik und die 2-Prozent-Forderung der NATO, die weitere EU-Militarisierung und die Beschaffung bewaffneter Drohnen f\u00fcr die Bundeswehr realisiert werden. Die Einigung auf Anschaffung bewaffneter Drohnen ist eine friedenspolitische Katastrophe. Klima\u00adschutz spielt beim Milit\u00e4r keine Rolle.<\/p>\n<p>Dass nach dem Koalitionsvertrag Deutschland\u00a0 \u201ek\u00fcnftig f\u00fcr einen \u201evernetzten und inklusiven Ansatzes langfristig drei Prozent seines Bruttoinlandsprodukts in internationales Handeln investiert\u201c, und \u201eso seine Diplomatie und seine Entwicklungspolitik st\u00e4rkt und seine in der NATO eingegangenen Verpflichtungen erf\u00fcllt\u201c, signalisiert, dass mit allen Mitteln eine militarisierte Globalstrategie betrieben werden soll.<\/p>\n<p>Die Friedensbewegung fordert erneut einen wirklichen Politikwechsel:<\/p>\n<ul>\n<li>Abr\u00fcsten statt Aufr\u00fcsten, Frieden und Kooperation, das geht nur mit einer neuen Entspannungspolitik und internationaler Zusammenarbeit.<\/li>\n<li>R\u00fcstungsexporte m\u00fcssen verboten werden, bewaffnete Drohnen und Atomwaffen verschwinden; die Bundeswehr muss die Auslandseins\u00e4tze beenden.<\/li>\n<li>Statt Kriegspropaganda und Militarisierung fordern wir\u00a0 Zukunftsinvestitionen f\u00fcr eine internationale, gemeinsame Sicherheit<\/li>\n<\/ul>\n<p>Daf\u00fcr werden wir weiter eintreten und neue Mitstreiterinnen und Mitstreiter gewinnen.<\/p>\n<p><a href=\"https:\/\/offenbacher-friedensinitiative.de\/wp-content\/uploads\/wppa-source\/album-26\/21Okt-Koalition-flyer-bunt.pdf\" target=\"_blank\" rel=\"noopener\">Flugblatt OFI Nov. 2021<\/a><\/p>\n<\/div>\n<\/div><\/div><\/div><\/div><\/div>","protected":false},"excerpt":{"rendered":"<p>Stellungnahme des Bundesausschusses Friedensratschlag zum Koalitionsvertrag von SPD, Gr\u00fcnen und FDP Der gerade vorgestellte Koalitionsvertrag von SPD, FDP und B\u00fcndnis 90\/Die Gr\u00fcnen signalisiert, die Au\u00dfen-<span class=\"more-link\"><a href=\"https:\/\/offenbacher-friedensinitiative.de\/?p=11319\">Weiterlesen &#8230;<\/a><\/span><\/p>\n","protected":false},"author":1,"featured_media":0,"comment_status":"closed","ping_status":"closed","sticky":false,"template":"","format":"standard","meta":{"footnotes":""},"categories":[52,47],"tags":[],"class_list":["entry","author-ofi_wp","post-11319","post","type-post","status-publish","format-standard","category-hessen","category-information"],"yoast_head":"<!-- This site is optimized with the Yoast SEO plugin v27.5 - https:\/\/yoast.com\/product\/yoast-seo-wordpress\/ -->\n<title>Koalitionsvertrag von SPD, Gr\u00fcnen und FDP - Offenbacher FriedensInitiative - OFI<\/title>\n<meta name=\"description\" content=\"Der Koalitionsvertrag von SPD, FDP und B\u00fcndnis 90\/Die Gr\u00fcnen signalisiert, die Au\u00dfen- und Milit\u00e4rpolitik der scheidenden Koalition wird im Wesentlichen weitergef\u00fchrt.\" \/>\n<meta name=\"robots\" content=\"index, follow, max-snippet:-1, max-image-preview:large, max-video-preview:-1\" \/>\n<link rel=\"canonical\" href=\"https:\/\/offenbacher-friedensinitiative.de\/?p=11319\" \/>\n<meta property=\"og:locale\" content=\"de_DE\" \/>\n<meta property=\"og:type\" content=\"article\" \/>\n<meta property=\"og:title\" content=\"Koalitionsvertrag von SPD, Gr\u00fcnen und FDP - Offenbacher FriedensInitiative - OFI\" \/>\n<meta property=\"og:description\" content=\"Der Koalitionsvertrag von SPD, FDP und B\u00fcndnis 90\/Die Gr\u00fcnen signalisiert, die Au\u00dfen- und Milit\u00e4rpolitik der scheidenden Koalition wird im Wesentlichen weitergef\u00fchrt.\" \/>\n<meta property=\"og:url\" content=\"https:\/\/offenbacher-friedensinitiative.de\/?p=11319\" \/>\n<meta property=\"og:site_name\" content=\"Offenbacher FriedensInitiative - OFI\" \/>\n<meta property=\"article:published_time\" content=\"2021-12-02T08:44:50+00:00\" \/>\n<meta property=\"article:modified_time\" content=\"2021-12-02T09:19:37+00:00\" \/>\n<meta name=\"author\" content=\"OFI_WP\" \/>\n<meta name=\"twitter:card\" content=\"summary_large_image\" \/>\n<meta name=\"twitter:label1\" content=\"Verfasst von\" \/>\n\t<meta name=\"twitter:data1\" content=\"OFI_WP\" \/>\n\t<meta name=\"twitter:label2\" content=\"Gesch\u00e4tzte Lesezeit\" \/>\n\t<meta name=\"twitter:data2\" content=\"2\u00a0Minuten\" \/>\n<script type=\"application\/ld+json\" class=\"yoast-schema-graph\">{\"@context\":\"https:\\\/\\\/schema.org\",\"@graph\":[{\"@type\":\"Article\",\"@id\":\"https:\\\/\\\/offenbacher-friedensinitiative.de\\\/?p=11319#article\",\"isPartOf\":{\"@id\":\"https:\\\/\\\/offenbacher-friedensinitiative.de\\\/?p=11319\"},\"author\":{\"name\":\"OFI_WP\",\"@id\":\"https:\\\/\\\/offenbacher-friedensinitiative.de\\\/#\\\/schema\\\/person\\\/5ec566fcb70420f878023349a111f19f\"},\"headline\":\"Koalitionsvertrag von SPD, Gr\u00fcnen und FDP\",\"datePublished\":\"2021-12-02T08:44:50+00:00\",\"dateModified\":\"2021-12-02T09:19:37+00:00\",\"mainEntityOfPage\":{\"@id\":\"https:\\\/\\\/offenbacher-friedensinitiative.de\\\/?p=11319\"},\"wordCount\":327,\"publisher\":{\"@id\":\"https:\\\/\\\/offenbacher-friedensinitiative.de\\\/#organization\"},\"articleSection\":[\"Hessen\",\"Information\"],\"inLanguage\":\"de\"},{\"@type\":\"WebPage\",\"@id\":\"https:\\\/\\\/offenbacher-friedensinitiative.de\\\/?p=11319\",\"url\":\"https:\\\/\\\/offenbacher-friedensinitiative.de\\\/?p=11319\",\"name\":\"Koalitionsvertrag von SPD, Gr\u00fcnen und FDP - Offenbacher FriedensInitiative - OFI\",\"isPartOf\":{\"@id\":\"https:\\\/\\\/offenbacher-friedensinitiative.de\\\/#website\"},\"datePublished\":\"2021-12-02T08:44:50+00:00\",\"dateModified\":\"2021-12-02T09:19:37+00:00\",\"description\":\"Der Koalitionsvertrag von SPD, FDP und B\u00fcndnis 90\\\/Die Gr\u00fcnen signalisiert, die Au\u00dfen- und Milit\u00e4rpolitik der scheidenden Koalition wird im Wesentlichen weitergef\u00fchrt.\",\"breadcrumb\":{\"@id\":\"https:\\\/\\\/offenbacher-friedensinitiative.de\\\/?p=11319#breadcrumb\"},\"inLanguage\":\"de\",\"potentialAction\":[{\"@type\":\"ReadAction\",\"target\":[\"https:\\\/\\\/offenbacher-friedensinitiative.de\\\/?p=11319\"]}]},{\"@type\":\"BreadcrumbList\",\"@id\":\"https:\\\/\\\/offenbacher-friedensinitiative.de\\\/?p=11319#breadcrumb\",\"itemListElement\":[{\"@type\":\"ListItem\",\"position\":1,\"name\":\"Startseite\",\"item\":\"https:\\\/\\\/offenbacher-friedensinitiative.de\\\/\"},{\"@type\":\"ListItem\",\"position\":2,\"name\":\"Koalitionsvertrag von SPD, Gr\u00fcnen und FDP\"}]},{\"@type\":\"WebSite\",\"@id\":\"https:\\\/\\\/offenbacher-friedensinitiative.de\\\/#website\",\"url\":\"https:\\\/\\\/offenbacher-friedensinitiative.de\\\/\",\"name\":\"Offenbacher FriedensInitiative\",\"description\":\"Abr\u00fcsten statt Aufr\u00fcsten |- Kriege beenden | R\u00fcstungsexporte stoppen\",\"publisher\":{\"@id\":\"https:\\\/\\\/offenbacher-friedensinitiative.de\\\/#organization\"},\"potentialAction\":[{\"@type\":\"SearchAction\",\"target\":{\"@type\":\"EntryPoint\",\"urlTemplate\":\"https:\\\/\\\/offenbacher-friedensinitiative.de\\\/?s={search_term_string}\"},\"query-input\":{\"@type\":\"PropertyValueSpecification\",\"valueRequired\":true,\"valueName\":\"search_term_string\"}}],\"inLanguage\":\"de\"},{\"@type\":\"Organization\",\"@id\":\"https:\\\/\\\/offenbacher-friedensinitiative.de\\\/#organization\",\"name\":\"Offenbacher Friedensinitiative\",\"url\":\"https:\\\/\\\/offenbacher-friedensinitiative.de\\\/\",\"logo\":{\"@type\":\"ImageObject\",\"inLanguage\":\"de\",\"@id\":\"https:\\\/\\\/offenbacher-friedensinitiative.de\\\/#\\\/schema\\\/logo\\\/image\\\/\",\"url\":\"https:\\\/\\\/offenbacher-friedensinitiative.de\\\/wp-content\\\/uploads\\\/2019\\\/03\\\/cropped-Transparen-logo.jpg\",\"contentUrl\":\"https:\\\/\\\/offenbacher-friedensinitiative.de\\\/wp-content\\\/uploads\\\/2019\\\/03\\\/cropped-Transparen-logo.jpg\",\"width\":1036,\"height\":227,\"caption\":\"Offenbacher Friedensinitiative\"},\"image\":{\"@id\":\"https:\\\/\\\/offenbacher-friedensinitiative.de\\\/#\\\/schema\\\/logo\\\/image\\\/\"}},{\"@type\":\"Person\",\"@id\":\"https:\\\/\\\/offenbacher-friedensinitiative.de\\\/#\\\/schema\\\/person\\\/5ec566fcb70420f878023349a111f19f\",\"name\":\"OFI_WP\"}]}<\/script>\n<!-- \/ Yoast SEO plugin. -->","yoast_head_json":{"title":"Koalitionsvertrag von SPD, Gr\u00fcnen und FDP - Offenbacher FriedensInitiative - OFI","description":"Der Koalitionsvertrag von SPD, FDP und B\u00fcndnis 90\/Die Gr\u00fcnen signalisiert, die Au\u00dfen- und Milit\u00e4rpolitik der scheidenden Koalition wird im Wesentlichen weitergef\u00fchrt.","robots":{"index":"index","follow":"follow","max-snippet":"max-snippet:-1","max-image-preview":"max-image-preview:large","max-video-preview":"max-video-preview:-1"},"canonical":"https:\/\/offenbacher-friedensinitiative.de\/?p=11319","og_locale":"de_DE","og_type":"article","og_title":"Koalitionsvertrag von SPD, Gr\u00fcnen und FDP - Offenbacher FriedensInitiative - OFI","og_description":"Der Koalitionsvertrag von SPD, FDP und B\u00fcndnis 90\/Die Gr\u00fcnen signalisiert, die Au\u00dfen- und Milit\u00e4rpolitik der scheidenden Koalition wird im Wesentlichen weitergef\u00fchrt.","og_url":"https:\/\/offenbacher-friedensinitiative.de\/?p=11319","og_site_name":"Offenbacher FriedensInitiative - OFI","article_published_time":"2021-12-02T08:44:50+00:00","article_modified_time":"2021-12-02T09:19:37+00:00","author":"OFI_WP","twitter_card":"summary_large_image","twitter_misc":{"Verfasst von":"OFI_WP","Gesch\u00e4tzte Lesezeit":"2\u00a0Minuten"},"schema":{"@context":"https:\/\/schema.org","@graph":[{"@type":"Article","@id":"https:\/\/offenbacher-friedensinitiative.de\/?p=11319#article","isPartOf":{"@id":"https:\/\/offenbacher-friedensinitiative.de\/?p=11319"},"author":{"name":"OFI_WP","@id":"https:\/\/offenbacher-friedensinitiative.de\/#\/schema\/person\/5ec566fcb70420f878023349a111f19f"},"headline":"Koalitionsvertrag von SPD, Gr\u00fcnen und FDP","datePublished":"2021-12-02T08:44:50+00:00","dateModified":"2021-12-02T09:19:37+00:00","mainEntityOfPage":{"@id":"https:\/\/offenbacher-friedensinitiative.de\/?p=11319"},"wordCount":327,"publisher":{"@id":"https:\/\/offenbacher-friedensinitiative.de\/#organization"},"articleSection":["Hessen","Information"],"inLanguage":"de"},{"@type":"WebPage","@id":"https:\/\/offenbacher-friedensinitiative.de\/?p=11319","url":"https:\/\/offenbacher-friedensinitiative.de\/?p=11319","name":"Koalitionsvertrag von SPD, Gr\u00fcnen und FDP - Offenbacher FriedensInitiative - OFI","isPartOf":{"@id":"https:\/\/offenbacher-friedensinitiative.de\/#website"},"datePublished":"2021-12-02T08:44:50+00:00","dateModified":"2021-12-02T09:19:37+00:00","description":"Der Koalitionsvertrag von SPD, FDP und B\u00fcndnis 90\/Die Gr\u00fcnen signalisiert, die Au\u00dfen- und Milit\u00e4rpolitik der scheidenden Koalition wird im Wesentlichen weitergef\u00fchrt.","breadcrumb":{"@id":"https:\/\/offenbacher-friedensinitiative.de\/?p=11319#breadcrumb"},"inLanguage":"de","potentialAction":[{"@type":"ReadAction","target":["https:\/\/offenbacher-friedensinitiative.de\/?p=11319"]}]},{"@type":"BreadcrumbList","@id":"https:\/\/offenbacher-friedensinitiative.de\/?p=11319#breadcrumb","itemListElement":[{"@type":"ListItem","position":1,"name":"Startseite","item":"https:\/\/offenbacher-friedensinitiative.de\/"},{"@type":"ListItem","position":2,"name":"Koalitionsvertrag von SPD, Gr\u00fcnen und FDP"}]},{"@type":"WebSite","@id":"https:\/\/offenbacher-friedensinitiative.de\/#website","url":"https:\/\/offenbacher-friedensinitiative.de\/","name":"Offenbacher FriedensInitiative","description":"Abr\u00fcsten statt Aufr\u00fcsten |- Kriege beenden | R\u00fcstungsexporte stoppen","publisher":{"@id":"https:\/\/offenbacher-friedensinitiative.de\/#organization"},"potentialAction":[{"@type":"SearchAction","target":{"@type":"EntryPoint","urlTemplate":"https:\/\/offenbacher-friedensinitiative.de\/?s={search_term_string}"},"query-input":{"@type":"PropertyValueSpecification","valueRequired":true,"valueName":"search_term_string"}}],"inLanguage":"de"},{"@type":"Organization","@id":"https:\/\/offenbacher-friedensinitiative.de\/#organization","name":"Offenbacher Friedensinitiative","url":"https:\/\/offenbacher-friedensinitiative.de\/","logo":{"@type":"ImageObject","inLanguage":"de","@id":"https:\/\/offenbacher-friedensinitiative.de\/#\/schema\/logo\/image\/","url":"https:\/\/offenbacher-friedensinitiative.de\/wp-content\/uploads\/2019\/03\/cropped-Transparen-logo.jpg","contentUrl":"https:\/\/offenbacher-friedensinitiative.de\/wp-content\/uploads\/2019\/03\/cropped-Transparen-logo.jpg","width":1036,"height":227,"caption":"Offenbacher Friedensinitiative"},"image":{"@id":"https:\/\/offenbacher-friedensinitiative.de\/#\/schema\/logo\/image\/"}},{"@type":"Person","@id":"https:\/\/offenbacher-friedensinitiative.de\/#\/schema\/person\/5ec566fcb70420f878023349a111f19f","name":"OFI_WP"}]}},"_links":{"self":[{"href":"https:\/\/offenbacher-friedensinitiative.de\/index.php?rest_route=\/wp\/v2\/posts\/11319","targetHints":{"allow":["GET"]}}],"collection":[{"href":"https:\/\/offenbacher-friedensinitiative.de\/index.php?rest_route=\/wp\/v2\/posts"}],"about":[{"href":"https:\/\/offenbacher-friedensinitiative.de\/index.php?rest_route=\/wp\/v2\/types\/post"}],"author":[{"embeddable":true,"href":"https:\/\/offenbacher-friedensinitiative.de\/index.php?rest_route=\/wp\/v2\/users\/1"}],"replies":[{"embeddable":true,"href":"https:\/\/offenbacher-friedensinitiative.de\/index.php?rest_route=%2Fwp%2Fv2%2Fcomments&post=11319"}],"version-history":[{"count":2,"href":"https:\/\/offenbacher-friedensinitiative.de\/index.php?rest_route=\/wp\/v2\/posts\/11319\/revisions"}],"predecessor-version":[{"id":11322,"href":"https:\/\/offenbacher-friedensinitiative.de\/index.php?rest_route=\/wp\/v2\/posts\/11319\/revisions\/11322"}],"wp:attachment":[{"href":"https:\/\/offenbacher-friedensinitiative.de\/index.php?rest_route=%2Fwp%2Fv2%2Fmedia&parent=11319"}],"wp:term":[{"taxonomy":"category","embeddable":true,"href":"https:\/\/offenbacher-friedensinitiative.de\/index.php?rest_route=%2Fwp%2Fv2%2Fcategories&post=11319"},{"taxonomy":"post_tag","embeddable":true,"href":"https:\/\/offenbacher-friedensinitiative.de\/index.php?rest_route=%2Fwp%2Fv2%2Ftags&post=11319"}],"curies":[{"name":"wp","href":"https:\/\/api.w.org\/{rel}","templated":true}]}}