{"id":11325,"date":"2021-12-14T21:17:29","date_gmt":"2021-12-14T20:17:29","guid":{"rendered":"https:\/\/offenbacher-friedensinitiative.de\/?p=11325"},"modified":"2021-12-14T21:21:25","modified_gmt":"2021-12-14T20:21:25","slug":"tag-der-menschenrechte","status":"publish","type":"post","link":"https:\/\/offenbacher-friedensinitiative.de\/?p=11325","title":{"rendered":"Tag der Menschenrechte"},"content":{"rendered":"<div id=\"pl-11325\"  class=\"panel-layout\" ><div id=\"pg-11325-0\"  class=\"panel-grid panel-no-style\" ><div id=\"pgc-11325-0-0\"  class=\"panel-grid-cell\" ><div id=\"panel-11325-0-0-0\" class=\"so-panel widget widget_sow-editor panel-first-child panel-last-child\" data-index=\"0\" ><div\n\t\t\t\n\t\t\tclass=\"so-widget-sow-editor so-widget-sow-editor-base\"\n\t\t\t\n\t\t>\n<div class=\"siteorigin-widget-tinymce textwidget\">\n\t<p><span style=\"font-size: 14pt;\">Ein breites B\u00fcndnis hatte aufgerufen zu Demo und Kundgebung am Donnerstag, 9.12. Viele, zu viele verschiedene Menschenrechtsverletzungen gibt es zu beklagen. Nur an einen Teil von ihnen wurde in Redebeitr\u00e4gen erinnert. Ein gro\u00dfes Thema war die menschenunw\u00fcrdige Situation von Gefl\u00fcchteten an Europas Grenzen. Aber auch die menschenunw\u00fcrdige Situation von Arbeitsmigranten in unserem Land wurde thematisiert. Unsere Soldidarit\u00e4t ist gefordert.<\/span><\/p>\n<p><span style=\"font-size: 14pt;\">Die allgemein bekannte Tatsache, dass Menschenrechte im Krieg mit F\u00fc\u00dfen getreten werden, war Ausgangspunkt eines gemeinsamen Beitrags von Connection e.V. und OFI. Rudi Friedrich f\u00fcr Connection legte den Schwerpunkt auf die Solidarit\u00e4t mit gefangenen Kriegsdienstverweigerern. Christa F\u00fchrer-R\u00f6\u00dfmann wies f\u00fcr die OFI auf die Mitverantwortung Deutschlands an der humanit\u00e4ren Katastrophe in Afghanistan hin. Die TeilnehmerInnen der Kundgebung unterst\u00fctzen mit Applaus die Forderung nach einem Ende der Auslandseins\u00e4tze der Bundeswehr und dem Aus f\u00fcr die Drohnenbewaffnung. Viele Postkarten zur Unterst\u00fctzung der Gefangenen f\u00fcr den Frieden wurden unterzeichnet. Und es gab reichlich Spenden f\u00fcr die Winterhilfe Afghanistan.<\/span><\/p>\n<\/div>\n<\/div><\/div><\/div><\/div><div id=\"pg-11325-1\"  class=\"panel-grid panel-no-style\" ><div id=\"pgc-11325-1-0\"  class=\"panel-grid-cell\" ><div id=\"panel-11325-1-0-0\" class=\"so-panel widget widget_sow-editor panel-first-child panel-last-child\" data-index=\"1\" ><div\n\t\t\t\n\t\t\tclass=\"so-widget-sow-editor so-widget-sow-editor-base\"\n\t\t\t\n\t\t>\n<div class=\"siteorigin-widget-tinymce textwidget\">\n\t<p><strong>Downloads<\/strong>:<\/p>\n<p><a href=\"https:\/\/offenbacher-friedensinitiative.de\/wp-content\/uploads\/wppa-source\/album-26\/OP_2021-12-11_TdM.pdf\" target=\"_blank\" rel=\"noopener\">Artikel Offenbach Post 11.12.2021<\/a><br \/>\n<a href=\"https:\/\/offenbacher-friedensinitiative.de\/wp-content\/uploads\/wppa-source\/album-26\/Gemeinsame-Rede-Connection-und-OFI.pdf\" target=\"_blank\" rel=\"noopener\">Gemeinsame Rede von Rudi Friedrich (Connection e.V.) und Christa F\u00fchrer-R\u00f6\u00dfmann (OFI)<\/a><br \/>\n<a href=\"https:\/\/offenbacher-friedensinitiative.de\/wp-content\/uploads\/wppa-source\/album-26\/Spendenaufruf-aus-der-Friedensbewegung_formatiert-2-JG-HL.pdf\" target=\"_blank\" rel=\"noopener\">Spendenaufruf Winterhilfe Afghanistan<\/a><\/p>\n<\/div>\n<\/div><\/div><\/div><\/div><\/div>","protected":false},"excerpt":{"rendered":"<p>Ein breites B\u00fcndnis hatte aufgerufen zu Demo und Kundgebung am Donnerstag, 9.12. Viele, zu viele verschiedene Menschenrechtsverletzungen gibt es zu beklagen. Nur an einen Teil<span class=\"more-link\"><a href=\"https:\/\/offenbacher-friedensinitiative.de\/?p=11325\">Weiterlesen &#8230;<\/a><\/span><\/p>\n","protected":false},"author":1,"featured_media":0,"comment_status":"closed","ping_status":"closed","sticky":false,"template":"","format":"standard","meta":{"footnotes":""},"categories":[5],"tags":[],"class_list":["entry","author-ofi_wp","post-11325","post","type-post","status-publish","format-standard","category-aktionen"],"yoast_head":"<!-- This site is optimized with the Yoast SEO plugin v27.5 - https:\/\/yoast.com\/product\/yoast-seo-wordpress\/ -->\n<title>Tag der Menschenrechte - Offenbacher FriedensInitiative - OFI<\/title>\n<meta name=\"description\" content=\"Ein breites B\u00fcndnis hatte aufgerufen zu Demo und Kundgebung. Viele, zu viele verschiedene Menschenrechtsverletzungen gibt es zu beklagen.\" \/>\n<meta name=\"robots\" content=\"index, follow, max-snippet:-1, max-image-preview:large, max-video-preview:-1\" \/>\n<link rel=\"canonical\" href=\"https:\/\/offenbacher-friedensinitiative.de\/?p=11325\" \/>\n<meta property=\"og:locale\" content=\"de_DE\" \/>\n<meta property=\"og:type\" content=\"article\" \/>\n<meta property=\"og:title\" content=\"Tag der Menschenrechte - Offenbacher FriedensInitiative - OFI\" \/>\n<meta property=\"og:description\" content=\"Ein breites B\u00fcndnis hatte aufgerufen zu Demo und Kundgebung. Viele, zu viele verschiedene Menschenrechtsverletzungen gibt es zu beklagen.\" \/>\n<meta property=\"og:url\" content=\"https:\/\/offenbacher-friedensinitiative.de\/?p=11325\" \/>\n<meta property=\"og:site_name\" content=\"Offenbacher FriedensInitiative - OFI\" \/>\n<meta property=\"article:published_time\" content=\"2021-12-14T20:17:29+00:00\" \/>\n<meta property=\"article:modified_time\" content=\"2021-12-14T20:21:25+00:00\" \/>\n<meta name=\"author\" content=\"OFI_WP\" \/>\n<meta name=\"twitter:card\" content=\"summary_large_image\" \/>\n<meta name=\"twitter:label1\" content=\"Verfasst von\" \/>\n\t<meta name=\"twitter:data1\" content=\"OFI_WP\" \/>\n\t<meta name=\"twitter:label2\" content=\"Gesch\u00e4tzte Lesezeit\" \/>\n\t<meta name=\"twitter:data2\" content=\"1\u00a0Minute\" \/>\n<script type=\"application\/ld+json\" class=\"yoast-schema-graph\">{\"@context\":\"https:\\\/\\\/schema.org\",\"@graph\":[{\"@type\":\"Article\",\"@id\":\"https:\\\/\\\/offenbacher-friedensinitiative.de\\\/?p=11325#article\",\"isPartOf\":{\"@id\":\"https:\\\/\\\/offenbacher-friedensinitiative.de\\\/?p=11325\"},\"author\":{\"name\":\"OFI_WP\",\"@id\":\"https:\\\/\\\/offenbacher-friedensinitiative.de\\\/#\\\/schema\\\/person\\\/5ec566fcb70420f878023349a111f19f\"},\"headline\":\"Tag der Menschenrechte\",\"datePublished\":\"2021-12-14T20:17:29+00:00\",\"dateModified\":\"2021-12-14T20:21:25+00:00\",\"mainEntityOfPage\":{\"@id\":\"https:\\\/\\\/offenbacher-friedensinitiative.de\\\/?p=11325\"},\"wordCount\":197,\"publisher\":{\"@id\":\"https:\\\/\\\/offenbacher-friedensinitiative.de\\\/#organization\"},\"articleSection\":[\"Aktionen\"],\"inLanguage\":\"de\"},{\"@type\":\"WebPage\",\"@id\":\"https:\\\/\\\/offenbacher-friedensinitiative.de\\\/?p=11325\",\"url\":\"https:\\\/\\\/offenbacher-friedensinitiative.de\\\/?p=11325\",\"name\":\"Tag der Menschenrechte - Offenbacher FriedensInitiative - OFI\",\"isPartOf\":{\"@id\":\"https:\\\/\\\/offenbacher-friedensinitiative.de\\\/#website\"},\"datePublished\":\"2021-12-14T20:17:29+00:00\",\"dateModified\":\"2021-12-14T20:21:25+00:00\",\"description\":\"Ein breites B\u00fcndnis hatte aufgerufen zu Demo und Kundgebung. Viele, zu viele verschiedene Menschenrechtsverletzungen gibt es zu beklagen.\",\"breadcrumb\":{\"@id\":\"https:\\\/\\\/offenbacher-friedensinitiative.de\\\/?p=11325#breadcrumb\"},\"inLanguage\":\"de\",\"potentialAction\":[{\"@type\":\"ReadAction\",\"target\":[\"https:\\\/\\\/offenbacher-friedensinitiative.de\\\/?p=11325\"]}]},{\"@type\":\"BreadcrumbList\",\"@id\":\"https:\\\/\\\/offenbacher-friedensinitiative.de\\\/?p=11325#breadcrumb\",\"itemListElement\":[{\"@type\":\"ListItem\",\"position\":1,\"name\":\"Startseite\",\"item\":\"https:\\\/\\\/offenbacher-friedensinitiative.de\\\/\"},{\"@type\":\"ListItem\",\"position\":2,\"name\":\"Tag der Menschenrechte\"}]},{\"@type\":\"WebSite\",\"@id\":\"https:\\\/\\\/offenbacher-friedensinitiative.de\\\/#website\",\"url\":\"https:\\\/\\\/offenbacher-friedensinitiative.de\\\/\",\"name\":\"Offenbacher FriedensInitiative\",\"description\":\"Abr\u00fcsten statt Aufr\u00fcsten |- Kriege beenden | R\u00fcstungsexporte stoppen\",\"publisher\":{\"@id\":\"https:\\\/\\\/offenbacher-friedensinitiative.de\\\/#organization\"},\"potentialAction\":[{\"@type\":\"SearchAction\",\"target\":{\"@type\":\"EntryPoint\",\"urlTemplate\":\"https:\\\/\\\/offenbacher-friedensinitiative.de\\\/?s={search_term_string}\"},\"query-input\":{\"@type\":\"PropertyValueSpecification\",\"valueRequired\":true,\"valueName\":\"search_term_string\"}}],\"inLanguage\":\"de\"},{\"@type\":\"Organization\",\"@id\":\"https:\\\/\\\/offenbacher-friedensinitiative.de\\\/#organization\",\"name\":\"Offenbacher Friedensinitiative\",\"url\":\"https:\\\/\\\/offenbacher-friedensinitiative.de\\\/\",\"logo\":{\"@type\":\"ImageObject\",\"inLanguage\":\"de\",\"@id\":\"https:\\\/\\\/offenbacher-friedensinitiative.de\\\/#\\\/schema\\\/logo\\\/image\\\/\",\"url\":\"https:\\\/\\\/offenbacher-friedensinitiative.de\\\/wp-content\\\/uploads\\\/2019\\\/03\\\/cropped-Transparen-logo.jpg\",\"contentUrl\":\"https:\\\/\\\/offenbacher-friedensinitiative.de\\\/wp-content\\\/uploads\\\/2019\\\/03\\\/cropped-Transparen-logo.jpg\",\"width\":1036,\"height\":227,\"caption\":\"Offenbacher Friedensinitiative\"},\"image\":{\"@id\":\"https:\\\/\\\/offenbacher-friedensinitiative.de\\\/#\\\/schema\\\/logo\\\/image\\\/\"}},{\"@type\":\"Person\",\"@id\":\"https:\\\/\\\/offenbacher-friedensinitiative.de\\\/#\\\/schema\\\/person\\\/5ec566fcb70420f878023349a111f19f\",\"name\":\"OFI_WP\"}]}<\/script>\n<!-- \/ Yoast SEO plugin. -->","yoast_head_json":{"title":"Tag der Menschenrechte - Offenbacher FriedensInitiative - OFI","description":"Ein breites B\u00fcndnis hatte aufgerufen zu Demo und Kundgebung. Viele, zu viele verschiedene Menschenrechtsverletzungen gibt es zu beklagen.","robots":{"index":"index","follow":"follow","max-snippet":"max-snippet:-1","max-image-preview":"max-image-preview:large","max-video-preview":"max-video-preview:-1"},"canonical":"https:\/\/offenbacher-friedensinitiative.de\/?p=11325","og_locale":"de_DE","og_type":"article","og_title":"Tag der Menschenrechte - Offenbacher FriedensInitiative - OFI","og_description":"Ein breites B\u00fcndnis hatte aufgerufen zu Demo und Kundgebung. Viele, zu viele verschiedene Menschenrechtsverletzungen gibt es zu beklagen.","og_url":"https:\/\/offenbacher-friedensinitiative.de\/?p=11325","og_site_name":"Offenbacher FriedensInitiative - OFI","article_published_time":"2021-12-14T20:17:29+00:00","article_modified_time":"2021-12-14T20:21:25+00:00","author":"OFI_WP","twitter_card":"summary_large_image","twitter_misc":{"Verfasst von":"OFI_WP","Gesch\u00e4tzte Lesezeit":"1\u00a0Minute"},"schema":{"@context":"https:\/\/schema.org","@graph":[{"@type":"Article","@id":"https:\/\/offenbacher-friedensinitiative.de\/?p=11325#article","isPartOf":{"@id":"https:\/\/offenbacher-friedensinitiative.de\/?p=11325"},"author":{"name":"OFI_WP","@id":"https:\/\/offenbacher-friedensinitiative.de\/#\/schema\/person\/5ec566fcb70420f878023349a111f19f"},"headline":"Tag der Menschenrechte","datePublished":"2021-12-14T20:17:29+00:00","dateModified":"2021-12-14T20:21:25+00:00","mainEntityOfPage":{"@id":"https:\/\/offenbacher-friedensinitiative.de\/?p=11325"},"wordCount":197,"publisher":{"@id":"https:\/\/offenbacher-friedensinitiative.de\/#organization"},"articleSection":["Aktionen"],"inLanguage":"de"},{"@type":"WebPage","@id":"https:\/\/offenbacher-friedensinitiative.de\/?p=11325","url":"https:\/\/offenbacher-friedensinitiative.de\/?p=11325","name":"Tag der Menschenrechte - Offenbacher FriedensInitiative - OFI","isPartOf":{"@id":"https:\/\/offenbacher-friedensinitiative.de\/#website"},"datePublished":"2021-12-14T20:17:29+00:00","dateModified":"2021-12-14T20:21:25+00:00","description":"Ein breites B\u00fcndnis hatte aufgerufen zu Demo und Kundgebung. Viele, zu viele verschiedene Menschenrechtsverletzungen gibt es zu beklagen.","breadcrumb":{"@id":"https:\/\/offenbacher-friedensinitiative.de\/?p=11325#breadcrumb"},"inLanguage":"de","potentialAction":[{"@type":"ReadAction","target":["https:\/\/offenbacher-friedensinitiative.de\/?p=11325"]}]},{"@type":"BreadcrumbList","@id":"https:\/\/offenbacher-friedensinitiative.de\/?p=11325#breadcrumb","itemListElement":[{"@type":"ListItem","position":1,"name":"Startseite","item":"https:\/\/offenbacher-friedensinitiative.de\/"},{"@type":"ListItem","position":2,"name":"Tag der Menschenrechte"}]},{"@type":"WebSite","@id":"https:\/\/offenbacher-friedensinitiative.de\/#website","url":"https:\/\/offenbacher-friedensinitiative.de\/","name":"Offenbacher FriedensInitiative","description":"Abr\u00fcsten statt Aufr\u00fcsten |- Kriege beenden | R\u00fcstungsexporte stoppen","publisher":{"@id":"https:\/\/offenbacher-friedensinitiative.de\/#organization"},"potentialAction":[{"@type":"SearchAction","target":{"@type":"EntryPoint","urlTemplate":"https:\/\/offenbacher-friedensinitiative.de\/?s={search_term_string}"},"query-input":{"@type":"PropertyValueSpecification","valueRequired":true,"valueName":"search_term_string"}}],"inLanguage":"de"},{"@type":"Organization","@id":"https:\/\/offenbacher-friedensinitiative.de\/#organization","name":"Offenbacher Friedensinitiative","url":"https:\/\/offenbacher-friedensinitiative.de\/","logo":{"@type":"ImageObject","inLanguage":"de","@id":"https:\/\/offenbacher-friedensinitiative.de\/#\/schema\/logo\/image\/","url":"https:\/\/offenbacher-friedensinitiative.de\/wp-content\/uploads\/2019\/03\/cropped-Transparen-logo.jpg","contentUrl":"https:\/\/offenbacher-friedensinitiative.de\/wp-content\/uploads\/2019\/03\/cropped-Transparen-logo.jpg","width":1036,"height":227,"caption":"Offenbacher Friedensinitiative"},"image":{"@id":"https:\/\/offenbacher-friedensinitiative.de\/#\/schema\/logo\/image\/"}},{"@type":"Person","@id":"https:\/\/offenbacher-friedensinitiative.de\/#\/schema\/person\/5ec566fcb70420f878023349a111f19f","name":"OFI_WP"}]}},"_links":{"self":[{"href":"https:\/\/offenbacher-friedensinitiative.de\/index.php?rest_route=\/wp\/v2\/posts\/11325","targetHints":{"allow":["GET"]}}],"collection":[{"href":"https:\/\/offenbacher-friedensinitiative.de\/index.php?rest_route=\/wp\/v2\/posts"}],"about":[{"href":"https:\/\/offenbacher-friedensinitiative.de\/index.php?rest_route=\/wp\/v2\/types\/post"}],"author":[{"embeddable":true,"href":"https:\/\/offenbacher-friedensinitiative.de\/index.php?rest_route=\/wp\/v2\/users\/1"}],"replies":[{"embeddable":true,"href":"https:\/\/offenbacher-friedensinitiative.de\/index.php?rest_route=%2Fwp%2Fv2%2Fcomments&post=11325"}],"version-history":[{"count":4,"href":"https:\/\/offenbacher-friedensinitiative.de\/index.php?rest_route=\/wp\/v2\/posts\/11325\/revisions"}],"predecessor-version":[{"id":11329,"href":"https:\/\/offenbacher-friedensinitiative.de\/index.php?rest_route=\/wp\/v2\/posts\/11325\/revisions\/11329"}],"wp:attachment":[{"href":"https:\/\/offenbacher-friedensinitiative.de\/index.php?rest_route=%2Fwp%2Fv2%2Fmedia&parent=11325"}],"wp:term":[{"taxonomy":"category","embeddable":true,"href":"https:\/\/offenbacher-friedensinitiative.de\/index.php?rest_route=%2Fwp%2Fv2%2Fcategories&post=11325"},{"taxonomy":"post_tag","embeddable":true,"href":"https:\/\/offenbacher-friedensinitiative.de\/index.php?rest_route=%2Fwp%2Fv2%2Ftags&post=11325"}],"curies":[{"name":"wp","href":"https:\/\/api.w.org\/{rel}","templated":true}]}}