{"id":11331,"date":"2022-02-27T15:01:22","date_gmt":"2022-02-27T14:01:22","guid":{"rendered":"https:\/\/offenbacher-friedensinitiative.de\/?p=11331"},"modified":"2022-03-01T18:34:33","modified_gmt":"2022-03-01T17:34:33","slug":"krieg-in-europa","status":"publish","type":"post","link":"https:\/\/offenbacher-friedensinitiative.de\/?p=11331","title":{"rendered":"Krieg in Europa"},"content":{"rendered":"<div id=\"pl-11331\"  class=\"panel-layout\" ><div id=\"pg-11331-0\"  class=\"panel-grid panel-no-style\" ><div id=\"pgc-11331-0-0\"  class=\"panel-grid-cell\" ><div id=\"panel-11331-0-0-0\" class=\"so-panel widget widget_sow-editor panel-first-child panel-last-child\" data-index=\"0\" ><div\n\t\t\t\n\t\t\tclass=\"so-widget-sow-editor so-widget-sow-editor-base\"\n\t\t\t\n\t\t>\n<div class=\"siteorigin-widget-tinymce textwidget\">\n\t<p><span style=\"font-size: 14pt;\">Es ist eine traurige Wahrheit, dass der Krieg zur\u00fcckgekehrt ist nach Europa. Ein schreckliches Unheil f\u00fcr die allermeisten Menschen in der Ukraine. Russlands Angriffskrieg ist ein Bruch des V\u00f6lkerrechts.<\/span><\/p>\n<p><span style=\"font-size: 14pt;\">Wir fordern die sofortige Beendigung aller bewaffneten Auseinandersetzungen. So schwierig das erscheint, so sind doch Verhandlungen die einzige Perspektive. Diese einfache Tatsache ger\u00e4t momentan in der ver\u00f6ffenlichten Meinung in Deutschland leider aus dem Blickfeld. Und leider ist auch von unseren Politikern keinerlei wirkliche Initiative in diese Richtung zu vernehmen. Es ist v\u00f6llig falsch Waffen in dieses gebeutelte Land zu liefern, auch wenn die ukrainische Regierung das fordert und die Nato ebenso.<\/span><\/p>\n<p><span style=\"font-size: 14pt;\">Was wir brauchen ist eine neue europ\u00e4ische Friedensordnung, die gleiche Sicherheit f\u00fcr alle beinhaltet, sei die Muttersprache nun ukrainisch, russisch, lettisch oder was auch immer.<\/span><\/p>\n<p><span style=\"font-size: 14pt;\">Das wirkt gegenw\u00e4rtig wie eine Utopie, aber alles andere kann nur Leid und immer neues Leid hervorbringen.<\/span><\/p>\n<p><span style=\"font-size: 12pt;\"><em>In eigener Sache: Wir sind leider nicht in der Lage auf die st\u00e4ndigen, neuen Nachrichten angemessen zu reagieren. Wir bitten um Entschuldigung, das wir hinter den Geschehnissen zu\u00fcckbleiben m\u00fcssen.<\/em><\/span><\/p>\n<p><em>Hier folgen ein Flugblatt der OFI und Links zu Friedensplattformen, sowie drei Tafeln zum Ausdrucken.<\/em><\/p>\n<\/div>\n<\/div><\/div><\/div><\/div><div id=\"pg-11331-1\"  class=\"panel-grid panel-no-style\" ><div id=\"pgc-11331-1-0\"  class=\"panel-grid-cell\" ><div id=\"panel-11331-1-0-0\" class=\"so-panel widget widget_sow-editor panel-first-child panel-last-child\" data-index=\"1\" ><div\n\t\t\t\n\t\t\tclass=\"so-widget-sow-editor so-widget-sow-editor-base\"\n\t\t\t\n\t\t>\n<div class=\"siteorigin-widget-tinymce textwidget\">\n\t<p><strong>Downloads<\/strong>:<\/p>\n<p><a href=\"https:\/\/offenbacher-friedensinitiative.de\/wp-content\/uploads\/wppa-source\/album-35\/22Feb-Presseerklaerung.pdf\" target=\"_blank\" rel=\"noopener\">Presseerkl\u00e4rung vom 28.02.2022<\/a><br \/>\n<a href=\"https:\/\/offenbacher-friedensinitiative.de\/wp-content\/uploads\/wppa-source\/album-35\/Flyer-gegen-den-Krieg.pdf\" target=\"_blank\" rel=\"noopener\"><span style=\"font-size: 12pt;\">Flugbatt vom 26.02.2022<\/span><\/a><br \/>\n<span style=\"font-size: 12pt;\"><a href=\"https:\/\/offenbacher-friedensinitiative.de\/wp-content\/uploads\/wppa-source\/album-35\/Tafeln.pdf\" target=\"_blank\" rel=\"noopener\">Tafeln<\/a><\/span><br \/>\n<a href=\"https:\/\/offenbacher-friedensinitiative.de\/wp-content\/uploads\/wppa-source\/album-35\/IPPNW-Warnung-vor-Atomkrieg.pdf\" target=\"_blank\" rel=\"noopener\">Presseerkl\u00e4rung IPPNW zur Atomkriesgefahr<\/a><\/p>\n<\/div>\n<\/div><\/div><\/div><div id=\"pgc-11331-1-1\"  class=\"panel-grid-cell\" ><div id=\"panel-11331-1-1-0\" class=\"so-panel widget widget_sow-editor panel-first-child panel-last-child\" data-index=\"2\" ><div\n\t\t\t\n\t\t\tclass=\"so-widget-sow-editor so-widget-sow-editor-base\"\n\t\t\t\n\t\t>\n<div class=\"siteorigin-widget-tinymce textwidget\">\n\t<p><strong>Links<\/strong><\/p>\n<p><a href=\"https:\/\/nie-wieder-krieg.org\/\" target=\"_blank\" rel=\"noopener\"><span style=\"font-size: 12pt;\">Nie Wieder Krieg<\/span><\/a><br \/>\n<span style=\"font-size: 12pt;\"><a href=\"https:\/\/www.friedenskooperative.de\/aktuelles\" target=\"_blank\" rel=\"noopener\">Friedenskooperative - Aktuelles<\/a><\/span><br \/>\n<span style=\"font-size: 12pt;\"><a href=\"https:\/\/www.ippnw.de\/startseite\/artikel\/de\/nein-zum-krieg-ippnw-verurteilt-voel.html\" target=\"_blank\" rel=\"noopener\">IPPNW - Nein zum Krieg<\/a><\/span><br \/>\n<span style=\"font-size: 12pt;\"><a href=\"http:\/\/www.mayorsforpeace.eu\/statement-on-the-war-in-ukraine\/\" target=\"_blank\" rel=\"noopener\">MAYORS FOR PEACE zum Ukrainekrieg<\/a><\/span><br \/>\n<a href=\"https:\/\/aufschrei-waffenhandel.de\/service\/nachrichten\/nachricht\/deutschlands-groesste-waffenkammer\" target=\"_blank\" rel=\"noopener\">Gegen Waffenexporte<\/a><\/p>\n<\/div>\n<\/div><\/div><\/div><\/div><\/div>","protected":false},"excerpt":{"rendered":"<p>Es ist eine traurige Wahrheit, dass der Krieg zur\u00fcckgekehrt ist nach Europa. Ein schreckliches Unheil f\u00fcr die allermeisten Menschen in der Ukraine. Russlands Angriffskrieg ist<span class=\"more-link\"><a href=\"https:\/\/offenbacher-friedensinitiative.de\/?p=11331\">Weiterlesen &#8230;<\/a><\/span><\/p>\n","protected":false},"author":1,"featured_media":11338,"comment_status":"closed","ping_status":"closed","sticky":false,"template":"","format":"standard","meta":{"footnotes":""},"categories":[56],"tags":[],"class_list":["entry","author-ofi_wp","post-11331","post","type-post","status-publish","format-standard","has-post-thumbnail","category-offenbach"],"yoast_head":"<!-- This site is optimized with the Yoast SEO plugin v27.5 - https:\/\/yoast.com\/product\/yoast-seo-wordpress\/ -->\n<title>Krieg in Europa - Offenbacher FriedensInitiative - OFI<\/title>\n<meta name=\"description\" content=\"Es ist eine traurige Wahrheit, dass der Krieg zur\u00fcckgekehrt ist nach Europa. Ein schreckliches Unheil f\u00fcr die allermeisten Menschen in der Ukraine. Russlands Angriffskrieg ist ein Bruch des V\u00f6lkerrechts.\" \/>\n<meta name=\"robots\" content=\"index, follow, max-snippet:-1, max-image-preview:large, max-video-preview:-1\" \/>\n<link rel=\"canonical\" href=\"https:\/\/offenbacher-friedensinitiative.de\/?p=11331\" \/>\n<meta property=\"og:locale\" content=\"de_DE\" \/>\n<meta property=\"og:type\" content=\"article\" \/>\n<meta property=\"og:title\" content=\"Krieg in Europa - Offenbacher FriedensInitiative - OFI\" \/>\n<meta property=\"og:description\" content=\"Es ist eine traurige Wahrheit, dass der Krieg zur\u00fcckgekehrt ist nach Europa. Ein schreckliches Unheil f\u00fcr die allermeisten Menschen in der Ukraine. Russlands Angriffskrieg ist ein Bruch des V\u00f6lkerrechts.\" \/>\n<meta property=\"og:url\" content=\"https:\/\/offenbacher-friedensinitiative.de\/?p=11331\" \/>\n<meta property=\"og:site_name\" content=\"Offenbacher FriedensInitiative - OFI\" \/>\n<meta property=\"article:published_time\" content=\"2022-02-27T14:01:22+00:00\" \/>\n<meta property=\"article:modified_time\" content=\"2022-03-01T17:34:33+00:00\" \/>\n<meta property=\"og:image\" content=\"https:\/\/offenbacher-friedensinitiative.de\/wp-content\/uploads\/2022\/02\/Unbenannt-1.jpg\" \/>\n\t<meta property=\"og:image:width\" content=\"1754\" \/>\n\t<meta property=\"og:image:height\" content=\"1240\" \/>\n\t<meta property=\"og:image:type\" content=\"image\/jpeg\" \/>\n<meta name=\"author\" content=\"OFI_WP\" \/>\n<meta name=\"twitter:card\" content=\"summary_large_image\" \/>\n<meta name=\"twitter:label1\" content=\"Verfasst von\" \/>\n\t<meta name=\"twitter:data1\" content=\"OFI_WP\" \/>\n\t<meta name=\"twitter:label2\" content=\"Gesch\u00e4tzte Lesezeit\" \/>\n\t<meta name=\"twitter:data2\" content=\"1\u00a0Minute\" \/>\n<script type=\"application\/ld+json\" class=\"yoast-schema-graph\">{\"@context\":\"https:\\\/\\\/schema.org\",\"@graph\":[{\"@type\":\"Article\",\"@id\":\"https:\\\/\\\/offenbacher-friedensinitiative.de\\\/?p=11331#article\",\"isPartOf\":{\"@id\":\"https:\\\/\\\/offenbacher-friedensinitiative.de\\\/?p=11331\"},\"author\":{\"name\":\"OFI_WP\",\"@id\":\"https:\\\/\\\/offenbacher-friedensinitiative.de\\\/#\\\/schema\\\/person\\\/5ec566fcb70420f878023349a111f19f\"},\"headline\":\"Krieg in Europa\",\"datePublished\":\"2022-02-27T14:01:22+00:00\",\"dateModified\":\"2022-03-01T17:34:33+00:00\",\"mainEntityOfPage\":{\"@id\":\"https:\\\/\\\/offenbacher-friedensinitiative.de\\\/?p=11331\"},\"wordCount\":232,\"publisher\":{\"@id\":\"https:\\\/\\\/offenbacher-friedensinitiative.de\\\/#organization\"},\"image\":{\"@id\":\"https:\\\/\\\/offenbacher-friedensinitiative.de\\\/?p=11331#primaryimage\"},\"thumbnailUrl\":\"https:\\\/\\\/offenbacher-friedensinitiative.de\\\/wp-content\\\/uploads\\\/2022\\\/02\\\/Unbenannt-1.jpg\",\"articleSection\":[\"Offenbach\"],\"inLanguage\":\"de\"},{\"@type\":\"WebPage\",\"@id\":\"https:\\\/\\\/offenbacher-friedensinitiative.de\\\/?p=11331\",\"url\":\"https:\\\/\\\/offenbacher-friedensinitiative.de\\\/?p=11331\",\"name\":\"Krieg in Europa - Offenbacher FriedensInitiative - OFI\",\"isPartOf\":{\"@id\":\"https:\\\/\\\/offenbacher-friedensinitiative.de\\\/#website\"},\"primaryImageOfPage\":{\"@id\":\"https:\\\/\\\/offenbacher-friedensinitiative.de\\\/?p=11331#primaryimage\"},\"image\":{\"@id\":\"https:\\\/\\\/offenbacher-friedensinitiative.de\\\/?p=11331#primaryimage\"},\"thumbnailUrl\":\"https:\\\/\\\/offenbacher-friedensinitiative.de\\\/wp-content\\\/uploads\\\/2022\\\/02\\\/Unbenannt-1.jpg\",\"datePublished\":\"2022-02-27T14:01:22+00:00\",\"dateModified\":\"2022-03-01T17:34:33+00:00\",\"description\":\"Es ist eine traurige Wahrheit, dass der Krieg zur\u00fcckgekehrt ist nach Europa. Ein schreckliches Unheil f\u00fcr die allermeisten Menschen in der Ukraine. Russlands Angriffskrieg ist ein Bruch des V\u00f6lkerrechts.\",\"breadcrumb\":{\"@id\":\"https:\\\/\\\/offenbacher-friedensinitiative.de\\\/?p=11331#breadcrumb\"},\"inLanguage\":\"de\",\"potentialAction\":[{\"@type\":\"ReadAction\",\"target\":[\"https:\\\/\\\/offenbacher-friedensinitiative.de\\\/?p=11331\"]}]},{\"@type\":\"ImageObject\",\"inLanguage\":\"de\",\"@id\":\"https:\\\/\\\/offenbacher-friedensinitiative.de\\\/?p=11331#primaryimage\",\"url\":\"https:\\\/\\\/offenbacher-friedensinitiative.de\\\/wp-content\\\/uploads\\\/2022\\\/02\\\/Unbenannt-1.jpg\",\"contentUrl\":\"https:\\\/\\\/offenbacher-friedensinitiative.de\\\/wp-content\\\/uploads\\\/2022\\\/02\\\/Unbenannt-1.jpg\",\"width\":1754,\"height\":1240},{\"@type\":\"BreadcrumbList\",\"@id\":\"https:\\\/\\\/offenbacher-friedensinitiative.de\\\/?p=11331#breadcrumb\",\"itemListElement\":[{\"@type\":\"ListItem\",\"position\":1,\"name\":\"Startseite\",\"item\":\"https:\\\/\\\/offenbacher-friedensinitiative.de\\\/\"},{\"@type\":\"ListItem\",\"position\":2,\"name\":\"Krieg in Europa\"}]},{\"@type\":\"WebSite\",\"@id\":\"https:\\\/\\\/offenbacher-friedensinitiative.de\\\/#website\",\"url\":\"https:\\\/\\\/offenbacher-friedensinitiative.de\\\/\",\"name\":\"Offenbacher FriedensInitiative\",\"description\":\"Abr\u00fcsten statt Aufr\u00fcsten |- Kriege beenden | R\u00fcstungsexporte stoppen\",\"publisher\":{\"@id\":\"https:\\\/\\\/offenbacher-friedensinitiative.de\\\/#organization\"},\"potentialAction\":[{\"@type\":\"SearchAction\",\"target\":{\"@type\":\"EntryPoint\",\"urlTemplate\":\"https:\\\/\\\/offenbacher-friedensinitiative.de\\\/?s={search_term_string}\"},\"query-input\":{\"@type\":\"PropertyValueSpecification\",\"valueRequired\":true,\"valueName\":\"search_term_string\"}}],\"inLanguage\":\"de\"},{\"@type\":\"Organization\",\"@id\":\"https:\\\/\\\/offenbacher-friedensinitiative.de\\\/#organization\",\"name\":\"Offenbacher Friedensinitiative\",\"url\":\"https:\\\/\\\/offenbacher-friedensinitiative.de\\\/\",\"logo\":{\"@type\":\"ImageObject\",\"inLanguage\":\"de\",\"@id\":\"https:\\\/\\\/offenbacher-friedensinitiative.de\\\/#\\\/schema\\\/logo\\\/image\\\/\",\"url\":\"https:\\\/\\\/offenbacher-friedensinitiative.de\\\/wp-content\\\/uploads\\\/2019\\\/03\\\/cropped-Transparen-logo.jpg\",\"contentUrl\":\"https:\\\/\\\/offenbacher-friedensinitiative.de\\\/wp-content\\\/uploads\\\/2019\\\/03\\\/cropped-Transparen-logo.jpg\",\"width\":1036,\"height\":227,\"caption\":\"Offenbacher Friedensinitiative\"},\"image\":{\"@id\":\"https:\\\/\\\/offenbacher-friedensinitiative.de\\\/#\\\/schema\\\/logo\\\/image\\\/\"}},{\"@type\":\"Person\",\"@id\":\"https:\\\/\\\/offenbacher-friedensinitiative.de\\\/#\\\/schema\\\/person\\\/5ec566fcb70420f878023349a111f19f\",\"name\":\"OFI_WP\"}]}<\/script>\n<!-- \/ Yoast SEO plugin. -->","yoast_head_json":{"title":"Krieg in Europa - Offenbacher FriedensInitiative - OFI","description":"Es ist eine traurige Wahrheit, dass der Krieg zur\u00fcckgekehrt ist nach Europa. Ein schreckliches Unheil f\u00fcr die allermeisten Menschen in der Ukraine. Russlands Angriffskrieg ist ein Bruch des V\u00f6lkerrechts.","robots":{"index":"index","follow":"follow","max-snippet":"max-snippet:-1","max-image-preview":"max-image-preview:large","max-video-preview":"max-video-preview:-1"},"canonical":"https:\/\/offenbacher-friedensinitiative.de\/?p=11331","og_locale":"de_DE","og_type":"article","og_title":"Krieg in Europa - Offenbacher FriedensInitiative - OFI","og_description":"Es ist eine traurige Wahrheit, dass der Krieg zur\u00fcckgekehrt ist nach Europa. Ein schreckliches Unheil f\u00fcr die allermeisten Menschen in der Ukraine. Russlands Angriffskrieg ist ein Bruch des V\u00f6lkerrechts.","og_url":"https:\/\/offenbacher-friedensinitiative.de\/?p=11331","og_site_name":"Offenbacher FriedensInitiative - OFI","article_published_time":"2022-02-27T14:01:22+00:00","article_modified_time":"2022-03-01T17:34:33+00:00","og_image":[{"width":1754,"height":1240,"url":"https:\/\/offenbacher-friedensinitiative.de\/wp-content\/uploads\/2022\/02\/Unbenannt-1.jpg","type":"image\/jpeg"}],"author":"OFI_WP","twitter_card":"summary_large_image","twitter_misc":{"Verfasst von":"OFI_WP","Gesch\u00e4tzte Lesezeit":"1\u00a0Minute"},"schema":{"@context":"https:\/\/schema.org","@graph":[{"@type":"Article","@id":"https:\/\/offenbacher-friedensinitiative.de\/?p=11331#article","isPartOf":{"@id":"https:\/\/offenbacher-friedensinitiative.de\/?p=11331"},"author":{"name":"OFI_WP","@id":"https:\/\/offenbacher-friedensinitiative.de\/#\/schema\/person\/5ec566fcb70420f878023349a111f19f"},"headline":"Krieg in Europa","datePublished":"2022-02-27T14:01:22+00:00","dateModified":"2022-03-01T17:34:33+00:00","mainEntityOfPage":{"@id":"https:\/\/offenbacher-friedensinitiative.de\/?p=11331"},"wordCount":232,"publisher":{"@id":"https:\/\/offenbacher-friedensinitiative.de\/#organization"},"image":{"@id":"https:\/\/offenbacher-friedensinitiative.de\/?p=11331#primaryimage"},"thumbnailUrl":"https:\/\/offenbacher-friedensinitiative.de\/wp-content\/uploads\/2022\/02\/Unbenannt-1.jpg","articleSection":["Offenbach"],"inLanguage":"de"},{"@type":"WebPage","@id":"https:\/\/offenbacher-friedensinitiative.de\/?p=11331","url":"https:\/\/offenbacher-friedensinitiative.de\/?p=11331","name":"Krieg in Europa - Offenbacher FriedensInitiative - OFI","isPartOf":{"@id":"https:\/\/offenbacher-friedensinitiative.de\/#website"},"primaryImageOfPage":{"@id":"https:\/\/offenbacher-friedensinitiative.de\/?p=11331#primaryimage"},"image":{"@id":"https:\/\/offenbacher-friedensinitiative.de\/?p=11331#primaryimage"},"thumbnailUrl":"https:\/\/offenbacher-friedensinitiative.de\/wp-content\/uploads\/2022\/02\/Unbenannt-1.jpg","datePublished":"2022-02-27T14:01:22+00:00","dateModified":"2022-03-01T17:34:33+00:00","description":"Es ist eine traurige Wahrheit, dass der Krieg zur\u00fcckgekehrt ist nach Europa. Ein schreckliches Unheil f\u00fcr die allermeisten Menschen in der Ukraine. Russlands Angriffskrieg ist ein Bruch des V\u00f6lkerrechts.","breadcrumb":{"@id":"https:\/\/offenbacher-friedensinitiative.de\/?p=11331#breadcrumb"},"inLanguage":"de","potentialAction":[{"@type":"ReadAction","target":["https:\/\/offenbacher-friedensinitiative.de\/?p=11331"]}]},{"@type":"ImageObject","inLanguage":"de","@id":"https:\/\/offenbacher-friedensinitiative.de\/?p=11331#primaryimage","url":"https:\/\/offenbacher-friedensinitiative.de\/wp-content\/uploads\/2022\/02\/Unbenannt-1.jpg","contentUrl":"https:\/\/offenbacher-friedensinitiative.de\/wp-content\/uploads\/2022\/02\/Unbenannt-1.jpg","width":1754,"height":1240},{"@type":"BreadcrumbList","@id":"https:\/\/offenbacher-friedensinitiative.de\/?p=11331#breadcrumb","itemListElement":[{"@type":"ListItem","position":1,"name":"Startseite","item":"https:\/\/offenbacher-friedensinitiative.de\/"},{"@type":"ListItem","position":2,"name":"Krieg in Europa"}]},{"@type":"WebSite","@id":"https:\/\/offenbacher-friedensinitiative.de\/#website","url":"https:\/\/offenbacher-friedensinitiative.de\/","name":"Offenbacher FriedensInitiative","description":"Abr\u00fcsten statt Aufr\u00fcsten |- Kriege beenden | R\u00fcstungsexporte stoppen","publisher":{"@id":"https:\/\/offenbacher-friedensinitiative.de\/#organization"},"potentialAction":[{"@type":"SearchAction","target":{"@type":"EntryPoint","urlTemplate":"https:\/\/offenbacher-friedensinitiative.de\/?s={search_term_string}"},"query-input":{"@type":"PropertyValueSpecification","valueRequired":true,"valueName":"search_term_string"}}],"inLanguage":"de"},{"@type":"Organization","@id":"https:\/\/offenbacher-friedensinitiative.de\/#organization","name":"Offenbacher Friedensinitiative","url":"https:\/\/offenbacher-friedensinitiative.de\/","logo":{"@type":"ImageObject","inLanguage":"de","@id":"https:\/\/offenbacher-friedensinitiative.de\/#\/schema\/logo\/image\/","url":"https:\/\/offenbacher-friedensinitiative.de\/wp-content\/uploads\/2019\/03\/cropped-Transparen-logo.jpg","contentUrl":"https:\/\/offenbacher-friedensinitiative.de\/wp-content\/uploads\/2019\/03\/cropped-Transparen-logo.jpg","width":1036,"height":227,"caption":"Offenbacher Friedensinitiative"},"image":{"@id":"https:\/\/offenbacher-friedensinitiative.de\/#\/schema\/logo\/image\/"}},{"@type":"Person","@id":"https:\/\/offenbacher-friedensinitiative.de\/#\/schema\/person\/5ec566fcb70420f878023349a111f19f","name":"OFI_WP"}]}},"_links":{"self":[{"href":"https:\/\/offenbacher-friedensinitiative.de\/index.php?rest_route=\/wp\/v2\/posts\/11331","targetHints":{"allow":["GET"]}}],"collection":[{"href":"https:\/\/offenbacher-friedensinitiative.de\/index.php?rest_route=\/wp\/v2\/posts"}],"about":[{"href":"https:\/\/offenbacher-friedensinitiative.de\/index.php?rest_route=\/wp\/v2\/types\/post"}],"author":[{"embeddable":true,"href":"https:\/\/offenbacher-friedensinitiative.de\/index.php?rest_route=\/wp\/v2\/users\/1"}],"replies":[{"embeddable":true,"href":"https:\/\/offenbacher-friedensinitiative.de\/index.php?rest_route=%2Fwp%2Fv2%2Fcomments&post=11331"}],"version-history":[{"count":10,"href":"https:\/\/offenbacher-friedensinitiative.de\/index.php?rest_route=\/wp\/v2\/posts\/11331\/revisions"}],"predecessor-version":[{"id":11349,"href":"https:\/\/offenbacher-friedensinitiative.de\/index.php?rest_route=\/wp\/v2\/posts\/11331\/revisions\/11349"}],"wp:featuredmedia":[{"embeddable":true,"href":"https:\/\/offenbacher-friedensinitiative.de\/index.php?rest_route=\/wp\/v2\/media\/11338"}],"wp:attachment":[{"href":"https:\/\/offenbacher-friedensinitiative.de\/index.php?rest_route=%2Fwp%2Fv2%2Fmedia&parent=11331"}],"wp:term":[{"taxonomy":"category","embeddable":true,"href":"https:\/\/offenbacher-friedensinitiative.de\/index.php?rest_route=%2Fwp%2Fv2%2Fcategories&post=11331"},{"taxonomy":"post_tag","embeddable":true,"href":"https:\/\/offenbacher-friedensinitiative.de\/index.php?rest_route=%2Fwp%2Fv2%2Ftags&post=11331"}],"curies":[{"name":"wp","href":"https:\/\/api.w.org\/{rel}","templated":true}]}}