{"id":11351,"date":"2022-03-03T09:05:31","date_gmt":"2022-03-03T08:05:31","guid":{"rendered":"https:\/\/offenbacher-friedensinitiative.de\/?p=11351"},"modified":"2022-03-03T09:06:47","modified_gmt":"2022-03-03T08:06:47","slug":"die-waffen-nieder-schluss-mit-dem-krieg","status":"publish","type":"post","link":"https:\/\/offenbacher-friedensinitiative.de\/?p=11351","title":{"rendered":"Die Waffen nieder! Schluss mit dem Krieg!"},"content":{"rendered":"<div id=\"pl-11351\"  class=\"panel-layout\" ><div id=\"pg-11351-0\"  class=\"panel-grid panel-no-style\" ><div id=\"pgc-11351-0-0\"  class=\"panel-grid-cell\" ><div id=\"panel-11351-0-0-0\" class=\"so-panel widget widget_sow-editor panel-first-child panel-last-child\" data-index=\"0\" ><div\n\t\t\t\n\t\t\tclass=\"so-widget-sow-editor so-widget-sow-editor-base\"\n\t\t\t\n\t\t>\n<div class=\"siteorigin-widget-tinymce textwidget\">\n\t<p align=\"center\"><span style=\"color: #000000;\"><span style=\"font-family: Liberation Serif, serif;\"><span style=\"font-size: large;\"><b>Kundgebung<\/b><\/span><\/span><\/span><\/p>\n<p align=\"center\"><span style=\"color: #000000;\"><span style=\"font-family: Liberation Serif, serif;\"><span style=\"font-size: large;\"><b>Offenbach Stadthof Freitag 4.3.22 um 17.00 Uh<\/b><b>r<\/b><\/span><\/span><\/span><\/p>\n<p align=\"left\"><a name=\"page34R_mcid10\"><\/a> <span style=\"color: #000000;\"><span style=\"font-family: Liberation Serif, serif;\"><span style=\"font-size: medium;\">Der Krieg in der Ukraine ist eine Katastrophe f\u00fcr die Menschen in der Ukraine und eine schreckliche Bedrohung f\u00fcr uns alle. Wir sind solidarisch mit allen Menschen, die vor den Kriegshandlungen fl\u00fcchten m\u00fcssen. Deserteure aus den Konfliktregionen m\u00fcssen hier Aufnahme finden.<\/span><\/span><\/span><\/p>\n<p align=\"left\"><span style=\"color: #000000;\"><span style=\"font-family: Liberation Serif, serif;\"><span style=\"font-size: medium;\">Wir fordern:<\/span><\/span><\/span><\/p>\n<ul>\n<li><span style=\"color: #000000;\"><span style=\"font-family: Liberation Serif, serif;\"><span style=\"font-size: medium;\">sofortige Beendigung aller Kampfhandlungen und R\u00fcckzug der russischen Truppen aus der Ukraine<\/span><\/span><\/span><\/li>\n<li><span style=\"color: #000000;\"><span style=\"font-family: Liberation Serif, serif;\"><span style=\"font-size: medium;\">Vorrang f\u00fcr die Diplomatie mit dem Ziel einer europ\u00e4ischen Friedensordnung unter dem Prinzip der gleichen Sicherheit f\u00fcr alle <\/span><\/span><\/span><\/li>\n<li><span style=\"color: #000000;\"><span style=\"font-family: Liberation Serif, serif;\"><span style=\"font-size: medium;\">keine weiteren Waffenlieferungen<\/span><\/span><\/span><\/li>\n<li><span style=\"color: #000000;\"><span style=\"font-family: Liberation Serif, serif;\"><span style=\"font-size: medium;\">keine Aufr\u00fcstung <\/span><\/span><\/span><\/li>\n<li><span style=\"color: #000000;\"><span style=\"font-family: Liberation Serif, serif;\"><span style=\"font-size: medium;\">Beitritt Deutschlands zum Atomwaffenverbotsvertrag<\/span><\/span><\/span><\/li>\n<li><span style=\"color: #000000;\"><span style=\"font-family: Liberation Serif, serif;\"><span style=\"font-size: medium;\">keine deutsche Kriegsbeteiligung<\/span><\/span><\/span><\/li>\n<\/ul>\n<p><span style=\"color: #000000;\"><span style=\"font-family: Liberation Serif, serif;\"><span style=\"font-size: medium;\"><b>Es sprechen:<\/b> Saadet S\u00f6nmez (LINKE MdL); Lisa Hofmann (DGB); Pfarrerin Sabine M\u00fcller-Langsdorf (Friedensbeauftragte der ev. Kirche Hessen-Nassau); Rudi Friedrich (Connection e.V.); Dr. med. Sabine Farrouh (IPPNW)<\/span><\/span><\/span><\/p>\n<p>&nbsp;<\/p>\n<p style=\"text-align: center;\"><span style=\"color: #000000;\"><span style=\"font-family: Liberation Serif, serif;\"><span style=\"font-size: medium;\">Die Offenbacher Friedensinitiative zusammen mit den regionalen Organisationen von:<\/span><\/span><\/span><\/p>\n<p align=\"center\"><span style=\"color: #000000;\"><span style=\"font-family: Liberation Serif, serif;\"><span style=\"font-size: medium;\">DGB, DIE LINKE, DKP, Heinrich-Heine-Club, IPPNW, NaturFreunde, ver.di<\/span><\/span><\/span><\/p>\n<p align=\"center\">\n<p align=\"center\"><span style=\"color: #198ba8;\"><span style=\"font-family: Bahnschrift SemiBold SemiConden, sans-serif;\"><span style=\"font-size: xx-large;\"><b>\u041d\u0435\u0442 \u0432\u043e\u0439\u043d\u0435! \u0421\u0440\u043e\u0447\u043d\u044b\u0435 \u043f\u0435\u0440\u0435\u0433\u043e\u0432\u043e\u0440\u044b! \u041c \u0418 \u0420!<\/b><\/span><\/span><\/span><\/p>\n<p style=\"text-align: left;\" align=\"center\"><a href=\"https:\/\/offenbacher-friedensinitiative.de\/wp-content\/uploads\/wppa-source\/album-35\/flyer.pdf\" target=\"_blank\" rel=\"noopener\">Flyer (PDF)<\/a><\/p>\n<\/div>\n<\/div><\/div><\/div><\/div><div id=\"pg-11351-1\"  class=\"panel-grid panel-no-style\" ><div id=\"pgc-11351-1-0\"  class=\"panel-grid-cell panel-grid-cell-empty panel-grid-cell-mobile-last\" ><\/div><div id=\"pgc-11351-1-1\"  class=\"panel-grid-cell panel-grid-cell-empty\" ><\/div><\/div><\/div>","protected":false},"excerpt":{"rendered":"<p>Kundgebung Offenbach Stadthof Freitag 4.3.22 um 17.00 Uhr Der Krieg in der Ukraine ist eine Katastrophe f\u00fcr die Menschen in der Ukraine und eine schreckliche<span class=\"more-link\"><a href=\"https:\/\/offenbacher-friedensinitiative.de\/?p=11351\">Weiterlesen &#8230;<\/a><\/span><\/p>\n","protected":false},"author":1,"featured_media":11353,"comment_status":"closed","ping_status":"closed","sticky":false,"template":"","format":"standard","meta":{"footnotes":""},"categories":[5],"tags":[],"class_list":["entry","author-ofi_wp","post-11351","post","type-post","status-publish","format-standard","has-post-thumbnail","category-aktionen"],"yoast_head":"<!-- This site is optimized with the Yoast SEO plugin v27.5 - https:\/\/yoast.com\/product\/yoast-seo-wordpress\/ -->\n<title>Die Waffen nieder! Schluss mit dem Krieg! - Offenbacher FriedensInitiative - OFI<\/title>\n<meta name=\"description\" content=\"Der Krieg in der Ukraine ist eine Katastrophe f\u00fcr die Menschen in der Ukraine und eine schreckliche Bedrohung f\u00fcr uns alle.\" \/>\n<meta name=\"robots\" content=\"index, follow, max-snippet:-1, max-image-preview:large, max-video-preview:-1\" \/>\n<link rel=\"canonical\" href=\"https:\/\/offenbacher-friedensinitiative.de\/?p=11351\" \/>\n<meta property=\"og:locale\" content=\"de_DE\" \/>\n<meta property=\"og:type\" content=\"article\" \/>\n<meta property=\"og:title\" content=\"Die Waffen nieder! Schluss mit dem Krieg! - Offenbacher FriedensInitiative - OFI\" \/>\n<meta property=\"og:description\" content=\"Der Krieg in der Ukraine ist eine Katastrophe f\u00fcr die Menschen in der Ukraine und eine schreckliche Bedrohung f\u00fcr uns alle.\" \/>\n<meta property=\"og:url\" content=\"https:\/\/offenbacher-friedensinitiative.de\/?p=11351\" \/>\n<meta property=\"og:site_name\" content=\"Offenbacher FriedensInitiative - OFI\" \/>\n<meta property=\"article:published_time\" content=\"2022-03-03T08:05:31+00:00\" \/>\n<meta property=\"article:modified_time\" content=\"2022-03-03T08:06:47+00:00\" \/>\n<meta property=\"og:image\" content=\"https:\/\/offenbacher-friedensinitiative.de\/wp-content\/uploads\/2022\/03\/titel.jpg\" \/>\n\t<meta property=\"og:image:width\" content=\"1754\" \/>\n\t<meta property=\"og:image:height\" content=\"1240\" \/>\n\t<meta property=\"og:image:type\" content=\"image\/jpeg\" \/>\n<meta name=\"author\" content=\"OFI_WP\" \/>\n<meta name=\"twitter:card\" content=\"summary_large_image\" \/>\n<meta name=\"twitter:label1\" content=\"Verfasst von\" \/>\n\t<meta name=\"twitter:data1\" content=\"OFI_WP\" \/>\n\t<meta name=\"twitter:label2\" content=\"Gesch\u00e4tzte Lesezeit\" \/>\n\t<meta name=\"twitter:data2\" content=\"1\u00a0Minute\" \/>\n<script type=\"application\/ld+json\" class=\"yoast-schema-graph\">{\"@context\":\"https:\\\/\\\/schema.org\",\"@graph\":[{\"@type\":\"Article\",\"@id\":\"https:\\\/\\\/offenbacher-friedensinitiative.de\\\/?p=11351#article\",\"isPartOf\":{\"@id\":\"https:\\\/\\\/offenbacher-friedensinitiative.de\\\/?p=11351\"},\"author\":{\"name\":\"OFI_WP\",\"@id\":\"https:\\\/\\\/offenbacher-friedensinitiative.de\\\/#\\\/schema\\\/person\\\/5ec566fcb70420f878023349a111f19f\"},\"headline\":\"Die Waffen nieder! Schluss mit dem Krieg!\",\"datePublished\":\"2022-03-03T08:05:31+00:00\",\"dateModified\":\"2022-03-03T08:06:47+00:00\",\"mainEntityOfPage\":{\"@id\":\"https:\\\/\\\/offenbacher-friedensinitiative.de\\\/?p=11351\"},\"wordCount\":166,\"publisher\":{\"@id\":\"https:\\\/\\\/offenbacher-friedensinitiative.de\\\/#organization\"},\"image\":{\"@id\":\"https:\\\/\\\/offenbacher-friedensinitiative.de\\\/?p=11351#primaryimage\"},\"thumbnailUrl\":\"https:\\\/\\\/offenbacher-friedensinitiative.de\\\/wp-content\\\/uploads\\\/2022\\\/03\\\/titel.jpg\",\"articleSection\":[\"Aktionen\"],\"inLanguage\":\"de\"},{\"@type\":\"WebPage\",\"@id\":\"https:\\\/\\\/offenbacher-friedensinitiative.de\\\/?p=11351\",\"url\":\"https:\\\/\\\/offenbacher-friedensinitiative.de\\\/?p=11351\",\"name\":\"Die Waffen nieder! Schluss mit dem Krieg! - Offenbacher FriedensInitiative - OFI\",\"isPartOf\":{\"@id\":\"https:\\\/\\\/offenbacher-friedensinitiative.de\\\/#website\"},\"primaryImageOfPage\":{\"@id\":\"https:\\\/\\\/offenbacher-friedensinitiative.de\\\/?p=11351#primaryimage\"},\"image\":{\"@id\":\"https:\\\/\\\/offenbacher-friedensinitiative.de\\\/?p=11351#primaryimage\"},\"thumbnailUrl\":\"https:\\\/\\\/offenbacher-friedensinitiative.de\\\/wp-content\\\/uploads\\\/2022\\\/03\\\/titel.jpg\",\"datePublished\":\"2022-03-03T08:05:31+00:00\",\"dateModified\":\"2022-03-03T08:06:47+00:00\",\"description\":\"Der Krieg in der Ukraine ist eine Katastrophe f\u00fcr die Menschen in der Ukraine und eine schreckliche Bedrohung f\u00fcr uns alle.\",\"breadcrumb\":{\"@id\":\"https:\\\/\\\/offenbacher-friedensinitiative.de\\\/?p=11351#breadcrumb\"},\"inLanguage\":\"de\",\"potentialAction\":[{\"@type\":\"ReadAction\",\"target\":[\"https:\\\/\\\/offenbacher-friedensinitiative.de\\\/?p=11351\"]}]},{\"@type\":\"ImageObject\",\"inLanguage\":\"de\",\"@id\":\"https:\\\/\\\/offenbacher-friedensinitiative.de\\\/?p=11351#primaryimage\",\"url\":\"https:\\\/\\\/offenbacher-friedensinitiative.de\\\/wp-content\\\/uploads\\\/2022\\\/03\\\/titel.jpg\",\"contentUrl\":\"https:\\\/\\\/offenbacher-friedensinitiative.de\\\/wp-content\\\/uploads\\\/2022\\\/03\\\/titel.jpg\",\"width\":1754,\"height\":1240},{\"@type\":\"BreadcrumbList\",\"@id\":\"https:\\\/\\\/offenbacher-friedensinitiative.de\\\/?p=11351#breadcrumb\",\"itemListElement\":[{\"@type\":\"ListItem\",\"position\":1,\"name\":\"Startseite\",\"item\":\"https:\\\/\\\/offenbacher-friedensinitiative.de\\\/\"},{\"@type\":\"ListItem\",\"position\":2,\"name\":\"Die Waffen nieder! Schluss mit dem Krieg!\"}]},{\"@type\":\"WebSite\",\"@id\":\"https:\\\/\\\/offenbacher-friedensinitiative.de\\\/#website\",\"url\":\"https:\\\/\\\/offenbacher-friedensinitiative.de\\\/\",\"name\":\"Offenbacher FriedensInitiative\",\"description\":\"Abr\u00fcsten statt Aufr\u00fcsten |- Kriege beenden | R\u00fcstungsexporte stoppen\",\"publisher\":{\"@id\":\"https:\\\/\\\/offenbacher-friedensinitiative.de\\\/#organization\"},\"potentialAction\":[{\"@type\":\"SearchAction\",\"target\":{\"@type\":\"EntryPoint\",\"urlTemplate\":\"https:\\\/\\\/offenbacher-friedensinitiative.de\\\/?s={search_term_string}\"},\"query-input\":{\"@type\":\"PropertyValueSpecification\",\"valueRequired\":true,\"valueName\":\"search_term_string\"}}],\"inLanguage\":\"de\"},{\"@type\":\"Organization\",\"@id\":\"https:\\\/\\\/offenbacher-friedensinitiative.de\\\/#organization\",\"name\":\"Offenbacher Friedensinitiative\",\"url\":\"https:\\\/\\\/offenbacher-friedensinitiative.de\\\/\",\"logo\":{\"@type\":\"ImageObject\",\"inLanguage\":\"de\",\"@id\":\"https:\\\/\\\/offenbacher-friedensinitiative.de\\\/#\\\/schema\\\/logo\\\/image\\\/\",\"url\":\"https:\\\/\\\/offenbacher-friedensinitiative.de\\\/wp-content\\\/uploads\\\/2019\\\/03\\\/cropped-Transparen-logo.jpg\",\"contentUrl\":\"https:\\\/\\\/offenbacher-friedensinitiative.de\\\/wp-content\\\/uploads\\\/2019\\\/03\\\/cropped-Transparen-logo.jpg\",\"width\":1036,\"height\":227,\"caption\":\"Offenbacher Friedensinitiative\"},\"image\":{\"@id\":\"https:\\\/\\\/offenbacher-friedensinitiative.de\\\/#\\\/schema\\\/logo\\\/image\\\/\"}},{\"@type\":\"Person\",\"@id\":\"https:\\\/\\\/offenbacher-friedensinitiative.de\\\/#\\\/schema\\\/person\\\/5ec566fcb70420f878023349a111f19f\",\"name\":\"OFI_WP\"}]}<\/script>\n<!-- \/ Yoast SEO plugin. -->","yoast_head_json":{"title":"Die Waffen nieder! Schluss mit dem Krieg! - Offenbacher FriedensInitiative - OFI","description":"Der Krieg in der Ukraine ist eine Katastrophe f\u00fcr die Menschen in der Ukraine und eine schreckliche Bedrohung f\u00fcr uns alle.","robots":{"index":"index","follow":"follow","max-snippet":"max-snippet:-1","max-image-preview":"max-image-preview:large","max-video-preview":"max-video-preview:-1"},"canonical":"https:\/\/offenbacher-friedensinitiative.de\/?p=11351","og_locale":"de_DE","og_type":"article","og_title":"Die Waffen nieder! Schluss mit dem Krieg! - Offenbacher FriedensInitiative - OFI","og_description":"Der Krieg in der Ukraine ist eine Katastrophe f\u00fcr die Menschen in der Ukraine und eine schreckliche Bedrohung f\u00fcr uns alle.","og_url":"https:\/\/offenbacher-friedensinitiative.de\/?p=11351","og_site_name":"Offenbacher FriedensInitiative - OFI","article_published_time":"2022-03-03T08:05:31+00:00","article_modified_time":"2022-03-03T08:06:47+00:00","og_image":[{"width":1754,"height":1240,"url":"https:\/\/offenbacher-friedensinitiative.de\/wp-content\/uploads\/2022\/03\/titel.jpg","type":"image\/jpeg"}],"author":"OFI_WP","twitter_card":"summary_large_image","twitter_misc":{"Verfasst von":"OFI_WP","Gesch\u00e4tzte Lesezeit":"1\u00a0Minute"},"schema":{"@context":"https:\/\/schema.org","@graph":[{"@type":"Article","@id":"https:\/\/offenbacher-friedensinitiative.de\/?p=11351#article","isPartOf":{"@id":"https:\/\/offenbacher-friedensinitiative.de\/?p=11351"},"author":{"name":"OFI_WP","@id":"https:\/\/offenbacher-friedensinitiative.de\/#\/schema\/person\/5ec566fcb70420f878023349a111f19f"},"headline":"Die Waffen nieder! Schluss mit dem Krieg!","datePublished":"2022-03-03T08:05:31+00:00","dateModified":"2022-03-03T08:06:47+00:00","mainEntityOfPage":{"@id":"https:\/\/offenbacher-friedensinitiative.de\/?p=11351"},"wordCount":166,"publisher":{"@id":"https:\/\/offenbacher-friedensinitiative.de\/#organization"},"image":{"@id":"https:\/\/offenbacher-friedensinitiative.de\/?p=11351#primaryimage"},"thumbnailUrl":"https:\/\/offenbacher-friedensinitiative.de\/wp-content\/uploads\/2022\/03\/titel.jpg","articleSection":["Aktionen"],"inLanguage":"de"},{"@type":"WebPage","@id":"https:\/\/offenbacher-friedensinitiative.de\/?p=11351","url":"https:\/\/offenbacher-friedensinitiative.de\/?p=11351","name":"Die Waffen nieder! Schluss mit dem Krieg! - Offenbacher FriedensInitiative - OFI","isPartOf":{"@id":"https:\/\/offenbacher-friedensinitiative.de\/#website"},"primaryImageOfPage":{"@id":"https:\/\/offenbacher-friedensinitiative.de\/?p=11351#primaryimage"},"image":{"@id":"https:\/\/offenbacher-friedensinitiative.de\/?p=11351#primaryimage"},"thumbnailUrl":"https:\/\/offenbacher-friedensinitiative.de\/wp-content\/uploads\/2022\/03\/titel.jpg","datePublished":"2022-03-03T08:05:31+00:00","dateModified":"2022-03-03T08:06:47+00:00","description":"Der Krieg in der Ukraine ist eine Katastrophe f\u00fcr die Menschen in der Ukraine und eine schreckliche Bedrohung f\u00fcr uns alle.","breadcrumb":{"@id":"https:\/\/offenbacher-friedensinitiative.de\/?p=11351#breadcrumb"},"inLanguage":"de","potentialAction":[{"@type":"ReadAction","target":["https:\/\/offenbacher-friedensinitiative.de\/?p=11351"]}]},{"@type":"ImageObject","inLanguage":"de","@id":"https:\/\/offenbacher-friedensinitiative.de\/?p=11351#primaryimage","url":"https:\/\/offenbacher-friedensinitiative.de\/wp-content\/uploads\/2022\/03\/titel.jpg","contentUrl":"https:\/\/offenbacher-friedensinitiative.de\/wp-content\/uploads\/2022\/03\/titel.jpg","width":1754,"height":1240},{"@type":"BreadcrumbList","@id":"https:\/\/offenbacher-friedensinitiative.de\/?p=11351#breadcrumb","itemListElement":[{"@type":"ListItem","position":1,"name":"Startseite","item":"https:\/\/offenbacher-friedensinitiative.de\/"},{"@type":"ListItem","position":2,"name":"Die Waffen nieder! Schluss mit dem Krieg!"}]},{"@type":"WebSite","@id":"https:\/\/offenbacher-friedensinitiative.de\/#website","url":"https:\/\/offenbacher-friedensinitiative.de\/","name":"Offenbacher FriedensInitiative","description":"Abr\u00fcsten statt Aufr\u00fcsten |- Kriege beenden | R\u00fcstungsexporte stoppen","publisher":{"@id":"https:\/\/offenbacher-friedensinitiative.de\/#organization"},"potentialAction":[{"@type":"SearchAction","target":{"@type":"EntryPoint","urlTemplate":"https:\/\/offenbacher-friedensinitiative.de\/?s={search_term_string}"},"query-input":{"@type":"PropertyValueSpecification","valueRequired":true,"valueName":"search_term_string"}}],"inLanguage":"de"},{"@type":"Organization","@id":"https:\/\/offenbacher-friedensinitiative.de\/#organization","name":"Offenbacher Friedensinitiative","url":"https:\/\/offenbacher-friedensinitiative.de\/","logo":{"@type":"ImageObject","inLanguage":"de","@id":"https:\/\/offenbacher-friedensinitiative.de\/#\/schema\/logo\/image\/","url":"https:\/\/offenbacher-friedensinitiative.de\/wp-content\/uploads\/2019\/03\/cropped-Transparen-logo.jpg","contentUrl":"https:\/\/offenbacher-friedensinitiative.de\/wp-content\/uploads\/2019\/03\/cropped-Transparen-logo.jpg","width":1036,"height":227,"caption":"Offenbacher Friedensinitiative"},"image":{"@id":"https:\/\/offenbacher-friedensinitiative.de\/#\/schema\/logo\/image\/"}},{"@type":"Person","@id":"https:\/\/offenbacher-friedensinitiative.de\/#\/schema\/person\/5ec566fcb70420f878023349a111f19f","name":"OFI_WP"}]}},"_links":{"self":[{"href":"https:\/\/offenbacher-friedensinitiative.de\/index.php?rest_route=\/wp\/v2\/posts\/11351","targetHints":{"allow":["GET"]}}],"collection":[{"href":"https:\/\/offenbacher-friedensinitiative.de\/index.php?rest_route=\/wp\/v2\/posts"}],"about":[{"href":"https:\/\/offenbacher-friedensinitiative.de\/index.php?rest_route=\/wp\/v2\/types\/post"}],"author":[{"embeddable":true,"href":"https:\/\/offenbacher-friedensinitiative.de\/index.php?rest_route=\/wp\/v2\/users\/1"}],"replies":[{"embeddable":true,"href":"https:\/\/offenbacher-friedensinitiative.de\/index.php?rest_route=%2Fwp%2Fv2%2Fcomments&post=11351"}],"version-history":[{"count":2,"href":"https:\/\/offenbacher-friedensinitiative.de\/index.php?rest_route=\/wp\/v2\/posts\/11351\/revisions"}],"predecessor-version":[{"id":11354,"href":"https:\/\/offenbacher-friedensinitiative.de\/index.php?rest_route=\/wp\/v2\/posts\/11351\/revisions\/11354"}],"wp:featuredmedia":[{"embeddable":true,"href":"https:\/\/offenbacher-friedensinitiative.de\/index.php?rest_route=\/wp\/v2\/media\/11353"}],"wp:attachment":[{"href":"https:\/\/offenbacher-friedensinitiative.de\/index.php?rest_route=%2Fwp%2Fv2%2Fmedia&parent=11351"}],"wp:term":[{"taxonomy":"category","embeddable":true,"href":"https:\/\/offenbacher-friedensinitiative.de\/index.php?rest_route=%2Fwp%2Fv2%2Fcategories&post=11351"},{"taxonomy":"post_tag","embeddable":true,"href":"https:\/\/offenbacher-friedensinitiative.de\/index.php?rest_route=%2Fwp%2Fv2%2Ftags&post=11351"}],"curies":[{"name":"wp","href":"https:\/\/api.w.org\/{rel}","templated":true}]}}