{"id":11364,"date":"2022-03-11T16:35:26","date_gmt":"2022-03-11T15:35:26","guid":{"rendered":"https:\/\/offenbacher-friedensinitiative.de\/?p=11364"},"modified":"2022-03-16T22:01:46","modified_gmt":"2022-03-16T21:01:46","slug":"atomkrieg-aus-versehen","status":"publish","type":"post","link":"https:\/\/offenbacher-friedensinitiative.de\/?p=11364","title":{"rendered":"Atomkrieg aus Versehen"},"content":{"rendered":"<div id=\"pl-11364\"  class=\"panel-layout\" ><div id=\"pg-11364-0\"  class=\"panel-grid panel-no-style\" ><div id=\"pgc-11364-0-0\"  class=\"panel-grid-cell\" ><div id=\"panel-11364-0-0-0\" class=\"so-panel widget widget_sow-editor panel-first-child panel-last-child\" data-index=\"0\" ><div\n\t\t\t\n\t\t\tclass=\"so-widget-sow-editor so-widget-sow-editor-base\"\n\t\t\t\n\t\t>\n<div class=\"siteorigin-widget-tinymce textwidget\">\n\t<h1 style=\"text-align: left;\" align=\"center\">Atomkrieg aus Versehen<\/h1>\n<h2 style=\"text-align: left;\" align=\"center\">IT und nukleare Bedrohung<\/h2>\n<h2 style=\"text-align: left;\" align=\"center\"><em>Vortrag und Diskussion mit Prof. Karl Hans Bl\u00e4sius<\/em><\/h2>\n<p style=\"text-align: left;\" align=\"center\">Kriegsangst ist nach Deutschland zur\u00fcckgekehrt. Mittlerweile herrscht Krieg in der Ukraine. Einzelne Politiker sprechen sogar von einem m\u00f6glichen Einsatz von Atomwaffen. In B\u00fcchel, in Rheinland- Pfalz, nicht allzuweit von uns lagern Atombomben. Wir w\u00e4ren im Zentrum des Geschehens.<br \/>\nDie auf Atomwaffen basierende Abschreckungsstrategie beinhaltet den Betrieb von Fr\u00fchwarnsystemen zur Erkennung eines Angriffs mit Atomwaffen. Hierbei kann es aber zu Fehlalarmen kommen, bei denen nukleare Angriffe gemeldet werden, obwohl keine Bedrohung vorliegt. Solche Fehlalarme sind besonders gef\u00e4hrlich im Falle von internationalen Krisen und k\u00f6nnten zu einem Atomkrieg aus Versehen f\u00fchren. In der Vergangenheit gab es einige gef\u00e4hrliche Situationen, in denen es nur durch Gl\u00fcck nicht zum Einsatz von Atomwaffen kam.<br \/>\nNeue technische Entwicklungen, wie z.B. Cyberkriegskapazit\u00e4ten, Hyperschallraketen und die Bewaffnung des Weltraums sowie eine zunehmende Anzahl und Vielfalt an Objekten im Luftraum erh\u00f6hen die Komplexit\u00e4t von Bedrohungssituationen und verk\u00fcrzen die Entscheidungszeitr\u00e4ume. F\u00fcr eine Analyse und Bewertung von Alarmmeldungen werden daher immer mehr automatische Systeme unter Verwendung von Methoden der K\u00fcnstlichen Intelligenz (KI) erforderlich, um f\u00fcr gewisse Teilaufgaben Entscheidungen automatisch zu treffen, bzw. menschliche Entscheidungen vorzubereiten.<br \/>\nDer Vortrag geht auf die Sicherheit von automatischen Entscheidungen im Kontext von Fr\u00fchwarnsystemen ein, sowie auf das steigende Atomkriegsrisiko in Zusammenhang mit neuen technischen Entwicklungen und drohenden schwerwiegenden internationalen Krisen in Folge des Klimawandels.<\/p>\n<p style=\"text-align: left;\" align=\"center\"><strong>Wir fordern:<\/strong><br \/>\n<strong>- Kriegerische Handlungen beenden <\/strong><br \/>\n<strong>- Verhandeln statt schie\u00dfen <\/strong><br \/>\n<strong>- Atomwaffen raus aus Deutschland <\/strong><br \/>\n<strong>- Deutschland muss dem Atomwaffenverbotsvertrag beitreten <\/strong><br \/>\n<strong>- \u00c4chtung von autonomen Waffensystemen <\/strong><br \/>\n<strong>- Abr\u00fcsten statt Aufr\u00fcsten<\/strong><\/p>\n<p style=\"text-align: left;\" align=\"center\"><a href=\"https:\/\/offenbacher-friedensinitiative.de\/wp-content\/uploads\/wppa-source\/album-35\/Atomwaffen.pdf\" target=\"_blank\" rel=\"noopener\">Flyer (PDF)<\/a><\/p>\n<\/div>\n<\/div><\/div><\/div><\/div><div id=\"pg-11364-1\"  class=\"panel-grid panel-no-style\" ><div id=\"pgc-11364-1-0\"  class=\"panel-grid-cell panel-grid-cell-empty panel-grid-cell-mobile-last\" ><\/div><div id=\"pgc-11364-1-1\"  class=\"panel-grid-cell panel-grid-cell-empty\" ><\/div><\/div><\/div>","protected":false},"excerpt":{"rendered":"<p>Atomkrieg aus Versehen IT und nukleare Bedrohung Vortrag und Diskussion mit Prof. Karl Hans Bl\u00e4sius Kriegsangst ist nach Deutschland zur\u00fcckgekehrt. Mittlerweile herrscht Krieg in der<span class=\"more-link\"><a href=\"https:\/\/offenbacher-friedensinitiative.de\/?p=11364\">Weiterlesen &#8230;<\/a><\/span><\/p>\n","protected":false},"author":1,"featured_media":11365,"comment_status":"closed","ping_status":"closed","sticky":false,"template":"","format":"standard","meta":{"footnotes":""},"categories":[5,56],"tags":[],"class_list":["entry","author-ofi_wp","post-11364","post","type-post","status-publish","format-standard","has-post-thumbnail","category-aktionen","category-offenbach"],"yoast_head":"<!-- This site is optimized with the Yoast SEO plugin v27.5 - https:\/\/yoast.com\/product\/yoast-seo-wordpress\/ -->\n<title>Atomkrieg aus Versehen - Offenbacher FriedensInitiative - OFI<\/title>\n<meta name=\"robots\" content=\"index, follow, max-snippet:-1, max-image-preview:large, max-video-preview:-1\" \/>\n<link rel=\"canonical\" href=\"https:\/\/offenbacher-friedensinitiative.de\/?p=11364\" \/>\n<meta property=\"og:locale\" content=\"de_DE\" \/>\n<meta property=\"og:type\" content=\"article\" \/>\n<meta property=\"og:title\" content=\"Atomkrieg aus Versehen - Offenbacher FriedensInitiative - OFI\" \/>\n<meta property=\"og:description\" content=\"Atomkrieg aus Versehen IT und nukleare Bedrohung Vortrag und Diskussion mit Prof. Karl Hans Bl\u00e4sius Kriegsangst ist nach Deutschland zur\u00fcckgekehrt. Mittlerweile herrscht Krieg in derWeiterlesen ...\" \/>\n<meta property=\"og:url\" content=\"https:\/\/offenbacher-friedensinitiative.de\/?p=11364\" \/>\n<meta property=\"og:site_name\" content=\"Offenbacher FriedensInitiative - OFI\" \/>\n<meta property=\"article:published_time\" content=\"2022-03-11T15:35:26+00:00\" \/>\n<meta property=\"article:modified_time\" content=\"2022-03-16T21:01:46+00:00\" \/>\n<meta property=\"og:image\" content=\"https:\/\/offenbacher-friedensinitiative.de\/wp-content\/uploads\/2022\/03\/Atomwaffen-001.jpg\" \/>\n\t<meta property=\"og:image:width\" content=\"898\" \/>\n\t<meta property=\"og:image:height\" content=\"1264\" \/>\n\t<meta property=\"og:image:type\" content=\"image\/jpeg\" \/>\n<meta name=\"author\" content=\"OFI_WP\" \/>\n<meta name=\"twitter:card\" content=\"summary_large_image\" \/>\n<meta name=\"twitter:label1\" content=\"Verfasst von\" \/>\n\t<meta name=\"twitter:data1\" content=\"OFI_WP\" \/>\n\t<meta name=\"twitter:label2\" content=\"Gesch\u00e4tzte Lesezeit\" \/>\n\t<meta name=\"twitter:data2\" content=\"2\u00a0Minuten\" \/>\n<script type=\"application\/ld+json\" class=\"yoast-schema-graph\">{\"@context\":\"https:\\\/\\\/schema.org\",\"@graph\":[{\"@type\":\"Article\",\"@id\":\"https:\\\/\\\/offenbacher-friedensinitiative.de\\\/?p=11364#article\",\"isPartOf\":{\"@id\":\"https:\\\/\\\/offenbacher-friedensinitiative.de\\\/?p=11364\"},\"author\":{\"name\":\"OFI_WP\",\"@id\":\"https:\\\/\\\/offenbacher-friedensinitiative.de\\\/#\\\/schema\\\/person\\\/5ec566fcb70420f878023349a111f19f\"},\"headline\":\"Atomkrieg aus Versehen\",\"datePublished\":\"2022-03-11T15:35:26+00:00\",\"dateModified\":\"2022-03-16T21:01:46+00:00\",\"mainEntityOfPage\":{\"@id\":\"https:\\\/\\\/offenbacher-friedensinitiative.de\\\/?p=11364\"},\"wordCount\":282,\"publisher\":{\"@id\":\"https:\\\/\\\/offenbacher-friedensinitiative.de\\\/#organization\"},\"image\":{\"@id\":\"https:\\\/\\\/offenbacher-friedensinitiative.de\\\/?p=11364#primaryimage\"},\"thumbnailUrl\":\"https:\\\/\\\/offenbacher-friedensinitiative.de\\\/wp-content\\\/uploads\\\/2022\\\/03\\\/Atomwaffen-001.jpg\",\"articleSection\":[\"Aktionen\",\"Offenbach\"],\"inLanguage\":\"de\"},{\"@type\":\"WebPage\",\"@id\":\"https:\\\/\\\/offenbacher-friedensinitiative.de\\\/?p=11364\",\"url\":\"https:\\\/\\\/offenbacher-friedensinitiative.de\\\/?p=11364\",\"name\":\"Atomkrieg aus Versehen - Offenbacher FriedensInitiative - OFI\",\"isPartOf\":{\"@id\":\"https:\\\/\\\/offenbacher-friedensinitiative.de\\\/#website\"},\"primaryImageOfPage\":{\"@id\":\"https:\\\/\\\/offenbacher-friedensinitiative.de\\\/?p=11364#primaryimage\"},\"image\":{\"@id\":\"https:\\\/\\\/offenbacher-friedensinitiative.de\\\/?p=11364#primaryimage\"},\"thumbnailUrl\":\"https:\\\/\\\/offenbacher-friedensinitiative.de\\\/wp-content\\\/uploads\\\/2022\\\/03\\\/Atomwaffen-001.jpg\",\"datePublished\":\"2022-03-11T15:35:26+00:00\",\"dateModified\":\"2022-03-16T21:01:46+00:00\",\"breadcrumb\":{\"@id\":\"https:\\\/\\\/offenbacher-friedensinitiative.de\\\/?p=11364#breadcrumb\"},\"inLanguage\":\"de\",\"potentialAction\":[{\"@type\":\"ReadAction\",\"target\":[\"https:\\\/\\\/offenbacher-friedensinitiative.de\\\/?p=11364\"]}]},{\"@type\":\"ImageObject\",\"inLanguage\":\"de\",\"@id\":\"https:\\\/\\\/offenbacher-friedensinitiative.de\\\/?p=11364#primaryimage\",\"url\":\"https:\\\/\\\/offenbacher-friedensinitiative.de\\\/wp-content\\\/uploads\\\/2022\\\/03\\\/Atomwaffen-001.jpg\",\"contentUrl\":\"https:\\\/\\\/offenbacher-friedensinitiative.de\\\/wp-content\\\/uploads\\\/2022\\\/03\\\/Atomwaffen-001.jpg\",\"width\":898,\"height\":1264},{\"@type\":\"BreadcrumbList\",\"@id\":\"https:\\\/\\\/offenbacher-friedensinitiative.de\\\/?p=11364#breadcrumb\",\"itemListElement\":[{\"@type\":\"ListItem\",\"position\":1,\"name\":\"Startseite\",\"item\":\"https:\\\/\\\/offenbacher-friedensinitiative.de\\\/\"},{\"@type\":\"ListItem\",\"position\":2,\"name\":\"Atomkrieg aus Versehen\"}]},{\"@type\":\"WebSite\",\"@id\":\"https:\\\/\\\/offenbacher-friedensinitiative.de\\\/#website\",\"url\":\"https:\\\/\\\/offenbacher-friedensinitiative.de\\\/\",\"name\":\"Offenbacher FriedensInitiative\",\"description\":\"Abr\u00fcsten statt Aufr\u00fcsten |- Kriege beenden | R\u00fcstungsexporte stoppen\",\"publisher\":{\"@id\":\"https:\\\/\\\/offenbacher-friedensinitiative.de\\\/#organization\"},\"potentialAction\":[{\"@type\":\"SearchAction\",\"target\":{\"@type\":\"EntryPoint\",\"urlTemplate\":\"https:\\\/\\\/offenbacher-friedensinitiative.de\\\/?s={search_term_string}\"},\"query-input\":{\"@type\":\"PropertyValueSpecification\",\"valueRequired\":true,\"valueName\":\"search_term_string\"}}],\"inLanguage\":\"de\"},{\"@type\":\"Organization\",\"@id\":\"https:\\\/\\\/offenbacher-friedensinitiative.de\\\/#organization\",\"name\":\"Offenbacher Friedensinitiative\",\"url\":\"https:\\\/\\\/offenbacher-friedensinitiative.de\\\/\",\"logo\":{\"@type\":\"ImageObject\",\"inLanguage\":\"de\",\"@id\":\"https:\\\/\\\/offenbacher-friedensinitiative.de\\\/#\\\/schema\\\/logo\\\/image\\\/\",\"url\":\"https:\\\/\\\/offenbacher-friedensinitiative.de\\\/wp-content\\\/uploads\\\/2019\\\/03\\\/cropped-Transparen-logo.jpg\",\"contentUrl\":\"https:\\\/\\\/offenbacher-friedensinitiative.de\\\/wp-content\\\/uploads\\\/2019\\\/03\\\/cropped-Transparen-logo.jpg\",\"width\":1036,\"height\":227,\"caption\":\"Offenbacher Friedensinitiative\"},\"image\":{\"@id\":\"https:\\\/\\\/offenbacher-friedensinitiative.de\\\/#\\\/schema\\\/logo\\\/image\\\/\"}},{\"@type\":\"Person\",\"@id\":\"https:\\\/\\\/offenbacher-friedensinitiative.de\\\/#\\\/schema\\\/person\\\/5ec566fcb70420f878023349a111f19f\",\"name\":\"OFI_WP\"}]}<\/script>\n<!-- \/ Yoast SEO plugin. -->","yoast_head_json":{"title":"Atomkrieg aus Versehen - Offenbacher FriedensInitiative - OFI","robots":{"index":"index","follow":"follow","max-snippet":"max-snippet:-1","max-image-preview":"max-image-preview:large","max-video-preview":"max-video-preview:-1"},"canonical":"https:\/\/offenbacher-friedensinitiative.de\/?p=11364","og_locale":"de_DE","og_type":"article","og_title":"Atomkrieg aus Versehen - Offenbacher FriedensInitiative - OFI","og_description":"Atomkrieg aus Versehen IT und nukleare Bedrohung Vortrag und Diskussion mit Prof. Karl Hans Bl\u00e4sius Kriegsangst ist nach Deutschland zur\u00fcckgekehrt. Mittlerweile herrscht Krieg in derWeiterlesen ...","og_url":"https:\/\/offenbacher-friedensinitiative.de\/?p=11364","og_site_name":"Offenbacher FriedensInitiative - OFI","article_published_time":"2022-03-11T15:35:26+00:00","article_modified_time":"2022-03-16T21:01:46+00:00","og_image":[{"width":898,"height":1264,"url":"https:\/\/offenbacher-friedensinitiative.de\/wp-content\/uploads\/2022\/03\/Atomwaffen-001.jpg","type":"image\/jpeg"}],"author":"OFI_WP","twitter_card":"summary_large_image","twitter_misc":{"Verfasst von":"OFI_WP","Gesch\u00e4tzte Lesezeit":"2\u00a0Minuten"},"schema":{"@context":"https:\/\/schema.org","@graph":[{"@type":"Article","@id":"https:\/\/offenbacher-friedensinitiative.de\/?p=11364#article","isPartOf":{"@id":"https:\/\/offenbacher-friedensinitiative.de\/?p=11364"},"author":{"name":"OFI_WP","@id":"https:\/\/offenbacher-friedensinitiative.de\/#\/schema\/person\/5ec566fcb70420f878023349a111f19f"},"headline":"Atomkrieg aus Versehen","datePublished":"2022-03-11T15:35:26+00:00","dateModified":"2022-03-16T21:01:46+00:00","mainEntityOfPage":{"@id":"https:\/\/offenbacher-friedensinitiative.de\/?p=11364"},"wordCount":282,"publisher":{"@id":"https:\/\/offenbacher-friedensinitiative.de\/#organization"},"image":{"@id":"https:\/\/offenbacher-friedensinitiative.de\/?p=11364#primaryimage"},"thumbnailUrl":"https:\/\/offenbacher-friedensinitiative.de\/wp-content\/uploads\/2022\/03\/Atomwaffen-001.jpg","articleSection":["Aktionen","Offenbach"],"inLanguage":"de"},{"@type":"WebPage","@id":"https:\/\/offenbacher-friedensinitiative.de\/?p=11364","url":"https:\/\/offenbacher-friedensinitiative.de\/?p=11364","name":"Atomkrieg aus Versehen - Offenbacher FriedensInitiative - OFI","isPartOf":{"@id":"https:\/\/offenbacher-friedensinitiative.de\/#website"},"primaryImageOfPage":{"@id":"https:\/\/offenbacher-friedensinitiative.de\/?p=11364#primaryimage"},"image":{"@id":"https:\/\/offenbacher-friedensinitiative.de\/?p=11364#primaryimage"},"thumbnailUrl":"https:\/\/offenbacher-friedensinitiative.de\/wp-content\/uploads\/2022\/03\/Atomwaffen-001.jpg","datePublished":"2022-03-11T15:35:26+00:00","dateModified":"2022-03-16T21:01:46+00:00","breadcrumb":{"@id":"https:\/\/offenbacher-friedensinitiative.de\/?p=11364#breadcrumb"},"inLanguage":"de","potentialAction":[{"@type":"ReadAction","target":["https:\/\/offenbacher-friedensinitiative.de\/?p=11364"]}]},{"@type":"ImageObject","inLanguage":"de","@id":"https:\/\/offenbacher-friedensinitiative.de\/?p=11364#primaryimage","url":"https:\/\/offenbacher-friedensinitiative.de\/wp-content\/uploads\/2022\/03\/Atomwaffen-001.jpg","contentUrl":"https:\/\/offenbacher-friedensinitiative.de\/wp-content\/uploads\/2022\/03\/Atomwaffen-001.jpg","width":898,"height":1264},{"@type":"BreadcrumbList","@id":"https:\/\/offenbacher-friedensinitiative.de\/?p=11364#breadcrumb","itemListElement":[{"@type":"ListItem","position":1,"name":"Startseite","item":"https:\/\/offenbacher-friedensinitiative.de\/"},{"@type":"ListItem","position":2,"name":"Atomkrieg aus Versehen"}]},{"@type":"WebSite","@id":"https:\/\/offenbacher-friedensinitiative.de\/#website","url":"https:\/\/offenbacher-friedensinitiative.de\/","name":"Offenbacher FriedensInitiative","description":"Abr\u00fcsten statt Aufr\u00fcsten |- Kriege beenden | R\u00fcstungsexporte stoppen","publisher":{"@id":"https:\/\/offenbacher-friedensinitiative.de\/#organization"},"potentialAction":[{"@type":"SearchAction","target":{"@type":"EntryPoint","urlTemplate":"https:\/\/offenbacher-friedensinitiative.de\/?s={search_term_string}"},"query-input":{"@type":"PropertyValueSpecification","valueRequired":true,"valueName":"search_term_string"}}],"inLanguage":"de"},{"@type":"Organization","@id":"https:\/\/offenbacher-friedensinitiative.de\/#organization","name":"Offenbacher Friedensinitiative","url":"https:\/\/offenbacher-friedensinitiative.de\/","logo":{"@type":"ImageObject","inLanguage":"de","@id":"https:\/\/offenbacher-friedensinitiative.de\/#\/schema\/logo\/image\/","url":"https:\/\/offenbacher-friedensinitiative.de\/wp-content\/uploads\/2019\/03\/cropped-Transparen-logo.jpg","contentUrl":"https:\/\/offenbacher-friedensinitiative.de\/wp-content\/uploads\/2019\/03\/cropped-Transparen-logo.jpg","width":1036,"height":227,"caption":"Offenbacher Friedensinitiative"},"image":{"@id":"https:\/\/offenbacher-friedensinitiative.de\/#\/schema\/logo\/image\/"}},{"@type":"Person","@id":"https:\/\/offenbacher-friedensinitiative.de\/#\/schema\/person\/5ec566fcb70420f878023349a111f19f","name":"OFI_WP"}]}},"_links":{"self":[{"href":"https:\/\/offenbacher-friedensinitiative.de\/index.php?rest_route=\/wp\/v2\/posts\/11364","targetHints":{"allow":["GET"]}}],"collection":[{"href":"https:\/\/offenbacher-friedensinitiative.de\/index.php?rest_route=\/wp\/v2\/posts"}],"about":[{"href":"https:\/\/offenbacher-friedensinitiative.de\/index.php?rest_route=\/wp\/v2\/types\/post"}],"author":[{"embeddable":true,"href":"https:\/\/offenbacher-friedensinitiative.de\/index.php?rest_route=\/wp\/v2\/users\/1"}],"replies":[{"embeddable":true,"href":"https:\/\/offenbacher-friedensinitiative.de\/index.php?rest_route=%2Fwp%2Fv2%2Fcomments&post=11364"}],"version-history":[{"count":3,"href":"https:\/\/offenbacher-friedensinitiative.de\/index.php?rest_route=\/wp\/v2\/posts\/11364\/revisions"}],"predecessor-version":[{"id":11368,"href":"https:\/\/offenbacher-friedensinitiative.de\/index.php?rest_route=\/wp\/v2\/posts\/11364\/revisions\/11368"}],"wp:featuredmedia":[{"embeddable":true,"href":"https:\/\/offenbacher-friedensinitiative.de\/index.php?rest_route=\/wp\/v2\/media\/11365"}],"wp:attachment":[{"href":"https:\/\/offenbacher-friedensinitiative.de\/index.php?rest_route=%2Fwp%2Fv2%2Fmedia&parent=11364"}],"wp:term":[{"taxonomy":"category","embeddable":true,"href":"https:\/\/offenbacher-friedensinitiative.de\/index.php?rest_route=%2Fwp%2Fv2%2Fcategories&post=11364"},{"taxonomy":"post_tag","embeddable":true,"href":"https:\/\/offenbacher-friedensinitiative.de\/index.php?rest_route=%2Fwp%2Fv2%2Ftags&post=11364"}],"curies":[{"name":"wp","href":"https:\/\/api.w.org\/{rel}","templated":true}]}}