{"id":11424,"date":"2022-06-09T20:55:34","date_gmt":"2022-06-09T18:55:34","guid":{"rendered":"https:\/\/offenbacher-friedensinitiative.de\/?p=11424"},"modified":"2022-06-09T21:05:56","modified_gmt":"2022-06-09T19:05:56","slug":"11424-2","status":"publish","type":"post","link":"https:\/\/offenbacher-friedensinitiative.de\/?p=11424","title":{"rendered":"Run soldier run"},"content":{"rendered":"<div id=\"pl-11424\"  class=\"panel-layout\" ><div id=\"pg-11424-0\"  class=\"panel-grid panel-no-style\" ><div id=\"pgc-11424-0-0\"  class=\"panel-grid-cell\" ><div id=\"panel-11424-0-0-0\" class=\"so-panel widget widget_sow-editor panel-first-child panel-last-child\" data-index=\"0\" ><div\n\t\t\t\n\t\t\tclass=\"so-widget-sow-editor so-widget-sow-editor-base\"\n\t\t\t\n\t\t>\n<div class=\"siteorigin-widget-tinymce textwidget\">\n\t<h3 style=\"text-align: center;\"><span style=\"color: #000000;\"><span style=\"font-family: Myriad Pro, serif;\">Szenische Lesung<\/span><\/span><\/h3>\n<p><span style=\"color: #000000;\"><span style=\"font-family: Myriad Pro, serif;\">Vier Personen stehen f\u00fcr viele andere: Sie widersetzen sich dem Gehorsam, dem Milit\u00e4r, dem Krieg. In zwei Mal 45 Minuten Collage wechseln Talib Richard Vogl und Rudi Friedrich Texte von den Verweigerern und Verweigerinnen ab mit Szenen, Gedichten und Liedern.<\/span><\/span><\/p>\n<p><span style=\"color: #000000;\"><span style=\"font-family: Myriad Pro, serif;\">Die dargebotenen Geschichten zeigen, was es bedeutet, Nein zu sagen, gerade in einem Krieg. Wie wirken die Protagonisten in dem jeweils eigenen Land auf die Gesellschaft? Welche Konsequenzen hat ihre Entscheidung f\u00fcr sie selbst, welche Bedeutung hat sie f\u00fcr eine Bewegung gegen den Krieg? <\/span><\/span><\/p>\n<p><span style=\"color: #000000;\"><span style=\"font-family: Myriad Pro, serif;\">In L\u00e4ndern wie T\u00fcrkei, Ukraine, USA oder auch Eritrea werden Armee, Milit\u00e4rdienst oder Wehrpflicht <\/span><\/span><span style=\"color: #000000;\"><span style=\"font-family: Myriad Pro, serif;\">als etwas scheinbar Selbstverst\u00e4ndliches hingenommen.<\/span><\/span><span style=\"color: #000000;\"><span style=\"font-family: Myriad Pro, serif;\"> Aber wir sehen Br\u00fcche und Risse in diesem Bild. In aller Regel wird nicht gezeigt, dass Kriegsdienstverweigerung und Desertion jeden Tag geschehen. Wir m\u00fcssen feststellen, dass das Menschenrecht auf Kriegsdienstverweigerung gerade in einem Krieg in aller Regel nicht anerkannt wird. Wir wollen auch deutlich machen, wie mit ihnen als Fl\u00fcchtling umgegangen wird, wie wenig ihre Entscheidung geachtet wird.<\/span><\/span><\/p>\n<p align=\"center\"><span style=\"color: #003782;\"><span style=\"font-family: Myriad Pro, serif;\"><span style=\"font-size: medium;\"><b>Eine Collage zu Krieg, Desertion<\/b><\/span><\/span><\/span><\/p>\n<p align=\"center\">\n<p><span style=\"color: #003782;\"><span style=\"font-family: Myriad Pro, serif;\"><b>Talib Richard Vogl<\/b><\/span><\/span><b> <\/b><\/p>\n<p><span style=\"color: #000000;\"><span style=\"font-family: Myriad Pro, serif;\">studierte Gitarre an der Hoch<\/span><\/span><span style=\"color: #000000;\"><span style=\"font-family: Myriad Pro, serif;\">schule f\u00fcr Musik in Frankfurt am <\/span><\/span><span style=\"color: #000000;\"><span style=\"font-family: Myriad Pro, serif;\">Main und belegte zahlreiche Meisterkurse und eine Ausbil<\/span><\/span><span style=\"color: #000000;\"><span style=\"font-family: Myriad Pro, serif;\">dung zur Stimmbildung<\/span><\/span><span style=\"color: #000000;\"><span style=\"font-family: Myriad Pro, serif;\">. Neben konzer<\/span><\/span><span style=\"color: #000000;\"><span style=\"font-family: Myriad Pro, serif;\">tanter Musik gilt sein Inter<\/span><\/span><span style=\"color: #000000;\"><span style=\"font-family: Myriad Pro, serif;\">esse insbesondere interdisziplin\u00e4ren Projekten<\/span><\/span><span style=\"color: #000000;\"><span style=\"font-family: Myriad Pro, serif;\">.<br \/>\n<\/span><\/span><span style=\"color: #003782;\"><span style=\"font-family: Myriad Pro, serif;\"><b>http:\/\/talibrichardvogl.de<\/b><\/span><\/span><\/p>\n<p><span style=\"color: #003782;\"><span style=\"font-family: Myriad Pro, serif;\"><b>Rudi Friedrich<\/b><\/span><\/span><b> <\/b><\/p>\n<p><span style=\"color: #000000;\"><span style=\"font-family: Myriad Pro, serif;\">besch\u00e4ftigt sich in seiner Arbeit <\/span><\/span><span style=\"color: #000000;\"><span style=\"font-family: Myriad Pro, serif;\">bei Connection e.V. seit Jahrzehnten mit <\/span><\/span><span style=\"color: #000000;\"><span style=\"font-family: Myriad Pro, serif;\">Kriegsdienstverweigerung und Desertion <\/span><\/span><span style=\"color: #000000;\"><span style=\"font-family: Myriad Pro, serif;\">weltweit. Er ist international f\u00fcr sein Wis<\/span><\/span><span style=\"color: #000000;\"><span style=\"font-family: Myriad Pro, serif;\">sen und seine Erfahrung gesch\u00e4tzt. Im<\/span><\/span><span style=\"color: #000000;\"><span style=\"font-family: Myriad Pro, serif;\">mer wieder f\u00fchrte er auch mit Lesungen <\/span><\/span><span style=\"color: #000000;\"><span style=\"font-family: Myriad Pro, serif;\">und anderen k\u00fcnstlerischen Formen in die Thematik ein. <\/span><\/span><\/p>\n<p><span style=\"color: #003782;\"><span style=\"font-family: Myriad Pro, serif;\"><b>Connection e.V. <\/b><\/span><\/span><\/p>\n<p><span style=\"color: #000000;\"><span style=\"font-family: Myriad Pro, serif;\">setzt sich auf internationaler Ebene f\u00fcr ein umfassendes Recht auf Kriegsdienstverweigerung ein und unterst\u00fctzt verfolgte Kriegsdienstverweigerer und -verweigerinnen in ihren L\u00e4ndern und in Asylverfahren. Der Verein bietet Fl\u00fcchtlingen Beratung und Information an. Er setzt sich f\u00fcr die Selbstorganisation von Fl\u00fcchtlingen ein.<\/span><\/span><\/p>\n<p><span style=\"color: #0000ff;\"><u><a href=\"http:\/\/www.Connection-eV.org\/\"><span style=\"font-family: Myriad Pro, serif;\"><b>www.Connection-eV.org<\/b><\/span><\/a><\/u><\/span><\/p>\n<p><span style=\"color: #000000;\"><span style=\"color: #003782;\">\u201e<span style=\"font-family: Myriad Pro, serif;\"><span style=\"font-family: Myriad Pro Light, serif;\"><span style=\"font-size: medium;\"><i>Friedrich und Vogl bringen es fertig, dass jeder Tagebuchauszug und jedes Gedicht oder Lied, das sie zusammen mit Trommelschl\u00e4gen, Trompete, Gitarre und Gesang intonieren, unter die Haut geht \u2013 sei es durch die Art der Sprache, mal ihre Arglosigkeit oder ihre zynische Sch\u00e4rfe, mal durch die Sachlichkeit der Beschreibungen oder ihre Emotionalit\u00e4t.\u201c<\/i><\/span><\/span><\/span><\/span><\/span><\/p>\n<p align=\"right\"><span style=\"color: #000000;\"><span style=\"font-family: Myriad Pro, serif;\"><span style=\"color: #003782;\"><span style=\"font-family: Myriad Pro Light, serif;\"><span style=\"font-size: small;\"><i>Schw\u00e4bische Zeitung<\/i><\/span><\/span><\/span><\/span><\/span><\/p>\n<p align=\"right\">\n<p style=\"text-align: left;\" align=\"right\"><a href=\"https:\/\/offenbacher-friedensinitiative.de\/wp-content\/uploads\/wppa-source\/album-35\/Flyer_Offenbach.pdf\" target=\"_blank\" rel=\"noopener\">Flyer<\/a><\/p>\n<\/div>\n<\/div><\/div><\/div><\/div><div id=\"pg-11424-1\"  class=\"panel-grid panel-no-style\" ><div id=\"pgc-11424-1-0\"  class=\"panel-grid-cell panel-grid-cell-empty panel-grid-cell-mobile-last\" ><\/div><div id=\"pgc-11424-1-1\"  class=\"panel-grid-cell panel-grid-cell-empty\" ><\/div><\/div><\/div>","protected":false},"excerpt":{"rendered":"<p>Szenische Lesung Vier Personen stehen f\u00fcr viele andere: Sie widersetzen sich dem Gehorsam, dem Milit\u00e4r, dem Krieg. In zwei Mal 45 Minuten Collage wechseln Talib<span class=\"more-link\"><a href=\"https:\/\/offenbacher-friedensinitiative.de\/?p=11424\">Weiterlesen &#8230;<\/a><\/span><\/p>\n","protected":false},"author":1,"featured_media":11425,"comment_status":"closed","ping_status":"closed","sticky":false,"template":"","format":"standard","meta":{"footnotes":""},"categories":[5],"tags":[],"class_list":["entry","author-ofi_wp","post-11424","post","type-post","status-publish","format-standard","has-post-thumbnail","category-aktionen"],"yoast_head":"<!-- This site is optimized with the Yoast SEO plugin v27.5 - https:\/\/yoast.com\/product\/yoast-seo-wordpress\/ -->\n<title>Run soldier run - Offenbacher FriedensInitiative - OFI<\/title>\n<meta name=\"robots\" content=\"index, follow, max-snippet:-1, max-image-preview:large, max-video-preview:-1\" \/>\n<link rel=\"canonical\" href=\"https:\/\/offenbacher-friedensinitiative.de\/?p=11424\" \/>\n<meta property=\"og:locale\" content=\"de_DE\" \/>\n<meta property=\"og:type\" content=\"article\" \/>\n<meta property=\"og:title\" content=\"Run soldier run - Offenbacher FriedensInitiative - OFI\" \/>\n<meta property=\"og:description\" content=\"Szenische Lesung Vier Personen stehen f\u00fcr viele andere: Sie widersetzen sich dem Gehorsam, dem Milit\u00e4r, dem Krieg. In zwei Mal 45 Minuten Collage wechseln TalibWeiterlesen ...\" \/>\n<meta property=\"og:url\" content=\"https:\/\/offenbacher-friedensinitiative.de\/?p=11424\" \/>\n<meta property=\"og:site_name\" content=\"Offenbacher FriedensInitiative - OFI\" \/>\n<meta property=\"article:published_time\" content=\"2022-06-09T18:55:34+00:00\" \/>\n<meta property=\"article:modified_time\" content=\"2022-06-09T19:05:56+00:00\" \/>\n<meta name=\"author\" content=\"OFI_WP\" \/>\n<meta name=\"twitter:card\" content=\"summary_large_image\" \/>\n<meta name=\"twitter:label1\" content=\"Verfasst von\" \/>\n\t<meta name=\"twitter:data1\" content=\"OFI_WP\" \/>\n\t<meta name=\"twitter:label2\" content=\"Gesch\u00e4tzte Lesezeit\" \/>\n\t<meta name=\"twitter:data2\" content=\"2\u00a0Minuten\" \/>\n<script type=\"application\/ld+json\" class=\"yoast-schema-graph\">{\"@context\":\"https:\\\/\\\/schema.org\",\"@graph\":[{\"@type\":\"Article\",\"@id\":\"https:\\\/\\\/offenbacher-friedensinitiative.de\\\/?p=11424#article\",\"isPartOf\":{\"@id\":\"https:\\\/\\\/offenbacher-friedensinitiative.de\\\/?p=11424\"},\"author\":{\"name\":\"OFI_WP\",\"@id\":\"https:\\\/\\\/offenbacher-friedensinitiative.de\\\/#\\\/schema\\\/person\\\/5ec566fcb70420f878023349a111f19f\"},\"headline\":\"Run soldier run\",\"datePublished\":\"2022-06-09T18:55:34+00:00\",\"dateModified\":\"2022-06-09T19:05:56+00:00\",\"mainEntityOfPage\":{\"@id\":\"https:\\\/\\\/offenbacher-friedensinitiative.de\\\/?p=11424\"},\"wordCount\":383,\"publisher\":{\"@id\":\"https:\\\/\\\/offenbacher-friedensinitiative.de\\\/#organization\"},\"image\":{\"@id\":\"https:\\\/\\\/offenbacher-friedensinitiative.de\\\/?p=11424#primaryimage\"},\"thumbnailUrl\":\"https:\\\/\\\/offenbacher-friedensinitiative.de\\\/wp-content\\\/uploads\\\/2022\\\/06\\\/Plakat_Offenbach-pdf.jpg\",\"articleSection\":[\"Aktionen\"],\"inLanguage\":\"de\"},{\"@type\":\"WebPage\",\"@id\":\"https:\\\/\\\/offenbacher-friedensinitiative.de\\\/?p=11424\",\"url\":\"https:\\\/\\\/offenbacher-friedensinitiative.de\\\/?p=11424\",\"name\":\"Run soldier run - Offenbacher FriedensInitiative - OFI\",\"isPartOf\":{\"@id\":\"https:\\\/\\\/offenbacher-friedensinitiative.de\\\/#website\"},\"primaryImageOfPage\":{\"@id\":\"https:\\\/\\\/offenbacher-friedensinitiative.de\\\/?p=11424#primaryimage\"},\"image\":{\"@id\":\"https:\\\/\\\/offenbacher-friedensinitiative.de\\\/?p=11424#primaryimage\"},\"thumbnailUrl\":\"https:\\\/\\\/offenbacher-friedensinitiative.de\\\/wp-content\\\/uploads\\\/2022\\\/06\\\/Plakat_Offenbach-pdf.jpg\",\"datePublished\":\"2022-06-09T18:55:34+00:00\",\"dateModified\":\"2022-06-09T19:05:56+00:00\",\"breadcrumb\":{\"@id\":\"https:\\\/\\\/offenbacher-friedensinitiative.de\\\/?p=11424#breadcrumb\"},\"inLanguage\":\"de\",\"potentialAction\":[{\"@type\":\"ReadAction\",\"target\":[\"https:\\\/\\\/offenbacher-friedensinitiative.de\\\/?p=11424\"]}]},{\"@type\":\"ImageObject\",\"inLanguage\":\"de\",\"@id\":\"https:\\\/\\\/offenbacher-friedensinitiative.de\\\/?p=11424#primaryimage\",\"url\":\"https:\\\/\\\/offenbacher-friedensinitiative.de\\\/wp-content\\\/uploads\\\/2022\\\/06\\\/Plakat_Offenbach-pdf.jpg\",\"contentUrl\":\"https:\\\/\\\/offenbacher-friedensinitiative.de\\\/wp-content\\\/uploads\\\/2022\\\/06\\\/Plakat_Offenbach-pdf.jpg\"},{\"@type\":\"BreadcrumbList\",\"@id\":\"https:\\\/\\\/offenbacher-friedensinitiative.de\\\/?p=11424#breadcrumb\",\"itemListElement\":[{\"@type\":\"ListItem\",\"position\":1,\"name\":\"Startseite\",\"item\":\"https:\\\/\\\/offenbacher-friedensinitiative.de\\\/\"},{\"@type\":\"ListItem\",\"position\":2,\"name\":\"Run soldier run\"}]},{\"@type\":\"WebSite\",\"@id\":\"https:\\\/\\\/offenbacher-friedensinitiative.de\\\/#website\",\"url\":\"https:\\\/\\\/offenbacher-friedensinitiative.de\\\/\",\"name\":\"Offenbacher FriedensInitiative\",\"description\":\"Abr\u00fcsten statt Aufr\u00fcsten |- Kriege beenden | R\u00fcstungsexporte stoppen\",\"publisher\":{\"@id\":\"https:\\\/\\\/offenbacher-friedensinitiative.de\\\/#organization\"},\"potentialAction\":[{\"@type\":\"SearchAction\",\"target\":{\"@type\":\"EntryPoint\",\"urlTemplate\":\"https:\\\/\\\/offenbacher-friedensinitiative.de\\\/?s={search_term_string}\"},\"query-input\":{\"@type\":\"PropertyValueSpecification\",\"valueRequired\":true,\"valueName\":\"search_term_string\"}}],\"inLanguage\":\"de\"},{\"@type\":\"Organization\",\"@id\":\"https:\\\/\\\/offenbacher-friedensinitiative.de\\\/#organization\",\"name\":\"Offenbacher Friedensinitiative\",\"url\":\"https:\\\/\\\/offenbacher-friedensinitiative.de\\\/\",\"logo\":{\"@type\":\"ImageObject\",\"inLanguage\":\"de\",\"@id\":\"https:\\\/\\\/offenbacher-friedensinitiative.de\\\/#\\\/schema\\\/logo\\\/image\\\/\",\"url\":\"https:\\\/\\\/offenbacher-friedensinitiative.de\\\/wp-content\\\/uploads\\\/2019\\\/03\\\/cropped-Transparen-logo.jpg\",\"contentUrl\":\"https:\\\/\\\/offenbacher-friedensinitiative.de\\\/wp-content\\\/uploads\\\/2019\\\/03\\\/cropped-Transparen-logo.jpg\",\"width\":1036,\"height\":227,\"caption\":\"Offenbacher Friedensinitiative\"},\"image\":{\"@id\":\"https:\\\/\\\/offenbacher-friedensinitiative.de\\\/#\\\/schema\\\/logo\\\/image\\\/\"}},{\"@type\":\"Person\",\"@id\":\"https:\\\/\\\/offenbacher-friedensinitiative.de\\\/#\\\/schema\\\/person\\\/5ec566fcb70420f878023349a111f19f\",\"name\":\"OFI_WP\"}]}<\/script>\n<!-- \/ Yoast SEO plugin. -->","yoast_head_json":{"title":"Run soldier run - Offenbacher FriedensInitiative - OFI","robots":{"index":"index","follow":"follow","max-snippet":"max-snippet:-1","max-image-preview":"max-image-preview:large","max-video-preview":"max-video-preview:-1"},"canonical":"https:\/\/offenbacher-friedensinitiative.de\/?p=11424","og_locale":"de_DE","og_type":"article","og_title":"Run soldier run - Offenbacher FriedensInitiative - OFI","og_description":"Szenische Lesung Vier Personen stehen f\u00fcr viele andere: Sie widersetzen sich dem Gehorsam, dem Milit\u00e4r, dem Krieg. In zwei Mal 45 Minuten Collage wechseln TalibWeiterlesen ...","og_url":"https:\/\/offenbacher-friedensinitiative.de\/?p=11424","og_site_name":"Offenbacher FriedensInitiative - OFI","article_published_time":"2022-06-09T18:55:34+00:00","article_modified_time":"2022-06-09T19:05:56+00:00","author":"OFI_WP","twitter_card":"summary_large_image","twitter_misc":{"Verfasst von":"OFI_WP","Gesch\u00e4tzte Lesezeit":"2\u00a0Minuten"},"schema":{"@context":"https:\/\/schema.org","@graph":[{"@type":"Article","@id":"https:\/\/offenbacher-friedensinitiative.de\/?p=11424#article","isPartOf":{"@id":"https:\/\/offenbacher-friedensinitiative.de\/?p=11424"},"author":{"name":"OFI_WP","@id":"https:\/\/offenbacher-friedensinitiative.de\/#\/schema\/person\/5ec566fcb70420f878023349a111f19f"},"headline":"Run soldier run","datePublished":"2022-06-09T18:55:34+00:00","dateModified":"2022-06-09T19:05:56+00:00","mainEntityOfPage":{"@id":"https:\/\/offenbacher-friedensinitiative.de\/?p=11424"},"wordCount":383,"publisher":{"@id":"https:\/\/offenbacher-friedensinitiative.de\/#organization"},"image":{"@id":"https:\/\/offenbacher-friedensinitiative.de\/?p=11424#primaryimage"},"thumbnailUrl":"https:\/\/offenbacher-friedensinitiative.de\/wp-content\/uploads\/2022\/06\/Plakat_Offenbach-pdf.jpg","articleSection":["Aktionen"],"inLanguage":"de"},{"@type":"WebPage","@id":"https:\/\/offenbacher-friedensinitiative.de\/?p=11424","url":"https:\/\/offenbacher-friedensinitiative.de\/?p=11424","name":"Run soldier run - Offenbacher FriedensInitiative - OFI","isPartOf":{"@id":"https:\/\/offenbacher-friedensinitiative.de\/#website"},"primaryImageOfPage":{"@id":"https:\/\/offenbacher-friedensinitiative.de\/?p=11424#primaryimage"},"image":{"@id":"https:\/\/offenbacher-friedensinitiative.de\/?p=11424#primaryimage"},"thumbnailUrl":"https:\/\/offenbacher-friedensinitiative.de\/wp-content\/uploads\/2022\/06\/Plakat_Offenbach-pdf.jpg","datePublished":"2022-06-09T18:55:34+00:00","dateModified":"2022-06-09T19:05:56+00:00","breadcrumb":{"@id":"https:\/\/offenbacher-friedensinitiative.de\/?p=11424#breadcrumb"},"inLanguage":"de","potentialAction":[{"@type":"ReadAction","target":["https:\/\/offenbacher-friedensinitiative.de\/?p=11424"]}]},{"@type":"ImageObject","inLanguage":"de","@id":"https:\/\/offenbacher-friedensinitiative.de\/?p=11424#primaryimage","url":"https:\/\/offenbacher-friedensinitiative.de\/wp-content\/uploads\/2022\/06\/Plakat_Offenbach-pdf.jpg","contentUrl":"https:\/\/offenbacher-friedensinitiative.de\/wp-content\/uploads\/2022\/06\/Plakat_Offenbach-pdf.jpg"},{"@type":"BreadcrumbList","@id":"https:\/\/offenbacher-friedensinitiative.de\/?p=11424#breadcrumb","itemListElement":[{"@type":"ListItem","position":1,"name":"Startseite","item":"https:\/\/offenbacher-friedensinitiative.de\/"},{"@type":"ListItem","position":2,"name":"Run soldier run"}]},{"@type":"WebSite","@id":"https:\/\/offenbacher-friedensinitiative.de\/#website","url":"https:\/\/offenbacher-friedensinitiative.de\/","name":"Offenbacher FriedensInitiative","description":"Abr\u00fcsten statt Aufr\u00fcsten |- Kriege beenden | R\u00fcstungsexporte stoppen","publisher":{"@id":"https:\/\/offenbacher-friedensinitiative.de\/#organization"},"potentialAction":[{"@type":"SearchAction","target":{"@type":"EntryPoint","urlTemplate":"https:\/\/offenbacher-friedensinitiative.de\/?s={search_term_string}"},"query-input":{"@type":"PropertyValueSpecification","valueRequired":true,"valueName":"search_term_string"}}],"inLanguage":"de"},{"@type":"Organization","@id":"https:\/\/offenbacher-friedensinitiative.de\/#organization","name":"Offenbacher Friedensinitiative","url":"https:\/\/offenbacher-friedensinitiative.de\/","logo":{"@type":"ImageObject","inLanguage":"de","@id":"https:\/\/offenbacher-friedensinitiative.de\/#\/schema\/logo\/image\/","url":"https:\/\/offenbacher-friedensinitiative.de\/wp-content\/uploads\/2019\/03\/cropped-Transparen-logo.jpg","contentUrl":"https:\/\/offenbacher-friedensinitiative.de\/wp-content\/uploads\/2019\/03\/cropped-Transparen-logo.jpg","width":1036,"height":227,"caption":"Offenbacher Friedensinitiative"},"image":{"@id":"https:\/\/offenbacher-friedensinitiative.de\/#\/schema\/logo\/image\/"}},{"@type":"Person","@id":"https:\/\/offenbacher-friedensinitiative.de\/#\/schema\/person\/5ec566fcb70420f878023349a111f19f","name":"OFI_WP"}]}},"_links":{"self":[{"href":"https:\/\/offenbacher-friedensinitiative.de\/index.php?rest_route=\/wp\/v2\/posts\/11424","targetHints":{"allow":["GET"]}}],"collection":[{"href":"https:\/\/offenbacher-friedensinitiative.de\/index.php?rest_route=\/wp\/v2\/posts"}],"about":[{"href":"https:\/\/offenbacher-friedensinitiative.de\/index.php?rest_route=\/wp\/v2\/types\/post"}],"author":[{"embeddable":true,"href":"https:\/\/offenbacher-friedensinitiative.de\/index.php?rest_route=\/wp\/v2\/users\/1"}],"replies":[{"embeddable":true,"href":"https:\/\/offenbacher-friedensinitiative.de\/index.php?rest_route=%2Fwp%2Fv2%2Fcomments&post=11424"}],"version-history":[{"count":2,"href":"https:\/\/offenbacher-friedensinitiative.de\/index.php?rest_route=\/wp\/v2\/posts\/11424\/revisions"}],"predecessor-version":[{"id":11430,"href":"https:\/\/offenbacher-friedensinitiative.de\/index.php?rest_route=\/wp\/v2\/posts\/11424\/revisions\/11430"}],"wp:featuredmedia":[{"embeddable":true,"href":"https:\/\/offenbacher-friedensinitiative.de\/index.php?rest_route=\/wp\/v2\/media\/11425"}],"wp:attachment":[{"href":"https:\/\/offenbacher-friedensinitiative.de\/index.php?rest_route=%2Fwp%2Fv2%2Fmedia&parent=11424"}],"wp:term":[{"taxonomy":"category","embeddable":true,"href":"https:\/\/offenbacher-friedensinitiative.de\/index.php?rest_route=%2Fwp%2Fv2%2Fcategories&post=11424"},{"taxonomy":"post_tag","embeddable":true,"href":"https:\/\/offenbacher-friedensinitiative.de\/index.php?rest_route=%2Fwp%2Fv2%2Ftags&post=11424"}],"curies":[{"name":"wp","href":"https:\/\/api.w.org\/{rel}","templated":true}]}}