{"id":11455,"date":"2022-08-10T11:03:14","date_gmt":"2022-08-10T09:03:14","guid":{"rendered":"https:\/\/offenbacher-friedensinitiative.de\/?p=11455"},"modified":"2022-08-10T11:17:01","modified_gmt":"2022-08-10T09:17:01","slug":"hiroshima-gedenken-2022","status":"publish","type":"post","link":"https:\/\/offenbacher-friedensinitiative.de\/?p=11455","title":{"rendered":"Hiroshima-Gedenken 2022"},"content":{"rendered":"<div id=\"pl-11455\"  class=\"panel-layout\" ><div id=\"pg-11455-0\"  class=\"panel-grid panel-no-style\" ><div id=\"pgc-11455-0-0\"  class=\"panel-grid-cell\" ><div id=\"panel-11455-0-0-0\" class=\"so-panel widget widget_sow-editor panel-first-child\" data-index=\"0\" ><div class=\"panel-widget-style panel-widget-style-for-11455-0-0-0\" ><div\n\t\t\t\n\t\t\tclass=\"so-widget-sow-editor so-widget-sow-editor-base\"\n\t\t\t\n\t\t>\n<div class=\"siteorigin-widget-tinymce textwidget\">\n\t<p>Unserer Einladung zum Gedenken an die Opfer von Hiroshima und Nagasaki sind weit \u00fcber hundert Menschen gefolgt.<\/p>\n<p>Im ersten Teil des Abends haben wir uns vor allem mit der Mahnung besch\u00e4ftigt, die von dem Tod der hunderttausenden unschuldigen Menschen ausgeht.<\/p>\n<p>Der Oberb\u00fcrgermeister der Stadt Offenbach, Dr. Felix Schwenke, hatte dankenswerterweise die Schirmherrschaft f\u00fcr unsere Veranstaltung \u00fcbernommen. In seinem Gru\u00dfwort hat er sie als eine notwendige Initiative herausgestellt. Das Gru\u00dfwort wurde von Emma Gros (SPD \/ OFI) vorgelesen.<\/p>\n<p>Was ist im August 1945 passiert? Matthias Jochheim (IPPNW) hat in seinem Redebeitrag von dem Horrorszenario berichtet und damit die Forderungen nach einem Verbot der Atomwaffen unterstrichen. Naisan Raji (LINKE<span style=\"font-size: large;\">) f\u00fchrte uns<\/span> die verpassten Chancen f\u00fcr R\u00fcstungsbegrenzung vor Augen. Sie berichtete von den jeweils und nacheinander von den USA gek\u00fcndigten Vertr\u00e4gen.<\/p>\n<p><b>Die Versammlung begr\u00fc\u00dfte die Forderung nach Abzug der Atombomben aus B\u00fcchel mit Applaus. Wir fordern von der Bundesregierung die Aufk\u00fcndigung der sogenannten atomaren Teilhabe. Deutschland muss dem Atomwaffenverbotsvertrag beitreten.<\/b><\/p>\n<p>Christa F\u00fchrer-R\u00f6\u00dfmann (OFI) las einen Text von 1952 von B. Brecht \u201eDas Ged\u00e4chtnis der Menschheit f\u00fcr erduldete Leiden\u2026\u201c Der Text ist nicht neu und wurde trotzdem von Zuh\u00f6rern als sehr aktuell empfunden.<\/p>\n<p>Auch die Band Strohfeuerexpress, die den Abend musikalisch begleitete, hat in ihren Texten den Wunsch der Menschen nach Frieden aufgegriffen. Nora Kral hat sogar ein Lied zu Hiroshima extra f\u00fcr den Abend komponiert. Vielen Dank daf\u00fcr!<\/p>\n<p>Brigitte Bach-Grass (DGB \/ OFI) f\u00fchrte durch das Programm. Sie dankte den unterst\u00fctzenden \u00f6rtlichen Organisationen: DFG-VK, DGB, DIE LINKE, DKP, SPD, Heinrich-Heine-Club, IPPNW, NaturFreunde, ver.di und VVN-BdA.<\/p>\n<p>Zum Abschluss wurden von den TeilnehmerInnen der Veranstaltung wieder Laternen in das Wasser des Hafenbeckens gesetzt. Das entspricht dem Brauch in Japan, mit dem an die Opfer erinnert wird.<\/p>\n<\/div>\n<\/div><\/div><\/div><div id=\"panel-11455-0-0-1\" class=\"so-panel widget widget_sow-editor panel-last-child\" data-index=\"1\" ><div class=\"panel-widget-style panel-widget-style-for-11455-0-0-1\" ><div\n\t\t\t\n\t\t\tclass=\"so-widget-sow-editor so-widget-sow-editor-base\"\n\t\t\t\n\t\t>\n<div class=\"siteorigin-widget-tinymce textwidget\">\n\t<p><a href=\"https:\/\/offenbacher-friedensinitiative.de\/wp-content\/uploads\/wppa-source\/album-35\/Grusswort-von-Oberbuergermeister-Dr.-Felix-Schwenke.pdf\" target=\"_blank\" rel=\"noopener\">Grusswort Oberbuergermeister Dr. Felix Schwenke<\/a><br \/>\n<a href=\"https:\/\/offenbacher-friedensinitiative.de\/wp-content\/uploads\/wppa-source\/album-35\/Matthias-Jochheim.pdf\" target=\"_blank\" rel=\"noopener\">Beitrag Matthias Jochheim<\/a><br \/>\n<a href=\"https:\/\/offenbacher-friedensinitiative.de\/wp-content\/uploads\/wppa-source\/album-35\/Beitrag_Naisan-Raji.pdf\" target=\"_blank\" rel=\"noopener\">Beitrag Naisan-Raji<\/a><\/p>\n<\/div>\n<\/div><\/div><\/div><\/div><\/div><div id=\"pg-11455-1\"  class=\"panel-grid panel-no-style\" ><div id=\"pgc-11455-1-0\"  class=\"panel-grid-cell\" ><div id=\"panel-11455-1-0-0\" class=\"so-panel widget widget_sow-editor panel-first-child panel-last-child\" data-index=\"2\" ><div\n\t\t\t\n\t\t\tclass=\"so-widget-sow-editor so-widget-sow-editor-base\"\n\t\t\t\n\t\t>\n<div class=\"siteorigin-widget-tinymce textwidget\">\n\t \n<!-- Start container 1 --><div id=\"wppa-modal-container-1\" class=\"wppa-modal-container\" style=\"position:relative;z-index:100000;\" data-wppa=\"yes\" ontouchmove=\"event.stopPropagation();\"><\/div><div id=\"wppa-container-wrapper-1\" class=\"alignnone wppa-container-wrapper \" style=\"width:100%;clear:both;padding:0;position:relative;\"><div id=\"wppa-container-1\" style=\"width:100%;\" class=\"wppa-container wppa-container-1 wppa-rev-9112007 wppa-prevrev-9111001 wppa-theme-9.1.12.007 wppa-api-9.1.12.007\"><svg id=\"wppa-ajax-spin-1\" class=\"wppa-ajax-spin uil-default\" width=\"120px\" height=\"120px\" viewBox=\"0 0 135 135\" preserveAspectRatio=\"xMidYMid\" stroke=\"\" style=\"width:120px; height:120px; position:fixed; top:50%; margin-top:-60px; left:50%; margin-left:-60px; opacity:1; display:none; fill:#666666; background-color:transparent; border-radius:24px;\"><path d=\"M67.447 58c5.523 0 10-4.477 10-10s-4.477-10-10-10-10 4.477-10 10 4.477 10 10 10zm9.448 9.447c0 5.523 4.477 10 10 10 5.522 0 10-4.477 10-10s-4.478-10-10-10c-5.523 0-10 4.477-10 10zm-9.448 9.448c-5.523 0-10 4.477-10 10 0 5.522 4.477 10 10 10s10-4.478 10-10c0-5.523-4.477-10-10-10zM58 67.447c0-5.523-4.477-10-10-10s-10 4.477-10 10 4.477 10 10 10 10-4.477 10-10z\"><animateTransform attributeName=\"transform\" type=\"rotate\" from=\"0 67 67\" to=\"-360 67 67\" dur=\"2.5s\" repeatCount=\"indefinite\" ><\/path><path d=\"M28.19 40.31c6.627 0 12-5.374 12-12 0-6.628-5.373-12-12-12-6.628 0-12 5.372-12 12 0 6.626 5.372 12 12 12zm30.72-19.825c4.686 4.687 12.284 4.687 16.97 0 4.686-4.686 4.686-12.284 0-16.97-4.686-4.687-12.284-4.687-16.97 0-4.687 4.686-4.687 12.284 0 16.97zm35.74 7.705c0 6.627 5.37 12 12 12 6.626 0 12-5.373 12-12 0-6.628-5.374-12-12-12-6.63 0-12 5.372-12 12zm19.822 30.72c-4.686 4.686-4.686 12.284 0 16.97 4.687 4.686 12.285 4.686 16.97 0 4.687-4.686 4.687-12.284 0-16.97-4.685-4.687-12.283-4.687-16.97 0zm-7.704 35.74c-6.627 0-12 5.37-12 12 0 6.626 5.373 12 12 12s12-5.374 12-12c0-6.63-5.373-12-12-12zm-30.72 19.822c-4.686-4.686-12.284-4.686-16.97 0-4.686 4.687-4.686 12.285 0 16.97 4.686 4.687 12.284 4.687 16.97 0 4.687-4.685 4.687-12.283 0-16.97zm-35.74-7.704c0-6.627-5.372-12-12-12-6.626 0-12 5.373-12 12s5.374 12 12 12c6.628 0 12-5.373 12-12zm-19.823-30.72c4.687-4.686 4.687-12.284 0-16.97-4.686-4.686-12.284-4.686-16.97 0-4.687 4.686-4.687 12.284 0 16.97 4.686 4.687 12.284 4.687 16.97 0z\"><animateTransform attributeName=\"transform\" type=\"rotate\" from=\"0 67 67\" to=\"360 67 67\" dur=\"8s\" repeatCount=\"indefinite\" ><\/path><\/svg><input type=\"hidden\" id=\"wppa-nonce-0-1\" name=\"wppa-nonce\" value=\"aebc4bea98\" ><div style=\"clear:both;\"><\/div><div id=\"wppa-container-1-end\"><\/div><\/div><\/div>\n<!-- End [wppa type=\"content\" album=\"41\" cache=\"inf\" delay=\"yes\"] \/index.php?rest_route=%2Fwp%2Fv2%2Fposts%2F11455 oc 1 0 queries in 0.4 ms. at 10:30. Max mem: 112.00 Mb. (delayed) -->\n<p style=\"text-align: center;\"><span style=\"font-size: 10pt;\">\u00a9 Fotografien: <a href=\"http:\/\/photo-auge.de\" target=\"_blank\" rel=\"noopener\">Manfred R\u00f6\u00dfmann<\/a><br \/>\n<\/span><\/p>\n<p>&nbsp;<\/p>\n<\/div>\n<\/div><\/div><\/div><\/div><\/div>","protected":false},"excerpt":{"rendered":"<p>Unserer Einladung zum Gedenken an die Opfer von Hiroshima und Nagasaki sind weit \u00fcber hundert Menschen gefolgt. Im ersten Teil des Abends haben wir uns<span class=\"more-link\"><a href=\"https:\/\/offenbacher-friedensinitiative.de\/?p=11455\">Weiterlesen &#8230;<\/a><\/span><\/p>\n","protected":false},"author":1,"featured_media":11460,"comment_status":"closed","ping_status":"closed","sticky":false,"template":"","format":"standard","meta":{"footnotes":""},"categories":[5,56,62],"tags":[],"class_list":["entry","author-ofi_wp","post-11455","post","type-post","status-publish","format-standard","has-post-thumbnail","category-aktionen","category-offenbach","category-veranstaltung"],"yoast_head":"<!-- This site is optimized with the Yoast SEO plugin v27.5 - https:\/\/yoast.com\/product\/yoast-seo-wordpress\/ -->\n<title>Hiroshima-Gedenken 2022 - Offenbacher FriedensInitiative - OFI<\/title>\n<meta name=\"description\" content=\"Unserer Einladung zum Gedenken an die Opfer von Hiroshima und Nagasaki sind weit \u00fcber hundert Menschen gefolgt.\" \/>\n<meta name=\"robots\" content=\"index, follow, max-snippet:-1, max-image-preview:large, max-video-preview:-1\" \/>\n<link rel=\"canonical\" href=\"https:\/\/offenbacher-friedensinitiative.de\/?p=11455\" \/>\n<meta property=\"og:locale\" content=\"de_DE\" \/>\n<meta property=\"og:type\" content=\"article\" \/>\n<meta property=\"og:title\" content=\"Hiroshima-Gedenken 2022 - Offenbacher FriedensInitiative - OFI\" \/>\n<meta property=\"og:description\" content=\"Unserer Einladung zum Gedenken an die Opfer von Hiroshima und Nagasaki sind weit \u00fcber hundert Menschen gefolgt.\" \/>\n<meta property=\"og:url\" content=\"https:\/\/offenbacher-friedensinitiative.de\/?p=11455\" \/>\n<meta property=\"og:site_name\" content=\"Offenbacher FriedensInitiative - OFI\" \/>\n<meta property=\"article:published_time\" content=\"2022-08-10T09:03:14+00:00\" \/>\n<meta property=\"article:modified_time\" content=\"2022-08-10T09:17:01+00:00\" \/>\n<meta property=\"og:image\" content=\"https:\/\/offenbacher-friedensinitiative.de\/wp-content\/uploads\/2022\/08\/Laterne-wird-eingesetzt.jpg\" \/>\n\t<meta property=\"og:image:width\" content=\"1000\" \/>\n\t<meta property=\"og:image:height\" content=\"500\" \/>\n\t<meta property=\"og:image:type\" content=\"image\/jpeg\" \/>\n<meta name=\"author\" content=\"OFI_WP\" \/>\n<meta name=\"twitter:card\" content=\"summary_large_image\" \/>\n<meta name=\"twitter:label1\" content=\"Verfasst von\" \/>\n\t<meta name=\"twitter:data1\" content=\"OFI_WP\" \/>\n\t<meta name=\"twitter:label2\" content=\"Gesch\u00e4tzte Lesezeit\" \/>\n\t<meta name=\"twitter:data2\" content=\"2\u00a0Minuten\" \/>\n<script type=\"application\/ld+json\" class=\"yoast-schema-graph\">{\"@context\":\"https:\\\/\\\/schema.org\",\"@graph\":[{\"@type\":\"Article\",\"@id\":\"https:\\\/\\\/offenbacher-friedensinitiative.de\\\/?p=11455#article\",\"isPartOf\":{\"@id\":\"https:\\\/\\\/offenbacher-friedensinitiative.de\\\/?p=11455\"},\"author\":{\"name\":\"OFI_WP\",\"@id\":\"https:\\\/\\\/offenbacher-friedensinitiative.de\\\/#\\\/schema\\\/person\\\/5ec566fcb70420f878023349a111f19f\"},\"headline\":\"Hiroshima-Gedenken 2022\",\"datePublished\":\"2022-08-10T09:03:14+00:00\",\"dateModified\":\"2022-08-10T09:17:01+00:00\",\"mainEntityOfPage\":{\"@id\":\"https:\\\/\\\/offenbacher-friedensinitiative.de\\\/?p=11455\"},\"wordCount\":324,\"publisher\":{\"@id\":\"https:\\\/\\\/offenbacher-friedensinitiative.de\\\/#organization\"},\"image\":{\"@id\":\"https:\\\/\\\/offenbacher-friedensinitiative.de\\\/?p=11455#primaryimage\"},\"thumbnailUrl\":\"https:\\\/\\\/offenbacher-friedensinitiative.de\\\/wp-content\\\/uploads\\\/2022\\\/08\\\/Laterne-wird-eingesetzt.jpg\",\"articleSection\":[\"Aktionen\",\"Offenbach\",\"Veranstaltung\"],\"inLanguage\":\"de\"},{\"@type\":\"WebPage\",\"@id\":\"https:\\\/\\\/offenbacher-friedensinitiative.de\\\/?p=11455\",\"url\":\"https:\\\/\\\/offenbacher-friedensinitiative.de\\\/?p=11455\",\"name\":\"Hiroshima-Gedenken 2022 - Offenbacher FriedensInitiative - OFI\",\"isPartOf\":{\"@id\":\"https:\\\/\\\/offenbacher-friedensinitiative.de\\\/#website\"},\"primaryImageOfPage\":{\"@id\":\"https:\\\/\\\/offenbacher-friedensinitiative.de\\\/?p=11455#primaryimage\"},\"image\":{\"@id\":\"https:\\\/\\\/offenbacher-friedensinitiative.de\\\/?p=11455#primaryimage\"},\"thumbnailUrl\":\"https:\\\/\\\/offenbacher-friedensinitiative.de\\\/wp-content\\\/uploads\\\/2022\\\/08\\\/Laterne-wird-eingesetzt.jpg\",\"datePublished\":\"2022-08-10T09:03:14+00:00\",\"dateModified\":\"2022-08-10T09:17:01+00:00\",\"description\":\"Unserer Einladung zum Gedenken an die Opfer von Hiroshima und Nagasaki sind weit \u00fcber hundert Menschen gefolgt.\",\"breadcrumb\":{\"@id\":\"https:\\\/\\\/offenbacher-friedensinitiative.de\\\/?p=11455#breadcrumb\"},\"inLanguage\":\"de\",\"potentialAction\":[{\"@type\":\"ReadAction\",\"target\":[\"https:\\\/\\\/offenbacher-friedensinitiative.de\\\/?p=11455\"]}]},{\"@type\":\"ImageObject\",\"inLanguage\":\"de\",\"@id\":\"https:\\\/\\\/offenbacher-friedensinitiative.de\\\/?p=11455#primaryimage\",\"url\":\"https:\\\/\\\/offenbacher-friedensinitiative.de\\\/wp-content\\\/uploads\\\/2022\\\/08\\\/Laterne-wird-eingesetzt.jpg\",\"contentUrl\":\"https:\\\/\\\/offenbacher-friedensinitiative.de\\\/wp-content\\\/uploads\\\/2022\\\/08\\\/Laterne-wird-eingesetzt.jpg\",\"width\":1000,\"height\":500},{\"@type\":\"BreadcrumbList\",\"@id\":\"https:\\\/\\\/offenbacher-friedensinitiative.de\\\/?p=11455#breadcrumb\",\"itemListElement\":[{\"@type\":\"ListItem\",\"position\":1,\"name\":\"Startseite\",\"item\":\"https:\\\/\\\/offenbacher-friedensinitiative.de\\\/\"},{\"@type\":\"ListItem\",\"position\":2,\"name\":\"Hiroshima-Gedenken 2022\"}]},{\"@type\":\"WebSite\",\"@id\":\"https:\\\/\\\/offenbacher-friedensinitiative.de\\\/#website\",\"url\":\"https:\\\/\\\/offenbacher-friedensinitiative.de\\\/\",\"name\":\"Offenbacher FriedensInitiative\",\"description\":\"Abr\u00fcsten statt Aufr\u00fcsten |- Kriege beenden | R\u00fcstungsexporte stoppen\",\"publisher\":{\"@id\":\"https:\\\/\\\/offenbacher-friedensinitiative.de\\\/#organization\"},\"potentialAction\":[{\"@type\":\"SearchAction\",\"target\":{\"@type\":\"EntryPoint\",\"urlTemplate\":\"https:\\\/\\\/offenbacher-friedensinitiative.de\\\/?s={search_term_string}\"},\"query-input\":{\"@type\":\"PropertyValueSpecification\",\"valueRequired\":true,\"valueName\":\"search_term_string\"}}],\"inLanguage\":\"de\"},{\"@type\":\"Organization\",\"@id\":\"https:\\\/\\\/offenbacher-friedensinitiative.de\\\/#organization\",\"name\":\"Offenbacher Friedensinitiative\",\"url\":\"https:\\\/\\\/offenbacher-friedensinitiative.de\\\/\",\"logo\":{\"@type\":\"ImageObject\",\"inLanguage\":\"de\",\"@id\":\"https:\\\/\\\/offenbacher-friedensinitiative.de\\\/#\\\/schema\\\/logo\\\/image\\\/\",\"url\":\"https:\\\/\\\/offenbacher-friedensinitiative.de\\\/wp-content\\\/uploads\\\/2019\\\/03\\\/cropped-Transparen-logo.jpg\",\"contentUrl\":\"https:\\\/\\\/offenbacher-friedensinitiative.de\\\/wp-content\\\/uploads\\\/2019\\\/03\\\/cropped-Transparen-logo.jpg\",\"width\":1036,\"height\":227,\"caption\":\"Offenbacher Friedensinitiative\"},\"image\":{\"@id\":\"https:\\\/\\\/offenbacher-friedensinitiative.de\\\/#\\\/schema\\\/logo\\\/image\\\/\"}},{\"@type\":\"Person\",\"@id\":\"https:\\\/\\\/offenbacher-friedensinitiative.de\\\/#\\\/schema\\\/person\\\/5ec566fcb70420f878023349a111f19f\",\"name\":\"OFI_WP\"}]}<\/script>\n<!-- \/ Yoast SEO plugin. -->","yoast_head_json":{"title":"Hiroshima-Gedenken 2022 - Offenbacher FriedensInitiative - OFI","description":"Unserer Einladung zum Gedenken an die Opfer von Hiroshima und Nagasaki sind weit \u00fcber hundert Menschen gefolgt.","robots":{"index":"index","follow":"follow","max-snippet":"max-snippet:-1","max-image-preview":"max-image-preview:large","max-video-preview":"max-video-preview:-1"},"canonical":"https:\/\/offenbacher-friedensinitiative.de\/?p=11455","og_locale":"de_DE","og_type":"article","og_title":"Hiroshima-Gedenken 2022 - Offenbacher FriedensInitiative - OFI","og_description":"Unserer Einladung zum Gedenken an die Opfer von Hiroshima und Nagasaki sind weit \u00fcber hundert Menschen gefolgt.","og_url":"https:\/\/offenbacher-friedensinitiative.de\/?p=11455","og_site_name":"Offenbacher FriedensInitiative - OFI","article_published_time":"2022-08-10T09:03:14+00:00","article_modified_time":"2022-08-10T09:17:01+00:00","og_image":[{"width":1000,"height":500,"url":"https:\/\/offenbacher-friedensinitiative.de\/wp-content\/uploads\/2022\/08\/Laterne-wird-eingesetzt.jpg","type":"image\/jpeg"}],"author":"OFI_WP","twitter_card":"summary_large_image","twitter_misc":{"Verfasst von":"OFI_WP","Gesch\u00e4tzte Lesezeit":"2\u00a0Minuten"},"schema":{"@context":"https:\/\/schema.org","@graph":[{"@type":"Article","@id":"https:\/\/offenbacher-friedensinitiative.de\/?p=11455#article","isPartOf":{"@id":"https:\/\/offenbacher-friedensinitiative.de\/?p=11455"},"author":{"name":"OFI_WP","@id":"https:\/\/offenbacher-friedensinitiative.de\/#\/schema\/person\/5ec566fcb70420f878023349a111f19f"},"headline":"Hiroshima-Gedenken 2022","datePublished":"2022-08-10T09:03:14+00:00","dateModified":"2022-08-10T09:17:01+00:00","mainEntityOfPage":{"@id":"https:\/\/offenbacher-friedensinitiative.de\/?p=11455"},"wordCount":324,"publisher":{"@id":"https:\/\/offenbacher-friedensinitiative.de\/#organization"},"image":{"@id":"https:\/\/offenbacher-friedensinitiative.de\/?p=11455#primaryimage"},"thumbnailUrl":"https:\/\/offenbacher-friedensinitiative.de\/wp-content\/uploads\/2022\/08\/Laterne-wird-eingesetzt.jpg","articleSection":["Aktionen","Offenbach","Veranstaltung"],"inLanguage":"de"},{"@type":"WebPage","@id":"https:\/\/offenbacher-friedensinitiative.de\/?p=11455","url":"https:\/\/offenbacher-friedensinitiative.de\/?p=11455","name":"Hiroshima-Gedenken 2022 - Offenbacher FriedensInitiative - OFI","isPartOf":{"@id":"https:\/\/offenbacher-friedensinitiative.de\/#website"},"primaryImageOfPage":{"@id":"https:\/\/offenbacher-friedensinitiative.de\/?p=11455#primaryimage"},"image":{"@id":"https:\/\/offenbacher-friedensinitiative.de\/?p=11455#primaryimage"},"thumbnailUrl":"https:\/\/offenbacher-friedensinitiative.de\/wp-content\/uploads\/2022\/08\/Laterne-wird-eingesetzt.jpg","datePublished":"2022-08-10T09:03:14+00:00","dateModified":"2022-08-10T09:17:01+00:00","description":"Unserer Einladung zum Gedenken an die Opfer von Hiroshima und Nagasaki sind weit \u00fcber hundert Menschen gefolgt.","breadcrumb":{"@id":"https:\/\/offenbacher-friedensinitiative.de\/?p=11455#breadcrumb"},"inLanguage":"de","potentialAction":[{"@type":"ReadAction","target":["https:\/\/offenbacher-friedensinitiative.de\/?p=11455"]}]},{"@type":"ImageObject","inLanguage":"de","@id":"https:\/\/offenbacher-friedensinitiative.de\/?p=11455#primaryimage","url":"https:\/\/offenbacher-friedensinitiative.de\/wp-content\/uploads\/2022\/08\/Laterne-wird-eingesetzt.jpg","contentUrl":"https:\/\/offenbacher-friedensinitiative.de\/wp-content\/uploads\/2022\/08\/Laterne-wird-eingesetzt.jpg","width":1000,"height":500},{"@type":"BreadcrumbList","@id":"https:\/\/offenbacher-friedensinitiative.de\/?p=11455#breadcrumb","itemListElement":[{"@type":"ListItem","position":1,"name":"Startseite","item":"https:\/\/offenbacher-friedensinitiative.de\/"},{"@type":"ListItem","position":2,"name":"Hiroshima-Gedenken 2022"}]},{"@type":"WebSite","@id":"https:\/\/offenbacher-friedensinitiative.de\/#website","url":"https:\/\/offenbacher-friedensinitiative.de\/","name":"Offenbacher FriedensInitiative","description":"Abr\u00fcsten statt Aufr\u00fcsten |- Kriege beenden | R\u00fcstungsexporte stoppen","publisher":{"@id":"https:\/\/offenbacher-friedensinitiative.de\/#organization"},"potentialAction":[{"@type":"SearchAction","target":{"@type":"EntryPoint","urlTemplate":"https:\/\/offenbacher-friedensinitiative.de\/?s={search_term_string}"},"query-input":{"@type":"PropertyValueSpecification","valueRequired":true,"valueName":"search_term_string"}}],"inLanguage":"de"},{"@type":"Organization","@id":"https:\/\/offenbacher-friedensinitiative.de\/#organization","name":"Offenbacher Friedensinitiative","url":"https:\/\/offenbacher-friedensinitiative.de\/","logo":{"@type":"ImageObject","inLanguage":"de","@id":"https:\/\/offenbacher-friedensinitiative.de\/#\/schema\/logo\/image\/","url":"https:\/\/offenbacher-friedensinitiative.de\/wp-content\/uploads\/2019\/03\/cropped-Transparen-logo.jpg","contentUrl":"https:\/\/offenbacher-friedensinitiative.de\/wp-content\/uploads\/2019\/03\/cropped-Transparen-logo.jpg","width":1036,"height":227,"caption":"Offenbacher Friedensinitiative"},"image":{"@id":"https:\/\/offenbacher-friedensinitiative.de\/#\/schema\/logo\/image\/"}},{"@type":"Person","@id":"https:\/\/offenbacher-friedensinitiative.de\/#\/schema\/person\/5ec566fcb70420f878023349a111f19f","name":"OFI_WP"}]}},"_links":{"self":[{"href":"https:\/\/offenbacher-friedensinitiative.de\/index.php?rest_route=\/wp\/v2\/posts\/11455","targetHints":{"allow":["GET"]}}],"collection":[{"href":"https:\/\/offenbacher-friedensinitiative.de\/index.php?rest_route=\/wp\/v2\/posts"}],"about":[{"href":"https:\/\/offenbacher-friedensinitiative.de\/index.php?rest_route=\/wp\/v2\/types\/post"}],"author":[{"embeddable":true,"href":"https:\/\/offenbacher-friedensinitiative.de\/index.php?rest_route=\/wp\/v2\/users\/1"}],"replies":[{"embeddable":true,"href":"https:\/\/offenbacher-friedensinitiative.de\/index.php?rest_route=%2Fwp%2Fv2%2Fcomments&post=11455"}],"version-history":[{"count":8,"href":"https:\/\/offenbacher-friedensinitiative.de\/index.php?rest_route=\/wp\/v2\/posts\/11455\/revisions"}],"predecessor-version":[{"id":11469,"href":"https:\/\/offenbacher-friedensinitiative.de\/index.php?rest_route=\/wp\/v2\/posts\/11455\/revisions\/11469"}],"wp:featuredmedia":[{"embeddable":true,"href":"https:\/\/offenbacher-friedensinitiative.de\/index.php?rest_route=\/wp\/v2\/media\/11460"}],"wp:attachment":[{"href":"https:\/\/offenbacher-friedensinitiative.de\/index.php?rest_route=%2Fwp%2Fv2%2Fmedia&parent=11455"}],"wp:term":[{"taxonomy":"category","embeddable":true,"href":"https:\/\/offenbacher-friedensinitiative.de\/index.php?rest_route=%2Fwp%2Fv2%2Fcategories&post=11455"},{"taxonomy":"post_tag","embeddable":true,"href":"https:\/\/offenbacher-friedensinitiative.de\/index.php?rest_route=%2Fwp%2Fv2%2Ftags&post=11455"}],"curies":[{"name":"wp","href":"https:\/\/api.w.org\/{rel}","templated":true}]}}