{"id":11482,"date":"2022-09-05T16:43:02","date_gmt":"2022-09-05T14:43:02","guid":{"rendered":"https:\/\/offenbacher-friedensinitiative.de\/?p=11482"},"modified":"2022-09-06T09:08:16","modified_gmt":"2022-09-06T07:08:16","slug":"antikriegstag-2022","status":"publish","type":"post","link":"https:\/\/offenbacher-friedensinitiative.de\/?p=11482","title":{"rendered":"Antikriegstag 2022"},"content":{"rendered":"<div id=\"pl-11482\"  class=\"panel-layout\" ><div id=\"pg-11482-0\"  class=\"panel-grid panel-no-style\" ><div id=\"pgc-11482-0-0\"  class=\"panel-grid-cell\" ><div id=\"panel-11482-0-0-0\" class=\"so-panel widget widget_sow-editor panel-first-child panel-last-child\" data-index=\"0\" ><div class=\"panel-widget-style panel-widget-style-for-11482-0-0-0\" ><div\n\t\t\t\n\t\t\tclass=\"so-widget-sow-editor so-widget-sow-editor-base\"\n\t\t\t\n\t\t>\n<div class=\"siteorigin-widget-tinymce textwidget\">\n\t<p>Am 1.9.1939 \u00fcberfiel Nazi-Deutschland Polen. Damit begann der zweite Weltkrieg und daran erinnert die Friedensbewegung, und in diesem Fall der DGB als Veranstalter, j\u00e4hrlich. Das Gedenken an die Opfer ist in Offenbach stets Teil der Veranstaltung.<\/p>\n<p>Dieses Jahr ist nat\u00fcrlich besonders. Der Krieg in der Ukraine dauert nun schon ein halbes Jahr. Es wird geschossen und gestorben. Haben wir uns daran gew\u00f6hnt? In Regierungskreisen scheint man keine Ahnung zu haben, was eine jahrelanger Krieg f\u00fcr die Ukrainer und f\u00fcr uns bedeutet. Die Erinnerung an Deutschlands Zustand nach dem letzten Weltkrieg scheint keine Mahnung mehr zu sein. Die Sanktionen m\u00fcssen weiter durchgehalten werden, egal wie es der deutschen und der Weltbev\u00f6lkerung damit geht. Viele Menschen haben Angst vor dem Winter und den ansteigenden Energiekosten. Die Militarisierung der Welt nimmt zu. \u00dcber den Klimawandel konnten wir durch die D\u00fcrre bei uns Schlimmes, Neues lernen. Ganz zu schweigen von den Millionen Opfer der \u00dcberschwemmungen in Pakistan.<\/p>\n<p>Und zur Kundgebung zum Antikriegstag kommen nur 30 Menschen? Wir haben ger\u00e4tselt ohne Ergebnis. Sicher dr\u00fcckt das Gef\u00fchl der Ohnmacht. Und sicher haben sich viele noch nicht klargemacht, dass auch der Klimawandel und die Politik der Hochr\u00fcstung und der Kriegstreiberei zusammenh\u00e4ngen.<\/p>\n<p>Die Menschen bei der Kundgebung waren jedenfalls konzentriert bei der Sache. Wir waren uns einig,dass wir nicht aufgeben.<br \/>\nFranz Gaidosch stimmte mit Gesang ein.<br \/>\nChrista F\u00fchrer-R\u00f6\u00dfmann (OFI) legte die Schwerpunkte ihrer Rede auf die Fragen 1) <i>Verhandeln oder schie\u00dfen<\/i> und 2) <i>Der Zusammenhang zwischen der Klimakrise und Krie<\/i>g.<br \/>\nAstrid Ost (Heinrich-Heine-Club) sprach sich f\u00fcr ein Atomwaffenverbot aus.<br \/>\nMarion Dreiner (Heinrich-Heine-Club) belegte mit Beispielen die Aktualit\u00e4t Heinrich Heines.<br \/>\nRolf M\u00fcller (DGB) ging auf die grunds\u00e4tzliche Verantwortung Deutschlands f\u00fcr den Frieden ein.<br \/>\nDanach wurden im Gedenken an die Opfer Blumen niedergelegt.<br \/>\nWir m\u00fcssen viel mehr werden um die aktuelle Militarisierungswelle aufzuhalten.<\/p>\n<p>Beitr\u00e4ge (PDF):<br \/>\n<a href=\"https:\/\/offenbacher-friedensinitiative.de\/wp-content\/uploads\/wppa-source\/album-35\/22Sep-Beitrag-Christa-Fuehrer-Roessmann.pdf\" target=\"_blank\" rel=\"noopener\">Christa F\u00fchrer-R\u00f6\u00dfmann<\/a><br \/>\n<a href=\"https:\/\/offenbacher-friedensinitiative.de\/wp-content\/uploads\/wppa-source\/album-35\/Beitrag-Astid-Ost-Heinrich-Heine-Club.pdf\" target=\"_blank\" rel=\"noopener\">Astrid Ost<\/a><br \/>\n<a href=\"https:\/\/offenbacher-friedensinitiative.de\/wp-content\/uploads\/wppa-source\/album-35\/Beitrag-Marion-Dreiner-Heinrich-Heine-Club.pdf\" target=\"_blank\" rel=\"noopener\">Marion Dreiner<\/a><\/p>\n<\/div>\n<\/div><\/div><\/div><\/div><\/div><div id=\"pg-11482-1\"  class=\"panel-grid panel-no-style\" ><div id=\"pgc-11482-1-0\"  class=\"panel-grid-cell\" ><div id=\"panel-11482-1-0-0\" class=\"so-panel widget widget_sow-editor panel-first-child panel-last-child\" data-index=\"1\" ><div\n\t\t\t\n\t\t\tclass=\"so-widget-sow-editor so-widget-sow-editor-base\"\n\t\t\t\n\t\t>\n<div class=\"siteorigin-widget-tinymce textwidget\">\n\t \n<!-- Start container 1 --><div id=\"wppa-modal-container-1\" class=\"wppa-modal-container\" style=\"position:relative;z-index:100000;\" data-wppa=\"yes\" ontouchmove=\"event.stopPropagation();\"><\/div><div id=\"wppa-container-wrapper-1\" class=\"alignnone wppa-container-wrapper \" style=\"width:100%;clear:both;padding:0;position:relative;\"><div id=\"wppa-container-1\" style=\"width:100%;\" class=\"wppa-container wppa-container-1 wppa-rev-9111001 wppa-prevrev-9110011 wppa-theme-9.1.11.001 wppa-api-9.1.11.001\"><svg id=\"wppa-ajax-spin-1\" class=\"wppa-ajax-spin uil-default\" width=\"120px\" height=\"120px\" viewBox=\"0 0 135 135\" preserveAspectRatio=\"xMidYMid\" stroke=\"\" style=\"width:120px; height:120px; position:fixed; top:50%; margin-top:-60px; left:50%; margin-left:-60px; opacity:1; display:none; fill:#666666; background-color:transparent; border-radius:24px;\"><path d=\"M67.447 58c5.523 0 10-4.477 10-10s-4.477-10-10-10-10 4.477-10 10 4.477 10 10 10zm9.448 9.447c0 5.523 4.477 10 10 10 5.522 0 10-4.477 10-10s-4.478-10-10-10c-5.523 0-10 4.477-10 10zm-9.448 9.448c-5.523 0-10 4.477-10 10 0 5.522 4.477 10 10 10s10-4.478 10-10c0-5.523-4.477-10-10-10zM58 67.447c0-5.523-4.477-10-10-10s-10 4.477-10 10 4.477 10 10 10 10-4.477 10-10z\"><animateTransform attributeName=\"transform\" type=\"rotate\" from=\"0 67 67\" to=\"-360 67 67\" dur=\"2.5s\" repeatCount=\"indefinite\" ><\/path><path d=\"M28.19 40.31c6.627 0 12-5.374 12-12 0-6.628-5.373-12-12-12-6.628 0-12 5.372-12 12 0 6.626 5.372 12 12 12zm30.72-19.825c4.686 4.687 12.284 4.687 16.97 0 4.686-4.686 4.686-12.284 0-16.97-4.686-4.687-12.284-4.687-16.97 0-4.687 4.686-4.687 12.284 0 16.97zm35.74 7.705c0 6.627 5.37 12 12 12 6.626 0 12-5.373 12-12 0-6.628-5.374-12-12-12-6.63 0-12 5.372-12 12zm19.822 30.72c-4.686 4.686-4.686 12.284 0 16.97 4.687 4.686 12.285 4.686 16.97 0 4.687-4.686 4.687-12.284 0-16.97-4.685-4.687-12.283-4.687-16.97 0zm-7.704 35.74c-6.627 0-12 5.37-12 12 0 6.626 5.373 12 12 12s12-5.374 12-12c0-6.63-5.373-12-12-12zm-30.72 19.822c-4.686-4.686-12.284-4.686-16.97 0-4.686 4.687-4.686 12.285 0 16.97 4.686 4.687 12.284 4.687 16.97 0 4.687-4.685 4.687-12.283 0-16.97zm-35.74-7.704c0-6.627-5.372-12-12-12-6.626 0-12 5.373-12 12s5.374 12 12 12c6.628 0 12-5.373 12-12zm-19.823-30.72c4.687-4.686 4.687-12.284 0-16.97-4.686-4.686-12.284-4.686-16.97 0-4.687 4.686-4.687 12.284 0 16.97 4.686 4.687 12.284 4.687 16.97 0z\"><animateTransform attributeName=\"transform\" type=\"rotate\" from=\"0 67 67\" to=\"360 67 67\" dur=\"8s\" repeatCount=\"indefinite\" ><\/path><\/svg><input type=\"hidden\" id=\"wppa-nonce-0-1\" name=\"wppa-nonce\" value=\"2121000098\" ><div style=\"clear:both;\"><\/div><div id=\"wppa-container-1-end\"><\/div><\/div><\/div>\n<!-- End [wppa type=\"content\" album=\"42\" cache=\"inf\" delay=\"yes\"] \/index.php?rest_route=%2Fwp%2Fv2%2Fposts%2F11482 oc 1 0 queries in 0.3 ms. at 04:48. Max mem: 78.00 Mb. (delayed) -->\n<p style=\"text-align: center;\"><span style=\"font-size: 10pt;\">\u00a9 Fotografien:<br \/>\n<\/span><\/p>\n<p>&nbsp;<\/p>\n<\/div>\n<\/div><\/div><\/div><\/div><\/div>","protected":false},"excerpt":{"rendered":"<p>Am 1.9.1939 \u00fcberfiel Nazi-Deutschland Polen. Damit begann der zweite Weltkrieg und daran erinnert die Friedensbewegung, und in diesem Fall der DGB als Veranstalter, j\u00e4hrlich. Das<span class=\"more-link\"><a href=\"https:\/\/offenbacher-friedensinitiative.de\/?p=11482\">Weiterlesen &#8230;<\/a><\/span><\/p>\n","protected":false},"author":1,"featured_media":11483,"comment_status":"closed","ping_status":"closed","sticky":false,"template":"","format":"standard","meta":{"footnotes":""},"categories":[5],"tags":[],"class_list":["entry","author-ofi_wp","post-11482","post","type-post","status-publish","format-standard","has-post-thumbnail","category-aktionen"],"yoast_head":"<!-- This site is optimized with the Yoast SEO plugin v27.5 - https:\/\/yoast.com\/product\/yoast-seo-wordpress\/ -->\n<title>Antikriegstag 2022 - Offenbacher FriedensInitiative - OFI<\/title>\n<meta name=\"description\" content=\"Am 1.9.1939 \u00fcberfiel Nazi-Deutschland Polen. Damit begann der zweite Weltkrieg und daran erinnern die Friedensbewegung und der DGB j\u00e4hrlich.\" \/>\n<meta name=\"robots\" content=\"index, follow, max-snippet:-1, max-image-preview:large, max-video-preview:-1\" \/>\n<link rel=\"canonical\" href=\"https:\/\/offenbacher-friedensinitiative.de\/?p=11482\" \/>\n<meta property=\"og:locale\" content=\"de_DE\" \/>\n<meta property=\"og:type\" content=\"article\" \/>\n<meta property=\"og:title\" content=\"Antikriegstag 2022 - Offenbacher FriedensInitiative - OFI\" \/>\n<meta property=\"og:description\" content=\"Am 1.9.1939 \u00fcberfiel Nazi-Deutschland Polen. Damit begann der zweite Weltkrieg und daran erinnern die Friedensbewegung und der DGB j\u00e4hrlich.\" \/>\n<meta property=\"og:url\" content=\"https:\/\/offenbacher-friedensinitiative.de\/?p=11482\" \/>\n<meta property=\"og:site_name\" content=\"Offenbacher FriedensInitiative - OFI\" \/>\n<meta property=\"article:published_time\" content=\"2022-09-05T14:43:02+00:00\" \/>\n<meta property=\"article:modified_time\" content=\"2022-09-06T07:08:16+00:00\" \/>\n<meta property=\"og:image\" content=\"https:\/\/offenbacher-friedensinitiative.de\/wp-content\/uploads\/2022\/09\/22-09-03-15-52-43-8483-o1-scaled.jpg\" \/>\n\t<meta property=\"og:image:width\" content=\"1920\" \/>\n\t<meta property=\"og:image:height\" content=\"2560\" \/>\n\t<meta property=\"og:image:type\" content=\"image\/jpeg\" \/>\n<meta name=\"author\" content=\"OFI_WP\" \/>\n<meta name=\"twitter:card\" content=\"summary_large_image\" \/>\n<meta name=\"twitter:label1\" content=\"Verfasst von\" \/>\n\t<meta name=\"twitter:data1\" content=\"OFI_WP\" \/>\n\t<meta name=\"twitter:label2\" content=\"Gesch\u00e4tzte Lesezeit\" \/>\n\t<meta name=\"twitter:data2\" content=\"2\u00a0Minuten\" \/>\n<script type=\"application\/ld+json\" class=\"yoast-schema-graph\">{\"@context\":\"https:\\\/\\\/schema.org\",\"@graph\":[{\"@type\":\"Article\",\"@id\":\"https:\\\/\\\/offenbacher-friedensinitiative.de\\\/?p=11482#article\",\"isPartOf\":{\"@id\":\"https:\\\/\\\/offenbacher-friedensinitiative.de\\\/?p=11482\"},\"author\":{\"name\":\"OFI_WP\",\"@id\":\"https:\\\/\\\/offenbacher-friedensinitiative.de\\\/#\\\/schema\\\/person\\\/5ec566fcb70420f878023349a111f19f\"},\"headline\":\"Antikriegstag 2022\",\"datePublished\":\"2022-09-05T14:43:02+00:00\",\"dateModified\":\"2022-09-06T07:08:16+00:00\",\"mainEntityOfPage\":{\"@id\":\"https:\\\/\\\/offenbacher-friedensinitiative.de\\\/?p=11482\"},\"wordCount\":334,\"publisher\":{\"@id\":\"https:\\\/\\\/offenbacher-friedensinitiative.de\\\/#organization\"},\"image\":{\"@id\":\"https:\\\/\\\/offenbacher-friedensinitiative.de\\\/?p=11482#primaryimage\"},\"thumbnailUrl\":\"https:\\\/\\\/offenbacher-friedensinitiative.de\\\/wp-content\\\/uploads\\\/2022\\\/09\\\/22-09-03-15-52-43-8483-o1-scaled.jpg\",\"articleSection\":[\"Aktionen\"],\"inLanguage\":\"de\"},{\"@type\":\"WebPage\",\"@id\":\"https:\\\/\\\/offenbacher-friedensinitiative.de\\\/?p=11482\",\"url\":\"https:\\\/\\\/offenbacher-friedensinitiative.de\\\/?p=11482\",\"name\":\"Antikriegstag 2022 - Offenbacher FriedensInitiative - OFI\",\"isPartOf\":{\"@id\":\"https:\\\/\\\/offenbacher-friedensinitiative.de\\\/#website\"},\"primaryImageOfPage\":{\"@id\":\"https:\\\/\\\/offenbacher-friedensinitiative.de\\\/?p=11482#primaryimage\"},\"image\":{\"@id\":\"https:\\\/\\\/offenbacher-friedensinitiative.de\\\/?p=11482#primaryimage\"},\"thumbnailUrl\":\"https:\\\/\\\/offenbacher-friedensinitiative.de\\\/wp-content\\\/uploads\\\/2022\\\/09\\\/22-09-03-15-52-43-8483-o1-scaled.jpg\",\"datePublished\":\"2022-09-05T14:43:02+00:00\",\"dateModified\":\"2022-09-06T07:08:16+00:00\",\"description\":\"Am 1.9.1939 \u00fcberfiel Nazi-Deutschland Polen. Damit begann der zweite Weltkrieg und daran erinnern die Friedensbewegung und der DGB j\u00e4hrlich.\",\"breadcrumb\":{\"@id\":\"https:\\\/\\\/offenbacher-friedensinitiative.de\\\/?p=11482#breadcrumb\"},\"inLanguage\":\"de\",\"potentialAction\":[{\"@type\":\"ReadAction\",\"target\":[\"https:\\\/\\\/offenbacher-friedensinitiative.de\\\/?p=11482\"]}]},{\"@type\":\"ImageObject\",\"inLanguage\":\"de\",\"@id\":\"https:\\\/\\\/offenbacher-friedensinitiative.de\\\/?p=11482#primaryimage\",\"url\":\"https:\\\/\\\/offenbacher-friedensinitiative.de\\\/wp-content\\\/uploads\\\/2022\\\/09\\\/22-09-03-15-52-43-8483-o1-scaled.jpg\",\"contentUrl\":\"https:\\\/\\\/offenbacher-friedensinitiative.de\\\/wp-content\\\/uploads\\\/2022\\\/09\\\/22-09-03-15-52-43-8483-o1-scaled.jpg\",\"width\":1920,\"height\":2560},{\"@type\":\"BreadcrumbList\",\"@id\":\"https:\\\/\\\/offenbacher-friedensinitiative.de\\\/?p=11482#breadcrumb\",\"itemListElement\":[{\"@type\":\"ListItem\",\"position\":1,\"name\":\"Startseite\",\"item\":\"https:\\\/\\\/offenbacher-friedensinitiative.de\\\/\"},{\"@type\":\"ListItem\",\"position\":2,\"name\":\"Antikriegstag 2022\"}]},{\"@type\":\"WebSite\",\"@id\":\"https:\\\/\\\/offenbacher-friedensinitiative.de\\\/#website\",\"url\":\"https:\\\/\\\/offenbacher-friedensinitiative.de\\\/\",\"name\":\"Offenbacher FriedensInitiative\",\"description\":\"Abr\u00fcsten statt Aufr\u00fcsten |- Kriege beenden | R\u00fcstungsexporte stoppen\",\"publisher\":{\"@id\":\"https:\\\/\\\/offenbacher-friedensinitiative.de\\\/#organization\"},\"potentialAction\":[{\"@type\":\"SearchAction\",\"target\":{\"@type\":\"EntryPoint\",\"urlTemplate\":\"https:\\\/\\\/offenbacher-friedensinitiative.de\\\/?s={search_term_string}\"},\"query-input\":{\"@type\":\"PropertyValueSpecification\",\"valueRequired\":true,\"valueName\":\"search_term_string\"}}],\"inLanguage\":\"de\"},{\"@type\":\"Organization\",\"@id\":\"https:\\\/\\\/offenbacher-friedensinitiative.de\\\/#organization\",\"name\":\"Offenbacher Friedensinitiative\",\"url\":\"https:\\\/\\\/offenbacher-friedensinitiative.de\\\/\",\"logo\":{\"@type\":\"ImageObject\",\"inLanguage\":\"de\",\"@id\":\"https:\\\/\\\/offenbacher-friedensinitiative.de\\\/#\\\/schema\\\/logo\\\/image\\\/\",\"url\":\"https:\\\/\\\/offenbacher-friedensinitiative.de\\\/wp-content\\\/uploads\\\/2019\\\/03\\\/cropped-Transparen-logo.jpg\",\"contentUrl\":\"https:\\\/\\\/offenbacher-friedensinitiative.de\\\/wp-content\\\/uploads\\\/2019\\\/03\\\/cropped-Transparen-logo.jpg\",\"width\":1036,\"height\":227,\"caption\":\"Offenbacher Friedensinitiative\"},\"image\":{\"@id\":\"https:\\\/\\\/offenbacher-friedensinitiative.de\\\/#\\\/schema\\\/logo\\\/image\\\/\"}},{\"@type\":\"Person\",\"@id\":\"https:\\\/\\\/offenbacher-friedensinitiative.de\\\/#\\\/schema\\\/person\\\/5ec566fcb70420f878023349a111f19f\",\"name\":\"OFI_WP\"}]}<\/script>\n<!-- \/ Yoast SEO plugin. -->","yoast_head_json":{"title":"Antikriegstag 2022 - Offenbacher FriedensInitiative - OFI","description":"Am 1.9.1939 \u00fcberfiel Nazi-Deutschland Polen. Damit begann der zweite Weltkrieg und daran erinnern die Friedensbewegung und der DGB j\u00e4hrlich.","robots":{"index":"index","follow":"follow","max-snippet":"max-snippet:-1","max-image-preview":"max-image-preview:large","max-video-preview":"max-video-preview:-1"},"canonical":"https:\/\/offenbacher-friedensinitiative.de\/?p=11482","og_locale":"de_DE","og_type":"article","og_title":"Antikriegstag 2022 - Offenbacher FriedensInitiative - OFI","og_description":"Am 1.9.1939 \u00fcberfiel Nazi-Deutschland Polen. Damit begann der zweite Weltkrieg und daran erinnern die Friedensbewegung und der DGB j\u00e4hrlich.","og_url":"https:\/\/offenbacher-friedensinitiative.de\/?p=11482","og_site_name":"Offenbacher FriedensInitiative - OFI","article_published_time":"2022-09-05T14:43:02+00:00","article_modified_time":"2022-09-06T07:08:16+00:00","og_image":[{"width":1920,"height":2560,"url":"https:\/\/offenbacher-friedensinitiative.de\/wp-content\/uploads\/2022\/09\/22-09-03-15-52-43-8483-o1-scaled.jpg","type":"image\/jpeg"}],"author":"OFI_WP","twitter_card":"summary_large_image","twitter_misc":{"Verfasst von":"OFI_WP","Gesch\u00e4tzte Lesezeit":"2\u00a0Minuten"},"schema":{"@context":"https:\/\/schema.org","@graph":[{"@type":"Article","@id":"https:\/\/offenbacher-friedensinitiative.de\/?p=11482#article","isPartOf":{"@id":"https:\/\/offenbacher-friedensinitiative.de\/?p=11482"},"author":{"name":"OFI_WP","@id":"https:\/\/offenbacher-friedensinitiative.de\/#\/schema\/person\/5ec566fcb70420f878023349a111f19f"},"headline":"Antikriegstag 2022","datePublished":"2022-09-05T14:43:02+00:00","dateModified":"2022-09-06T07:08:16+00:00","mainEntityOfPage":{"@id":"https:\/\/offenbacher-friedensinitiative.de\/?p=11482"},"wordCount":334,"publisher":{"@id":"https:\/\/offenbacher-friedensinitiative.de\/#organization"},"image":{"@id":"https:\/\/offenbacher-friedensinitiative.de\/?p=11482#primaryimage"},"thumbnailUrl":"https:\/\/offenbacher-friedensinitiative.de\/wp-content\/uploads\/2022\/09\/22-09-03-15-52-43-8483-o1-scaled.jpg","articleSection":["Aktionen"],"inLanguage":"de"},{"@type":"WebPage","@id":"https:\/\/offenbacher-friedensinitiative.de\/?p=11482","url":"https:\/\/offenbacher-friedensinitiative.de\/?p=11482","name":"Antikriegstag 2022 - Offenbacher FriedensInitiative - OFI","isPartOf":{"@id":"https:\/\/offenbacher-friedensinitiative.de\/#website"},"primaryImageOfPage":{"@id":"https:\/\/offenbacher-friedensinitiative.de\/?p=11482#primaryimage"},"image":{"@id":"https:\/\/offenbacher-friedensinitiative.de\/?p=11482#primaryimage"},"thumbnailUrl":"https:\/\/offenbacher-friedensinitiative.de\/wp-content\/uploads\/2022\/09\/22-09-03-15-52-43-8483-o1-scaled.jpg","datePublished":"2022-09-05T14:43:02+00:00","dateModified":"2022-09-06T07:08:16+00:00","description":"Am 1.9.1939 \u00fcberfiel Nazi-Deutschland Polen. Damit begann der zweite Weltkrieg und daran erinnern die Friedensbewegung und der DGB j\u00e4hrlich.","breadcrumb":{"@id":"https:\/\/offenbacher-friedensinitiative.de\/?p=11482#breadcrumb"},"inLanguage":"de","potentialAction":[{"@type":"ReadAction","target":["https:\/\/offenbacher-friedensinitiative.de\/?p=11482"]}]},{"@type":"ImageObject","inLanguage":"de","@id":"https:\/\/offenbacher-friedensinitiative.de\/?p=11482#primaryimage","url":"https:\/\/offenbacher-friedensinitiative.de\/wp-content\/uploads\/2022\/09\/22-09-03-15-52-43-8483-o1-scaled.jpg","contentUrl":"https:\/\/offenbacher-friedensinitiative.de\/wp-content\/uploads\/2022\/09\/22-09-03-15-52-43-8483-o1-scaled.jpg","width":1920,"height":2560},{"@type":"BreadcrumbList","@id":"https:\/\/offenbacher-friedensinitiative.de\/?p=11482#breadcrumb","itemListElement":[{"@type":"ListItem","position":1,"name":"Startseite","item":"https:\/\/offenbacher-friedensinitiative.de\/"},{"@type":"ListItem","position":2,"name":"Antikriegstag 2022"}]},{"@type":"WebSite","@id":"https:\/\/offenbacher-friedensinitiative.de\/#website","url":"https:\/\/offenbacher-friedensinitiative.de\/","name":"Offenbacher FriedensInitiative","description":"Abr\u00fcsten statt Aufr\u00fcsten |- Kriege beenden | R\u00fcstungsexporte stoppen","publisher":{"@id":"https:\/\/offenbacher-friedensinitiative.de\/#organization"},"potentialAction":[{"@type":"SearchAction","target":{"@type":"EntryPoint","urlTemplate":"https:\/\/offenbacher-friedensinitiative.de\/?s={search_term_string}"},"query-input":{"@type":"PropertyValueSpecification","valueRequired":true,"valueName":"search_term_string"}}],"inLanguage":"de"},{"@type":"Organization","@id":"https:\/\/offenbacher-friedensinitiative.de\/#organization","name":"Offenbacher Friedensinitiative","url":"https:\/\/offenbacher-friedensinitiative.de\/","logo":{"@type":"ImageObject","inLanguage":"de","@id":"https:\/\/offenbacher-friedensinitiative.de\/#\/schema\/logo\/image\/","url":"https:\/\/offenbacher-friedensinitiative.de\/wp-content\/uploads\/2019\/03\/cropped-Transparen-logo.jpg","contentUrl":"https:\/\/offenbacher-friedensinitiative.de\/wp-content\/uploads\/2019\/03\/cropped-Transparen-logo.jpg","width":1036,"height":227,"caption":"Offenbacher Friedensinitiative"},"image":{"@id":"https:\/\/offenbacher-friedensinitiative.de\/#\/schema\/logo\/image\/"}},{"@type":"Person","@id":"https:\/\/offenbacher-friedensinitiative.de\/#\/schema\/person\/5ec566fcb70420f878023349a111f19f","name":"OFI_WP"}]}},"_links":{"self":[{"href":"https:\/\/offenbacher-friedensinitiative.de\/index.php?rest_route=\/wp\/v2\/posts\/11482","targetHints":{"allow":["GET"]}}],"collection":[{"href":"https:\/\/offenbacher-friedensinitiative.de\/index.php?rest_route=\/wp\/v2\/posts"}],"about":[{"href":"https:\/\/offenbacher-friedensinitiative.de\/index.php?rest_route=\/wp\/v2\/types\/post"}],"author":[{"embeddable":true,"href":"https:\/\/offenbacher-friedensinitiative.de\/index.php?rest_route=\/wp\/v2\/users\/1"}],"replies":[{"embeddable":true,"href":"https:\/\/offenbacher-friedensinitiative.de\/index.php?rest_route=%2Fwp%2Fv2%2Fcomments&post=11482"}],"version-history":[{"count":8,"href":"https:\/\/offenbacher-friedensinitiative.de\/index.php?rest_route=\/wp\/v2\/posts\/11482\/revisions"}],"predecessor-version":[{"id":11491,"href":"https:\/\/offenbacher-friedensinitiative.de\/index.php?rest_route=\/wp\/v2\/posts\/11482\/revisions\/11491"}],"wp:featuredmedia":[{"embeddable":true,"href":"https:\/\/offenbacher-friedensinitiative.de\/index.php?rest_route=\/wp\/v2\/media\/11483"}],"wp:attachment":[{"href":"https:\/\/offenbacher-friedensinitiative.de\/index.php?rest_route=%2Fwp%2Fv2%2Fmedia&parent=11482"}],"wp:term":[{"taxonomy":"category","embeddable":true,"href":"https:\/\/offenbacher-friedensinitiative.de\/index.php?rest_route=%2Fwp%2Fv2%2Fcategories&post=11482"},{"taxonomy":"post_tag","embeddable":true,"href":"https:\/\/offenbacher-friedensinitiative.de\/index.php?rest_route=%2Fwp%2Fv2%2Ftags&post=11482"}],"curies":[{"name":"wp","href":"https:\/\/api.w.org\/{rel}","templated":true}]}}