{"id":11579,"date":"2023-02-19T17:45:37","date_gmt":"2023-02-19T16:45:37","guid":{"rendered":"https:\/\/offenbacher-friedensinitiative.de\/?p=11579"},"modified":"2023-02-19T17:46:06","modified_gmt":"2023-02-19T16:46:06","slug":"aktionen-den-frieden-gewinnen","status":"publish","type":"post","link":"https:\/\/offenbacher-friedensinitiative.de\/?p=11579","title":{"rendered":"Aktionen: den Frieden gewinnen"},"content":{"rendered":"<div id=\"pl-11579\"  class=\"panel-layout\" ><div id=\"pg-11579-0\"  class=\"panel-grid panel-no-style\" ><div id=\"pgc-11579-0-0\"  class=\"panel-grid-cell\" ><div id=\"panel-11579-0-0-0\" class=\"so-panel widget widget_sow-editor panel-first-child\" data-index=\"0\" ><div class=\"panel-widget-style panel-widget-style-for-11579-0-0-0\" ><div\n\t\t\t\n\t\t\tclass=\"so-widget-sow-editor so-widget-sow-editor-base\"\n\t\t\t\n\t\t>\n<div class=\"siteorigin-widget-tinymce textwidget\">\n\t<p>Am 24.2.2022 \u00fcberschritten russische Truppen die Grenze der Ukraine. Der Krieg brachte \u00fcber 200.000 Tote, Zerst\u00f6rung und Leid. Ein Jahr Krieg sind schon viel zu viel.<\/p>\n<p>F\u00fcr Freitag, 24.2.2023 rufen wir auf, sich an Protestaktionen gegen den Krieg, gegen das fortlaufende T\u00f6ten zu beteiligen. Wir fordern einen sofortigen Waffenstillstand. Um <b>17.00 Uhr<\/b> startet eine <b>Demo an der Konstabler Wache <\/b><b>(Frankfurt)<\/b>. Sie macht am Ukrainischen und am russischen Konsulat Station. Weiter geht es zum B\u00f6rsenplatz, dort spricht ein Mitglied der OFI, Gisela Teichmann.<\/p>\n<p>Die Abschlusskundgebung wird (ca. 18.30 Uhr) auf dem Opernplatz stattfinden mit weiteren Redner*innen, sowie einem Gedenkritual f\u00fcr die Opfer dieses Kriegs.<\/p>\n<p>Zunehmend offensichtlich wird, dass der Krieg auch ein Stellvertreterkrieg ist. Um die Verantwortlichen in den USA zu einer Wende hin zu einer Politik des Friedens aufzufordern, wird <b>um 16 Uhr eine Kundgebung <\/b><b>vor dem <\/b><b>Generalk<\/b><b>onsulat <\/b><b>der USA<\/b><b>,<\/b> <span style=\"color: #000000;\"><span style=\"font-family: Liberation Serif, serif;\"><span style=\"font-size: medium;\">Gie\u00dfener Str. 30<\/span><\/span><\/span> stattfinden. Die Teilnehmer sind aufgefordert sich anschlie\u00dfend der Demo ab der Konstabler Wache anzuschie\u00dfen.<\/p>\n<p>Eine weitere bundesweite Initiative ist die Petition \u201e<b>Manifest f\u00fcr den Frieden<\/b>\u201c, die von Alice Schwarzer zusammen mit Sarah Wagenknecht ins Leben gerufen wurde. Sie wendet sich explizit gegen die Eskalation der Waffenlieferungen und fordert von der Bundesregierung eine Orientierung auf Verhandlungen. Schwarzer, Wagenknecht und Vad haben zu einer gro\u00dfen Kundgebung f\u00fcr den<b> 25.2.23 am Brandenburger Tor<\/b> aufgerufen. Von Frankfurt aus wird ein Bus nach Berlin zu dieser Kundgebung fahren.<\/p>\n<p>So viele Initiativen und mehr werden dringend gebraucht, um eine zivile Zeitenwende durchzusetzen. Die Mehrheit der Menschen in Deutschland w\u00fcnscht sich, dass die Bundesregierung st\u00e4rker auf Verhandlungen setzt. Diese Mehrheit muss sichtbar werden.<\/p>\n<p><a href=\"http:\/\/www.dfg-vk-hessen.de\/aktuell\/ukraine-stoppt-das-toeten-feb-2023\/24feb-frankfurt\/\" target=\"_blank\" rel=\"noopener\">Link zur Aktion<\/a><br \/>\n<a href=\"https:\/\/www.change.org\/p\/manifest-f%C3%BCr-frieden\" target=\"_blank\" rel=\"noopener\">Link zum Manifest<\/a><\/p>\n<\/div>\n<\/div><\/div><\/div><div id=\"panel-11579-0-0-1\" class=\"so-panel widget widget_sow-editor panel-last-child\" data-index=\"1\" ><div class=\"panel-widget-style panel-widget-style-for-11579-0-0-1\" ><div\n\t\t\t\n\t\t\tclass=\"so-widget-sow-editor so-widget-sow-editor-base\"\n\t\t\t\n\t\t>\n<div class=\"siteorigin-widget-tinymce textwidget\">\n\t<p>Dokumente:<br \/>\n<a href=\"https:\/\/offenbacher-friedensinitiative.de\/wp-content\/uploads\/wppa-source\/album-48\/OFI-Flyer-zum-24.2.23.pdf\" target=\"_blank\" rel=\"noopener\">OFI Flyer<\/a><br \/>\n<a href=\"https:\/\/offenbacher-friedensinitiative.de\/wp-content\/uploads\/wppa-source\/album-48\/Rede-an-US-Konsulat-am-24.2.23.pdf\" target=\"_blank\" rel=\"noopener\">Rede an US-Konsulat<\/a><br \/>\n<a href=\"https:\/\/offenbacher-friedensinitiative.de\/wp-content\/uploads\/wppa-source\/album-48\/Bus-nach-Berlin-am-25.2.23.pdf\" target=\"_blank\" rel=\"noopener\">Bus nach Berlin<\/a><\/p>\n<\/div>\n<\/div><\/div><\/div><\/div><\/div><\/div>","protected":false},"excerpt":{"rendered":"<p>Am 24.2.2022 \u00fcberschritten russische Truppen die Grenze der Ukraine. Der Krieg brachte \u00fcber 200.000 Tote, Zerst\u00f6rung und Leid. Ein Jahr Krieg sind schon viel zu<span class=\"more-link\"><a href=\"https:\/\/offenbacher-friedensinitiative.de\/?p=11579\">Weiterlesen &#8230;<\/a><\/span><\/p>\n","protected":false},"author":1,"featured_media":11582,"comment_status":"closed","ping_status":"closed","sticky":false,"template":"","format":"standard","meta":{"footnotes":""},"categories":[5],"tags":[],"class_list":["entry","author-ofi_wp","post-11579","post","type-post","status-publish","format-standard","has-post-thumbnail","category-aktionen"],"yoast_head":"<!-- This site is optimized with the Yoast SEO plugin v27.5 - https:\/\/yoast.com\/product\/yoast-seo-wordpress\/ -->\n<title>Aktionen: den Frieden gewinnen - Offenbacher FriedensInitiative - OFI<\/title>\n<meta name=\"description\" content=\"F\u00fcr Freitag, 24.2.2023 rufen wir auf, sich an Protestaktionen gegen den Krieg, gegen das fortlaufende T\u00f6ten zu beteiligen.\" \/>\n<meta name=\"robots\" content=\"index, follow, max-snippet:-1, max-image-preview:large, max-video-preview:-1\" \/>\n<link rel=\"canonical\" href=\"https:\/\/offenbacher-friedensinitiative.de\/?p=11579\" \/>\n<meta property=\"og:locale\" content=\"de_DE\" \/>\n<meta property=\"og:type\" content=\"article\" \/>\n<meta property=\"og:title\" content=\"Aktionen: den Frieden gewinnen - Offenbacher FriedensInitiative - OFI\" \/>\n<meta property=\"og:description\" content=\"F\u00fcr Freitag, 24.2.2023 rufen wir auf, sich an Protestaktionen gegen den Krieg, gegen das fortlaufende T\u00f6ten zu beteiligen.\" \/>\n<meta property=\"og:url\" content=\"https:\/\/offenbacher-friedensinitiative.de\/?p=11579\" \/>\n<meta property=\"og:site_name\" content=\"Offenbacher FriedensInitiative - OFI\" \/>\n<meta property=\"article:published_time\" content=\"2023-02-19T16:45:37+00:00\" \/>\n<meta property=\"article:modified_time\" content=\"2023-02-19T16:46:06+00:00\" \/>\n<meta property=\"og:image\" content=\"https:\/\/offenbacher-friedensinitiative.de\/wp-content\/uploads\/2023\/02\/Panzer-scaled.jpg\" \/>\n\t<meta property=\"og:image:width\" content=\"2560\" \/>\n\t<meta property=\"og:image:height\" content=\"1810\" \/>\n\t<meta property=\"og:image:type\" content=\"image\/jpeg\" \/>\n<meta name=\"author\" content=\"OFI_WP\" \/>\n<meta name=\"twitter:card\" content=\"summary_large_image\" \/>\n<meta name=\"twitter:label1\" content=\"Verfasst von\" \/>\n\t<meta name=\"twitter:data1\" content=\"OFI_WP\" \/>\n\t<meta name=\"twitter:label2\" content=\"Gesch\u00e4tzte Lesezeit\" \/>\n\t<meta name=\"twitter:data2\" content=\"2\u00a0Minuten\" \/>\n<script type=\"application\/ld+json\" class=\"yoast-schema-graph\">{\"@context\":\"https:\\\/\\\/schema.org\",\"@graph\":[{\"@type\":\"Article\",\"@id\":\"https:\\\/\\\/offenbacher-friedensinitiative.de\\\/?p=11579#article\",\"isPartOf\":{\"@id\":\"https:\\\/\\\/offenbacher-friedensinitiative.de\\\/?p=11579\"},\"author\":{\"name\":\"OFI_WP\",\"@id\":\"https:\\\/\\\/offenbacher-friedensinitiative.de\\\/#\\\/schema\\\/person\\\/5ec566fcb70420f878023349a111f19f\"},\"headline\":\"Aktionen: den Frieden gewinnen\",\"datePublished\":\"2023-02-19T16:45:37+00:00\",\"dateModified\":\"2023-02-19T16:46:06+00:00\",\"mainEntityOfPage\":{\"@id\":\"https:\\\/\\\/offenbacher-friedensinitiative.de\\\/?p=11579\"},\"wordCount\":285,\"publisher\":{\"@id\":\"https:\\\/\\\/offenbacher-friedensinitiative.de\\\/#organization\"},\"image\":{\"@id\":\"https:\\\/\\\/offenbacher-friedensinitiative.de\\\/?p=11579#primaryimage\"},\"thumbnailUrl\":\"https:\\\/\\\/offenbacher-friedensinitiative.de\\\/wp-content\\\/uploads\\\/2023\\\/02\\\/Panzer-scaled.jpg\",\"articleSection\":[\"Aktionen\"],\"inLanguage\":\"de\"},{\"@type\":\"WebPage\",\"@id\":\"https:\\\/\\\/offenbacher-friedensinitiative.de\\\/?p=11579\",\"url\":\"https:\\\/\\\/offenbacher-friedensinitiative.de\\\/?p=11579\",\"name\":\"Aktionen: den Frieden gewinnen - Offenbacher FriedensInitiative - OFI\",\"isPartOf\":{\"@id\":\"https:\\\/\\\/offenbacher-friedensinitiative.de\\\/#website\"},\"primaryImageOfPage\":{\"@id\":\"https:\\\/\\\/offenbacher-friedensinitiative.de\\\/?p=11579#primaryimage\"},\"image\":{\"@id\":\"https:\\\/\\\/offenbacher-friedensinitiative.de\\\/?p=11579#primaryimage\"},\"thumbnailUrl\":\"https:\\\/\\\/offenbacher-friedensinitiative.de\\\/wp-content\\\/uploads\\\/2023\\\/02\\\/Panzer-scaled.jpg\",\"datePublished\":\"2023-02-19T16:45:37+00:00\",\"dateModified\":\"2023-02-19T16:46:06+00:00\",\"description\":\"F\u00fcr Freitag, 24.2.2023 rufen wir auf, sich an Protestaktionen gegen den Krieg, gegen das fortlaufende T\u00f6ten zu beteiligen.\",\"breadcrumb\":{\"@id\":\"https:\\\/\\\/offenbacher-friedensinitiative.de\\\/?p=11579#breadcrumb\"},\"inLanguage\":\"de\",\"potentialAction\":[{\"@type\":\"ReadAction\",\"target\":[\"https:\\\/\\\/offenbacher-friedensinitiative.de\\\/?p=11579\"]}]},{\"@type\":\"ImageObject\",\"inLanguage\":\"de\",\"@id\":\"https:\\\/\\\/offenbacher-friedensinitiative.de\\\/?p=11579#primaryimage\",\"url\":\"https:\\\/\\\/offenbacher-friedensinitiative.de\\\/wp-content\\\/uploads\\\/2023\\\/02\\\/Panzer-scaled.jpg\",\"contentUrl\":\"https:\\\/\\\/offenbacher-friedensinitiative.de\\\/wp-content\\\/uploads\\\/2023\\\/02\\\/Panzer-scaled.jpg\",\"width\":2560,\"height\":1810},{\"@type\":\"BreadcrumbList\",\"@id\":\"https:\\\/\\\/offenbacher-friedensinitiative.de\\\/?p=11579#breadcrumb\",\"itemListElement\":[{\"@type\":\"ListItem\",\"position\":1,\"name\":\"Startseite\",\"item\":\"https:\\\/\\\/offenbacher-friedensinitiative.de\\\/\"},{\"@type\":\"ListItem\",\"position\":2,\"name\":\"Aktionen: den Frieden gewinnen\"}]},{\"@type\":\"WebSite\",\"@id\":\"https:\\\/\\\/offenbacher-friedensinitiative.de\\\/#website\",\"url\":\"https:\\\/\\\/offenbacher-friedensinitiative.de\\\/\",\"name\":\"Offenbacher FriedensInitiative\",\"description\":\"Abr\u00fcsten statt Aufr\u00fcsten |- Kriege beenden | R\u00fcstungsexporte stoppen\",\"publisher\":{\"@id\":\"https:\\\/\\\/offenbacher-friedensinitiative.de\\\/#organization\"},\"potentialAction\":[{\"@type\":\"SearchAction\",\"target\":{\"@type\":\"EntryPoint\",\"urlTemplate\":\"https:\\\/\\\/offenbacher-friedensinitiative.de\\\/?s={search_term_string}\"},\"query-input\":{\"@type\":\"PropertyValueSpecification\",\"valueRequired\":true,\"valueName\":\"search_term_string\"}}],\"inLanguage\":\"de\"},{\"@type\":\"Organization\",\"@id\":\"https:\\\/\\\/offenbacher-friedensinitiative.de\\\/#organization\",\"name\":\"Offenbacher Friedensinitiative\",\"url\":\"https:\\\/\\\/offenbacher-friedensinitiative.de\\\/\",\"logo\":{\"@type\":\"ImageObject\",\"inLanguage\":\"de\",\"@id\":\"https:\\\/\\\/offenbacher-friedensinitiative.de\\\/#\\\/schema\\\/logo\\\/image\\\/\",\"url\":\"https:\\\/\\\/offenbacher-friedensinitiative.de\\\/wp-content\\\/uploads\\\/2019\\\/03\\\/cropped-Transparen-logo.jpg\",\"contentUrl\":\"https:\\\/\\\/offenbacher-friedensinitiative.de\\\/wp-content\\\/uploads\\\/2019\\\/03\\\/cropped-Transparen-logo.jpg\",\"width\":1036,\"height\":227,\"caption\":\"Offenbacher Friedensinitiative\"},\"image\":{\"@id\":\"https:\\\/\\\/offenbacher-friedensinitiative.de\\\/#\\\/schema\\\/logo\\\/image\\\/\"}},{\"@type\":\"Person\",\"@id\":\"https:\\\/\\\/offenbacher-friedensinitiative.de\\\/#\\\/schema\\\/person\\\/5ec566fcb70420f878023349a111f19f\",\"name\":\"OFI_WP\"}]}<\/script>\n<!-- \/ Yoast SEO plugin. -->","yoast_head_json":{"title":"Aktionen: den Frieden gewinnen - Offenbacher FriedensInitiative - OFI","description":"F\u00fcr Freitag, 24.2.2023 rufen wir auf, sich an Protestaktionen gegen den Krieg, gegen das fortlaufende T\u00f6ten zu beteiligen.","robots":{"index":"index","follow":"follow","max-snippet":"max-snippet:-1","max-image-preview":"max-image-preview:large","max-video-preview":"max-video-preview:-1"},"canonical":"https:\/\/offenbacher-friedensinitiative.de\/?p=11579","og_locale":"de_DE","og_type":"article","og_title":"Aktionen: den Frieden gewinnen - Offenbacher FriedensInitiative - OFI","og_description":"F\u00fcr Freitag, 24.2.2023 rufen wir auf, sich an Protestaktionen gegen den Krieg, gegen das fortlaufende T\u00f6ten zu beteiligen.","og_url":"https:\/\/offenbacher-friedensinitiative.de\/?p=11579","og_site_name":"Offenbacher FriedensInitiative - OFI","article_published_time":"2023-02-19T16:45:37+00:00","article_modified_time":"2023-02-19T16:46:06+00:00","og_image":[{"width":2560,"height":1810,"url":"https:\/\/offenbacher-friedensinitiative.de\/wp-content\/uploads\/2023\/02\/Panzer-scaled.jpg","type":"image\/jpeg"}],"author":"OFI_WP","twitter_card":"summary_large_image","twitter_misc":{"Verfasst von":"OFI_WP","Gesch\u00e4tzte Lesezeit":"2\u00a0Minuten"},"schema":{"@context":"https:\/\/schema.org","@graph":[{"@type":"Article","@id":"https:\/\/offenbacher-friedensinitiative.de\/?p=11579#article","isPartOf":{"@id":"https:\/\/offenbacher-friedensinitiative.de\/?p=11579"},"author":{"name":"OFI_WP","@id":"https:\/\/offenbacher-friedensinitiative.de\/#\/schema\/person\/5ec566fcb70420f878023349a111f19f"},"headline":"Aktionen: den Frieden gewinnen","datePublished":"2023-02-19T16:45:37+00:00","dateModified":"2023-02-19T16:46:06+00:00","mainEntityOfPage":{"@id":"https:\/\/offenbacher-friedensinitiative.de\/?p=11579"},"wordCount":285,"publisher":{"@id":"https:\/\/offenbacher-friedensinitiative.de\/#organization"},"image":{"@id":"https:\/\/offenbacher-friedensinitiative.de\/?p=11579#primaryimage"},"thumbnailUrl":"https:\/\/offenbacher-friedensinitiative.de\/wp-content\/uploads\/2023\/02\/Panzer-scaled.jpg","articleSection":["Aktionen"],"inLanguage":"de"},{"@type":"WebPage","@id":"https:\/\/offenbacher-friedensinitiative.de\/?p=11579","url":"https:\/\/offenbacher-friedensinitiative.de\/?p=11579","name":"Aktionen: den Frieden gewinnen - Offenbacher FriedensInitiative - OFI","isPartOf":{"@id":"https:\/\/offenbacher-friedensinitiative.de\/#website"},"primaryImageOfPage":{"@id":"https:\/\/offenbacher-friedensinitiative.de\/?p=11579#primaryimage"},"image":{"@id":"https:\/\/offenbacher-friedensinitiative.de\/?p=11579#primaryimage"},"thumbnailUrl":"https:\/\/offenbacher-friedensinitiative.de\/wp-content\/uploads\/2023\/02\/Panzer-scaled.jpg","datePublished":"2023-02-19T16:45:37+00:00","dateModified":"2023-02-19T16:46:06+00:00","description":"F\u00fcr Freitag, 24.2.2023 rufen wir auf, sich an Protestaktionen gegen den Krieg, gegen das fortlaufende T\u00f6ten zu beteiligen.","breadcrumb":{"@id":"https:\/\/offenbacher-friedensinitiative.de\/?p=11579#breadcrumb"},"inLanguage":"de","potentialAction":[{"@type":"ReadAction","target":["https:\/\/offenbacher-friedensinitiative.de\/?p=11579"]}]},{"@type":"ImageObject","inLanguage":"de","@id":"https:\/\/offenbacher-friedensinitiative.de\/?p=11579#primaryimage","url":"https:\/\/offenbacher-friedensinitiative.de\/wp-content\/uploads\/2023\/02\/Panzer-scaled.jpg","contentUrl":"https:\/\/offenbacher-friedensinitiative.de\/wp-content\/uploads\/2023\/02\/Panzer-scaled.jpg","width":2560,"height":1810},{"@type":"BreadcrumbList","@id":"https:\/\/offenbacher-friedensinitiative.de\/?p=11579#breadcrumb","itemListElement":[{"@type":"ListItem","position":1,"name":"Startseite","item":"https:\/\/offenbacher-friedensinitiative.de\/"},{"@type":"ListItem","position":2,"name":"Aktionen: den Frieden gewinnen"}]},{"@type":"WebSite","@id":"https:\/\/offenbacher-friedensinitiative.de\/#website","url":"https:\/\/offenbacher-friedensinitiative.de\/","name":"Offenbacher FriedensInitiative","description":"Abr\u00fcsten statt Aufr\u00fcsten |- Kriege beenden | R\u00fcstungsexporte stoppen","publisher":{"@id":"https:\/\/offenbacher-friedensinitiative.de\/#organization"},"potentialAction":[{"@type":"SearchAction","target":{"@type":"EntryPoint","urlTemplate":"https:\/\/offenbacher-friedensinitiative.de\/?s={search_term_string}"},"query-input":{"@type":"PropertyValueSpecification","valueRequired":true,"valueName":"search_term_string"}}],"inLanguage":"de"},{"@type":"Organization","@id":"https:\/\/offenbacher-friedensinitiative.de\/#organization","name":"Offenbacher Friedensinitiative","url":"https:\/\/offenbacher-friedensinitiative.de\/","logo":{"@type":"ImageObject","inLanguage":"de","@id":"https:\/\/offenbacher-friedensinitiative.de\/#\/schema\/logo\/image\/","url":"https:\/\/offenbacher-friedensinitiative.de\/wp-content\/uploads\/2019\/03\/cropped-Transparen-logo.jpg","contentUrl":"https:\/\/offenbacher-friedensinitiative.de\/wp-content\/uploads\/2019\/03\/cropped-Transparen-logo.jpg","width":1036,"height":227,"caption":"Offenbacher Friedensinitiative"},"image":{"@id":"https:\/\/offenbacher-friedensinitiative.de\/#\/schema\/logo\/image\/"}},{"@type":"Person","@id":"https:\/\/offenbacher-friedensinitiative.de\/#\/schema\/person\/5ec566fcb70420f878023349a111f19f","name":"OFI_WP"}]}},"_links":{"self":[{"href":"https:\/\/offenbacher-friedensinitiative.de\/index.php?rest_route=\/wp\/v2\/posts\/11579","targetHints":{"allow":["GET"]}}],"collection":[{"href":"https:\/\/offenbacher-friedensinitiative.de\/index.php?rest_route=\/wp\/v2\/posts"}],"about":[{"href":"https:\/\/offenbacher-friedensinitiative.de\/index.php?rest_route=\/wp\/v2\/types\/post"}],"author":[{"embeddable":true,"href":"https:\/\/offenbacher-friedensinitiative.de\/index.php?rest_route=\/wp\/v2\/users\/1"}],"replies":[{"embeddable":true,"href":"https:\/\/offenbacher-friedensinitiative.de\/index.php?rest_route=%2Fwp%2Fv2%2Fcomments&post=11579"}],"version-history":[{"count":5,"href":"https:\/\/offenbacher-friedensinitiative.de\/index.php?rest_route=\/wp\/v2\/posts\/11579\/revisions"}],"predecessor-version":[{"id":11606,"href":"https:\/\/offenbacher-friedensinitiative.de\/index.php?rest_route=\/wp\/v2\/posts\/11579\/revisions\/11606"}],"wp:featuredmedia":[{"embeddable":true,"href":"https:\/\/offenbacher-friedensinitiative.de\/index.php?rest_route=\/wp\/v2\/media\/11582"}],"wp:attachment":[{"href":"https:\/\/offenbacher-friedensinitiative.de\/index.php?rest_route=%2Fwp%2Fv2%2Fmedia&parent=11579"}],"wp:term":[{"taxonomy":"category","embeddable":true,"href":"https:\/\/offenbacher-friedensinitiative.de\/index.php?rest_route=%2Fwp%2Fv2%2Fcategories&post=11579"},{"taxonomy":"post_tag","embeddable":true,"href":"https:\/\/offenbacher-friedensinitiative.de\/index.php?rest_route=%2Fwp%2Fv2%2Ftags&post=11579"}],"curies":[{"name":"wp","href":"https:\/\/api.w.org\/{rel}","templated":true}]}}