{"id":11590,"date":"2023-02-27T13:54:17","date_gmt":"2023-02-27T12:54:17","guid":{"rendered":"https:\/\/offenbacher-friedensinitiative.de\/?p=11590"},"modified":"2023-02-28T10:31:16","modified_gmt":"2023-02-28T09:31:16","slug":"verhandeln-statt-schiessen-aktionstage","status":"publish","type":"post","link":"https:\/\/offenbacher-friedensinitiative.de\/?p=11590","title":{"rendered":"Verhandeln statt Schie\u00dfen &#8211; Aktionstage"},"content":{"rendered":"<div id=\"pl-11590\"  class=\"panel-layout\" ><div id=\"pg-11590-0\"  class=\"panel-grid panel-no-style\" ><div id=\"pgc-11590-0-0\"  class=\"panel-grid-cell\" ><div id=\"panel-11590-0-0-0\" class=\"so-panel widget widget_sow-editor panel-first-child panel-last-child\" data-index=\"0\" ><div class=\"panel-widget-style panel-widget-style-for-11590-0-0-0\" ><div\n\t\t\t\n\t\t\tclass=\"so-widget-sow-editor so-widget-sow-editor-base\"\n\t\t\t\n\t\t>\n<div class=\"siteorigin-widget-tinymce textwidget\">\n\t<p align=\"left\">In den letzten 10 Tagen waren tausende auf der Stra\u00dfe und verlangten von der Bundesregierung eine Orientierung auf sofortigen Waffenstillstand als erstem Schritt zum Frieden. Samstag, 18.2. in M\u00fcnchen, Freitag, 25.2. in Frankfurt und anderen St\u00e4dten.<\/p>\n<p align=\"left\">\u00dcber 600.000 hatten die Petition von Wagenknecht\/Schwarzer unterzeichnet. Eine so breite Zustimmung in der Bev\u00f6lkerung f\u00fcr die Forderung nach einem Kurswechsel und zu einem Engagement der Bundesregierung f\u00fcr Frieden, das konnte auch der Kanzler nicht ignorieren. Erwartungsgem\u00e4\u00df fiel die Reaktion ablehnend aus und Wirtschaftsminister Habeck warnte gar vor der Teilnahme an der Kundgebung am Brandenburger Tor. So viel Aufmerksamkeit, so viel \u201eEhre\u201c hat die Friedensbewegung von offizieller Seite in letzter Zeit nicht bekommen. Das sollten wir als einen ersten Erfolg werten.<\/p>\n<p align=\"left\">Ca. 35.000 haben sich nicht abhalten lassen und sind doch zum Brandenburger Tor gekommen (laut Junger Welt, Link s.u.). Die Polizei hat die machtvolle Demonstration kleingerechnet. Man h\u00e4tte ja sonst konstatieren m\u00fcssen, wie viele Menschen sich ernsthafte Sorgen um unsere Zukunft machen.<\/p>\n<p align=\"left\">Wir werden weitermachen; das ist klar. Hilfreich f\u00fcr die Orientierung in diesen schwierigen Zeiten sind au\u00dfer den Reden auf den Demos solche Diskussionsveranstaltungen wie die am 19.2. in Frankfurt mit dem Motto \u201eDen Frieden gewinnen\u201c.<\/p>\n<p align=\"left\">Unten finden sich Links und Fotos. Dazu auch unsere Unterschriftenliste, die leider seit letztem Mai nichts an Aktualit\u00e4t verloren hat. Bei unseren Info-St\u00e4nden treffen wir viele Menschen, die unsere Forderungen teilen.<\/p>\n<p align=\"left\">Wir freuen uns \u00fcber alle, die aktiv mitmachen wollen. Unsere Treffen finden sich im Kalender dieser Seite. (Rassisten usw. sind unerw\u00fcnscht.) Ansonsten sind unsere Treffen offen f\u00fcr alle, die Frieden f\u00fcr alle und \u00fcberall w\u00fcnschen.<\/p>\n<\/div>\n<\/div><\/div><\/div><\/div><\/div><div id=\"pg-11590-1\"  class=\"panel-grid panel-no-style\" ><div id=\"pgc-11590-1-0\"  class=\"panel-grid-cell\" ><div id=\"panel-11590-1-0-0\" class=\"so-panel widget widget_sow-editor panel-first-child panel-last-child\" data-index=\"1\" ><div class=\"panel-widget-style panel-widget-style-for-11590-1-0-0\" ><div\n\t\t\t\n\t\t\tclass=\"so-widget-sow-editor so-widget-sow-editor-base\"\n\t\t\t\n\t\t>\n<div class=\"siteorigin-widget-tinymce textwidget\">\n\t<p align=\"left\"><strong>Einige Reden vom 24.2. in Frankfurt<\/strong><\/p>\n<pre><a href=\"http:\/\/www.dfg-vk-hessen.de\/aktuell\/ukraine-stoppt-das-toeten-feb-2023\/24feb-frankfurt\/\" target=\"_blank\" rel=\"noopener\">dfg-vk<\/a>\n<a href=\"https:\/\/offenbacher-friedensinitiative.de\/wp-content\/uploads\/wppa-source\/album-48\/Rede-am-Boersenplatz-am-23-1.pdf\" target=\"_blank\" rel=\"noopener\">Rede von Gisela Teichmann (OFI)<\/a>\n<a href=\"https:\/\/offenbacher-friedensinitiative.de\/wp-content\/uploads\/wppa-source\/album-46\/Rede-Matthias-Jochheim-IPPNW.pdf\" target=\"_blank\" rel=\"noopener\">Rede Matthias Jochheim IPPNW<\/a>\n<a href=\"https:\/\/offenbacher-friedensinitiative.de\/wp-content\/uploads\/wppa-source\/album-46\/Rede-Rosanna-Maccarone-ANPI.pdf\" target=\"_blank\" rel=\"noopener\">Rede Rosanna Maccarone ANPI<\/a>\n<a href=\"https:\/\/offenbacher-friedensinitiative.de\/wp-content\/uploads\/wppa-source\/album-46\/Rede-Imke-Meyer-NaturFreunde.pdf\" target=\"_blank\" rel=\"noopener\">Rede Imke Meyer NaturFreunde<\/a>\n<a href=\"https:\/\/offenbacher-friedensinitiative.de\/wp-content\/uploads\/wppa-source\/album-46\/Rede-Daniel-Untch-Zentrum-Oekumene-der-Ev.-Kirche.pdf\" target=\"_blank\" rel=\"noopener\">Rede Daniel Untch Zentrum Oekumene der Ev. Kirche<\/a><\/pre>\n<\/div>\n<\/div><\/div><\/div><\/div><div id=\"pgc-11590-1-1\"  class=\"panel-grid-cell\" ><div id=\"panel-11590-1-1-0\" class=\"so-panel widget widget_sow-editor panel-first-child panel-last-child\" data-index=\"2\" ><div class=\"panel-widget-style panel-widget-style-for-11590-1-1-0\" ><div\n\t\t\t\n\t\t\tclass=\"so-widget-sow-editor so-widget-sow-editor-base\"\n\t\t\t\n\t\t>\n<div class=\"siteorigin-widget-tinymce textwidget\">\n\t<p><strong>Weitere Links<\/strong><\/p>\n<pre><a href=\"https:\/\/offenbacher-friedensinitiative.de\/wp-content\/uploads\/wppa-source\/album-35\/U-n-t-e-r-s-c-h-r-i-f-t-e-n-s-a-m-m-l-u-n-g.pdf\" target=\"_blank\" rel=\"noopener\">Unterschriftensammlung OFI<\/a>\n<a href=\"https:\/\/www.jungewelt.de\/artikel\/446243.friedensbewegung-kreatives-z%C3%A4hlen-in-berlin.html\" target=\"_blank\" rel=\"noopener\">Junge Welt zur Kundgebung in Berlin 25.02.2023<\/a>\n<a href=\"https:\/\/aufstand-fuer-frieden.de\/\" target=\"_blank\" rel=\"noopener\">Kundgebung Berlin 25.02.2023 mit Link zum Video<\/a>\n<a href=\"https:\/\/frieden-und-zukunft.de\/diskussionsveranstaltung-am-19-2-2023\/\" target=\"_blank\" rel=\"noopener\">Diskussionsveranstaltung der Friedensbewegung 19.02.2023 in Frankfurt<\/a><\/pre>\n<\/div>\n<\/div><\/div><\/div><\/div><\/div><div id=\"pg-11590-2\"  class=\"panel-grid panel-no-style\" ><div id=\"pgc-11590-2-0\"  class=\"panel-grid-cell\" ><div id=\"panel-11590-2-0-0\" class=\"so-panel widget widget_sow-editor panel-first-child panel-last-child\" data-index=\"3\" ><div\n\t\t\t\n\t\t\tclass=\"so-widget-sow-editor so-widget-sow-editor-base\"\n\t\t\t\n\t\t>\n<div class=\"siteorigin-widget-tinymce textwidget\">\n\t \n<!-- Start container 1 --><div id=\"wppa-modal-container-1\" class=\"wppa-modal-container\" style=\"position:relative;z-index:100000;\" data-wppa=\"yes\" ontouchmove=\"event.stopPropagation();\"><\/div><div id=\"wppa-container-wrapper-1\" class=\"alignnone wppa-container-wrapper \" style=\"width:100%;clear:both;padding:0;position:relative;\"><div id=\"wppa-container-1\" style=\"width:100%;\" class=\"wppa-container wppa-container-1 wppa-rev-9112007 wppa-prevrev-9111001 wppa-theme-9.1.12.007 wppa-api-9.1.12.007\"><svg id=\"wppa-ajax-spin-1\" class=\"wppa-ajax-spin uil-default\" width=\"120px\" height=\"120px\" viewBox=\"0 0 135 135\" preserveAspectRatio=\"xMidYMid\" stroke=\"\" style=\"width:120px; height:120px; position:fixed; top:50%; margin-top:-60px; left:50%; margin-left:-60px; opacity:1; display:none; fill:#666666; background-color:transparent; border-radius:24px;\"><path d=\"M67.447 58c5.523 0 10-4.477 10-10s-4.477-10-10-10-10 4.477-10 10 4.477 10 10 10zm9.448 9.447c0 5.523 4.477 10 10 10 5.522 0 10-4.477 10-10s-4.478-10-10-10c-5.523 0-10 4.477-10 10zm-9.448 9.448c-5.523 0-10 4.477-10 10 0 5.522 4.477 10 10 10s10-4.478 10-10c0-5.523-4.477-10-10-10zM58 67.447c0-5.523-4.477-10-10-10s-10 4.477-10 10 4.477 10 10 10 10-4.477 10-10z\"><animateTransform attributeName=\"transform\" type=\"rotate\" from=\"0 67 67\" to=\"-360 67 67\" dur=\"2.5s\" repeatCount=\"indefinite\" ><\/path><path d=\"M28.19 40.31c6.627 0 12-5.374 12-12 0-6.628-5.373-12-12-12-6.628 0-12 5.372-12 12 0 6.626 5.372 12 12 12zm30.72-19.825c4.686 4.687 12.284 4.687 16.97 0 4.686-4.686 4.686-12.284 0-16.97-4.686-4.687-12.284-4.687-16.97 0-4.687 4.686-4.687 12.284 0 16.97zm35.74 7.705c0 6.627 5.37 12 12 12 6.626 0 12-5.373 12-12 0-6.628-5.374-12-12-12-6.63 0-12 5.372-12 12zm19.822 30.72c-4.686 4.686-4.686 12.284 0 16.97 4.687 4.686 12.285 4.686 16.97 0 4.687-4.686 4.687-12.284 0-16.97-4.685-4.687-12.283-4.687-16.97 0zm-7.704 35.74c-6.627 0-12 5.37-12 12 0 6.626 5.373 12 12 12s12-5.374 12-12c0-6.63-5.373-12-12-12zm-30.72 19.822c-4.686-4.686-12.284-4.686-16.97 0-4.686 4.687-4.686 12.285 0 16.97 4.686 4.687 12.284 4.687 16.97 0 4.687-4.685 4.687-12.283 0-16.97zm-35.74-7.704c0-6.627-5.372-12-12-12-6.626 0-12 5.373-12 12s5.374 12 12 12c6.628 0 12-5.373 12-12zm-19.823-30.72c4.687-4.686 4.687-12.284 0-16.97-4.686-4.686-12.284-4.686-16.97 0-4.687 4.686-4.687 12.284 0 16.97 4.686 4.687 12.284 4.687 16.97 0z\"><animateTransform attributeName=\"transform\" type=\"rotate\" from=\"0 67 67\" to=\"360 67 67\" dur=\"8s\" repeatCount=\"indefinite\" ><\/path><\/svg><input type=\"hidden\" id=\"wppa-nonce-0-1\" name=\"wppa-nonce\" value=\"aebc4bea98\" ><div style=\"clear:both;\"><\/div><div id=\"wppa-container-1-end\"><\/div><\/div><\/div>\n<!-- End [wppa type=\"content\" album=\"49\" cache=\"inf\" delay=\"yes\"] \/index.php?rest_route=%2Fwp%2Fv2%2Fposts%2F11590 oc 1 0 queries in 0.3 ms. at 11:12. Max mem: 90.00 Mb. (delayed) -->\n<p style=\"text-align: center;\"><span style=\"font-size: 10pt;\">\u00a9 Fotografien: Thomas Kasper<br \/>\n<\/span><\/p>\n<p>&nbsp;<\/p>\n<\/div>\n<\/div><\/div><\/div><\/div><\/div>","protected":false},"excerpt":{"rendered":"<p>In den letzten 10 Tagen waren tausende auf der Stra\u00dfe und verlangten von der Bundesregierung eine Orientierung auf sofortigen Waffenstillstand als erstem Schritt zum Frieden.<span class=\"more-link\"><a href=\"https:\/\/offenbacher-friedensinitiative.de\/?p=11590\">Weiterlesen &#8230;<\/a><\/span><\/p>\n","protected":false},"author":1,"featured_media":11597,"comment_status":"closed","ping_status":"closed","sticky":false,"template":"","format":"standard","meta":{"footnotes":""},"categories":[5,52],"tags":[],"class_list":["entry","author-ofi_wp","post-11590","post","type-post","status-publish","format-standard","has-post-thumbnail","category-aktionen","category-hessen"],"yoast_head":"<!-- This site is optimized with the Yoast SEO plugin v27.5 - https:\/\/yoast.com\/product\/yoast-seo-wordpress\/ -->\n<title>Verhandeln statt Schie\u00dfen - Aktionstage - Offenbacher FriedensInitiative - OFI<\/title>\n<meta name=\"description\" content=\"In den letzten 10 Tagen waren tausende auf der Stra\u00dfe und verlangten von der Bundesregierung eine Orientierung auf sofortigen Waffenstillstand als erstem Schritt zum Frieden.\" \/>\n<meta name=\"robots\" content=\"index, follow, max-snippet:-1, max-image-preview:large, max-video-preview:-1\" \/>\n<link rel=\"canonical\" href=\"https:\/\/offenbacher-friedensinitiative.de\/?p=11590\" \/>\n<meta property=\"og:locale\" content=\"de_DE\" \/>\n<meta property=\"og:type\" content=\"article\" \/>\n<meta property=\"og:title\" content=\"Verhandeln statt Schie\u00dfen - Aktionstage - Offenbacher FriedensInitiative - OFI\" \/>\n<meta property=\"og:description\" content=\"In den letzten 10 Tagen waren tausende auf der Stra\u00dfe und verlangten von der Bundesregierung eine Orientierung auf sofortigen Waffenstillstand als erstem Schritt zum Frieden.\" \/>\n<meta property=\"og:url\" content=\"https:\/\/offenbacher-friedensinitiative.de\/?p=11590\" \/>\n<meta property=\"og:site_name\" content=\"Offenbacher FriedensInitiative - OFI\" \/>\n<meta property=\"article:published_time\" content=\"2023-02-27T12:54:17+00:00\" \/>\n<meta property=\"article:modified_time\" content=\"2023-02-28T09:31:16+00:00\" \/>\n<meta property=\"og:image\" content=\"https:\/\/offenbacher-friedensinitiative.de\/wp-content\/uploads\/2023\/02\/K1600_DSC00055.jpg\" \/>\n\t<meta property=\"og:image:width\" content=\"1800\" \/>\n\t<meta property=\"og:image:height\" content=\"1200\" \/>\n\t<meta property=\"og:image:type\" content=\"image\/jpeg\" \/>\n<meta name=\"author\" content=\"OFI_WP\" \/>\n<meta name=\"twitter:card\" content=\"summary_large_image\" \/>\n<meta name=\"twitter:label1\" content=\"Verfasst von\" \/>\n\t<meta name=\"twitter:data1\" content=\"OFI_WP\" \/>\n\t<meta name=\"twitter:label2\" content=\"Gesch\u00e4tzte Lesezeit\" \/>\n\t<meta name=\"twitter:data2\" content=\"3\u00a0Minuten\" \/>\n<script type=\"application\/ld+json\" class=\"yoast-schema-graph\">{\"@context\":\"https:\\\/\\\/schema.org\",\"@graph\":[{\"@type\":\"Article\",\"@id\":\"https:\\\/\\\/offenbacher-friedensinitiative.de\\\/?p=11590#article\",\"isPartOf\":{\"@id\":\"https:\\\/\\\/offenbacher-friedensinitiative.de\\\/?p=11590\"},\"author\":{\"name\":\"OFI_WP\",\"@id\":\"https:\\\/\\\/offenbacher-friedensinitiative.de\\\/#\\\/schema\\\/person\\\/5ec566fcb70420f878023349a111f19f\"},\"headline\":\"Verhandeln statt Schie\u00dfen &#8211; Aktionstage\",\"datePublished\":\"2023-02-27T12:54:17+00:00\",\"dateModified\":\"2023-02-28T09:31:16+00:00\",\"mainEntityOfPage\":{\"@id\":\"https:\\\/\\\/offenbacher-friedensinitiative.de\\\/?p=11590\"},\"wordCount\":297,\"publisher\":{\"@id\":\"https:\\\/\\\/offenbacher-friedensinitiative.de\\\/#organization\"},\"image\":{\"@id\":\"https:\\\/\\\/offenbacher-friedensinitiative.de\\\/?p=11590#primaryimage\"},\"thumbnailUrl\":\"https:\\\/\\\/offenbacher-friedensinitiative.de\\\/wp-content\\\/uploads\\\/2023\\\/02\\\/K1600_DSC00055.jpg\",\"articleSection\":[\"Aktionen\",\"Hessen\"],\"inLanguage\":\"de\"},{\"@type\":\"WebPage\",\"@id\":\"https:\\\/\\\/offenbacher-friedensinitiative.de\\\/?p=11590\",\"url\":\"https:\\\/\\\/offenbacher-friedensinitiative.de\\\/?p=11590\",\"name\":\"Verhandeln statt Schie\u00dfen - Aktionstage - Offenbacher FriedensInitiative - OFI\",\"isPartOf\":{\"@id\":\"https:\\\/\\\/offenbacher-friedensinitiative.de\\\/#website\"},\"primaryImageOfPage\":{\"@id\":\"https:\\\/\\\/offenbacher-friedensinitiative.de\\\/?p=11590#primaryimage\"},\"image\":{\"@id\":\"https:\\\/\\\/offenbacher-friedensinitiative.de\\\/?p=11590#primaryimage\"},\"thumbnailUrl\":\"https:\\\/\\\/offenbacher-friedensinitiative.de\\\/wp-content\\\/uploads\\\/2023\\\/02\\\/K1600_DSC00055.jpg\",\"datePublished\":\"2023-02-27T12:54:17+00:00\",\"dateModified\":\"2023-02-28T09:31:16+00:00\",\"description\":\"In den letzten 10 Tagen waren tausende auf der Stra\u00dfe und verlangten von der Bundesregierung eine Orientierung auf sofortigen Waffenstillstand als erstem Schritt zum Frieden.\",\"breadcrumb\":{\"@id\":\"https:\\\/\\\/offenbacher-friedensinitiative.de\\\/?p=11590#breadcrumb\"},\"inLanguage\":\"de\",\"potentialAction\":[{\"@type\":\"ReadAction\",\"target\":[\"https:\\\/\\\/offenbacher-friedensinitiative.de\\\/?p=11590\"]}]},{\"@type\":\"ImageObject\",\"inLanguage\":\"de\",\"@id\":\"https:\\\/\\\/offenbacher-friedensinitiative.de\\\/?p=11590#primaryimage\",\"url\":\"https:\\\/\\\/offenbacher-friedensinitiative.de\\\/wp-content\\\/uploads\\\/2023\\\/02\\\/K1600_DSC00055.jpg\",\"contentUrl\":\"https:\\\/\\\/offenbacher-friedensinitiative.de\\\/wp-content\\\/uploads\\\/2023\\\/02\\\/K1600_DSC00055.jpg\",\"width\":1800,\"height\":1200},{\"@type\":\"BreadcrumbList\",\"@id\":\"https:\\\/\\\/offenbacher-friedensinitiative.de\\\/?p=11590#breadcrumb\",\"itemListElement\":[{\"@type\":\"ListItem\",\"position\":1,\"name\":\"Startseite\",\"item\":\"https:\\\/\\\/offenbacher-friedensinitiative.de\\\/\"},{\"@type\":\"ListItem\",\"position\":2,\"name\":\"Verhandeln statt Schie\u00dfen &#8211; Aktionstage\"}]},{\"@type\":\"WebSite\",\"@id\":\"https:\\\/\\\/offenbacher-friedensinitiative.de\\\/#website\",\"url\":\"https:\\\/\\\/offenbacher-friedensinitiative.de\\\/\",\"name\":\"Offenbacher FriedensInitiative\",\"description\":\"Abr\u00fcsten statt Aufr\u00fcsten |- Kriege beenden | R\u00fcstungsexporte stoppen\",\"publisher\":{\"@id\":\"https:\\\/\\\/offenbacher-friedensinitiative.de\\\/#organization\"},\"potentialAction\":[{\"@type\":\"SearchAction\",\"target\":{\"@type\":\"EntryPoint\",\"urlTemplate\":\"https:\\\/\\\/offenbacher-friedensinitiative.de\\\/?s={search_term_string}\"},\"query-input\":{\"@type\":\"PropertyValueSpecification\",\"valueRequired\":true,\"valueName\":\"search_term_string\"}}],\"inLanguage\":\"de\"},{\"@type\":\"Organization\",\"@id\":\"https:\\\/\\\/offenbacher-friedensinitiative.de\\\/#organization\",\"name\":\"Offenbacher Friedensinitiative\",\"url\":\"https:\\\/\\\/offenbacher-friedensinitiative.de\\\/\",\"logo\":{\"@type\":\"ImageObject\",\"inLanguage\":\"de\",\"@id\":\"https:\\\/\\\/offenbacher-friedensinitiative.de\\\/#\\\/schema\\\/logo\\\/image\\\/\",\"url\":\"https:\\\/\\\/offenbacher-friedensinitiative.de\\\/wp-content\\\/uploads\\\/2019\\\/03\\\/cropped-Transparen-logo.jpg\",\"contentUrl\":\"https:\\\/\\\/offenbacher-friedensinitiative.de\\\/wp-content\\\/uploads\\\/2019\\\/03\\\/cropped-Transparen-logo.jpg\",\"width\":1036,\"height\":227,\"caption\":\"Offenbacher Friedensinitiative\"},\"image\":{\"@id\":\"https:\\\/\\\/offenbacher-friedensinitiative.de\\\/#\\\/schema\\\/logo\\\/image\\\/\"}},{\"@type\":\"Person\",\"@id\":\"https:\\\/\\\/offenbacher-friedensinitiative.de\\\/#\\\/schema\\\/person\\\/5ec566fcb70420f878023349a111f19f\",\"name\":\"OFI_WP\"}]}<\/script>\n<!-- \/ Yoast SEO plugin. -->","yoast_head_json":{"title":"Verhandeln statt Schie\u00dfen - Aktionstage - Offenbacher FriedensInitiative - OFI","description":"In den letzten 10 Tagen waren tausende auf der Stra\u00dfe und verlangten von der Bundesregierung eine Orientierung auf sofortigen Waffenstillstand als erstem Schritt zum Frieden.","robots":{"index":"index","follow":"follow","max-snippet":"max-snippet:-1","max-image-preview":"max-image-preview:large","max-video-preview":"max-video-preview:-1"},"canonical":"https:\/\/offenbacher-friedensinitiative.de\/?p=11590","og_locale":"de_DE","og_type":"article","og_title":"Verhandeln statt Schie\u00dfen - Aktionstage - Offenbacher FriedensInitiative - OFI","og_description":"In den letzten 10 Tagen waren tausende auf der Stra\u00dfe und verlangten von der Bundesregierung eine Orientierung auf sofortigen Waffenstillstand als erstem Schritt zum Frieden.","og_url":"https:\/\/offenbacher-friedensinitiative.de\/?p=11590","og_site_name":"Offenbacher FriedensInitiative - OFI","article_published_time":"2023-02-27T12:54:17+00:00","article_modified_time":"2023-02-28T09:31:16+00:00","og_image":[{"width":1800,"height":1200,"url":"https:\/\/offenbacher-friedensinitiative.de\/wp-content\/uploads\/2023\/02\/K1600_DSC00055.jpg","type":"image\/jpeg"}],"author":"OFI_WP","twitter_card":"summary_large_image","twitter_misc":{"Verfasst von":"OFI_WP","Gesch\u00e4tzte Lesezeit":"3\u00a0Minuten"},"schema":{"@context":"https:\/\/schema.org","@graph":[{"@type":"Article","@id":"https:\/\/offenbacher-friedensinitiative.de\/?p=11590#article","isPartOf":{"@id":"https:\/\/offenbacher-friedensinitiative.de\/?p=11590"},"author":{"name":"OFI_WP","@id":"https:\/\/offenbacher-friedensinitiative.de\/#\/schema\/person\/5ec566fcb70420f878023349a111f19f"},"headline":"Verhandeln statt Schie\u00dfen &#8211; Aktionstage","datePublished":"2023-02-27T12:54:17+00:00","dateModified":"2023-02-28T09:31:16+00:00","mainEntityOfPage":{"@id":"https:\/\/offenbacher-friedensinitiative.de\/?p=11590"},"wordCount":297,"publisher":{"@id":"https:\/\/offenbacher-friedensinitiative.de\/#organization"},"image":{"@id":"https:\/\/offenbacher-friedensinitiative.de\/?p=11590#primaryimage"},"thumbnailUrl":"https:\/\/offenbacher-friedensinitiative.de\/wp-content\/uploads\/2023\/02\/K1600_DSC00055.jpg","articleSection":["Aktionen","Hessen"],"inLanguage":"de"},{"@type":"WebPage","@id":"https:\/\/offenbacher-friedensinitiative.de\/?p=11590","url":"https:\/\/offenbacher-friedensinitiative.de\/?p=11590","name":"Verhandeln statt Schie\u00dfen - Aktionstage - Offenbacher FriedensInitiative - OFI","isPartOf":{"@id":"https:\/\/offenbacher-friedensinitiative.de\/#website"},"primaryImageOfPage":{"@id":"https:\/\/offenbacher-friedensinitiative.de\/?p=11590#primaryimage"},"image":{"@id":"https:\/\/offenbacher-friedensinitiative.de\/?p=11590#primaryimage"},"thumbnailUrl":"https:\/\/offenbacher-friedensinitiative.de\/wp-content\/uploads\/2023\/02\/K1600_DSC00055.jpg","datePublished":"2023-02-27T12:54:17+00:00","dateModified":"2023-02-28T09:31:16+00:00","description":"In den letzten 10 Tagen waren tausende auf der Stra\u00dfe und verlangten von der Bundesregierung eine Orientierung auf sofortigen Waffenstillstand als erstem Schritt zum Frieden.","breadcrumb":{"@id":"https:\/\/offenbacher-friedensinitiative.de\/?p=11590#breadcrumb"},"inLanguage":"de","potentialAction":[{"@type":"ReadAction","target":["https:\/\/offenbacher-friedensinitiative.de\/?p=11590"]}]},{"@type":"ImageObject","inLanguage":"de","@id":"https:\/\/offenbacher-friedensinitiative.de\/?p=11590#primaryimage","url":"https:\/\/offenbacher-friedensinitiative.de\/wp-content\/uploads\/2023\/02\/K1600_DSC00055.jpg","contentUrl":"https:\/\/offenbacher-friedensinitiative.de\/wp-content\/uploads\/2023\/02\/K1600_DSC00055.jpg","width":1800,"height":1200},{"@type":"BreadcrumbList","@id":"https:\/\/offenbacher-friedensinitiative.de\/?p=11590#breadcrumb","itemListElement":[{"@type":"ListItem","position":1,"name":"Startseite","item":"https:\/\/offenbacher-friedensinitiative.de\/"},{"@type":"ListItem","position":2,"name":"Verhandeln statt Schie\u00dfen &#8211; Aktionstage"}]},{"@type":"WebSite","@id":"https:\/\/offenbacher-friedensinitiative.de\/#website","url":"https:\/\/offenbacher-friedensinitiative.de\/","name":"Offenbacher FriedensInitiative","description":"Abr\u00fcsten statt Aufr\u00fcsten |- Kriege beenden | R\u00fcstungsexporte stoppen","publisher":{"@id":"https:\/\/offenbacher-friedensinitiative.de\/#organization"},"potentialAction":[{"@type":"SearchAction","target":{"@type":"EntryPoint","urlTemplate":"https:\/\/offenbacher-friedensinitiative.de\/?s={search_term_string}"},"query-input":{"@type":"PropertyValueSpecification","valueRequired":true,"valueName":"search_term_string"}}],"inLanguage":"de"},{"@type":"Organization","@id":"https:\/\/offenbacher-friedensinitiative.de\/#organization","name":"Offenbacher Friedensinitiative","url":"https:\/\/offenbacher-friedensinitiative.de\/","logo":{"@type":"ImageObject","inLanguage":"de","@id":"https:\/\/offenbacher-friedensinitiative.de\/#\/schema\/logo\/image\/","url":"https:\/\/offenbacher-friedensinitiative.de\/wp-content\/uploads\/2019\/03\/cropped-Transparen-logo.jpg","contentUrl":"https:\/\/offenbacher-friedensinitiative.de\/wp-content\/uploads\/2019\/03\/cropped-Transparen-logo.jpg","width":1036,"height":227,"caption":"Offenbacher Friedensinitiative"},"image":{"@id":"https:\/\/offenbacher-friedensinitiative.de\/#\/schema\/logo\/image\/"}},{"@type":"Person","@id":"https:\/\/offenbacher-friedensinitiative.de\/#\/schema\/person\/5ec566fcb70420f878023349a111f19f","name":"OFI_WP"}]}},"_links":{"self":[{"href":"https:\/\/offenbacher-friedensinitiative.de\/index.php?rest_route=\/wp\/v2\/posts\/11590","targetHints":{"allow":["GET"]}}],"collection":[{"href":"https:\/\/offenbacher-friedensinitiative.de\/index.php?rest_route=\/wp\/v2\/posts"}],"about":[{"href":"https:\/\/offenbacher-friedensinitiative.de\/index.php?rest_route=\/wp\/v2\/types\/post"}],"author":[{"embeddable":true,"href":"https:\/\/offenbacher-friedensinitiative.de\/index.php?rest_route=\/wp\/v2\/users\/1"}],"replies":[{"embeddable":true,"href":"https:\/\/offenbacher-friedensinitiative.de\/index.php?rest_route=%2Fwp%2Fv2%2Fcomments&post=11590"}],"version-history":[{"count":8,"href":"https:\/\/offenbacher-friedensinitiative.de\/index.php?rest_route=\/wp\/v2\/posts\/11590\/revisions"}],"predecessor-version":[{"id":11602,"href":"https:\/\/offenbacher-friedensinitiative.de\/index.php?rest_route=\/wp\/v2\/posts\/11590\/revisions\/11602"}],"wp:featuredmedia":[{"embeddable":true,"href":"https:\/\/offenbacher-friedensinitiative.de\/index.php?rest_route=\/wp\/v2\/media\/11597"}],"wp:attachment":[{"href":"https:\/\/offenbacher-friedensinitiative.de\/index.php?rest_route=%2Fwp%2Fv2%2Fmedia&parent=11590"}],"wp:term":[{"taxonomy":"category","embeddable":true,"href":"https:\/\/offenbacher-friedensinitiative.de\/index.php?rest_route=%2Fwp%2Fv2%2Fcategories&post=11590"},{"taxonomy":"post_tag","embeddable":true,"href":"https:\/\/offenbacher-friedensinitiative.de\/index.php?rest_route=%2Fwp%2Fv2%2Ftags&post=11590"}],"curies":[{"name":"wp","href":"https:\/\/api.w.org\/{rel}","templated":true}]}}