{"id":11856,"date":"2024-01-28T23:17:37","date_gmt":"2024-01-28T22:17:37","guid":{"rendered":"https:\/\/offenbacher-friedensinitiative.de\/?p=11856"},"modified":"2024-06-02T13:16:28","modified_gmt":"2024-06-02T11:16:28","slug":"fuenfte-mahnwache-fuer-die-menschen-im-nahen-osten","status":"publish","type":"post","link":"https:\/\/offenbacher-friedensinitiative.de\/?p=11856","title":{"rendered":"F\u00fcnfte Mahnwache f\u00fcr die Menschen im Nahen Osten"},"content":{"rendered":"<div id=\"pl-11856\"  class=\"panel-layout\" ><div id=\"pg-11856-0\"  class=\"panel-grid panel-no-style\" ><div id=\"pgc-11856-0-0\"  class=\"panel-grid-cell\" ><div id=\"panel-11856-0-0-0\" class=\"so-panel widget widget_sow-editor panel-first-child\" data-index=\"0\" ><div class=\"panel-widget-style panel-widget-style-for-11856-0-0-0\" ><div\n\t\t\t\n\t\t\tclass=\"so-widget-sow-editor so-widget-sow-editor-base\"\n\t\t\t\n\t\t>\n<div class=\"siteorigin-widget-tinymce textwidget\">\n\t<p>Wenn man es darauf anlegt, kann man t\u00e4glich Nachrichten \u00fcber Menschen bekommen, die im Nahen Osten gestorben sind. Aber man muss es darauf anlegen, weil es still geworden ist in den Medien. Dabei ist die Lage in Gaza katastrophal, die Bewohner sind zunehmend verzweifelt und das Elend ist f\u00fcr Helfer kaum auszuhalten. Es gibt keine konkreten Aussichten f\u00fcr einen Waffenstillstand.<\/p>\n<p>Unsere Mahnwachen bleiben weiter notwendig. Die n\u00e4chste wird am Samstag, 3.2. um 13 Uhr wieder an der Ecke Frankfurter\/ Herrnstra\u00dfe stattfinden.<\/p>\n<\/div>\n<\/div><\/div><\/div><div id=\"panel-11856-0-0-1\" class=\"so-panel widget widget_sow-editor\" data-index=\"1\" ><div class=\"panel-widget-style panel-widget-style-for-11856-0-0-1\" ><div\n\t\t\t\n\t\t\tclass=\"so-widget-sow-editor so-widget-sow-editor-base\"\n\t\t\t\n\t\t>\n<div class=\"siteorigin-widget-tinymce textwidget\">\n\t<\/div>\n<\/div><\/div><\/div><div id=\"panel-11856-0-0-2\" class=\"so-panel widget widget_sow-editor panel-last-child\" data-index=\"2\" ><div class=\"panel-widget-style panel-widget-style-for-11856-0-0-2\" ><div\n\t\t\t\n\t\t\tclass=\"so-widget-sow-editor so-widget-sow-editor-base\"\n\t\t\t\n\t\t>\n<div class=\"siteorigin-widget-tinymce textwidget\">\n\t \n<!-- Start container 1 --><div id=\"wppa-modal-container-1\" class=\"wppa-modal-container\" style=\"position:relative;z-index:100000;\" data-wppa=\"yes\" ontouchmove=\"event.stopPropagation();\"><\/div><div id=\"wppa-container-wrapper-1\" class=\"alignnone wppa-container-wrapper \" style=\"width:100%;clear:both;padding:0;position:relative;\"><div id=\"wppa-container-1\" style=\"width:100%;\" class=\"wppa-container wppa-container-1 wppa-rev-9112007 wppa-prevrev-9111001 wppa-theme-9.1.12.007 wppa-api-9.1.12.007\"><svg id=\"wppa-ajax-spin-1\" class=\"wppa-ajax-spin uil-default\" width=\"120px\" height=\"120px\" viewBox=\"0 0 135 135\" preserveAspectRatio=\"xMidYMid\" stroke=\"\" style=\"width:120px; height:120px; position:fixed; top:50%; margin-top:-60px; left:50%; margin-left:-60px; opacity:1; display:none; fill:#666666; background-color:transparent; border-radius:24px;\"><path d=\"M67.447 58c5.523 0 10-4.477 10-10s-4.477-10-10-10-10 4.477-10 10 4.477 10 10 10zm9.448 9.447c0 5.523 4.477 10 10 10 5.522 0 10-4.477 10-10s-4.478-10-10-10c-5.523 0-10 4.477-10 10zm-9.448 9.448c-5.523 0-10 4.477-10 10 0 5.522 4.477 10 10 10s10-4.478 10-10c0-5.523-4.477-10-10-10zM58 67.447c0-5.523-4.477-10-10-10s-10 4.477-10 10 4.477 10 10 10 10-4.477 10-10z\"><animateTransform attributeName=\"transform\" type=\"rotate\" from=\"0 67 67\" to=\"-360 67 67\" dur=\"2.5s\" repeatCount=\"indefinite\" ><\/path><path d=\"M28.19 40.31c6.627 0 12-5.374 12-12 0-6.628-5.373-12-12-12-6.628 0-12 5.372-12 12 0 6.626 5.372 12 12 12zm30.72-19.825c4.686 4.687 12.284 4.687 16.97 0 4.686-4.686 4.686-12.284 0-16.97-4.686-4.687-12.284-4.687-16.97 0-4.687 4.686-4.687 12.284 0 16.97zm35.74 7.705c0 6.627 5.37 12 12 12 6.626 0 12-5.373 12-12 0-6.628-5.374-12-12-12-6.63 0-12 5.372-12 12zm19.822 30.72c-4.686 4.686-4.686 12.284 0 16.97 4.687 4.686 12.285 4.686 16.97 0 4.687-4.686 4.687-12.284 0-16.97-4.685-4.687-12.283-4.687-16.97 0zm-7.704 35.74c-6.627 0-12 5.37-12 12 0 6.626 5.373 12 12 12s12-5.374 12-12c0-6.63-5.373-12-12-12zm-30.72 19.822c-4.686-4.686-12.284-4.686-16.97 0-4.686 4.687-4.686 12.285 0 16.97 4.686 4.687 12.284 4.687 16.97 0 4.687-4.685 4.687-12.283 0-16.97zm-35.74-7.704c0-6.627-5.372-12-12-12-6.626 0-12 5.373-12 12s5.374 12 12 12c6.628 0 12-5.373 12-12zm-19.823-30.72c4.687-4.686 4.687-12.284 0-16.97-4.686-4.686-12.284-4.686-16.97 0-4.687 4.686-4.687 12.284 0 16.97 4.686 4.687 12.284 4.687 16.97 0z\"><animateTransform attributeName=\"transform\" type=\"rotate\" from=\"0 67 67\" to=\"360 67 67\" dur=\"8s\" repeatCount=\"indefinite\" ><\/path><\/svg><input type=\"hidden\" id=\"wppa-nonce-0-1\" name=\"wppa-nonce\" value=\"b4d51d4de3\" ><div id=\"wppa-bc-1\" class=\"wppa-nav wppa-box wppa-nav-text wppa-bc\" ><a href=\"https:\/\/offenbacher-friedensinitiative.de\/?p=11856#wppa-container-1\" class=\"wppa-nav-text b3\" style=\"cursor:pointer\" title=\"Post: F\u00fcnfte Mahnwache f\u00fcr die Menschen im Nahen Osten\">F\u00fcnfte Mahnwache f\u00fcr die Menschen im Nahen Osten<\/a><span class=\"wppa-nav-text b3\"> &raquo; <\/span><a onclick=\"wppaDoAjaxRender(event,1, 'https:\/\/offenbacher-friedensinitiative.de\/index.php?rest_route=\/wp-photo-album-plus\/endPoint?action=wppa&amp;wppa-action=render&amp;wppa-size=1200&amp;wppa-occur=1&amp;wppa-fromp=11856&amp;lang=de&amp;wppa-album=64&amp;wppa-cover=0&amp;wppa-occur=1', 'https:\/\/offenbacher-friedensinitiative.de\/?p=11856&lang=de&wppa-album=575eb77fe7a09bb9&wppa-cover=0&wppa-occur=1#wppa-container-1' );return false;\" href=\"https:\/\/offenbacher-friedensinitiative.de\/?p=11856&lang=de&wppa-album=575eb77fe7a09bb9&wppa-cover=0&wppa-occur=1#wppa-container-1\" class=\"wppa-nav-text b20\" style=\"cursor:pointer\" title=\"Album: 2024\">2024<\/a><span class=\"wppa-nav-text b20\"> &raquo; <\/span><span id=\"bc-pname-1\" class=\"wppa-nav-text b10\"  title=\"\">2024 F\u00fcnfte Mahnwache<\/span><div style=\"clear:both\"><\/div><\/div><div id=\"wppa-thumb-area-1\" class=\"wppa-box wppa-thumb-area wppa-thumb-area-1\" style=\"overflow:auto;\"><div id=\"wppa-popup-1\" class=\"wppa-popup-frame wppa-thumb-text\" style=\"max-width:2048px;\"><\/div><div style=\"clear:both\"><\/div><h3 id=\"wppa-albname-1\" class=\"wppa-box-text wppa-black\" style=\"padding-right:6px; margin:0;\">2024 F\u00fcnfte Mahnwache<\/h3><div style=\"clear:both\"><\/div><div id=\"wppa-albdesc-1\" class=\"wppa-box-text wppa-black wppa-thumbarea-albdesc\" style=\"padding-right:6px;\"><\/div><div style=\"clear:both\"><\/div><table class=\"wppa-masonry\" style=\"margin-top:3px;\"><tbody class=\"wppa-masonry\"><tr class=\"wppa-masonry\"><td style=\"width: 28.4280179398%; vertical-align:top;\" class=\"wppa-masonry\"><div id=\"thumbnail_frame_masonry_106a6747244b05ce_1\" style=\"float:left;position:static;font-size:12px;line-height:8px;overflow:hidden;box-sizing:content-box;\"><a href=\"https:\/\/offenbacher-friedensinitiative.de\/wp-content\/uploads\/wppa-source\/album-67\/Stoppt-den-Krieg.jpg?ver=1\" data-id=\"106a6747244b05ce\" target=\"_self\" data-rel=\"wppa[occ1]\" data-lbtitle=\"Stoppt den Krieg&lt;br&gt;&lt;div&gt;&lt;table&gt;&lt;tr&gt;&lt;td&gt;Stoppt den Krieg&lt;\/td&gt;&lt;\/tr&gt;&lt;\/table&gt;&lt;\/div&gt;\" class=\"thumb-img\" id=\"x-106a6747244b05ce-1\" data-alt=\"Stoppt den Krieg\"><img loading=\"lazy\" decoding=\"async\" id=\"i-106a6747244b05ce-1\" title=\"Vergr\u00f6\u00dfern\" style=\"width:100%; height:auto; margin:0; position:relative;box-sizing:border-box;padding:2px;opacity:1;filter:alpha(opacity=100);cursor:\" width=\"500\" height=\"277\" src=\"https:\/\/offenbacher-friedensinitiative.de\/wp-content\/uploads\/wppa\/thumbs\/584.jpg?ver=16\" alt=\"Stoppt den Krieg\" onmouseover=\"jQuery(this).fadeTo(400, 1.0);\" onmouseout=\"jQuery(this).fadeTo(400, 1);\"><\/a><\/div><div id=\"thumbnail_frame_masonry_3196966a6a0d4a1b_1\" style=\"float:left;position:static;font-size:12px;line-height:8px;overflow:hidden;box-sizing:content-box;\"><a href=\"https:\/\/offenbacher-friedensinitiative.de\/wp-content\/uploads\/wppa-source\/album-67\/Im-Gespraech2.jpg?ver=1\" data-id=\"3196966a6a0d4a1b\" target=\"_self\" data-rel=\"wppa[occ1]\" data-lbtitle=\"Im Gespr\u00e4ch2&lt;br&gt;&lt;div&gt;&lt;table&gt;&lt;tr&gt;&lt;td&gt;Im Gespr\u00e4ch2&lt;\/td&gt;&lt;\/tr&gt;&lt;\/table&gt;&lt;\/div&gt;\" class=\"thumb-img\" id=\"x-3196966a6a0d4a1b-1\" data-alt=\"Im Gespr\u00e4ch2\"><img loading=\"lazy\" decoding=\"async\" id=\"i-3196966a6a0d4a1b-1\" title=\"Vergr\u00f6\u00dfern\" style=\"width:100%; height:auto; margin:0; position:relative;box-sizing:border-box;padding:2px;opacity:1;filter:alpha(opacity=100);cursor:\" width=\"500\" height=\"284\" src=\"https:\/\/offenbacher-friedensinitiative.de\/wp-content\/uploads\/wppa\/thumbs\/575.jpg?ver=16\" alt=\"Im Gespr\u00e4ch2\" onmouseover=\"jQuery(this).fadeTo(400, 1.0);\" onmouseout=\"jQuery(this).fadeTo(400, 1);\"><\/a><\/div><div id=\"thumbnail_frame_masonry_50ecec82abfea603_1\" style=\"float:left;position:static;font-size:12px;line-height:8px;overflow:hidden;box-sizing:content-box;\"><a href=\"https:\/\/offenbacher-friedensinitiative.de\/wp-content\/uploads\/wppa-source\/album-67\/OFI-aktiv.jpg?ver=1\" data-id=\"50ecec82abfea603\" target=\"_self\" data-rel=\"wppa[occ1]\" data-lbtitle=\"OFI aktiv&lt;br&gt;&lt;div&gt;&lt;table&gt;&lt;tr&gt;&lt;td&gt;OFI aktiv&lt;\/td&gt;&lt;\/tr&gt;&lt;\/table&gt;&lt;\/div&gt;\" class=\"thumb-img\" id=\"x-50ecec82abfea603-1\" data-alt=\"OFI aktiv\"><img loading=\"lazy\" decoding=\"async\" id=\"i-50ecec82abfea603-1\" title=\"Vergr\u00f6\u00dfern\" style=\"width:100%; height:auto; margin:0; position:relative;box-sizing:border-box;padding:2px;opacity:1;filter:alpha(opacity=100);cursor:\" width=\"500\" height=\"279\" src=\"https:\/\/offenbacher-friedensinitiative.de\/wp-content\/uploads\/wppa\/thumbs\/579.jpg?ver=16\" alt=\"OFI aktiv\" onmouseover=\"jQuery(this).fadeTo(400, 1.0);\" onmouseout=\"jQuery(this).fadeTo(400, 1);\"><\/a><\/div><\/td><td style=\"width: 26.9221013138%; vertical-align:top;\" class=\"wppa-masonry\"><div id=\"thumbnail_frame_masonry_85ddd7ee13b16aec_1\" style=\"float:left;position:static;font-size:12px;line-height:8px;overflow:hidden;box-sizing:content-box;\"><a href=\"https:\/\/offenbacher-friedensinitiative.de\/wp-content\/uploads\/wppa-source\/album-67\/Beendet-das-Toeten.jpg?ver=1\" data-id=\"85ddd7ee13b16aec\" target=\"_self\" data-rel=\"wppa[occ1]\" data-lbtitle=\"Beendet das T\u00f6ten&lt;br&gt;&lt;div&gt;&lt;table&gt;&lt;tr&gt;&lt;td&gt;Beendet das T\u00f6ten&lt;\/td&gt;&lt;\/tr&gt;&lt;\/table&gt;&lt;\/div&gt;\" class=\"thumb-img\" id=\"x-85ddd7ee13b16aec-1\" data-alt=\"Beendet das T\u00f6ten\"><img loading=\"lazy\" decoding=\"async\" id=\"i-85ddd7ee13b16aec-1\" title=\"Vergr\u00f6\u00dfern\" style=\"width:100%; height:auto; margin:0; position:relative;box-sizing:border-box;padding:2px;opacity:1;filter:alpha(opacity=100);cursor:\" width=\"500\" height=\"298\" src=\"https:\/\/offenbacher-friedensinitiative.de\/wp-content\/uploads\/wppa\/thumbs\/572.jpg?ver=16\" alt=\"Beendet das T\u00f6ten\" onmouseover=\"jQuery(this).fadeTo(400, 1.0);\" onmouseout=\"jQuery(this).fadeTo(400, 1);\"><\/a><\/div><div id=\"thumbnail_frame_masonry_1e4d192234ba6686_1\" style=\"float:left;position:static;font-size:12px;line-height:8px;overflow:hidden;box-sizing:content-box;\"><a href=\"https:\/\/offenbacher-friedensinitiative.de\/wp-content\/uploads\/wppa-source\/album-67\/Im-Gespraech3.jpg?ver=1\" data-id=\"1e4d192234ba6686\" target=\"_self\" data-rel=\"wppa[occ1]\" data-lbtitle=\"Im Gespr\u00e4ch3&lt;br&gt;&lt;div&gt;&lt;table&gt;&lt;tr&gt;&lt;td&gt;Im Gespr\u00e4ch3&lt;\/td&gt;&lt;\/tr&gt;&lt;\/table&gt;&lt;\/div&gt;\" class=\"thumb-img\" id=\"x-1e4d192234ba6686-1\" data-alt=\"Im Gespr\u00e4ch3\"><img loading=\"lazy\" decoding=\"async\" id=\"i-1e4d192234ba6686-1\" title=\"Vergr\u00f6\u00dfern\" style=\"width:100%; height:auto; margin:0; position:relative;box-sizing:border-box;padding:2px;opacity:1;filter:alpha(opacity=100);cursor:\" width=\"500\" height=\"295\" src=\"https:\/\/offenbacher-friedensinitiative.de\/wp-content\/uploads\/wppa\/thumbs\/576.jpg?ver=16\" alt=\"Im Gespr\u00e4ch3\" onmouseover=\"jQuery(this).fadeTo(400, 1.0);\" onmouseout=\"jQuery(this).fadeTo(400, 1);\"><\/a><\/div><div id=\"thumbnail_frame_masonry_c76f8097fd0fd837_1\" style=\"float:left;position:static;font-size:12px;line-height:8px;overflow:hidden;box-sizing:content-box;\"><a href=\"https:\/\/offenbacher-friedensinitiative.de\/wp-content\/uploads\/wppa-source\/album-67\/Stoppt-den-Krieg2.jpg?ver=1\" data-id=\"c76f8097fd0fd837\" target=\"_self\" data-rel=\"wppa[occ1]\" data-lbtitle=\"Stoppt den Krieg2&lt;br&gt;&lt;div&gt;&lt;table&gt;&lt;tr&gt;&lt;td&gt;Stoppt den Krieg2&lt;\/td&gt;&lt;\/tr&gt;&lt;\/table&gt;&lt;\/div&gt;\" class=\"thumb-img\" id=\"x-c76f8097fd0fd837-1\" data-alt=\"Stoppt den Krieg2\"><img loading=\"lazy\" decoding=\"async\" id=\"i-c76f8097fd0fd837-1\" title=\"Vergr\u00f6\u00dfern\" style=\"width:100%; height:auto; margin:0; position:relative;box-sizing:border-box;padding:2px;opacity:1;filter:alpha(opacity=100);cursor:\" width=\"500\" height=\"296\" src=\"https:\/\/offenbacher-friedensinitiative.de\/wp-content\/uploads\/wppa\/thumbs\/580.jpg?ver=16\" alt=\"Stoppt den Krieg2\" onmouseover=\"jQuery(this).fadeTo(400, 1.0);\" onmouseout=\"jQuery(this).fadeTo(400, 1);\"><\/a><\/div><\/td><td style=\"width: 27.7624790583%; vertical-align:top;\" class=\"wppa-masonry\"><div id=\"thumbnail_frame_masonry_7ee5df2db4ecaf77_1\" style=\"float:left;position:static;font-size:12px;line-height:8px;overflow:hidden;box-sizing:content-box;\"><a href=\"https:\/\/offenbacher-friedensinitiative.de\/wp-content\/uploads\/wppa-source\/album-67\/die-lange-Reihe.jpg?ver=1\" data-id=\"7ee5df2db4ecaf77\" target=\"_self\" data-rel=\"wppa[occ1]\" data-lbtitle=\"die lange Reihe&lt;br&gt;&lt;div&gt;&lt;table&gt;&lt;tr&gt;&lt;td&gt;die lange Reihe&lt;\/td&gt;&lt;\/tr&gt;&lt;\/table&gt;&lt;\/div&gt;\" class=\"thumb-img\" id=\"x-7ee5df2db4ecaf77-1\" data-alt=\"die lange Reihe\"><img loading=\"lazy\" decoding=\"async\" id=\"i-7ee5df2db4ecaf77-1\" title=\"Vergr\u00f6\u00dfern\" style=\"width:100%; height:auto; margin:0; position:relative;box-sizing:border-box;padding:2px;opacity:1;filter:alpha(opacity=100);cursor:\" width=\"500\" height=\"278\" src=\"https:\/\/offenbacher-friedensinitiative.de\/wp-content\/uploads\/wppa\/thumbs\/573.jpg?ver=16\" alt=\"die lange Reihe\" onmouseover=\"jQuery(this).fadeTo(400, 1.0);\" onmouseout=\"jQuery(this).fadeTo(400, 1);\"><\/a><\/div><div id=\"thumbnail_frame_masonry_28dbd02841fe60cb_1\" style=\"float:left;position:static;font-size:12px;line-height:8px;overflow:hidden;box-sizing:content-box;\"><a href=\"https:\/\/offenbacher-friedensinitiative.de\/wp-content\/uploads\/wppa-source\/album-67\/Kinder-brauchen-Schutz1.jpg?ver=1\" data-id=\"28dbd02841fe60cb\" target=\"_self\" data-rel=\"wppa[occ1]\" data-lbtitle=\"Kinder brauchen Schutz1&lt;br&gt;&lt;div&gt;&lt;table&gt;&lt;tr&gt;&lt;td&gt;Kinder brauchen Schutz1&lt;\/td&gt;&lt;\/tr&gt;&lt;\/table&gt;&lt;\/div&gt;\" class=\"thumb-img\" id=\"x-28dbd02841fe60cb-1\" data-alt=\"Kinder brauchen Schutz1\"><img loading=\"lazy\" decoding=\"async\" id=\"i-28dbd02841fe60cb-1\" title=\"Vergr\u00f6\u00dfern\" style=\"width:100%; height:auto; margin:0; position:relative;box-sizing:border-box;padding:2px;opacity:1;filter:alpha(opacity=100);cursor:\" width=\"500\" height=\"305\" src=\"https:\/\/offenbacher-friedensinitiative.de\/wp-content\/uploads\/wppa\/thumbs\/577.jpg?ver=16\" alt=\"Kinder brauchen Schutz1\" onmouseover=\"jQuery(this).fadeTo(400, 1.0);\" onmouseout=\"jQuery(this).fadeTo(400, 1);\"><\/a><\/div><div id=\"thumbnail_frame_masonry_160d51f9563a9e07_1\" style=\"float:left;position:static;font-size:12px;line-height:8px;overflow:hidden;box-sizing:content-box;\"><a href=\"https:\/\/offenbacher-friedensinitiative.de\/wp-content\/uploads\/wppa-source\/album-67\/Verhindert-den-dritten-Weltkrieg.jpg?ver=1\" data-id=\"160d51f9563a9e07\" target=\"_self\" data-rel=\"wppa[occ1]\" data-lbtitle=\"Verhindert den dritten Weltkrieg&lt;br&gt;&lt;div&gt;&lt;table&gt;&lt;tr&gt;&lt;td&gt;Verhindert den dritten Weltkrieg&lt;\/td&gt;&lt;\/tr&gt;&lt;\/table&gt;&lt;\/div&gt;\" class=\"thumb-img\" id=\"x-160d51f9563a9e07-1\" data-alt=\"Verhindert den dritten Weltkrieg\"><img loading=\"lazy\" decoding=\"async\" id=\"i-160d51f9563a9e07-1\" title=\"Vergr\u00f6\u00dfern\" style=\"width:100%; height:auto; margin:0; position:relative;box-sizing:border-box;padding:2px;opacity:1;filter:alpha(opacity=100);cursor:\" width=\"500\" height=\"278\" src=\"https:\/\/offenbacher-friedensinitiative.de\/wp-content\/uploads\/wppa\/thumbs\/582.jpg?ver=16\" alt=\"Verhindert den dritten Weltkrieg\" onmouseover=\"jQuery(this).fadeTo(400, 1.0);\" onmouseout=\"jQuery(this).fadeTo(400, 1);\"><\/a><\/div><\/td><td style=\"width: 16.8874016881%; vertical-align:top;\" class=\"wppa-masonry\"><div id=\"thumbnail_frame_masonry_000ea0e87a54ea09_1\" style=\"float:left;position:static;font-size:12px;line-height:8px;overflow:hidden;box-sizing:content-box;\"><a href=\"https:\/\/offenbacher-friedensinitiative.de\/wp-content\/uploads\/wppa-source\/album-67\/Im-Gespraech1.jpg?ver=1\" data-id=\"000ea0e87a54ea09\" target=\"_self\" data-rel=\"wppa[occ1]\" data-lbtitle=\"Im Gespr\u00e4ch1&lt;br&gt;&lt;div&gt;&lt;table&gt;&lt;tr&gt;&lt;td&gt;Im Gespr\u00e4ch1&lt;\/td&gt;&lt;\/tr&gt;&lt;\/table&gt;&lt;\/div&gt;\" class=\"thumb-img\" id=\"x-000ea0e87a54ea09-1\" data-alt=\"Im Gespr\u00e4ch1\"><img loading=\"lazy\" decoding=\"async\" id=\"i-000ea0e87a54ea09-1\" title=\"Vergr\u00f6\u00dfern\" style=\"width:100%; height:auto; margin:0; position:relative;box-sizing:border-box;padding:2px;opacity:1;filter:alpha(opacity=100);cursor:\" width=\"500\" height=\"278\" src=\"https:\/\/offenbacher-friedensinitiative.de\/wp-content\/uploads\/wppa\/thumbs\/574.jpg?ver=16\" alt=\"Im Gespr\u00e4ch1\" onmouseover=\"jQuery(this).fadeTo(400, 1.0);\" onmouseout=\"jQuery(this).fadeTo(400, 1);\"><\/a><\/div><div id=\"thumbnail_frame_masonry_d9f568407d976908_1\" style=\"float:left;position:static;font-size:12px;line-height:8px;overflow:hidden;box-sizing:content-box;\"><a href=\"https:\/\/offenbacher-friedensinitiative.de\/wp-content\/uploads\/wppa-source\/album-67\/Kinder-brauchen-Schutz2.jpg?ver=1\" data-id=\"d9f568407d976908\" target=\"_self\" data-rel=\"wppa[occ1]\" data-lbtitle=\"Kinder brauchen Schutz2&lt;br&gt;&lt;div&gt;&lt;table&gt;&lt;tr&gt;&lt;td&gt;Kinder brauchen Schutz2&lt;\/td&gt;&lt;\/tr&gt;&lt;\/table&gt;&lt;\/div&gt;\" class=\"thumb-img\" id=\"x-d9f568407d976908-1\" data-alt=\"Kinder brauchen Schutz2\"><img loading=\"lazy\" decoding=\"async\" id=\"i-d9f568407d976908-1\" title=\"Vergr\u00f6\u00dfern\" style=\"width:100%; height:auto; margin:0; position:relative;box-sizing:border-box;padding:2px;opacity:1;filter:alpha(opacity=100);cursor:\" width=\"282\" height=\"500\" src=\"https:\/\/offenbacher-friedensinitiative.de\/wp-content\/uploads\/wppa\/thumbs\/578.jpg?ver=16\" alt=\"Kinder brauchen Schutz2\" onmouseover=\"jQuery(this).fadeTo(400, 1.0);\" onmouseout=\"jQuery(this).fadeTo(400, 1);\"><\/a><\/div><div id=\"thumbnail_frame_masonry_1198884aeed20313_1\" style=\"float:left;position:static;font-size:12px;line-height:8px;overflow:hidden;box-sizing:content-box;\"><a href=\"https:\/\/offenbacher-friedensinitiative.de\/wp-content\/uploads\/wppa-source\/album-67\/Waffenstillstand-jetzt.jpg?ver=1\" data-id=\"1198884aeed20313\" target=\"_self\" data-rel=\"wppa[occ1]\" data-lbtitle=\"Waffenstillstand jetzt&lt;br&gt;&lt;div&gt;&lt;table&gt;&lt;tr&gt;&lt;td&gt;Waffenstillstand jetzt&lt;\/td&gt;&lt;\/tr&gt;&lt;\/table&gt;&lt;\/div&gt;\" class=\"thumb-img\" id=\"x-1198884aeed20313-1\" data-alt=\"Waffenstillstand jetzt\"><img loading=\"lazy\" decoding=\"async\" id=\"i-1198884aeed20313-1\" title=\"Vergr\u00f6\u00dfern\" style=\"width:100%; height:auto; margin:0; position:relative;box-sizing:border-box;padding:2px;opacity:1;filter:alpha(opacity=100);cursor:\" width=\"500\" height=\"281\" src=\"https:\/\/offenbacher-friedensinitiative.de\/wp-content\/uploads\/wppa\/thumbs\/583.jpg?ver=16\" alt=\"Waffenstillstand jetzt\" onmouseover=\"jQuery(this).fadeTo(400, 1.0);\" onmouseout=\"jQuery(this).fadeTo(400, 1);\"><\/a><\/div><\/td><\/tr><\/tbody><\/table><div class=\"wppa-clear\"><\/div><\/div><div style=\"clear:both;\"><\/div><div id=\"wppa-container-1-end\"><\/div><\/div><\/div>\n<!-- End [wppa type=\"content\" album=\"67\" cache=\"inf\"] \/index.php?rest_route=%2Fwp%2Fv2%2Fposts%2F11856 oc 1 35 queries in 37.3 ms. at 10:29. Max mem: 142.00 Mb. -->\n<p style=\"text-align: center;\">\u00a9 Fotografien: Shahzaib Ahmad und Abdul Waheed<\/p>\n<\/div>\n<\/div><\/div><\/div><\/div><\/div><\/div>","protected":false},"excerpt":{"rendered":"<p>Wenn man es darauf anlegt, kann man t\u00e4glich Nachrichten \u00fcber Menschen bekommen, die im Nahen Osten gestorben sind. Aber man muss es darauf anlegen, weil<span class=\"more-link\"><a href=\"https:\/\/offenbacher-friedensinitiative.de\/?p=11856\">Weiterlesen &#8230;<\/a><\/span><\/p>\n","protected":false},"author":2,"featured_media":11852,"comment_status":"closed","ping_status":"closed","sticky":false,"template":"","format":"standard","meta":{"footnotes":""},"categories":[5],"tags":[],"class_list":["entry","author-wordpressmanfred","post-11856","post","type-post","status-publish","format-standard","has-post-thumbnail","category-aktionen"],"yoast_head":"<!-- This site is optimized with the Yoast SEO plugin v27.5 - https:\/\/yoast.com\/product\/yoast-seo-wordpress\/ -->\n<title>F\u00fcnfte Mahnwache f\u00fcr die Menschen im Nahen Osten - Offenbacher FriedensInitiative - OFI<\/title>\n<meta name=\"description\" content=\"F\u00fcnfte Mahnwache f\u00fcr die Menschen im Nahen Osten\" \/>\n<meta name=\"robots\" content=\"index, follow, max-snippet:-1, max-image-preview:large, max-video-preview:-1\" \/>\n<link rel=\"canonical\" href=\"https:\/\/offenbacher-friedensinitiative.de\/?p=11856\" \/>\n<meta property=\"og:locale\" content=\"de_DE\" \/>\n<meta property=\"og:type\" content=\"article\" \/>\n<meta property=\"og:title\" content=\"F\u00fcnfte Mahnwache f\u00fcr die Menschen im Nahen Osten - Offenbacher FriedensInitiative - OFI\" \/>\n<meta property=\"og:description\" content=\"F\u00fcnfte Mahnwache f\u00fcr die Menschen im Nahen Osten\" \/>\n<meta property=\"og:url\" content=\"https:\/\/offenbacher-friedensinitiative.de\/?p=11856\" \/>\n<meta property=\"og:site_name\" content=\"Offenbacher FriedensInitiative - OFI\" \/>\n<meta property=\"article:published_time\" content=\"2024-01-28T22:17:37+00:00\" \/>\n<meta property=\"article:modified_time\" content=\"2024-06-02T11:16:28+00:00\" \/>\n<meta property=\"og:image\" content=\"https:\/\/offenbacher-friedensinitiative.de\/wp-content\/uploads\/2024\/01\/Waffenstillstand-jetzt.jpg\" \/>\n\t<meta property=\"og:image:width\" content=\"1890\" \/>\n\t<meta property=\"og:image:height\" content=\"1064\" \/>\n\t<meta property=\"og:image:type\" content=\"image\/jpeg\" \/>\n<meta name=\"author\" content=\"MR\" \/>\n<meta name=\"twitter:card\" content=\"summary_large_image\" \/>\n<meta name=\"twitter:label1\" content=\"Verfasst von\" \/>\n\t<meta name=\"twitter:data1\" content=\"MR\" \/>\n\t<meta name=\"twitter:label2\" content=\"Gesch\u00e4tzte Lesezeit\" \/>\n\t<meta name=\"twitter:data2\" content=\"4\u00a0Minuten\" \/>\n<script type=\"application\/ld+json\" class=\"yoast-schema-graph\">{\"@context\":\"https:\\\/\\\/schema.org\",\"@graph\":[{\"@type\":\"Article\",\"@id\":\"https:\\\/\\\/offenbacher-friedensinitiative.de\\\/?p=11856#article\",\"isPartOf\":{\"@id\":\"https:\\\/\\\/offenbacher-friedensinitiative.de\\\/?p=11856\"},\"author\":{\"name\":\"MR\",\"@id\":\"https:\\\/\\\/offenbacher-friedensinitiative.de\\\/#\\\/schema\\\/person\\\/ddaa8cd62b61cd77ac77b55d600adc08\"},\"headline\":\"F\u00fcnfte Mahnwache f\u00fcr die Menschen im Nahen Osten\",\"datePublished\":\"2024-01-28T22:17:37+00:00\",\"dateModified\":\"2024-06-02T11:16:28+00:00\",\"mainEntityOfPage\":{\"@id\":\"https:\\\/\\\/offenbacher-friedensinitiative.de\\\/?p=11856\"},\"wordCount\":118,\"publisher\":{\"@id\":\"https:\\\/\\\/offenbacher-friedensinitiative.de\\\/#organization\"},\"image\":{\"@id\":\"https:\\\/\\\/offenbacher-friedensinitiative.de\\\/?p=11856#primaryimage\"},\"thumbnailUrl\":\"https:\\\/\\\/offenbacher-friedensinitiative.de\\\/wp-content\\\/uploads\\\/2024\\\/01\\\/Waffenstillstand-jetzt.jpg\",\"articleSection\":[\"Aktionen\"],\"inLanguage\":\"de\"},{\"@type\":\"WebPage\",\"@id\":\"https:\\\/\\\/offenbacher-friedensinitiative.de\\\/?p=11856\",\"url\":\"https:\\\/\\\/offenbacher-friedensinitiative.de\\\/?p=11856\",\"name\":\"F\u00fcnfte Mahnwache f\u00fcr die Menschen im Nahen Osten - Offenbacher FriedensInitiative - OFI\",\"isPartOf\":{\"@id\":\"https:\\\/\\\/offenbacher-friedensinitiative.de\\\/#website\"},\"primaryImageOfPage\":{\"@id\":\"https:\\\/\\\/offenbacher-friedensinitiative.de\\\/?p=11856#primaryimage\"},\"image\":{\"@id\":\"https:\\\/\\\/offenbacher-friedensinitiative.de\\\/?p=11856#primaryimage\"},\"thumbnailUrl\":\"https:\\\/\\\/offenbacher-friedensinitiative.de\\\/wp-content\\\/uploads\\\/2024\\\/01\\\/Waffenstillstand-jetzt.jpg\",\"datePublished\":\"2024-01-28T22:17:37+00:00\",\"dateModified\":\"2024-06-02T11:16:28+00:00\",\"description\":\"F\u00fcnfte Mahnwache f\u00fcr die Menschen im Nahen Osten\",\"breadcrumb\":{\"@id\":\"https:\\\/\\\/offenbacher-friedensinitiative.de\\\/?p=11856#breadcrumb\"},\"inLanguage\":\"de\",\"potentialAction\":[{\"@type\":\"ReadAction\",\"target\":[\"https:\\\/\\\/offenbacher-friedensinitiative.de\\\/?p=11856\"]}]},{\"@type\":\"ImageObject\",\"inLanguage\":\"de\",\"@id\":\"https:\\\/\\\/offenbacher-friedensinitiative.de\\\/?p=11856#primaryimage\",\"url\":\"https:\\\/\\\/offenbacher-friedensinitiative.de\\\/wp-content\\\/uploads\\\/2024\\\/01\\\/Waffenstillstand-jetzt.jpg\",\"contentUrl\":\"https:\\\/\\\/offenbacher-friedensinitiative.de\\\/wp-content\\\/uploads\\\/2024\\\/01\\\/Waffenstillstand-jetzt.jpg\",\"width\":1890,\"height\":1064},{\"@type\":\"BreadcrumbList\",\"@id\":\"https:\\\/\\\/offenbacher-friedensinitiative.de\\\/?p=11856#breadcrumb\",\"itemListElement\":[{\"@type\":\"ListItem\",\"position\":1,\"name\":\"Startseite\",\"item\":\"https:\\\/\\\/offenbacher-friedensinitiative.de\\\/\"},{\"@type\":\"ListItem\",\"position\":2,\"name\":\"F\u00fcnfte Mahnwache f\u00fcr die Menschen im Nahen Osten\"}]},{\"@type\":\"WebSite\",\"@id\":\"https:\\\/\\\/offenbacher-friedensinitiative.de\\\/#website\",\"url\":\"https:\\\/\\\/offenbacher-friedensinitiative.de\\\/\",\"name\":\"Offenbacher FriedensInitiative\",\"description\":\"Abr\u00fcsten statt Aufr\u00fcsten |- Kriege beenden | R\u00fcstungsexporte stoppen\",\"publisher\":{\"@id\":\"https:\\\/\\\/offenbacher-friedensinitiative.de\\\/#organization\"},\"potentialAction\":[{\"@type\":\"SearchAction\",\"target\":{\"@type\":\"EntryPoint\",\"urlTemplate\":\"https:\\\/\\\/offenbacher-friedensinitiative.de\\\/?s={search_term_string}\"},\"query-input\":{\"@type\":\"PropertyValueSpecification\",\"valueRequired\":true,\"valueName\":\"search_term_string\"}}],\"inLanguage\":\"de\"},{\"@type\":\"Organization\",\"@id\":\"https:\\\/\\\/offenbacher-friedensinitiative.de\\\/#organization\",\"name\":\"Offenbacher Friedensinitiative\",\"url\":\"https:\\\/\\\/offenbacher-friedensinitiative.de\\\/\",\"logo\":{\"@type\":\"ImageObject\",\"inLanguage\":\"de\",\"@id\":\"https:\\\/\\\/offenbacher-friedensinitiative.de\\\/#\\\/schema\\\/logo\\\/image\\\/\",\"url\":\"https:\\\/\\\/offenbacher-friedensinitiative.de\\\/wp-content\\\/uploads\\\/2019\\\/03\\\/cropped-Transparen-logo.jpg\",\"contentUrl\":\"https:\\\/\\\/offenbacher-friedensinitiative.de\\\/wp-content\\\/uploads\\\/2019\\\/03\\\/cropped-Transparen-logo.jpg\",\"width\":1036,\"height\":227,\"caption\":\"Offenbacher Friedensinitiative\"},\"image\":{\"@id\":\"https:\\\/\\\/offenbacher-friedensinitiative.de\\\/#\\\/schema\\\/logo\\\/image\\\/\"}},{\"@type\":\"Person\",\"@id\":\"https:\\\/\\\/offenbacher-friedensinitiative.de\\\/#\\\/schema\\\/person\\\/ddaa8cd62b61cd77ac77b55d600adc08\",\"name\":\"MR\"}]}<\/script>\n<!-- \/ Yoast SEO plugin. -->","yoast_head_json":{"title":"F\u00fcnfte Mahnwache f\u00fcr die Menschen im Nahen Osten - Offenbacher FriedensInitiative - OFI","description":"F\u00fcnfte Mahnwache f\u00fcr die Menschen im Nahen Osten","robots":{"index":"index","follow":"follow","max-snippet":"max-snippet:-1","max-image-preview":"max-image-preview:large","max-video-preview":"max-video-preview:-1"},"canonical":"https:\/\/offenbacher-friedensinitiative.de\/?p=11856","og_locale":"de_DE","og_type":"article","og_title":"F\u00fcnfte Mahnwache f\u00fcr die Menschen im Nahen Osten - Offenbacher FriedensInitiative - OFI","og_description":"F\u00fcnfte Mahnwache f\u00fcr die Menschen im Nahen Osten","og_url":"https:\/\/offenbacher-friedensinitiative.de\/?p=11856","og_site_name":"Offenbacher FriedensInitiative - OFI","article_published_time":"2024-01-28T22:17:37+00:00","article_modified_time":"2024-06-02T11:16:28+00:00","og_image":[{"width":1890,"height":1064,"url":"https:\/\/offenbacher-friedensinitiative.de\/wp-content\/uploads\/2024\/01\/Waffenstillstand-jetzt.jpg","type":"image\/jpeg"}],"author":"MR","twitter_card":"summary_large_image","twitter_misc":{"Verfasst von":"MR","Gesch\u00e4tzte Lesezeit":"4\u00a0Minuten"},"schema":{"@context":"https:\/\/schema.org","@graph":[{"@type":"Article","@id":"https:\/\/offenbacher-friedensinitiative.de\/?p=11856#article","isPartOf":{"@id":"https:\/\/offenbacher-friedensinitiative.de\/?p=11856"},"author":{"name":"MR","@id":"https:\/\/offenbacher-friedensinitiative.de\/#\/schema\/person\/ddaa8cd62b61cd77ac77b55d600adc08"},"headline":"F\u00fcnfte Mahnwache f\u00fcr die Menschen im Nahen Osten","datePublished":"2024-01-28T22:17:37+00:00","dateModified":"2024-06-02T11:16:28+00:00","mainEntityOfPage":{"@id":"https:\/\/offenbacher-friedensinitiative.de\/?p=11856"},"wordCount":118,"publisher":{"@id":"https:\/\/offenbacher-friedensinitiative.de\/#organization"},"image":{"@id":"https:\/\/offenbacher-friedensinitiative.de\/?p=11856#primaryimage"},"thumbnailUrl":"https:\/\/offenbacher-friedensinitiative.de\/wp-content\/uploads\/2024\/01\/Waffenstillstand-jetzt.jpg","articleSection":["Aktionen"],"inLanguage":"de"},{"@type":"WebPage","@id":"https:\/\/offenbacher-friedensinitiative.de\/?p=11856","url":"https:\/\/offenbacher-friedensinitiative.de\/?p=11856","name":"F\u00fcnfte Mahnwache f\u00fcr die Menschen im Nahen Osten - Offenbacher FriedensInitiative - OFI","isPartOf":{"@id":"https:\/\/offenbacher-friedensinitiative.de\/#website"},"primaryImageOfPage":{"@id":"https:\/\/offenbacher-friedensinitiative.de\/?p=11856#primaryimage"},"image":{"@id":"https:\/\/offenbacher-friedensinitiative.de\/?p=11856#primaryimage"},"thumbnailUrl":"https:\/\/offenbacher-friedensinitiative.de\/wp-content\/uploads\/2024\/01\/Waffenstillstand-jetzt.jpg","datePublished":"2024-01-28T22:17:37+00:00","dateModified":"2024-06-02T11:16:28+00:00","description":"F\u00fcnfte Mahnwache f\u00fcr die Menschen im Nahen Osten","breadcrumb":{"@id":"https:\/\/offenbacher-friedensinitiative.de\/?p=11856#breadcrumb"},"inLanguage":"de","potentialAction":[{"@type":"ReadAction","target":["https:\/\/offenbacher-friedensinitiative.de\/?p=11856"]}]},{"@type":"ImageObject","inLanguage":"de","@id":"https:\/\/offenbacher-friedensinitiative.de\/?p=11856#primaryimage","url":"https:\/\/offenbacher-friedensinitiative.de\/wp-content\/uploads\/2024\/01\/Waffenstillstand-jetzt.jpg","contentUrl":"https:\/\/offenbacher-friedensinitiative.de\/wp-content\/uploads\/2024\/01\/Waffenstillstand-jetzt.jpg","width":1890,"height":1064},{"@type":"BreadcrumbList","@id":"https:\/\/offenbacher-friedensinitiative.de\/?p=11856#breadcrumb","itemListElement":[{"@type":"ListItem","position":1,"name":"Startseite","item":"https:\/\/offenbacher-friedensinitiative.de\/"},{"@type":"ListItem","position":2,"name":"F\u00fcnfte Mahnwache f\u00fcr die Menschen im Nahen Osten"}]},{"@type":"WebSite","@id":"https:\/\/offenbacher-friedensinitiative.de\/#website","url":"https:\/\/offenbacher-friedensinitiative.de\/","name":"Offenbacher FriedensInitiative","description":"Abr\u00fcsten statt Aufr\u00fcsten |- Kriege beenden | R\u00fcstungsexporte stoppen","publisher":{"@id":"https:\/\/offenbacher-friedensinitiative.de\/#organization"},"potentialAction":[{"@type":"SearchAction","target":{"@type":"EntryPoint","urlTemplate":"https:\/\/offenbacher-friedensinitiative.de\/?s={search_term_string}"},"query-input":{"@type":"PropertyValueSpecification","valueRequired":true,"valueName":"search_term_string"}}],"inLanguage":"de"},{"@type":"Organization","@id":"https:\/\/offenbacher-friedensinitiative.de\/#organization","name":"Offenbacher Friedensinitiative","url":"https:\/\/offenbacher-friedensinitiative.de\/","logo":{"@type":"ImageObject","inLanguage":"de","@id":"https:\/\/offenbacher-friedensinitiative.de\/#\/schema\/logo\/image\/","url":"https:\/\/offenbacher-friedensinitiative.de\/wp-content\/uploads\/2019\/03\/cropped-Transparen-logo.jpg","contentUrl":"https:\/\/offenbacher-friedensinitiative.de\/wp-content\/uploads\/2019\/03\/cropped-Transparen-logo.jpg","width":1036,"height":227,"caption":"Offenbacher Friedensinitiative"},"image":{"@id":"https:\/\/offenbacher-friedensinitiative.de\/#\/schema\/logo\/image\/"}},{"@type":"Person","@id":"https:\/\/offenbacher-friedensinitiative.de\/#\/schema\/person\/ddaa8cd62b61cd77ac77b55d600adc08","name":"MR"}]}},"_links":{"self":[{"href":"https:\/\/offenbacher-friedensinitiative.de\/index.php?rest_route=\/wp\/v2\/posts\/11856","targetHints":{"allow":["GET"]}}],"collection":[{"href":"https:\/\/offenbacher-friedensinitiative.de\/index.php?rest_route=\/wp\/v2\/posts"}],"about":[{"href":"https:\/\/offenbacher-friedensinitiative.de\/index.php?rest_route=\/wp\/v2\/types\/post"}],"author":[{"embeddable":true,"href":"https:\/\/offenbacher-friedensinitiative.de\/index.php?rest_route=\/wp\/v2\/users\/2"}],"replies":[{"embeddable":true,"href":"https:\/\/offenbacher-friedensinitiative.de\/index.php?rest_route=%2Fwp%2Fv2%2Fcomments&post=11856"}],"version-history":[{"count":5,"href":"https:\/\/offenbacher-friedensinitiative.de\/index.php?rest_route=\/wp\/v2\/posts\/11856\/revisions"}],"predecessor-version":[{"id":12134,"href":"https:\/\/offenbacher-friedensinitiative.de\/index.php?rest_route=\/wp\/v2\/posts\/11856\/revisions\/12134"}],"wp:featuredmedia":[{"embeddable":true,"href":"https:\/\/offenbacher-friedensinitiative.de\/index.php?rest_route=\/wp\/v2\/media\/11852"}],"wp:attachment":[{"href":"https:\/\/offenbacher-friedensinitiative.de\/index.php?rest_route=%2Fwp%2Fv2%2Fmedia&parent=11856"}],"wp:term":[{"taxonomy":"category","embeddable":true,"href":"https:\/\/offenbacher-friedensinitiative.de\/index.php?rest_route=%2Fwp%2Fv2%2Fcategories&post=11856"},{"taxonomy":"post_tag","embeddable":true,"href":"https:\/\/offenbacher-friedensinitiative.de\/index.php?rest_route=%2Fwp%2Fv2%2Ftags&post=11856"}],"curies":[{"name":"wp","href":"https:\/\/api.w.org\/{rel}","templated":true}]}}