{"id":11887,"date":"2024-02-27T19:25:46","date_gmt":"2024-02-27T18:25:46","guid":{"rendered":"https:\/\/offenbacher-friedensinitiative.de\/?p=11887"},"modified":"2024-02-28T09:20:51","modified_gmt":"2024-02-28T08:20:51","slug":"zweiter-jahrestag-des-kriegs-in-der-ukraine","status":"publish","type":"post","link":"https:\/\/offenbacher-friedensinitiative.de\/?p=11887","title":{"rendered":"Zweiter Jahrestag des Kriegs in der Ukraine"},"content":{"rendered":"<div id=\"pl-11887\"  class=\"panel-layout\" ><div id=\"pg-11887-0\"  class=\"panel-grid panel-no-style\" ><div id=\"pgc-11887-0-0\"  class=\"panel-grid-cell\" ><div id=\"panel-11887-0-0-0\" class=\"so-panel widget widget_sow-editor panel-first-child\" data-index=\"0\" ><div class=\"panel-widget-style panel-widget-style-for-11887-0-0-0\" ><div\n\t\t\t\n\t\t\tclass=\"so-widget-sow-editor so-widget-sow-editor-base\"\n\t\t\t\n\t\t>\n<div class=\"siteorigin-widget-tinymce textwidget\">\n\t<p>Aus Anlass des zweiten Jahrestages des Kriegs in der Ukraine gab es verschiede politische Veranstaltungen. Die OFI rief auf zur Teilnahme an einer Aktion in Frankfurt unter dem Motto \u201eStoppt das T\u00f6ten in der Ukraine \u2013 f\u00fcr Waffenstillstand und Verhandlungen!\u201c. Trotz wechselhaftem Wetter folgten dem Aufruf ca. 500 Menschen. Mit vielen Plakaten und Fahnen wurde darauf hingewiesen, dass f\u00fcr diesen furchtbaren Krieg auch mit noch mehr Waffen kein Ende zu erhoffen ist. Im Gegenteil w\u00fcrden Raketen, wie die Taurus, die Gefahr erh\u00f6hen, dass auch Deutschland Gefechtsfeld wird.<\/p>\n<p>Margot K\u00e4\u00dfmann -als Hauptrednerin in Frankfurt- legte einen Schwerpunkt auf die Gefahr der fortschreitenden Militarisierung unserer Gesellschaft. Sie sagte \u201eNein zu Atomwaffen\u201c, was ja eine Selbstverst\u00e4ndlichkeit sein sollte. \u201eJa, zur Friedensbewegung\u201c, die sich nicht dikreditieren lassen sollte.<\/p>\n<p>Die Redner*innen anderer Organisationen setzten in ihren kurzen Beitr\u00e4gen verschiedene Schwerpunkte, wie die Situation von Deserteuren, Umweltfragen und andere.<\/p>\n<p>Alle Reden sind <a href=\"https:\/\/www.dfg-vk-hessen.de\/aktuell\/stoppt-das-toeten-in-der-ukraine-feb24\" target=\"_blank\" rel=\"noopener\">hier <\/a> nachzulesen.<\/p>\n<p><a href=\"https:\/\/bawue.dfg-vk.de\/redebeitrag-von-juergen-graesslin\/\" target=\"_blank\" rel=\"noopener\">Hier <\/a>die Rede von J\u00fcrgen Gr\u00e4sslin\u00a0 in Stuttgart, der unter anderem bilanzierte: \u201eNichts ist gut f\u00fcr die Ukraine.\u201c<\/p>\n<p>Au\u00dferdem ist die <a href=\"https:\/\/offenbacher-friedensinitiative.de\/wp-content\/uploads\/wppa-source\/album-65\/24Feb-Luehr-Henken-Rede.pdf\" target=\"_blank\" rel=\"noopener\">Rede von L\u00fchr Henken<\/a> in Berlin interessant, der im Einzelnen der Frage nachgeht, was die Taurus-Spende bedeuten w\u00fcrde.<\/p>\n<p>In vielen Reden wurde mehr Diplomatie statt Waffen gefordert. Das Standardargument dagegen ist, mit Putin k\u00f6nne man nicht verhandeln. Nun war es der Westen, der im Jahr 2022 einen Waffenstillstand verhinderte. Das zeigt die <a href=\"https:\/\/braveneweurope.com\/michael-von-der-schulenburg-hajo-funke-harald-kujat-frieden-fur-ukraine\" target=\"_blank\" rel=\"noopener\">Dokumentation von Michael von der Schulenburg, Hajo Funke, Harald Kujat<\/a> der gescheiterten ukrainisch-russischen Friedensverhandlungen im M\u00e4rz 2022.<\/p>\n<p>Wir m\u00fcssen selbstbewusst weiter den Wahnsinn anprangern, den uns fast alle Politiker als Vernunft verkaufen wollen. Es ist deutlich sp\u00e4ter als 5 vor 12.<\/p>\n<\/div>\n<\/div><\/div><\/div><div id=\"panel-11887-0-0-1\" class=\"so-panel widget widget_sow-editor\" data-index=\"1\" ><div class=\"panel-widget-style panel-widget-style-for-11887-0-0-1\" ><div\n\t\t\t\n\t\t\tclass=\"so-widget-sow-editor so-widget-sow-editor-base\"\n\t\t\t\n\t\t>\n<div class=\"siteorigin-widget-tinymce textwidget\">\n\t<\/div>\n<\/div><\/div><\/div><div id=\"panel-11887-0-0-2\" class=\"so-panel widget widget_sow-editor panel-last-child\" data-index=\"2\" ><div class=\"panel-widget-style panel-widget-style-for-11887-0-0-2\" ><div\n\t\t\t\n\t\t\tclass=\"so-widget-sow-editor so-widget-sow-editor-base\"\n\t\t\t\n\t\t>\n<div class=\"siteorigin-widget-tinymce textwidget\">\n\t \n<!-- Start container 1 --><div id=\"wppa-modal-container-1\" class=\"wppa-modal-container\" style=\"position:relative;z-index:100000;\" data-wppa=\"yes\" ontouchmove=\"event.stopPropagation();\"><\/div><div id=\"wppa-container-wrapper-1\" class=\"alignnone wppa-container-wrapper \" style=\"width:100%;clear:both;padding:0;position:relative;\"><div id=\"wppa-container-1\" style=\"width:100%;\" class=\"wppa-container wppa-container-1 wppa-rev-9111001 wppa-prevrev-9110011 wppa-theme-9.1.11.001 wppa-api-9.1.11.001\"><svg id=\"wppa-ajax-spin-1\" class=\"wppa-ajax-spin uil-default\" width=\"120px\" height=\"120px\" viewBox=\"0 0 135 135\" preserveAspectRatio=\"xMidYMid\" stroke=\"\" style=\"width:120px; height:120px; position:fixed; top:50%; margin-top:-60px; left:50%; margin-left:-60px; opacity:1; display:none; fill:#666666; background-color:transparent; border-radius:24px;\"><path d=\"M67.447 58c5.523 0 10-4.477 10-10s-4.477-10-10-10-10 4.477-10 10 4.477 10 10 10zm9.448 9.447c0 5.523 4.477 10 10 10 5.522 0 10-4.477 10-10s-4.478-10-10-10c-5.523 0-10 4.477-10 10zm-9.448 9.448c-5.523 0-10 4.477-10 10 0 5.522 4.477 10 10 10s10-4.478 10-10c0-5.523-4.477-10-10-10zM58 67.447c0-5.523-4.477-10-10-10s-10 4.477-10 10 4.477 10 10 10 10-4.477 10-10z\"><animateTransform attributeName=\"transform\" type=\"rotate\" from=\"0 67 67\" to=\"-360 67 67\" dur=\"2.5s\" repeatCount=\"indefinite\" ><\/path><path d=\"M28.19 40.31c6.627 0 12-5.374 12-12 0-6.628-5.373-12-12-12-6.628 0-12 5.372-12 12 0 6.626 5.372 12 12 12zm30.72-19.825c4.686 4.687 12.284 4.687 16.97 0 4.686-4.686 4.686-12.284 0-16.97-4.686-4.687-12.284-4.687-16.97 0-4.687 4.686-4.687 12.284 0 16.97zm35.74 7.705c0 6.627 5.37 12 12 12 6.626 0 12-5.373 12-12 0-6.628-5.374-12-12-12-6.63 0-12 5.372-12 12zm19.822 30.72c-4.686 4.686-4.686 12.284 0 16.97 4.687 4.686 12.285 4.686 16.97 0 4.687-4.686 4.687-12.284 0-16.97-4.685-4.687-12.283-4.687-16.97 0zm-7.704 35.74c-6.627 0-12 5.37-12 12 0 6.626 5.373 12 12 12s12-5.374 12-12c0-6.63-5.373-12-12-12zm-30.72 19.822c-4.686-4.686-12.284-4.686-16.97 0-4.686 4.687-4.686 12.285 0 16.97 4.686 4.687 12.284 4.687 16.97 0 4.687-4.685 4.687-12.283 0-16.97zm-35.74-7.704c0-6.627-5.372-12-12-12-6.626 0-12 5.373-12 12s5.374 12 12 12c6.628 0 12-5.373 12-12zm-19.823-30.72c4.687-4.686 4.687-12.284 0-16.97-4.686-4.686-12.284-4.686-16.97 0-4.687 4.686-4.687 12.284 0 16.97 4.686 4.687 12.284 4.687 16.97 0z\"><animateTransform attributeName=\"transform\" type=\"rotate\" from=\"0 67 67\" to=\"360 67 67\" dur=\"8s\" repeatCount=\"indefinite\" ><\/path><\/svg><input type=\"hidden\" id=\"wppa-nonce-0-1\" name=\"wppa-nonce\" value=\"29ad27c7bf\" ><div style=\"clear:both;\"><\/div><div id=\"wppa-container-1-end\"><\/div><\/div><\/div>\n<!-- End [wppa type=\"content\" album=\"69\" cache=\"inf\" delay=\"yes\"] \/index.php?rest_route=%2Fwp%2Fv2%2Fposts%2F11887 oc 1 0 queries in 0.3 ms. at 01:08. Max mem: 78.00 Mb. (delayed) -->\n<p style=\"text-align: center;\">\u00a9 Fotografien: Thomas Kasper<\/p>\n<\/div>\n<\/div><\/div><\/div><\/div><\/div><\/div>","protected":false},"excerpt":{"rendered":"<p>Aus Anlass des zweiten Jahrestages des Kriegs in der Ukraine gab es verschiede politische Veranstaltungen. Die OFI rief auf zur Teilnahme an einer Aktion in<span class=\"more-link\"><a href=\"https:\/\/offenbacher-friedensinitiative.de\/?p=11887\">Weiterlesen &#8230;<\/a><\/span><\/p>\n","protected":false},"author":2,"featured_media":11886,"comment_status":"closed","ping_status":"closed","sticky":false,"template":"","format":"standard","meta":{"footnotes":""},"categories":[5],"tags":[],"class_list":["entry","author-wordpressmanfred","post-11887","post","type-post","status-publish","format-standard","has-post-thumbnail","category-aktionen"],"yoast_head":"<!-- This site is optimized with the Yoast SEO plugin v27.5 - https:\/\/yoast.com\/product\/yoast-seo-wordpress\/ -->\n<title>Zweiter Jahrestag des Kriegs in der Ukraine - Offenbacher FriedensInitiative - OFI<\/title>\n<meta name=\"description\" content=\"Aus Anlass des zweiten Jahrestages des Kriegs in der Ukraine gab es verschieden politische Veranstaltungen. Die OFI rief auf zur Teilnahme an einer Aktion in Frankfurt unter dem Motto \u201eStoppt das T\u00f6ten in der Ukraine \u2013 f\u00fcr Waffenstillstand und Verhandlungen!\u201c.\" \/>\n<meta name=\"robots\" content=\"index, follow, max-snippet:-1, max-image-preview:large, max-video-preview:-1\" \/>\n<link rel=\"canonical\" href=\"https:\/\/offenbacher-friedensinitiative.de\/?p=11887\" \/>\n<meta property=\"og:locale\" content=\"de_DE\" \/>\n<meta property=\"og:type\" content=\"article\" \/>\n<meta property=\"og:title\" content=\"Zweiter Jahrestag des Kriegs in der Ukraine - Offenbacher FriedensInitiative - OFI\" \/>\n<meta property=\"og:description\" content=\"Aus Anlass des zweiten Jahrestages des Kriegs in der Ukraine gab es verschieden politische Veranstaltungen. Die OFI rief auf zur Teilnahme an einer Aktion in Frankfurt unter dem Motto \u201eStoppt das T\u00f6ten in der Ukraine \u2013 f\u00fcr Waffenstillstand und Verhandlungen!\u201c.\" \/>\n<meta property=\"og:url\" content=\"https:\/\/offenbacher-friedensinitiative.de\/?p=11887\" \/>\n<meta property=\"og:site_name\" content=\"Offenbacher FriedensInitiative - OFI\" \/>\n<meta property=\"article:published_time\" content=\"2024-02-27T18:25:46+00:00\" \/>\n<meta property=\"article:modified_time\" content=\"2024-02-28T08:20:51+00:00\" \/>\n<meta property=\"og:image\" content=\"https:\/\/offenbacher-friedensinitiative.de\/wp-content\/uploads\/2024\/02\/Friedensdemo1.jpg\" \/>\n\t<meta property=\"og:image:width\" content=\"1698\" \/>\n\t<meta property=\"og:image:height\" content=\"1200\" \/>\n\t<meta property=\"og:image:type\" content=\"image\/jpeg\" \/>\n<meta name=\"author\" content=\"MR\" \/>\n<meta name=\"twitter:card\" content=\"summary_large_image\" \/>\n<meta name=\"twitter:label1\" content=\"Verfasst von\" \/>\n\t<meta name=\"twitter:data1\" content=\"MR\" \/>\n\t<meta name=\"twitter:label2\" content=\"Gesch\u00e4tzte Lesezeit\" \/>\n\t<meta name=\"twitter:data2\" content=\"3\u00a0Minuten\" \/>\n<script type=\"application\/ld+json\" class=\"yoast-schema-graph\">{\"@context\":\"https:\\\/\\\/schema.org\",\"@graph\":[{\"@type\":\"Article\",\"@id\":\"https:\\\/\\\/offenbacher-friedensinitiative.de\\\/?p=11887#article\",\"isPartOf\":{\"@id\":\"https:\\\/\\\/offenbacher-friedensinitiative.de\\\/?p=11887\"},\"author\":{\"name\":\"MR\",\"@id\":\"https:\\\/\\\/offenbacher-friedensinitiative.de\\\/#\\\/schema\\\/person\\\/ddaa8cd62b61cd77ac77b55d600adc08\"},\"headline\":\"Zweiter Jahrestag des Kriegs in der Ukraine\",\"datePublished\":\"2024-02-27T18:25:46+00:00\",\"dateModified\":\"2024-02-28T08:20:51+00:00\",\"mainEntityOfPage\":{\"@id\":\"https:\\\/\\\/offenbacher-friedensinitiative.de\\\/?p=11887\"},\"wordCount\":293,\"publisher\":{\"@id\":\"https:\\\/\\\/offenbacher-friedensinitiative.de\\\/#organization\"},\"image\":{\"@id\":\"https:\\\/\\\/offenbacher-friedensinitiative.de\\\/?p=11887#primaryimage\"},\"thumbnailUrl\":\"https:\\\/\\\/offenbacher-friedensinitiative.de\\\/wp-content\\\/uploads\\\/2024\\\/02\\\/Friedensdemo1.jpg\",\"articleSection\":[\"Aktionen\"],\"inLanguage\":\"de\"},{\"@type\":\"WebPage\",\"@id\":\"https:\\\/\\\/offenbacher-friedensinitiative.de\\\/?p=11887\",\"url\":\"https:\\\/\\\/offenbacher-friedensinitiative.de\\\/?p=11887\",\"name\":\"Zweiter Jahrestag des Kriegs in der Ukraine - Offenbacher FriedensInitiative - OFI\",\"isPartOf\":{\"@id\":\"https:\\\/\\\/offenbacher-friedensinitiative.de\\\/#website\"},\"primaryImageOfPage\":{\"@id\":\"https:\\\/\\\/offenbacher-friedensinitiative.de\\\/?p=11887#primaryimage\"},\"image\":{\"@id\":\"https:\\\/\\\/offenbacher-friedensinitiative.de\\\/?p=11887#primaryimage\"},\"thumbnailUrl\":\"https:\\\/\\\/offenbacher-friedensinitiative.de\\\/wp-content\\\/uploads\\\/2024\\\/02\\\/Friedensdemo1.jpg\",\"datePublished\":\"2024-02-27T18:25:46+00:00\",\"dateModified\":\"2024-02-28T08:20:51+00:00\",\"description\":\"Aus Anlass des zweiten Jahrestages des Kriegs in der Ukraine gab es verschieden politische Veranstaltungen. Die OFI rief auf zur Teilnahme an einer Aktion in Frankfurt unter dem Motto \u201eStoppt das T\u00f6ten in der Ukraine \u2013 f\u00fcr Waffenstillstand und Verhandlungen!\u201c.\",\"breadcrumb\":{\"@id\":\"https:\\\/\\\/offenbacher-friedensinitiative.de\\\/?p=11887#breadcrumb\"},\"inLanguage\":\"de\",\"potentialAction\":[{\"@type\":\"ReadAction\",\"target\":[\"https:\\\/\\\/offenbacher-friedensinitiative.de\\\/?p=11887\"]}]},{\"@type\":\"ImageObject\",\"inLanguage\":\"de\",\"@id\":\"https:\\\/\\\/offenbacher-friedensinitiative.de\\\/?p=11887#primaryimage\",\"url\":\"https:\\\/\\\/offenbacher-friedensinitiative.de\\\/wp-content\\\/uploads\\\/2024\\\/02\\\/Friedensdemo1.jpg\",\"contentUrl\":\"https:\\\/\\\/offenbacher-friedensinitiative.de\\\/wp-content\\\/uploads\\\/2024\\\/02\\\/Friedensdemo1.jpg\",\"width\":1698,\"height\":1200},{\"@type\":\"BreadcrumbList\",\"@id\":\"https:\\\/\\\/offenbacher-friedensinitiative.de\\\/?p=11887#breadcrumb\",\"itemListElement\":[{\"@type\":\"ListItem\",\"position\":1,\"name\":\"Startseite\",\"item\":\"https:\\\/\\\/offenbacher-friedensinitiative.de\\\/\"},{\"@type\":\"ListItem\",\"position\":2,\"name\":\"Zweiter Jahrestag des Kriegs in der Ukraine\"}]},{\"@type\":\"WebSite\",\"@id\":\"https:\\\/\\\/offenbacher-friedensinitiative.de\\\/#website\",\"url\":\"https:\\\/\\\/offenbacher-friedensinitiative.de\\\/\",\"name\":\"Offenbacher FriedensInitiative\",\"description\":\"Abr\u00fcsten statt Aufr\u00fcsten |- Kriege beenden | R\u00fcstungsexporte stoppen\",\"publisher\":{\"@id\":\"https:\\\/\\\/offenbacher-friedensinitiative.de\\\/#organization\"},\"potentialAction\":[{\"@type\":\"SearchAction\",\"target\":{\"@type\":\"EntryPoint\",\"urlTemplate\":\"https:\\\/\\\/offenbacher-friedensinitiative.de\\\/?s={search_term_string}\"},\"query-input\":{\"@type\":\"PropertyValueSpecification\",\"valueRequired\":true,\"valueName\":\"search_term_string\"}}],\"inLanguage\":\"de\"},{\"@type\":\"Organization\",\"@id\":\"https:\\\/\\\/offenbacher-friedensinitiative.de\\\/#organization\",\"name\":\"Offenbacher Friedensinitiative\",\"url\":\"https:\\\/\\\/offenbacher-friedensinitiative.de\\\/\",\"logo\":{\"@type\":\"ImageObject\",\"inLanguage\":\"de\",\"@id\":\"https:\\\/\\\/offenbacher-friedensinitiative.de\\\/#\\\/schema\\\/logo\\\/image\\\/\",\"url\":\"https:\\\/\\\/offenbacher-friedensinitiative.de\\\/wp-content\\\/uploads\\\/2019\\\/03\\\/cropped-Transparen-logo.jpg\",\"contentUrl\":\"https:\\\/\\\/offenbacher-friedensinitiative.de\\\/wp-content\\\/uploads\\\/2019\\\/03\\\/cropped-Transparen-logo.jpg\",\"width\":1036,\"height\":227,\"caption\":\"Offenbacher Friedensinitiative\"},\"image\":{\"@id\":\"https:\\\/\\\/offenbacher-friedensinitiative.de\\\/#\\\/schema\\\/logo\\\/image\\\/\"}},{\"@type\":\"Person\",\"@id\":\"https:\\\/\\\/offenbacher-friedensinitiative.de\\\/#\\\/schema\\\/person\\\/ddaa8cd62b61cd77ac77b55d600adc08\",\"name\":\"MR\"}]}<\/script>\n<!-- \/ Yoast SEO plugin. -->","yoast_head_json":{"title":"Zweiter Jahrestag des Kriegs in der Ukraine - Offenbacher FriedensInitiative - OFI","description":"Aus Anlass des zweiten Jahrestages des Kriegs in der Ukraine gab es verschieden politische Veranstaltungen. Die OFI rief auf zur Teilnahme an einer Aktion in Frankfurt unter dem Motto \u201eStoppt das T\u00f6ten in der Ukraine \u2013 f\u00fcr Waffenstillstand und Verhandlungen!\u201c.","robots":{"index":"index","follow":"follow","max-snippet":"max-snippet:-1","max-image-preview":"max-image-preview:large","max-video-preview":"max-video-preview:-1"},"canonical":"https:\/\/offenbacher-friedensinitiative.de\/?p=11887","og_locale":"de_DE","og_type":"article","og_title":"Zweiter Jahrestag des Kriegs in der Ukraine - Offenbacher FriedensInitiative - OFI","og_description":"Aus Anlass des zweiten Jahrestages des Kriegs in der Ukraine gab es verschieden politische Veranstaltungen. Die OFI rief auf zur Teilnahme an einer Aktion in Frankfurt unter dem Motto \u201eStoppt das T\u00f6ten in der Ukraine \u2013 f\u00fcr Waffenstillstand und Verhandlungen!\u201c.","og_url":"https:\/\/offenbacher-friedensinitiative.de\/?p=11887","og_site_name":"Offenbacher FriedensInitiative - OFI","article_published_time":"2024-02-27T18:25:46+00:00","article_modified_time":"2024-02-28T08:20:51+00:00","og_image":[{"width":1698,"height":1200,"url":"https:\/\/offenbacher-friedensinitiative.de\/wp-content\/uploads\/2024\/02\/Friedensdemo1.jpg","type":"image\/jpeg"}],"author":"MR","twitter_card":"summary_large_image","twitter_misc":{"Verfasst von":"MR","Gesch\u00e4tzte Lesezeit":"3\u00a0Minuten"},"schema":{"@context":"https:\/\/schema.org","@graph":[{"@type":"Article","@id":"https:\/\/offenbacher-friedensinitiative.de\/?p=11887#article","isPartOf":{"@id":"https:\/\/offenbacher-friedensinitiative.de\/?p=11887"},"author":{"name":"MR","@id":"https:\/\/offenbacher-friedensinitiative.de\/#\/schema\/person\/ddaa8cd62b61cd77ac77b55d600adc08"},"headline":"Zweiter Jahrestag des Kriegs in der Ukraine","datePublished":"2024-02-27T18:25:46+00:00","dateModified":"2024-02-28T08:20:51+00:00","mainEntityOfPage":{"@id":"https:\/\/offenbacher-friedensinitiative.de\/?p=11887"},"wordCount":293,"publisher":{"@id":"https:\/\/offenbacher-friedensinitiative.de\/#organization"},"image":{"@id":"https:\/\/offenbacher-friedensinitiative.de\/?p=11887#primaryimage"},"thumbnailUrl":"https:\/\/offenbacher-friedensinitiative.de\/wp-content\/uploads\/2024\/02\/Friedensdemo1.jpg","articleSection":["Aktionen"],"inLanguage":"de"},{"@type":"WebPage","@id":"https:\/\/offenbacher-friedensinitiative.de\/?p=11887","url":"https:\/\/offenbacher-friedensinitiative.de\/?p=11887","name":"Zweiter Jahrestag des Kriegs in der Ukraine - Offenbacher FriedensInitiative - OFI","isPartOf":{"@id":"https:\/\/offenbacher-friedensinitiative.de\/#website"},"primaryImageOfPage":{"@id":"https:\/\/offenbacher-friedensinitiative.de\/?p=11887#primaryimage"},"image":{"@id":"https:\/\/offenbacher-friedensinitiative.de\/?p=11887#primaryimage"},"thumbnailUrl":"https:\/\/offenbacher-friedensinitiative.de\/wp-content\/uploads\/2024\/02\/Friedensdemo1.jpg","datePublished":"2024-02-27T18:25:46+00:00","dateModified":"2024-02-28T08:20:51+00:00","description":"Aus Anlass des zweiten Jahrestages des Kriegs in der Ukraine gab es verschieden politische Veranstaltungen. Die OFI rief auf zur Teilnahme an einer Aktion in Frankfurt unter dem Motto \u201eStoppt das T\u00f6ten in der Ukraine \u2013 f\u00fcr Waffenstillstand und Verhandlungen!\u201c.","breadcrumb":{"@id":"https:\/\/offenbacher-friedensinitiative.de\/?p=11887#breadcrumb"},"inLanguage":"de","potentialAction":[{"@type":"ReadAction","target":["https:\/\/offenbacher-friedensinitiative.de\/?p=11887"]}]},{"@type":"ImageObject","inLanguage":"de","@id":"https:\/\/offenbacher-friedensinitiative.de\/?p=11887#primaryimage","url":"https:\/\/offenbacher-friedensinitiative.de\/wp-content\/uploads\/2024\/02\/Friedensdemo1.jpg","contentUrl":"https:\/\/offenbacher-friedensinitiative.de\/wp-content\/uploads\/2024\/02\/Friedensdemo1.jpg","width":1698,"height":1200},{"@type":"BreadcrumbList","@id":"https:\/\/offenbacher-friedensinitiative.de\/?p=11887#breadcrumb","itemListElement":[{"@type":"ListItem","position":1,"name":"Startseite","item":"https:\/\/offenbacher-friedensinitiative.de\/"},{"@type":"ListItem","position":2,"name":"Zweiter Jahrestag des Kriegs in der Ukraine"}]},{"@type":"WebSite","@id":"https:\/\/offenbacher-friedensinitiative.de\/#website","url":"https:\/\/offenbacher-friedensinitiative.de\/","name":"Offenbacher FriedensInitiative","description":"Abr\u00fcsten statt Aufr\u00fcsten |- Kriege beenden | R\u00fcstungsexporte stoppen","publisher":{"@id":"https:\/\/offenbacher-friedensinitiative.de\/#organization"},"potentialAction":[{"@type":"SearchAction","target":{"@type":"EntryPoint","urlTemplate":"https:\/\/offenbacher-friedensinitiative.de\/?s={search_term_string}"},"query-input":{"@type":"PropertyValueSpecification","valueRequired":true,"valueName":"search_term_string"}}],"inLanguage":"de"},{"@type":"Organization","@id":"https:\/\/offenbacher-friedensinitiative.de\/#organization","name":"Offenbacher Friedensinitiative","url":"https:\/\/offenbacher-friedensinitiative.de\/","logo":{"@type":"ImageObject","inLanguage":"de","@id":"https:\/\/offenbacher-friedensinitiative.de\/#\/schema\/logo\/image\/","url":"https:\/\/offenbacher-friedensinitiative.de\/wp-content\/uploads\/2019\/03\/cropped-Transparen-logo.jpg","contentUrl":"https:\/\/offenbacher-friedensinitiative.de\/wp-content\/uploads\/2019\/03\/cropped-Transparen-logo.jpg","width":1036,"height":227,"caption":"Offenbacher Friedensinitiative"},"image":{"@id":"https:\/\/offenbacher-friedensinitiative.de\/#\/schema\/logo\/image\/"}},{"@type":"Person","@id":"https:\/\/offenbacher-friedensinitiative.de\/#\/schema\/person\/ddaa8cd62b61cd77ac77b55d600adc08","name":"MR"}]}},"_links":{"self":[{"href":"https:\/\/offenbacher-friedensinitiative.de\/index.php?rest_route=\/wp\/v2\/posts\/11887","targetHints":{"allow":["GET"]}}],"collection":[{"href":"https:\/\/offenbacher-friedensinitiative.de\/index.php?rest_route=\/wp\/v2\/posts"}],"about":[{"href":"https:\/\/offenbacher-friedensinitiative.de\/index.php?rest_route=\/wp\/v2\/types\/post"}],"author":[{"embeddable":true,"href":"https:\/\/offenbacher-friedensinitiative.de\/index.php?rest_route=\/wp\/v2\/users\/2"}],"replies":[{"embeddable":true,"href":"https:\/\/offenbacher-friedensinitiative.de\/index.php?rest_route=%2Fwp%2Fv2%2Fcomments&post=11887"}],"version-history":[{"count":10,"href":"https:\/\/offenbacher-friedensinitiative.de\/index.php?rest_route=\/wp\/v2\/posts\/11887\/revisions"}],"predecessor-version":[{"id":11900,"href":"https:\/\/offenbacher-friedensinitiative.de\/index.php?rest_route=\/wp\/v2\/posts\/11887\/revisions\/11900"}],"wp:featuredmedia":[{"embeddable":true,"href":"https:\/\/offenbacher-friedensinitiative.de\/index.php?rest_route=\/wp\/v2\/media\/11886"}],"wp:attachment":[{"href":"https:\/\/offenbacher-friedensinitiative.de\/index.php?rest_route=%2Fwp%2Fv2%2Fmedia&parent=11887"}],"wp:term":[{"taxonomy":"category","embeddable":true,"href":"https:\/\/offenbacher-friedensinitiative.de\/index.php?rest_route=%2Fwp%2Fv2%2Fcategories&post=11887"},{"taxonomy":"post_tag","embeddable":true,"href":"https:\/\/offenbacher-friedensinitiative.de\/index.php?rest_route=%2Fwp%2Fv2%2Ftags&post=11887"}],"curies":[{"name":"wp","href":"https:\/\/api.w.org\/{rel}","templated":true}]}}