{"id":11967,"date":"2024-04-02T21:47:45","date_gmt":"2024-04-02T19:47:45","guid":{"rendered":"https:\/\/offenbacher-friedensinitiative.de\/?p=11967"},"modified":"2024-06-02T13:14:32","modified_gmt":"2024-06-02T11:14:32","slug":"siebte-und-achte-mahnwache-fuer-die-menschen-im-nahen-osten","status":"publish","type":"post","link":"https:\/\/offenbacher-friedensinitiative.de\/?p=11967","title":{"rendered":"Siebte und achte Mahnwache f\u00fcr die Menschen im Nahen Osten"},"content":{"rendered":"<div id=\"pl-11967\"  class=\"panel-layout\" ><div id=\"pg-11967-0\"  class=\"panel-grid panel-no-style\" ><div id=\"pgc-11967-0-0\"  class=\"panel-grid-cell\" ><div id=\"panel-11967-0-0-0\" class=\"so-panel widget widget_sow-editor panel-first-child\" data-index=\"0\" ><div class=\"panel-widget-style panel-widget-style-for-11967-0-0-0\" ><div\n\t\t\t\n\t\t\tclass=\"so-widget-sow-editor so-widget-sow-editor-base\"\n\t\t\t\n\t\t>\n<div class=\"siteorigin-widget-tinymce textwidget\">\n\t<p>Am 9. und 30. April 2024 waren wir wieder an der Ecke Frankfurter\/Herrnstra\u00dfe. Wir konnten mit unseren Aktionen bisher nichts wirklich f\u00fcr die Menschen dort bewirken. \u00dcber 100 Geiseln sind noch immer fern ihrer Heimat. Die humanit\u00e4re Lage in Gaza wird immer verzweifelter.<\/p>\n<p>Am 25.4. hat der UN Sicherheitsrat einen sofortigen Waffenstillstand gefordert. Ein Waffenstillstand ist damit V\u00f6lkerrecht, und Waffenlieferungen versto\u00dfen gegen das V\u00f6lkerrecht. Wir sehen uns gest\u00e4rkt in unserer Forderung an die Bundesregierung, sofort die Waffenlieferungen zu unterbrechen. Nichts davon ist zu h\u00f6ren. Kein Aufschrei in den Medien wegen eines Bruchs des V\u00f6lkerrechts.<\/p>\n<p>Die Berichterstatterin der UN f\u00fcr Menschenrechtsfragen Francesca Albanese formulierte:<br \/>\n\u201eNach fast sechs Monaten des unerbittlichen israelischen Angriffs auf den besetzten Gazastreifen ist es meine Pflicht, \u00fcber das Schlimmste zu berichten, wozu die Menschheit f\u00e4hig ist, und meine Ergebnisse zu pr\u00e4sentieren\u201c, sagte sie. \u201eEs gibt vern\u00fcnftige Gr\u00fcnde f\u00fcr die Annahme, dass die Schwelle, die auf die Begehung des Verbrechens des V\u00f6lkermordes hindeutet, \u2026 erreicht wurde\u201c. Die israelische Regierung widerspricht. Es folgen weitere Angriffe auf zwei Krankenh\u00e4user in Gaza.<\/p>\n<p>In diesem Krieg sind bereits mehr Kinder ums Leben gekommen als in s\u00e4mtlichen anderen Konflikten der vergangenen Jahre zusammen.<\/p>\n<p>Das T\u00f6ten muss ein Ende haben.<br \/>\nDie Bundesregierung muss ihre Beihilfe zum T\u00f6ten beenden.<\/p>\n<p>Die n\u00e4chste Mahnwache ist f\u00fcr Samstag, den 13.4.2024 geplant.<\/p>\n<\/div>\n<\/div><\/div><\/div><div id=\"panel-11967-0-0-1\" class=\"so-panel widget widget_sow-editor\" data-index=\"1\" ><div class=\"panel-widget-style panel-widget-style-for-11967-0-0-1\" ><div\n\t\t\t\n\t\t\tclass=\"so-widget-sow-editor so-widget-sow-editor-base\"\n\t\t\t\n\t\t>\n<div class=\"siteorigin-widget-tinymce textwidget\">\n\t<\/div>\n<\/div><\/div><\/div><div id=\"panel-11967-0-0-2\" class=\"so-panel widget widget_sow-editor panel-last-child\" data-index=\"2\" ><div class=\"panel-widget-style panel-widget-style-for-11967-0-0-2\" ><div\n\t\t\t\n\t\t\tclass=\"so-widget-sow-editor so-widget-sow-editor-base\"\n\t\t\t\n\t\t>\n<div class=\"siteorigin-widget-tinymce textwidget\">\n\t \n<!-- Start container 1 --><div id=\"wppa-modal-container-1\" class=\"wppa-modal-container\" style=\"position:relative;z-index:100000;\" data-wppa=\"yes\" ontouchmove=\"event.stopPropagation();\"><\/div><div id=\"wppa-container-wrapper-1\" class=\"alignnone wppa-container-wrapper \" style=\"width:100%;clear:both;padding:0;position:relative;\"><div id=\"wppa-container-1\" style=\"width:100%;\" class=\"wppa-container wppa-container-1 wppa-rev-9111001 wppa-prevrev-9110011 wppa-theme-9.1.11.001 wppa-api-9.1.11.001\"><svg id=\"wppa-ajax-spin-1\" class=\"wppa-ajax-spin uil-default\" width=\"120px\" height=\"120px\" viewBox=\"0 0 135 135\" preserveAspectRatio=\"xMidYMid\" stroke=\"\" style=\"width:120px; height:120px; position:fixed; top:50%; margin-top:-60px; left:50%; margin-left:-60px; opacity:1; display:none; fill:#666666; background-color:transparent; border-radius:24px;\"><path d=\"M67.447 58c5.523 0 10-4.477 10-10s-4.477-10-10-10-10 4.477-10 10 4.477 10 10 10zm9.448 9.447c0 5.523 4.477 10 10 10 5.522 0 10-4.477 10-10s-4.478-10-10-10c-5.523 0-10 4.477-10 10zm-9.448 9.448c-5.523 0-10 4.477-10 10 0 5.522 4.477 10 10 10s10-4.478 10-10c0-5.523-4.477-10-10-10zM58 67.447c0-5.523-4.477-10-10-10s-10 4.477-10 10 4.477 10 10 10 10-4.477 10-10z\"><animateTransform attributeName=\"transform\" type=\"rotate\" from=\"0 67 67\" to=\"-360 67 67\" dur=\"2.5s\" repeatCount=\"indefinite\" ><\/path><path d=\"M28.19 40.31c6.627 0 12-5.374 12-12 0-6.628-5.373-12-12-12-6.628 0-12 5.372-12 12 0 6.626 5.372 12 12 12zm30.72-19.825c4.686 4.687 12.284 4.687 16.97 0 4.686-4.686 4.686-12.284 0-16.97-4.686-4.687-12.284-4.687-16.97 0-4.687 4.686-4.687 12.284 0 16.97zm35.74 7.705c0 6.627 5.37 12 12 12 6.626 0 12-5.373 12-12 0-6.628-5.374-12-12-12-6.63 0-12 5.372-12 12zm19.822 30.72c-4.686 4.686-4.686 12.284 0 16.97 4.687 4.686 12.285 4.686 16.97 0 4.687-4.686 4.687-12.284 0-16.97-4.685-4.687-12.283-4.687-16.97 0zm-7.704 35.74c-6.627 0-12 5.37-12 12 0 6.626 5.373 12 12 12s12-5.374 12-12c0-6.63-5.373-12-12-12zm-30.72 19.822c-4.686-4.686-12.284-4.686-16.97 0-4.686 4.687-4.686 12.285 0 16.97 4.686 4.687 12.284 4.687 16.97 0 4.687-4.685 4.687-12.283 0-16.97zm-35.74-7.704c0-6.627-5.372-12-12-12-6.626 0-12 5.373-12 12s5.374 12 12 12c6.628 0 12-5.373 12-12zm-19.823-30.72c4.687-4.686 4.687-12.284 0-16.97-4.686-4.686-12.284-4.686-16.97 0-4.687 4.686-4.687 12.284 0 16.97 4.686 4.687 12.284 4.687 16.97 0z\"><animateTransform attributeName=\"transform\" type=\"rotate\" from=\"0 67 67\" to=\"360 67 67\" dur=\"8s\" repeatCount=\"indefinite\" ><\/path><\/svg><input type=\"hidden\" id=\"wppa-nonce-0-1\" name=\"wppa-nonce\" value=\"e30b1cf89e\" ><div id=\"wppa-bc-1\" class=\"wppa-nav wppa-box wppa-nav-text wppa-bc\" ><a href=\"https:\/\/offenbacher-friedensinitiative.de\/?p=11967#wppa-container-1\" class=\"wppa-nav-text b3\" style=\"cursor:pointer\" title=\"Post: Siebte und achte Mahnwache f\u00fcr die Menschen im Nahen Osten\">Siebte und achte Mahnwache f\u00fcr die Menschen im Nahen Osten<\/a><span class=\"wppa-nav-text b3\"> &raquo; <\/span><a onclick=\"wppaDoAjaxRender(event,1, 'https:\/\/offenbacher-friedensinitiative.de\/index.php?rest_route=\/wp-photo-album-plus\/endPoint?action=wppa&amp;wppa-action=render&amp;wppa-size=1200&amp;wppa-occur=1&amp;wppa-fromp=11967&amp;lang=de&amp;wppa-album=64&amp;wppa-cover=0&amp;wppa-occur=1', 'https:\/\/offenbacher-friedensinitiative.de\/?p=11967&lang=de&wppa-album=575eb77fe7a09bb9&wppa-cover=0&wppa-occur=1#wppa-container-1' );\" class=\"wppa-nav-text b20\" style=\"cursor:pointer\" title=\"Album: 2024\">2024<\/a><span class=\"wppa-nav-text b20\"> &raquo; <\/span><span id=\"bc-pname-1\" class=\"wppa-nav-text b10\"  title=\"\">2024 Siebte und achte Mahnwache<\/span><div style=\"clear:both\"><\/div><\/div><div id=\"wppa-thumb-area-1\" class=\"wppa-box wppa-thumb-area wppa-thumb-area-1\" style=\"overflow:auto;\"><div id=\"wppa-popup-1\" class=\"wppa-popup-frame wppa-thumb-text\" style=\"max-width:2048px;\"><\/div><div style=\"clear:both\"><\/div><h3 id=\"wppa-albname-1\" class=\"wppa-box-text wppa-black\" style=\"padding-right:6px; margin:0;\">2024 Siebte und achte Mahnwache<\/h3><div style=\"clear:both\"><\/div><div id=\"wppa-albdesc-1\" class=\"wppa-box-text wppa-black wppa-thumbarea-albdesc\" style=\"padding-right:6px;\"><\/div><div style=\"clear:both\"><\/div><table class=\"wppa-masonry\" style=\"margin-top:3px;\"><tbody class=\"wppa-masonry\"><tr class=\"wppa-masonry\"><td style=\"width: 20.0413061937%; vertical-align:top;\" class=\"wppa-masonry\"><div id=\"thumbnail_frame_masonry_61216c22790a0bf0_1\" style=\"float:left;position:static;font-size:12px;line-height:8px;overflow:hidden;box-sizing:content-box;\"><a href=\"https:\/\/offenbacher-friedensinitiative.de\/wp-content\/uploads\/wppa-source\/album-75\/achte-Mahnwache-10.jpg?ver=1\" data-id=\"61216c22790a0bf0\" target=\"_self\" data-rel=\"wppa[occ1]\" data-lbtitle=\"achte Mahnwache 10&lt;br&gt;&lt;div&gt;&lt;table&gt;&lt;tr&gt;&lt;td&gt;achte Mahnwache 10&lt;\/td&gt;&lt;\/tr&gt;&lt;\/table&gt;&lt;\/div&gt;\" class=\"thumb-img\" id=\"x-61216c22790a0bf0-1\" data-alt=\"achte Mahnwache 10\"><img decoding=\"async\" id=\"i-61216c22790a0bf0-1\" title=\"Vergr\u00f6\u00dfern\" style=\"width:100%; height:auto; margin:0; position:relative;box-sizing:border-box;padding:2px;opacity:1;filter:alpha(opacity=100);cursor:\" src=\"https:\/\/offenbacher-friedensinitiative.de\/wp-content\/uploads\/wppa\/thumbs\/610.jpg?ver=16\" alt=\"achte Mahnwache 10\" onmouseover=\"jQuery(this).fadeTo(400, 1.0);\" onmouseout=\"jQuery(this).fadeTo(400, 1);\"><\/a><\/div><div id=\"thumbnail_frame_masonry_a3410ec9e60cd9ec_1\" style=\"float:left;position:static;font-size:12px;line-height:8px;overflow:hidden;box-sizing:content-box;\"><a href=\"https:\/\/offenbacher-friedensinitiative.de\/wp-content\/uploads\/wppa-source\/album-75\/siebte-Mahnwache-7.jpg?ver=1\" data-id=\"a3410ec9e60cd9ec\" target=\"_self\" data-rel=\"wppa[occ1]\" data-lbtitle=\"siebte Mahnwache 7&lt;br&gt;&lt;div&gt;&lt;table&gt;&lt;tr&gt;&lt;td&gt;siebte Mahnwache 7&lt;\/td&gt;&lt;\/tr&gt;&lt;\/table&gt;&lt;\/div&gt;\" class=\"thumb-img\" id=\"x-a3410ec9e60cd9ec-1\" data-alt=\"siebte Mahnwache 7\"><img decoding=\"async\" id=\"i-a3410ec9e60cd9ec-1\" title=\"Vergr\u00f6\u00dfern\" style=\"width:100%; height:auto; margin:0; position:relative;box-sizing:border-box;padding:2px;opacity:1;filter:alpha(opacity=100);cursor:\" src=\"https:\/\/offenbacher-friedensinitiative.de\/wp-content\/uploads\/wppa\/thumbs\/614.jpg?ver=16\" alt=\"siebte Mahnwache 7\" onmouseover=\"jQuery(this).fadeTo(400, 1.0);\" onmouseout=\"jQuery(this).fadeTo(400, 1);\"><\/a><\/div><div id=\"thumbnail_frame_masonry_65c050fc1d0a40bb_1\" style=\"float:left;position:static;font-size:12px;line-height:8px;overflow:hidden;box-sizing:content-box;\"><a href=\"https:\/\/offenbacher-friedensinitiative.de\/wp-content\/uploads\/wppa-source\/album-75\/siebte-Mahnwache-19.jpg?ver=1\" data-id=\"65c050fc1d0a40bb\" target=\"_self\" data-rel=\"wppa[occ1]\" data-lbtitle=\"siebte Mahnwache 19&lt;br&gt;&lt;div&gt;&lt;table&gt;&lt;tr&gt;&lt;td&gt;siebte Mahnwache 19&lt;\/td&gt;&lt;\/tr&gt;&lt;\/table&gt;&lt;\/div&gt;\" class=\"thumb-img\" id=\"x-65c050fc1d0a40bb-1\" data-alt=\"siebte Mahnwache 19\"><img decoding=\"async\" id=\"i-65c050fc1d0a40bb-1\" title=\"Vergr\u00f6\u00dfern\" style=\"width:100%; height:auto; margin:0; position:relative;box-sizing:border-box;padding:2px;opacity:1;filter:alpha(opacity=100);cursor:\" src=\"https:\/\/offenbacher-friedensinitiative.de\/wp-content\/uploads\/wppa\/thumbs\/618.jpg?ver=16\" alt=\"siebte Mahnwache 19\" onmouseover=\"jQuery(this).fadeTo(400, 1.0);\" onmouseout=\"jQuery(this).fadeTo(400, 1);\"><\/a><\/div><\/td><td style=\"width: 30.6032208446%; vertical-align:top;\" class=\"wppa-masonry\"><div id=\"thumbnail_frame_masonry_308a39f336921b42_1\" style=\"float:left;position:static;font-size:12px;line-height:8px;overflow:hidden;box-sizing:content-box;\"><a href=\"https:\/\/offenbacher-friedensinitiative.de\/wp-content\/uploads\/wppa-source\/album-75\/achte-Mahnwache-11.jpg?ver=1\" data-id=\"308a39f336921b42\" target=\"_self\" data-rel=\"wppa[occ1]\" data-lbtitle=\"achte Mahnwache 11&lt;br&gt;&lt;div&gt;&lt;table&gt;&lt;tr&gt;&lt;td&gt;achte Mahnwache 11&lt;\/td&gt;&lt;\/tr&gt;&lt;\/table&gt;&lt;\/div&gt;\" class=\"thumb-img\" id=\"x-308a39f336921b42-1\" data-alt=\"achte Mahnwache 11\"><img decoding=\"async\" id=\"i-308a39f336921b42-1\" title=\"Vergr\u00f6\u00dfern\" style=\"width:100%; height:auto; margin:0; position:relative;box-sizing:border-box;padding:2px;opacity:1;filter:alpha(opacity=100);cursor:\" src=\"https:\/\/offenbacher-friedensinitiative.de\/wp-content\/uploads\/wppa\/thumbs\/611.jpg?ver=16\" alt=\"achte Mahnwache 11\" onmouseover=\"jQuery(this).fadeTo(400, 1.0);\" onmouseout=\"jQuery(this).fadeTo(400, 1);\"><\/a><\/div><div id=\"thumbnail_frame_masonry_e6f601019b7c7544_1\" style=\"float:left;position:static;font-size:12px;line-height:8px;overflow:hidden;box-sizing:content-box;\"><a href=\"https:\/\/offenbacher-friedensinitiative.de\/wp-content\/uploads\/wppa-source\/album-75\/siebte-Mahnwache-11.jpg?ver=1\" data-id=\"e6f601019b7c7544\" target=\"_self\" data-rel=\"wppa[occ1]\" data-lbtitle=\"siebte Mahnwache 11&lt;br&gt;&lt;div&gt;&lt;table&gt;&lt;tr&gt;&lt;td&gt;siebte Mahnwache 11&lt;\/td&gt;&lt;\/tr&gt;&lt;\/table&gt;&lt;\/div&gt;\" class=\"thumb-img\" id=\"x-e6f601019b7c7544-1\" data-alt=\"siebte Mahnwache 11\"><img decoding=\"async\" id=\"i-e6f601019b7c7544-1\" title=\"Vergr\u00f6\u00dfern\" style=\"width:100%; height:auto; margin:0; position:relative;box-sizing:border-box;padding:2px;opacity:1;filter:alpha(opacity=100);cursor:\" src=\"https:\/\/offenbacher-friedensinitiative.de\/wp-content\/uploads\/wppa\/thumbs\/615.jpg?ver=16\" alt=\"siebte Mahnwache 11\" onmouseover=\"jQuery(this).fadeTo(400, 1.0);\" onmouseout=\"jQuery(this).fadeTo(400, 1);\"><\/a><\/div><\/td><td style=\"width: 30.3814583747%; vertical-align:top;\" class=\"wppa-masonry\"><div id=\"thumbnail_frame_masonry_08791fb93813bf74_1\" style=\"float:left;position:static;font-size:12px;line-height:8px;overflow:hidden;box-sizing:content-box;\"><a href=\"https:\/\/offenbacher-friedensinitiative.de\/wp-content\/uploads\/wppa-source\/album-75\/achte-Mahnwache-12.jpg?ver=1\" data-id=\"08791fb93813bf74\" target=\"_self\" data-rel=\"wppa[occ1]\" data-lbtitle=\"achte Mahnwache 12&lt;br&gt;&lt;div&gt;&lt;table&gt;&lt;tr&gt;&lt;td&gt;achte Mahnwache 12&lt;\/td&gt;&lt;\/tr&gt;&lt;\/table&gt;&lt;\/div&gt;\" class=\"thumb-img\" id=\"x-08791fb93813bf74-1\" data-alt=\"achte Mahnwache 12\"><img decoding=\"async\" id=\"i-08791fb93813bf74-1\" title=\"Vergr\u00f6\u00dfern\" style=\"width:100%; height:auto; margin:0; position:relative;box-sizing:border-box;padding:2px;opacity:1;filter:alpha(opacity=100);cursor:\" src=\"https:\/\/offenbacher-friedensinitiative.de\/wp-content\/uploads\/wppa\/thumbs\/612.jpg?ver=16\" alt=\"achte Mahnwache 12\" onmouseover=\"jQuery(this).fadeTo(400, 1.0);\" onmouseout=\"jQuery(this).fadeTo(400, 1);\"><\/a><\/div><div id=\"thumbnail_frame_masonry_5cb83692bf91acb1_1\" style=\"float:left;position:static;font-size:12px;line-height:8px;overflow:hidden;box-sizing:content-box;\"><a href=\"https:\/\/offenbacher-friedensinitiative.de\/wp-content\/uploads\/wppa-source\/album-75\/siebte-Mahnwache-14.jpg?ver=1\" data-id=\"5cb83692bf91acb1\" target=\"_self\" data-rel=\"wppa[occ1]\" data-lbtitle=\"siebte Mahnwache 14&lt;br&gt;&lt;div&gt;&lt;table&gt;&lt;tr&gt;&lt;td&gt;siebte Mahnwache 14&lt;\/td&gt;&lt;\/tr&gt;&lt;\/table&gt;&lt;\/div&gt;\" class=\"thumb-img\" id=\"x-5cb83692bf91acb1-1\" data-alt=\"siebte Mahnwache 14\"><img decoding=\"async\" id=\"i-5cb83692bf91acb1-1\" title=\"Vergr\u00f6\u00dfern\" style=\"width:100%; height:auto; margin:0; position:relative;box-sizing:border-box;padding:2px;opacity:1;filter:alpha(opacity=100);cursor:\" src=\"https:\/\/offenbacher-friedensinitiative.de\/wp-content\/uploads\/wppa\/thumbs\/616.jpg?ver=16\" alt=\"siebte Mahnwache 14\" onmouseover=\"jQuery(this).fadeTo(400, 1.0);\" onmouseout=\"jQuery(this).fadeTo(400, 1);\"><\/a><\/div><\/td><td style=\"width: 18.974014587%; vertical-align:top;\" class=\"wppa-masonry\"><div id=\"thumbnail_frame_masonry_27f3bec19018726a_1\" style=\"float:left;position:static;font-size:12px;line-height:8px;overflow:hidden;box-sizing:content-box;\"><a href=\"https:\/\/offenbacher-friedensinitiative.de\/wp-content\/uploads\/wppa-source\/album-75\/achte-Mahnwache-17.jpg?ver=1\" data-id=\"27f3bec19018726a\" target=\"_self\" data-rel=\"wppa[occ1]\" data-lbtitle=\"achte Mahnwache 17&lt;br&gt;&lt;div&gt;&lt;table&gt;&lt;tr&gt;&lt;td&gt;achte Mahnwache 17&lt;\/td&gt;&lt;\/tr&gt;&lt;\/table&gt;&lt;\/div&gt;\" class=\"thumb-img\" id=\"x-27f3bec19018726a-1\" data-alt=\"achte Mahnwache 17\"><img decoding=\"async\" id=\"i-27f3bec19018726a-1\" title=\"Vergr\u00f6\u00dfern\" style=\"width:100%; height:auto; margin:0; position:relative;box-sizing:border-box;padding:2px;opacity:1;filter:alpha(opacity=100);cursor:\" src=\"https:\/\/offenbacher-friedensinitiative.de\/wp-content\/uploads\/wppa\/thumbs\/613.jpg?ver=16\" alt=\"achte Mahnwache 17\" onmouseover=\"jQuery(this).fadeTo(400, 1.0);\" onmouseout=\"jQuery(this).fadeTo(400, 1);\"><\/a><\/div><div id=\"thumbnail_frame_masonry_2db9a2c3587f7a97_1\" style=\"float:left;position:static;font-size:12px;line-height:8px;overflow:hidden;box-sizing:content-box;\"><a href=\"https:\/\/offenbacher-friedensinitiative.de\/wp-content\/uploads\/wppa-source\/album-75\/siebte-Mahnwache-15.jpg?ver=1\" data-id=\"2db9a2c3587f7a97\" target=\"_self\" data-rel=\"wppa[occ1]\" data-lbtitle=\"siebte Mahnwache 15&lt;br&gt;&lt;div&gt;&lt;table&gt;&lt;tr&gt;&lt;td&gt;siebte Mahnwache 15&lt;\/td&gt;&lt;\/tr&gt;&lt;\/table&gt;&lt;\/div&gt;\" class=\"thumb-img\" id=\"x-2db9a2c3587f7a97-1\" data-alt=\"siebte Mahnwache 15\"><img decoding=\"async\" id=\"i-2db9a2c3587f7a97-1\" title=\"Vergr\u00f6\u00dfern\" style=\"width:100%; height:auto; margin:0; position:relative;box-sizing:border-box;padding:2px;opacity:1;filter:alpha(opacity=100);cursor:\" src=\"https:\/\/offenbacher-friedensinitiative.de\/wp-content\/uploads\/wppa\/thumbs\/617.jpg?ver=16\" alt=\"siebte Mahnwache 15\" onmouseover=\"jQuery(this).fadeTo(400, 1.0);\" onmouseout=\"jQuery(this).fadeTo(400, 1);\"><\/a><\/div><\/td><\/tr><\/tbody><\/table><div class=\"wppa-clear\"><\/div><\/div><div style=\"clear:both;\"><\/div><div id=\"wppa-container-1-end\"><\/div><\/div><\/div>\n<!-- End [wppa type=\"content\" album=\"75\" cache=\"inf\"] \/index.php?rest_route=%2Fwp%2Fv2%2Fposts%2F11967 oc 1 39 queries in 30.3 ms. at 09:46. Max mem: 78.00 Mb. -->\n<p style=\"text-align: center;\">\u00a9 Fotografien: Ahmad Shahzaib<\/p>\n<\/div>\n<\/div><\/div><\/div><\/div><\/div><\/div>","protected":false},"excerpt":{"rendered":"<p>Am 9. und 30. April 2024 waren wir wieder an der Ecke Frankfurter\/Herrnstra\u00dfe. Wir konnten mit unseren Aktionen bisher nichts wirklich f\u00fcr die Menschen dort<span class=\"more-link\"><a href=\"https:\/\/offenbacher-friedensinitiative.de\/?p=11967\">Weiterlesen &#8230;<\/a><\/span><\/p>\n","protected":false},"author":2,"featured_media":11970,"comment_status":"closed","ping_status":"closed","sticky":false,"template":"","format":"standard","meta":{"footnotes":""},"categories":[5],"tags":[],"class_list":["entry","author-wordpressmanfred","post-11967","post","type-post","status-publish","format-standard","has-post-thumbnail","category-aktionen"],"yoast_head":"<!-- This site is optimized with the Yoast SEO plugin v27.5 - https:\/\/yoast.com\/product\/yoast-seo-wordpress\/ -->\n<title>Siebte und achte Mahnwache f\u00fcr die Menschen im Nahen Osten - Offenbacher FriedensInitiative - OFI<\/title>\n<meta name=\"robots\" content=\"index, follow, max-snippet:-1, max-image-preview:large, max-video-preview:-1\" \/>\n<link rel=\"canonical\" href=\"https:\/\/offenbacher-friedensinitiative.de\/?p=11967\" \/>\n<meta property=\"og:locale\" content=\"de_DE\" \/>\n<meta property=\"og:type\" content=\"article\" \/>\n<meta property=\"og:title\" content=\"Siebte und achte Mahnwache f\u00fcr die Menschen im Nahen Osten - Offenbacher FriedensInitiative - OFI\" \/>\n<meta property=\"og:description\" content=\"Am 9. und 30. April 2024 waren wir wieder an der Ecke Frankfurter\/Herrnstra\u00dfe. Wir konnten mit unseren Aktionen bisher nichts wirklich f\u00fcr die Menschen dortWeiterlesen ...\" \/>\n<meta property=\"og:url\" content=\"https:\/\/offenbacher-friedensinitiative.de\/?p=11967\" \/>\n<meta property=\"og:site_name\" content=\"Offenbacher FriedensInitiative - OFI\" \/>\n<meta property=\"article:published_time\" content=\"2024-04-02T19:47:45+00:00\" \/>\n<meta property=\"article:modified_time\" content=\"2024-06-02T11:14:32+00:00\" \/>\n<meta property=\"og:image\" content=\"https:\/\/offenbacher-friedensinitiative.de\/wp-content\/uploads\/2024\/04\/siebte-Mahnwache-7.jpg\" \/>\n\t<meta property=\"og:image:width\" content=\"1830\" \/>\n\t<meta property=\"og:image:height\" content=\"1260\" \/>\n\t<meta property=\"og:image:type\" content=\"image\/jpeg\" \/>\n<meta name=\"author\" content=\"MR\" \/>\n<meta name=\"twitter:card\" content=\"summary_large_image\" \/>\n<meta name=\"twitter:label1\" content=\"Verfasst von\" \/>\n\t<meta name=\"twitter:data1\" content=\"MR\" \/>\n\t<meta name=\"twitter:label2\" content=\"Gesch\u00e4tzte Lesezeit\" \/>\n\t<meta name=\"twitter:data2\" content=\"4\u00a0Minuten\" \/>\n<script type=\"application\/ld+json\" class=\"yoast-schema-graph\">{\"@context\":\"https:\\\/\\\/schema.org\",\"@graph\":[{\"@type\":\"Article\",\"@id\":\"https:\\\/\\\/offenbacher-friedensinitiative.de\\\/?p=11967#article\",\"isPartOf\":{\"@id\":\"https:\\\/\\\/offenbacher-friedensinitiative.de\\\/?p=11967\"},\"author\":{\"name\":\"MR\",\"@id\":\"https:\\\/\\\/offenbacher-friedensinitiative.de\\\/#\\\/schema\\\/person\\\/ddaa8cd62b61cd77ac77b55d600adc08\"},\"headline\":\"Siebte und achte Mahnwache f\u00fcr die Menschen im Nahen Osten\",\"datePublished\":\"2024-04-02T19:47:45+00:00\",\"dateModified\":\"2024-06-02T11:14:32+00:00\",\"mainEntityOfPage\":{\"@id\":\"https:\\\/\\\/offenbacher-friedensinitiative.de\\\/?p=11967\"},\"wordCount\":264,\"publisher\":{\"@id\":\"https:\\\/\\\/offenbacher-friedensinitiative.de\\\/#organization\"},\"image\":{\"@id\":\"https:\\\/\\\/offenbacher-friedensinitiative.de\\\/?p=11967#primaryimage\"},\"thumbnailUrl\":\"https:\\\/\\\/offenbacher-friedensinitiative.de\\\/wp-content\\\/uploads\\\/2024\\\/04\\\/siebte-Mahnwache-7.jpg\",\"articleSection\":[\"Aktionen\"],\"inLanguage\":\"de\"},{\"@type\":\"WebPage\",\"@id\":\"https:\\\/\\\/offenbacher-friedensinitiative.de\\\/?p=11967\",\"url\":\"https:\\\/\\\/offenbacher-friedensinitiative.de\\\/?p=11967\",\"name\":\"Siebte und achte Mahnwache f\u00fcr die Menschen im Nahen Osten - Offenbacher FriedensInitiative - OFI\",\"isPartOf\":{\"@id\":\"https:\\\/\\\/offenbacher-friedensinitiative.de\\\/#website\"},\"primaryImageOfPage\":{\"@id\":\"https:\\\/\\\/offenbacher-friedensinitiative.de\\\/?p=11967#primaryimage\"},\"image\":{\"@id\":\"https:\\\/\\\/offenbacher-friedensinitiative.de\\\/?p=11967#primaryimage\"},\"thumbnailUrl\":\"https:\\\/\\\/offenbacher-friedensinitiative.de\\\/wp-content\\\/uploads\\\/2024\\\/04\\\/siebte-Mahnwache-7.jpg\",\"datePublished\":\"2024-04-02T19:47:45+00:00\",\"dateModified\":\"2024-06-02T11:14:32+00:00\",\"breadcrumb\":{\"@id\":\"https:\\\/\\\/offenbacher-friedensinitiative.de\\\/?p=11967#breadcrumb\"},\"inLanguage\":\"de\",\"potentialAction\":[{\"@type\":\"ReadAction\",\"target\":[\"https:\\\/\\\/offenbacher-friedensinitiative.de\\\/?p=11967\"]}]},{\"@type\":\"ImageObject\",\"inLanguage\":\"de\",\"@id\":\"https:\\\/\\\/offenbacher-friedensinitiative.de\\\/?p=11967#primaryimage\",\"url\":\"https:\\\/\\\/offenbacher-friedensinitiative.de\\\/wp-content\\\/uploads\\\/2024\\\/04\\\/siebte-Mahnwache-7.jpg\",\"contentUrl\":\"https:\\\/\\\/offenbacher-friedensinitiative.de\\\/wp-content\\\/uploads\\\/2024\\\/04\\\/siebte-Mahnwache-7.jpg\",\"width\":1830,\"height\":1260},{\"@type\":\"BreadcrumbList\",\"@id\":\"https:\\\/\\\/offenbacher-friedensinitiative.de\\\/?p=11967#breadcrumb\",\"itemListElement\":[{\"@type\":\"ListItem\",\"position\":1,\"name\":\"Startseite\",\"item\":\"https:\\\/\\\/offenbacher-friedensinitiative.de\\\/\"},{\"@type\":\"ListItem\",\"position\":2,\"name\":\"Siebte und achte Mahnwache f\u00fcr die Menschen im Nahen Osten\"}]},{\"@type\":\"WebSite\",\"@id\":\"https:\\\/\\\/offenbacher-friedensinitiative.de\\\/#website\",\"url\":\"https:\\\/\\\/offenbacher-friedensinitiative.de\\\/\",\"name\":\"Offenbacher FriedensInitiative\",\"description\":\"Abr\u00fcsten statt Aufr\u00fcsten |- Kriege beenden | R\u00fcstungsexporte stoppen\",\"publisher\":{\"@id\":\"https:\\\/\\\/offenbacher-friedensinitiative.de\\\/#organization\"},\"potentialAction\":[{\"@type\":\"SearchAction\",\"target\":{\"@type\":\"EntryPoint\",\"urlTemplate\":\"https:\\\/\\\/offenbacher-friedensinitiative.de\\\/?s={search_term_string}\"},\"query-input\":{\"@type\":\"PropertyValueSpecification\",\"valueRequired\":true,\"valueName\":\"search_term_string\"}}],\"inLanguage\":\"de\"},{\"@type\":\"Organization\",\"@id\":\"https:\\\/\\\/offenbacher-friedensinitiative.de\\\/#organization\",\"name\":\"Offenbacher Friedensinitiative\",\"url\":\"https:\\\/\\\/offenbacher-friedensinitiative.de\\\/\",\"logo\":{\"@type\":\"ImageObject\",\"inLanguage\":\"de\",\"@id\":\"https:\\\/\\\/offenbacher-friedensinitiative.de\\\/#\\\/schema\\\/logo\\\/image\\\/\",\"url\":\"https:\\\/\\\/offenbacher-friedensinitiative.de\\\/wp-content\\\/uploads\\\/2019\\\/03\\\/cropped-Transparen-logo.jpg\",\"contentUrl\":\"https:\\\/\\\/offenbacher-friedensinitiative.de\\\/wp-content\\\/uploads\\\/2019\\\/03\\\/cropped-Transparen-logo.jpg\",\"width\":1036,\"height\":227,\"caption\":\"Offenbacher Friedensinitiative\"},\"image\":{\"@id\":\"https:\\\/\\\/offenbacher-friedensinitiative.de\\\/#\\\/schema\\\/logo\\\/image\\\/\"}},{\"@type\":\"Person\",\"@id\":\"https:\\\/\\\/offenbacher-friedensinitiative.de\\\/#\\\/schema\\\/person\\\/ddaa8cd62b61cd77ac77b55d600adc08\",\"name\":\"MR\"}]}<\/script>\n<!-- \/ Yoast SEO plugin. -->","yoast_head_json":{"title":"Siebte und achte Mahnwache f\u00fcr die Menschen im Nahen Osten - Offenbacher FriedensInitiative - OFI","robots":{"index":"index","follow":"follow","max-snippet":"max-snippet:-1","max-image-preview":"max-image-preview:large","max-video-preview":"max-video-preview:-1"},"canonical":"https:\/\/offenbacher-friedensinitiative.de\/?p=11967","og_locale":"de_DE","og_type":"article","og_title":"Siebte und achte Mahnwache f\u00fcr die Menschen im Nahen Osten - Offenbacher FriedensInitiative - OFI","og_description":"Am 9. und 30. April 2024 waren wir wieder an der Ecke Frankfurter\/Herrnstra\u00dfe. Wir konnten mit unseren Aktionen bisher nichts wirklich f\u00fcr die Menschen dortWeiterlesen ...","og_url":"https:\/\/offenbacher-friedensinitiative.de\/?p=11967","og_site_name":"Offenbacher FriedensInitiative - OFI","article_published_time":"2024-04-02T19:47:45+00:00","article_modified_time":"2024-06-02T11:14:32+00:00","og_image":[{"width":1830,"height":1260,"url":"https:\/\/offenbacher-friedensinitiative.de\/wp-content\/uploads\/2024\/04\/siebte-Mahnwache-7.jpg","type":"image\/jpeg"}],"author":"MR","twitter_card":"summary_large_image","twitter_misc":{"Verfasst von":"MR","Gesch\u00e4tzte Lesezeit":"4\u00a0Minuten"},"schema":{"@context":"https:\/\/schema.org","@graph":[{"@type":"Article","@id":"https:\/\/offenbacher-friedensinitiative.de\/?p=11967#article","isPartOf":{"@id":"https:\/\/offenbacher-friedensinitiative.de\/?p=11967"},"author":{"name":"MR","@id":"https:\/\/offenbacher-friedensinitiative.de\/#\/schema\/person\/ddaa8cd62b61cd77ac77b55d600adc08"},"headline":"Siebte und achte Mahnwache f\u00fcr die Menschen im Nahen Osten","datePublished":"2024-04-02T19:47:45+00:00","dateModified":"2024-06-02T11:14:32+00:00","mainEntityOfPage":{"@id":"https:\/\/offenbacher-friedensinitiative.de\/?p=11967"},"wordCount":264,"publisher":{"@id":"https:\/\/offenbacher-friedensinitiative.de\/#organization"},"image":{"@id":"https:\/\/offenbacher-friedensinitiative.de\/?p=11967#primaryimage"},"thumbnailUrl":"https:\/\/offenbacher-friedensinitiative.de\/wp-content\/uploads\/2024\/04\/siebte-Mahnwache-7.jpg","articleSection":["Aktionen"],"inLanguage":"de"},{"@type":"WebPage","@id":"https:\/\/offenbacher-friedensinitiative.de\/?p=11967","url":"https:\/\/offenbacher-friedensinitiative.de\/?p=11967","name":"Siebte und achte Mahnwache f\u00fcr die Menschen im Nahen Osten - Offenbacher FriedensInitiative - OFI","isPartOf":{"@id":"https:\/\/offenbacher-friedensinitiative.de\/#website"},"primaryImageOfPage":{"@id":"https:\/\/offenbacher-friedensinitiative.de\/?p=11967#primaryimage"},"image":{"@id":"https:\/\/offenbacher-friedensinitiative.de\/?p=11967#primaryimage"},"thumbnailUrl":"https:\/\/offenbacher-friedensinitiative.de\/wp-content\/uploads\/2024\/04\/siebte-Mahnwache-7.jpg","datePublished":"2024-04-02T19:47:45+00:00","dateModified":"2024-06-02T11:14:32+00:00","breadcrumb":{"@id":"https:\/\/offenbacher-friedensinitiative.de\/?p=11967#breadcrumb"},"inLanguage":"de","potentialAction":[{"@type":"ReadAction","target":["https:\/\/offenbacher-friedensinitiative.de\/?p=11967"]}]},{"@type":"ImageObject","inLanguage":"de","@id":"https:\/\/offenbacher-friedensinitiative.de\/?p=11967#primaryimage","url":"https:\/\/offenbacher-friedensinitiative.de\/wp-content\/uploads\/2024\/04\/siebte-Mahnwache-7.jpg","contentUrl":"https:\/\/offenbacher-friedensinitiative.de\/wp-content\/uploads\/2024\/04\/siebte-Mahnwache-7.jpg","width":1830,"height":1260},{"@type":"BreadcrumbList","@id":"https:\/\/offenbacher-friedensinitiative.de\/?p=11967#breadcrumb","itemListElement":[{"@type":"ListItem","position":1,"name":"Startseite","item":"https:\/\/offenbacher-friedensinitiative.de\/"},{"@type":"ListItem","position":2,"name":"Siebte und achte Mahnwache f\u00fcr die Menschen im Nahen Osten"}]},{"@type":"WebSite","@id":"https:\/\/offenbacher-friedensinitiative.de\/#website","url":"https:\/\/offenbacher-friedensinitiative.de\/","name":"Offenbacher FriedensInitiative","description":"Abr\u00fcsten statt Aufr\u00fcsten |- Kriege beenden | R\u00fcstungsexporte stoppen","publisher":{"@id":"https:\/\/offenbacher-friedensinitiative.de\/#organization"},"potentialAction":[{"@type":"SearchAction","target":{"@type":"EntryPoint","urlTemplate":"https:\/\/offenbacher-friedensinitiative.de\/?s={search_term_string}"},"query-input":{"@type":"PropertyValueSpecification","valueRequired":true,"valueName":"search_term_string"}}],"inLanguage":"de"},{"@type":"Organization","@id":"https:\/\/offenbacher-friedensinitiative.de\/#organization","name":"Offenbacher Friedensinitiative","url":"https:\/\/offenbacher-friedensinitiative.de\/","logo":{"@type":"ImageObject","inLanguage":"de","@id":"https:\/\/offenbacher-friedensinitiative.de\/#\/schema\/logo\/image\/","url":"https:\/\/offenbacher-friedensinitiative.de\/wp-content\/uploads\/2019\/03\/cropped-Transparen-logo.jpg","contentUrl":"https:\/\/offenbacher-friedensinitiative.de\/wp-content\/uploads\/2019\/03\/cropped-Transparen-logo.jpg","width":1036,"height":227,"caption":"Offenbacher Friedensinitiative"},"image":{"@id":"https:\/\/offenbacher-friedensinitiative.de\/#\/schema\/logo\/image\/"}},{"@type":"Person","@id":"https:\/\/offenbacher-friedensinitiative.de\/#\/schema\/person\/ddaa8cd62b61cd77ac77b55d600adc08","name":"MR"}]}},"_links":{"self":[{"href":"https:\/\/offenbacher-friedensinitiative.de\/index.php?rest_route=\/wp\/v2\/posts\/11967","targetHints":{"allow":["GET"]}}],"collection":[{"href":"https:\/\/offenbacher-friedensinitiative.de\/index.php?rest_route=\/wp\/v2\/posts"}],"about":[{"href":"https:\/\/offenbacher-friedensinitiative.de\/index.php?rest_route=\/wp\/v2\/types\/post"}],"author":[{"embeddable":true,"href":"https:\/\/offenbacher-friedensinitiative.de\/index.php?rest_route=\/wp\/v2\/users\/2"}],"replies":[{"embeddable":true,"href":"https:\/\/offenbacher-friedensinitiative.de\/index.php?rest_route=%2Fwp%2Fv2%2Fcomments&post=11967"}],"version-history":[{"count":10,"href":"https:\/\/offenbacher-friedensinitiative.de\/index.php?rest_route=\/wp\/v2\/posts\/11967\/revisions"}],"predecessor-version":[{"id":12132,"href":"https:\/\/offenbacher-friedensinitiative.de\/index.php?rest_route=\/wp\/v2\/posts\/11967\/revisions\/12132"}],"wp:featuredmedia":[{"embeddable":true,"href":"https:\/\/offenbacher-friedensinitiative.de\/index.php?rest_route=\/wp\/v2\/media\/11970"}],"wp:attachment":[{"href":"https:\/\/offenbacher-friedensinitiative.de\/index.php?rest_route=%2Fwp%2Fv2%2Fmedia&parent=11967"}],"wp:term":[{"taxonomy":"category","embeddable":true,"href":"https:\/\/offenbacher-friedensinitiative.de\/index.php?rest_route=%2Fwp%2Fv2%2Fcategories&post=11967"},{"taxonomy":"post_tag","embeddable":true,"href":"https:\/\/offenbacher-friedensinitiative.de\/index.php?rest_route=%2Fwp%2Fv2%2Ftags&post=11967"}],"curies":[{"name":"wp","href":"https:\/\/api.w.org\/{rel}","templated":true}]}}