{"id":12084,"date":"2024-05-31T11:30:26","date_gmt":"2024-05-31T09:30:26","guid":{"rendered":"https:\/\/offenbacher-friedensinitiative.de\/?p=12084"},"modified":"2024-06-02T13:12:50","modified_gmt":"2024-06-02T11:12:50","slug":"elfte-mahnwache-fuer-die-menschen-im-nahen-osten","status":"publish","type":"post","link":"https:\/\/offenbacher-friedensinitiative.de\/?p=12084","title":{"rendered":"Elfte Mahnwache f\u00fcr die Menschen im Nahen Osten"},"content":{"rendered":"<div id=\"pl-12084\"  class=\"panel-layout\" ><div id=\"pg-12084-0\"  class=\"panel-grid panel-no-style\" ><div id=\"pgc-12084-0-0\"  class=\"panel-grid-cell\" ><div id=\"panel-12084-0-0-0\" class=\"so-panel widget widget_sow-editor panel-first-child\" data-index=\"0\" ><div class=\"panel-widget-style panel-widget-style-for-12084-0-0-0\" ><div\n\t\t\t\n\t\t\tclass=\"so-widget-sow-editor so-widget-sow-editor-base\"\n\t\t\t\n\t\t><h3 class=\"widget-title\">Elfte Mahnwache f\u00fcr die Menschen im Nahen Osten<\/h3>\n<div class=\"siteorigin-widget-tinymce textwidget\">\n\t<p>Bei unserer elften Mahnwache am 18.5.24 gab es wieder neue Entwicklungen in die richtige Richtung, aber ohne wirkliche Hilfe f\u00fcr die leidenden Menschen. Vom Internationalen Strafgerichtshof sind Haftbefehle f\u00fcr Hamasf\u00fchrer und Netanjahu angedroht. Als Antwort wurde ein Zeltlager in Rafah von Israel bombadiert. Die Menschen dort waren zum Teil erst vor kurzem von der israelischen Armee aus einem anderen Teil Rafahs dorthin evakuiert worden. Das Zeltlager wurde ein Flammenmeer. Das Ausma\u00df an Verzweiflung k\u00f6nnen wir uns nur schwer ausmalen.<\/p>\n<p>Mehrere internationale Hilfsorganisationen weisen auf die sich versch\u00e4rfende Hungerkrise hin. Israel hat den Grenzstreifen zu \u00c4gypten abgesperrt. Das bisschen Hilfe \u00fcber eine behelfsm\u00e4\u00dfige Schiffsanlegestelle der USA ist auch gerade unterbrochen.<\/p>\n<p>Man kann nichts tun? Doch! Die USA k\u00f6nnte ihr Waffenlieferungen an Israel sofort einstellen. Deutschland auch. Die Antwort auf den Antrag von Algerien auf einen sofortigen Waffenstillstand steht noch aus. Wir fordern mit Algerien, mit der UN-Vollversammlung einen sofortigen Waffenstillstand. Das w\u00e4re der notwendige erste Schritt.<\/p>\n<p>Unsere n\u00e4chste Mahnwache ist f\u00fcr den 22.6. geplant.<\/p>\n<\/div>\n<\/div><\/div><\/div><div id=\"panel-12084-0-0-1\" class=\"so-panel widget widget_sow-editor\" data-index=\"1\" ><div class=\"panel-widget-style panel-widget-style-for-12084-0-0-1\" ><div\n\t\t\t\n\t\t\tclass=\"so-widget-sow-editor so-widget-sow-editor-base\"\n\t\t\t\n\t\t>\n<div class=\"siteorigin-widget-tinymce textwidget\">\n\t<\/div>\n<\/div><\/div><\/div><div id=\"panel-12084-0-0-2\" class=\"so-panel widget widget_sow-editor panel-last-child\" data-index=\"2\" ><div class=\"panel-widget-style panel-widget-style-for-12084-0-0-2\" ><div\n\t\t\t\n\t\t\tclass=\"so-widget-sow-editor so-widget-sow-editor-base\"\n\t\t\t\n\t\t>\n<div class=\"siteorigin-widget-tinymce textwidget\">\n\t \n<!-- Start container 1 --><div id=\"wppa-modal-container-1\" class=\"wppa-modal-container\" style=\"position:relative;z-index:100000;\" data-wppa=\"yes\" ontouchmove=\"event.stopPropagation();\"><\/div><div id=\"wppa-container-wrapper-1\" class=\"alignnone wppa-container-wrapper \" style=\"width:100%;clear:both;padding:0;position:relative;\"><div id=\"wppa-container-1\" style=\"width:100%;\" class=\"wppa-container wppa-container-1 wppa-rev-9111001 wppa-prevrev-9110011 wppa-theme-9.1.11.001 wppa-api-9.1.11.001\"><svg id=\"wppa-ajax-spin-1\" class=\"wppa-ajax-spin uil-default\" width=\"120px\" height=\"120px\" viewBox=\"0 0 135 135\" preserveAspectRatio=\"xMidYMid\" stroke=\"\" style=\"width:120px; height:120px; position:fixed; top:50%; margin-top:-60px; left:50%; margin-left:-60px; opacity:1; display:none; fill:#666666; background-color:transparent; border-radius:24px;\"><path d=\"M67.447 58c5.523 0 10-4.477 10-10s-4.477-10-10-10-10 4.477-10 10 4.477 10 10 10zm9.448 9.447c0 5.523 4.477 10 10 10 5.522 0 10-4.477 10-10s-4.478-10-10-10c-5.523 0-10 4.477-10 10zm-9.448 9.448c-5.523 0-10 4.477-10 10 0 5.522 4.477 10 10 10s10-4.478 10-10c0-5.523-4.477-10-10-10zM58 67.447c0-5.523-4.477-10-10-10s-10 4.477-10 10 4.477 10 10 10 10-4.477 10-10z\"><animateTransform attributeName=\"transform\" type=\"rotate\" from=\"0 67 67\" to=\"-360 67 67\" dur=\"2.5s\" repeatCount=\"indefinite\" ><\/path><path d=\"M28.19 40.31c6.627 0 12-5.374 12-12 0-6.628-5.373-12-12-12-6.628 0-12 5.372-12 12 0 6.626 5.372 12 12 12zm30.72-19.825c4.686 4.687 12.284 4.687 16.97 0 4.686-4.686 4.686-12.284 0-16.97-4.686-4.687-12.284-4.687-16.97 0-4.687 4.686-4.687 12.284 0 16.97zm35.74 7.705c0 6.627 5.37 12 12 12 6.626 0 12-5.373 12-12 0-6.628-5.374-12-12-12-6.63 0-12 5.372-12 12zm19.822 30.72c-4.686 4.686-4.686 12.284 0 16.97 4.687 4.686 12.285 4.686 16.97 0 4.687-4.686 4.687-12.284 0-16.97-4.685-4.687-12.283-4.687-16.97 0zm-7.704 35.74c-6.627 0-12 5.37-12 12 0 6.626 5.373 12 12 12s12-5.374 12-12c0-6.63-5.373-12-12-12zm-30.72 19.822c-4.686-4.686-12.284-4.686-16.97 0-4.686 4.687-4.686 12.285 0 16.97 4.686 4.687 12.284 4.687 16.97 0 4.687-4.685 4.687-12.283 0-16.97zm-35.74-7.704c0-6.627-5.372-12-12-12-6.626 0-12 5.373-12 12s5.374 12 12 12c6.628 0 12-5.373 12-12zm-19.823-30.72c4.687-4.686 4.687-12.284 0-16.97-4.686-4.686-12.284-4.686-16.97 0-4.687 4.686-4.687 12.284 0 16.97 4.686 4.687 12.284 4.687 16.97 0z\"><animateTransform attributeName=\"transform\" type=\"rotate\" from=\"0 67 67\" to=\"360 67 67\" dur=\"8s\" repeatCount=\"indefinite\" ><\/path><\/svg><input type=\"hidden\" id=\"wppa-nonce-0-1\" name=\"wppa-nonce\" value=\"d9b197c904\" ><div id=\"wppa-bc-1\" class=\"wppa-nav wppa-box wppa-nav-text wppa-bc\" ><a href=\"https:\/\/offenbacher-friedensinitiative.de\/?p=12084#wppa-container-1\" class=\"wppa-nav-text b3\" style=\"cursor:pointer\" title=\"Post: Elfte Mahnwache f\u00fcr die Menschen im Nahen Osten\">Elfte Mahnwache f\u00fcr die Menschen im Nahen Osten<\/a><span class=\"wppa-nav-text b3\"> &raquo; <\/span><a onclick=\"wppaDoAjaxRender(event,1, 'https:\/\/offenbacher-friedensinitiative.de\/index.php?rest_route=\/wp-photo-album-plus\/endPoint?action=wppa&amp;wppa-action=render&amp;wppa-size=1200&amp;wppa-occur=1&amp;wppa-fromp=12084&amp;lang=de&amp;wppa-album=64&amp;wppa-cover=0&amp;wppa-occur=1', 'https:\/\/offenbacher-friedensinitiative.de\/?p=12084&lang=de&wppa-album=575eb77fe7a09bb9&wppa-cover=0&wppa-occur=1#wppa-container-1' );\" class=\"wppa-nav-text b20\" style=\"cursor:pointer\" title=\"Album: 2024\">2024<\/a><span class=\"wppa-nav-text b20\"> &raquo; <\/span><span id=\"bc-pname-1\" class=\"wppa-nav-text b10\"  title=\"\">2024 Elfte Mahnwache<\/span><div style=\"clear:both\"><\/div><\/div><div id=\"wppa-thumb-area-1\" class=\"wppa-box wppa-thumb-area wppa-thumb-area-1\" style=\"overflow:auto;\"><div id=\"wppa-popup-1\" class=\"wppa-popup-frame wppa-thumb-text\" style=\"max-width:2048px;\"><\/div><div style=\"clear:both\"><\/div><h3 id=\"wppa-albname-1\" class=\"wppa-box-text wppa-black\" style=\"padding-right:6px; margin:0;\">2024 Elfte Mahnwache<\/h3><div style=\"clear:both\"><\/div><div id=\"wppa-albdesc-1\" class=\"wppa-box-text wppa-black wppa-thumbarea-albdesc\" style=\"padding-right:6px;\"><\/div><div style=\"clear:both\"><\/div><table class=\"wppa-masonry\" style=\"margin-top:3px;\"><tbody class=\"wppa-masonry\"><tr class=\"wppa-masonry\"><td style=\"width: 22.4773776392%; vertical-align:top;\" class=\"wppa-masonry\"><div id=\"thumbnail_frame_masonry_f6f2c98c2bf442f3_1\" style=\"float:left;position:static;font-size:12px;line-height:8px;overflow:hidden;box-sizing:content-box;\"><a href=\"https:\/\/offenbacher-friedensinitiative.de\/wp-content\/uploads\/wppa-source\/album-81\/Bild1.jpg?ver=1\" data-id=\"f6f2c98c2bf442f3\" target=\"_self\" data-rel=\"wppa[occ1]\" data-lbtitle=\"Bild1&lt;br&gt;&lt;div&gt;&lt;table&gt;&lt;tr&gt;&lt;td&gt;Bild1&lt;\/td&gt;&lt;\/tr&gt;&lt;\/table&gt;&lt;\/div&gt;\" class=\"thumb-img\" id=\"x-f6f2c98c2bf442f3-1\" data-alt=\"Bild1\"><img decoding=\"async\" id=\"i-f6f2c98c2bf442f3-1\" title=\"Vergr\u00f6\u00dfern\" style=\"width:100%; height:auto; margin:0; position:relative;box-sizing:border-box;padding:2px;opacity:1;filter:alpha(opacity=100);cursor:\" src=\"https:\/\/offenbacher-friedensinitiative.de\/wp-content\/uploads\/wppa\/thumbs\/666.jpg?ver=16\" alt=\"Bild1\" onmouseover=\"jQuery(this).fadeTo(400, 1.0);\" onmouseout=\"jQuery(this).fadeTo(400, 1);\"><\/a><\/div><div id=\"thumbnail_frame_masonry_5c59cdd8f926c304_1\" style=\"float:left;position:static;font-size:12px;line-height:8px;overflow:hidden;box-sizing:content-box;\"><a href=\"https:\/\/offenbacher-friedensinitiative.de\/wp-content\/uploads\/wppa-source\/album-81\/Bild5.jpg?ver=1\" data-id=\"5c59cdd8f926c304\" target=\"_self\" data-rel=\"wppa[occ1]\" data-lbtitle=\"Bild5&lt;br&gt;&lt;div&gt;&lt;table&gt;&lt;tr&gt;&lt;td&gt;Bild5&lt;\/td&gt;&lt;\/tr&gt;&lt;\/table&gt;&lt;\/div&gt;\" class=\"thumb-img\" id=\"x-5c59cdd8f926c304-1\" data-alt=\"Bild5\"><img decoding=\"async\" id=\"i-5c59cdd8f926c304-1\" title=\"Vergr\u00f6\u00dfern\" style=\"width:100%; height:auto; margin:0; position:relative;box-sizing:border-box;padding:2px;opacity:1;filter:alpha(opacity=100);cursor:\" src=\"https:\/\/offenbacher-friedensinitiative.de\/wp-content\/uploads\/wppa\/thumbs\/670.jpg?ver=16\" alt=\"Bild5\" onmouseover=\"jQuery(this).fadeTo(400, 1.0);\" onmouseout=\"jQuery(this).fadeTo(400, 1);\"><\/a><\/div><\/td><td style=\"width: 23.6103836665%; vertical-align:top;\" class=\"wppa-masonry\"><div id=\"thumbnail_frame_masonry_f6c31f38d68ea23f_1\" style=\"float:left;position:static;font-size:12px;line-height:8px;overflow:hidden;box-sizing:content-box;\"><a href=\"https:\/\/offenbacher-friedensinitiative.de\/wp-content\/uploads\/wppa-source\/album-81\/Bild2.jpg?ver=1\" data-id=\"f6c31f38d68ea23f\" target=\"_self\" data-rel=\"wppa[occ1]\" data-lbtitle=\"Bild2&lt;br&gt;&lt;div&gt;&lt;table&gt;&lt;tr&gt;&lt;td&gt;Bild2&lt;\/td&gt;&lt;\/tr&gt;&lt;\/table&gt;&lt;\/div&gt;\" class=\"thumb-img\" id=\"x-f6c31f38d68ea23f-1\" data-alt=\"Bild2\"><img decoding=\"async\" id=\"i-f6c31f38d68ea23f-1\" title=\"Vergr\u00f6\u00dfern\" style=\"width:100%; height:auto; margin:0; position:relative;box-sizing:border-box;padding:2px;opacity:1;filter:alpha(opacity=100);cursor:\" src=\"https:\/\/offenbacher-friedensinitiative.de\/wp-content\/uploads\/wppa\/thumbs\/667.jpg?ver=16\" alt=\"Bild2\" onmouseover=\"jQuery(this).fadeTo(400, 1.0);\" onmouseout=\"jQuery(this).fadeTo(400, 1);\"><\/a><\/div><div id=\"thumbnail_frame_masonry_dd7162edf875292d_1\" style=\"float:left;position:static;font-size:12px;line-height:8px;overflow:hidden;box-sizing:content-box;\"><a href=\"https:\/\/offenbacher-friedensinitiative.de\/wp-content\/uploads\/wppa-source\/album-81\/Bild6.jpg?ver=1\" data-id=\"dd7162edf875292d\" target=\"_self\" data-rel=\"wppa[occ1]\" data-lbtitle=\"Bild6&lt;br&gt;&lt;div&gt;&lt;table&gt;&lt;tr&gt;&lt;td&gt;Bild6&lt;\/td&gt;&lt;\/tr&gt;&lt;\/table&gt;&lt;\/div&gt;\" class=\"thumb-img\" id=\"x-dd7162edf875292d-1\" data-alt=\"Bild6\"><img decoding=\"async\" id=\"i-dd7162edf875292d-1\" title=\"Vergr\u00f6\u00dfern\" style=\"width:100%; height:auto; margin:0; position:relative;box-sizing:border-box;padding:2px;opacity:1;filter:alpha(opacity=100);cursor:\" src=\"https:\/\/offenbacher-friedensinitiative.de\/wp-content\/uploads\/wppa\/thumbs\/671.jpg?ver=16\" alt=\"Bild6\" onmouseover=\"jQuery(this).fadeTo(400, 1.0);\" onmouseout=\"jQuery(this).fadeTo(400, 1);\"><\/a><\/div><\/td><td style=\"width: 11.8241634626%; vertical-align:top;\" class=\"wppa-masonry\"><div id=\"thumbnail_frame_masonry_ab97600965ca0134_1\" style=\"float:left;position:static;font-size:12px;line-height:8px;overflow:hidden;box-sizing:content-box;\"><a href=\"https:\/\/offenbacher-friedensinitiative.de\/wp-content\/uploads\/wppa-source\/album-81\/Bild3.jpg?ver=1\" data-id=\"ab97600965ca0134\" target=\"_self\" data-rel=\"wppa[occ1]\" data-lbtitle=\"Bild3&lt;br&gt;&lt;div&gt;&lt;table&gt;&lt;tr&gt;&lt;td&gt;Bild3&lt;\/td&gt;&lt;\/tr&gt;&lt;\/table&gt;&lt;\/div&gt;\" class=\"thumb-img\" id=\"x-ab97600965ca0134-1\" data-alt=\"Bild3\"><img decoding=\"async\" id=\"i-ab97600965ca0134-1\" title=\"Vergr\u00f6\u00dfern\" style=\"width:100%; height:auto; margin:0; position:relative;box-sizing:border-box;padding:2px;opacity:1;filter:alpha(opacity=100);cursor:\" src=\"https:\/\/offenbacher-friedensinitiative.de\/wp-content\/uploads\/wppa\/thumbs\/668.jpg?ver=16\" alt=\"Bild3\" onmouseover=\"jQuery(this).fadeTo(400, 1.0);\" onmouseout=\"jQuery(this).fadeTo(400, 1);\"><\/a><\/div><div id=\"thumbnail_frame_masonry_0b2f8081c390d96c_1\" style=\"float:left;position:static;font-size:12px;line-height:8px;overflow:hidden;box-sizing:content-box;\"><a href=\"https:\/\/offenbacher-friedensinitiative.de\/wp-content\/uploads\/wppa-source\/album-81\/Junge-mit-Plakat.jpg?ver=1\" data-id=\"0b2f8081c390d96c\" target=\"_self\" data-rel=\"wppa[occ1]\" data-lbtitle=\"Junge mit Plakat&lt;br&gt;&lt;div&gt;&lt;table&gt;&lt;tr&gt;&lt;td&gt;Junge mit Plakat&lt;\/td&gt;&lt;\/tr&gt;&lt;\/table&gt;&lt;\/div&gt;\" class=\"thumb-img\" id=\"x-0b2f8081c390d96c-1\" data-alt=\"Junge mit Plakat\"><img decoding=\"async\" id=\"i-0b2f8081c390d96c-1\" title=\"Vergr\u00f6\u00dfern\" style=\"width:100%; height:auto; margin:0; position:relative;box-sizing:border-box;padding:2px;opacity:1;filter:alpha(opacity=100);cursor:\" src=\"https:\/\/offenbacher-friedensinitiative.de\/wp-content\/uploads\/wppa\/thumbs\/672.jpg?ver=16\" alt=\"Junge mit Plakat\" onmouseover=\"jQuery(this).fadeTo(400, 1.0);\" onmouseout=\"jQuery(this).fadeTo(400, 1);\"><\/a><\/div><\/td><td style=\"width: 42.0880752317%; vertical-align:top;\" class=\"wppa-masonry\"><div id=\"thumbnail_frame_masonry_edf788740ca2162d_1\" style=\"float:left;position:static;font-size:12px;line-height:8px;overflow:hidden;box-sizing:content-box;\"><a href=\"https:\/\/offenbacher-friedensinitiative.de\/wp-content\/uploads\/wppa-source\/album-81\/Bild4.jpg?ver=1\" data-id=\"edf788740ca2162d\" target=\"_self\" data-rel=\"wppa[occ1]\" data-lbtitle=\"Bild4&lt;br&gt;&lt;div&gt;&lt;table&gt;&lt;tr&gt;&lt;td&gt;Bild4&lt;\/td&gt;&lt;\/tr&gt;&lt;\/table&gt;&lt;\/div&gt;\" class=\"thumb-img\" id=\"x-edf788740ca2162d-1\" data-alt=\"Bild4\"><img decoding=\"async\" id=\"i-edf788740ca2162d-1\" title=\"Vergr\u00f6\u00dfern\" style=\"width:100%; height:auto; margin:0; position:relative;box-sizing:border-box;padding:2px;opacity:1;filter:alpha(opacity=100);cursor:\" src=\"https:\/\/offenbacher-friedensinitiative.de\/wp-content\/uploads\/wppa\/thumbs\/669.jpg?ver=16\" alt=\"Bild4\" onmouseover=\"jQuery(this).fadeTo(400, 1.0);\" onmouseout=\"jQuery(this).fadeTo(400, 1);\"><\/a><\/div><\/td><\/tr><\/tbody><\/table><div class=\"wppa-clear\"><\/div><\/div><div style=\"clear:both;\"><\/div><div id=\"wppa-container-1-end\"><\/div><\/div><\/div>\n<!-- End [wppa type=\"content\" album=\"81\" cache=\"inf\"] \/index.php?rest_route=%2Fwp%2Fv2%2Fposts%2F12084 oc 1 37 queries in 22.3 ms. at 20:07. Max mem: 78.00 Mb. -->\n<p style=\"text-align: center;\">\u00a9 Fotografien: Ahmad Shahzaib<\/p>\n<\/div>\n<\/div><\/div><\/div><\/div><\/div><\/div>","protected":false},"excerpt":{"rendered":"<p>Bei unserer elften Mahnwache am 18.5.24 gab es wieder neue Entwicklungen in die richtige Richtung, aber ohne wirkliche Hilfe f\u00fcr die leidenden Menschen. Vom Internationalen<span class=\"more-link\"><a href=\"https:\/\/offenbacher-friedensinitiative.de\/?p=12084\">Weiterlesen &#8230;<\/a><\/span><\/p>\n","protected":false},"author":2,"featured_media":12077,"comment_status":"closed","ping_status":"closed","sticky":false,"template":"","format":"standard","meta":{"footnotes":""},"categories":[5],"tags":[],"class_list":["entry","author-wordpressmanfred","post-12084","post","type-post","status-publish","format-standard","has-post-thumbnail","category-aktionen"],"yoast_head":"<!-- This site is optimized with the Yoast SEO plugin v27.5 - https:\/\/yoast.com\/product\/yoast-seo-wordpress\/ -->\n<title>Elfte Mahnwache f\u00fcr die Menschen im Nahen Osten - Offenbacher FriedensInitiative - OFI<\/title>\n<meta name=\"description\" content=\"Bei unserer elften Mahnwache am 18.5.24 gab es wieder neue Entwicklungen in die richtige Richtung, aber ohne wirkliche Hilfe f\u00fcr die leidenden Menschen. Vom Internationalen Strafgerichtshof sind Haftbefehle f\u00fcr Hamasf\u00fchrer und Netanjahu angedroht.\" \/>\n<meta name=\"robots\" content=\"index, follow, max-snippet:-1, max-image-preview:large, max-video-preview:-1\" \/>\n<link rel=\"canonical\" href=\"https:\/\/offenbacher-friedensinitiative.de\/?p=12084\" \/>\n<meta property=\"og:locale\" content=\"de_DE\" \/>\n<meta property=\"og:type\" content=\"article\" \/>\n<meta property=\"og:title\" content=\"Elfte Mahnwache f\u00fcr die Menschen im Nahen Osten - Offenbacher FriedensInitiative - OFI\" \/>\n<meta property=\"og:description\" content=\"Bei unserer elften Mahnwache am 18.5.24 gab es wieder neue Entwicklungen in die richtige Richtung, aber ohne wirkliche Hilfe f\u00fcr die leidenden Menschen. Vom Internationalen Strafgerichtshof sind Haftbefehle f\u00fcr Hamasf\u00fchrer und Netanjahu angedroht.\" \/>\n<meta property=\"og:url\" content=\"https:\/\/offenbacher-friedensinitiative.de\/?p=12084\" \/>\n<meta property=\"og:site_name\" content=\"Offenbacher FriedensInitiative - OFI\" \/>\n<meta property=\"article:published_time\" content=\"2024-05-31T09:30:26+00:00\" \/>\n<meta property=\"article:modified_time\" content=\"2024-06-02T11:12:50+00:00\" \/>\n<meta property=\"og:image\" content=\"https:\/\/offenbacher-friedensinitiative.de\/wp-content\/uploads\/2024\/05\/Junge-mit-Plakat.jpg\" \/>\n\t<meta property=\"og:image:width\" content=\"1189\" \/>\n\t<meta property=\"og:image:height\" content=\"2048\" \/>\n\t<meta property=\"og:image:type\" content=\"image\/jpeg\" \/>\n<meta name=\"author\" content=\"MR\" \/>\n<meta name=\"twitter:card\" content=\"summary_large_image\" \/>\n<meta name=\"twitter:label1\" content=\"Verfasst von\" \/>\n\t<meta name=\"twitter:data1\" content=\"MR\" \/>\n\t<meta name=\"twitter:label2\" content=\"Gesch\u00e4tzte Lesezeit\" \/>\n\t<meta name=\"twitter:data2\" content=\"3\u00a0Minuten\" \/>\n<script type=\"application\/ld+json\" class=\"yoast-schema-graph\">{\"@context\":\"https:\\\/\\\/schema.org\",\"@graph\":[{\"@type\":\"Article\",\"@id\":\"https:\\\/\\\/offenbacher-friedensinitiative.de\\\/?p=12084#article\",\"isPartOf\":{\"@id\":\"https:\\\/\\\/offenbacher-friedensinitiative.de\\\/?p=12084\"},\"author\":{\"name\":\"MR\",\"@id\":\"https:\\\/\\\/offenbacher-friedensinitiative.de\\\/#\\\/schema\\\/person\\\/ddaa8cd62b61cd77ac77b55d600adc08\"},\"headline\":\"Elfte Mahnwache f\u00fcr die Menschen im Nahen Osten\",\"datePublished\":\"2024-05-31T09:30:26+00:00\",\"dateModified\":\"2024-06-02T11:12:50+00:00\",\"mainEntityOfPage\":{\"@id\":\"https:\\\/\\\/offenbacher-friedensinitiative.de\\\/?p=12084\"},\"wordCount\":207,\"publisher\":{\"@id\":\"https:\\\/\\\/offenbacher-friedensinitiative.de\\\/#organization\"},\"image\":{\"@id\":\"https:\\\/\\\/offenbacher-friedensinitiative.de\\\/?p=12084#primaryimage\"},\"thumbnailUrl\":\"https:\\\/\\\/offenbacher-friedensinitiative.de\\\/wp-content\\\/uploads\\\/2024\\\/05\\\/Junge-mit-Plakat.jpg\",\"articleSection\":[\"Aktionen\"],\"inLanguage\":\"de\"},{\"@type\":\"WebPage\",\"@id\":\"https:\\\/\\\/offenbacher-friedensinitiative.de\\\/?p=12084\",\"url\":\"https:\\\/\\\/offenbacher-friedensinitiative.de\\\/?p=12084\",\"name\":\"Elfte Mahnwache f\u00fcr die Menschen im Nahen Osten - Offenbacher FriedensInitiative - OFI\",\"isPartOf\":{\"@id\":\"https:\\\/\\\/offenbacher-friedensinitiative.de\\\/#website\"},\"primaryImageOfPage\":{\"@id\":\"https:\\\/\\\/offenbacher-friedensinitiative.de\\\/?p=12084#primaryimage\"},\"image\":{\"@id\":\"https:\\\/\\\/offenbacher-friedensinitiative.de\\\/?p=12084#primaryimage\"},\"thumbnailUrl\":\"https:\\\/\\\/offenbacher-friedensinitiative.de\\\/wp-content\\\/uploads\\\/2024\\\/05\\\/Junge-mit-Plakat.jpg\",\"datePublished\":\"2024-05-31T09:30:26+00:00\",\"dateModified\":\"2024-06-02T11:12:50+00:00\",\"description\":\"Bei unserer elften Mahnwache am 18.5.24 gab es wieder neue Entwicklungen in die richtige Richtung, aber ohne wirkliche Hilfe f\u00fcr die leidenden Menschen. Vom Internationalen Strafgerichtshof sind Haftbefehle f\u00fcr Hamasf\u00fchrer und Netanjahu angedroht.\",\"breadcrumb\":{\"@id\":\"https:\\\/\\\/offenbacher-friedensinitiative.de\\\/?p=12084#breadcrumb\"},\"inLanguage\":\"de\",\"potentialAction\":[{\"@type\":\"ReadAction\",\"target\":[\"https:\\\/\\\/offenbacher-friedensinitiative.de\\\/?p=12084\"]}]},{\"@type\":\"ImageObject\",\"inLanguage\":\"de\",\"@id\":\"https:\\\/\\\/offenbacher-friedensinitiative.de\\\/?p=12084#primaryimage\",\"url\":\"https:\\\/\\\/offenbacher-friedensinitiative.de\\\/wp-content\\\/uploads\\\/2024\\\/05\\\/Junge-mit-Plakat.jpg\",\"contentUrl\":\"https:\\\/\\\/offenbacher-friedensinitiative.de\\\/wp-content\\\/uploads\\\/2024\\\/05\\\/Junge-mit-Plakat.jpg\",\"width\":1189,\"height\":2048},{\"@type\":\"BreadcrumbList\",\"@id\":\"https:\\\/\\\/offenbacher-friedensinitiative.de\\\/?p=12084#breadcrumb\",\"itemListElement\":[{\"@type\":\"ListItem\",\"position\":1,\"name\":\"Startseite\",\"item\":\"https:\\\/\\\/offenbacher-friedensinitiative.de\\\/\"},{\"@type\":\"ListItem\",\"position\":2,\"name\":\"Elfte Mahnwache f\u00fcr die Menschen im Nahen Osten\"}]},{\"@type\":\"WebSite\",\"@id\":\"https:\\\/\\\/offenbacher-friedensinitiative.de\\\/#website\",\"url\":\"https:\\\/\\\/offenbacher-friedensinitiative.de\\\/\",\"name\":\"Offenbacher FriedensInitiative\",\"description\":\"Abr\u00fcsten statt Aufr\u00fcsten |- Kriege beenden | R\u00fcstungsexporte stoppen\",\"publisher\":{\"@id\":\"https:\\\/\\\/offenbacher-friedensinitiative.de\\\/#organization\"},\"potentialAction\":[{\"@type\":\"SearchAction\",\"target\":{\"@type\":\"EntryPoint\",\"urlTemplate\":\"https:\\\/\\\/offenbacher-friedensinitiative.de\\\/?s={search_term_string}\"},\"query-input\":{\"@type\":\"PropertyValueSpecification\",\"valueRequired\":true,\"valueName\":\"search_term_string\"}}],\"inLanguage\":\"de\"},{\"@type\":\"Organization\",\"@id\":\"https:\\\/\\\/offenbacher-friedensinitiative.de\\\/#organization\",\"name\":\"Offenbacher Friedensinitiative\",\"url\":\"https:\\\/\\\/offenbacher-friedensinitiative.de\\\/\",\"logo\":{\"@type\":\"ImageObject\",\"inLanguage\":\"de\",\"@id\":\"https:\\\/\\\/offenbacher-friedensinitiative.de\\\/#\\\/schema\\\/logo\\\/image\\\/\",\"url\":\"https:\\\/\\\/offenbacher-friedensinitiative.de\\\/wp-content\\\/uploads\\\/2019\\\/03\\\/cropped-Transparen-logo.jpg\",\"contentUrl\":\"https:\\\/\\\/offenbacher-friedensinitiative.de\\\/wp-content\\\/uploads\\\/2019\\\/03\\\/cropped-Transparen-logo.jpg\",\"width\":1036,\"height\":227,\"caption\":\"Offenbacher Friedensinitiative\"},\"image\":{\"@id\":\"https:\\\/\\\/offenbacher-friedensinitiative.de\\\/#\\\/schema\\\/logo\\\/image\\\/\"}},{\"@type\":\"Person\",\"@id\":\"https:\\\/\\\/offenbacher-friedensinitiative.de\\\/#\\\/schema\\\/person\\\/ddaa8cd62b61cd77ac77b55d600adc08\",\"name\":\"MR\"}]}<\/script>\n<!-- \/ Yoast SEO plugin. -->","yoast_head_json":{"title":"Elfte Mahnwache f\u00fcr die Menschen im Nahen Osten - Offenbacher FriedensInitiative - OFI","description":"Bei unserer elften Mahnwache am 18.5.24 gab es wieder neue Entwicklungen in die richtige Richtung, aber ohne wirkliche Hilfe f\u00fcr die leidenden Menschen. Vom Internationalen Strafgerichtshof sind Haftbefehle f\u00fcr Hamasf\u00fchrer und Netanjahu angedroht.","robots":{"index":"index","follow":"follow","max-snippet":"max-snippet:-1","max-image-preview":"max-image-preview:large","max-video-preview":"max-video-preview:-1"},"canonical":"https:\/\/offenbacher-friedensinitiative.de\/?p=12084","og_locale":"de_DE","og_type":"article","og_title":"Elfte Mahnwache f\u00fcr die Menschen im Nahen Osten - Offenbacher FriedensInitiative - OFI","og_description":"Bei unserer elften Mahnwache am 18.5.24 gab es wieder neue Entwicklungen in die richtige Richtung, aber ohne wirkliche Hilfe f\u00fcr die leidenden Menschen. Vom Internationalen Strafgerichtshof sind Haftbefehle f\u00fcr Hamasf\u00fchrer und Netanjahu angedroht.","og_url":"https:\/\/offenbacher-friedensinitiative.de\/?p=12084","og_site_name":"Offenbacher FriedensInitiative - OFI","article_published_time":"2024-05-31T09:30:26+00:00","article_modified_time":"2024-06-02T11:12:50+00:00","og_image":[{"width":1189,"height":2048,"url":"https:\/\/offenbacher-friedensinitiative.de\/wp-content\/uploads\/2024\/05\/Junge-mit-Plakat.jpg","type":"image\/jpeg"}],"author":"MR","twitter_card":"summary_large_image","twitter_misc":{"Verfasst von":"MR","Gesch\u00e4tzte Lesezeit":"3\u00a0Minuten"},"schema":{"@context":"https:\/\/schema.org","@graph":[{"@type":"Article","@id":"https:\/\/offenbacher-friedensinitiative.de\/?p=12084#article","isPartOf":{"@id":"https:\/\/offenbacher-friedensinitiative.de\/?p=12084"},"author":{"name":"MR","@id":"https:\/\/offenbacher-friedensinitiative.de\/#\/schema\/person\/ddaa8cd62b61cd77ac77b55d600adc08"},"headline":"Elfte Mahnwache f\u00fcr die Menschen im Nahen Osten","datePublished":"2024-05-31T09:30:26+00:00","dateModified":"2024-06-02T11:12:50+00:00","mainEntityOfPage":{"@id":"https:\/\/offenbacher-friedensinitiative.de\/?p=12084"},"wordCount":207,"publisher":{"@id":"https:\/\/offenbacher-friedensinitiative.de\/#organization"},"image":{"@id":"https:\/\/offenbacher-friedensinitiative.de\/?p=12084#primaryimage"},"thumbnailUrl":"https:\/\/offenbacher-friedensinitiative.de\/wp-content\/uploads\/2024\/05\/Junge-mit-Plakat.jpg","articleSection":["Aktionen"],"inLanguage":"de"},{"@type":"WebPage","@id":"https:\/\/offenbacher-friedensinitiative.de\/?p=12084","url":"https:\/\/offenbacher-friedensinitiative.de\/?p=12084","name":"Elfte Mahnwache f\u00fcr die Menschen im Nahen Osten - Offenbacher FriedensInitiative - OFI","isPartOf":{"@id":"https:\/\/offenbacher-friedensinitiative.de\/#website"},"primaryImageOfPage":{"@id":"https:\/\/offenbacher-friedensinitiative.de\/?p=12084#primaryimage"},"image":{"@id":"https:\/\/offenbacher-friedensinitiative.de\/?p=12084#primaryimage"},"thumbnailUrl":"https:\/\/offenbacher-friedensinitiative.de\/wp-content\/uploads\/2024\/05\/Junge-mit-Plakat.jpg","datePublished":"2024-05-31T09:30:26+00:00","dateModified":"2024-06-02T11:12:50+00:00","description":"Bei unserer elften Mahnwache am 18.5.24 gab es wieder neue Entwicklungen in die richtige Richtung, aber ohne wirkliche Hilfe f\u00fcr die leidenden Menschen. Vom Internationalen Strafgerichtshof sind Haftbefehle f\u00fcr Hamasf\u00fchrer und Netanjahu angedroht.","breadcrumb":{"@id":"https:\/\/offenbacher-friedensinitiative.de\/?p=12084#breadcrumb"},"inLanguage":"de","potentialAction":[{"@type":"ReadAction","target":["https:\/\/offenbacher-friedensinitiative.de\/?p=12084"]}]},{"@type":"ImageObject","inLanguage":"de","@id":"https:\/\/offenbacher-friedensinitiative.de\/?p=12084#primaryimage","url":"https:\/\/offenbacher-friedensinitiative.de\/wp-content\/uploads\/2024\/05\/Junge-mit-Plakat.jpg","contentUrl":"https:\/\/offenbacher-friedensinitiative.de\/wp-content\/uploads\/2024\/05\/Junge-mit-Plakat.jpg","width":1189,"height":2048},{"@type":"BreadcrumbList","@id":"https:\/\/offenbacher-friedensinitiative.de\/?p=12084#breadcrumb","itemListElement":[{"@type":"ListItem","position":1,"name":"Startseite","item":"https:\/\/offenbacher-friedensinitiative.de\/"},{"@type":"ListItem","position":2,"name":"Elfte Mahnwache f\u00fcr die Menschen im Nahen Osten"}]},{"@type":"WebSite","@id":"https:\/\/offenbacher-friedensinitiative.de\/#website","url":"https:\/\/offenbacher-friedensinitiative.de\/","name":"Offenbacher FriedensInitiative","description":"Abr\u00fcsten statt Aufr\u00fcsten |- Kriege beenden | R\u00fcstungsexporte stoppen","publisher":{"@id":"https:\/\/offenbacher-friedensinitiative.de\/#organization"},"potentialAction":[{"@type":"SearchAction","target":{"@type":"EntryPoint","urlTemplate":"https:\/\/offenbacher-friedensinitiative.de\/?s={search_term_string}"},"query-input":{"@type":"PropertyValueSpecification","valueRequired":true,"valueName":"search_term_string"}}],"inLanguage":"de"},{"@type":"Organization","@id":"https:\/\/offenbacher-friedensinitiative.de\/#organization","name":"Offenbacher Friedensinitiative","url":"https:\/\/offenbacher-friedensinitiative.de\/","logo":{"@type":"ImageObject","inLanguage":"de","@id":"https:\/\/offenbacher-friedensinitiative.de\/#\/schema\/logo\/image\/","url":"https:\/\/offenbacher-friedensinitiative.de\/wp-content\/uploads\/2019\/03\/cropped-Transparen-logo.jpg","contentUrl":"https:\/\/offenbacher-friedensinitiative.de\/wp-content\/uploads\/2019\/03\/cropped-Transparen-logo.jpg","width":1036,"height":227,"caption":"Offenbacher Friedensinitiative"},"image":{"@id":"https:\/\/offenbacher-friedensinitiative.de\/#\/schema\/logo\/image\/"}},{"@type":"Person","@id":"https:\/\/offenbacher-friedensinitiative.de\/#\/schema\/person\/ddaa8cd62b61cd77ac77b55d600adc08","name":"MR"}]}},"_links":{"self":[{"href":"https:\/\/offenbacher-friedensinitiative.de\/index.php?rest_route=\/wp\/v2\/posts\/12084","targetHints":{"allow":["GET"]}}],"collection":[{"href":"https:\/\/offenbacher-friedensinitiative.de\/index.php?rest_route=\/wp\/v2\/posts"}],"about":[{"href":"https:\/\/offenbacher-friedensinitiative.de\/index.php?rest_route=\/wp\/v2\/types\/post"}],"author":[{"embeddable":true,"href":"https:\/\/offenbacher-friedensinitiative.de\/index.php?rest_route=\/wp\/v2\/users\/2"}],"replies":[{"embeddable":true,"href":"https:\/\/offenbacher-friedensinitiative.de\/index.php?rest_route=%2Fwp%2Fv2%2Fcomments&post=12084"}],"version-history":[{"count":10,"href":"https:\/\/offenbacher-friedensinitiative.de\/index.php?rest_route=\/wp\/v2\/posts\/12084\/revisions"}],"predecessor-version":[{"id":12127,"href":"https:\/\/offenbacher-friedensinitiative.de\/index.php?rest_route=\/wp\/v2\/posts\/12084\/revisions\/12127"}],"wp:featuredmedia":[{"embeddable":true,"href":"https:\/\/offenbacher-friedensinitiative.de\/index.php?rest_route=\/wp\/v2\/media\/12077"}],"wp:attachment":[{"href":"https:\/\/offenbacher-friedensinitiative.de\/index.php?rest_route=%2Fwp%2Fv2%2Fmedia&parent=12084"}],"wp:term":[{"taxonomy":"category","embeddable":true,"href":"https:\/\/offenbacher-friedensinitiative.de\/index.php?rest_route=%2Fwp%2Fv2%2Fcategories&post=12084"},{"taxonomy":"post_tag","embeddable":true,"href":"https:\/\/offenbacher-friedensinitiative.de\/index.php?rest_route=%2Fwp%2Fv2%2Ftags&post=12084"}],"curies":[{"name":"wp","href":"https:\/\/api.w.org\/{rel}","templated":true}]}}