{"id":12190,"date":"2024-07-17T19:13:17","date_gmt":"2024-07-17T17:13:17","guid":{"rendered":"https:\/\/offenbacher-friedensinitiative.de\/?p=12190"},"modified":"2024-07-25T11:38:48","modified_gmt":"2024-07-25T09:38:48","slug":"14-mahnwache","status":"publish","type":"post","link":"https:\/\/offenbacher-friedensinitiative.de\/?p=12190","title":{"rendered":"Vierzehnte Mahnwache f\u00fcr die Menschen im Nahen Osten"},"content":{"rendered":"<div id=\"pl-12190\"  class=\"panel-layout\" ><div id=\"pg-12190-0\"  class=\"panel-grid panel-no-style\" ><div id=\"pgc-12190-0-0\"  class=\"panel-grid-cell\" ><div id=\"panel-12190-0-0-0\" class=\"so-panel widget widget_sow-editor panel-first-child\" data-index=\"0\" ><div class=\"panel-widget-style panel-widget-style-for-12190-0-0-0\" ><div\n\t\t\t\n\t\t\tclass=\"so-widget-sow-editor so-widget-sow-editor-base\"\n\t\t\t\n\t\t><h3 class=\"widget-title\">Beendet das T\u00f6ten im Nahen Osten<\/h3>\n<div class=\"siteorigin-widget-tinymce textwidget\">\n\t<p>\u00dcber die Situation in Gaza gibt es keine neuen Nachrichten. Immer dasselbe Elend: Aufforderung zum Evakuieren, Beschuss genau der vorher als sicher angewiesenen Gebiete. Mag man sich die Verzweiflung der Betroffenen vorstellen? Dazu Wasserknappheit, Nahrungsmangel und Hitze.<\/p>\n<p>Von den verbliebenen Geiseln h\u00f6ren wir auch nichts mehr. Neu nur Waffeng\u00e4nge weiterer Akteure. Die Angst vor einem Fl\u00e4chenbrand w\u00e4chst.<\/p>\n<p>Ein UN-Gericht hat endlich das Thema der Besatzung in der Westbank aufgegriffen. Im Fernsehen ein Menschenrechtsbeobachter, der von israelischen Siedlern angegriffen wurde. Er hatte einen pal\u00e4stinensischen Bauern begleitet, der zu seinen Olivenb\u00e4umen wollte.<\/p>\n<p>Es g\u00e4be viele Themen und viel zu schreiben.<\/p>\n<p>Wir waren wieder auf der Stra\u00dfe mit unseren einfachen Forderungen, dass das T\u00f6ten im Nahen Osten aufh\u00f6ren soll, und dass die Bundesregierung aufh\u00f6ren soll Waffen zu liefern.<\/p>\n<p>Wir werden das weiter machen. Ein n\u00e4chster Termin ist allerdings noch nicht vereinbart.<\/p>\n<\/div>\n<\/div><\/div><\/div><div id=\"panel-12190-0-0-1\" class=\"so-panel widget widget_sow-editor\" data-index=\"1\" ><div class=\"panel-widget-style panel-widget-style-for-12190-0-0-1\" ><div\n\t\t\t\n\t\t\tclass=\"so-widget-sow-editor so-widget-sow-editor-base\"\n\t\t\t\n\t\t>\n<div class=\"siteorigin-widget-tinymce textwidget\">\n\t<\/div>\n<\/div><\/div><\/div><div id=\"panel-12190-0-0-2\" class=\"so-panel widget widget_sow-editor panel-last-child\" data-index=\"2\" ><div class=\"panel-widget-style panel-widget-style-for-12190-0-0-2\" ><div\n\t\t\t\n\t\t\tclass=\"so-widget-sow-editor so-widget-sow-editor-base\"\n\t\t\t\n\t\t>\n<div class=\"siteorigin-widget-tinymce textwidget\">\n\t \n<!-- Start container 1 --><div id=\"wppa-modal-container-1\" class=\"wppa-modal-container\" style=\"position:relative;z-index:100000;\" data-wppa=\"yes\" ontouchmove=\"event.stopPropagation();\"><\/div><div id=\"wppa-container-wrapper-1\" class=\"alignnone wppa-container-wrapper \" style=\"width:100%;clear:both;padding:0;position:relative;\"><div id=\"wppa-container-1\" style=\"width:100%;\" class=\"wppa-container wppa-container-1 wppa-rev-9112007 wppa-prevrev-9111001 wppa-theme-9.1.12.007 wppa-api-9.1.12.007\"><svg id=\"wppa-ajax-spin-1\" class=\"wppa-ajax-spin uil-default\" width=\"120px\" height=\"120px\" viewBox=\"0 0 135 135\" preserveAspectRatio=\"xMidYMid\" stroke=\"\" style=\"width:120px; height:120px; position:fixed; top:50%; margin-top:-60px; left:50%; margin-left:-60px; opacity:1; display:none; fill:#666666; background-color:transparent; border-radius:24px;\"><path d=\"M67.447 58c5.523 0 10-4.477 10-10s-4.477-10-10-10-10 4.477-10 10 4.477 10 10 10zm9.448 9.447c0 5.523 4.477 10 10 10 5.522 0 10-4.477 10-10s-4.478-10-10-10c-5.523 0-10 4.477-10 10zm-9.448 9.448c-5.523 0-10 4.477-10 10 0 5.522 4.477 10 10 10s10-4.478 10-10c0-5.523-4.477-10-10-10zM58 67.447c0-5.523-4.477-10-10-10s-10 4.477-10 10 4.477 10 10 10 10-4.477 10-10z\"><animateTransform attributeName=\"transform\" type=\"rotate\" from=\"0 67 67\" to=\"-360 67 67\" dur=\"2.5s\" repeatCount=\"indefinite\" ><\/path><path d=\"M28.19 40.31c6.627 0 12-5.374 12-12 0-6.628-5.373-12-12-12-6.628 0-12 5.372-12 12 0 6.626 5.372 12 12 12zm30.72-19.825c4.686 4.687 12.284 4.687 16.97 0 4.686-4.686 4.686-12.284 0-16.97-4.686-4.687-12.284-4.687-16.97 0-4.687 4.686-4.687 12.284 0 16.97zm35.74 7.705c0 6.627 5.37 12 12 12 6.626 0 12-5.373 12-12 0-6.628-5.374-12-12-12-6.63 0-12 5.372-12 12zm19.822 30.72c-4.686 4.686-4.686 12.284 0 16.97 4.687 4.686 12.285 4.686 16.97 0 4.687-4.686 4.687-12.284 0-16.97-4.685-4.687-12.283-4.687-16.97 0zm-7.704 35.74c-6.627 0-12 5.37-12 12 0 6.626 5.373 12 12 12s12-5.374 12-12c0-6.63-5.373-12-12-12zm-30.72 19.822c-4.686-4.686-12.284-4.686-16.97 0-4.686 4.687-4.686 12.285 0 16.97 4.686 4.687 12.284 4.687 16.97 0 4.687-4.685 4.687-12.283 0-16.97zm-35.74-7.704c0-6.627-5.372-12-12-12-6.626 0-12 5.373-12 12s5.374 12 12 12c6.628 0 12-5.373 12-12zm-19.823-30.72c4.687-4.686 4.687-12.284 0-16.97-4.686-4.686-12.284-4.686-16.97 0-4.687 4.686-4.687 12.284 0 16.97 4.686 4.687 12.284 4.687 16.97 0z\"><animateTransform attributeName=\"transform\" type=\"rotate\" from=\"0 67 67\" to=\"360 67 67\" dur=\"8s\" repeatCount=\"indefinite\" ><\/path><\/svg><input type=\"hidden\" id=\"wppa-nonce-0-1\" name=\"wppa-nonce\" value=\"aebc4bea98\" ><div id=\"wppa-bc-1\" class=\"wppa-nav wppa-box wppa-nav-text wppa-bc\" ><a href=\"https:\/\/offenbacher-friedensinitiative.de\/?p=12190#wppa-container-1\" class=\"wppa-nav-text b3\" style=\"cursor:pointer\" title=\"Post: Vierzehnte Mahnwache f\u00fcr die Menschen im Nahen Osten\">Vierzehnte Mahnwache f\u00fcr die Menschen im Nahen Osten<\/a><span class=\"wppa-nav-text b3\"> &raquo; <\/span><a onclick=\"wppaDoAjaxRender(event,1, 'https:\/\/offenbacher-friedensinitiative.de\/index.php?rest_route=\/wp-photo-album-plus\/endPoint?action=wppa&amp;wppa-action=render&amp;wppa-size=1200&amp;wppa-occur=1&amp;wppa-fromp=12190&amp;lang=de&amp;wppa-album=64&amp;wppa-cover=0&amp;wppa-occur=1', 'https:\/\/offenbacher-friedensinitiative.de\/?p=12190&lang=de&wppa-album=575eb77fe7a09bb9&wppa-cover=0&wppa-occur=1#wppa-container-1' );return false;\" href=\"https:\/\/offenbacher-friedensinitiative.de\/?p=12190&lang=de&wppa-album=575eb77fe7a09bb9&wppa-cover=0&wppa-occur=1#wppa-container-1\" class=\"wppa-nav-text b20\" style=\"cursor:pointer\" title=\"Album: 2024\">2024<\/a><span class=\"wppa-nav-text b20\"> &raquo; <\/span><span id=\"bc-pname-1\" class=\"wppa-nav-text b10\"  title=\"\">2024 Vierzehnte Mahnwache<\/span><div style=\"clear:both\"><\/div><\/div><div id=\"wppa-thumb-area-1\" class=\"wppa-box wppa-thumb-area wppa-thumb-area-1\" style=\"overflow:auto;\"><div id=\"wppa-popup-1\" class=\"wppa-popup-frame wppa-thumb-text\" style=\"max-width:2048px;\"><\/div><div style=\"clear:both\"><\/div><h3 id=\"wppa-albname-1\" class=\"wppa-box-text wppa-black\" style=\"padding-right:6px; margin:0;\">2024 Vierzehnte Mahnwache<\/h3><div style=\"clear:both\"><\/div><div id=\"wppa-albdesc-1\" class=\"wppa-box-text wppa-black wppa-thumbarea-albdesc\" style=\"padding-right:6px;\"><\/div><div style=\"clear:both\"><\/div><table class=\"wppa-masonry\" style=\"margin-top:3px;\"><tbody class=\"wppa-masonry\"><tr class=\"wppa-masonry\"><td style=\"width: 10.4520915282%; vertical-align:top;\" class=\"wppa-masonry\"><div id=\"thumbnail_frame_masonry_1a405a1e402d74b5_1\" style=\"float:left;position:static;font-size:12px;line-height:8px;overflow:hidden;box-sizing:content-box;\"><a href=\"https:\/\/offenbacher-friedensinitiative.de\/wp-content\/uploads\/wppa-source\/album-88\/image.jpeg?ver=1\" data-id=\"1a405a1e402d74b5\" target=\"_self\" data-rel=\"wppa[occ1]\" class=\"thumb-img\" id=\"x-1a405a1e402d74b5-1\" data-alt=\"image\"><img loading=\"lazy\" decoding=\"async\" id=\"i-1a405a1e402d74b5-1\" title=\"Vergr\u00f6\u00dfern\" style=\"width:100%; height:auto; margin:0; position:relative;box-sizing:border-box;padding:2px;opacity:1;filter:alpha(opacity=100);cursor:\" width=\"500\" height=\"375\" src=\"https:\/\/offenbacher-friedensinitiative.de\/wp-content\/uploads\/wppa\/thumbs\/714.jpg?ver=16\" alt=\"image\" onmouseover=\"jQuery(this).fadeTo(400, 1.0);\" onmouseout=\"jQuery(this).fadeTo(400, 1);\"><\/a><\/div><div id=\"thumbnail_frame_masonry_ecb0479b86092b58_1\" style=\"float:left;position:static;font-size:12px;line-height:8px;overflow:hidden;box-sizing:content-box;\"><a href=\"https:\/\/offenbacher-friedensinitiative.de\/wp-content\/uploads\/wppa-source\/album-88\/Aufruf-zur-14.-Mahnwache.jpg?ver=1\" data-id=\"ecb0479b86092b58\" target=\"_self\" data-rel=\"wppa[occ1]\" class=\"thumb-img\" id=\"x-ecb0479b86092b58-1\" data-alt=\"Aufruf zur 14. Mahnwache\"><img loading=\"lazy\" decoding=\"async\" id=\"i-ecb0479b86092b58-1\" title=\"Vergr\u00f6\u00dfern\" style=\"width:100%; height:auto; margin:0; position:relative;box-sizing:border-box;padding:2px;opacity:1;filter:alpha(opacity=100);cursor:\" width=\"353\" height=\"500\" src=\"https:\/\/offenbacher-friedensinitiative.de\/wp-content\/uploads\/wppa\/thumbs\/712.jpg?ver=16\" alt=\"Aufruf zur 14. Mahnwache\" onmouseover=\"jQuery(this).fadeTo(400, 1.0);\" onmouseout=\"jQuery(this).fadeTo(400, 1);\"><\/a><\/div><\/td><td style=\"width: 29.8493028239%; vertical-align:top;\" class=\"wppa-masonry\"><div id=\"thumbnail_frame_masonry_6e11c39e7777032b_1\" style=\"float:left;position:static;font-size:12px;line-height:8px;overflow:hidden;box-sizing:content-box;\"><a href=\"https:\/\/offenbacher-friedensinitiative.de\/wp-content\/uploads\/wppa-source\/album-88\/image3.jpeg?ver=1\" data-id=\"6e11c39e7777032b\" target=\"_self\" data-rel=\"wppa[occ1]\" class=\"thumb-img\" id=\"x-6e11c39e7777032b-1\" data-alt=\"image3\"><img loading=\"lazy\" decoding=\"async\" id=\"i-6e11c39e7777032b-1\" title=\"Vergr\u00f6\u00dfern\" style=\"width:100%; height:auto; margin:0; position:relative;box-sizing:border-box;padding:2px;opacity:1;filter:alpha(opacity=100);cursor:\" width=\"500\" height=\"375\" src=\"https:\/\/offenbacher-friedensinitiative.de\/wp-content\/uploads\/wppa\/thumbs\/715.jpg?ver=16\" alt=\"image3\" onmouseover=\"jQuery(this).fadeTo(400, 1.0);\" onmouseout=\"jQuery(this).fadeTo(400, 1);\"><\/a><\/div><\/td><td style=\"width: 29.8493028239%; vertical-align:top;\" class=\"wppa-masonry\"><div id=\"thumbnail_frame_masonry_2ebca102f1873f21_1\" style=\"float:left;position:static;font-size:12px;line-height:8px;overflow:hidden;box-sizing:content-box;\"><a href=\"https:\/\/offenbacher-friedensinitiative.de\/wp-content\/uploads\/wppa-source\/album-88\/image2.jpeg?ver=1\" data-id=\"2ebca102f1873f21\" target=\"_self\" data-rel=\"wppa[occ1]\" class=\"thumb-img\" id=\"x-2ebca102f1873f21-1\" data-alt=\"image2\"><img loading=\"lazy\" decoding=\"async\" id=\"i-2ebca102f1873f21-1\" title=\"Vergr\u00f6\u00dfern\" style=\"width:100%; height:auto; margin:0; position:relative;box-sizing:border-box;padding:2px;opacity:1;filter:alpha(opacity=100);cursor:\" width=\"500\" height=\"375\" src=\"https:\/\/offenbacher-friedensinitiative.de\/wp-content\/uploads\/wppa\/thumbs\/716.jpg?ver=16\" alt=\"image2\" onmouseover=\"jQuery(this).fadeTo(400, 1.0);\" onmouseout=\"jQuery(this).fadeTo(400, 1);\"><\/a><\/div><\/td><td style=\"width: 29.8493028239%; vertical-align:top;\" class=\"wppa-masonry\"><div id=\"thumbnail_frame_masonry_89a235425d414be6_1\" style=\"float:left;position:static;font-size:12px;line-height:8px;overflow:hidden;box-sizing:content-box;\"><a href=\"https:\/\/offenbacher-friedensinitiative.de\/wp-content\/uploads\/wppa-source\/album-88\/image1.jpeg?ver=1\" data-id=\"89a235425d414be6\" target=\"_self\" data-rel=\"wppa[occ1]\" class=\"thumb-img\" id=\"x-89a235425d414be6-1\" data-alt=\"image1\"><img loading=\"lazy\" decoding=\"async\" id=\"i-89a235425d414be6-1\" title=\"Vergr\u00f6\u00dfern\" style=\"width:100%; height:auto; margin:0; position:relative;box-sizing:border-box;padding:2px;opacity:1;filter:alpha(opacity=100);cursor:\" width=\"500\" height=\"375\" src=\"https:\/\/offenbacher-friedensinitiative.de\/wp-content\/uploads\/wppa\/thumbs\/717.jpg?ver=16\" alt=\"image1\" onmouseover=\"jQuery(this).fadeTo(400, 1.0);\" onmouseout=\"jQuery(this).fadeTo(400, 1);\"><\/a><\/div><\/td><\/tr><\/tbody><\/table><div class=\"wppa-clear\"><\/div><\/div><div style=\"clear:both;\"><\/div><div id=\"wppa-container-1-end\"><\/div><\/div><\/div>\n<!-- End [wppa type=\"content\" album=\"88\" cache=\"inf\"] \/index.php?rest_route=%2Fwp%2Fv2%2Fposts%2F12190 oc 1 28 queries in 21.3 ms. at 10:18. Max mem: 108.00 Mb. -->\n<p style=\"text-align: center;\">\u00a9 Fotografien: privat<\/p>\n<\/div>\n<\/div><\/div><\/div><\/div><\/div><\/div>","protected":false},"excerpt":{"rendered":"<p>\u00dcber die Situation in Gaza gibt es keine neuen Nachrichten. Immer dasselbe Elend: Aufforderung zum Evakuieren, Beschuss genau der vorher als sicher angewiesenen Gebiete. Mag<span class=\"more-link\"><a href=\"https:\/\/offenbacher-friedensinitiative.de\/?p=12190\">Weiterlesen &#8230;<\/a><\/span><\/p>\n","protected":false},"author":2,"featured_media":12212,"comment_status":"closed","ping_status":"closed","sticky":false,"template":"","format":"standard","meta":{"footnotes":""},"categories":[5],"tags":[],"class_list":["entry","author-wordpressmanfred","post-12190","post","type-post","status-publish","format-standard","has-post-thumbnail","category-aktionen"],"yoast_head":"<!-- This site is optimized with the Yoast SEO plugin v27.5 - https:\/\/yoast.com\/product\/yoast-seo-wordpress\/ -->\n<title>Vierzehnte Mahnwache f\u00fcr die Menschen im Nahen Osten - Offenbacher FriedensInitiative - OFI<\/title>\n<meta name=\"description\" content=\"Immer dasselbe Elend: Aufforderung zum Evakuieren, Beschuss genau der vorher als sicher angewiesenen Gebiete. Mag man sich die Verzweiflung der Betroffenen vorstellen? Dazu Wasserknappheit, Nahrungsmangel und Hitze.\" \/>\n<meta name=\"robots\" content=\"index, follow, max-snippet:-1, max-image-preview:large, max-video-preview:-1\" \/>\n<link rel=\"canonical\" href=\"https:\/\/offenbacher-friedensinitiative.de\/?p=12190\" \/>\n<meta property=\"og:locale\" content=\"de_DE\" \/>\n<meta property=\"og:type\" content=\"article\" \/>\n<meta property=\"og:title\" content=\"Vierzehnte Mahnwache f\u00fcr die Menschen im Nahen Osten - Offenbacher FriedensInitiative - OFI\" \/>\n<meta property=\"og:description\" content=\"Immer dasselbe Elend: Aufforderung zum Evakuieren, Beschuss genau der vorher als sicher angewiesenen Gebiete. Mag man sich die Verzweiflung der Betroffenen vorstellen? Dazu Wasserknappheit, Nahrungsmangel und Hitze.\" \/>\n<meta property=\"og:url\" content=\"https:\/\/offenbacher-friedensinitiative.de\/?p=12190\" \/>\n<meta property=\"og:site_name\" content=\"Offenbacher FriedensInitiative - OFI\" \/>\n<meta property=\"article:published_time\" content=\"2024-07-17T17:13:17+00:00\" \/>\n<meta property=\"article:modified_time\" content=\"2024-07-25T09:38:48+00:00\" \/>\n<meta property=\"og:image\" content=\"https:\/\/offenbacher-friedensinitiative.de\/wp-content\/uploads\/2024\/07\/image3-e1721900191115.jpeg\" \/>\n\t<meta property=\"og:image:width\" content=\"2048\" \/>\n\t<meta property=\"og:image:height\" content=\"1024\" \/>\n\t<meta property=\"og:image:type\" content=\"image\/jpeg\" \/>\n<meta name=\"author\" content=\"MR\" \/>\n<meta name=\"twitter:card\" content=\"summary_large_image\" \/>\n<meta name=\"twitter:label1\" content=\"Verfasst von\" \/>\n\t<meta name=\"twitter:data1\" content=\"MR\" \/>\n\t<meta name=\"twitter:label2\" content=\"Gesch\u00e4tzte Lesezeit\" \/>\n\t<meta name=\"twitter:data2\" content=\"3\u00a0Minuten\" \/>\n<script type=\"application\/ld+json\" class=\"yoast-schema-graph\">{\"@context\":\"https:\\\/\\\/schema.org\",\"@graph\":[{\"@type\":\"Article\",\"@id\":\"https:\\\/\\\/offenbacher-friedensinitiative.de\\\/?p=12190#article\",\"isPartOf\":{\"@id\":\"https:\\\/\\\/offenbacher-friedensinitiative.de\\\/?p=12190\"},\"author\":{\"name\":\"MR\",\"@id\":\"https:\\\/\\\/offenbacher-friedensinitiative.de\\\/#\\\/schema\\\/person\\\/ddaa8cd62b61cd77ac77b55d600adc08\"},\"headline\":\"Vierzehnte Mahnwache f\u00fcr die Menschen im Nahen Osten\",\"datePublished\":\"2024-07-17T17:13:17+00:00\",\"dateModified\":\"2024-07-25T09:38:48+00:00\",\"mainEntityOfPage\":{\"@id\":\"https:\\\/\\\/offenbacher-friedensinitiative.de\\\/?p=12190\"},\"wordCount\":195,\"publisher\":{\"@id\":\"https:\\\/\\\/offenbacher-friedensinitiative.de\\\/#organization\"},\"image\":{\"@id\":\"https:\\\/\\\/offenbacher-friedensinitiative.de\\\/?p=12190#primaryimage\"},\"thumbnailUrl\":\"https:\\\/\\\/offenbacher-friedensinitiative.de\\\/wp-content\\\/uploads\\\/2024\\\/07\\\/image3-e1721900191115.jpeg\",\"articleSection\":[\"Aktionen\"],\"inLanguage\":\"de\"},{\"@type\":\"WebPage\",\"@id\":\"https:\\\/\\\/offenbacher-friedensinitiative.de\\\/?p=12190\",\"url\":\"https:\\\/\\\/offenbacher-friedensinitiative.de\\\/?p=12190\",\"name\":\"Vierzehnte Mahnwache f\u00fcr die Menschen im Nahen Osten - Offenbacher FriedensInitiative - OFI\",\"isPartOf\":{\"@id\":\"https:\\\/\\\/offenbacher-friedensinitiative.de\\\/#website\"},\"primaryImageOfPage\":{\"@id\":\"https:\\\/\\\/offenbacher-friedensinitiative.de\\\/?p=12190#primaryimage\"},\"image\":{\"@id\":\"https:\\\/\\\/offenbacher-friedensinitiative.de\\\/?p=12190#primaryimage\"},\"thumbnailUrl\":\"https:\\\/\\\/offenbacher-friedensinitiative.de\\\/wp-content\\\/uploads\\\/2024\\\/07\\\/image3-e1721900191115.jpeg\",\"datePublished\":\"2024-07-17T17:13:17+00:00\",\"dateModified\":\"2024-07-25T09:38:48+00:00\",\"description\":\"Immer dasselbe Elend: Aufforderung zum Evakuieren, Beschuss genau der vorher als sicher angewiesenen Gebiete. Mag man sich die Verzweiflung der Betroffenen vorstellen? Dazu Wasserknappheit, Nahrungsmangel und Hitze.\",\"breadcrumb\":{\"@id\":\"https:\\\/\\\/offenbacher-friedensinitiative.de\\\/?p=12190#breadcrumb\"},\"inLanguage\":\"de\",\"potentialAction\":[{\"@type\":\"ReadAction\",\"target\":[\"https:\\\/\\\/offenbacher-friedensinitiative.de\\\/?p=12190\"]}]},{\"@type\":\"ImageObject\",\"inLanguage\":\"de\",\"@id\":\"https:\\\/\\\/offenbacher-friedensinitiative.de\\\/?p=12190#primaryimage\",\"url\":\"https:\\\/\\\/offenbacher-friedensinitiative.de\\\/wp-content\\\/uploads\\\/2024\\\/07\\\/image3-e1721900191115.jpeg\",\"contentUrl\":\"https:\\\/\\\/offenbacher-friedensinitiative.de\\\/wp-content\\\/uploads\\\/2024\\\/07\\\/image3-e1721900191115.jpeg\",\"width\":2048,\"height\":1024},{\"@type\":\"BreadcrumbList\",\"@id\":\"https:\\\/\\\/offenbacher-friedensinitiative.de\\\/?p=12190#breadcrumb\",\"itemListElement\":[{\"@type\":\"ListItem\",\"position\":1,\"name\":\"Startseite\",\"item\":\"https:\\\/\\\/offenbacher-friedensinitiative.de\\\/\"},{\"@type\":\"ListItem\",\"position\":2,\"name\":\"Vierzehnte Mahnwache f\u00fcr die Menschen im Nahen Osten\"}]},{\"@type\":\"WebSite\",\"@id\":\"https:\\\/\\\/offenbacher-friedensinitiative.de\\\/#website\",\"url\":\"https:\\\/\\\/offenbacher-friedensinitiative.de\\\/\",\"name\":\"Offenbacher FriedensInitiative\",\"description\":\"Abr\u00fcsten statt Aufr\u00fcsten |- Kriege beenden | R\u00fcstungsexporte stoppen\",\"publisher\":{\"@id\":\"https:\\\/\\\/offenbacher-friedensinitiative.de\\\/#organization\"},\"potentialAction\":[{\"@type\":\"SearchAction\",\"target\":{\"@type\":\"EntryPoint\",\"urlTemplate\":\"https:\\\/\\\/offenbacher-friedensinitiative.de\\\/?s={search_term_string}\"},\"query-input\":{\"@type\":\"PropertyValueSpecification\",\"valueRequired\":true,\"valueName\":\"search_term_string\"}}],\"inLanguage\":\"de\"},{\"@type\":\"Organization\",\"@id\":\"https:\\\/\\\/offenbacher-friedensinitiative.de\\\/#organization\",\"name\":\"Offenbacher Friedensinitiative\",\"url\":\"https:\\\/\\\/offenbacher-friedensinitiative.de\\\/\",\"logo\":{\"@type\":\"ImageObject\",\"inLanguage\":\"de\",\"@id\":\"https:\\\/\\\/offenbacher-friedensinitiative.de\\\/#\\\/schema\\\/logo\\\/image\\\/\",\"url\":\"https:\\\/\\\/offenbacher-friedensinitiative.de\\\/wp-content\\\/uploads\\\/2019\\\/03\\\/cropped-Transparen-logo.jpg\",\"contentUrl\":\"https:\\\/\\\/offenbacher-friedensinitiative.de\\\/wp-content\\\/uploads\\\/2019\\\/03\\\/cropped-Transparen-logo.jpg\",\"width\":1036,\"height\":227,\"caption\":\"Offenbacher Friedensinitiative\"},\"image\":{\"@id\":\"https:\\\/\\\/offenbacher-friedensinitiative.de\\\/#\\\/schema\\\/logo\\\/image\\\/\"}},{\"@type\":\"Person\",\"@id\":\"https:\\\/\\\/offenbacher-friedensinitiative.de\\\/#\\\/schema\\\/person\\\/ddaa8cd62b61cd77ac77b55d600adc08\",\"name\":\"MR\"}]}<\/script>\n<!-- \/ Yoast SEO plugin. -->","yoast_head_json":{"title":"Vierzehnte Mahnwache f\u00fcr die Menschen im Nahen Osten - Offenbacher FriedensInitiative - OFI","description":"Immer dasselbe Elend: Aufforderung zum Evakuieren, Beschuss genau der vorher als sicher angewiesenen Gebiete. Mag man sich die Verzweiflung der Betroffenen vorstellen? Dazu Wasserknappheit, Nahrungsmangel und Hitze.","robots":{"index":"index","follow":"follow","max-snippet":"max-snippet:-1","max-image-preview":"max-image-preview:large","max-video-preview":"max-video-preview:-1"},"canonical":"https:\/\/offenbacher-friedensinitiative.de\/?p=12190","og_locale":"de_DE","og_type":"article","og_title":"Vierzehnte Mahnwache f\u00fcr die Menschen im Nahen Osten - Offenbacher FriedensInitiative - OFI","og_description":"Immer dasselbe Elend: Aufforderung zum Evakuieren, Beschuss genau der vorher als sicher angewiesenen Gebiete. Mag man sich die Verzweiflung der Betroffenen vorstellen? Dazu Wasserknappheit, Nahrungsmangel und Hitze.","og_url":"https:\/\/offenbacher-friedensinitiative.de\/?p=12190","og_site_name":"Offenbacher FriedensInitiative - OFI","article_published_time":"2024-07-17T17:13:17+00:00","article_modified_time":"2024-07-25T09:38:48+00:00","og_image":[{"width":2048,"height":1024,"url":"https:\/\/offenbacher-friedensinitiative.de\/wp-content\/uploads\/2024\/07\/image3-e1721900191115.jpeg","type":"image\/jpeg"}],"author":"MR","twitter_card":"summary_large_image","twitter_misc":{"Verfasst von":"MR","Gesch\u00e4tzte Lesezeit":"3\u00a0Minuten"},"schema":{"@context":"https:\/\/schema.org","@graph":[{"@type":"Article","@id":"https:\/\/offenbacher-friedensinitiative.de\/?p=12190#article","isPartOf":{"@id":"https:\/\/offenbacher-friedensinitiative.de\/?p=12190"},"author":{"name":"MR","@id":"https:\/\/offenbacher-friedensinitiative.de\/#\/schema\/person\/ddaa8cd62b61cd77ac77b55d600adc08"},"headline":"Vierzehnte Mahnwache f\u00fcr die Menschen im Nahen Osten","datePublished":"2024-07-17T17:13:17+00:00","dateModified":"2024-07-25T09:38:48+00:00","mainEntityOfPage":{"@id":"https:\/\/offenbacher-friedensinitiative.de\/?p=12190"},"wordCount":195,"publisher":{"@id":"https:\/\/offenbacher-friedensinitiative.de\/#organization"},"image":{"@id":"https:\/\/offenbacher-friedensinitiative.de\/?p=12190#primaryimage"},"thumbnailUrl":"https:\/\/offenbacher-friedensinitiative.de\/wp-content\/uploads\/2024\/07\/image3-e1721900191115.jpeg","articleSection":["Aktionen"],"inLanguage":"de"},{"@type":"WebPage","@id":"https:\/\/offenbacher-friedensinitiative.de\/?p=12190","url":"https:\/\/offenbacher-friedensinitiative.de\/?p=12190","name":"Vierzehnte Mahnwache f\u00fcr die Menschen im Nahen Osten - Offenbacher FriedensInitiative - OFI","isPartOf":{"@id":"https:\/\/offenbacher-friedensinitiative.de\/#website"},"primaryImageOfPage":{"@id":"https:\/\/offenbacher-friedensinitiative.de\/?p=12190#primaryimage"},"image":{"@id":"https:\/\/offenbacher-friedensinitiative.de\/?p=12190#primaryimage"},"thumbnailUrl":"https:\/\/offenbacher-friedensinitiative.de\/wp-content\/uploads\/2024\/07\/image3-e1721900191115.jpeg","datePublished":"2024-07-17T17:13:17+00:00","dateModified":"2024-07-25T09:38:48+00:00","description":"Immer dasselbe Elend: Aufforderung zum Evakuieren, Beschuss genau der vorher als sicher angewiesenen Gebiete. Mag man sich die Verzweiflung der Betroffenen vorstellen? Dazu Wasserknappheit, Nahrungsmangel und Hitze.","breadcrumb":{"@id":"https:\/\/offenbacher-friedensinitiative.de\/?p=12190#breadcrumb"},"inLanguage":"de","potentialAction":[{"@type":"ReadAction","target":["https:\/\/offenbacher-friedensinitiative.de\/?p=12190"]}]},{"@type":"ImageObject","inLanguage":"de","@id":"https:\/\/offenbacher-friedensinitiative.de\/?p=12190#primaryimage","url":"https:\/\/offenbacher-friedensinitiative.de\/wp-content\/uploads\/2024\/07\/image3-e1721900191115.jpeg","contentUrl":"https:\/\/offenbacher-friedensinitiative.de\/wp-content\/uploads\/2024\/07\/image3-e1721900191115.jpeg","width":2048,"height":1024},{"@type":"BreadcrumbList","@id":"https:\/\/offenbacher-friedensinitiative.de\/?p=12190#breadcrumb","itemListElement":[{"@type":"ListItem","position":1,"name":"Startseite","item":"https:\/\/offenbacher-friedensinitiative.de\/"},{"@type":"ListItem","position":2,"name":"Vierzehnte Mahnwache f\u00fcr die Menschen im Nahen Osten"}]},{"@type":"WebSite","@id":"https:\/\/offenbacher-friedensinitiative.de\/#website","url":"https:\/\/offenbacher-friedensinitiative.de\/","name":"Offenbacher FriedensInitiative","description":"Abr\u00fcsten statt Aufr\u00fcsten |- Kriege beenden | R\u00fcstungsexporte stoppen","publisher":{"@id":"https:\/\/offenbacher-friedensinitiative.de\/#organization"},"potentialAction":[{"@type":"SearchAction","target":{"@type":"EntryPoint","urlTemplate":"https:\/\/offenbacher-friedensinitiative.de\/?s={search_term_string}"},"query-input":{"@type":"PropertyValueSpecification","valueRequired":true,"valueName":"search_term_string"}}],"inLanguage":"de"},{"@type":"Organization","@id":"https:\/\/offenbacher-friedensinitiative.de\/#organization","name":"Offenbacher Friedensinitiative","url":"https:\/\/offenbacher-friedensinitiative.de\/","logo":{"@type":"ImageObject","inLanguage":"de","@id":"https:\/\/offenbacher-friedensinitiative.de\/#\/schema\/logo\/image\/","url":"https:\/\/offenbacher-friedensinitiative.de\/wp-content\/uploads\/2019\/03\/cropped-Transparen-logo.jpg","contentUrl":"https:\/\/offenbacher-friedensinitiative.de\/wp-content\/uploads\/2019\/03\/cropped-Transparen-logo.jpg","width":1036,"height":227,"caption":"Offenbacher Friedensinitiative"},"image":{"@id":"https:\/\/offenbacher-friedensinitiative.de\/#\/schema\/logo\/image\/"}},{"@type":"Person","@id":"https:\/\/offenbacher-friedensinitiative.de\/#\/schema\/person\/ddaa8cd62b61cd77ac77b55d600adc08","name":"MR"}]}},"_links":{"self":[{"href":"https:\/\/offenbacher-friedensinitiative.de\/index.php?rest_route=\/wp\/v2\/posts\/12190","targetHints":{"allow":["GET"]}}],"collection":[{"href":"https:\/\/offenbacher-friedensinitiative.de\/index.php?rest_route=\/wp\/v2\/posts"}],"about":[{"href":"https:\/\/offenbacher-friedensinitiative.de\/index.php?rest_route=\/wp\/v2\/types\/post"}],"author":[{"embeddable":true,"href":"https:\/\/offenbacher-friedensinitiative.de\/index.php?rest_route=\/wp\/v2\/users\/2"}],"replies":[{"embeddable":true,"href":"https:\/\/offenbacher-friedensinitiative.de\/index.php?rest_route=%2Fwp%2Fv2%2Fcomments&post=12190"}],"version-history":[{"count":8,"href":"https:\/\/offenbacher-friedensinitiative.de\/index.php?rest_route=\/wp\/v2\/posts\/12190\/revisions"}],"predecessor-version":[{"id":12214,"href":"https:\/\/offenbacher-friedensinitiative.de\/index.php?rest_route=\/wp\/v2\/posts\/12190\/revisions\/12214"}],"wp:featuredmedia":[{"embeddable":true,"href":"https:\/\/offenbacher-friedensinitiative.de\/index.php?rest_route=\/wp\/v2\/media\/12212"}],"wp:attachment":[{"href":"https:\/\/offenbacher-friedensinitiative.de\/index.php?rest_route=%2Fwp%2Fv2%2Fmedia&parent=12190"}],"wp:term":[{"taxonomy":"category","embeddable":true,"href":"https:\/\/offenbacher-friedensinitiative.de\/index.php?rest_route=%2Fwp%2Fv2%2Fcategories&post=12190"},{"taxonomy":"post_tag","embeddable":true,"href":"https:\/\/offenbacher-friedensinitiative.de\/index.php?rest_route=%2Fwp%2Fv2%2Ftags&post=12190"}],"curies":[{"name":"wp","href":"https:\/\/api.w.org\/{rel}","templated":true}]}}