{"id":12413,"date":"2025-02-24T18:14:49","date_gmt":"2025-02-24T17:14:49","guid":{"rendered":"https:\/\/offenbacher-friedensinitiative.de\/?p=12413"},"modified":"2025-03-03T13:57:00","modified_gmt":"2025-03-03T12:57:00","slug":"guenter-verheugen-sprach-in-offenbach","status":"publish","type":"post","link":"https:\/\/offenbacher-friedensinitiative.de\/?p=12413","title":{"rendered":"G\u00fcnter Verheugen sprach in Offenbach"},"content":{"rendered":"<div id=\"pl-12413\"  class=\"panel-layout\" ><div id=\"pg-12413-0\"  class=\"panel-grid panel-no-style\" ><div id=\"pgc-12413-0-0\"  class=\"panel-grid-cell\" ><div id=\"panel-12413-0-0-0\" class=\"so-panel widget widget_sow-editor panel-first-child\" data-index=\"0\" ><div class=\"panel-widget-style panel-widget-style-for-12413-0-0-0\" ><div\n\t\t\t\n\t\t\tclass=\"so-widget-sow-editor so-widget-sow-editor-base\"\n\t\t\t\n\t\t>\n<div class=\"siteorigin-widget-tinymce textwidget\">\n\t<p>\u00dcber 150 Menschen kamen, um ihn zu h\u00f6ren. Auch Menschen aus anderen St\u00e4dten waren dabei, wie z.B. aus Heidelberg und Bad Kreuznach. F\u00fcr alle hat es sich gelohnt zu kommen.<\/p>\n<p>Es sollte eine Vorstellung des Buches sein, das er mit seiner Lebensgef\u00e4hrtin Petra Erler geschrieben hat. Der Titel: \u201eDer lange Weg zum Krieg, Russland, die Ukraine und der Westen\u201c. Aber nat\u00fcrlich begann der Vortrag nicht entlang den Ausf\u00fchrungen des Buches, sondern mit Bezug auf die Aktualit\u00e4t.<\/p>\n<p>Seit dem Machtwechsel im Wei\u00dfen Haus sei allen ehemaligen Verb\u00fcndeten der NATO \u201eder Boden unter den F\u00fc\u00dfen weggezogen\u201c worden. Trump, der in Waffenstillstandverhandlungen mit Russland eintreten wolle, s\u00e4he die Europ\u00e4er als \u201el\u00e4stige Schmarotzer\u201c, fordere von ihnen eine drastische Erh\u00f6hung der R\u00fcstungsausgaben, w\u00e4hrend sich die USA aus der Finanzierung des Krieges zur\u00fcckziehen wolle. Das habe die Europ\u00e4er \u201ekalt erwischt\u201c.<\/p>\n<p>Profitieren wollten die USA allerdings doch von der Kriegssituation, indem die Europ\u00e4er die Kriegs- und Aufbaukosten f\u00fcr die Ukraine \u00fcbern\u00e4hmen, den US-R\u00fcstungsunternehmen die Waffen abkaufen und die USA sich von der Ukraine ihr Engagement mit dem Verkauf ihrer Rohstoff-Ressourcen entlohnen lie\u00dfen.<\/p>\n<p>Verheugens Prognose ist, dass dies die NATO nicht \u00fcberleben werde \u2013 nicht in ihrer jetzigen Form.<\/p>\n<p>Mit den Europ\u00e4ern geht Verheugen hart ins Gericht: sie h\u00e4tten seit 2015 die Deeskalationsziele des Minsker Abkommens torpediert (wie A. Merkel best\u00e4tigte). Sie seien nicht auf die legitimen Sicherheitsinteressen Russlands eingegangen, die nicht vereinbar sind mit der Verschiebung der Nato bis an die Grenzen Russlands. Au\u00dferdem h\u00e4tten die europ\u00e4ischen Staaten nach 2022 keine Friedensinitiativen initiiert. Aus diesen Gr\u00fcnden seien die Europ\u00e4er auch nicht gefragt, bei den Waffenstillstandsverhandlungen am Tisch zu sitzen. Wer sollte ihnen trauen?<\/p>\n<p>Die Entspannungspolitik der 70er und 80er Jahre ist f\u00fcr Verheugen die Blaupause, eine gemeinsame Sicherheitsarchitektur f\u00fcr Europa zu entwickeln. Diese sei von Deutschland aufgegeben worden, das Land habe sich zu einem \u201eUS-Vasall\u201c entwickelt.<\/p>\n<p>Welche Aufgabe sieht Verheugen f\u00fcr Europa\/Deutschland? Als Mitverfasser der KSZE-Dokumente von 1975, die den entspannungspolitischen Weg verbindlich gemacht haben, fordert er als Ziel: Abr\u00fcstung \u2013 Abr\u00fcstung \u2013 Abr\u00fcstung\u201c, und zwar auf beiden Seiten, denn auch wenn er Russland keine imperialen Interessen unterstellt, so sieht er Russland und die USA in der Pflicht, den Weg der Abr\u00fcstung gemeinsam zu gehen.<\/p>\n<p>Vielen Zuh\u00f6rerInnen sprach G\u00fcnter Verheugen anscheinend aus der Seele, denn sie bedankten sich f\u00fcr seine Ausf\u00fchrungen.<\/p>\n<\/div>\n<\/div><\/div><\/div><div id=\"panel-12413-0-0-1\" class=\"so-panel widget widget_sow-editor\" data-index=\"1\" ><div class=\"panel-widget-style panel-widget-style-for-12413-0-0-1\" ><div\n\t\t\t\n\t\t\tclass=\"so-widget-sow-editor so-widget-sow-editor-base\"\n\t\t\t\n\t\t>\n<div class=\"siteorigin-widget-tinymce textwidget\">\n\t<p><a href=\"https:\/\/www.youtube.com\/watch?v=kjYB3VvI94M\" target=\"_blank\" rel=\"noopener\">Hier die Aufzeichnung der Veranstaltung auf YouTube<\/a><\/p>\n<\/div>\n<\/div><\/div><\/div><div id=\"panel-12413-0-0-2\" class=\"so-panel widget widget_sow-editor panel-last-child\" data-index=\"2\" ><div class=\"panel-widget-style panel-widget-style-for-12413-0-0-2\" ><div\n\t\t\t\n\t\t\tclass=\"so-widget-sow-editor so-widget-sow-editor-base\"\n\t\t\t\n\t\t>\n<div class=\"siteorigin-widget-tinymce textwidget\">\n\t \n<!-- Start container 1 --><div id=\"wppa-modal-container-1\" class=\"wppa-modal-container\" style=\"position:relative;z-index:100000;\" data-wppa=\"yes\" ontouchmove=\"event.stopPropagation();\"><\/div><div id=\"wppa-container-wrapper-1\" class=\"alignnone wppa-container-wrapper \" style=\"width:100%;clear:both;padding:0;position:relative;\"><div id=\"wppa-container-1\" style=\"width:100%;\" class=\"wppa-container wppa-container-1 wppa-rev-9111001 wppa-prevrev-9110011 wppa-theme-9.1.11.001 wppa-api-9.1.11.001\"><svg id=\"wppa-ajax-spin-1\" class=\"wppa-ajax-spin uil-default\" width=\"120px\" height=\"120px\" viewBox=\"0 0 135 135\" preserveAspectRatio=\"xMidYMid\" stroke=\"\" style=\"width:120px; height:120px; position:fixed; top:50%; margin-top:-60px; left:50%; margin-left:-60px; opacity:1; display:none; fill:#666666; background-color:transparent; border-radius:24px;\"><path d=\"M67.447 58c5.523 0 10-4.477 10-10s-4.477-10-10-10-10 4.477-10 10 4.477 10 10 10zm9.448 9.447c0 5.523 4.477 10 10 10 5.522 0 10-4.477 10-10s-4.478-10-10-10c-5.523 0-10 4.477-10 10zm-9.448 9.448c-5.523 0-10 4.477-10 10 0 5.522 4.477 10 10 10s10-4.478 10-10c0-5.523-4.477-10-10-10zM58 67.447c0-5.523-4.477-10-10-10s-10 4.477-10 10 4.477 10 10 10 10-4.477 10-10z\"><animateTransform attributeName=\"transform\" type=\"rotate\" from=\"0 67 67\" to=\"-360 67 67\" dur=\"2.5s\" repeatCount=\"indefinite\" ><\/path><path d=\"M28.19 40.31c6.627 0 12-5.374 12-12 0-6.628-5.373-12-12-12-6.628 0-12 5.372-12 12 0 6.626 5.372 12 12 12zm30.72-19.825c4.686 4.687 12.284 4.687 16.97 0 4.686-4.686 4.686-12.284 0-16.97-4.686-4.687-12.284-4.687-16.97 0-4.687 4.686-4.687 12.284 0 16.97zm35.74 7.705c0 6.627 5.37 12 12 12 6.626 0 12-5.373 12-12 0-6.628-5.374-12-12-12-6.63 0-12 5.372-12 12zm19.822 30.72c-4.686 4.686-4.686 12.284 0 16.97 4.687 4.686 12.285 4.686 16.97 0 4.687-4.686 4.687-12.284 0-16.97-4.685-4.687-12.283-4.687-16.97 0zm-7.704 35.74c-6.627 0-12 5.37-12 12 0 6.626 5.373 12 12 12s12-5.374 12-12c0-6.63-5.373-12-12-12zm-30.72 19.822c-4.686-4.686-12.284-4.686-16.97 0-4.686 4.687-4.686 12.285 0 16.97 4.686 4.687 12.284 4.687 16.97 0 4.687-4.685 4.687-12.283 0-16.97zm-35.74-7.704c0-6.627-5.372-12-12-12-6.626 0-12 5.373-12 12s5.374 12 12 12c6.628 0 12-5.373 12-12zm-19.823-30.72c4.687-4.686 4.687-12.284 0-16.97-4.686-4.686-12.284-4.686-16.97 0-4.687 4.686-4.687 12.284 0 16.97 4.686 4.687 12.284 4.687 16.97 0z\"><animateTransform attributeName=\"transform\" type=\"rotate\" from=\"0 67 67\" to=\"360 67 67\" dur=\"8s\" repeatCount=\"indefinite\" ><\/path><\/svg><input type=\"hidden\" id=\"wppa-nonce-0-1\" name=\"wppa-nonce\" value=\"aa8efebf98\" ><div id=\"wppa-bc-1\" class=\"wppa-nav wppa-box wppa-nav-text wppa-bc\" ><a href=\"https:\/\/offenbacher-friedensinitiative.de\/?p=12413#wppa-container-1\" class=\"wppa-nav-text b3\" style=\"cursor:pointer\" title=\"Post: G\u00fcnter Verheugen sprach in Offenbach\">G\u00fcnter Verheugen sprach in Offenbach<\/a><span class=\"wppa-nav-text b3\"> &raquo; <\/span><a onclick=\"wppaDoAjaxRender(event,1, 'https:\/\/offenbacher-friedensinitiative.de\/index.php?rest_route=\/wp-photo-album-plus\/endPoint?action=wppa&amp;wppa-action=render&amp;wppa-size=1200&amp;wppa-occur=1&amp;wppa-fromp=12413&amp;lang=de&amp;wppa-album=99&amp;wppa-cover=0&amp;wppa-occur=1', 'https:\/\/offenbacher-friedensinitiative.de\/?p=12413&lang=de&wppa-album=52dc21f8025358fc&wppa-cover=0&wppa-occur=1#wppa-container-1' );\" class=\"wppa-nav-text b20\" style=\"cursor:pointer\" title=\"Album: 2025\">2025<\/a><span class=\"wppa-nav-text b20\"> &raquo; <\/span><span id=\"bc-pname-1\" class=\"wppa-nav-text b10\"  title=\"\">2025 Verheugen<\/span><div style=\"clear:both\"><\/div><\/div><div id=\"wppa-thumb-area-1\" class=\"wppa-box wppa-thumb-area wppa-thumb-area-1\" style=\"overflow:auto;\"><div id=\"wppa-popup-1\" class=\"wppa-popup-frame wppa-thumb-text\" style=\"max-width:2048px;\"><\/div><div style=\"clear:both\"><\/div><h3 id=\"wppa-albname-1\" class=\"wppa-box-text wppa-black\" style=\"padding-right:6px; margin:0;\">2025 Verheugen<\/h3><div style=\"clear:both\"><\/div><div id=\"wppa-albdesc-1\" class=\"wppa-box-text wppa-black wppa-thumbarea-albdesc\" style=\"padding-right:6px;\"><\/div><div style=\"clear:both\"><\/div><table class=\"wppa-masonry\" style=\"margin-top:3px;\"><tbody class=\"wppa-masonry\"><tr class=\"wppa-masonry\"><td style=\"width: 12.8180817739%; vertical-align:top;\" class=\"wppa-masonry\"><div id=\"thumbnail_frame_masonry_31123fbc06a47532_1\" style=\"float:left;position:static;font-size:12px;line-height:8px;overflow:hidden;box-sizing:content-box;\"><a href=\"https:\/\/offenbacher-friedensinitiative.de\/wp-content\/uploads\/wppa-source\/album-104\/Guenter-Verheugen-bei-der-Veranstaltung-der-OFI2.jpg?ver=1\" data-id=\"31123fbc06a47532\" target=\"_self\" data-rel=\"wppa[occ1]\" data-lbtitle=\"G\u00fcnter Verheugen bei der Veranstaltung der OFI2&lt;br&gt;&lt;div&gt;&lt;table&gt;&lt;tr&gt;&lt;td&gt;G\u00fcnter Verheugen bei der Veranstaltung der OFI2&lt;\/td&gt;&lt;\/tr&gt;&lt;\/table&gt;&lt;\/div&gt;\" class=\"thumb-img\" id=\"x-31123fbc06a47532-1\" data-alt=\"G\u00fcnter Verheugen bei der Veranstaltung der OFI2\"><img decoding=\"async\" id=\"i-31123fbc06a47532-1\" title=\"Vergr\u00f6\u00dfern\" style=\"width:100%; height:auto; margin:0; position:relative;box-sizing:border-box;padding:2px;opacity:1;filter:alpha(opacity=100);cursor:\" src=\"https:\/\/offenbacher-friedensinitiative.de\/wp-content\/uploads\/wppa\/thumbs\/805.jpg?ver=16\" alt=\"G\u00fcnter Verheugen bei der Veranstaltung der OFI2\" onmouseover=\"jQuery(this).fadeTo(400, 1.0);\" onmouseout=\"jQuery(this).fadeTo(400, 1);\"><\/a><\/div><div id=\"thumbnail_frame_masonry_a51ae6921fe727d7_1\" style=\"float:left;position:static;font-size:12px;line-height:8px;overflow:hidden;box-sizing:content-box;\"><a href=\"https:\/\/offenbacher-friedensinitiative.de\/wp-content\/uploads\/wppa-source\/album-104\/Guenter-Verheugen.jpg?ver=1\" data-id=\"a51ae6921fe727d7\" target=\"_self\" data-rel=\"wppa[occ1]\" data-lbtitle=\"G\u00fcnter Verheugen&lt;br&gt;&lt;div&gt;&lt;table&gt;&lt;tr&gt;&lt;td&gt;G\u00fcnter Verheugen&lt;\/td&gt;&lt;\/tr&gt;&lt;\/table&gt;&lt;\/div&gt;\" class=\"thumb-img\" id=\"x-a51ae6921fe727d7-1\" data-alt=\"G\u00fcnter Verheugen\"><img decoding=\"async\" id=\"i-a51ae6921fe727d7-1\" title=\"Vergr\u00f6\u00dfern\" style=\"width:100%; height:auto; margin:0; position:relative;box-sizing:border-box;padding:2px;opacity:1;filter:alpha(opacity=100);cursor:\" src=\"https:\/\/offenbacher-friedensinitiative.de\/wp-content\/uploads\/wppa\/thumbs\/807.jpg?ver=16\" alt=\"G\u00fcnter Verheugen\" onmouseover=\"jQuery(this).fadeTo(400, 1.0);\" onmouseout=\"jQuery(this).fadeTo(400, 1);\"><\/a><\/div><\/td><td style=\"width: 23.7381514392%; vertical-align:top;\" class=\"wppa-masonry\"><div id=\"thumbnail_frame_masonry_287413ea5e06e473_1\" style=\"float:left;position:static;font-size:12px;line-height:8px;overflow:hidden;box-sizing:content-box;\"><a href=\"https:\/\/offenbacher-friedensinitiative.de\/wp-content\/uploads\/wppa-source\/album-104\/Guenter-Verheugen-bei-der-Veranstaltung-der-OFI.jpg?ver=1\" data-id=\"287413ea5e06e473\" target=\"_self\" data-rel=\"wppa[occ1]\" data-lbtitle=\"G\u00fcnter Verheugen bei der Veranstaltung der OFI&lt;br&gt;&lt;div&gt;&lt;table&gt;&lt;tr&gt;&lt;td&gt;G\u00fcnter Verheugen bei der Veranstaltung der OFI&lt;\/td&gt;&lt;\/tr&gt;&lt;\/table&gt;&lt;\/div&gt;\" class=\"thumb-img\" id=\"x-287413ea5e06e473-1\" data-alt=\"G\u00fcnter Verheugen bei der Veranstaltung der OFI\"><img decoding=\"async\" id=\"i-287413ea5e06e473-1\" title=\"Vergr\u00f6\u00dfern\" style=\"width:100%; height:auto; margin:0; position:relative;box-sizing:border-box;padding:2px;opacity:1;filter:alpha(opacity=100);cursor:\" src=\"https:\/\/offenbacher-friedensinitiative.de\/wp-content\/uploads\/wppa\/thumbs\/804.jpg?ver=16\" alt=\"G\u00fcnter Verheugen bei der Veranstaltung der OFI\" onmouseover=\"jQuery(this).fadeTo(400, 1.0);\" onmouseout=\"jQuery(this).fadeTo(400, 1);\"><\/a><\/div><\/td><td style=\"width: 35.0386486812%; vertical-align:top;\" class=\"wppa-masonry\"><div id=\"thumbnail_frame_masonry_de38c007faeab4f7_1\" style=\"float:left;position:static;font-size:12px;line-height:8px;overflow:hidden;box-sizing:content-box;\"><a href=\"https:\/\/offenbacher-friedensinitiative.de\/wp-content\/uploads\/wppa-source\/album-104\/Gerhard-Grandke-im-Gespraech-mit-Guenter-Verheugen.jpg?ver=1\" data-id=\"de38c007faeab4f7\" target=\"_self\" data-rel=\"wppa[occ1]\" data-lbtitle=\"Gerhard Grandke im Gespr\u00e4ch mit G\u00fcnter Verheugen&lt;br&gt;&lt;div&gt;&lt;table&gt;&lt;tr&gt;&lt;td&gt;Gerhard Grandke im Gespr\u00e4ch mit G\u00fcnter Verheugen&lt;\/td&gt;&lt;\/tr&gt;&lt;\/table&gt;&lt;\/div&gt;\" class=\"thumb-img\" id=\"x-de38c007faeab4f7-1\" data-alt=\"Gerhard Grandke im Gespr\u00e4ch mit G\u00fcnter Verheugen\"><img decoding=\"async\" id=\"i-de38c007faeab4f7-1\" title=\"Vergr\u00f6\u00dfern\" style=\"width:100%; height:auto; margin:0; position:relative;box-sizing:border-box;padding:2px;opacity:1;filter:alpha(opacity=100);cursor:\" src=\"https:\/\/offenbacher-friedensinitiative.de\/wp-content\/uploads\/wppa\/thumbs\/803.jpg?ver=16\" alt=\"Gerhard Grandke im Gespr\u00e4ch mit G\u00fcnter Verheugen\" onmouseover=\"jQuery(this).fadeTo(400, 1.0);\" onmouseout=\"jQuery(this).fadeTo(400, 1);\"><\/a><\/div><\/td><td style=\"width: 28.4051181057%; vertical-align:top;\" class=\"wppa-masonry\"><div id=\"thumbnail_frame_masonry_460a78a285fe7e2b_1\" style=\"float:left;position:static;font-size:12px;line-height:8px;overflow:hidden;box-sizing:content-box;\"><a href=\"https:\/\/offenbacher-friedensinitiative.de\/wp-content\/uploads\/wppa-source\/album-104\/Guenter-Verheugen-bei-der-Veranstaltung-der-OFI3.jpg?ver=1\" data-id=\"460a78a285fe7e2b\" target=\"_self\" data-rel=\"wppa[occ1]\" data-lbtitle=\"G\u00fcnter Verheugen bei der Veranstaltung der OFI3&lt;br&gt;&lt;div&gt;&lt;table&gt;&lt;tr&gt;&lt;td&gt;G\u00fcnter Verheugen bei der Veranstaltung der OFI3&lt;\/td&gt;&lt;\/tr&gt;&lt;\/table&gt;&lt;\/div&gt;\" class=\"thumb-img\" id=\"x-460a78a285fe7e2b-1\" data-alt=\"G\u00fcnter Verheugen bei der Veranstaltung der OFI3\"><img decoding=\"async\" id=\"i-460a78a285fe7e2b-1\" title=\"Vergr\u00f6\u00dfern\" style=\"width:100%; height:auto; margin:0; position:relative;box-sizing:border-box;padding:2px;opacity:1;filter:alpha(opacity=100);cursor:\" src=\"https:\/\/offenbacher-friedensinitiative.de\/wp-content\/uploads\/wppa\/thumbs\/806.jpg?ver=16\" alt=\"G\u00fcnter Verheugen bei der Veranstaltung der OFI3\" onmouseover=\"jQuery(this).fadeTo(400, 1.0);\" onmouseout=\"jQuery(this).fadeTo(400, 1);\"><\/a><\/div><\/td><\/tr><\/tbody><\/table><div class=\"wppa-clear\"><\/div><\/div><div style=\"clear:both;\"><\/div><div id=\"wppa-container-1-end\"><\/div><\/div><\/div>\n<!-- End [wppa type=\"content\" album=\"104\" cache=\"inf\"] \/index.php?rest_route=%2Fwp%2Fv2%2Fposts%2F12413 oc 1 35 queries in 21.1 ms. at 12:23. Max mem: 78.00 Mb. -->\n<\/div>\n<\/div><\/div><\/div><\/div><\/div><\/div>","protected":false},"excerpt":{"rendered":"<p>\u00dcber 150 Menschen kamen, um ihn zu h\u00f6ren. Auch Menschen aus anderen St\u00e4dten waren dabei, wie z.B. aus Heidelberg und Bad Kreuznach. F\u00fcr alle hat<span class=\"more-link\"><a href=\"https:\/\/offenbacher-friedensinitiative.de\/?p=12413\">Weiterlesen &#8230;<\/a><\/span><\/p>\n","protected":false},"author":2,"featured_media":12412,"comment_status":"closed","ping_status":"closed","sticky":false,"template":"","format":"standard","meta":{"footnotes":""},"categories":[5],"tags":[],"class_list":["entry","author-wordpressmanfred","post-12413","post","type-post","status-publish","format-standard","has-post-thumbnail","category-aktionen"],"yoast_head":"<!-- This site is optimized with the Yoast SEO plugin v27.4 - https:\/\/yoast.com\/product\/yoast-seo-wordpress\/ -->\n<title>G\u00fcnter Verheugen sprach in Offenbach - Offenbacher FriedensInitiative - OFI<\/title>\n<meta name=\"robots\" content=\"index, follow, max-snippet:-1, max-image-preview:large, max-video-preview:-1\" \/>\n<link rel=\"canonical\" href=\"https:\/\/offenbacher-friedensinitiative.de\/?p=12413\" \/>\n<meta property=\"og:locale\" content=\"de_DE\" \/>\n<meta property=\"og:type\" content=\"article\" \/>\n<meta property=\"og:title\" content=\"G\u00fcnter Verheugen sprach in Offenbach - Offenbacher FriedensInitiative - OFI\" \/>\n<meta property=\"og:description\" content=\"\u00dcber 150 Menschen kamen, um ihn zu h\u00f6ren. Auch Menschen aus anderen St\u00e4dten waren dabei, wie z.B. aus Heidelberg und Bad Kreuznach. F\u00fcr alle hatWeiterlesen ...\" \/>\n<meta property=\"og:url\" content=\"https:\/\/offenbacher-friedensinitiative.de\/?p=12413\" \/>\n<meta property=\"og:site_name\" content=\"Offenbacher FriedensInitiative - OFI\" \/>\n<meta property=\"article:published_time\" content=\"2025-02-24T17:14:49+00:00\" \/>\n<meta property=\"article:modified_time\" content=\"2025-03-03T12:57:00+00:00\" \/>\n<meta property=\"og:image\" content=\"https:\/\/offenbacher-friedensinitiative.de\/wp-content\/uploads\/2025\/02\/Guenter-Verheugen.jpg\" \/>\n\t<meta property=\"og:image:width\" content=\"1299\" \/>\n\t<meta property=\"og:image:height\" content=\"1200\" \/>\n\t<meta property=\"og:image:type\" content=\"image\/jpeg\" \/>\n<meta name=\"author\" content=\"MR\" \/>\n<meta name=\"twitter:card\" content=\"summary_large_image\" \/>\n<meta name=\"twitter:label1\" content=\"Verfasst von\" \/>\n\t<meta name=\"twitter:data1\" content=\"MR\" \/>\n\t<meta name=\"twitter:label2\" content=\"Gesch\u00e4tzte Lesezeit\" \/>\n\t<meta name=\"twitter:data2\" content=\"4\u00a0Minuten\" \/>\n<script type=\"application\/ld+json\" class=\"yoast-schema-graph\">{\"@context\":\"https:\\\/\\\/schema.org\",\"@graph\":[{\"@type\":\"Article\",\"@id\":\"https:\\\/\\\/offenbacher-friedensinitiative.de\\\/?p=12413#article\",\"isPartOf\":{\"@id\":\"https:\\\/\\\/offenbacher-friedensinitiative.de\\\/?p=12413\"},\"author\":{\"name\":\"MR\",\"@id\":\"https:\\\/\\\/offenbacher-friedensinitiative.de\\\/#\\\/schema\\\/person\\\/ddaa8cd62b61cd77ac77b55d600adc08\"},\"headline\":\"G\u00fcnter Verheugen sprach in Offenbach\",\"datePublished\":\"2025-02-24T17:14:49+00:00\",\"dateModified\":\"2025-03-03T12:57:00+00:00\",\"mainEntityOfPage\":{\"@id\":\"https:\\\/\\\/offenbacher-friedensinitiative.de\\\/?p=12413\"},\"wordCount\":434,\"publisher\":{\"@id\":\"https:\\\/\\\/offenbacher-friedensinitiative.de\\\/#organization\"},\"image\":{\"@id\":\"https:\\\/\\\/offenbacher-friedensinitiative.de\\\/?p=12413#primaryimage\"},\"thumbnailUrl\":\"https:\\\/\\\/offenbacher-friedensinitiative.de\\\/wp-content\\\/uploads\\\/2025\\\/02\\\/Guenter-Verheugen.jpg\",\"articleSection\":[\"Aktionen\"],\"inLanguage\":\"de\"},{\"@type\":\"WebPage\",\"@id\":\"https:\\\/\\\/offenbacher-friedensinitiative.de\\\/?p=12413\",\"url\":\"https:\\\/\\\/offenbacher-friedensinitiative.de\\\/?p=12413\",\"name\":\"G\u00fcnter Verheugen sprach in Offenbach - Offenbacher FriedensInitiative - OFI\",\"isPartOf\":{\"@id\":\"https:\\\/\\\/offenbacher-friedensinitiative.de\\\/#website\"},\"primaryImageOfPage\":{\"@id\":\"https:\\\/\\\/offenbacher-friedensinitiative.de\\\/?p=12413#primaryimage\"},\"image\":{\"@id\":\"https:\\\/\\\/offenbacher-friedensinitiative.de\\\/?p=12413#primaryimage\"},\"thumbnailUrl\":\"https:\\\/\\\/offenbacher-friedensinitiative.de\\\/wp-content\\\/uploads\\\/2025\\\/02\\\/Guenter-Verheugen.jpg\",\"datePublished\":\"2025-02-24T17:14:49+00:00\",\"dateModified\":\"2025-03-03T12:57:00+00:00\",\"breadcrumb\":{\"@id\":\"https:\\\/\\\/offenbacher-friedensinitiative.de\\\/?p=12413#breadcrumb\"},\"inLanguage\":\"de\",\"potentialAction\":[{\"@type\":\"ReadAction\",\"target\":[\"https:\\\/\\\/offenbacher-friedensinitiative.de\\\/?p=12413\"]}]},{\"@type\":\"ImageObject\",\"inLanguage\":\"de\",\"@id\":\"https:\\\/\\\/offenbacher-friedensinitiative.de\\\/?p=12413#primaryimage\",\"url\":\"https:\\\/\\\/offenbacher-friedensinitiative.de\\\/wp-content\\\/uploads\\\/2025\\\/02\\\/Guenter-Verheugen.jpg\",\"contentUrl\":\"https:\\\/\\\/offenbacher-friedensinitiative.de\\\/wp-content\\\/uploads\\\/2025\\\/02\\\/Guenter-Verheugen.jpg\",\"width\":1299,\"height\":1200},{\"@type\":\"BreadcrumbList\",\"@id\":\"https:\\\/\\\/offenbacher-friedensinitiative.de\\\/?p=12413#breadcrumb\",\"itemListElement\":[{\"@type\":\"ListItem\",\"position\":1,\"name\":\"Startseite\",\"item\":\"https:\\\/\\\/offenbacher-friedensinitiative.de\\\/\"},{\"@type\":\"ListItem\",\"position\":2,\"name\":\"G\u00fcnter Verheugen sprach in Offenbach\"}]},{\"@type\":\"WebSite\",\"@id\":\"https:\\\/\\\/offenbacher-friedensinitiative.de\\\/#website\",\"url\":\"https:\\\/\\\/offenbacher-friedensinitiative.de\\\/\",\"name\":\"Offenbacher FriedensInitiative\",\"description\":\"Abr\u00fcsten statt Aufr\u00fcsten |- Kriege beenden | R\u00fcstungsexporte stoppen\",\"publisher\":{\"@id\":\"https:\\\/\\\/offenbacher-friedensinitiative.de\\\/#organization\"},\"potentialAction\":[{\"@type\":\"SearchAction\",\"target\":{\"@type\":\"EntryPoint\",\"urlTemplate\":\"https:\\\/\\\/offenbacher-friedensinitiative.de\\\/?s={search_term_string}\"},\"query-input\":{\"@type\":\"PropertyValueSpecification\",\"valueRequired\":true,\"valueName\":\"search_term_string\"}}],\"inLanguage\":\"de\"},{\"@type\":\"Organization\",\"@id\":\"https:\\\/\\\/offenbacher-friedensinitiative.de\\\/#organization\",\"name\":\"Offenbacher Friedensinitiative\",\"url\":\"https:\\\/\\\/offenbacher-friedensinitiative.de\\\/\",\"logo\":{\"@type\":\"ImageObject\",\"inLanguage\":\"de\",\"@id\":\"https:\\\/\\\/offenbacher-friedensinitiative.de\\\/#\\\/schema\\\/logo\\\/image\\\/\",\"url\":\"https:\\\/\\\/offenbacher-friedensinitiative.de\\\/wp-content\\\/uploads\\\/2019\\\/03\\\/cropped-Transparen-logo.jpg\",\"contentUrl\":\"https:\\\/\\\/offenbacher-friedensinitiative.de\\\/wp-content\\\/uploads\\\/2019\\\/03\\\/cropped-Transparen-logo.jpg\",\"width\":1036,\"height\":227,\"caption\":\"Offenbacher Friedensinitiative\"},\"image\":{\"@id\":\"https:\\\/\\\/offenbacher-friedensinitiative.de\\\/#\\\/schema\\\/logo\\\/image\\\/\"}},{\"@type\":\"Person\",\"@id\":\"https:\\\/\\\/offenbacher-friedensinitiative.de\\\/#\\\/schema\\\/person\\\/ddaa8cd62b61cd77ac77b55d600adc08\",\"name\":\"MR\"}]}<\/script>\n<!-- \/ Yoast SEO plugin. -->","yoast_head_json":{"title":"G\u00fcnter Verheugen sprach in Offenbach - Offenbacher FriedensInitiative - OFI","robots":{"index":"index","follow":"follow","max-snippet":"max-snippet:-1","max-image-preview":"max-image-preview:large","max-video-preview":"max-video-preview:-1"},"canonical":"https:\/\/offenbacher-friedensinitiative.de\/?p=12413","og_locale":"de_DE","og_type":"article","og_title":"G\u00fcnter Verheugen sprach in Offenbach - Offenbacher FriedensInitiative - OFI","og_description":"\u00dcber 150 Menschen kamen, um ihn zu h\u00f6ren. Auch Menschen aus anderen St\u00e4dten waren dabei, wie z.B. aus Heidelberg und Bad Kreuznach. F\u00fcr alle hatWeiterlesen ...","og_url":"https:\/\/offenbacher-friedensinitiative.de\/?p=12413","og_site_name":"Offenbacher FriedensInitiative - OFI","article_published_time":"2025-02-24T17:14:49+00:00","article_modified_time":"2025-03-03T12:57:00+00:00","og_image":[{"width":1299,"height":1200,"url":"https:\/\/offenbacher-friedensinitiative.de\/wp-content\/uploads\/2025\/02\/Guenter-Verheugen.jpg","type":"image\/jpeg"}],"author":"MR","twitter_card":"summary_large_image","twitter_misc":{"Verfasst von":"MR","Gesch\u00e4tzte Lesezeit":"4\u00a0Minuten"},"schema":{"@context":"https:\/\/schema.org","@graph":[{"@type":"Article","@id":"https:\/\/offenbacher-friedensinitiative.de\/?p=12413#article","isPartOf":{"@id":"https:\/\/offenbacher-friedensinitiative.de\/?p=12413"},"author":{"name":"MR","@id":"https:\/\/offenbacher-friedensinitiative.de\/#\/schema\/person\/ddaa8cd62b61cd77ac77b55d600adc08"},"headline":"G\u00fcnter Verheugen sprach in Offenbach","datePublished":"2025-02-24T17:14:49+00:00","dateModified":"2025-03-03T12:57:00+00:00","mainEntityOfPage":{"@id":"https:\/\/offenbacher-friedensinitiative.de\/?p=12413"},"wordCount":434,"publisher":{"@id":"https:\/\/offenbacher-friedensinitiative.de\/#organization"},"image":{"@id":"https:\/\/offenbacher-friedensinitiative.de\/?p=12413#primaryimage"},"thumbnailUrl":"https:\/\/offenbacher-friedensinitiative.de\/wp-content\/uploads\/2025\/02\/Guenter-Verheugen.jpg","articleSection":["Aktionen"],"inLanguage":"de"},{"@type":"WebPage","@id":"https:\/\/offenbacher-friedensinitiative.de\/?p=12413","url":"https:\/\/offenbacher-friedensinitiative.de\/?p=12413","name":"G\u00fcnter Verheugen sprach in Offenbach - Offenbacher FriedensInitiative - OFI","isPartOf":{"@id":"https:\/\/offenbacher-friedensinitiative.de\/#website"},"primaryImageOfPage":{"@id":"https:\/\/offenbacher-friedensinitiative.de\/?p=12413#primaryimage"},"image":{"@id":"https:\/\/offenbacher-friedensinitiative.de\/?p=12413#primaryimage"},"thumbnailUrl":"https:\/\/offenbacher-friedensinitiative.de\/wp-content\/uploads\/2025\/02\/Guenter-Verheugen.jpg","datePublished":"2025-02-24T17:14:49+00:00","dateModified":"2025-03-03T12:57:00+00:00","breadcrumb":{"@id":"https:\/\/offenbacher-friedensinitiative.de\/?p=12413#breadcrumb"},"inLanguage":"de","potentialAction":[{"@type":"ReadAction","target":["https:\/\/offenbacher-friedensinitiative.de\/?p=12413"]}]},{"@type":"ImageObject","inLanguage":"de","@id":"https:\/\/offenbacher-friedensinitiative.de\/?p=12413#primaryimage","url":"https:\/\/offenbacher-friedensinitiative.de\/wp-content\/uploads\/2025\/02\/Guenter-Verheugen.jpg","contentUrl":"https:\/\/offenbacher-friedensinitiative.de\/wp-content\/uploads\/2025\/02\/Guenter-Verheugen.jpg","width":1299,"height":1200},{"@type":"BreadcrumbList","@id":"https:\/\/offenbacher-friedensinitiative.de\/?p=12413#breadcrumb","itemListElement":[{"@type":"ListItem","position":1,"name":"Startseite","item":"https:\/\/offenbacher-friedensinitiative.de\/"},{"@type":"ListItem","position":2,"name":"G\u00fcnter Verheugen sprach in Offenbach"}]},{"@type":"WebSite","@id":"https:\/\/offenbacher-friedensinitiative.de\/#website","url":"https:\/\/offenbacher-friedensinitiative.de\/","name":"Offenbacher FriedensInitiative","description":"Abr\u00fcsten statt Aufr\u00fcsten |- Kriege beenden | R\u00fcstungsexporte stoppen","publisher":{"@id":"https:\/\/offenbacher-friedensinitiative.de\/#organization"},"potentialAction":[{"@type":"SearchAction","target":{"@type":"EntryPoint","urlTemplate":"https:\/\/offenbacher-friedensinitiative.de\/?s={search_term_string}"},"query-input":{"@type":"PropertyValueSpecification","valueRequired":true,"valueName":"search_term_string"}}],"inLanguage":"de"},{"@type":"Organization","@id":"https:\/\/offenbacher-friedensinitiative.de\/#organization","name":"Offenbacher Friedensinitiative","url":"https:\/\/offenbacher-friedensinitiative.de\/","logo":{"@type":"ImageObject","inLanguage":"de","@id":"https:\/\/offenbacher-friedensinitiative.de\/#\/schema\/logo\/image\/","url":"https:\/\/offenbacher-friedensinitiative.de\/wp-content\/uploads\/2019\/03\/cropped-Transparen-logo.jpg","contentUrl":"https:\/\/offenbacher-friedensinitiative.de\/wp-content\/uploads\/2019\/03\/cropped-Transparen-logo.jpg","width":1036,"height":227,"caption":"Offenbacher Friedensinitiative"},"image":{"@id":"https:\/\/offenbacher-friedensinitiative.de\/#\/schema\/logo\/image\/"}},{"@type":"Person","@id":"https:\/\/offenbacher-friedensinitiative.de\/#\/schema\/person\/ddaa8cd62b61cd77ac77b55d600adc08","name":"MR"}]}},"_links":{"self":[{"href":"https:\/\/offenbacher-friedensinitiative.de\/index.php?rest_route=\/wp\/v2\/posts\/12413","targetHints":{"allow":["GET"]}}],"collection":[{"href":"https:\/\/offenbacher-friedensinitiative.de\/index.php?rest_route=\/wp\/v2\/posts"}],"about":[{"href":"https:\/\/offenbacher-friedensinitiative.de\/index.php?rest_route=\/wp\/v2\/types\/post"}],"author":[{"embeddable":true,"href":"https:\/\/offenbacher-friedensinitiative.de\/index.php?rest_route=\/wp\/v2\/users\/2"}],"replies":[{"embeddable":true,"href":"https:\/\/offenbacher-friedensinitiative.de\/index.php?rest_route=%2Fwp%2Fv2%2Fcomments&post=12413"}],"version-history":[{"count":10,"href":"https:\/\/offenbacher-friedensinitiative.de\/index.php?rest_route=\/wp\/v2\/posts\/12413\/revisions"}],"predecessor-version":[{"id":12426,"href":"https:\/\/offenbacher-friedensinitiative.de\/index.php?rest_route=\/wp\/v2\/posts\/12413\/revisions\/12426"}],"wp:featuredmedia":[{"embeddable":true,"href":"https:\/\/offenbacher-friedensinitiative.de\/index.php?rest_route=\/wp\/v2\/media\/12412"}],"wp:attachment":[{"href":"https:\/\/offenbacher-friedensinitiative.de\/index.php?rest_route=%2Fwp%2Fv2%2Fmedia&parent=12413"}],"wp:term":[{"taxonomy":"category","embeddable":true,"href":"https:\/\/offenbacher-friedensinitiative.de\/index.php?rest_route=%2Fwp%2Fv2%2Fcategories&post=12413"},{"taxonomy":"post_tag","embeddable":true,"href":"https:\/\/offenbacher-friedensinitiative.de\/index.php?rest_route=%2Fwp%2Fv2%2Ftags&post=12413"}],"curies":[{"name":"wp","href":"https:\/\/api.w.org\/{rel}","templated":true}]}}