{"id":12679,"date":"2025-09-11T00:29:53","date_gmt":"2025-09-10T22:29:53","guid":{"rendered":"https:\/\/offenbacher-friedensinitiative.de\/?p=12679"},"modified":"2025-09-11T00:29:53","modified_gmt":"2025-09-10T22:29:53","slug":"antikriegstag-2025-2","status":"publish","type":"post","link":"https:\/\/offenbacher-friedensinitiative.de\/?p=12679","title":{"rendered":"Antikriegstag 2025"},"content":{"rendered":"<div id=\"pl-12679\"  class=\"panel-layout\" ><div id=\"pg-12679-0\"  class=\"panel-grid panel-no-style\" ><div id=\"pgc-12679-0-0\"  class=\"panel-grid-cell\" ><div id=\"panel-12679-0-0-0\" class=\"so-panel widget widget_sow-editor panel-first-child\" data-index=\"0\" ><div class=\"panel-widget-style panel-widget-style-for-12679-0-0-0\" ><div\n\t\t\t\n\t\t\tclass=\"so-widget-sow-editor so-widget-sow-editor-base\"\n\t\t\t\n\t\t>\n<div class=\"siteorigin-widget-tinymce textwidget\">\n\t<p>&nbsp;<\/p>\n<p>Erfreulich k\u00e4mpferisch waren die jungen Rednerinnen auf der Kundgebung. Sie kritisierten Aufr\u00fcstung und Militarisierung, Waffenlieferungen nach Israel und die geplante Wehrpflicht. Sie forderten insbesondere ein Ende der atomaren Aufr\u00fcstung.<\/p>\n<p>Die Beteiligung h\u00e4tte gr\u00f6\u00dfer sein m\u00fcssen angesichts der Gefahren, in denen wir schweben, dank einer Politik, die auf R\u00fcstung und Milit\u00e4r setzt anstelle von Vernunft und Verhandlungen. Organisiert hatte diese Kundgebung der DGB, vertreten durch den Vorsitzenden Daniel Pfeiffer, der auch die Moderation \u00fcbernommen hatte. Die Rednerinnen waren Hibba Kauser von den Jusos und Sara und Hanna vom Kinder- und Jugendparlament.<\/p>\n<p>Au\u00dferdem gab es noch Antikriegsgedichte aus vier Jahrhunderten. Die Geschichte der Friedensbewegung in den letzten 80 Jahren wurde skizziert. Musikalische Akzente setzte Franz Gajdosch mit eigenen aktuellen Texten, die viel Beifall fanden. Er war es auch, der auf die Demos am 3.10. in Stuttgart und Berlin hinwies.<\/p>\n<\/div>\n<\/div><\/div><\/div><div id=\"panel-12679-0-0-1\" class=\"so-panel widget widget_sow-editor\" data-index=\"1\" ><div class=\"panel-widget-style panel-widget-style-for-12679-0-0-1\" ><div\n\t\t\t\n\t\t\tclass=\"so-widget-sow-editor so-widget-sow-editor-base\"\n\t\t\t\n\t\t>\n<div class=\"siteorigin-widget-tinymce textwidget\">\n\t<p><a href=\"https:\/\/offenbacher-friedensinitiative.de\/wp-content\/uploads\/wppa-source\/album-100\/Rede-Hibba-Kauser-Antkriegstag-Offenbach.pdf?ver=1\" target=\"_blank\">Rede von Hibba Kauser zum Antikriegstag 2025<\/a><\/p>\n<\/div>\n<\/div><\/div><\/div><div id=\"panel-12679-0-0-2\" class=\"so-panel widget widget_sow-editor panel-last-child\" data-index=\"2\" ><div class=\"panel-widget-style panel-widget-style-for-12679-0-0-2\" ><div\n\t\t\t\n\t\t\tclass=\"so-widget-sow-editor so-widget-sow-editor-base\"\n\t\t\t\n\t\t>\n<div class=\"siteorigin-widget-tinymce textwidget\">\n\t \n<!-- Start container 1 --><div id=\"wppa-modal-container-1\" class=\"wppa-modal-container\" style=\"position:relative;z-index:100000;\" data-wppa=\"yes\" ontouchmove=\"event.stopPropagation();\"><\/div><div id=\"wppa-container-wrapper-1\" class=\"alignnone wppa-container-wrapper \" style=\"width:100%;clear:both;padding:0;position:relative;\"><div id=\"wppa-container-1\" style=\"width:100%;\" class=\"wppa-container wppa-container-1 wppa-rev-9112006 wppa-prevrev-9111001 wppa-theme-9.1.12.006 wppa-api-9.1.12.006\"><svg id=\"wppa-ajax-spin-1\" class=\"wppa-ajax-spin uil-default\" width=\"120px\" height=\"120px\" viewBox=\"0 0 135 135\" preserveAspectRatio=\"xMidYMid\" stroke=\"\" style=\"width:120px; height:120px; position:fixed; top:50%; margin-top:-60px; left:50%; margin-left:-60px; opacity:1; display:none; fill:#666666; background-color:transparent; border-radius:24px;\"><path d=\"M67.447 58c5.523 0 10-4.477 10-10s-4.477-10-10-10-10 4.477-10 10 4.477 10 10 10zm9.448 9.447c0 5.523 4.477 10 10 10 5.522 0 10-4.477 10-10s-4.478-10-10-10c-5.523 0-10 4.477-10 10zm-9.448 9.448c-5.523 0-10 4.477-10 10 0 5.522 4.477 10 10 10s10-4.478 10-10c0-5.523-4.477-10-10-10zM58 67.447c0-5.523-4.477-10-10-10s-10 4.477-10 10 4.477 10 10 10 10-4.477 10-10z\"><animateTransform attributeName=\"transform\" type=\"rotate\" from=\"0 67 67\" to=\"-360 67 67\" dur=\"2.5s\" repeatCount=\"indefinite\" ><\/path><path d=\"M28.19 40.31c6.627 0 12-5.374 12-12 0-6.628-5.373-12-12-12-6.628 0-12 5.372-12 12 0 6.626 5.372 12 12 12zm30.72-19.825c4.686 4.687 12.284 4.687 16.97 0 4.686-4.686 4.686-12.284 0-16.97-4.686-4.687-12.284-4.687-16.97 0-4.687 4.686-4.687 12.284 0 16.97zm35.74 7.705c0 6.627 5.37 12 12 12 6.626 0 12-5.373 12-12 0-6.628-5.374-12-12-12-6.63 0-12 5.372-12 12zm19.822 30.72c-4.686 4.686-4.686 12.284 0 16.97 4.687 4.686 12.285 4.686 16.97 0 4.687-4.686 4.687-12.284 0-16.97-4.685-4.687-12.283-4.687-16.97 0zm-7.704 35.74c-6.627 0-12 5.37-12 12 0 6.626 5.373 12 12 12s12-5.374 12-12c0-6.63-5.373-12-12-12zm-30.72 19.822c-4.686-4.686-12.284-4.686-16.97 0-4.686 4.687-4.686 12.285 0 16.97 4.686 4.687 12.284 4.687 16.97 0 4.687-4.685 4.687-12.283 0-16.97zm-35.74-7.704c0-6.627-5.372-12-12-12-6.626 0-12 5.373-12 12s5.374 12 12 12c6.628 0 12-5.373 12-12zm-19.823-30.72c4.687-4.686 4.687-12.284 0-16.97-4.686-4.686-12.284-4.686-16.97 0-4.687 4.686-4.687 12.284 0 16.97 4.686 4.687 12.284 4.687 16.97 0z\"><animateTransform attributeName=\"transform\" type=\"rotate\" from=\"0 67 67\" to=\"360 67 67\" dur=\"8s\" repeatCount=\"indefinite\" ><\/path><\/svg><input type=\"hidden\" id=\"wppa-nonce-0-1\" name=\"wppa-nonce\" value=\"948686ce3a\" ><div id=\"wppa-bc-1\" class=\"wppa-nav wppa-box wppa-nav-text wppa-bc\" ><a href=\"https:\/\/offenbacher-friedensinitiative.de\/?p=12679#wppa-container-1\" class=\"wppa-nav-text b3\" style=\"cursor:pointer\" title=\"Post: Antikriegstag 2025\">Antikriegstag 2025<\/a><span class=\"wppa-nav-text b3\"> &raquo; <\/span><a onclick=\"wppaDoAjaxRender(event,1, 'https:\/\/offenbacher-friedensinitiative.de\/index.php?rest_route=\/wp-photo-album-plus\/endPoint?action=wppa&amp;wppa-action=render&amp;wppa-size=1200&amp;wppa-occur=1&amp;wppa-fromp=12679&amp;lang=de&amp;wppa-album=99&amp;wppa-cover=0&amp;wppa-occur=1', 'https:\/\/offenbacher-friedensinitiative.de\/?p=12679&lang=de&wppa-album=52dc21f8025358fc&wppa-cover=0&wppa-occur=1#wppa-container-1' );return false;\" href=\"https:\/\/offenbacher-friedensinitiative.de\/?p=12679&lang=de&wppa-album=52dc21f8025358fc&wppa-cover=0&wppa-occur=1#wppa-container-1\" class=\"wppa-nav-text b20\" style=\"cursor:pointer\" title=\"Album: 2025\">2025<\/a><span class=\"wppa-nav-text b20\"> &raquo; <\/span><span id=\"bc-pname-1\" class=\"wppa-nav-text b10\"  title=\"\">2025 Antikriegstag<\/span><div style=\"clear:both\"><\/div><\/div><div id=\"wppa-thumb-area-1\" class=\"wppa-box wppa-thumb-area wppa-thumb-area-1\" style=\"overflow:auto;\"><div id=\"wppa-popup-1\" class=\"wppa-popup-frame wppa-thumb-text\" style=\"max-width:2048px;\"><\/div><div style=\"clear:both\"><\/div><h3 id=\"wppa-albname-1\" class=\"wppa-box-text wppa-black\" style=\"padding-right:6px; margin:0;\">2025 Antikriegstag<\/h3><div style=\"clear:both\"><\/div><div id=\"wppa-albdesc-1\" class=\"wppa-box-text wppa-black wppa-thumbarea-albdesc\" style=\"padding-right:6px;\"><\/div><div style=\"clear:both\"><\/div><table class=\"wppa-masonry\" style=\"margin-top:3px;\"><tbody class=\"wppa-masonry\"><tr class=\"wppa-masonry\"><td style=\"width: 15.5530561185%; vertical-align:top;\" class=\"wppa-masonry\"><div id=\"thumbnail_frame_masonry_4c7a94d819746768_1\" style=\"float:left;position:static;font-size:12px;line-height:8px;overflow:hidden;box-sizing:content-box;\"><a href=\"https:\/\/offenbacher-friedensinitiative.de\/wp-content\/uploads\/wppa-source\/album-122\/Antikriegstag1.jpg?ver=1\" data-id=\"4c7a94d819746768\" target=\"_self\" data-rel=\"wppa[occ1]\" data-lbtitle=\"Antikriegstag1&lt;br&gt;&lt;div&gt;&lt;table&gt;&lt;tr&gt;&lt;td&gt;Antikriegstag1&lt;\/td&gt;&lt;\/tr&gt;&lt;\/table&gt;&lt;\/div&gt;\" class=\"thumb-img\" id=\"x-4c7a94d819746768-1\" data-alt=\"Antikriegstag1\"><img loading=\"lazy\" decoding=\"async\" id=\"i-4c7a94d819746768-1\" title=\"Vergr\u00f6\u00dfern\" style=\"width:100%; height:auto; margin:0; position:relative;box-sizing:border-box;padding:2px;opacity:1;filter:alpha(opacity=100);cursor:\" width=\"500\" height=\"221\" src=\"https:\/\/offenbacher-friedensinitiative.de\/wp-content\/uploads\/wppa\/thumbs\/923.jpg?ver=16\" alt=\"Antikriegstag1\" onmouseover=\"jQuery(this).fadeTo(400, 1.0);\" onmouseout=\"jQuery(this).fadeTo(400, 1);\"><\/a><\/div><div id=\"thumbnail_frame_masonry_a5d99225bf856e73_1\" style=\"float:left;position:static;font-size:12px;line-height:8px;overflow:hidden;box-sizing:content-box;\"><a href=\"https:\/\/offenbacher-friedensinitiative.de\/wp-content\/uploads\/wppa-source\/album-122\/Antikriegstag5.jpg?ver=1\" data-id=\"a5d99225bf856e73\" target=\"_self\" data-rel=\"wppa[occ1]\" data-lbtitle=\"Antikriegstag5&lt;br&gt;&lt;div&gt;&lt;table&gt;&lt;tr&gt;&lt;td&gt;Antikriegstag5&lt;\/td&gt;&lt;\/tr&gt;&lt;\/table&gt;&lt;\/div&gt;\" class=\"thumb-img\" id=\"x-a5d99225bf856e73-1\" data-alt=\"Antikriegstag5\"><img loading=\"lazy\" decoding=\"async\" id=\"i-a5d99225bf856e73-1\" title=\"Vergr\u00f6\u00dfern\" style=\"width:100%; height:auto; margin:0; position:relative;box-sizing:border-box;padding:2px;opacity:1;filter:alpha(opacity=100);cursor:\" width=\"500\" height=\"281\" src=\"https:\/\/offenbacher-friedensinitiative.de\/wp-content\/uploads\/wppa\/thumbs\/928.jpg?ver=16\" alt=\"Antikriegstag5\" onmouseover=\"jQuery(this).fadeTo(400, 1.0);\" onmouseout=\"jQuery(this).fadeTo(400, 1);\"><\/a><\/div><\/td><td style=\"width: 27.9211860695%; vertical-align:top;\" class=\"wppa-masonry\"><div id=\"thumbnail_frame_masonry_548c33e35687ae11_1\" style=\"float:left;position:static;font-size:12px;line-height:8px;overflow:hidden;box-sizing:content-box;\"><a href=\"https:\/\/offenbacher-friedensinitiative.de\/wp-content\/uploads\/wppa-source\/album-122\/Antikriegstag2.jpg?ver=1\" data-id=\"548c33e35687ae11\" target=\"_self\" data-rel=\"wppa[occ1]\" data-lbtitle=\"Antikriegstag2&lt;br&gt;&lt;div&gt;&lt;table&gt;&lt;tr&gt;&lt;td&gt;Antikriegstag2&lt;\/td&gt;&lt;\/tr&gt;&lt;\/table&gt;&lt;\/div&gt;\" class=\"thumb-img\" id=\"x-548c33e35687ae11-1\" data-alt=\"Antikriegstag2\"><img loading=\"lazy\" decoding=\"async\" id=\"i-548c33e35687ae11-1\" title=\"Vergr\u00f6\u00dfern\" style=\"width:100%; height:auto; margin:0; position:relative;box-sizing:border-box;padding:2px;opacity:1;filter:alpha(opacity=100);cursor:\" width=\"500\" height=\"281\" src=\"https:\/\/offenbacher-friedensinitiative.de\/wp-content\/uploads\/wppa\/thumbs\/924.jpg?ver=16\" alt=\"Antikriegstag2\" onmouseover=\"jQuery(this).fadeTo(400, 1.0);\" onmouseout=\"jQuery(this).fadeTo(400, 1);\"><\/a><\/div><\/td><td style=\"width: 27.9211860695%; vertical-align:top;\" class=\"wppa-masonry\"><div id=\"thumbnail_frame_masonry_06551ac50cf81d94_1\" style=\"float:left;position:static;font-size:12px;line-height:8px;overflow:hidden;box-sizing:content-box;\"><a href=\"https:\/\/offenbacher-friedensinitiative.de\/wp-content\/uploads\/wppa-source\/album-122\/Antikriegstag3.jpg?ver=1\" data-id=\"06551ac50cf81d94\" target=\"_self\" data-rel=\"wppa[occ1]\" data-lbtitle=\"Antikriegstag3&lt;br&gt;&lt;div&gt;&lt;table&gt;&lt;tr&gt;&lt;td&gt;Antikriegstag3&lt;\/td&gt;&lt;\/tr&gt;&lt;\/table&gt;&lt;\/div&gt;\" class=\"thumb-img\" id=\"x-06551ac50cf81d94-1\" data-alt=\"Antikriegstag3\"><img loading=\"lazy\" decoding=\"async\" id=\"i-06551ac50cf81d94-1\" title=\"Vergr\u00f6\u00dfern\" style=\"width:100%; height:auto; margin:0; position:relative;box-sizing:border-box;padding:2px;opacity:1;filter:alpha(opacity=100);cursor:\" width=\"500\" height=\"281\" src=\"https:\/\/offenbacher-friedensinitiative.de\/wp-content\/uploads\/wppa\/thumbs\/925.jpg?ver=16\" alt=\"Antikriegstag3\" onmouseover=\"jQuery(this).fadeTo(400, 1.0);\" onmouseout=\"jQuery(this).fadeTo(400, 1);\"><\/a><\/div><\/td><td style=\"width: 28.6045717425%; vertical-align:top;\" class=\"wppa-masonry\"><div id=\"thumbnail_frame_masonry_8f815780c9df9ccd_1\" style=\"float:left;position:static;font-size:12px;line-height:8px;overflow:hidden;box-sizing:content-box;\"><a href=\"https:\/\/offenbacher-friedensinitiative.de\/wp-content\/uploads\/wppa-source\/album-122\/Antikriegstag4.jpg?ver=1\" data-id=\"8f815780c9df9ccd\" target=\"_self\" data-rel=\"wppa[occ1]\" data-lbtitle=\"Antikriegstag4&lt;br&gt;&lt;div&gt;&lt;table&gt;&lt;tr&gt;&lt;td&gt;Antikriegstag4&lt;\/td&gt;&lt;\/tr&gt;&lt;\/table&gt;&lt;\/div&gt;\" class=\"thumb-img\" id=\"x-8f815780c9df9ccd-1\" data-alt=\"Antikriegstag4\"><img loading=\"lazy\" decoding=\"async\" id=\"i-8f815780c9df9ccd-1\" title=\"Vergr\u00f6\u00dfern\" style=\"width:100%; height:auto; margin:0; position:relative;box-sizing:border-box;padding:2px;opacity:1;filter:alpha(opacity=100);cursor:\" width=\"500\" height=\"274\" src=\"https:\/\/offenbacher-friedensinitiative.de\/wp-content\/uploads\/wppa\/thumbs\/926.jpg?ver=16\" alt=\"Antikriegstag4\" onmouseover=\"jQuery(this).fadeTo(400, 1.0);\" onmouseout=\"jQuery(this).fadeTo(400, 1);\"><\/a><\/div><\/td><\/tr><\/tbody><\/table><div class=\"wppa-clear\"><\/div><\/div><div style=\"clear:both;\"><\/div><div id=\"wppa-container-1-end\"><\/div><\/div><\/div>\n<!-- End [wppa type=\"content\" album=\"122\" cache=\"inf\"] \/index.php?rest_route=%2Fwp%2Fv2%2Fposts%2F12679 oc 1 30 queries in 16.9 ms. at 16:25. Max mem: 78.00 Mb. -->\n<p style=\"text-align: center;\">\u00a9 Fotografien: Jochen Zitlow<\/p>\n<\/div>\n<\/div><\/div><\/div><\/div><\/div><\/div>","protected":false},"excerpt":{"rendered":"<p>&nbsp; Erfreulich k\u00e4mpferisch waren die jungen Rednerinnen auf der Kundgebung. Sie kritisierten Aufr\u00fcstung und Militarisierung, Waffenlieferungen nach Israel und die geplante Wehrpflicht. Sie forderten insbesondere<span class=\"more-link\"><a href=\"https:\/\/offenbacher-friedensinitiative.de\/?p=12679\">Weiterlesen &#8230;<\/a><\/span><\/p>\n","protected":false},"author":2,"featured_media":12678,"comment_status":"closed","ping_status":"closed","sticky":false,"template":"","format":"standard","meta":{"footnotes":""},"categories":[5],"tags":[],"class_list":["entry","author-wordpressmanfred","post-12679","post","type-post","status-publish","format-standard","has-post-thumbnail","category-aktionen"],"yoast_head":"<!-- This site is optimized with the Yoast SEO plugin v27.5 - https:\/\/yoast.com\/product\/yoast-seo-wordpress\/ -->\n<title>Antikriegstag 2025 - Offenbacher FriedensInitiative - OFI<\/title>\n<meta name=\"description\" content=\"Erfreulich k\u00e4mpferisch waren die jungen Rednerinnen auf der Kundgebung. Sie kritisierten Aufr\u00fcstung und Militarisierung, Waffenlieferungen nach Israel und die geplante Wehrpflicht. Sie forderten insbesondere ein Ende der atomaren Aufr\u00fcstung.\" \/>\n<meta name=\"robots\" content=\"index, follow, max-snippet:-1, max-image-preview:large, max-video-preview:-1\" \/>\n<link rel=\"canonical\" href=\"https:\/\/offenbacher-friedensinitiative.de\/?p=12679\" \/>\n<meta property=\"og:locale\" content=\"de_DE\" \/>\n<meta property=\"og:type\" content=\"article\" \/>\n<meta property=\"og:title\" content=\"Antikriegstag 2025 - Offenbacher FriedensInitiative - OFI\" \/>\n<meta property=\"og:description\" content=\"Erfreulich k\u00e4mpferisch waren die jungen Rednerinnen auf der Kundgebung. Sie kritisierten Aufr\u00fcstung und Militarisierung, Waffenlieferungen nach Israel und die geplante Wehrpflicht. Sie forderten insbesondere ein Ende der atomaren Aufr\u00fcstung.\" \/>\n<meta property=\"og:url\" content=\"https:\/\/offenbacher-friedensinitiative.de\/?p=12679\" \/>\n<meta property=\"og:site_name\" content=\"Offenbacher FriedensInitiative - OFI\" \/>\n<meta property=\"article:published_time\" content=\"2025-09-10T22:29:53+00:00\" \/>\n<meta property=\"og:image\" content=\"https:\/\/offenbacher-friedensinitiative.de\/wp-content\/uploads\/2025\/09\/Antikriegstag1.jpg\" \/>\n\t<meta property=\"og:image:width\" content=\"1600\" \/>\n\t<meta property=\"og:image:height\" content=\"708\" \/>\n\t<meta property=\"og:image:type\" content=\"image\/jpeg\" \/>\n<meta name=\"author\" content=\"MR\" \/>\n<meta name=\"twitter:card\" content=\"summary_large_image\" \/>\n<meta name=\"twitter:label1\" content=\"Verfasst von\" \/>\n\t<meta name=\"twitter:data1\" content=\"MR\" \/>\n\t<meta name=\"twitter:label2\" content=\"Gesch\u00e4tzte Lesezeit\" \/>\n\t<meta name=\"twitter:data2\" content=\"1\u00a0Minute\" \/>\n<script type=\"application\/ld+json\" class=\"yoast-schema-graph\">{\"@context\":\"https:\\\/\\\/schema.org\",\"@graph\":[{\"@type\":\"Article\",\"@id\":\"https:\\\/\\\/offenbacher-friedensinitiative.de\\\/?p=12679#article\",\"isPartOf\":{\"@id\":\"https:\\\/\\\/offenbacher-friedensinitiative.de\\\/?p=12679\"},\"author\":{\"name\":\"MR\",\"@id\":\"https:\\\/\\\/offenbacher-friedensinitiative.de\\\/#\\\/schema\\\/person\\\/ddaa8cd62b61cd77ac77b55d600adc08\"},\"headline\":\"Antikriegstag 2025\",\"datePublished\":\"2025-09-10T22:29:53+00:00\",\"mainEntityOfPage\":{\"@id\":\"https:\\\/\\\/offenbacher-friedensinitiative.de\\\/?p=12679\"},\"wordCount\":172,\"publisher\":{\"@id\":\"https:\\\/\\\/offenbacher-friedensinitiative.de\\\/#organization\"},\"image\":{\"@id\":\"https:\\\/\\\/offenbacher-friedensinitiative.de\\\/?p=12679#primaryimage\"},\"thumbnailUrl\":\"https:\\\/\\\/offenbacher-friedensinitiative.de\\\/wp-content\\\/uploads\\\/2025\\\/09\\\/Antikriegstag1.jpg\",\"articleSection\":[\"Aktionen\"],\"inLanguage\":\"de\"},{\"@type\":\"WebPage\",\"@id\":\"https:\\\/\\\/offenbacher-friedensinitiative.de\\\/?p=12679\",\"url\":\"https:\\\/\\\/offenbacher-friedensinitiative.de\\\/?p=12679\",\"name\":\"Antikriegstag 2025 - Offenbacher FriedensInitiative - OFI\",\"isPartOf\":{\"@id\":\"https:\\\/\\\/offenbacher-friedensinitiative.de\\\/#website\"},\"primaryImageOfPage\":{\"@id\":\"https:\\\/\\\/offenbacher-friedensinitiative.de\\\/?p=12679#primaryimage\"},\"image\":{\"@id\":\"https:\\\/\\\/offenbacher-friedensinitiative.de\\\/?p=12679#primaryimage\"},\"thumbnailUrl\":\"https:\\\/\\\/offenbacher-friedensinitiative.de\\\/wp-content\\\/uploads\\\/2025\\\/09\\\/Antikriegstag1.jpg\",\"datePublished\":\"2025-09-10T22:29:53+00:00\",\"description\":\"Erfreulich k\u00e4mpferisch waren die jungen Rednerinnen auf der Kundgebung. Sie kritisierten Aufr\u00fcstung und Militarisierung, Waffenlieferungen nach Israel und die geplante Wehrpflicht. Sie forderten insbesondere ein Ende der atomaren Aufr\u00fcstung.\",\"breadcrumb\":{\"@id\":\"https:\\\/\\\/offenbacher-friedensinitiative.de\\\/?p=12679#breadcrumb\"},\"inLanguage\":\"de\",\"potentialAction\":[{\"@type\":\"ReadAction\",\"target\":[\"https:\\\/\\\/offenbacher-friedensinitiative.de\\\/?p=12679\"]}]},{\"@type\":\"ImageObject\",\"inLanguage\":\"de\",\"@id\":\"https:\\\/\\\/offenbacher-friedensinitiative.de\\\/?p=12679#primaryimage\",\"url\":\"https:\\\/\\\/offenbacher-friedensinitiative.de\\\/wp-content\\\/uploads\\\/2025\\\/09\\\/Antikriegstag1.jpg\",\"contentUrl\":\"https:\\\/\\\/offenbacher-friedensinitiative.de\\\/wp-content\\\/uploads\\\/2025\\\/09\\\/Antikriegstag1.jpg\",\"width\":1600,\"height\":708},{\"@type\":\"BreadcrumbList\",\"@id\":\"https:\\\/\\\/offenbacher-friedensinitiative.de\\\/?p=12679#breadcrumb\",\"itemListElement\":[{\"@type\":\"ListItem\",\"position\":1,\"name\":\"Startseite\",\"item\":\"https:\\\/\\\/offenbacher-friedensinitiative.de\\\/\"},{\"@type\":\"ListItem\",\"position\":2,\"name\":\"Antikriegstag 2025\"}]},{\"@type\":\"WebSite\",\"@id\":\"https:\\\/\\\/offenbacher-friedensinitiative.de\\\/#website\",\"url\":\"https:\\\/\\\/offenbacher-friedensinitiative.de\\\/\",\"name\":\"Offenbacher FriedensInitiative\",\"description\":\"Abr\u00fcsten statt Aufr\u00fcsten |- Kriege beenden | R\u00fcstungsexporte stoppen\",\"publisher\":{\"@id\":\"https:\\\/\\\/offenbacher-friedensinitiative.de\\\/#organization\"},\"potentialAction\":[{\"@type\":\"SearchAction\",\"target\":{\"@type\":\"EntryPoint\",\"urlTemplate\":\"https:\\\/\\\/offenbacher-friedensinitiative.de\\\/?s={search_term_string}\"},\"query-input\":{\"@type\":\"PropertyValueSpecification\",\"valueRequired\":true,\"valueName\":\"search_term_string\"}}],\"inLanguage\":\"de\"},{\"@type\":\"Organization\",\"@id\":\"https:\\\/\\\/offenbacher-friedensinitiative.de\\\/#organization\",\"name\":\"Offenbacher Friedensinitiative\",\"url\":\"https:\\\/\\\/offenbacher-friedensinitiative.de\\\/\",\"logo\":{\"@type\":\"ImageObject\",\"inLanguage\":\"de\",\"@id\":\"https:\\\/\\\/offenbacher-friedensinitiative.de\\\/#\\\/schema\\\/logo\\\/image\\\/\",\"url\":\"https:\\\/\\\/offenbacher-friedensinitiative.de\\\/wp-content\\\/uploads\\\/2019\\\/03\\\/cropped-Transparen-logo.jpg\",\"contentUrl\":\"https:\\\/\\\/offenbacher-friedensinitiative.de\\\/wp-content\\\/uploads\\\/2019\\\/03\\\/cropped-Transparen-logo.jpg\",\"width\":1036,\"height\":227,\"caption\":\"Offenbacher Friedensinitiative\"},\"image\":{\"@id\":\"https:\\\/\\\/offenbacher-friedensinitiative.de\\\/#\\\/schema\\\/logo\\\/image\\\/\"}},{\"@type\":\"Person\",\"@id\":\"https:\\\/\\\/offenbacher-friedensinitiative.de\\\/#\\\/schema\\\/person\\\/ddaa8cd62b61cd77ac77b55d600adc08\",\"name\":\"MR\"}]}<\/script>\n<!-- \/ Yoast SEO plugin. -->","yoast_head_json":{"title":"Antikriegstag 2025 - Offenbacher FriedensInitiative - OFI","description":"Erfreulich k\u00e4mpferisch waren die jungen Rednerinnen auf der Kundgebung. Sie kritisierten Aufr\u00fcstung und Militarisierung, Waffenlieferungen nach Israel und die geplante Wehrpflicht. Sie forderten insbesondere ein Ende der atomaren Aufr\u00fcstung.","robots":{"index":"index","follow":"follow","max-snippet":"max-snippet:-1","max-image-preview":"max-image-preview:large","max-video-preview":"max-video-preview:-1"},"canonical":"https:\/\/offenbacher-friedensinitiative.de\/?p=12679","og_locale":"de_DE","og_type":"article","og_title":"Antikriegstag 2025 - Offenbacher FriedensInitiative - OFI","og_description":"Erfreulich k\u00e4mpferisch waren die jungen Rednerinnen auf der Kundgebung. Sie kritisierten Aufr\u00fcstung und Militarisierung, Waffenlieferungen nach Israel und die geplante Wehrpflicht. Sie forderten insbesondere ein Ende der atomaren Aufr\u00fcstung.","og_url":"https:\/\/offenbacher-friedensinitiative.de\/?p=12679","og_site_name":"Offenbacher FriedensInitiative - OFI","article_published_time":"2025-09-10T22:29:53+00:00","og_image":[{"width":1600,"height":708,"url":"https:\/\/offenbacher-friedensinitiative.de\/wp-content\/uploads\/2025\/09\/Antikriegstag1.jpg","type":"image\/jpeg"}],"author":"MR","twitter_card":"summary_large_image","twitter_misc":{"Verfasst von":"MR","Gesch\u00e4tzte Lesezeit":"1\u00a0Minute"},"schema":{"@context":"https:\/\/schema.org","@graph":[{"@type":"Article","@id":"https:\/\/offenbacher-friedensinitiative.de\/?p=12679#article","isPartOf":{"@id":"https:\/\/offenbacher-friedensinitiative.de\/?p=12679"},"author":{"name":"MR","@id":"https:\/\/offenbacher-friedensinitiative.de\/#\/schema\/person\/ddaa8cd62b61cd77ac77b55d600adc08"},"headline":"Antikriegstag 2025","datePublished":"2025-09-10T22:29:53+00:00","mainEntityOfPage":{"@id":"https:\/\/offenbacher-friedensinitiative.de\/?p=12679"},"wordCount":172,"publisher":{"@id":"https:\/\/offenbacher-friedensinitiative.de\/#organization"},"image":{"@id":"https:\/\/offenbacher-friedensinitiative.de\/?p=12679#primaryimage"},"thumbnailUrl":"https:\/\/offenbacher-friedensinitiative.de\/wp-content\/uploads\/2025\/09\/Antikriegstag1.jpg","articleSection":["Aktionen"],"inLanguage":"de"},{"@type":"WebPage","@id":"https:\/\/offenbacher-friedensinitiative.de\/?p=12679","url":"https:\/\/offenbacher-friedensinitiative.de\/?p=12679","name":"Antikriegstag 2025 - Offenbacher FriedensInitiative - OFI","isPartOf":{"@id":"https:\/\/offenbacher-friedensinitiative.de\/#website"},"primaryImageOfPage":{"@id":"https:\/\/offenbacher-friedensinitiative.de\/?p=12679#primaryimage"},"image":{"@id":"https:\/\/offenbacher-friedensinitiative.de\/?p=12679#primaryimage"},"thumbnailUrl":"https:\/\/offenbacher-friedensinitiative.de\/wp-content\/uploads\/2025\/09\/Antikriegstag1.jpg","datePublished":"2025-09-10T22:29:53+00:00","description":"Erfreulich k\u00e4mpferisch waren die jungen Rednerinnen auf der Kundgebung. Sie kritisierten Aufr\u00fcstung und Militarisierung, Waffenlieferungen nach Israel und die geplante Wehrpflicht. Sie forderten insbesondere ein Ende der atomaren Aufr\u00fcstung.","breadcrumb":{"@id":"https:\/\/offenbacher-friedensinitiative.de\/?p=12679#breadcrumb"},"inLanguage":"de","potentialAction":[{"@type":"ReadAction","target":["https:\/\/offenbacher-friedensinitiative.de\/?p=12679"]}]},{"@type":"ImageObject","inLanguage":"de","@id":"https:\/\/offenbacher-friedensinitiative.de\/?p=12679#primaryimage","url":"https:\/\/offenbacher-friedensinitiative.de\/wp-content\/uploads\/2025\/09\/Antikriegstag1.jpg","contentUrl":"https:\/\/offenbacher-friedensinitiative.de\/wp-content\/uploads\/2025\/09\/Antikriegstag1.jpg","width":1600,"height":708},{"@type":"BreadcrumbList","@id":"https:\/\/offenbacher-friedensinitiative.de\/?p=12679#breadcrumb","itemListElement":[{"@type":"ListItem","position":1,"name":"Startseite","item":"https:\/\/offenbacher-friedensinitiative.de\/"},{"@type":"ListItem","position":2,"name":"Antikriegstag 2025"}]},{"@type":"WebSite","@id":"https:\/\/offenbacher-friedensinitiative.de\/#website","url":"https:\/\/offenbacher-friedensinitiative.de\/","name":"Offenbacher FriedensInitiative","description":"Abr\u00fcsten statt Aufr\u00fcsten |- Kriege beenden | R\u00fcstungsexporte stoppen","publisher":{"@id":"https:\/\/offenbacher-friedensinitiative.de\/#organization"},"potentialAction":[{"@type":"SearchAction","target":{"@type":"EntryPoint","urlTemplate":"https:\/\/offenbacher-friedensinitiative.de\/?s={search_term_string}"},"query-input":{"@type":"PropertyValueSpecification","valueRequired":true,"valueName":"search_term_string"}}],"inLanguage":"de"},{"@type":"Organization","@id":"https:\/\/offenbacher-friedensinitiative.de\/#organization","name":"Offenbacher Friedensinitiative","url":"https:\/\/offenbacher-friedensinitiative.de\/","logo":{"@type":"ImageObject","inLanguage":"de","@id":"https:\/\/offenbacher-friedensinitiative.de\/#\/schema\/logo\/image\/","url":"https:\/\/offenbacher-friedensinitiative.de\/wp-content\/uploads\/2019\/03\/cropped-Transparen-logo.jpg","contentUrl":"https:\/\/offenbacher-friedensinitiative.de\/wp-content\/uploads\/2019\/03\/cropped-Transparen-logo.jpg","width":1036,"height":227,"caption":"Offenbacher Friedensinitiative"},"image":{"@id":"https:\/\/offenbacher-friedensinitiative.de\/#\/schema\/logo\/image\/"}},{"@type":"Person","@id":"https:\/\/offenbacher-friedensinitiative.de\/#\/schema\/person\/ddaa8cd62b61cd77ac77b55d600adc08","name":"MR"}]}},"_links":{"self":[{"href":"https:\/\/offenbacher-friedensinitiative.de\/index.php?rest_route=\/wp\/v2\/posts\/12679","targetHints":{"allow":["GET"]}}],"collection":[{"href":"https:\/\/offenbacher-friedensinitiative.de\/index.php?rest_route=\/wp\/v2\/posts"}],"about":[{"href":"https:\/\/offenbacher-friedensinitiative.de\/index.php?rest_route=\/wp\/v2\/types\/post"}],"author":[{"embeddable":true,"href":"https:\/\/offenbacher-friedensinitiative.de\/index.php?rest_route=\/wp\/v2\/users\/2"}],"replies":[{"embeddable":true,"href":"https:\/\/offenbacher-friedensinitiative.de\/index.php?rest_route=%2Fwp%2Fv2%2Fcomments&post=12679"}],"version-history":[{"count":2,"href":"https:\/\/offenbacher-friedensinitiative.de\/index.php?rest_route=\/wp\/v2\/posts\/12679\/revisions"}],"predecessor-version":[{"id":12681,"href":"https:\/\/offenbacher-friedensinitiative.de\/index.php?rest_route=\/wp\/v2\/posts\/12679\/revisions\/12681"}],"wp:featuredmedia":[{"embeddable":true,"href":"https:\/\/offenbacher-friedensinitiative.de\/index.php?rest_route=\/wp\/v2\/media\/12678"}],"wp:attachment":[{"href":"https:\/\/offenbacher-friedensinitiative.de\/index.php?rest_route=%2Fwp%2Fv2%2Fmedia&parent=12679"}],"wp:term":[{"taxonomy":"category","embeddable":true,"href":"https:\/\/offenbacher-friedensinitiative.de\/index.php?rest_route=%2Fwp%2Fv2%2Fcategories&post=12679"},{"taxonomy":"post_tag","embeddable":true,"href":"https:\/\/offenbacher-friedensinitiative.de\/index.php?rest_route=%2Fwp%2Fv2%2Ftags&post=12679"}],"curies":[{"name":"wp","href":"https:\/\/api.w.org\/{rel}","templated":true}]}}