{"id":12692,"date":"2025-10-19T12:37:44","date_gmt":"2025-10-19T10:37:44","guid":{"rendered":"https:\/\/offenbacher-friedensinitiative.de\/?p=12692"},"modified":"2025-10-19T12:39:00","modified_gmt":"2025-10-19T10:39:00","slug":"einladung-zur-filmauffuehrung-mittwoch-29-10-25-1900-uhr-cafe-cuore-offenbach-frankfurter-strasse-58","status":"publish","type":"post","link":"https:\/\/offenbacher-friedensinitiative.de\/?p=12692","title":{"rendered":"Einladung zur Filmauf-f\u00fchrung am Mittwoch den 29.10.25 19:00 Uhr iom Caf\u00e8 Cuore, Offenbach, Frankfurter Stra\u00dfe 58"},"content":{"rendered":"<div id=\"pl-12692\"  class=\"panel-layout\" ><div id=\"pg-12692-0\"  class=\"panel-grid panel-no-style\" ><div id=\"pgc-12692-0-0\"  class=\"panel-grid-cell\" ><div id=\"panel-12692-0-0-0\" class=\"so-panel widget widget_sow-editor panel-first-child\" data-index=\"0\" ><div class=\"panel-widget-style panel-widget-style-for-12692-0-0-0\" ><div\n\t\t\t\n\t\t\tclass=\"so-widget-sow-editor so-widget-sow-editor-base\"\n\t\t\t\n\t\t>\n<div class=\"siteorigin-widget-tinymce textwidget\">\n\t<p>&nbsp;<\/p>\n<p>Der Film <i>Kinder 1945 - Zeitzeuginnen 2025<\/i>\u00a0 wird demn\u00e4chst in Offenbach zu sehen sein.<\/p>\n<p>Zeit:<b> Mittwoch, 29.10.25\u00a0 \u00a019 Uhr<\/b><\/p>\n<p>Ort: <b>Caf\u00e8 Cuore, Offenbach, Frankfurter Str. 58<\/b><\/p>\n<p>Nicht verpassen! Es ist ein bewegender Film, voll mit interessanten Fakten.<\/p>\n<p>Es sind vier Zeitzeug*innen zu sehen und zu h\u00f6ren. Alles au\u00dferordentliche Pers\u00f6nlichkeiten, sehr verschieden untereinander. Sie formulieren klar und sind sich darin einig, dass sie uns solche Erfahrungen ersparen wollen.<\/p>\n<p>Ach und noch etwas: eine Jugendlich, die einen Teilfilm gesehen hatte, sagte anschlie\u00dfend, sie h\u00e4tte bei dem Film geweint und gelacht.<\/p>\n<\/div>\n<\/div><\/div><\/div><div id=\"panel-12692-0-0-1\" class=\"so-panel widget widget_sow-editor\" data-index=\"1\" ><div class=\"panel-widget-style panel-widget-style-for-12692-0-0-1\" ><div\n\t\t\t\n\t\t\tclass=\"so-widget-sow-editor so-widget-sow-editor-base\"\n\t\t\t\n\t\t>\n<div class=\"siteorigin-widget-tinymce textwidget\">\n\t<p><a href=\"https:\/\/offenbacher-friedensinitiative.de\/wp-content\/uploads\/wppa-source\/album-100\/25Okt-Flyer-Film-cuore.pdf\">Flyer Filmauff\u00fchrung Caf\u00e8 Cuore download als PDF<\/a><\/p>\n<\/div>\n<\/div><\/div><\/div><div id=\"panel-12692-0-0-2\" class=\"so-panel widget widget_sow-editor panel-last-child\" data-index=\"2\" ><div class=\"panel-widget-style panel-widget-style-for-12692-0-0-2\" ><div\n\t\t\t\n\t\t\tclass=\"so-widget-sow-editor so-widget-sow-editor-base\"\n\t\t\t\n\t\t>\n<div class=\"siteorigin-widget-tinymce textwidget\">\n\t<\/div>\n<\/div><\/div><\/div><\/div><\/div><\/div>","protected":false},"excerpt":{"rendered":"<p>&nbsp; Der Film Kinder 1945 &#8211; Zeitzeuginnen 2025\u00a0 wird demn\u00e4chst in Offenbach zu sehen sein. Zeit: Mittwoch, 29.10.25\u00a0 \u00a019 Uhr Ort: Caf\u00e8 Cuore, Offenbach, Frankfurter<span class=\"more-link\"><a href=\"https:\/\/offenbacher-friedensinitiative.de\/?p=12692\">Weiterlesen &#8230;<\/a><\/span><\/p>\n","protected":false},"author":2,"featured_media":12691,"comment_status":"closed","ping_status":"closed","sticky":false,"template":"","format":"standard","meta":{"footnotes":""},"categories":[5],"tags":[],"class_list":["entry","author-wordpressmanfred","post-12692","post","type-post","status-publish","format-standard","has-post-thumbnail","category-aktionen"],"yoast_head":"<!-- This site is optimized with the Yoast SEO plugin v27.5 - https:\/\/yoast.com\/product\/yoast-seo-wordpress\/ -->\n<title>Einladung zur Filmauf-f\u00fchrung am Mittwoch den 29.10.25 19:00 Uhr iom Caf\u00e8 Cuore, Offenbach, Frankfurter Stra\u00dfe 58 - Offenbacher FriedensInitiative - OFI<\/title>\n<meta name=\"robots\" content=\"index, follow, max-snippet:-1, max-image-preview:large, max-video-preview:-1\" \/>\n<link rel=\"canonical\" href=\"https:\/\/offenbacher-friedensinitiative.de\/?p=12692\" \/>\n<meta property=\"og:locale\" content=\"de_DE\" \/>\n<meta property=\"og:type\" content=\"article\" \/>\n<meta property=\"og:title\" content=\"Einladung zur Filmauf-f\u00fchrung am Mittwoch den 29.10.25 19:00 Uhr iom Caf\u00e8 Cuore, Offenbach, Frankfurter Stra\u00dfe 58 - Offenbacher FriedensInitiative - OFI\" \/>\n<meta property=\"og:description\" content=\"&nbsp; Der Film Kinder 1945 - Zeitzeuginnen 2025\u00a0 wird demn\u00e4chst in Offenbach zu sehen sein. Zeit: Mittwoch, 29.10.25\u00a0 \u00a019 Uhr Ort: Caf\u00e8 Cuore, Offenbach, FrankfurterWeiterlesen ...\" \/>\n<meta property=\"og:url\" content=\"https:\/\/offenbacher-friedensinitiative.de\/?p=12692\" \/>\n<meta property=\"og:site_name\" content=\"Offenbacher FriedensInitiative - OFI\" \/>\n<meta property=\"article:published_time\" content=\"2025-10-19T10:37:44+00:00\" \/>\n<meta property=\"article:modified_time\" content=\"2025-10-19T10:39:00+00:00\" \/>\n<meta property=\"og:image\" content=\"https:\/\/offenbacher-friedensinitiative.de\/wp-content\/uploads\/2025\/10\/Flyer-Filmauffuehrung-Cafe-Cuore.jpg\" \/>\n\t<meta property=\"og:image:width\" content=\"1410\" \/>\n\t<meta property=\"og:image:height\" content=\"2031\" \/>\n\t<meta property=\"og:image:type\" content=\"image\/jpeg\" \/>\n<meta name=\"author\" content=\"MR\" \/>\n<meta name=\"twitter:card\" content=\"summary_large_image\" \/>\n<meta name=\"twitter:label1\" content=\"Verfasst von\" \/>\n\t<meta name=\"twitter:data1\" content=\"MR\" \/>\n\t<meta name=\"twitter:label2\" content=\"Gesch\u00e4tzte Lesezeit\" \/>\n\t<meta name=\"twitter:data2\" content=\"1\u00a0Minute\" \/>\n<script type=\"application\/ld+json\" class=\"yoast-schema-graph\">{\"@context\":\"https:\\\/\\\/schema.org\",\"@graph\":[{\"@type\":\"Article\",\"@id\":\"https:\\\/\\\/offenbacher-friedensinitiative.de\\\/?p=12692#article\",\"isPartOf\":{\"@id\":\"https:\\\/\\\/offenbacher-friedensinitiative.de\\\/?p=12692\"},\"author\":{\"name\":\"MR\",\"@id\":\"https:\\\/\\\/offenbacher-friedensinitiative.de\\\/#\\\/schema\\\/person\\\/ddaa8cd62b61cd77ac77b55d600adc08\"},\"headline\":\"Einladung zur Filmauf-f\u00fchrung am Mittwoch den 29.10.25 19:00 Uhr iom Caf\u00e8 Cuore, Offenbach, Frankfurter Stra\u00dfe 58\",\"datePublished\":\"2025-10-19T10:37:44+00:00\",\"dateModified\":\"2025-10-19T10:39:00+00:00\",\"mainEntityOfPage\":{\"@id\":\"https:\\\/\\\/offenbacher-friedensinitiative.de\\\/?p=12692\"},\"wordCount\":114,\"publisher\":{\"@id\":\"https:\\\/\\\/offenbacher-friedensinitiative.de\\\/#organization\"},\"image\":{\"@id\":\"https:\\\/\\\/offenbacher-friedensinitiative.de\\\/?p=12692#primaryimage\"},\"thumbnailUrl\":\"https:\\\/\\\/offenbacher-friedensinitiative.de\\\/wp-content\\\/uploads\\\/2025\\\/10\\\/Flyer-Filmauffuehrung-Cafe-Cuore.jpg\",\"articleSection\":[\"Aktionen\"],\"inLanguage\":\"de\"},{\"@type\":\"WebPage\",\"@id\":\"https:\\\/\\\/offenbacher-friedensinitiative.de\\\/?p=12692\",\"url\":\"https:\\\/\\\/offenbacher-friedensinitiative.de\\\/?p=12692\",\"name\":\"Einladung zur Filmauf-f\u00fchrung am Mittwoch den 29.10.25 19:00 Uhr iom Caf\u00e8 Cuore, Offenbach, Frankfurter Stra\u00dfe 58 - Offenbacher FriedensInitiative - OFI\",\"isPartOf\":{\"@id\":\"https:\\\/\\\/offenbacher-friedensinitiative.de\\\/#website\"},\"primaryImageOfPage\":{\"@id\":\"https:\\\/\\\/offenbacher-friedensinitiative.de\\\/?p=12692#primaryimage\"},\"image\":{\"@id\":\"https:\\\/\\\/offenbacher-friedensinitiative.de\\\/?p=12692#primaryimage\"},\"thumbnailUrl\":\"https:\\\/\\\/offenbacher-friedensinitiative.de\\\/wp-content\\\/uploads\\\/2025\\\/10\\\/Flyer-Filmauffuehrung-Cafe-Cuore.jpg\",\"datePublished\":\"2025-10-19T10:37:44+00:00\",\"dateModified\":\"2025-10-19T10:39:00+00:00\",\"breadcrumb\":{\"@id\":\"https:\\\/\\\/offenbacher-friedensinitiative.de\\\/?p=12692#breadcrumb\"},\"inLanguage\":\"de\",\"potentialAction\":[{\"@type\":\"ReadAction\",\"target\":[\"https:\\\/\\\/offenbacher-friedensinitiative.de\\\/?p=12692\"]}]},{\"@type\":\"ImageObject\",\"inLanguage\":\"de\",\"@id\":\"https:\\\/\\\/offenbacher-friedensinitiative.de\\\/?p=12692#primaryimage\",\"url\":\"https:\\\/\\\/offenbacher-friedensinitiative.de\\\/wp-content\\\/uploads\\\/2025\\\/10\\\/Flyer-Filmauffuehrung-Cafe-Cuore.jpg\",\"contentUrl\":\"https:\\\/\\\/offenbacher-friedensinitiative.de\\\/wp-content\\\/uploads\\\/2025\\\/10\\\/Flyer-Filmauffuehrung-Cafe-Cuore.jpg\",\"width\":1410,\"height\":2031},{\"@type\":\"BreadcrumbList\",\"@id\":\"https:\\\/\\\/offenbacher-friedensinitiative.de\\\/?p=12692#breadcrumb\",\"itemListElement\":[{\"@type\":\"ListItem\",\"position\":1,\"name\":\"Startseite\",\"item\":\"https:\\\/\\\/offenbacher-friedensinitiative.de\\\/\"},{\"@type\":\"ListItem\",\"position\":2,\"name\":\"Einladung zur Filmauf-f\u00fchrung am Mittwoch den 29.10.25 19:00 Uhr iom Caf\u00e8 Cuore, Offenbach, Frankfurter Stra\u00dfe 58\"}]},{\"@type\":\"WebSite\",\"@id\":\"https:\\\/\\\/offenbacher-friedensinitiative.de\\\/#website\",\"url\":\"https:\\\/\\\/offenbacher-friedensinitiative.de\\\/\",\"name\":\"Offenbacher FriedensInitiative\",\"description\":\"Abr\u00fcsten statt Aufr\u00fcsten |- Kriege beenden | R\u00fcstungsexporte stoppen\",\"publisher\":{\"@id\":\"https:\\\/\\\/offenbacher-friedensinitiative.de\\\/#organization\"},\"potentialAction\":[{\"@type\":\"SearchAction\",\"target\":{\"@type\":\"EntryPoint\",\"urlTemplate\":\"https:\\\/\\\/offenbacher-friedensinitiative.de\\\/?s={search_term_string}\"},\"query-input\":{\"@type\":\"PropertyValueSpecification\",\"valueRequired\":true,\"valueName\":\"search_term_string\"}}],\"inLanguage\":\"de\"},{\"@type\":\"Organization\",\"@id\":\"https:\\\/\\\/offenbacher-friedensinitiative.de\\\/#organization\",\"name\":\"Offenbacher Friedensinitiative\",\"url\":\"https:\\\/\\\/offenbacher-friedensinitiative.de\\\/\",\"logo\":{\"@type\":\"ImageObject\",\"inLanguage\":\"de\",\"@id\":\"https:\\\/\\\/offenbacher-friedensinitiative.de\\\/#\\\/schema\\\/logo\\\/image\\\/\",\"url\":\"https:\\\/\\\/offenbacher-friedensinitiative.de\\\/wp-content\\\/uploads\\\/2019\\\/03\\\/cropped-Transparen-logo.jpg\",\"contentUrl\":\"https:\\\/\\\/offenbacher-friedensinitiative.de\\\/wp-content\\\/uploads\\\/2019\\\/03\\\/cropped-Transparen-logo.jpg\",\"width\":1036,\"height\":227,\"caption\":\"Offenbacher Friedensinitiative\"},\"image\":{\"@id\":\"https:\\\/\\\/offenbacher-friedensinitiative.de\\\/#\\\/schema\\\/logo\\\/image\\\/\"}},{\"@type\":\"Person\",\"@id\":\"https:\\\/\\\/offenbacher-friedensinitiative.de\\\/#\\\/schema\\\/person\\\/ddaa8cd62b61cd77ac77b55d600adc08\",\"name\":\"MR\"}]}<\/script>\n<!-- \/ Yoast SEO plugin. -->","yoast_head_json":{"title":"Einladung zur Filmauf-f\u00fchrung am Mittwoch den 29.10.25 19:00 Uhr iom Caf\u00e8 Cuore, Offenbach, Frankfurter Stra\u00dfe 58 - Offenbacher FriedensInitiative - OFI","robots":{"index":"index","follow":"follow","max-snippet":"max-snippet:-1","max-image-preview":"max-image-preview:large","max-video-preview":"max-video-preview:-1"},"canonical":"https:\/\/offenbacher-friedensinitiative.de\/?p=12692","og_locale":"de_DE","og_type":"article","og_title":"Einladung zur Filmauf-f\u00fchrung am Mittwoch den 29.10.25 19:00 Uhr iom Caf\u00e8 Cuore, Offenbach, Frankfurter Stra\u00dfe 58 - Offenbacher FriedensInitiative - OFI","og_description":"&nbsp; Der Film Kinder 1945 - Zeitzeuginnen 2025\u00a0 wird demn\u00e4chst in Offenbach zu sehen sein. Zeit: Mittwoch, 29.10.25\u00a0 \u00a019 Uhr Ort: Caf\u00e8 Cuore, Offenbach, FrankfurterWeiterlesen ...","og_url":"https:\/\/offenbacher-friedensinitiative.de\/?p=12692","og_site_name":"Offenbacher FriedensInitiative - OFI","article_published_time":"2025-10-19T10:37:44+00:00","article_modified_time":"2025-10-19T10:39:00+00:00","og_image":[{"width":1410,"height":2031,"url":"https:\/\/offenbacher-friedensinitiative.de\/wp-content\/uploads\/2025\/10\/Flyer-Filmauffuehrung-Cafe-Cuore.jpg","type":"image\/jpeg"}],"author":"MR","twitter_card":"summary_large_image","twitter_misc":{"Verfasst von":"MR","Gesch\u00e4tzte Lesezeit":"1\u00a0Minute"},"schema":{"@context":"https:\/\/schema.org","@graph":[{"@type":"Article","@id":"https:\/\/offenbacher-friedensinitiative.de\/?p=12692#article","isPartOf":{"@id":"https:\/\/offenbacher-friedensinitiative.de\/?p=12692"},"author":{"name":"MR","@id":"https:\/\/offenbacher-friedensinitiative.de\/#\/schema\/person\/ddaa8cd62b61cd77ac77b55d600adc08"},"headline":"Einladung zur Filmauf-f\u00fchrung am Mittwoch den 29.10.25 19:00 Uhr iom Caf\u00e8 Cuore, Offenbach, Frankfurter Stra\u00dfe 58","datePublished":"2025-10-19T10:37:44+00:00","dateModified":"2025-10-19T10:39:00+00:00","mainEntityOfPage":{"@id":"https:\/\/offenbacher-friedensinitiative.de\/?p=12692"},"wordCount":114,"publisher":{"@id":"https:\/\/offenbacher-friedensinitiative.de\/#organization"},"image":{"@id":"https:\/\/offenbacher-friedensinitiative.de\/?p=12692#primaryimage"},"thumbnailUrl":"https:\/\/offenbacher-friedensinitiative.de\/wp-content\/uploads\/2025\/10\/Flyer-Filmauffuehrung-Cafe-Cuore.jpg","articleSection":["Aktionen"],"inLanguage":"de"},{"@type":"WebPage","@id":"https:\/\/offenbacher-friedensinitiative.de\/?p=12692","url":"https:\/\/offenbacher-friedensinitiative.de\/?p=12692","name":"Einladung zur Filmauf-f\u00fchrung am Mittwoch den 29.10.25 19:00 Uhr iom Caf\u00e8 Cuore, Offenbach, Frankfurter Stra\u00dfe 58 - Offenbacher FriedensInitiative - OFI","isPartOf":{"@id":"https:\/\/offenbacher-friedensinitiative.de\/#website"},"primaryImageOfPage":{"@id":"https:\/\/offenbacher-friedensinitiative.de\/?p=12692#primaryimage"},"image":{"@id":"https:\/\/offenbacher-friedensinitiative.de\/?p=12692#primaryimage"},"thumbnailUrl":"https:\/\/offenbacher-friedensinitiative.de\/wp-content\/uploads\/2025\/10\/Flyer-Filmauffuehrung-Cafe-Cuore.jpg","datePublished":"2025-10-19T10:37:44+00:00","dateModified":"2025-10-19T10:39:00+00:00","breadcrumb":{"@id":"https:\/\/offenbacher-friedensinitiative.de\/?p=12692#breadcrumb"},"inLanguage":"de","potentialAction":[{"@type":"ReadAction","target":["https:\/\/offenbacher-friedensinitiative.de\/?p=12692"]}]},{"@type":"ImageObject","inLanguage":"de","@id":"https:\/\/offenbacher-friedensinitiative.de\/?p=12692#primaryimage","url":"https:\/\/offenbacher-friedensinitiative.de\/wp-content\/uploads\/2025\/10\/Flyer-Filmauffuehrung-Cafe-Cuore.jpg","contentUrl":"https:\/\/offenbacher-friedensinitiative.de\/wp-content\/uploads\/2025\/10\/Flyer-Filmauffuehrung-Cafe-Cuore.jpg","width":1410,"height":2031},{"@type":"BreadcrumbList","@id":"https:\/\/offenbacher-friedensinitiative.de\/?p=12692#breadcrumb","itemListElement":[{"@type":"ListItem","position":1,"name":"Startseite","item":"https:\/\/offenbacher-friedensinitiative.de\/"},{"@type":"ListItem","position":2,"name":"Einladung zur Filmauf-f\u00fchrung am Mittwoch den 29.10.25 19:00 Uhr iom Caf\u00e8 Cuore, Offenbach, Frankfurter Stra\u00dfe 58"}]},{"@type":"WebSite","@id":"https:\/\/offenbacher-friedensinitiative.de\/#website","url":"https:\/\/offenbacher-friedensinitiative.de\/","name":"Offenbacher FriedensInitiative","description":"Abr\u00fcsten statt Aufr\u00fcsten |- Kriege beenden | R\u00fcstungsexporte stoppen","publisher":{"@id":"https:\/\/offenbacher-friedensinitiative.de\/#organization"},"potentialAction":[{"@type":"SearchAction","target":{"@type":"EntryPoint","urlTemplate":"https:\/\/offenbacher-friedensinitiative.de\/?s={search_term_string}"},"query-input":{"@type":"PropertyValueSpecification","valueRequired":true,"valueName":"search_term_string"}}],"inLanguage":"de"},{"@type":"Organization","@id":"https:\/\/offenbacher-friedensinitiative.de\/#organization","name":"Offenbacher Friedensinitiative","url":"https:\/\/offenbacher-friedensinitiative.de\/","logo":{"@type":"ImageObject","inLanguage":"de","@id":"https:\/\/offenbacher-friedensinitiative.de\/#\/schema\/logo\/image\/","url":"https:\/\/offenbacher-friedensinitiative.de\/wp-content\/uploads\/2019\/03\/cropped-Transparen-logo.jpg","contentUrl":"https:\/\/offenbacher-friedensinitiative.de\/wp-content\/uploads\/2019\/03\/cropped-Transparen-logo.jpg","width":1036,"height":227,"caption":"Offenbacher Friedensinitiative"},"image":{"@id":"https:\/\/offenbacher-friedensinitiative.de\/#\/schema\/logo\/image\/"}},{"@type":"Person","@id":"https:\/\/offenbacher-friedensinitiative.de\/#\/schema\/person\/ddaa8cd62b61cd77ac77b55d600adc08","name":"MR"}]}},"_links":{"self":[{"href":"https:\/\/offenbacher-friedensinitiative.de\/index.php?rest_route=\/wp\/v2\/posts\/12692","targetHints":{"allow":["GET"]}}],"collection":[{"href":"https:\/\/offenbacher-friedensinitiative.de\/index.php?rest_route=\/wp\/v2\/posts"}],"about":[{"href":"https:\/\/offenbacher-friedensinitiative.de\/index.php?rest_route=\/wp\/v2\/types\/post"}],"author":[{"embeddable":true,"href":"https:\/\/offenbacher-friedensinitiative.de\/index.php?rest_route=\/wp\/v2\/users\/2"}],"replies":[{"embeddable":true,"href":"https:\/\/offenbacher-friedensinitiative.de\/index.php?rest_route=%2Fwp%2Fv2%2Fcomments&post=12692"}],"version-history":[{"count":3,"href":"https:\/\/offenbacher-friedensinitiative.de\/index.php?rest_route=\/wp\/v2\/posts\/12692\/revisions"}],"predecessor-version":[{"id":12695,"href":"https:\/\/offenbacher-friedensinitiative.de\/index.php?rest_route=\/wp\/v2\/posts\/12692\/revisions\/12695"}],"wp:featuredmedia":[{"embeddable":true,"href":"https:\/\/offenbacher-friedensinitiative.de\/index.php?rest_route=\/wp\/v2\/media\/12691"}],"wp:attachment":[{"href":"https:\/\/offenbacher-friedensinitiative.de\/index.php?rest_route=%2Fwp%2Fv2%2Fmedia&parent=12692"}],"wp:term":[{"taxonomy":"category","embeddable":true,"href":"https:\/\/offenbacher-friedensinitiative.de\/index.php?rest_route=%2Fwp%2Fv2%2Fcategories&post=12692"},{"taxonomy":"post_tag","embeddable":true,"href":"https:\/\/offenbacher-friedensinitiative.de\/index.php?rest_route=%2Fwp%2Fv2%2Ftags&post=12692"}],"curies":[{"name":"wp","href":"https:\/\/api.w.org\/{rel}","templated":true}]}}