{"id":12734,"date":"2026-01-27T19:06:07","date_gmt":"2026-01-27T18:06:07","guid":{"rendered":"https:\/\/offenbacher-friedensinitiative.de\/?p=12734"},"modified":"2026-03-15T12:41:08","modified_gmt":"2026-03-15T11:41:08","slug":"solidaritaet-mit-hueseyin-dogru","status":"publish","type":"post","link":"https:\/\/offenbacher-friedensinitiative.de\/?p=12734","title":{"rendered":"Solidarit\u00e4t mit H\u00fcseyin Dogru"},"content":{"rendered":"<div id=\"pl-12734\"  class=\"panel-layout\" ><div id=\"pg-12734-0\"  class=\"panel-grid panel-no-style\" ><div id=\"pgc-12734-0-0\"  class=\"panel-grid-cell\" ><div id=\"panel-12734-0-0-0\" class=\"so-panel widget widget_sow-editor panel-first-child panel-last-child\" data-index=\"0\" ><div class=\"panel-widget-style panel-widget-style-for-12734-0-0-0\" ><div\n\t\t\t\n\t\t\tclass=\"so-widget-sow-editor so-widget-sow-editor-base\"\n\t\t\t\n\t\t>\n<div class=\"siteorigin-widget-tinymce textwidget\">\n\t<p>&nbsp;<\/p>\n<p>Wer ist H\u00fcseyin Dogru?<\/p>\n<p style=\"padding-left: 40px;\">Ein deutscher Jornalist, wohnhaft in Berlin<\/p>\n<p>Weshalb braucht er Solidari\u00e4t?<\/p>\n<p style=\"padding-left: 40px;\">Er ist von der EU mit Sanktionen belegt, das hei\u00dft in seinem Fall, dass ihm jeder Unterhalt entzogen wird. Er hatte 14 Tage keinen Zugang zu seinem Bankkonto. Es ist nach wie vor verboten mit ihm Gesch\u00e4fte zu machen, ihn etwa f\u00fcr eine Arbeit\u00a0 zu bezahlen. Sein Leben und das seiner Familie ist bedroht.<\/p>\n<p>Was wird ihm vorgeworfen?<\/p>\n<p style=\"padding-left: 40px;\">Seine Berichterstattung \u00fcber Pal\u00e4stina<\/p>\n<p>Der ganze Widersinn dieses Vorgehens wird in folgendem Text thematisiert:<\/p>\n<hr \/>\n<p style=\"text-align: center;\"><span style=\"color: #000080;\">Drei M\u00e4nner, die gegen israelisches Recht versto\u00dfen haben\u00b9,<\/span><\/p>\n<p style=\"text-align: center;\"><span style=\"color: #000080;\">treiben eine gesamte Region durch ihre gewaltsamen Aktionen in die Katastrophe.<\/span><\/p>\n<p style=\"text-align: center;\"><span style=\"color: #000080;\">Menschen, die davor warnen, werden mundtot gemacht.<\/span><\/p>\n<p style=\"text-align: center;\"><span style=\"color: #000080;\">Der deutsche Journalist <strong>H\u00fcseyin Dogru <\/strong>steht da neben Ghassan Abu-Sittah, einem Arzt aus Gaza, dem ehemaligen Finanzminister von Griechenland Yanis Varoufakis, der Empf\u00e4ngerin des Hanna Arendt-Preises, Masha Gessen, Judith Butler, einer amerikanischen Philosophin,<\/span><\/p>\n<p style=\"text-align: center;\"><span style=\"color: #000080;\">und vielen anderen.<\/span><\/p>\n<p style=\"text-align: center;\"><span style=\"color: #000080;\">Wo ist unser Recht auf Pressefreiheit und kritische Berichterstattung?<\/span><\/p>\n<p style=\"text-align: center;\"><span style=\"color: #000080;\">Das Exempel, das an <strong>H\u00fcseyin Dogru <\/strong>statuiert wird, soll eine Warnung an alle sein, die den V\u00f6lkermord in Gaza\u00b2 als solchen bezeichnen.<\/span><\/p>\n<p style=\"text-align: center;\"><span style=\"color: #000080;\">In Israel werden Journalisten ermordet,<\/span><\/p>\n<p style=\"text-align: center;\"><span style=\"color: #000080;\">bei uns sanktioniert.<\/span><\/p>\n<p style=\"text-align: center;\"><span style=\"color: #000080;\">Auch Internationales Recht ist unter Attacke.<\/span><\/p>\n<p style=\"text-align: center;\"><span style=\"color: #000080;\">Der wegen diverser Verbrechen angeklagte Pr\u00e4sident der Vereinigten Staaten erl\u00e4sst Sanktionen gegen den leitenden Staatsanwalt des Internationalen Gerichtshofs, Karim Khan, weil er die Aktionen Netanyahus &amp; Co. verurteilt.<\/span><\/p>\n<p style=\"text-align: center;\"><span style=\"color: #000080;\">In diesen bedrohlichen Zeiten brauchen wir die Stimmen, die warnen und aufkl\u00e4ren!<\/span><\/p>\n<p style=\"text-align: center;\"><span style=\"color: #000080;\">Wir fordern<\/span><\/p>\n<p style=\"text-align: center;\"><span style=\"color: #000080;\">Aufhebung der Sanktionen gegen H\u00fcseyin Dogru!<\/span><\/p>\n<p style=\"text-align: center;\"><span style=\"color: #000080;\">Das Recht auf aufkl\u00e4rende Berichterstattung!\u00a0<\/span><\/p>\n<hr \/>\n<p>1) Wikipedia <strong>\u201cSmotrich <\/strong>wurde 2005 festgenommen, w\u00e4hrend er im Besitz von 700 Litern Benzin war, unter dem Verdacht, an einem Versuch beteiligt gewesen zu sein, die Ayalon-Autobahn, eine wichtige Hauptstra\u00dfe, zu sprengen. Er wurde drei Wochen lang im Gef\u00e4ngnis gehalten, aber nicht angeklagt, nachdem er sich geweigert hatte zu sprechen.\"<\/p>\n<p><strong>Ben-Gvir \"<\/strong>.. hat eine lange Geschichte anti-arabischen Aktivismus, der zu Dutzenden von Anklagen und mindestens acht Verurteilungen f\u00fchrte, darunter Anstiftung zu Rassismus und Unterst\u00fctzung sowie Besitz von Propaganda einer Terrororganisation (der nun illegalen Kach-Partei).\"<\/p>\n<p><strong>Netanyahu \u201c<\/strong>IIm Jahr 2019 wurde Netanjahu wegen Vertrauensbruchs, Bestechung und Betrugs angeklagt und gab alle Ministerposten au\u00dfer dem Amt des Premierministers nieder.\"<\/p>\n<p>2) <u>Urteil des Internationalen Gerichtshofs:<\/u> Die <strong>Haftbefehle gegen <\/strong><a href=\"https:\/\/de.wikipedia.org\/wiki\/Benjamin_Netanjahu\"><strong>Benjamin Netanjahu<\/strong><\/a><strong> und <\/strong><a href=\"https:\/\/de.wikipedia.org\/wiki\/Joaw_Galant\"><strong>Joaw Galant<\/strong><\/a> wurden am 21. November 2024 vom <a href=\"https:\/\/de.wikipedia.org\/wiki\/Internationaler_Strafgerichtshof\">Internationalen Strafgerichtshof<\/a> (IStGH) erlassen. Sie werden f\u00fcr das <a href=\"https:\/\/de.wikipedia.org\/wiki\/Kriegsverbrechen\">Kriegsverbrechen<\/a> des Aushungerns als Methode der Kriegsf\u00fchrung sowie f\u00fcr die <a href=\"https:\/\/de.wikipedia.org\/wiki\/Verbrechen_gegen_die_Menschlichkeit\">Verbrechen gegen die Menschlichkeit<\/a> in Form von Mord, Verfolgung und anderen unmenschlichen Taten w\u00e4hrend des <a href=\"https:\/\/de.wikipedia.org\/wiki\/Krieg_in_Israel_und_Gaza_seit_2023\">Kriegs in Israel und Gaza seit 2023<\/a> verantwortlich gemacht.<a href=\"https:\/\/de.wikipedia.org\/wiki\/Haftbefehle_gegen_Netanjahu_und_Galant#cite_note-:0-1\">[1]<\/a><a href=\"https:\/\/de.wikipedia.org\/wiki\/Haftbefehle_gegen_Netanjahu_und_Galant#cite_note-2\">[2]<\/a> Der Haftbefehl gegen Netanjahu ist der erste wegen Kriegsverbrechen gegen den F\u00fchrer eines vom Westen unterst\u00fctzten demokratischen Landes.<\/p>\n<\/div>\n<\/div><\/div><\/div><\/div><\/div><\/div>","protected":false},"excerpt":{"rendered":"<p>&nbsp; Wer ist H\u00fcseyin Dogru? Ein deutscher Jornalist, wohnhaft in Berlin Weshalb braucht er Solidari\u00e4t? Er ist von der EU mit Sanktionen belegt, das hei\u00dft<span class=\"more-link\"><a href=\"https:\/\/offenbacher-friedensinitiative.de\/?p=12734\">Weiterlesen &#8230;<\/a><\/span><\/p>\n","protected":false},"author":2,"featured_media":12727,"comment_status":"closed","ping_status":"closed","sticky":false,"template":"","format":"standard","meta":{"footnotes":""},"categories":[5],"tags":[],"class_list":["entry","author-wordpressmanfred","post-12734","post","type-post","status-publish","format-standard","has-post-thumbnail","category-aktionen"],"yoast_head":"<!-- This site is optimized with the Yoast SEO plugin v27.5 - https:\/\/yoast.com\/product\/yoast-seo-wordpress\/ -->\n<title>Solidarit\u00e4t mit H\u00fcseyin Dogru - Offenbacher FriedensInitiative - OFI<\/title>\n<meta name=\"robots\" content=\"index, follow, max-snippet:-1, max-image-preview:large, max-video-preview:-1\" \/>\n<link rel=\"canonical\" href=\"https:\/\/offenbacher-friedensinitiative.de\/?p=12734\" \/>\n<meta property=\"og:locale\" content=\"de_DE\" \/>\n<meta property=\"og:type\" content=\"article\" \/>\n<meta property=\"og:title\" content=\"Solidarit\u00e4t mit H\u00fcseyin Dogru - Offenbacher FriedensInitiative - OFI\" \/>\n<meta property=\"og:description\" content=\"&nbsp; Wer ist H\u00fcseyin Dogru? Ein deutscher Jornalist, wohnhaft in Berlin Weshalb braucht er Solidari\u00e4t? Er ist von der EU mit Sanktionen belegt, das hei\u00dftWeiterlesen ...\" \/>\n<meta property=\"og:url\" content=\"https:\/\/offenbacher-friedensinitiative.de\/?p=12734\" \/>\n<meta property=\"og:site_name\" content=\"Offenbacher FriedensInitiative - OFI\" \/>\n<meta property=\"article:published_time\" content=\"2026-01-27T18:06:07+00:00\" \/>\n<meta property=\"article:modified_time\" content=\"2026-03-15T11:41:08+00:00\" \/>\n<meta property=\"og:image\" content=\"https:\/\/offenbacher-friedensinitiative.de\/wp-content\/uploads\/2026\/01\/Hueseyin-Dogru.jpg\" \/>\n\t<meta property=\"og:image:width\" content=\"456\" \/>\n\t<meta property=\"og:image:height\" content=\"328\" \/>\n\t<meta property=\"og:image:type\" content=\"image\/jpeg\" \/>\n<meta name=\"author\" content=\"MR\" \/>\n<meta name=\"twitter:card\" content=\"summary_large_image\" \/>\n<meta name=\"twitter:label1\" content=\"Verfasst von\" \/>\n\t<meta name=\"twitter:data1\" content=\"MR\" \/>\n\t<meta name=\"twitter:label2\" content=\"Gesch\u00e4tzte Lesezeit\" \/>\n\t<meta name=\"twitter:data2\" content=\"3\u00a0Minuten\" \/>\n<script type=\"application\/ld+json\" class=\"yoast-schema-graph\">{\"@context\":\"https:\\\/\\\/schema.org\",\"@graph\":[{\"@type\":\"Article\",\"@id\":\"https:\\\/\\\/offenbacher-friedensinitiative.de\\\/?p=12734#article\",\"isPartOf\":{\"@id\":\"https:\\\/\\\/offenbacher-friedensinitiative.de\\\/?p=12734\"},\"author\":{\"name\":\"MR\",\"@id\":\"https:\\\/\\\/offenbacher-friedensinitiative.de\\\/#\\\/schema\\\/person\\\/ddaa8cd62b61cd77ac77b55d600adc08\"},\"headline\":\"Solidarit\u00e4t mit H\u00fcseyin Dogru\",\"datePublished\":\"2026-01-27T18:06:07+00:00\",\"dateModified\":\"2026-03-15T11:41:08+00:00\",\"mainEntityOfPage\":{\"@id\":\"https:\\\/\\\/offenbacher-friedensinitiative.de\\\/?p=12734\"},\"wordCount\":457,\"publisher\":{\"@id\":\"https:\\\/\\\/offenbacher-friedensinitiative.de\\\/#organization\"},\"image\":{\"@id\":\"https:\\\/\\\/offenbacher-friedensinitiative.de\\\/?p=12734#primaryimage\"},\"thumbnailUrl\":\"https:\\\/\\\/offenbacher-friedensinitiative.de\\\/wp-content\\\/uploads\\\/2026\\\/01\\\/Hueseyin-Dogru.jpg\",\"articleSection\":[\"Aktionen\"],\"inLanguage\":\"de\"},{\"@type\":\"WebPage\",\"@id\":\"https:\\\/\\\/offenbacher-friedensinitiative.de\\\/?p=12734\",\"url\":\"https:\\\/\\\/offenbacher-friedensinitiative.de\\\/?p=12734\",\"name\":\"Solidarit\u00e4t mit H\u00fcseyin Dogru - Offenbacher FriedensInitiative - OFI\",\"isPartOf\":{\"@id\":\"https:\\\/\\\/offenbacher-friedensinitiative.de\\\/#website\"},\"primaryImageOfPage\":{\"@id\":\"https:\\\/\\\/offenbacher-friedensinitiative.de\\\/?p=12734#primaryimage\"},\"image\":{\"@id\":\"https:\\\/\\\/offenbacher-friedensinitiative.de\\\/?p=12734#primaryimage\"},\"thumbnailUrl\":\"https:\\\/\\\/offenbacher-friedensinitiative.de\\\/wp-content\\\/uploads\\\/2026\\\/01\\\/Hueseyin-Dogru.jpg\",\"datePublished\":\"2026-01-27T18:06:07+00:00\",\"dateModified\":\"2026-03-15T11:41:08+00:00\",\"breadcrumb\":{\"@id\":\"https:\\\/\\\/offenbacher-friedensinitiative.de\\\/?p=12734#breadcrumb\"},\"inLanguage\":\"de\",\"potentialAction\":[{\"@type\":\"ReadAction\",\"target\":[\"https:\\\/\\\/offenbacher-friedensinitiative.de\\\/?p=12734\"]}]},{\"@type\":\"ImageObject\",\"inLanguage\":\"de\",\"@id\":\"https:\\\/\\\/offenbacher-friedensinitiative.de\\\/?p=12734#primaryimage\",\"url\":\"https:\\\/\\\/offenbacher-friedensinitiative.de\\\/wp-content\\\/uploads\\\/2026\\\/01\\\/Hueseyin-Dogru.jpg\",\"contentUrl\":\"https:\\\/\\\/offenbacher-friedensinitiative.de\\\/wp-content\\\/uploads\\\/2026\\\/01\\\/Hueseyin-Dogru.jpg\",\"width\":456,\"height\":328},{\"@type\":\"BreadcrumbList\",\"@id\":\"https:\\\/\\\/offenbacher-friedensinitiative.de\\\/?p=12734#breadcrumb\",\"itemListElement\":[{\"@type\":\"ListItem\",\"position\":1,\"name\":\"Startseite\",\"item\":\"https:\\\/\\\/offenbacher-friedensinitiative.de\\\/\"},{\"@type\":\"ListItem\",\"position\":2,\"name\":\"Solidarit\u00e4t mit H\u00fcseyin Dogru\"}]},{\"@type\":\"WebSite\",\"@id\":\"https:\\\/\\\/offenbacher-friedensinitiative.de\\\/#website\",\"url\":\"https:\\\/\\\/offenbacher-friedensinitiative.de\\\/\",\"name\":\"Offenbacher FriedensInitiative\",\"description\":\"Abr\u00fcsten statt Aufr\u00fcsten |- Kriege beenden | R\u00fcstungsexporte stoppen\",\"publisher\":{\"@id\":\"https:\\\/\\\/offenbacher-friedensinitiative.de\\\/#organization\"},\"potentialAction\":[{\"@type\":\"SearchAction\",\"target\":{\"@type\":\"EntryPoint\",\"urlTemplate\":\"https:\\\/\\\/offenbacher-friedensinitiative.de\\\/?s={search_term_string}\"},\"query-input\":{\"@type\":\"PropertyValueSpecification\",\"valueRequired\":true,\"valueName\":\"search_term_string\"}}],\"inLanguage\":\"de\"},{\"@type\":\"Organization\",\"@id\":\"https:\\\/\\\/offenbacher-friedensinitiative.de\\\/#organization\",\"name\":\"Offenbacher Friedensinitiative\",\"url\":\"https:\\\/\\\/offenbacher-friedensinitiative.de\\\/\",\"logo\":{\"@type\":\"ImageObject\",\"inLanguage\":\"de\",\"@id\":\"https:\\\/\\\/offenbacher-friedensinitiative.de\\\/#\\\/schema\\\/logo\\\/image\\\/\",\"url\":\"https:\\\/\\\/offenbacher-friedensinitiative.de\\\/wp-content\\\/uploads\\\/2019\\\/03\\\/cropped-Transparen-logo.jpg\",\"contentUrl\":\"https:\\\/\\\/offenbacher-friedensinitiative.de\\\/wp-content\\\/uploads\\\/2019\\\/03\\\/cropped-Transparen-logo.jpg\",\"width\":1036,\"height\":227,\"caption\":\"Offenbacher Friedensinitiative\"},\"image\":{\"@id\":\"https:\\\/\\\/offenbacher-friedensinitiative.de\\\/#\\\/schema\\\/logo\\\/image\\\/\"}},{\"@type\":\"Person\",\"@id\":\"https:\\\/\\\/offenbacher-friedensinitiative.de\\\/#\\\/schema\\\/person\\\/ddaa8cd62b61cd77ac77b55d600adc08\",\"name\":\"MR\"}]}<\/script>\n<!-- \/ Yoast SEO plugin. -->","yoast_head_json":{"title":"Solidarit\u00e4t mit H\u00fcseyin Dogru - Offenbacher FriedensInitiative - OFI","robots":{"index":"index","follow":"follow","max-snippet":"max-snippet:-1","max-image-preview":"max-image-preview:large","max-video-preview":"max-video-preview:-1"},"canonical":"https:\/\/offenbacher-friedensinitiative.de\/?p=12734","og_locale":"de_DE","og_type":"article","og_title":"Solidarit\u00e4t mit H\u00fcseyin Dogru - Offenbacher FriedensInitiative - OFI","og_description":"&nbsp; Wer ist H\u00fcseyin Dogru? Ein deutscher Jornalist, wohnhaft in Berlin Weshalb braucht er Solidari\u00e4t? Er ist von der EU mit Sanktionen belegt, das hei\u00dftWeiterlesen ...","og_url":"https:\/\/offenbacher-friedensinitiative.de\/?p=12734","og_site_name":"Offenbacher FriedensInitiative - OFI","article_published_time":"2026-01-27T18:06:07+00:00","article_modified_time":"2026-03-15T11:41:08+00:00","og_image":[{"width":456,"height":328,"url":"https:\/\/offenbacher-friedensinitiative.de\/wp-content\/uploads\/2026\/01\/Hueseyin-Dogru.jpg","type":"image\/jpeg"}],"author":"MR","twitter_card":"summary_large_image","twitter_misc":{"Verfasst von":"MR","Gesch\u00e4tzte Lesezeit":"3\u00a0Minuten"},"schema":{"@context":"https:\/\/schema.org","@graph":[{"@type":"Article","@id":"https:\/\/offenbacher-friedensinitiative.de\/?p=12734#article","isPartOf":{"@id":"https:\/\/offenbacher-friedensinitiative.de\/?p=12734"},"author":{"name":"MR","@id":"https:\/\/offenbacher-friedensinitiative.de\/#\/schema\/person\/ddaa8cd62b61cd77ac77b55d600adc08"},"headline":"Solidarit\u00e4t mit H\u00fcseyin Dogru","datePublished":"2026-01-27T18:06:07+00:00","dateModified":"2026-03-15T11:41:08+00:00","mainEntityOfPage":{"@id":"https:\/\/offenbacher-friedensinitiative.de\/?p=12734"},"wordCount":457,"publisher":{"@id":"https:\/\/offenbacher-friedensinitiative.de\/#organization"},"image":{"@id":"https:\/\/offenbacher-friedensinitiative.de\/?p=12734#primaryimage"},"thumbnailUrl":"https:\/\/offenbacher-friedensinitiative.de\/wp-content\/uploads\/2026\/01\/Hueseyin-Dogru.jpg","articleSection":["Aktionen"],"inLanguage":"de"},{"@type":"WebPage","@id":"https:\/\/offenbacher-friedensinitiative.de\/?p=12734","url":"https:\/\/offenbacher-friedensinitiative.de\/?p=12734","name":"Solidarit\u00e4t mit H\u00fcseyin Dogru - Offenbacher FriedensInitiative - OFI","isPartOf":{"@id":"https:\/\/offenbacher-friedensinitiative.de\/#website"},"primaryImageOfPage":{"@id":"https:\/\/offenbacher-friedensinitiative.de\/?p=12734#primaryimage"},"image":{"@id":"https:\/\/offenbacher-friedensinitiative.de\/?p=12734#primaryimage"},"thumbnailUrl":"https:\/\/offenbacher-friedensinitiative.de\/wp-content\/uploads\/2026\/01\/Hueseyin-Dogru.jpg","datePublished":"2026-01-27T18:06:07+00:00","dateModified":"2026-03-15T11:41:08+00:00","breadcrumb":{"@id":"https:\/\/offenbacher-friedensinitiative.de\/?p=12734#breadcrumb"},"inLanguage":"de","potentialAction":[{"@type":"ReadAction","target":["https:\/\/offenbacher-friedensinitiative.de\/?p=12734"]}]},{"@type":"ImageObject","inLanguage":"de","@id":"https:\/\/offenbacher-friedensinitiative.de\/?p=12734#primaryimage","url":"https:\/\/offenbacher-friedensinitiative.de\/wp-content\/uploads\/2026\/01\/Hueseyin-Dogru.jpg","contentUrl":"https:\/\/offenbacher-friedensinitiative.de\/wp-content\/uploads\/2026\/01\/Hueseyin-Dogru.jpg","width":456,"height":328},{"@type":"BreadcrumbList","@id":"https:\/\/offenbacher-friedensinitiative.de\/?p=12734#breadcrumb","itemListElement":[{"@type":"ListItem","position":1,"name":"Startseite","item":"https:\/\/offenbacher-friedensinitiative.de\/"},{"@type":"ListItem","position":2,"name":"Solidarit\u00e4t mit H\u00fcseyin Dogru"}]},{"@type":"WebSite","@id":"https:\/\/offenbacher-friedensinitiative.de\/#website","url":"https:\/\/offenbacher-friedensinitiative.de\/","name":"Offenbacher FriedensInitiative","description":"Abr\u00fcsten statt Aufr\u00fcsten |- Kriege beenden | R\u00fcstungsexporte stoppen","publisher":{"@id":"https:\/\/offenbacher-friedensinitiative.de\/#organization"},"potentialAction":[{"@type":"SearchAction","target":{"@type":"EntryPoint","urlTemplate":"https:\/\/offenbacher-friedensinitiative.de\/?s={search_term_string}"},"query-input":{"@type":"PropertyValueSpecification","valueRequired":true,"valueName":"search_term_string"}}],"inLanguage":"de"},{"@type":"Organization","@id":"https:\/\/offenbacher-friedensinitiative.de\/#organization","name":"Offenbacher Friedensinitiative","url":"https:\/\/offenbacher-friedensinitiative.de\/","logo":{"@type":"ImageObject","inLanguage":"de","@id":"https:\/\/offenbacher-friedensinitiative.de\/#\/schema\/logo\/image\/","url":"https:\/\/offenbacher-friedensinitiative.de\/wp-content\/uploads\/2019\/03\/cropped-Transparen-logo.jpg","contentUrl":"https:\/\/offenbacher-friedensinitiative.de\/wp-content\/uploads\/2019\/03\/cropped-Transparen-logo.jpg","width":1036,"height":227,"caption":"Offenbacher Friedensinitiative"},"image":{"@id":"https:\/\/offenbacher-friedensinitiative.de\/#\/schema\/logo\/image\/"}},{"@type":"Person","@id":"https:\/\/offenbacher-friedensinitiative.de\/#\/schema\/person\/ddaa8cd62b61cd77ac77b55d600adc08","name":"MR"}]}},"_links":{"self":[{"href":"https:\/\/offenbacher-friedensinitiative.de\/index.php?rest_route=\/wp\/v2\/posts\/12734","targetHints":{"allow":["GET"]}}],"collection":[{"href":"https:\/\/offenbacher-friedensinitiative.de\/index.php?rest_route=\/wp\/v2\/posts"}],"about":[{"href":"https:\/\/offenbacher-friedensinitiative.de\/index.php?rest_route=\/wp\/v2\/types\/post"}],"author":[{"embeddable":true,"href":"https:\/\/offenbacher-friedensinitiative.de\/index.php?rest_route=\/wp\/v2\/users\/2"}],"replies":[{"embeddable":true,"href":"https:\/\/offenbacher-friedensinitiative.de\/index.php?rest_route=%2Fwp%2Fv2%2Fcomments&post=12734"}],"version-history":[{"count":10,"href":"https:\/\/offenbacher-friedensinitiative.de\/index.php?rest_route=\/wp\/v2\/posts\/12734\/revisions"}],"predecessor-version":[{"id":12814,"href":"https:\/\/offenbacher-friedensinitiative.de\/index.php?rest_route=\/wp\/v2\/posts\/12734\/revisions\/12814"}],"wp:featuredmedia":[{"embeddable":true,"href":"https:\/\/offenbacher-friedensinitiative.de\/index.php?rest_route=\/wp\/v2\/media\/12727"}],"wp:attachment":[{"href":"https:\/\/offenbacher-friedensinitiative.de\/index.php?rest_route=%2Fwp%2Fv2%2Fmedia&parent=12734"}],"wp:term":[{"taxonomy":"category","embeddable":true,"href":"https:\/\/offenbacher-friedensinitiative.de\/index.php?rest_route=%2Fwp%2Fv2%2Fcategories&post=12734"},{"taxonomy":"post_tag","embeddable":true,"href":"https:\/\/offenbacher-friedensinitiative.de\/index.php?rest_route=%2Fwp%2Fv2%2Ftags&post=12734"}],"curies":[{"name":"wp","href":"https:\/\/api.w.org\/{rel}","templated":true}]}}