{"id":137,"date":"2018-08-13T20:36:24","date_gmt":"2018-08-13T18:36:24","guid":{"rendered":"https:\/\/offenbacher-friedensinitiative.de\/?p=137"},"modified":"2018-08-13T20:36:24","modified_gmt":"2018-08-13T18:36:24","slug":"es-ist-an-der-zeit","status":"publish","type":"post","link":"https:\/\/offenbacher-friedensinitiative.de\/?p=137","title":{"rendered":"\u201eEs ist an der Zeit\u201c"},"content":{"rendered":"<h1>Gedichte gegen den Krieg \u2013 Lieder f\u00fcr den Frieden<\/h1>\n<p><strong><span style=\"font-size: 14pt;\">Der Deutsche Gewerkschaftsbund, Kreisverband Offenbach in Kooperation mit den Naturfreunden Offenbach laden ein.<\/span><\/strong><\/p>\n<p><span style=\"font-size: 14pt;\">Kriege, Flucht und erzwungene Migration umgeben uns tagt\u00e4glich. Sie sollten uns zum Handeln, aber auch zum Innehalten und Nachdenken veranlassen. In diesem Programm werden Literatur und Musik zum Thema Krieg und Frieden, Gewalt und Flucht, Hoffnung, Engagement und Friedenssehnsucht dargeboten von der Literaturwissenschaftlerin <em>PD Dr. Maximiliane J\u00e4ger-Gogoll<\/em> (arbeitet als Literaturwissenschaftlerin an der Universit\u00e4t Siegen) und dem Friedensforscher <em>PD Dr. Johannes Maria Becker <\/em>(lehrt und forscht an der Universit\u00e4t Marburg).<\/span><\/p>\n<p><span style=\"font-size: 14pt;\">Bertolt Brecht wird ebenso zu Wort kommen wie Ingeborg Bachmann, Franz-Josef Degenhardt ebenso wie Michel Fugain, Jos\u00e9 Afonso ebenso wie das alte Buch Schi-king und viele andere, die sich mit Wort und Klang dem Krieg entgegenstellten und f\u00fcr Frieden, Vernunft und Verst\u00e4ndigung ihre Stimmen erhoben.<\/span><\/p>\n<p><span style=\"font-size: 14pt;\"><strong>Mittwoch, den 29. August 2018<\/strong> \u2013 Beginn: 18.30 Uhr<\/span><br \/>\n<span style=\"font-size: 14pt;\">Im \u201eG\u00e4rtnerh\u00e4uschen\u201c der Naturfreunde Offenbach, <\/span><span style=\"font-size: 14pt;\">Bieberer Stra\u00dfe 276, Offenbach<\/span><\/p>\n<p><span style=\"font-size: 14pt;\">Flyer: <a href=\"https:\/\/offenbacher-friedensinitiative.de\/wp-content\/uploads\/2018\/08\/2018_08_28_-VA-Antikriegstag-OF.pdf\">2018_08_28_ VA Antikriegstag OF<\/a><\/span><\/p>\n","protected":false},"excerpt":{"rendered":"<p>Gedichte gegen den Krieg \u2013 Lieder f\u00fcr den Frieden Der Deutsche Gewerkschaftsbund, Kreisverband Offenbach in Kooperation mit den Naturfreunden Offenbach laden ein. Kriege, Flucht und<span class=\"more-link\"><a href=\"https:\/\/offenbacher-friedensinitiative.de\/?p=137\">Weiterlesen &#8230;<\/a><\/span><\/p>\n","protected":false},"author":1,"featured_media":139,"comment_status":"closed","ping_status":"closed","sticky":false,"template":"","format":"standard","meta":{"footnotes":""},"categories":[5],"tags":[27,32,25,23,29,9,26,17,24,28,31,15,22,30,10],"class_list":["entry","author-ofi_wp","post-137","post","type-post","status-publish","format-standard","has-post-thumbnail","category-aktionen","tag-bertolt-brecht","tag-buch-schi-king","tag-engagement","tag-flucht","tag-franz-josef-degenhardt","tag-frieden","tag-friedenssehnsucht","tag-gewalt","tag-hoffnung","tag-ingeborg-bachmann","tag-jose-afonso","tag-krieg","tag-literatur","tag-michel-fugain","tag-musik"],"yoast_head":"<!-- This site is optimized with the Yoast SEO plugin v27.5 - https:\/\/yoast.com\/product\/yoast-seo-wordpress\/ -->\n<title>\u201eEs ist an der Zeit\u201c - Offenbacher FriedensInitiative - OFI<\/title>\n<meta name=\"description\" content=\"Es ist an der Zeit: Kriege, Flucht und erzwungene Migration umgeben uns tagt\u00e4glich. Sie sollten uns zum Handeln, aber auch zum Innehalten und Nachdenken veranlassen.\" \/>\n<meta name=\"robots\" content=\"index, follow, max-snippet:-1, max-image-preview:large, max-video-preview:-1\" \/>\n<link rel=\"canonical\" href=\"https:\/\/offenbacher-friedensinitiative.de\/?p=137\" \/>\n<meta property=\"og:locale\" content=\"de_DE\" \/>\n<meta property=\"og:type\" content=\"article\" \/>\n<meta property=\"og:title\" content=\"\u201eEs ist an der Zeit\u201c - Offenbacher FriedensInitiative - OFI\" \/>\n<meta property=\"og:description\" content=\"Es ist an der Zeit: Kriege, Flucht und erzwungene Migration umgeben uns tagt\u00e4glich. Sie sollten uns zum Handeln, aber auch zum Innehalten und Nachdenken veranlassen.\" \/>\n<meta property=\"og:url\" content=\"https:\/\/offenbacher-friedensinitiative.de\/?p=137\" \/>\n<meta property=\"og:site_name\" content=\"Offenbacher FriedensInitiative - OFI\" \/>\n<meta property=\"article:published_time\" content=\"2018-08-13T18:36:24+00:00\" \/>\n<meta property=\"og:image\" content=\"https:\/\/offenbacher-friedensinitiative.de\/wp-content\/uploads\/2018\/08\/friedenstaube_DLF103402.jpg\" \/>\n\t<meta property=\"og:image:width\" content=\"300\" \/>\n\t<meta property=\"og:image:height\" content=\"210\" \/>\n\t<meta property=\"og:image:type\" content=\"image\/jpeg\" \/>\n<meta name=\"author\" content=\"OFI_WP\" \/>\n<meta name=\"twitter:card\" content=\"summary_large_image\" \/>\n<meta name=\"twitter:label1\" content=\"Verfasst von\" \/>\n\t<meta name=\"twitter:data1\" content=\"OFI_WP\" \/>\n\t<meta name=\"twitter:label2\" content=\"Gesch\u00e4tzte Lesezeit\" \/>\n\t<meta name=\"twitter:data2\" content=\"1\u00a0Minute\" \/>\n<script type=\"application\/ld+json\" class=\"yoast-schema-graph\">{\"@context\":\"https:\\\/\\\/schema.org\",\"@graph\":[{\"@type\":\"Article\",\"@id\":\"https:\\\/\\\/offenbacher-friedensinitiative.de\\\/?p=137#article\",\"isPartOf\":{\"@id\":\"https:\\\/\\\/offenbacher-friedensinitiative.de\\\/?p=137\"},\"author\":{\"name\":\"OFI_WP\",\"@id\":\"https:\\\/\\\/offenbacher-friedensinitiative.de\\\/#\\\/schema\\\/person\\\/5ec566fcb70420f878023349a111f19f\"},\"headline\":\"\u201eEs ist an der Zeit\u201c\",\"datePublished\":\"2018-08-13T18:36:24+00:00\",\"mainEntityOfPage\":{\"@id\":\"https:\\\/\\\/offenbacher-friedensinitiative.de\\\/?p=137\"},\"wordCount\":167,\"publisher\":{\"@id\":\"https:\\\/\\\/offenbacher-friedensinitiative.de\\\/#organization\"},\"image\":{\"@id\":\"https:\\\/\\\/offenbacher-friedensinitiative.de\\\/?p=137#primaryimage\"},\"thumbnailUrl\":\"https:\\\/\\\/offenbacher-friedensinitiative.de\\\/wp-content\\\/uploads\\\/2018\\\/08\\\/friedenstaube_DLF103402.jpg\",\"keywords\":[\"Bertolt Brecht\",\"Buch Schi-king\",\"Engagement\",\"Flucht\",\"Franz-Josef Degenhardt\",\"Frieden\",\"Friedenssehnsucht\",\"Gewalt\",\"Hoffnung\",\"Ingeborg Bachmann\",\"Jos\u00e9 Afonso\",\"Krieg\",\"Literatur\",\"Michel Fugain\",\"Musik\"],\"articleSection\":[\"Aktionen\"],\"inLanguage\":\"de\"},{\"@type\":\"WebPage\",\"@id\":\"https:\\\/\\\/offenbacher-friedensinitiative.de\\\/?p=137\",\"url\":\"https:\\\/\\\/offenbacher-friedensinitiative.de\\\/?p=137\",\"name\":\"\u201eEs ist an der Zeit\u201c - Offenbacher FriedensInitiative - OFI\",\"isPartOf\":{\"@id\":\"https:\\\/\\\/offenbacher-friedensinitiative.de\\\/#website\"},\"primaryImageOfPage\":{\"@id\":\"https:\\\/\\\/offenbacher-friedensinitiative.de\\\/?p=137#primaryimage\"},\"image\":{\"@id\":\"https:\\\/\\\/offenbacher-friedensinitiative.de\\\/?p=137#primaryimage\"},\"thumbnailUrl\":\"https:\\\/\\\/offenbacher-friedensinitiative.de\\\/wp-content\\\/uploads\\\/2018\\\/08\\\/friedenstaube_DLF103402.jpg\",\"datePublished\":\"2018-08-13T18:36:24+00:00\",\"description\":\"Es ist an der Zeit: Kriege, Flucht und erzwungene Migration umgeben uns tagt\u00e4glich. Sie sollten uns zum Handeln, aber auch zum Innehalten und Nachdenken veranlassen.\",\"breadcrumb\":{\"@id\":\"https:\\\/\\\/offenbacher-friedensinitiative.de\\\/?p=137#breadcrumb\"},\"inLanguage\":\"de\",\"potentialAction\":[{\"@type\":\"ReadAction\",\"target\":[\"https:\\\/\\\/offenbacher-friedensinitiative.de\\\/?p=137\"]}]},{\"@type\":\"ImageObject\",\"inLanguage\":\"de\",\"@id\":\"https:\\\/\\\/offenbacher-friedensinitiative.de\\\/?p=137#primaryimage\",\"url\":\"https:\\\/\\\/offenbacher-friedensinitiative.de\\\/wp-content\\\/uploads\\\/2018\\\/08\\\/friedenstaube_DLF103402.jpg\",\"contentUrl\":\"https:\\\/\\\/offenbacher-friedensinitiative.de\\\/wp-content\\\/uploads\\\/2018\\\/08\\\/friedenstaube_DLF103402.jpg\",\"width\":300,\"height\":210,\"caption\":\"Es ist an der Zeit\"},{\"@type\":\"BreadcrumbList\",\"@id\":\"https:\\\/\\\/offenbacher-friedensinitiative.de\\\/?p=137#breadcrumb\",\"itemListElement\":[{\"@type\":\"ListItem\",\"position\":1,\"name\":\"Startseite\",\"item\":\"https:\\\/\\\/offenbacher-friedensinitiative.de\\\/\"},{\"@type\":\"ListItem\",\"position\":2,\"name\":\"\u201eEs ist an der Zeit\u201c\"}]},{\"@type\":\"WebSite\",\"@id\":\"https:\\\/\\\/offenbacher-friedensinitiative.de\\\/#website\",\"url\":\"https:\\\/\\\/offenbacher-friedensinitiative.de\\\/\",\"name\":\"Offenbacher FriedensInitiative\",\"description\":\"Abr\u00fcsten statt Aufr\u00fcsten |- Kriege beenden | R\u00fcstungsexporte stoppen\",\"publisher\":{\"@id\":\"https:\\\/\\\/offenbacher-friedensinitiative.de\\\/#organization\"},\"potentialAction\":[{\"@type\":\"SearchAction\",\"target\":{\"@type\":\"EntryPoint\",\"urlTemplate\":\"https:\\\/\\\/offenbacher-friedensinitiative.de\\\/?s={search_term_string}\"},\"query-input\":{\"@type\":\"PropertyValueSpecification\",\"valueRequired\":true,\"valueName\":\"search_term_string\"}}],\"inLanguage\":\"de\"},{\"@type\":\"Organization\",\"@id\":\"https:\\\/\\\/offenbacher-friedensinitiative.de\\\/#organization\",\"name\":\"Offenbacher Friedensinitiative\",\"url\":\"https:\\\/\\\/offenbacher-friedensinitiative.de\\\/\",\"logo\":{\"@type\":\"ImageObject\",\"inLanguage\":\"de\",\"@id\":\"https:\\\/\\\/offenbacher-friedensinitiative.de\\\/#\\\/schema\\\/logo\\\/image\\\/\",\"url\":\"https:\\\/\\\/offenbacher-friedensinitiative.de\\\/wp-content\\\/uploads\\\/2019\\\/03\\\/cropped-Transparen-logo.jpg\",\"contentUrl\":\"https:\\\/\\\/offenbacher-friedensinitiative.de\\\/wp-content\\\/uploads\\\/2019\\\/03\\\/cropped-Transparen-logo.jpg\",\"width\":1036,\"height\":227,\"caption\":\"Offenbacher Friedensinitiative\"},\"image\":{\"@id\":\"https:\\\/\\\/offenbacher-friedensinitiative.de\\\/#\\\/schema\\\/logo\\\/image\\\/\"}},{\"@type\":\"Person\",\"@id\":\"https:\\\/\\\/offenbacher-friedensinitiative.de\\\/#\\\/schema\\\/person\\\/5ec566fcb70420f878023349a111f19f\",\"name\":\"OFI_WP\"}]}<\/script>\n<!-- \/ Yoast SEO plugin. -->","yoast_head_json":{"title":"\u201eEs ist an der Zeit\u201c - Offenbacher FriedensInitiative - OFI","description":"Es ist an der Zeit: Kriege, Flucht und erzwungene Migration umgeben uns tagt\u00e4glich. Sie sollten uns zum Handeln, aber auch zum Innehalten und Nachdenken veranlassen.","robots":{"index":"index","follow":"follow","max-snippet":"max-snippet:-1","max-image-preview":"max-image-preview:large","max-video-preview":"max-video-preview:-1"},"canonical":"https:\/\/offenbacher-friedensinitiative.de\/?p=137","og_locale":"de_DE","og_type":"article","og_title":"\u201eEs ist an der Zeit\u201c - Offenbacher FriedensInitiative - OFI","og_description":"Es ist an der Zeit: Kriege, Flucht und erzwungene Migration umgeben uns tagt\u00e4glich. Sie sollten uns zum Handeln, aber auch zum Innehalten und Nachdenken veranlassen.","og_url":"https:\/\/offenbacher-friedensinitiative.de\/?p=137","og_site_name":"Offenbacher FriedensInitiative - OFI","article_published_time":"2018-08-13T18:36:24+00:00","og_image":[{"width":300,"height":210,"url":"https:\/\/offenbacher-friedensinitiative.de\/wp-content\/uploads\/2018\/08\/friedenstaube_DLF103402.jpg","type":"image\/jpeg"}],"author":"OFI_WP","twitter_card":"summary_large_image","twitter_misc":{"Verfasst von":"OFI_WP","Gesch\u00e4tzte Lesezeit":"1\u00a0Minute"},"schema":{"@context":"https:\/\/schema.org","@graph":[{"@type":"Article","@id":"https:\/\/offenbacher-friedensinitiative.de\/?p=137#article","isPartOf":{"@id":"https:\/\/offenbacher-friedensinitiative.de\/?p=137"},"author":{"name":"OFI_WP","@id":"https:\/\/offenbacher-friedensinitiative.de\/#\/schema\/person\/5ec566fcb70420f878023349a111f19f"},"headline":"\u201eEs ist an der Zeit\u201c","datePublished":"2018-08-13T18:36:24+00:00","mainEntityOfPage":{"@id":"https:\/\/offenbacher-friedensinitiative.de\/?p=137"},"wordCount":167,"publisher":{"@id":"https:\/\/offenbacher-friedensinitiative.de\/#organization"},"image":{"@id":"https:\/\/offenbacher-friedensinitiative.de\/?p=137#primaryimage"},"thumbnailUrl":"https:\/\/offenbacher-friedensinitiative.de\/wp-content\/uploads\/2018\/08\/friedenstaube_DLF103402.jpg","keywords":["Bertolt Brecht","Buch Schi-king","Engagement","Flucht","Franz-Josef Degenhardt","Frieden","Friedenssehnsucht","Gewalt","Hoffnung","Ingeborg Bachmann","Jos\u00e9 Afonso","Krieg","Literatur","Michel Fugain","Musik"],"articleSection":["Aktionen"],"inLanguage":"de"},{"@type":"WebPage","@id":"https:\/\/offenbacher-friedensinitiative.de\/?p=137","url":"https:\/\/offenbacher-friedensinitiative.de\/?p=137","name":"\u201eEs ist an der Zeit\u201c - Offenbacher FriedensInitiative - OFI","isPartOf":{"@id":"https:\/\/offenbacher-friedensinitiative.de\/#website"},"primaryImageOfPage":{"@id":"https:\/\/offenbacher-friedensinitiative.de\/?p=137#primaryimage"},"image":{"@id":"https:\/\/offenbacher-friedensinitiative.de\/?p=137#primaryimage"},"thumbnailUrl":"https:\/\/offenbacher-friedensinitiative.de\/wp-content\/uploads\/2018\/08\/friedenstaube_DLF103402.jpg","datePublished":"2018-08-13T18:36:24+00:00","description":"Es ist an der Zeit: Kriege, Flucht und erzwungene Migration umgeben uns tagt\u00e4glich. Sie sollten uns zum Handeln, aber auch zum Innehalten und Nachdenken veranlassen.","breadcrumb":{"@id":"https:\/\/offenbacher-friedensinitiative.de\/?p=137#breadcrumb"},"inLanguage":"de","potentialAction":[{"@type":"ReadAction","target":["https:\/\/offenbacher-friedensinitiative.de\/?p=137"]}]},{"@type":"ImageObject","inLanguage":"de","@id":"https:\/\/offenbacher-friedensinitiative.de\/?p=137#primaryimage","url":"https:\/\/offenbacher-friedensinitiative.de\/wp-content\/uploads\/2018\/08\/friedenstaube_DLF103402.jpg","contentUrl":"https:\/\/offenbacher-friedensinitiative.de\/wp-content\/uploads\/2018\/08\/friedenstaube_DLF103402.jpg","width":300,"height":210,"caption":"Es ist an der Zeit"},{"@type":"BreadcrumbList","@id":"https:\/\/offenbacher-friedensinitiative.de\/?p=137#breadcrumb","itemListElement":[{"@type":"ListItem","position":1,"name":"Startseite","item":"https:\/\/offenbacher-friedensinitiative.de\/"},{"@type":"ListItem","position":2,"name":"\u201eEs ist an der Zeit\u201c"}]},{"@type":"WebSite","@id":"https:\/\/offenbacher-friedensinitiative.de\/#website","url":"https:\/\/offenbacher-friedensinitiative.de\/","name":"Offenbacher FriedensInitiative","description":"Abr\u00fcsten statt Aufr\u00fcsten |- Kriege beenden | R\u00fcstungsexporte stoppen","publisher":{"@id":"https:\/\/offenbacher-friedensinitiative.de\/#organization"},"potentialAction":[{"@type":"SearchAction","target":{"@type":"EntryPoint","urlTemplate":"https:\/\/offenbacher-friedensinitiative.de\/?s={search_term_string}"},"query-input":{"@type":"PropertyValueSpecification","valueRequired":true,"valueName":"search_term_string"}}],"inLanguage":"de"},{"@type":"Organization","@id":"https:\/\/offenbacher-friedensinitiative.de\/#organization","name":"Offenbacher Friedensinitiative","url":"https:\/\/offenbacher-friedensinitiative.de\/","logo":{"@type":"ImageObject","inLanguage":"de","@id":"https:\/\/offenbacher-friedensinitiative.de\/#\/schema\/logo\/image\/","url":"https:\/\/offenbacher-friedensinitiative.de\/wp-content\/uploads\/2019\/03\/cropped-Transparen-logo.jpg","contentUrl":"https:\/\/offenbacher-friedensinitiative.de\/wp-content\/uploads\/2019\/03\/cropped-Transparen-logo.jpg","width":1036,"height":227,"caption":"Offenbacher Friedensinitiative"},"image":{"@id":"https:\/\/offenbacher-friedensinitiative.de\/#\/schema\/logo\/image\/"}},{"@type":"Person","@id":"https:\/\/offenbacher-friedensinitiative.de\/#\/schema\/person\/5ec566fcb70420f878023349a111f19f","name":"OFI_WP"}]}},"_links":{"self":[{"href":"https:\/\/offenbacher-friedensinitiative.de\/index.php?rest_route=\/wp\/v2\/posts\/137","targetHints":{"allow":["GET"]}}],"collection":[{"href":"https:\/\/offenbacher-friedensinitiative.de\/index.php?rest_route=\/wp\/v2\/posts"}],"about":[{"href":"https:\/\/offenbacher-friedensinitiative.de\/index.php?rest_route=\/wp\/v2\/types\/post"}],"author":[{"embeddable":true,"href":"https:\/\/offenbacher-friedensinitiative.de\/index.php?rest_route=\/wp\/v2\/users\/1"}],"replies":[{"embeddable":true,"href":"https:\/\/offenbacher-friedensinitiative.de\/index.php?rest_route=%2Fwp%2Fv2%2Fcomments&post=137"}],"version-history":[{"count":1,"href":"https:\/\/offenbacher-friedensinitiative.de\/index.php?rest_route=\/wp\/v2\/posts\/137\/revisions"}],"predecessor-version":[{"id":140,"href":"https:\/\/offenbacher-friedensinitiative.de\/index.php?rest_route=\/wp\/v2\/posts\/137\/revisions\/140"}],"wp:featuredmedia":[{"embeddable":true,"href":"https:\/\/offenbacher-friedensinitiative.de\/index.php?rest_route=\/wp\/v2\/media\/139"}],"wp:attachment":[{"href":"https:\/\/offenbacher-friedensinitiative.de\/index.php?rest_route=%2Fwp%2Fv2%2Fmedia&parent=137"}],"wp:term":[{"taxonomy":"category","embeddable":true,"href":"https:\/\/offenbacher-friedensinitiative.de\/index.php?rest_route=%2Fwp%2Fv2%2Fcategories&post=137"},{"taxonomy":"post_tag","embeddable":true,"href":"https:\/\/offenbacher-friedensinitiative.de\/index.php?rest_route=%2Fwp%2Fv2%2Ftags&post=137"}],"curies":[{"name":"wp","href":"https:\/\/api.w.org\/{rel}","templated":true}]}}