{"id":164,"date":"2018-09-03T11:23:29","date_gmt":"2018-09-03T09:23:29","guid":{"rendered":"https:\/\/offenbacher-friedensinitiative.de\/?p=164"},"modified":"2020-02-24T17:14:16","modified_gmt":"2020-02-24T16:14:16","slug":"erfolgreicher-infostand","status":"publish","type":"post","link":"https:\/\/offenbacher-friedensinitiative.de\/?p=164","title":{"rendered":"Erfolgreicher Infostand"},"content":{"rendered":"<div id=\"pl-164\"  class=\"panel-layout\" ><div id=\"pg-164-0\"  class=\"panel-grid panel-no-style\" ><div id=\"pgc-164-0-0\"  class=\"panel-grid-cell\" ><div id=\"panel-164-0-0-0\" class=\"so-panel widget widget_sow-editor panel-first-child panel-last-child\" data-index=\"0\" ><div\n\t\t\t\n\t\t\tclass=\"so-widget-sow-editor so-widget-sow-editor-base\"\n\t\t\t\n\t\t>\n<div class=\"siteorigin-widget-tinymce textwidget\">\n\t<p style=\"text-align: justify;\"><span style=\"font-size: 14pt;\">Am 25. 8. 18 gab es den geplanten Infostand. Wir hatten Gl\u00fcck: der Regen vom Morgen hatte aufgeh\u00f6rt und es zeigte sich sp\u00e4ter sogar die Sonne. Acht Menschen nahmen auf Seiten der OFI (Offenbacher Friedensinitiative) teil, verteilten Flugbl\u00e4tter, suchten das Gespr\u00e4ch und sammelten Unterschriften zum Aufruf <strong>Abr\u00fcsten statt Aufr\u00fcsten<\/strong>. Auf Seiten der Passanten gab es, wie erwartet, die unterschiedlichsten Reaktionen. Manche hatte keine Zeit, andere, sehr wenige, wollten uns von den Vorteilen von R\u00fcstung \u00fcberzeugen. Erstaunlich viele antworteten mit \u201eselbstverst\u00e4ndlich will ich das unterschreiben\u201c. Es kamen 72 neue Unterschriften zusammen, wor\u00fcber wir uns sehr gefreut haben. Wir f\u00fchlen uns darin best\u00e4tigt, dass es viele Menschen gibt, die nicht einverstanden sind mit der Politik der Hochr\u00fcstung, die sich \u00fcber die Gelegenheit freuen ihre Meinung kundzutun. (Umfragen best\u00e4tigen immer wieder einen Anteil von ca. 70 % der Bev\u00f6lkerung, die lieber Abr\u00fcstung wollen). Es hat uns Spa\u00df gemacht. Wir machen weiter und freuen uns \u00fcber alle, die sich uns anschlie\u00dfen wollen.<\/span><\/p>\n<\/div>\n<\/div><\/div><\/div><\/div><div id=\"pg-164-1\"  class=\"panel-grid panel-no-style\" ><div id=\"pgc-164-1-0\"  class=\"panel-grid-cell\" ><div id=\"panel-164-1-0-0\" class=\"so-panel widget widget_sow-editor panel-first-child panel-last-child\" data-index=\"1\" ><div\n\t\t\t\n\t\t\tclass=\"so-widget-sow-editor so-widget-sow-editor-base\"\n\t\t\t\n\t\t>\n<div class=\"siteorigin-widget-tinymce textwidget\">\n\t<p><a href=\"https:\/\/www.roessmann.name\/offenbacher-friedensinitiative-2018\/\"> <div id=\"wppa-container-wrapper-1\" class=\"aligncenter wppa-container-wrapper \" style=\"width:450px;display:block;margin-left:auto;margin-right:auto;padding:0;position:relative;\"><div id=\"wppa-container-1\" style=\"width:100%;\" class=\"wppa-container aligncenter wp-caption\"><div style=\"font-size:0;line-height:0\"><img decoding=\"async\" id=\"ph-29-1\" title=\"Infostand der Offenbacher Friedensinitiative\" style=\"width:100%;margin:0;padding:0;border:none;\" src=\"https:\/\/offenbacher-friedensinitiative.de\/wp-content\/uploads\/wppa\/29.jpg?ver=19\" alt=\"Infostand der Offenbacher Friedensinitiative\" class=\"size-medium wppa-sphoto\"><\/div><div class=\"wp-caption-text\"><\/div><svg id=\"wppa-ajax-spin-1\" class=\"wppa-ajax-spin uil-default\" width=\"120px\" height=\"120px\" viewBox=\"0 0 135 135\" preserveAspectRatio=\"xMidYMid\" stroke=\"\" style=\"width:120px; height:120px; position:fixed; top:50%; margin-top:-60px; left:50%; margin-left:-60px; opacity:1; display:none; fill:#666666; background-color:transparent; border-radius:24px;\"><path d=\"M67.447 58c5.523 0 10-4.477 10-10s-4.477-10-10-10-10 4.477-10 10 4.477 10 10 10zm9.448 9.447c0 5.523 4.477 10 10 10 5.522 0 10-4.477 10-10s-4.478-10-10-10c-5.523 0-10 4.477-10 10zm-9.448 9.448c-5.523 0-10 4.477-10 10 0 5.522 4.477 10 10 10s10-4.478 10-10c0-5.523-4.477-10-10-10zM58 67.447c0-5.523-4.477-10-10-10s-10 4.477-10 10 4.477 10 10 10 10-4.477 10-10z\"><animateTransform attributeName=\"transform\" type=\"rotate\" from=\"0 67 67\" to=\"-360 67 67\" dur=\"2.5s\" repeatCount=\"indefinite\" ><\/path><path d=\"M28.19 40.31c6.627 0 12-5.374 12-12 0-6.628-5.373-12-12-12-6.628 0-12 5.372-12 12 0 6.626 5.372 12 12 12zm30.72-19.825c4.686 4.687 12.284 4.687 16.97 0 4.686-4.686 4.686-12.284 0-16.97-4.686-4.687-12.284-4.687-16.97 0-4.687 4.686-4.687 12.284 0 16.97zm35.74 7.705c0 6.627 5.37 12 12 12 6.626 0 12-5.373 12-12 0-6.628-5.374-12-12-12-6.63 0-12 5.372-12 12zm19.822 30.72c-4.686 4.686-4.686 12.284 0 16.97 4.687 4.686 12.285 4.686 16.97 0 4.687-4.686 4.687-12.284 0-16.97-4.685-4.687-12.283-4.687-16.97 0zm-7.704 35.74c-6.627 0-12 5.37-12 12 0 6.626 5.373 12 12 12s12-5.374 12-12c0-6.63-5.373-12-12-12zm-30.72 19.822c-4.686-4.686-12.284-4.686-16.97 0-4.686 4.687-4.686 12.285 0 16.97 4.686 4.687 12.284 4.687 16.97 0 4.687-4.685 4.687-12.283 0-16.97zm-35.74-7.704c0-6.627-5.372-12-12-12-6.626 0-12 5.373-12 12s5.374 12 12 12c6.628 0 12-5.373 12-12zm-19.823-30.72c4.687-4.686 4.687-12.284 0-16.97-4.686-4.686-12.284-4.686-16.97 0-4.687 4.686-4.687 12.284 0 16.97 4.686 4.687 12.284 4.687 16.97 0z\"><animateTransform attributeName=\"transform\" type=\"rotate\" from=\"0 67 67\" to=\"360 67 67\" dur=\"8s\" repeatCount=\"indefinite\" ><\/path><\/svg><\/div><\/div>\n<!-- End [wppa type=\"photo\" photo=\"29\" size=\"450\" align=\"center\"] \/index.php?rest_route=%2Fwp%2Fv2%2Fposts%2F164 oc 1 21 queries in 11.4 ms. at 18:17. Max mem: 92.00 Mb. --><\/a><\/p>\n<pre style=\"text-align: center;\">Mausklick auf Foto f\u00fchrt zu (ext.) Album mit weitern Bildern\nCopyright Fotos: <a href=\"https:\/\/www.manfredroessmann.de\" target=\"_blank\" rel=\"noopener\">www.roessmann.name<\/a>\n<\/pre>\n<\/div>\n<\/div><\/div><\/div><\/div><\/div>","protected":false},"excerpt":{"rendered":"<p>Am 25. 8. 18 gab es den geplanten Infostand. Wir hatten Gl\u00fcck: der Regen vom Morgen hatte aufgeh\u00f6rt und es zeigte sich sp\u00e4ter sogar die<span class=\"more-link\"><a href=\"https:\/\/offenbacher-friedensinitiative.de\/?p=164\">Weiterlesen &#8230;<\/a><\/span><\/p>\n","protected":false},"author":1,"featured_media":167,"comment_status":"closed","ping_status":"closed","sticky":false,"template":"","format":"standard","meta":{"footnotes":""},"categories":[5],"tags":[],"class_list":["entry","author-ofi_wp","post-164","post","type-post","status-publish","format-standard","has-post-thumbnail","category-aktionen"],"yoast_head":"<!-- This site is optimized with the Yoast SEO plugin v27.4 - https:\/\/yoast.com\/product\/yoast-seo-wordpress\/ -->\n<title>Erfolgreicher Infostand - Offenbacher FriedensInitiative - OFI<\/title>\n<meta name=\"description\" content=\"Es kamen 72 Unterschriften zusammen, wor\u00fcber wir uns sehr gefreut haben. Es gibt viele Menschen, die nicht einverstanden sind mit der Hochr\u00fcstung.\" \/>\n<meta name=\"robots\" content=\"index, follow, max-snippet:-1, max-image-preview:large, max-video-preview:-1\" \/>\n<link rel=\"canonical\" href=\"https:\/\/offenbacher-friedensinitiative.de\/?p=164\" \/>\n<meta property=\"og:locale\" content=\"de_DE\" \/>\n<meta property=\"og:type\" content=\"article\" \/>\n<meta property=\"og:title\" content=\"Erfolgreicher Infostand - Offenbacher FriedensInitiative - OFI\" \/>\n<meta property=\"og:description\" content=\"Es kamen 72 Unterschriften zusammen, wor\u00fcber wir uns sehr gefreut haben. Es gibt viele Menschen, die nicht einverstanden sind mit der Hochr\u00fcstung.\" \/>\n<meta property=\"og:url\" content=\"https:\/\/offenbacher-friedensinitiative.de\/?p=164\" \/>\n<meta property=\"og:site_name\" content=\"Offenbacher FriedensInitiative - OFI\" \/>\n<meta property=\"article:published_time\" content=\"2018-09-03T09:23:29+00:00\" \/>\n<meta property=\"article:modified_time\" content=\"2020-02-24T16:14:16+00:00\" \/>\n<meta property=\"og:image\" content=\"https:\/\/offenbacher-friedensinitiative.de\/wp-content\/uploads\/2018\/09\/05.0498-e1541535234314.jpg\" \/>\n\t<meta property=\"og:image:width\" content=\"600\" \/>\n\t<meta property=\"og:image:height\" content=\"400\" \/>\n\t<meta property=\"og:image:type\" content=\"image\/jpeg\" \/>\n<meta name=\"author\" content=\"OFI_WP\" \/>\n<meta name=\"twitter:card\" content=\"summary_large_image\" \/>\n<meta name=\"twitter:label1\" content=\"Verfasst von\" \/>\n\t<meta name=\"twitter:data1\" content=\"OFI_WP\" \/>\n\t<meta name=\"twitter:label2\" content=\"Gesch\u00e4tzte Lesezeit\" \/>\n\t<meta name=\"twitter:data2\" content=\"1\u00a0Minute\" \/>\n<script type=\"application\/ld+json\" class=\"yoast-schema-graph\">{\"@context\":\"https:\\\/\\\/schema.org\",\"@graph\":[{\"@type\":\"Article\",\"@id\":\"https:\\\/\\\/offenbacher-friedensinitiative.de\\\/?p=164#article\",\"isPartOf\":{\"@id\":\"https:\\\/\\\/offenbacher-friedensinitiative.de\\\/?p=164\"},\"author\":{\"name\":\"OFI_WP\",\"@id\":\"https:\\\/\\\/offenbacher-friedensinitiative.de\\\/#\\\/schema\\\/person\\\/5ec566fcb70420f878023349a111f19f\"},\"headline\":\"Erfolgreicher Infostand\",\"datePublished\":\"2018-09-03T09:23:29+00:00\",\"dateModified\":\"2020-02-24T16:14:16+00:00\",\"mainEntityOfPage\":{\"@id\":\"https:\\\/\\\/offenbacher-friedensinitiative.de\\\/?p=164\"},\"wordCount\":179,\"publisher\":{\"@id\":\"https:\\\/\\\/offenbacher-friedensinitiative.de\\\/#organization\"},\"image\":{\"@id\":\"https:\\\/\\\/offenbacher-friedensinitiative.de\\\/?p=164#primaryimage\"},\"thumbnailUrl\":\"https:\\\/\\\/offenbacher-friedensinitiative.de\\\/wp-content\\\/uploads\\\/2018\\\/09\\\/05.0498-e1541535234314.jpg\",\"articleSection\":[\"Aktionen\"],\"inLanguage\":\"de\"},{\"@type\":\"WebPage\",\"@id\":\"https:\\\/\\\/offenbacher-friedensinitiative.de\\\/?p=164\",\"url\":\"https:\\\/\\\/offenbacher-friedensinitiative.de\\\/?p=164\",\"name\":\"Erfolgreicher Infostand - Offenbacher FriedensInitiative - OFI\",\"isPartOf\":{\"@id\":\"https:\\\/\\\/offenbacher-friedensinitiative.de\\\/#website\"},\"primaryImageOfPage\":{\"@id\":\"https:\\\/\\\/offenbacher-friedensinitiative.de\\\/?p=164#primaryimage\"},\"image\":{\"@id\":\"https:\\\/\\\/offenbacher-friedensinitiative.de\\\/?p=164#primaryimage\"},\"thumbnailUrl\":\"https:\\\/\\\/offenbacher-friedensinitiative.de\\\/wp-content\\\/uploads\\\/2018\\\/09\\\/05.0498-e1541535234314.jpg\",\"datePublished\":\"2018-09-03T09:23:29+00:00\",\"dateModified\":\"2020-02-24T16:14:16+00:00\",\"description\":\"Es kamen 72 Unterschriften zusammen, wor\u00fcber wir uns sehr gefreut haben. Es gibt viele Menschen, die nicht einverstanden sind mit der Hochr\u00fcstung.\",\"breadcrumb\":{\"@id\":\"https:\\\/\\\/offenbacher-friedensinitiative.de\\\/?p=164#breadcrumb\"},\"inLanguage\":\"de\",\"potentialAction\":[{\"@type\":\"ReadAction\",\"target\":[\"https:\\\/\\\/offenbacher-friedensinitiative.de\\\/?p=164\"]}]},{\"@type\":\"ImageObject\",\"inLanguage\":\"de\",\"@id\":\"https:\\\/\\\/offenbacher-friedensinitiative.de\\\/?p=164#primaryimage\",\"url\":\"https:\\\/\\\/offenbacher-friedensinitiative.de\\\/wp-content\\\/uploads\\\/2018\\\/09\\\/05.0498-e1541535234314.jpg\",\"contentUrl\":\"https:\\\/\\\/offenbacher-friedensinitiative.de\\\/wp-content\\\/uploads\\\/2018\\\/09\\\/05.0498-e1541535234314.jpg\",\"width\":600,\"height\":400,\"caption\":\"Infostand\"},{\"@type\":\"BreadcrumbList\",\"@id\":\"https:\\\/\\\/offenbacher-friedensinitiative.de\\\/?p=164#breadcrumb\",\"itemListElement\":[{\"@type\":\"ListItem\",\"position\":1,\"name\":\"Startseite\",\"item\":\"https:\\\/\\\/offenbacher-friedensinitiative.de\\\/\"},{\"@type\":\"ListItem\",\"position\":2,\"name\":\"Erfolgreicher Infostand\"}]},{\"@type\":\"WebSite\",\"@id\":\"https:\\\/\\\/offenbacher-friedensinitiative.de\\\/#website\",\"url\":\"https:\\\/\\\/offenbacher-friedensinitiative.de\\\/\",\"name\":\"Offenbacher FriedensInitiative\",\"description\":\"Abr\u00fcsten statt Aufr\u00fcsten |- Kriege beenden | R\u00fcstungsexporte stoppen\",\"publisher\":{\"@id\":\"https:\\\/\\\/offenbacher-friedensinitiative.de\\\/#organization\"},\"potentialAction\":[{\"@type\":\"SearchAction\",\"target\":{\"@type\":\"EntryPoint\",\"urlTemplate\":\"https:\\\/\\\/offenbacher-friedensinitiative.de\\\/?s={search_term_string}\"},\"query-input\":{\"@type\":\"PropertyValueSpecification\",\"valueRequired\":true,\"valueName\":\"search_term_string\"}}],\"inLanguage\":\"de\"},{\"@type\":\"Organization\",\"@id\":\"https:\\\/\\\/offenbacher-friedensinitiative.de\\\/#organization\",\"name\":\"Offenbacher Friedensinitiative\",\"url\":\"https:\\\/\\\/offenbacher-friedensinitiative.de\\\/\",\"logo\":{\"@type\":\"ImageObject\",\"inLanguage\":\"de\",\"@id\":\"https:\\\/\\\/offenbacher-friedensinitiative.de\\\/#\\\/schema\\\/logo\\\/image\\\/\",\"url\":\"https:\\\/\\\/offenbacher-friedensinitiative.de\\\/wp-content\\\/uploads\\\/2019\\\/03\\\/cropped-Transparen-logo.jpg\",\"contentUrl\":\"https:\\\/\\\/offenbacher-friedensinitiative.de\\\/wp-content\\\/uploads\\\/2019\\\/03\\\/cropped-Transparen-logo.jpg\",\"width\":1036,\"height\":227,\"caption\":\"Offenbacher Friedensinitiative\"},\"image\":{\"@id\":\"https:\\\/\\\/offenbacher-friedensinitiative.de\\\/#\\\/schema\\\/logo\\\/image\\\/\"}},{\"@type\":\"Person\",\"@id\":\"https:\\\/\\\/offenbacher-friedensinitiative.de\\\/#\\\/schema\\\/person\\\/5ec566fcb70420f878023349a111f19f\",\"name\":\"OFI_WP\"}]}<\/script>\n<!-- \/ Yoast SEO plugin. -->","yoast_head_json":{"title":"Erfolgreicher Infostand - Offenbacher FriedensInitiative - OFI","description":"Es kamen 72 Unterschriften zusammen, wor\u00fcber wir uns sehr gefreut haben. Es gibt viele Menschen, die nicht einverstanden sind mit der Hochr\u00fcstung.","robots":{"index":"index","follow":"follow","max-snippet":"max-snippet:-1","max-image-preview":"max-image-preview:large","max-video-preview":"max-video-preview:-1"},"canonical":"https:\/\/offenbacher-friedensinitiative.de\/?p=164","og_locale":"de_DE","og_type":"article","og_title":"Erfolgreicher Infostand - Offenbacher FriedensInitiative - OFI","og_description":"Es kamen 72 Unterschriften zusammen, wor\u00fcber wir uns sehr gefreut haben. Es gibt viele Menschen, die nicht einverstanden sind mit der Hochr\u00fcstung.","og_url":"https:\/\/offenbacher-friedensinitiative.de\/?p=164","og_site_name":"Offenbacher FriedensInitiative - OFI","article_published_time":"2018-09-03T09:23:29+00:00","article_modified_time":"2020-02-24T16:14:16+00:00","og_image":[{"width":600,"height":400,"url":"https:\/\/offenbacher-friedensinitiative.de\/wp-content\/uploads\/2018\/09\/05.0498-e1541535234314.jpg","type":"image\/jpeg"}],"author":"OFI_WP","twitter_card":"summary_large_image","twitter_misc":{"Verfasst von":"OFI_WP","Gesch\u00e4tzte Lesezeit":"1\u00a0Minute"},"schema":{"@context":"https:\/\/schema.org","@graph":[{"@type":"Article","@id":"https:\/\/offenbacher-friedensinitiative.de\/?p=164#article","isPartOf":{"@id":"https:\/\/offenbacher-friedensinitiative.de\/?p=164"},"author":{"name":"OFI_WP","@id":"https:\/\/offenbacher-friedensinitiative.de\/#\/schema\/person\/5ec566fcb70420f878023349a111f19f"},"headline":"Erfolgreicher Infostand","datePublished":"2018-09-03T09:23:29+00:00","dateModified":"2020-02-24T16:14:16+00:00","mainEntityOfPage":{"@id":"https:\/\/offenbacher-friedensinitiative.de\/?p=164"},"wordCount":179,"publisher":{"@id":"https:\/\/offenbacher-friedensinitiative.de\/#organization"},"image":{"@id":"https:\/\/offenbacher-friedensinitiative.de\/?p=164#primaryimage"},"thumbnailUrl":"https:\/\/offenbacher-friedensinitiative.de\/wp-content\/uploads\/2018\/09\/05.0498-e1541535234314.jpg","articleSection":["Aktionen"],"inLanguage":"de"},{"@type":"WebPage","@id":"https:\/\/offenbacher-friedensinitiative.de\/?p=164","url":"https:\/\/offenbacher-friedensinitiative.de\/?p=164","name":"Erfolgreicher Infostand - Offenbacher FriedensInitiative - OFI","isPartOf":{"@id":"https:\/\/offenbacher-friedensinitiative.de\/#website"},"primaryImageOfPage":{"@id":"https:\/\/offenbacher-friedensinitiative.de\/?p=164#primaryimage"},"image":{"@id":"https:\/\/offenbacher-friedensinitiative.de\/?p=164#primaryimage"},"thumbnailUrl":"https:\/\/offenbacher-friedensinitiative.de\/wp-content\/uploads\/2018\/09\/05.0498-e1541535234314.jpg","datePublished":"2018-09-03T09:23:29+00:00","dateModified":"2020-02-24T16:14:16+00:00","description":"Es kamen 72 Unterschriften zusammen, wor\u00fcber wir uns sehr gefreut haben. Es gibt viele Menschen, die nicht einverstanden sind mit der Hochr\u00fcstung.","breadcrumb":{"@id":"https:\/\/offenbacher-friedensinitiative.de\/?p=164#breadcrumb"},"inLanguage":"de","potentialAction":[{"@type":"ReadAction","target":["https:\/\/offenbacher-friedensinitiative.de\/?p=164"]}]},{"@type":"ImageObject","inLanguage":"de","@id":"https:\/\/offenbacher-friedensinitiative.de\/?p=164#primaryimage","url":"https:\/\/offenbacher-friedensinitiative.de\/wp-content\/uploads\/2018\/09\/05.0498-e1541535234314.jpg","contentUrl":"https:\/\/offenbacher-friedensinitiative.de\/wp-content\/uploads\/2018\/09\/05.0498-e1541535234314.jpg","width":600,"height":400,"caption":"Infostand"},{"@type":"BreadcrumbList","@id":"https:\/\/offenbacher-friedensinitiative.de\/?p=164#breadcrumb","itemListElement":[{"@type":"ListItem","position":1,"name":"Startseite","item":"https:\/\/offenbacher-friedensinitiative.de\/"},{"@type":"ListItem","position":2,"name":"Erfolgreicher Infostand"}]},{"@type":"WebSite","@id":"https:\/\/offenbacher-friedensinitiative.de\/#website","url":"https:\/\/offenbacher-friedensinitiative.de\/","name":"Offenbacher FriedensInitiative","description":"Abr\u00fcsten statt Aufr\u00fcsten |- Kriege beenden | R\u00fcstungsexporte stoppen","publisher":{"@id":"https:\/\/offenbacher-friedensinitiative.de\/#organization"},"potentialAction":[{"@type":"SearchAction","target":{"@type":"EntryPoint","urlTemplate":"https:\/\/offenbacher-friedensinitiative.de\/?s={search_term_string}"},"query-input":{"@type":"PropertyValueSpecification","valueRequired":true,"valueName":"search_term_string"}}],"inLanguage":"de"},{"@type":"Organization","@id":"https:\/\/offenbacher-friedensinitiative.de\/#organization","name":"Offenbacher Friedensinitiative","url":"https:\/\/offenbacher-friedensinitiative.de\/","logo":{"@type":"ImageObject","inLanguage":"de","@id":"https:\/\/offenbacher-friedensinitiative.de\/#\/schema\/logo\/image\/","url":"https:\/\/offenbacher-friedensinitiative.de\/wp-content\/uploads\/2019\/03\/cropped-Transparen-logo.jpg","contentUrl":"https:\/\/offenbacher-friedensinitiative.de\/wp-content\/uploads\/2019\/03\/cropped-Transparen-logo.jpg","width":1036,"height":227,"caption":"Offenbacher Friedensinitiative"},"image":{"@id":"https:\/\/offenbacher-friedensinitiative.de\/#\/schema\/logo\/image\/"}},{"@type":"Person","@id":"https:\/\/offenbacher-friedensinitiative.de\/#\/schema\/person\/5ec566fcb70420f878023349a111f19f","name":"OFI_WP"}]}},"_links":{"self":[{"href":"https:\/\/offenbacher-friedensinitiative.de\/index.php?rest_route=\/wp\/v2\/posts\/164","targetHints":{"allow":["GET"]}}],"collection":[{"href":"https:\/\/offenbacher-friedensinitiative.de\/index.php?rest_route=\/wp\/v2\/posts"}],"about":[{"href":"https:\/\/offenbacher-friedensinitiative.de\/index.php?rest_route=\/wp\/v2\/types\/post"}],"author":[{"embeddable":true,"href":"https:\/\/offenbacher-friedensinitiative.de\/index.php?rest_route=\/wp\/v2\/users\/1"}],"replies":[{"embeddable":true,"href":"https:\/\/offenbacher-friedensinitiative.de\/index.php?rest_route=%2Fwp%2Fv2%2Fcomments&post=164"}],"version-history":[{"count":4,"href":"https:\/\/offenbacher-friedensinitiative.de\/index.php?rest_route=\/wp\/v2\/posts\/164\/revisions"}],"predecessor-version":[{"id":10980,"href":"https:\/\/offenbacher-friedensinitiative.de\/index.php?rest_route=\/wp\/v2\/posts\/164\/revisions\/10980"}],"wp:featuredmedia":[{"embeddable":true,"href":"https:\/\/offenbacher-friedensinitiative.de\/index.php?rest_route=\/wp\/v2\/media\/167"}],"wp:attachment":[{"href":"https:\/\/offenbacher-friedensinitiative.de\/index.php?rest_route=%2Fwp%2Fv2%2Fmedia&parent=164"}],"wp:term":[{"taxonomy":"category","embeddable":true,"href":"https:\/\/offenbacher-friedensinitiative.de\/index.php?rest_route=%2Fwp%2Fv2%2Fcategories&post=164"},{"taxonomy":"post_tag","embeddable":true,"href":"https:\/\/offenbacher-friedensinitiative.de\/index.php?rest_route=%2Fwp%2Fv2%2Ftags&post=164"}],"curies":[{"name":"wp","href":"https:\/\/api.w.org\/{rel}","templated":true}]}}