{"id":178,"date":"2018-10-12T17:16:25","date_gmt":"2018-10-12T15:16:25","guid":{"rendered":"https:\/\/offenbacher-friedensinitiative.de\/?p=178"},"modified":"2018-12-15T18:24:57","modified_gmt":"2018-12-15T17:24:57","slug":"demonstration-am-samstag-den-3-november-2018","status":"publish","type":"post","link":"https:\/\/offenbacher-friedensinitiative.de\/?p=178","title":{"rendered":"Demonstration am Samstag, den 3. November 2018"},"content":{"rendered":"<p style=\"text-align: center;\"><span style=\"font-size: 24pt;\"><strong>Demonstration <\/strong><\/span><\/p>\n<p style=\"text-align: center;\"><span style=\"font-size: 24pt;\"><strong>am Samstag, den 3. November 2018 <\/strong><\/span><\/p>\n<p style=\"text-align: center;\"><span style=\"font-size: 24pt;\"><strong>um 11.55 Uhr <\/strong><\/span><\/p>\n<p style=\"text-align: center;\"><span style=\"font-size: 24pt;\"><strong>Frankfurt, Willy-Brandt-Platz<\/strong><\/span><\/p>\n<p style=\"text-align: center;\"><span style=\"font-size: 24pt;\"><strong>Kundgebungen vor den Gesch\u00e4ftsstellen von CDU und SPD<\/strong><\/span><\/p>\n<h2><strong>Abr\u00fcsten statt aufr\u00fcsten<\/strong><\/h2>\n<p><strong>Uns alarmieren die Militarisierung der Au\u00dfenpolitik und des \u00f6ffentlichen Lebens wie auch die Gesch\u00e4fte mit todbringenden Waffen. Auslandseins\u00e4tze der Bundeswehr wurden zur Normalit\u00e4t. Die Waffenarsenale werden weiter angef\u00fcllt. Ohne eine neue Entspannungspolitik ist das gemeinsame Haus Europa in weite Ferne ger\u00fcckt. Aufr\u00fcstung und Krieg l\u00f6sen keine Probleme.<\/strong> <strong>Wer die Zukunft gewinnen will, muss in die Zukunft investieren. <\/strong><\/p>\n<p><strong>\u00a0<\/strong><strong>Doch trotz Hochr\u00fcstung sollen weitere zwei Prozent des Brutto\u00adsozialprodukts nach\u00a0 einem NATO-Beschluss zus\u00e4tzlich der R\u00fcstung geopfert werden. Das sind mindestens weitere 30 Milliarden Euro, die im zivilen Bereich fehlen. So bei Schulen und Kitas, sozialem Wohnungsbau, Krankenh\u00e4usern, \u00f6ffentlichem Nahver\u00adkehr, kommunaler Infrastruktur, Alterssicherung, \u00f6kologischem Umbau, Klimagerech\u00adtigkeit und internationaler Hilfe zur &#8222;Selbsthilfe\u201c. <\/strong><\/p>\n<p><strong>\u00a0<\/strong><strong>Mit unserer Kampagne \u201eabr\u00fcsten statt aufr\u00fcsten&#8220; haben wir bereits \u00fcber 100. 000 Menschen erreicht. Daf\u00fcr wollen wir weiter arbeiten, um einer friedlichen, sozial gerechten und demokrati\u00adschen Entwicklung den Weg zu ebnen. <\/strong><\/p>\n<p><strong>\u00a0<\/strong><strong>Wir werden immer mehr und sind zuversichtlich, weil sich viele bewegen. So f\u00fcr einen humanen Umgang mit Menschen, die zu uns kommen, gegen undemokratische Polizeigesetze, im Hambacher Forst, f\u00fcr tarifgerechte Arbeit oder f\u00fcr einen Politikwechsel in der Europ\u00e4ischen Union.\u00a0 <\/strong><\/p>\n<p><strong>\u00a0<\/strong><strong>Aus Anlass der parlamentarischen Beratungen des Bundeshaushaltes 2019 wollen wir Aktionen f\u00fcr die Unterst\u00fctzung unserer Kampagne durchf\u00fchren. Wir laden alle dazu ein die wissen, der Frieden ist nicht alles, aber ohne Frieden ist alles nichts.<\/strong><\/p>\n<p><a href=\"https:\/\/offenbacher-friedensinitiative.de\/wp-content\/uploads\/2018\/10\/Flugblatt_abr\u00fcsten_3.11-18.pdf\">Flugblatt_abr\u00fcsten_3.11 18<\/a> zum Herunterladen.<\/p>\n","protected":false},"excerpt":{"rendered":"<p>Demonstration am Samstag, den 3. November 2018 um 11.55 Uhr Frankfurt, Willy-Brandt-Platz Kundgebungen vor den Gesch\u00e4ftsstellen von CDU und SPD Abr\u00fcsten statt aufr\u00fcsten Uns alarmieren<span class=\"more-link\"><a href=\"https:\/\/offenbacher-friedensinitiative.de\/?p=178\">Weiterlesen &#8230;<\/a><\/span><\/p>\n","protected":false},"author":1,"featured_media":94,"comment_status":"closed","ping_status":"closed","sticky":false,"template":"","format":"standard","meta":{"footnotes":""},"categories":[5],"tags":[],"class_list":["entry","author-ofi_wp","post-178","post","type-post","status-publish","format-standard","has-post-thumbnail","category-aktionen"],"yoast_head":"<!-- This site is optimized with the Yoast SEO plugin v27.5 - https:\/\/yoast.com\/product\/yoast-seo-wordpress\/ -->\n<title>Demonstration am Samstag, den 3. November 2018 - Offenbacher FriedensInitiative - OFI<\/title>\n<meta name=\"robots\" content=\"index, follow, max-snippet:-1, max-image-preview:large, max-video-preview:-1\" \/>\n<link rel=\"canonical\" href=\"https:\/\/offenbacher-friedensinitiative.de\/?p=178\" \/>\n<meta property=\"og:locale\" content=\"de_DE\" \/>\n<meta property=\"og:type\" content=\"article\" \/>\n<meta property=\"og:title\" content=\"Demonstration am Samstag, den 3. November 2018 - Offenbacher FriedensInitiative - OFI\" \/>\n<meta property=\"og:description\" content=\"Demonstration am Samstag, den 3. November 2018 um 11.55 Uhr Frankfurt, Willy-Brandt-Platz Kundgebungen vor den Gesch\u00e4ftsstellen von CDU und SPD Abr\u00fcsten statt aufr\u00fcsten Uns alarmierenWeiterlesen ...\" \/>\n<meta property=\"og:url\" content=\"https:\/\/offenbacher-friedensinitiative.de\/?p=178\" \/>\n<meta property=\"og:site_name\" content=\"Offenbacher FriedensInitiative - OFI\" \/>\n<meta property=\"article:published_time\" content=\"2018-10-12T15:16:25+00:00\" \/>\n<meta property=\"article:modified_time\" content=\"2018-12-15T17:24:57+00:00\" \/>\n<meta property=\"og:image\" content=\"https:\/\/offenbacher-friedensinitiative.de\/wp-content\/uploads\/2018\/08\/ABstattAUF_ohneURL_transparenz-e1556707207174.png\" \/>\n\t<meta property=\"og:image:width\" content=\"1000\" \/>\n\t<meta property=\"og:image:height\" content=\"414\" \/>\n\t<meta property=\"og:image:type\" content=\"image\/png\" \/>\n<meta name=\"author\" content=\"OFI_WP\" \/>\n<meta name=\"twitter:card\" content=\"summary_large_image\" \/>\n<meta name=\"twitter:label1\" content=\"Verfasst von\" \/>\n\t<meta name=\"twitter:data1\" content=\"OFI_WP\" \/>\n\t<meta name=\"twitter:label2\" content=\"Gesch\u00e4tzte Lesezeit\" \/>\n\t<meta name=\"twitter:data2\" content=\"1\u00a0Minute\" \/>\n<script type=\"application\/ld+json\" class=\"yoast-schema-graph\">{\"@context\":\"https:\\\/\\\/schema.org\",\"@graph\":[{\"@type\":\"Article\",\"@id\":\"https:\\\/\\\/offenbacher-friedensinitiative.de\\\/?p=178#article\",\"isPartOf\":{\"@id\":\"https:\\\/\\\/offenbacher-friedensinitiative.de\\\/?p=178\"},\"author\":{\"name\":\"OFI_WP\",\"@id\":\"https:\\\/\\\/offenbacher-friedensinitiative.de\\\/#\\\/schema\\\/person\\\/5ec566fcb70420f878023349a111f19f\"},\"headline\":\"Demonstration am Samstag, den 3. November 2018\",\"datePublished\":\"2018-10-12T15:16:25+00:00\",\"dateModified\":\"2018-12-15T17:24:57+00:00\",\"mainEntityOfPage\":{\"@id\":\"https:\\\/\\\/offenbacher-friedensinitiative.de\\\/?p=178\"},\"wordCount\":267,\"publisher\":{\"@id\":\"https:\\\/\\\/offenbacher-friedensinitiative.de\\\/#organization\"},\"image\":{\"@id\":\"https:\\\/\\\/offenbacher-friedensinitiative.de\\\/?p=178#primaryimage\"},\"thumbnailUrl\":\"https:\\\/\\\/offenbacher-friedensinitiative.de\\\/wp-content\\\/uploads\\\/2018\\\/08\\\/ABstattAUF_ohneURL_transparenz-e1556707207174.png\",\"articleSection\":[\"Aktionen\"],\"inLanguage\":\"de\"},{\"@type\":\"WebPage\",\"@id\":\"https:\\\/\\\/offenbacher-friedensinitiative.de\\\/?p=178\",\"url\":\"https:\\\/\\\/offenbacher-friedensinitiative.de\\\/?p=178\",\"name\":\"Demonstration am Samstag, den 3. November 2018 - Offenbacher FriedensInitiative - OFI\",\"isPartOf\":{\"@id\":\"https:\\\/\\\/offenbacher-friedensinitiative.de\\\/#website\"},\"primaryImageOfPage\":{\"@id\":\"https:\\\/\\\/offenbacher-friedensinitiative.de\\\/?p=178#primaryimage\"},\"image\":{\"@id\":\"https:\\\/\\\/offenbacher-friedensinitiative.de\\\/?p=178#primaryimage\"},\"thumbnailUrl\":\"https:\\\/\\\/offenbacher-friedensinitiative.de\\\/wp-content\\\/uploads\\\/2018\\\/08\\\/ABstattAUF_ohneURL_transparenz-e1556707207174.png\",\"datePublished\":\"2018-10-12T15:16:25+00:00\",\"dateModified\":\"2018-12-15T17:24:57+00:00\",\"breadcrumb\":{\"@id\":\"https:\\\/\\\/offenbacher-friedensinitiative.de\\\/?p=178#breadcrumb\"},\"inLanguage\":\"de\",\"potentialAction\":[{\"@type\":\"ReadAction\",\"target\":[\"https:\\\/\\\/offenbacher-friedensinitiative.de\\\/?p=178\"]}]},{\"@type\":\"ImageObject\",\"inLanguage\":\"de\",\"@id\":\"https:\\\/\\\/offenbacher-friedensinitiative.de\\\/?p=178#primaryimage\",\"url\":\"https:\\\/\\\/offenbacher-friedensinitiative.de\\\/wp-content\\\/uploads\\\/2018\\\/08\\\/ABstattAUF_ohneURL_transparenz-e1556707207174.png\",\"contentUrl\":\"https:\\\/\\\/offenbacher-friedensinitiative.de\\\/wp-content\\\/uploads\\\/2018\\\/08\\\/ABstattAUF_ohneURL_transparenz-e1556707207174.png\",\"width\":1000,\"height\":414,\"caption\":\"Demonstration\"},{\"@type\":\"BreadcrumbList\",\"@id\":\"https:\\\/\\\/offenbacher-friedensinitiative.de\\\/?p=178#breadcrumb\",\"itemListElement\":[{\"@type\":\"ListItem\",\"position\":1,\"name\":\"Startseite\",\"item\":\"https:\\\/\\\/offenbacher-friedensinitiative.de\\\/\"},{\"@type\":\"ListItem\",\"position\":2,\"name\":\"Demonstration am Samstag, den 3. November 2018\"}]},{\"@type\":\"WebSite\",\"@id\":\"https:\\\/\\\/offenbacher-friedensinitiative.de\\\/#website\",\"url\":\"https:\\\/\\\/offenbacher-friedensinitiative.de\\\/\",\"name\":\"Offenbacher FriedensInitiative\",\"description\":\"Abr\u00fcsten statt Aufr\u00fcsten |- Kriege beenden | R\u00fcstungsexporte stoppen\",\"publisher\":{\"@id\":\"https:\\\/\\\/offenbacher-friedensinitiative.de\\\/#organization\"},\"potentialAction\":[{\"@type\":\"SearchAction\",\"target\":{\"@type\":\"EntryPoint\",\"urlTemplate\":\"https:\\\/\\\/offenbacher-friedensinitiative.de\\\/?s={search_term_string}\"},\"query-input\":{\"@type\":\"PropertyValueSpecification\",\"valueRequired\":true,\"valueName\":\"search_term_string\"}}],\"inLanguage\":\"de\"},{\"@type\":\"Organization\",\"@id\":\"https:\\\/\\\/offenbacher-friedensinitiative.de\\\/#organization\",\"name\":\"Offenbacher Friedensinitiative\",\"url\":\"https:\\\/\\\/offenbacher-friedensinitiative.de\\\/\",\"logo\":{\"@type\":\"ImageObject\",\"inLanguage\":\"de\",\"@id\":\"https:\\\/\\\/offenbacher-friedensinitiative.de\\\/#\\\/schema\\\/logo\\\/image\\\/\",\"url\":\"https:\\\/\\\/offenbacher-friedensinitiative.de\\\/wp-content\\\/uploads\\\/2019\\\/03\\\/cropped-Transparen-logo.jpg\",\"contentUrl\":\"https:\\\/\\\/offenbacher-friedensinitiative.de\\\/wp-content\\\/uploads\\\/2019\\\/03\\\/cropped-Transparen-logo.jpg\",\"width\":1036,\"height\":227,\"caption\":\"Offenbacher Friedensinitiative\"},\"image\":{\"@id\":\"https:\\\/\\\/offenbacher-friedensinitiative.de\\\/#\\\/schema\\\/logo\\\/image\\\/\"}},{\"@type\":\"Person\",\"@id\":\"https:\\\/\\\/offenbacher-friedensinitiative.de\\\/#\\\/schema\\\/person\\\/5ec566fcb70420f878023349a111f19f\",\"name\":\"OFI_WP\"}]}<\/script>\n<!-- \/ Yoast SEO plugin. -->","yoast_head_json":{"title":"Demonstration am Samstag, den 3. November 2018 - Offenbacher FriedensInitiative - OFI","robots":{"index":"index","follow":"follow","max-snippet":"max-snippet:-1","max-image-preview":"max-image-preview:large","max-video-preview":"max-video-preview:-1"},"canonical":"https:\/\/offenbacher-friedensinitiative.de\/?p=178","og_locale":"de_DE","og_type":"article","og_title":"Demonstration am Samstag, den 3. November 2018 - Offenbacher FriedensInitiative - OFI","og_description":"Demonstration am Samstag, den 3. November 2018 um 11.55 Uhr Frankfurt, Willy-Brandt-Platz Kundgebungen vor den Gesch\u00e4ftsstellen von CDU und SPD Abr\u00fcsten statt aufr\u00fcsten Uns alarmierenWeiterlesen ...","og_url":"https:\/\/offenbacher-friedensinitiative.de\/?p=178","og_site_name":"Offenbacher FriedensInitiative - OFI","article_published_time":"2018-10-12T15:16:25+00:00","article_modified_time":"2018-12-15T17:24:57+00:00","og_image":[{"width":1000,"height":414,"url":"https:\/\/offenbacher-friedensinitiative.de\/wp-content\/uploads\/2018\/08\/ABstattAUF_ohneURL_transparenz-e1556707207174.png","type":"image\/png"}],"author":"OFI_WP","twitter_card":"summary_large_image","twitter_misc":{"Verfasst von":"OFI_WP","Gesch\u00e4tzte Lesezeit":"1\u00a0Minute"},"schema":{"@context":"https:\/\/schema.org","@graph":[{"@type":"Article","@id":"https:\/\/offenbacher-friedensinitiative.de\/?p=178#article","isPartOf":{"@id":"https:\/\/offenbacher-friedensinitiative.de\/?p=178"},"author":{"name":"OFI_WP","@id":"https:\/\/offenbacher-friedensinitiative.de\/#\/schema\/person\/5ec566fcb70420f878023349a111f19f"},"headline":"Demonstration am Samstag, den 3. November 2018","datePublished":"2018-10-12T15:16:25+00:00","dateModified":"2018-12-15T17:24:57+00:00","mainEntityOfPage":{"@id":"https:\/\/offenbacher-friedensinitiative.de\/?p=178"},"wordCount":267,"publisher":{"@id":"https:\/\/offenbacher-friedensinitiative.de\/#organization"},"image":{"@id":"https:\/\/offenbacher-friedensinitiative.de\/?p=178#primaryimage"},"thumbnailUrl":"https:\/\/offenbacher-friedensinitiative.de\/wp-content\/uploads\/2018\/08\/ABstattAUF_ohneURL_transparenz-e1556707207174.png","articleSection":["Aktionen"],"inLanguage":"de"},{"@type":"WebPage","@id":"https:\/\/offenbacher-friedensinitiative.de\/?p=178","url":"https:\/\/offenbacher-friedensinitiative.de\/?p=178","name":"Demonstration am Samstag, den 3. November 2018 - Offenbacher FriedensInitiative - OFI","isPartOf":{"@id":"https:\/\/offenbacher-friedensinitiative.de\/#website"},"primaryImageOfPage":{"@id":"https:\/\/offenbacher-friedensinitiative.de\/?p=178#primaryimage"},"image":{"@id":"https:\/\/offenbacher-friedensinitiative.de\/?p=178#primaryimage"},"thumbnailUrl":"https:\/\/offenbacher-friedensinitiative.de\/wp-content\/uploads\/2018\/08\/ABstattAUF_ohneURL_transparenz-e1556707207174.png","datePublished":"2018-10-12T15:16:25+00:00","dateModified":"2018-12-15T17:24:57+00:00","breadcrumb":{"@id":"https:\/\/offenbacher-friedensinitiative.de\/?p=178#breadcrumb"},"inLanguage":"de","potentialAction":[{"@type":"ReadAction","target":["https:\/\/offenbacher-friedensinitiative.de\/?p=178"]}]},{"@type":"ImageObject","inLanguage":"de","@id":"https:\/\/offenbacher-friedensinitiative.de\/?p=178#primaryimage","url":"https:\/\/offenbacher-friedensinitiative.de\/wp-content\/uploads\/2018\/08\/ABstattAUF_ohneURL_transparenz-e1556707207174.png","contentUrl":"https:\/\/offenbacher-friedensinitiative.de\/wp-content\/uploads\/2018\/08\/ABstattAUF_ohneURL_transparenz-e1556707207174.png","width":1000,"height":414,"caption":"Demonstration"},{"@type":"BreadcrumbList","@id":"https:\/\/offenbacher-friedensinitiative.de\/?p=178#breadcrumb","itemListElement":[{"@type":"ListItem","position":1,"name":"Startseite","item":"https:\/\/offenbacher-friedensinitiative.de\/"},{"@type":"ListItem","position":2,"name":"Demonstration am Samstag, den 3. November 2018"}]},{"@type":"WebSite","@id":"https:\/\/offenbacher-friedensinitiative.de\/#website","url":"https:\/\/offenbacher-friedensinitiative.de\/","name":"Offenbacher FriedensInitiative","description":"Abr\u00fcsten statt Aufr\u00fcsten |- Kriege beenden | R\u00fcstungsexporte stoppen","publisher":{"@id":"https:\/\/offenbacher-friedensinitiative.de\/#organization"},"potentialAction":[{"@type":"SearchAction","target":{"@type":"EntryPoint","urlTemplate":"https:\/\/offenbacher-friedensinitiative.de\/?s={search_term_string}"},"query-input":{"@type":"PropertyValueSpecification","valueRequired":true,"valueName":"search_term_string"}}],"inLanguage":"de"},{"@type":"Organization","@id":"https:\/\/offenbacher-friedensinitiative.de\/#organization","name":"Offenbacher Friedensinitiative","url":"https:\/\/offenbacher-friedensinitiative.de\/","logo":{"@type":"ImageObject","inLanguage":"de","@id":"https:\/\/offenbacher-friedensinitiative.de\/#\/schema\/logo\/image\/","url":"https:\/\/offenbacher-friedensinitiative.de\/wp-content\/uploads\/2019\/03\/cropped-Transparen-logo.jpg","contentUrl":"https:\/\/offenbacher-friedensinitiative.de\/wp-content\/uploads\/2019\/03\/cropped-Transparen-logo.jpg","width":1036,"height":227,"caption":"Offenbacher Friedensinitiative"},"image":{"@id":"https:\/\/offenbacher-friedensinitiative.de\/#\/schema\/logo\/image\/"}},{"@type":"Person","@id":"https:\/\/offenbacher-friedensinitiative.de\/#\/schema\/person\/5ec566fcb70420f878023349a111f19f","name":"OFI_WP"}]}},"_links":{"self":[{"href":"https:\/\/offenbacher-friedensinitiative.de\/index.php?rest_route=\/wp\/v2\/posts\/178","targetHints":{"allow":["GET"]}}],"collection":[{"href":"https:\/\/offenbacher-friedensinitiative.de\/index.php?rest_route=\/wp\/v2\/posts"}],"about":[{"href":"https:\/\/offenbacher-friedensinitiative.de\/index.php?rest_route=\/wp\/v2\/types\/post"}],"author":[{"embeddable":true,"href":"https:\/\/offenbacher-friedensinitiative.de\/index.php?rest_route=\/wp\/v2\/users\/1"}],"replies":[{"embeddable":true,"href":"https:\/\/offenbacher-friedensinitiative.de\/index.php?rest_route=%2Fwp%2Fv2%2Fcomments&post=178"}],"version-history":[{"count":3,"href":"https:\/\/offenbacher-friedensinitiative.de\/index.php?rest_route=\/wp\/v2\/posts\/178\/revisions"}],"predecessor-version":[{"id":222,"href":"https:\/\/offenbacher-friedensinitiative.de\/index.php?rest_route=\/wp\/v2\/posts\/178\/revisions\/222"}],"wp:featuredmedia":[{"embeddable":true,"href":"https:\/\/offenbacher-friedensinitiative.de\/index.php?rest_route=\/wp\/v2\/media\/94"}],"wp:attachment":[{"href":"https:\/\/offenbacher-friedensinitiative.de\/index.php?rest_route=%2Fwp%2Fv2%2Fmedia&parent=178"}],"wp:term":[{"taxonomy":"category","embeddable":true,"href":"https:\/\/offenbacher-friedensinitiative.de\/index.php?rest_route=%2Fwp%2Fv2%2Fcategories&post=178"},{"taxonomy":"post_tag","embeddable":true,"href":"https:\/\/offenbacher-friedensinitiative.de\/index.php?rest_route=%2Fwp%2Fv2%2Ftags&post=178"}],"curies":[{"name":"wp","href":"https:\/\/api.w.org\/{rel}","templated":true}]}}