{"id":182,"date":"2018-10-13T12:23:55","date_gmt":"2018-10-13T10:23:55","guid":{"rendered":"https:\/\/offenbacher-friedensinitiative.de\/?p=182"},"modified":"2018-12-05T17:42:17","modified_gmt":"2018-12-05T16:42:17","slug":"robert-hofmann-ist-tot","status":"publish","type":"post","link":"https:\/\/offenbacher-friedensinitiative.de\/?p=182","title":{"rendered":"Robert Hofmann ist tot"},"content":{"rendered":"<p style=\"text-align: justify;\"><span style=\"font-size: 14pt;\">Die Offenbacher Friedensinitiative trauert um sein Gr\u00fcndungsmitglied Robert Hofmann, der im Alter von 87 Jahren am 5. Oktober 2018 verstarb. Er wurde 1931 in M\u00fchlheim geboren. Fr\u00fch verstarb seine Mutter und der Vater wurde aufgrund seiner Mitgliedschaft in der KPD in die Strafdivision 999 nach Griechenland eingezogen.<\/span><\/p>\n<p style=\"text-align: justify;\"><span style=\"font-size: 14pt;\">Nach seinem Schulabschluss absolvierte er eine Lehre als Elektriker. Er arbeitete bei der Firma Rowenta in Offenbach und wurde dort zum Betriebsrat gew\u00e4hlt. Nebenbei besuchte er die Abendschule und absolvierte seine Meisterpr\u00fcfung. 1968 \u00fcbernahm er die Firma Interpelz in Offenbach Bieber.<\/span><\/p>\n<p style=\"text-align: justify;\"><span style=\"font-size: 14pt;\">Gepr\u00e4gt durch das politische Elternhaus arbeitete er nach Kriegsende in der Freien Deutschen Jugend, der KPD und der Deutschen Friedens-Union. Er war Mitglied der Naturfreunde und der VVN-BdA (Vereinigung der Verfolgten des Naziregimes \u2013 Bund der Antifaschistinnen und Antifaschisten).<\/span><\/p>\n<p style=\"text-align: justify;\"><span style=\"font-size: 14pt;\">Anfang der 50er Jahre heiratete er seine Frau Elfriede, mit der er sich gemeinsam f\u00fcr eine Welt ohne Faschismus und Krieg engagierte.<\/span><\/p>\n<p style=\"text-align: justify;\"><span style=\"font-size: 14pt;\">Bereits in den 50er Jahren beteiligte er sich am Widerstand gegen die Remilitarisierung der BRD und arbeitete in Folge in der Ostermarschbewegung mit. Ende der 70er geh\u00f6rte er zu den Mitbegr\u00fcndern der <strong>Offenbacher Friedensinitiative<\/strong> und unterst\u00fctzte die Offenbacher Friedensliste.<\/span><\/p>\n<p style=\"text-align: justify;\"><span style=\"font-size: 14pt;\">Beeinflusst durch seinen Vater Bastel Hofmann, der in der M\u00fchlheimer Widerstandsbewegung zum Kreis der <em>Philosophen<\/em> geh\u00f6rte, interessierte auch ihn Philosophie, Literatur und Kultur. Daher war es ihm ein Anliegen, den Heinrich-Heine-Club mit aufzubauen.<\/span><\/p>\n<p style=\"text-align: justify;\"><span style=\"font-size: 14pt;\">Wir verlieren in Robert Hofmann einen Freund, der mit vielen von uns seit Jahrzehnten in gemeinsamen linken Engagement verbunden war. Sein politisches Handeln war durch den Satz von Karl Marx aus den Feuerbach-Thesen, <em>Die Philosophen haben die Welt nur unterschiedlich interpretiert, es kommt darauf an sie zu ver\u00e4ndern<\/em>, gepr\u00e4gt.<\/span><\/p>\n<p style=\"text-align: justify;\"><span style=\"font-size: 14pt;\">Wir haben viel von ihm gelernt und sind dankbar f\u00fcr die lange freundschaftliche Zusammenarbeit.<\/span><\/p>\n<p style=\"text-align: justify;\"><span style=\"font-size: 14pt;\">Unser Mitgef\u00fchl gilt Seinen S\u00f6hnen und Enkeln.<\/span><\/p>\n","protected":false},"excerpt":{"rendered":"<p>Die Offenbacher Friedensinitiative trauert um sein Gr\u00fcndungsmitglied Robert Hofmann, der im Alter von 87 Jahren am 5. Oktober 2018 verstarb. Er wurde 1931 in M\u00fchlheim<span class=\"more-link\"><a href=\"https:\/\/offenbacher-friedensinitiative.de\/?p=182\">Weiterlesen &#8230;<\/a><\/span><\/p>\n","protected":false},"author":1,"featured_media":183,"comment_status":"closed","ping_status":"closed","sticky":false,"template":"","format":"standard","meta":{"footnotes":""},"categories":[47],"tags":[],"class_list":["entry","author-ofi_wp","post-182","post","type-post","status-publish","format-standard","has-post-thumbnail","category-information"],"yoast_head":"<!-- This site is optimized with the Yoast SEO plugin v27.5 - https:\/\/yoast.com\/product\/yoast-seo-wordpress\/ -->\n<title>Robert Hofmann ist tot - Offenbacher FriedensInitiative - OFI<\/title>\n<meta name=\"description\" content=\"Die Offenbacher Friedensinitiative trauert um sein Gr\u00fcndungsmitglied Robert Hofmann, der im Alter von 87 Jahren am 5. Oktober 2018 verstarb.\" \/>\n<meta name=\"robots\" content=\"index, follow, max-snippet:-1, max-image-preview:large, max-video-preview:-1\" \/>\n<link rel=\"canonical\" href=\"https:\/\/offenbacher-friedensinitiative.de\/?p=182\" \/>\n<meta property=\"og:locale\" content=\"de_DE\" \/>\n<meta property=\"og:type\" content=\"article\" \/>\n<meta property=\"og:title\" content=\"Robert Hofmann ist tot - Offenbacher FriedensInitiative - OFI\" \/>\n<meta property=\"og:description\" content=\"Die Offenbacher Friedensinitiative trauert um sein Gr\u00fcndungsmitglied Robert Hofmann, der im Alter von 87 Jahren am 5. Oktober 2018 verstarb.\" \/>\n<meta property=\"og:url\" content=\"https:\/\/offenbacher-friedensinitiative.de\/?p=182\" \/>\n<meta property=\"og:site_name\" content=\"Offenbacher FriedensInitiative - OFI\" \/>\n<meta property=\"article:published_time\" content=\"2018-10-13T10:23:55+00:00\" \/>\n<meta property=\"article:modified_time\" content=\"2018-12-05T16:42:17+00:00\" \/>\n<meta property=\"og:image\" content=\"https:\/\/offenbacher-friedensinitiative.de\/wp-content\/uploads\/2018\/10\/Robi-Hofmann.jpg\" \/>\n\t<meta property=\"og:image:width\" content=\"800\" \/>\n\t<meta property=\"og:image:height\" content=\"533\" \/>\n\t<meta property=\"og:image:type\" content=\"image\/jpeg\" \/>\n<meta name=\"author\" content=\"OFI_WP\" \/>\n<meta name=\"twitter:card\" content=\"summary_large_image\" \/>\n<meta name=\"twitter:label1\" content=\"Verfasst von\" \/>\n\t<meta name=\"twitter:data1\" content=\"OFI_WP\" \/>\n\t<meta name=\"twitter:label2\" content=\"Gesch\u00e4tzte Lesezeit\" \/>\n\t<meta name=\"twitter:data2\" content=\"2\u00a0Minuten\" \/>\n<script type=\"application\/ld+json\" class=\"yoast-schema-graph\">{\"@context\":\"https:\\\/\\\/schema.org\",\"@graph\":[{\"@type\":\"Article\",\"@id\":\"https:\\\/\\\/offenbacher-friedensinitiative.de\\\/?p=182#article\",\"isPartOf\":{\"@id\":\"https:\\\/\\\/offenbacher-friedensinitiative.de\\\/?p=182\"},\"author\":{\"name\":\"OFI_WP\",\"@id\":\"https:\\\/\\\/offenbacher-friedensinitiative.de\\\/#\\\/schema\\\/person\\\/5ec566fcb70420f878023349a111f19f\"},\"headline\":\"Robert Hofmann ist tot\",\"datePublished\":\"2018-10-13T10:23:55+00:00\",\"dateModified\":\"2018-12-05T16:42:17+00:00\",\"mainEntityOfPage\":{\"@id\":\"https:\\\/\\\/offenbacher-friedensinitiative.de\\\/?p=182\"},\"wordCount\":305,\"publisher\":{\"@id\":\"https:\\\/\\\/offenbacher-friedensinitiative.de\\\/#organization\"},\"image\":{\"@id\":\"https:\\\/\\\/offenbacher-friedensinitiative.de\\\/?p=182#primaryimage\"},\"thumbnailUrl\":\"https:\\\/\\\/offenbacher-friedensinitiative.de\\\/wp-content\\\/uploads\\\/2018\\\/10\\\/Robi-Hofmann.jpg\",\"articleSection\":[\"Information\"],\"inLanguage\":\"de\"},{\"@type\":\"WebPage\",\"@id\":\"https:\\\/\\\/offenbacher-friedensinitiative.de\\\/?p=182\",\"url\":\"https:\\\/\\\/offenbacher-friedensinitiative.de\\\/?p=182\",\"name\":\"Robert Hofmann ist tot - Offenbacher FriedensInitiative - OFI\",\"isPartOf\":{\"@id\":\"https:\\\/\\\/offenbacher-friedensinitiative.de\\\/#website\"},\"primaryImageOfPage\":{\"@id\":\"https:\\\/\\\/offenbacher-friedensinitiative.de\\\/?p=182#primaryimage\"},\"image\":{\"@id\":\"https:\\\/\\\/offenbacher-friedensinitiative.de\\\/?p=182#primaryimage\"},\"thumbnailUrl\":\"https:\\\/\\\/offenbacher-friedensinitiative.de\\\/wp-content\\\/uploads\\\/2018\\\/10\\\/Robi-Hofmann.jpg\",\"datePublished\":\"2018-10-13T10:23:55+00:00\",\"dateModified\":\"2018-12-05T16:42:17+00:00\",\"description\":\"Die Offenbacher Friedensinitiative trauert um sein Gr\u00fcndungsmitglied Robert Hofmann, der im Alter von 87 Jahren am 5. Oktober 2018 verstarb.\",\"breadcrumb\":{\"@id\":\"https:\\\/\\\/offenbacher-friedensinitiative.de\\\/?p=182#breadcrumb\"},\"inLanguage\":\"de\",\"potentialAction\":[{\"@type\":\"ReadAction\",\"target\":[\"https:\\\/\\\/offenbacher-friedensinitiative.de\\\/?p=182\"]}]},{\"@type\":\"ImageObject\",\"inLanguage\":\"de\",\"@id\":\"https:\\\/\\\/offenbacher-friedensinitiative.de\\\/?p=182#primaryimage\",\"url\":\"https:\\\/\\\/offenbacher-friedensinitiative.de\\\/wp-content\\\/uploads\\\/2018\\\/10\\\/Robi-Hofmann.jpg\",\"contentUrl\":\"https:\\\/\\\/offenbacher-friedensinitiative.de\\\/wp-content\\\/uploads\\\/2018\\\/10\\\/Robi-Hofmann.jpg\",\"width\":800,\"height\":533,\"caption\":\"Robert Hofmann\"},{\"@type\":\"BreadcrumbList\",\"@id\":\"https:\\\/\\\/offenbacher-friedensinitiative.de\\\/?p=182#breadcrumb\",\"itemListElement\":[{\"@type\":\"ListItem\",\"position\":1,\"name\":\"Startseite\",\"item\":\"https:\\\/\\\/offenbacher-friedensinitiative.de\\\/\"},{\"@type\":\"ListItem\",\"position\":2,\"name\":\"Robert Hofmann ist tot\"}]},{\"@type\":\"WebSite\",\"@id\":\"https:\\\/\\\/offenbacher-friedensinitiative.de\\\/#website\",\"url\":\"https:\\\/\\\/offenbacher-friedensinitiative.de\\\/\",\"name\":\"Offenbacher FriedensInitiative\",\"description\":\"Abr\u00fcsten statt Aufr\u00fcsten |- Kriege beenden | R\u00fcstungsexporte stoppen\",\"publisher\":{\"@id\":\"https:\\\/\\\/offenbacher-friedensinitiative.de\\\/#organization\"},\"potentialAction\":[{\"@type\":\"SearchAction\",\"target\":{\"@type\":\"EntryPoint\",\"urlTemplate\":\"https:\\\/\\\/offenbacher-friedensinitiative.de\\\/?s={search_term_string}\"},\"query-input\":{\"@type\":\"PropertyValueSpecification\",\"valueRequired\":true,\"valueName\":\"search_term_string\"}}],\"inLanguage\":\"de\"},{\"@type\":\"Organization\",\"@id\":\"https:\\\/\\\/offenbacher-friedensinitiative.de\\\/#organization\",\"name\":\"Offenbacher Friedensinitiative\",\"url\":\"https:\\\/\\\/offenbacher-friedensinitiative.de\\\/\",\"logo\":{\"@type\":\"ImageObject\",\"inLanguage\":\"de\",\"@id\":\"https:\\\/\\\/offenbacher-friedensinitiative.de\\\/#\\\/schema\\\/logo\\\/image\\\/\",\"url\":\"https:\\\/\\\/offenbacher-friedensinitiative.de\\\/wp-content\\\/uploads\\\/2019\\\/03\\\/cropped-Transparen-logo.jpg\",\"contentUrl\":\"https:\\\/\\\/offenbacher-friedensinitiative.de\\\/wp-content\\\/uploads\\\/2019\\\/03\\\/cropped-Transparen-logo.jpg\",\"width\":1036,\"height\":227,\"caption\":\"Offenbacher Friedensinitiative\"},\"image\":{\"@id\":\"https:\\\/\\\/offenbacher-friedensinitiative.de\\\/#\\\/schema\\\/logo\\\/image\\\/\"}},{\"@type\":\"Person\",\"@id\":\"https:\\\/\\\/offenbacher-friedensinitiative.de\\\/#\\\/schema\\\/person\\\/5ec566fcb70420f878023349a111f19f\",\"name\":\"OFI_WP\"}]}<\/script>\n<!-- \/ Yoast SEO plugin. -->","yoast_head_json":{"title":"Robert Hofmann ist tot - Offenbacher FriedensInitiative - OFI","description":"Die Offenbacher Friedensinitiative trauert um sein Gr\u00fcndungsmitglied Robert Hofmann, der im Alter von 87 Jahren am 5. Oktober 2018 verstarb.","robots":{"index":"index","follow":"follow","max-snippet":"max-snippet:-1","max-image-preview":"max-image-preview:large","max-video-preview":"max-video-preview:-1"},"canonical":"https:\/\/offenbacher-friedensinitiative.de\/?p=182","og_locale":"de_DE","og_type":"article","og_title":"Robert Hofmann ist tot - Offenbacher FriedensInitiative - OFI","og_description":"Die Offenbacher Friedensinitiative trauert um sein Gr\u00fcndungsmitglied Robert Hofmann, der im Alter von 87 Jahren am 5. Oktober 2018 verstarb.","og_url":"https:\/\/offenbacher-friedensinitiative.de\/?p=182","og_site_name":"Offenbacher FriedensInitiative - OFI","article_published_time":"2018-10-13T10:23:55+00:00","article_modified_time":"2018-12-05T16:42:17+00:00","og_image":[{"width":800,"height":533,"url":"https:\/\/offenbacher-friedensinitiative.de\/wp-content\/uploads\/2018\/10\/Robi-Hofmann.jpg","type":"image\/jpeg"}],"author":"OFI_WP","twitter_card":"summary_large_image","twitter_misc":{"Verfasst von":"OFI_WP","Gesch\u00e4tzte Lesezeit":"2\u00a0Minuten"},"schema":{"@context":"https:\/\/schema.org","@graph":[{"@type":"Article","@id":"https:\/\/offenbacher-friedensinitiative.de\/?p=182#article","isPartOf":{"@id":"https:\/\/offenbacher-friedensinitiative.de\/?p=182"},"author":{"name":"OFI_WP","@id":"https:\/\/offenbacher-friedensinitiative.de\/#\/schema\/person\/5ec566fcb70420f878023349a111f19f"},"headline":"Robert Hofmann ist tot","datePublished":"2018-10-13T10:23:55+00:00","dateModified":"2018-12-05T16:42:17+00:00","mainEntityOfPage":{"@id":"https:\/\/offenbacher-friedensinitiative.de\/?p=182"},"wordCount":305,"publisher":{"@id":"https:\/\/offenbacher-friedensinitiative.de\/#organization"},"image":{"@id":"https:\/\/offenbacher-friedensinitiative.de\/?p=182#primaryimage"},"thumbnailUrl":"https:\/\/offenbacher-friedensinitiative.de\/wp-content\/uploads\/2018\/10\/Robi-Hofmann.jpg","articleSection":["Information"],"inLanguage":"de"},{"@type":"WebPage","@id":"https:\/\/offenbacher-friedensinitiative.de\/?p=182","url":"https:\/\/offenbacher-friedensinitiative.de\/?p=182","name":"Robert Hofmann ist tot - Offenbacher FriedensInitiative - OFI","isPartOf":{"@id":"https:\/\/offenbacher-friedensinitiative.de\/#website"},"primaryImageOfPage":{"@id":"https:\/\/offenbacher-friedensinitiative.de\/?p=182#primaryimage"},"image":{"@id":"https:\/\/offenbacher-friedensinitiative.de\/?p=182#primaryimage"},"thumbnailUrl":"https:\/\/offenbacher-friedensinitiative.de\/wp-content\/uploads\/2018\/10\/Robi-Hofmann.jpg","datePublished":"2018-10-13T10:23:55+00:00","dateModified":"2018-12-05T16:42:17+00:00","description":"Die Offenbacher Friedensinitiative trauert um sein Gr\u00fcndungsmitglied Robert Hofmann, der im Alter von 87 Jahren am 5. Oktober 2018 verstarb.","breadcrumb":{"@id":"https:\/\/offenbacher-friedensinitiative.de\/?p=182#breadcrumb"},"inLanguage":"de","potentialAction":[{"@type":"ReadAction","target":["https:\/\/offenbacher-friedensinitiative.de\/?p=182"]}]},{"@type":"ImageObject","inLanguage":"de","@id":"https:\/\/offenbacher-friedensinitiative.de\/?p=182#primaryimage","url":"https:\/\/offenbacher-friedensinitiative.de\/wp-content\/uploads\/2018\/10\/Robi-Hofmann.jpg","contentUrl":"https:\/\/offenbacher-friedensinitiative.de\/wp-content\/uploads\/2018\/10\/Robi-Hofmann.jpg","width":800,"height":533,"caption":"Robert Hofmann"},{"@type":"BreadcrumbList","@id":"https:\/\/offenbacher-friedensinitiative.de\/?p=182#breadcrumb","itemListElement":[{"@type":"ListItem","position":1,"name":"Startseite","item":"https:\/\/offenbacher-friedensinitiative.de\/"},{"@type":"ListItem","position":2,"name":"Robert Hofmann ist tot"}]},{"@type":"WebSite","@id":"https:\/\/offenbacher-friedensinitiative.de\/#website","url":"https:\/\/offenbacher-friedensinitiative.de\/","name":"Offenbacher FriedensInitiative","description":"Abr\u00fcsten statt Aufr\u00fcsten |- Kriege beenden | R\u00fcstungsexporte stoppen","publisher":{"@id":"https:\/\/offenbacher-friedensinitiative.de\/#organization"},"potentialAction":[{"@type":"SearchAction","target":{"@type":"EntryPoint","urlTemplate":"https:\/\/offenbacher-friedensinitiative.de\/?s={search_term_string}"},"query-input":{"@type":"PropertyValueSpecification","valueRequired":true,"valueName":"search_term_string"}}],"inLanguage":"de"},{"@type":"Organization","@id":"https:\/\/offenbacher-friedensinitiative.de\/#organization","name":"Offenbacher Friedensinitiative","url":"https:\/\/offenbacher-friedensinitiative.de\/","logo":{"@type":"ImageObject","inLanguage":"de","@id":"https:\/\/offenbacher-friedensinitiative.de\/#\/schema\/logo\/image\/","url":"https:\/\/offenbacher-friedensinitiative.de\/wp-content\/uploads\/2019\/03\/cropped-Transparen-logo.jpg","contentUrl":"https:\/\/offenbacher-friedensinitiative.de\/wp-content\/uploads\/2019\/03\/cropped-Transparen-logo.jpg","width":1036,"height":227,"caption":"Offenbacher Friedensinitiative"},"image":{"@id":"https:\/\/offenbacher-friedensinitiative.de\/#\/schema\/logo\/image\/"}},{"@type":"Person","@id":"https:\/\/offenbacher-friedensinitiative.de\/#\/schema\/person\/5ec566fcb70420f878023349a111f19f","name":"OFI_WP"}]}},"_links":{"self":[{"href":"https:\/\/offenbacher-friedensinitiative.de\/index.php?rest_route=\/wp\/v2\/posts\/182","targetHints":{"allow":["GET"]}}],"collection":[{"href":"https:\/\/offenbacher-friedensinitiative.de\/index.php?rest_route=\/wp\/v2\/posts"}],"about":[{"href":"https:\/\/offenbacher-friedensinitiative.de\/index.php?rest_route=\/wp\/v2\/types\/post"}],"author":[{"embeddable":true,"href":"https:\/\/offenbacher-friedensinitiative.de\/index.php?rest_route=\/wp\/v2\/users\/1"}],"replies":[{"embeddable":true,"href":"https:\/\/offenbacher-friedensinitiative.de\/index.php?rest_route=%2Fwp%2Fv2%2Fcomments&post=182"}],"version-history":[{"count":2,"href":"https:\/\/offenbacher-friedensinitiative.de\/index.php?rest_route=\/wp\/v2\/posts\/182\/revisions"}],"predecessor-version":[{"id":185,"href":"https:\/\/offenbacher-friedensinitiative.de\/index.php?rest_route=\/wp\/v2\/posts\/182\/revisions\/185"}],"wp:featuredmedia":[{"embeddable":true,"href":"https:\/\/offenbacher-friedensinitiative.de\/index.php?rest_route=\/wp\/v2\/media\/183"}],"wp:attachment":[{"href":"https:\/\/offenbacher-friedensinitiative.de\/index.php?rest_route=%2Fwp%2Fv2%2Fmedia&parent=182"}],"wp:term":[{"taxonomy":"category","embeddable":true,"href":"https:\/\/offenbacher-friedensinitiative.de\/index.php?rest_route=%2Fwp%2Fv2%2Fcategories&post=182"},{"taxonomy":"post_tag","embeddable":true,"href":"https:\/\/offenbacher-friedensinitiative.de\/index.php?rest_route=%2Fwp%2Fv2%2Ftags&post=182"}],"curies":[{"name":"wp","href":"https:\/\/api.w.org\/{rel}","templated":true}]}}