{"id":228,"date":"2018-12-17T15:01:26","date_gmt":"2018-12-17T14:01:26","guid":{"rendered":"https:\/\/offenbacher-friedensinitiative.de\/?p=228"},"modified":"2020-02-24T16:59:09","modified_gmt":"2020-02-24T15:59:09","slug":"friedensengel-unterstuetzt","status":"publish","type":"post","link":"https:\/\/offenbacher-friedensinitiative.de\/?p=228","title":{"rendered":"Friedensengel wurde unterst\u00fctzt"},"content":{"rendered":"<div id=\"pl-228\"  class=\"panel-layout\" ><div id=\"pg-228-0\"  class=\"panel-grid panel-no-style\" ><div id=\"pgc-228-0-0\"  class=\"panel-grid-cell\" ><div id=\"panel-228-0-0-0\" class=\"so-panel widget widget_sow-editor panel-first-child panel-last-child\" data-index=\"0\" ><div\n\t\t\t\n\t\t\tclass=\"so-widget-sow-editor so-widget-sow-editor-base\"\n\t\t\t\n\t\t>\n<div class=\"siteorigin-widget-tinymce textwidget\">\n\t<p><!-- wp:paragraph --><\/p>\n<p><span style=\"font-size: 14pt;\">Der Friedensengel ist sehr gerupft, betrachtet man die Weltlage. Diese Ansicht best\u00e4tigten uns viele Passanten bei unserem Infostand am 15 Dez. 2018 in der Offenbacher Innenstadt. Unsere Engeldarstellerin war entsprechend ausgestattet (siehe Fotos) und wir sprachen mit unseren <em>englischen<\/em> Flugbl\u00e4ttern viele Passanten an. Manch einen hat unser Motto am\u00fcsiert, vielen haben die Pl\u00e4tzchen geschmeckt und uns hat es Spa\u00df gemacht, trotz K\u00e4lte. Zum Erfolg trug sehr bei, dass Conni Zeul wieder zur Gitarre gesungen hat, diesmal auch das neue Lied von <strong>Udo Lindenberg<\/strong> <em>Kommt wir ziehen in den Frieden<\/em>. Dabei wurde sie nicht nur von anderen OFI-Mitgliedern unterst\u00fctzt. Es gab auch einen Passanten, der spontan mitsang. Fein!<\/span><\/p>\n<p><a href=\"https:\/\/www.roessmann.name\/offenbacher-friedensinitiative-2018\/\"> <div id=\"wppa-container-wrapper-1\" class=\"aligncenter wppa-container-wrapper \" style=\"width:350px;display:block;margin-left:auto;margin-right:auto;padding:0;position:relative;\"><div id=\"wppa-container-1\" style=\"width:100%;\" class=\"wppa-container aligncenter wp-caption\"><div style=\"font-size:0;line-height:0\"><img loading=\"lazy\" decoding=\"async\" id=\"ph-15-1\" title=\"Friedensengel aktiv fuer Abruestung\" style=\"width:100%;margin:0;height:auto;padding:0;border:none;\" width=\"667\" height=\"1000\" src=\"https:\/\/offenbacher-friedensinitiative.de\/wp-content\/uploads\/wppa\/15.jpg?ver=19\" alt=\"Friedensengel aktiv fuer Abruestung\" class=\"size-medium wppa-sphoto\"><\/div><div class=\"wp-caption-text\"><\/div><svg id=\"wppa-ajax-spin-1\" class=\"wppa-ajax-spin uil-default\" width=\"120px\" height=\"120px\" viewBox=\"0 0 135 135\" preserveAspectRatio=\"xMidYMid\" stroke=\"\" style=\"width:120px; height:120px; position:fixed; top:50%; margin-top:-60px; left:50%; margin-left:-60px; opacity:1; display:none; fill:#666666; background-color:transparent; border-radius:24px;\"><path d=\"M67.447 58c5.523 0 10-4.477 10-10s-4.477-10-10-10-10 4.477-10 10 4.477 10 10 10zm9.448 9.447c0 5.523 4.477 10 10 10 5.522 0 10-4.477 10-10s-4.478-10-10-10c-5.523 0-10 4.477-10 10zm-9.448 9.448c-5.523 0-10 4.477-10 10 0 5.522 4.477 10 10 10s10-4.478 10-10c0-5.523-4.477-10-10-10zM58 67.447c0-5.523-4.477-10-10-10s-10 4.477-10 10 4.477 10 10 10 10-4.477 10-10z\"><animateTransform attributeName=\"transform\" type=\"rotate\" from=\"0 67 67\" to=\"-360 67 67\" dur=\"2.5s\" repeatCount=\"indefinite\" ><\/path><path d=\"M28.19 40.31c6.627 0 12-5.374 12-12 0-6.628-5.373-12-12-12-6.628 0-12 5.372-12 12 0 6.626 5.372 12 12 12zm30.72-19.825c4.686 4.687 12.284 4.687 16.97 0 4.686-4.686 4.686-12.284 0-16.97-4.686-4.687-12.284-4.687-16.97 0-4.687 4.686-4.687 12.284 0 16.97zm35.74 7.705c0 6.627 5.37 12 12 12 6.626 0 12-5.373 12-12 0-6.628-5.374-12-12-12-6.63 0-12 5.372-12 12zm19.822 30.72c-4.686 4.686-4.686 12.284 0 16.97 4.687 4.686 12.285 4.686 16.97 0 4.687-4.686 4.687-12.284 0-16.97-4.685-4.687-12.283-4.687-16.97 0zm-7.704 35.74c-6.627 0-12 5.37-12 12 0 6.626 5.373 12 12 12s12-5.374 12-12c0-6.63-5.373-12-12-12zm-30.72 19.822c-4.686-4.686-12.284-4.686-16.97 0-4.686 4.687-4.686 12.285 0 16.97 4.686 4.687 12.284 4.687 16.97 0 4.687-4.685 4.687-12.283 0-16.97zm-35.74-7.704c0-6.627-5.372-12-12-12-6.626 0-12 5.373-12 12s5.374 12 12 12c6.628 0 12-5.373 12-12zm-19.823-30.72c4.687-4.686 4.687-12.284 0-16.97-4.686-4.686-12.284-4.686-16.97 0-4.687 4.686-4.687 12.284 0 16.97 4.686 4.687 12.284 4.687 16.97 0z\"><animateTransform attributeName=\"transform\" type=\"rotate\" from=\"0 67 67\" to=\"360 67 67\" dur=\"8s\" repeatCount=\"indefinite\" ><\/path><\/svg><\/div><\/div>\n<!-- End [wppa type=\"photo\" photo=\"15\" size=\"350\" align=\"center\"] \/index.php?rest_route=%2Fwp%2Fv2%2Fposts%2F228 oc 1 29 queries in 13.6 ms. at 11:01. Max mem: 78.00 Mb. --><\/a><\/p>\n<p><span style=\"font-size: 14pt;\">Zu unserem Erstaunen kamen wieder <strong>64 Unterschriften <\/strong>unter den Aufruf <strong>Abr\u00fcsten statt Aufr\u00fcsten<\/strong> zusammen, wie gesagt trotz K\u00e4lte und vorweihnachtlichem Stress. Wir freuen uns sehr und f\u00fchlen uns best\u00e4tigt. Die Mehrheit in diesem Land will keine Hochr\u00fcstung, sie hat nur keine Stimme. Die Medien berichten zu wenig \u00fcber das Thema und die politisch Verantwortlichen stellen sich taub.<\/span><\/p>\n<p><!-- \/wp:paragraph --><\/p>\n<p><!-- wp:paragraph --><\/p>\n<p><span style=\"font-size: 14pt;\">Wir, die Aktiven der OFI, sind keine himmlischen Wesen und brauchen noch viel mehr Unterst\u00fctzung durch andere Menschen, damit wir unser Ziel erreichen.<\/span><\/p>\n<p><!-- \/wp:paragraph --><\/p>\n<p><!-- wp:image {\"id\":232,\"align\":\"center\"} --><\/p>\n<\/div>\n<\/div><\/div><\/div><\/div><div id=\"pg-228-1\"  class=\"panel-grid panel-no-style\" ><div id=\"pgc-228-1-0\"  class=\"panel-grid-cell\" ><div id=\"panel-228-1-0-0\" class=\"so-panel widget widget_sow-editor panel-first-child panel-last-child\" data-index=\"1\" ><div\n\t\t\t\n\t\t\tclass=\"so-widget-sow-editor so-widget-sow-editor-base\"\n\t\t\t\n\t\t>\n<div class=\"siteorigin-widget-tinymce textwidget\">\n\t<p><a href=\"https:\/\/www.roessmann.name\/offenbacher-friedensinitiative-2018\/\"> <div id=\"wppa-container-wrapper-2\" class=\"aligncenter wppa-container-wrapper \" style=\"width:350px;display:block;margin-left:auto;margin-right:auto;padding:0;position:relative;\"><div id=\"wppa-container-2\" style=\"width:100%;\" class=\"wppa-container aligncenter wp-caption\"><div style=\"font-size:0;line-height:0\"><img loading=\"lazy\" decoding=\"async\" id=\"ph-16-2\" title=\"Infostand mit Friedensliedern\" style=\"width:100%;margin:0;height:auto;padding:0;border:none;\" width=\"1000\" height=\"667\" src=\"https:\/\/offenbacher-friedensinitiative.de\/wp-content\/uploads\/wppa\/thumbs\/16.jpg?ver=16\" alt=\"Infostand mit Friedensliedern\" class=\"size-medium wppa-sphoto\"><\/div><div class=\"wp-caption-text\"><\/div><svg id=\"wppa-ajax-spin-2\" class=\"wppa-ajax-spin uil-default\" width=\"120px\" height=\"120px\" viewBox=\"0 0 135 135\" preserveAspectRatio=\"xMidYMid\" stroke=\"\" style=\"width:120px; height:120px; position:fixed; top:50%; margin-top:-60px; left:50%; margin-left:-60px; opacity:1; display:none; fill:#666666; background-color:transparent; border-radius:24px;\"><path d=\"M67.447 58c5.523 0 10-4.477 10-10s-4.477-10-10-10-10 4.477-10 10 4.477 10 10 10zm9.448 9.447c0 5.523 4.477 10 10 10 5.522 0 10-4.477 10-10s-4.478-10-10-10c-5.523 0-10 4.477-10 10zm-9.448 9.448c-5.523 0-10 4.477-10 10 0 5.522 4.477 10 10 10s10-4.478 10-10c0-5.523-4.477-10-10-10zM58 67.447c0-5.523-4.477-10-10-10s-10 4.477-10 10 4.477 10 10 10 10-4.477 10-10z\"><animateTransform attributeName=\"transform\" type=\"rotate\" from=\"0 67 67\" to=\"-360 67 67\" dur=\"2.5s\" repeatCount=\"indefinite\" ><\/path><path d=\"M28.19 40.31c6.627 0 12-5.374 12-12 0-6.628-5.373-12-12-12-6.628 0-12 5.372-12 12 0 6.626 5.372 12 12 12zm30.72-19.825c4.686 4.687 12.284 4.687 16.97 0 4.686-4.686 4.686-12.284 0-16.97-4.686-4.687-12.284-4.687-16.97 0-4.687 4.686-4.687 12.284 0 16.97zm35.74 7.705c0 6.627 5.37 12 12 12 6.626 0 12-5.373 12-12 0-6.628-5.374-12-12-12-6.63 0-12 5.372-12 12zm19.822 30.72c-4.686 4.686-4.686 12.284 0 16.97 4.687 4.686 12.285 4.686 16.97 0 4.687-4.686 4.687-12.284 0-16.97-4.685-4.687-12.283-4.687-16.97 0zm-7.704 35.74c-6.627 0-12 5.37-12 12 0 6.626 5.373 12 12 12s12-5.374 12-12c0-6.63-5.373-12-12-12zm-30.72 19.822c-4.686-4.686-12.284-4.686-16.97 0-4.686 4.687-4.686 12.285 0 16.97 4.686 4.687 12.284 4.687 16.97 0 4.687-4.685 4.687-12.283 0-16.97zm-35.74-7.704c0-6.627-5.372-12-12-12-6.626 0-12 5.373-12 12s5.374 12 12 12c6.628 0 12-5.373 12-12zm-19.823-30.72c4.687-4.686 4.687-12.284 0-16.97-4.686-4.686-12.284-4.686-16.97 0-4.687 4.686-4.687 12.284 0 16.97 4.686 4.687 12.284 4.687 16.97 0z\"><animateTransform attributeName=\"transform\" type=\"rotate\" from=\"0 67 67\" to=\"360 67 67\" dur=\"8s\" repeatCount=\"indefinite\" ><\/path><\/svg><\/div><\/div>\n<!-- End [wppa type=\"photo\" photo=\"16\" size=\"350\" align=\"center\"] \/index.php?rest_route=%2Fwp%2Fv2%2Fposts%2F228 oc 2 17 queries in 6.0 ms. at 11:01. Max mem: 78.00 Mb. --><\/a><\/p>\n<pre style=\"text-align: center;\">Mausklick auf Foto f\u00fchrt zu (ext.) Album mit weitern Bildern\nCopyright Fotos: <a href=\"https:\/\/www.manfredroessmann.de\" target=\"_blank\" rel=\"noopener\">www.roessmann.name<\/a>\n<\/pre>\n<\/div>\n<\/div><\/div><\/div><\/div><\/div>","protected":false},"excerpt":{"rendered":"<p>Der Friedensengel ist sehr gerupft, betrachtet man die Weltlage. Diese Ansicht best\u00e4tigten uns viele Passanten bei unserem Infostand am 15 Dez. 2018 in der Offenbacher<span class=\"more-link\"><a href=\"https:\/\/offenbacher-friedensinitiative.de\/?p=228\">Weiterlesen &#8230;<\/a><\/span><\/p>\n","protected":false},"author":1,"featured_media":230,"comment_status":"closed","ping_status":"closed","sticky":false,"template":"","format":"standard","meta":{"footnotes":""},"categories":[5],"tags":[38,7,43,35,36,39,33,42,37,34],"class_list":["entry","author-ofi_wp","post-228","post","type-post","status-publish","format-standard","has-post-thumbnail","category-aktionen","tag-abruesten-statt-aufruesten","tag-abruestung","tag-engelsfluegel","tag-frieden-auf-erden","tag-info-stand","tag-offenbach-am-main","tag-offenbacher-friedensinitiative","tag-stadtschuelerrat","tag-unterschriften","tag-weihnachtsbotschaft"],"yoast_head":"<!-- This site is optimized with the Yoast SEO plugin v27.5 - https:\/\/yoast.com\/product\/yoast-seo-wordpress\/ -->\n<title>Friedensengel wurde unterst\u00fctzt - Offenbacher FriedensInitiative - OFI<\/title>\n<meta name=\"description\" content=\"Der Friedensengel ist sehr gerupft, betrachtet man die Weltlage. Diese Ansicht best\u00e4tigten uns viele Passanten bei unserem Infostand.\" \/>\n<meta name=\"robots\" content=\"index, follow, max-snippet:-1, max-image-preview:large, max-video-preview:-1\" \/>\n<link rel=\"canonical\" href=\"https:\/\/offenbacher-friedensinitiative.de\/?p=228\" \/>\n<meta property=\"og:locale\" content=\"de_DE\" \/>\n<meta property=\"og:type\" content=\"article\" \/>\n<meta property=\"og:title\" content=\"Friedensengel wurde unterst\u00fctzt - Offenbacher FriedensInitiative - OFI\" \/>\n<meta property=\"og:description\" content=\"Der Friedensengel ist sehr gerupft, betrachtet man die Weltlage. Diese Ansicht best\u00e4tigten uns viele Passanten bei unserem Infostand.\" \/>\n<meta property=\"og:url\" content=\"https:\/\/offenbacher-friedensinitiative.de\/?p=228\" \/>\n<meta property=\"og:site_name\" content=\"Offenbacher FriedensInitiative - OFI\" \/>\n<meta property=\"article:published_time\" content=\"2018-12-17T14:01:26+00:00\" \/>\n<meta property=\"article:modified_time\" content=\"2020-02-24T15:59:09+00:00\" \/>\n<meta property=\"og:image\" content=\"https:\/\/offenbacher-friedensinitiative.de\/wp-content\/uploads\/2018\/12\/05.2064.jpg\" \/>\n\t<meta property=\"og:image:width\" content=\"1000\" \/>\n\t<meta property=\"og:image:height\" content=\"667\" \/>\n\t<meta property=\"og:image:type\" content=\"image\/jpeg\" \/>\n<meta name=\"author\" content=\"OFI_WP\" \/>\n<meta name=\"twitter:card\" content=\"summary_large_image\" \/>\n<meta name=\"twitter:label1\" content=\"Verfasst von\" \/>\n\t<meta name=\"twitter:data1\" content=\"OFI_WP\" \/>\n\t<meta name=\"twitter:label2\" content=\"Gesch\u00e4tzte Lesezeit\" \/>\n\t<meta name=\"twitter:data2\" content=\"1\u00a0Minute\" \/>\n<script type=\"application\/ld+json\" class=\"yoast-schema-graph\">{\"@context\":\"https:\\\/\\\/schema.org\",\"@graph\":[{\"@type\":\"Article\",\"@id\":\"https:\\\/\\\/offenbacher-friedensinitiative.de\\\/?p=228#article\",\"isPartOf\":{\"@id\":\"https:\\\/\\\/offenbacher-friedensinitiative.de\\\/?p=228\"},\"author\":{\"name\":\"OFI_WP\",\"@id\":\"https:\\\/\\\/offenbacher-friedensinitiative.de\\\/#\\\/schema\\\/person\\\/5ec566fcb70420f878023349a111f19f\"},\"headline\":\"Friedensengel wurde unterst\u00fctzt\",\"datePublished\":\"2018-12-17T14:01:26+00:00\",\"dateModified\":\"2020-02-24T15:59:09+00:00\",\"mainEntityOfPage\":{\"@id\":\"https:\\\/\\\/offenbacher-friedensinitiative.de\\\/?p=228\"},\"wordCount\":217,\"publisher\":{\"@id\":\"https:\\\/\\\/offenbacher-friedensinitiative.de\\\/#organization\"},\"image\":{\"@id\":\"https:\\\/\\\/offenbacher-friedensinitiative.de\\\/?p=228#primaryimage\"},\"thumbnailUrl\":\"https:\\\/\\\/offenbacher-friedensinitiative.de\\\/wp-content\\\/uploads\\\/2018\\\/12\\\/05.2064.jpg\",\"keywords\":[\"Abr\u00fcsten statt Aufr\u00fcsten\",\"Abr\u00fcstung\",\"Engelsfl\u00fcgel\",\"Frieden auf Erden\",\"Info-Stand\",\"Offenbach am Main\",\"Offenbacher Friedensinitiative\",\"Stadtsch\u00fclerrat\",\"Unterschriften\",\"Weihnachtsbotschaft\"],\"articleSection\":[\"Aktionen\"],\"inLanguage\":\"de\"},{\"@type\":\"WebPage\",\"@id\":\"https:\\\/\\\/offenbacher-friedensinitiative.de\\\/?p=228\",\"url\":\"https:\\\/\\\/offenbacher-friedensinitiative.de\\\/?p=228\",\"name\":\"Friedensengel wurde unterst\u00fctzt - Offenbacher FriedensInitiative - OFI\",\"isPartOf\":{\"@id\":\"https:\\\/\\\/offenbacher-friedensinitiative.de\\\/#website\"},\"primaryImageOfPage\":{\"@id\":\"https:\\\/\\\/offenbacher-friedensinitiative.de\\\/?p=228#primaryimage\"},\"image\":{\"@id\":\"https:\\\/\\\/offenbacher-friedensinitiative.de\\\/?p=228#primaryimage\"},\"thumbnailUrl\":\"https:\\\/\\\/offenbacher-friedensinitiative.de\\\/wp-content\\\/uploads\\\/2018\\\/12\\\/05.2064.jpg\",\"datePublished\":\"2018-12-17T14:01:26+00:00\",\"dateModified\":\"2020-02-24T15:59:09+00:00\",\"description\":\"Der Friedensengel ist sehr gerupft, betrachtet man die Weltlage. Diese Ansicht best\u00e4tigten uns viele Passanten bei unserem Infostand.\",\"breadcrumb\":{\"@id\":\"https:\\\/\\\/offenbacher-friedensinitiative.de\\\/?p=228#breadcrumb\"},\"inLanguage\":\"de\",\"potentialAction\":[{\"@type\":\"ReadAction\",\"target\":[\"https:\\\/\\\/offenbacher-friedensinitiative.de\\\/?p=228\"]}]},{\"@type\":\"ImageObject\",\"inLanguage\":\"de\",\"@id\":\"https:\\\/\\\/offenbacher-friedensinitiative.de\\\/?p=228#primaryimage\",\"url\":\"https:\\\/\\\/offenbacher-friedensinitiative.de\\\/wp-content\\\/uploads\\\/2018\\\/12\\\/05.2064.jpg\",\"contentUrl\":\"https:\\\/\\\/offenbacher-friedensinitiative.de\\\/wp-content\\\/uploads\\\/2018\\\/12\\\/05.2064.jpg\",\"width\":1000,\"height\":667,\"caption\":\"Friedensengel\"},{\"@type\":\"BreadcrumbList\",\"@id\":\"https:\\\/\\\/offenbacher-friedensinitiative.de\\\/?p=228#breadcrumb\",\"itemListElement\":[{\"@type\":\"ListItem\",\"position\":1,\"name\":\"Startseite\",\"item\":\"https:\\\/\\\/offenbacher-friedensinitiative.de\\\/\"},{\"@type\":\"ListItem\",\"position\":2,\"name\":\"Friedensengel wurde unterst\u00fctzt\"}]},{\"@type\":\"WebSite\",\"@id\":\"https:\\\/\\\/offenbacher-friedensinitiative.de\\\/#website\",\"url\":\"https:\\\/\\\/offenbacher-friedensinitiative.de\\\/\",\"name\":\"Offenbacher FriedensInitiative\",\"description\":\"Abr\u00fcsten statt Aufr\u00fcsten |- Kriege beenden | R\u00fcstungsexporte stoppen\",\"publisher\":{\"@id\":\"https:\\\/\\\/offenbacher-friedensinitiative.de\\\/#organization\"},\"potentialAction\":[{\"@type\":\"SearchAction\",\"target\":{\"@type\":\"EntryPoint\",\"urlTemplate\":\"https:\\\/\\\/offenbacher-friedensinitiative.de\\\/?s={search_term_string}\"},\"query-input\":{\"@type\":\"PropertyValueSpecification\",\"valueRequired\":true,\"valueName\":\"search_term_string\"}}],\"inLanguage\":\"de\"},{\"@type\":\"Organization\",\"@id\":\"https:\\\/\\\/offenbacher-friedensinitiative.de\\\/#organization\",\"name\":\"Offenbacher Friedensinitiative\",\"url\":\"https:\\\/\\\/offenbacher-friedensinitiative.de\\\/\",\"logo\":{\"@type\":\"ImageObject\",\"inLanguage\":\"de\",\"@id\":\"https:\\\/\\\/offenbacher-friedensinitiative.de\\\/#\\\/schema\\\/logo\\\/image\\\/\",\"url\":\"https:\\\/\\\/offenbacher-friedensinitiative.de\\\/wp-content\\\/uploads\\\/2019\\\/03\\\/cropped-Transparen-logo.jpg\",\"contentUrl\":\"https:\\\/\\\/offenbacher-friedensinitiative.de\\\/wp-content\\\/uploads\\\/2019\\\/03\\\/cropped-Transparen-logo.jpg\",\"width\":1036,\"height\":227,\"caption\":\"Offenbacher Friedensinitiative\"},\"image\":{\"@id\":\"https:\\\/\\\/offenbacher-friedensinitiative.de\\\/#\\\/schema\\\/logo\\\/image\\\/\"}},{\"@type\":\"Person\",\"@id\":\"https:\\\/\\\/offenbacher-friedensinitiative.de\\\/#\\\/schema\\\/person\\\/5ec566fcb70420f878023349a111f19f\",\"name\":\"OFI_WP\"}]}<\/script>\n<!-- \/ Yoast SEO plugin. -->","yoast_head_json":{"title":"Friedensengel wurde unterst\u00fctzt - Offenbacher FriedensInitiative - OFI","description":"Der Friedensengel ist sehr gerupft, betrachtet man die Weltlage. Diese Ansicht best\u00e4tigten uns viele Passanten bei unserem Infostand.","robots":{"index":"index","follow":"follow","max-snippet":"max-snippet:-1","max-image-preview":"max-image-preview:large","max-video-preview":"max-video-preview:-1"},"canonical":"https:\/\/offenbacher-friedensinitiative.de\/?p=228","og_locale":"de_DE","og_type":"article","og_title":"Friedensengel wurde unterst\u00fctzt - Offenbacher FriedensInitiative - OFI","og_description":"Der Friedensengel ist sehr gerupft, betrachtet man die Weltlage. Diese Ansicht best\u00e4tigten uns viele Passanten bei unserem Infostand.","og_url":"https:\/\/offenbacher-friedensinitiative.de\/?p=228","og_site_name":"Offenbacher FriedensInitiative - OFI","article_published_time":"2018-12-17T14:01:26+00:00","article_modified_time":"2020-02-24T15:59:09+00:00","og_image":[{"width":1000,"height":667,"url":"https:\/\/offenbacher-friedensinitiative.de\/wp-content\/uploads\/2018\/12\/05.2064.jpg","type":"image\/jpeg"}],"author":"OFI_WP","twitter_card":"summary_large_image","twitter_misc":{"Verfasst von":"OFI_WP","Gesch\u00e4tzte Lesezeit":"1\u00a0Minute"},"schema":{"@context":"https:\/\/schema.org","@graph":[{"@type":"Article","@id":"https:\/\/offenbacher-friedensinitiative.de\/?p=228#article","isPartOf":{"@id":"https:\/\/offenbacher-friedensinitiative.de\/?p=228"},"author":{"name":"OFI_WP","@id":"https:\/\/offenbacher-friedensinitiative.de\/#\/schema\/person\/5ec566fcb70420f878023349a111f19f"},"headline":"Friedensengel wurde unterst\u00fctzt","datePublished":"2018-12-17T14:01:26+00:00","dateModified":"2020-02-24T15:59:09+00:00","mainEntityOfPage":{"@id":"https:\/\/offenbacher-friedensinitiative.de\/?p=228"},"wordCount":217,"publisher":{"@id":"https:\/\/offenbacher-friedensinitiative.de\/#organization"},"image":{"@id":"https:\/\/offenbacher-friedensinitiative.de\/?p=228#primaryimage"},"thumbnailUrl":"https:\/\/offenbacher-friedensinitiative.de\/wp-content\/uploads\/2018\/12\/05.2064.jpg","keywords":["Abr\u00fcsten statt Aufr\u00fcsten","Abr\u00fcstung","Engelsfl\u00fcgel","Frieden auf Erden","Info-Stand","Offenbach am Main","Offenbacher Friedensinitiative","Stadtsch\u00fclerrat","Unterschriften","Weihnachtsbotschaft"],"articleSection":["Aktionen"],"inLanguage":"de"},{"@type":"WebPage","@id":"https:\/\/offenbacher-friedensinitiative.de\/?p=228","url":"https:\/\/offenbacher-friedensinitiative.de\/?p=228","name":"Friedensengel wurde unterst\u00fctzt - Offenbacher FriedensInitiative - OFI","isPartOf":{"@id":"https:\/\/offenbacher-friedensinitiative.de\/#website"},"primaryImageOfPage":{"@id":"https:\/\/offenbacher-friedensinitiative.de\/?p=228#primaryimage"},"image":{"@id":"https:\/\/offenbacher-friedensinitiative.de\/?p=228#primaryimage"},"thumbnailUrl":"https:\/\/offenbacher-friedensinitiative.de\/wp-content\/uploads\/2018\/12\/05.2064.jpg","datePublished":"2018-12-17T14:01:26+00:00","dateModified":"2020-02-24T15:59:09+00:00","description":"Der Friedensengel ist sehr gerupft, betrachtet man die Weltlage. Diese Ansicht best\u00e4tigten uns viele Passanten bei unserem Infostand.","breadcrumb":{"@id":"https:\/\/offenbacher-friedensinitiative.de\/?p=228#breadcrumb"},"inLanguage":"de","potentialAction":[{"@type":"ReadAction","target":["https:\/\/offenbacher-friedensinitiative.de\/?p=228"]}]},{"@type":"ImageObject","inLanguage":"de","@id":"https:\/\/offenbacher-friedensinitiative.de\/?p=228#primaryimage","url":"https:\/\/offenbacher-friedensinitiative.de\/wp-content\/uploads\/2018\/12\/05.2064.jpg","contentUrl":"https:\/\/offenbacher-friedensinitiative.de\/wp-content\/uploads\/2018\/12\/05.2064.jpg","width":1000,"height":667,"caption":"Friedensengel"},{"@type":"BreadcrumbList","@id":"https:\/\/offenbacher-friedensinitiative.de\/?p=228#breadcrumb","itemListElement":[{"@type":"ListItem","position":1,"name":"Startseite","item":"https:\/\/offenbacher-friedensinitiative.de\/"},{"@type":"ListItem","position":2,"name":"Friedensengel wurde unterst\u00fctzt"}]},{"@type":"WebSite","@id":"https:\/\/offenbacher-friedensinitiative.de\/#website","url":"https:\/\/offenbacher-friedensinitiative.de\/","name":"Offenbacher FriedensInitiative","description":"Abr\u00fcsten statt Aufr\u00fcsten |- Kriege beenden | R\u00fcstungsexporte stoppen","publisher":{"@id":"https:\/\/offenbacher-friedensinitiative.de\/#organization"},"potentialAction":[{"@type":"SearchAction","target":{"@type":"EntryPoint","urlTemplate":"https:\/\/offenbacher-friedensinitiative.de\/?s={search_term_string}"},"query-input":{"@type":"PropertyValueSpecification","valueRequired":true,"valueName":"search_term_string"}}],"inLanguage":"de"},{"@type":"Organization","@id":"https:\/\/offenbacher-friedensinitiative.de\/#organization","name":"Offenbacher Friedensinitiative","url":"https:\/\/offenbacher-friedensinitiative.de\/","logo":{"@type":"ImageObject","inLanguage":"de","@id":"https:\/\/offenbacher-friedensinitiative.de\/#\/schema\/logo\/image\/","url":"https:\/\/offenbacher-friedensinitiative.de\/wp-content\/uploads\/2019\/03\/cropped-Transparen-logo.jpg","contentUrl":"https:\/\/offenbacher-friedensinitiative.de\/wp-content\/uploads\/2019\/03\/cropped-Transparen-logo.jpg","width":1036,"height":227,"caption":"Offenbacher Friedensinitiative"},"image":{"@id":"https:\/\/offenbacher-friedensinitiative.de\/#\/schema\/logo\/image\/"}},{"@type":"Person","@id":"https:\/\/offenbacher-friedensinitiative.de\/#\/schema\/person\/5ec566fcb70420f878023349a111f19f","name":"OFI_WP"}]}},"_links":{"self":[{"href":"https:\/\/offenbacher-friedensinitiative.de\/index.php?rest_route=\/wp\/v2\/posts\/228","targetHints":{"allow":["GET"]}}],"collection":[{"href":"https:\/\/offenbacher-friedensinitiative.de\/index.php?rest_route=\/wp\/v2\/posts"}],"about":[{"href":"https:\/\/offenbacher-friedensinitiative.de\/index.php?rest_route=\/wp\/v2\/types\/post"}],"author":[{"embeddable":true,"href":"https:\/\/offenbacher-friedensinitiative.de\/index.php?rest_route=\/wp\/v2\/users\/1"}],"replies":[{"embeddable":true,"href":"https:\/\/offenbacher-friedensinitiative.de\/index.php?rest_route=%2Fwp%2Fv2%2Fcomments&post=228"}],"version-history":[{"count":10,"href":"https:\/\/offenbacher-friedensinitiative.de\/index.php?rest_route=\/wp\/v2\/posts\/228\/revisions"}],"predecessor-version":[{"id":10976,"href":"https:\/\/offenbacher-friedensinitiative.de\/index.php?rest_route=\/wp\/v2\/posts\/228\/revisions\/10976"}],"wp:featuredmedia":[{"embeddable":true,"href":"https:\/\/offenbacher-friedensinitiative.de\/index.php?rest_route=\/wp\/v2\/media\/230"}],"wp:attachment":[{"href":"https:\/\/offenbacher-friedensinitiative.de\/index.php?rest_route=%2Fwp%2Fv2%2Fmedia&parent=228"}],"wp:term":[{"taxonomy":"category","embeddable":true,"href":"https:\/\/offenbacher-friedensinitiative.de\/index.php?rest_route=%2Fwp%2Fv2%2Fcategories&post=228"},{"taxonomy":"post_tag","embeddable":true,"href":"https:\/\/offenbacher-friedensinitiative.de\/index.php?rest_route=%2Fwp%2Fv2%2Ftags&post=228"}],"curies":[{"name":"wp","href":"https:\/\/api.w.org\/{rel}","templated":true}]}}